{"id":29809,"date":"2024-09-13T10:53:52","date_gmt":"2024-09-13T08:53:52","guid":{"rendered":"https:\/\/www.markt-kom.com\/?p=223265"},"modified":"2024-11-08T09:48:27","modified_gmt":"2024-11-08T08:48:27","slug":"giselle-vaugne-verlaesst-ingo-zuerich","status":"publish","type":"post","link":"https:\/\/www.organisator.ch\/fr\/marketing\/2024-09-13\/giselle-vaugne-verlaesst-ingo-zuerich\/","title":{"rendered":"Giselle Vaugne quitte Ingo Zurich"},"content":{"rendered":"<figure id=\"attachment_223266\" class=\"wp-caption aligncenter\" style=\"width: 1200px\" aria-describedby=\"caption-attachment-223266\"><img class=\"aligncenter wp-image-223266 size-full\" src=\"https:\/\/www.markt-kom.com\/wp-content\/uploads\/2024\/09\/Giselle_Vaugne_Portrait.jpg\" alt=\"Giselle Vaugne \" width=\"1200\" height=\"900\" \/>\r\n<figcaption id=\"caption-attachment-223266\" class=\"wp-caption-text\">(Image : zVg.)<\/figcaption>\r\n<\/figure>\r\n<p>Vaugne a rejoint l'agence en mars 2019 en tant que Client Service Director et a pris de plus en plus de responsabilit\u00e9s au fil de sa carri\u00e8re. Elle a dirig\u00e9 l'ensemble de l'\u00e9quipe de conseil en mati\u00e8re de campagne et de technologie, a \u00e9t\u00e9 nomm\u00e9e COO en novembre 2019 et a dirig\u00e9 l'agence en tant que co-CEO avec Swen Morath depuis 2021.<\/p>\r\n<p>\"Quitter Ingo Zurich a \u00e9t\u00e9 une d\u00e9cision m\u00fbrement r\u00e9fl\u00e9chie, m\u00eame si elle a \u00e9t\u00e9 tr\u00e8s difficile \u00e0 prendre\", a d\u00e9clar\u00e9 Giselle Vaugne dans un communiqu\u00e9. \"Les cinq ans et demi qui viennent de s'\u00e9couler ont \u00e9t\u00e9 extr\u00eamement enrichissants. Ensemble, nous avons fait entrer l'agence dans le top 5 des agences cr\u00e9atives apr\u00e8s son rebranding en Wunderman Thompson, nous avons gagn\u00e9 de nouveaux clients formidables et nous avons \u00e9t\u00e9 r\u00e9compens\u00e9s par des Effies d'or pour nos travaux avec Geberit et EPER\".<\/p>\r\n<p>Le changement de nom en Ingo Zurich au printemps 2024 a \u00e9galement \u00e9t\u00e9 une r\u00e9ussite, poursuit Vaugne, qui regarde avec fiert\u00e9 ce qui a \u00e9t\u00e9 accompli. Mais il est maintenant temps de se lancer dans une nouvelle aventure : \"Apr\u00e8s ces six ann\u00e9es intenses, je souhaite d'abord me concentrer sur ma vie priv\u00e9e, puis me r\u00e9orienter professionnellement \u00e0 partir de 2025\".<\/p>\r\n<p>Le co-CEO et CCO Swen Morath regrette le d\u00e9part de Vaugnes : \"Je vais probablement continuer \u00e0 l'appeler tous les matins en allant \u00e0 l'agence, comme nous l'avons fait quotidiennement au cours des derni\u00e8res ann\u00e9es. <em>(rires)<\/em>. Je suis tr\u00e8s reconnaissante pour la collaboration confiante, constructive et surtout fructueuse. Je souhaite \u00e0 Giselle tout le meilleur pour l'avenir. En m\u00eame temps, je me r\u00e9jouis des prochains mois. Ingo Zurich a plusieurs projets passionnants \u00e0 mener \u00e0 bien avec des clients passionnants. L'\u00e9quipe est tr\u00e8s motiv\u00e9e et, personnellement, je me r\u00e9jouis aussi de travailler en \u00e9troite collaboration avec notre nouveau Global Chief Creative Officer Dan Fisher\".<\/p>\r\n<p>Giselle Vaugne continuera \u00e0 accompagner activement l'agence jusqu'\u00e0 la fin septembre 2024 et transmettra entre-temps ses responsabilit\u00e9s.<\/p>\r\n<p>Ses t\u00e2ches li\u00e9es \u00e0 la client\u00e8le sont actuellement assum\u00e9es par Sandro Tschuor en tant que Chief Client Officer. Tschuor a rejoint l'agence en 2015, apr\u00e8s avoir mis un terme \u00e0 sa carri\u00e8re de hockeyeur professionnel. Durant cette p\u00e9riode, il a dirig\u00e9 des clients nationaux et internationaux tels que PostFinance ou Microsoft et a \u00e9t\u00e9 responsable des march\u00e9s sp\u00e9cialis\u00e9s Migros en tant que WPP Lead.<\/p>","protected":false},"excerpt":{"rendered":"<p>Apr\u00e8s presque six ans pass\u00e9s chez Ingo Zurich - anciennement Wunderman Thompson - Giselle Vaugne a d\u00e9cid\u00e9 de se retirer en tant que co-CEO et COO.<\/p>","protected":false},"author":8,"featured_media":0,"comment_status":"closed","ping_status":"closed","sticky":false,"template":"","format":"standard","meta":{"_acf_changed":false,"_yoast_wpseo_focuskw":"Giselle Vaugne","_yoast_wpseo_metadesc":"Giselle Vaugne verl\u00e4sst Ingo Z\u00fcrich nach erfolgreichen Jahren und Gold-Effies. Sandro Tschuor \u00fcbernimmt als Chief Client Officer.","articlekey":"","footnotes":""},"categories":[29],"tags":[4345,4506,2853],"class_list":["post-29809","post","type-post","status-publish","format-standard","hentry","category-marketing","tag-business","tag-ingo","tag-jobchange"],"acf":[],"yoast_head":"<!-- This site is optimized with the Yoast SEO plugin v27.5 - https:\/\/yoast.com\/product\/yoast-seo-wordpress\/ -->\n<title>Giselle Vaugne verl\u00e4sst Ingo Z\u00fcrich - Organisator<\/title>\n<meta name=\"description\" content=\"Giselle Vaugne verl\u00e4sst Ingo Z\u00fcrich nach erfolgreichen Jahren und Gold-Effies. Sandro Tschuor \u00fcbernimmt als Chief Client Officer.\" \/>\n<meta name=\"robots\" content=\"index, follow, max-snippet:-1, max-image-preview:large, max-video-preview:-1\" \/>\n<link rel=\"canonical\" href=\"https:\/\/www.organisator.ch\/fr\/marketing\/2024-09-13\/giselle-vaugne-verlaesst-ingo-zuerich\/\" \/>\n<meta property=\"og:locale\" content=\"fr_FR\" \/>\n<meta property=\"og:type\" content=\"article\" \/>\n<meta property=\"og:title\" content=\"Giselle Vaugne verl\u00e4sst Ingo Z\u00fcrich - Organisator\" \/>\n<meta property=\"og:description\" content=\"Giselle Vaugne verl\u00e4sst Ingo Z\u00fcrich nach erfolgreichen Jahren und Gold-Effies. Sandro Tschuor \u00fcbernimmt als Chief Client Officer.\" \/>\n<meta property=\"og:url\" content=\"https:\/\/www.organisator.ch\/fr\/marketing\/2024-09-13\/giselle-vaugne-verlaesst-ingo-zuerich\/\" \/>\n<meta property=\"og:site_name\" content=\"Organisator\" \/>\n<meta property=\"article:publisher\" content=\"https:\/\/www.facebook.com\/OrganisatorFachmagazin\" \/>\n<meta property=\"article:published_time\" content=\"2024-09-13T08:53:52+00:00\" \/>\n<meta property=\"article:modified_time\" content=\"2024-11-08T08:48:27+00:00\" \/>\n<meta property=\"og:image\" content=\"https:\/\/www.markt-kom.com\/wp-content\/uploads\/2024\/09\/Giselle_Vaugne_Portrait.jpg\" \/>\n<meta name=\"author\" content=\"galledia\" \/>\n<meta name=\"twitter:card\" content=\"summary_large_image\" \/>\n<meta name=\"twitter:creator\" content=\"@admin\" \/>\n<script type=\"application\/ld+json\" class=\"yoast-schema-graph\">{\"@context\":\"https:\\\/\\\/schema.org\",\"@graph\":[{\"@type\":\"Article\",\"@id\":\"https:\\\/\\\/www.organisator.ch\\\/marketing\\\/2024-09-13\\\/giselle-vaugne-verlaesst-ingo-zuerich\\\/#article\",\"isPartOf\":{\"@id\":\"https:\\\/\\\/www.organisator.ch\\\/marketing\\\/2024-09-13\\\/giselle-vaugne-verlaesst-ingo-zuerich\\\/\"},\"author\":{\"name\":\"galledia\",\"@id\":\"https:\\\/\\\/www.organisator.ch\\\/#\\\/schema\\\/person\\\/4e51799071cd2dd1232ac003643ef5f0\"},\"headline\":\"Giselle Vaugne verl\u00e4sst Ingo Z\u00fcrich\",\"datePublished\":\"2024-09-13T08:53:52+00:00\",\"dateModified\":\"2024-11-08T08:48:27+00:00\",\"mainEntityOfPage\":{\"@id\":\"https:\\\/\\\/www.organisator.ch\\\/marketing\\\/2024-09-13\\\/giselle-vaugne-verlaesst-ingo-zuerich\\\/\"},\"wordCount\":357,\"publisher\":{\"@id\":\"https:\\\/\\\/www.organisator.ch\\\/#organization\"},\"image\":{\"@id\":\"https:\\\/\\\/www.organisator.ch\\\/marketing\\\/2024-09-13\\\/giselle-vaugne-verlaesst-ingo-zuerich\\\/#primaryimage\"},\"thumbnailUrl\":\"https:\\\/\\\/www.markt-kom.com\\\/wp-content\\\/uploads\\\/2024\\\/09\\\/Giselle_Vaugne_Portrait.jpg\",\"keywords\":[\"Business\",\"Ingo\",\"Jobchange\"],\"articleSection\":[\"MARKETING\"],\"inLanguage\":\"fr-FR\"},{\"@type\":\"WebPage\",\"@id\":\"https:\\\/\\\/www.organisator.ch\\\/marketing\\\/2024-09-13\\\/giselle-vaugne-verlaesst-ingo-zuerich\\\/\",\"url\":\"https:\\\/\\\/www.organisator.ch\\\/marketing\\\/2024-09-13\\\/giselle-vaugne-verlaesst-ingo-zuerich\\\/\",\"name\":\"Giselle Vaugne verl\u00e4sst Ingo Z\u00fcrich - Organisator\",\"isPartOf\":{\"@id\":\"https:\\\/\\\/www.organisator.ch\\\/#website\"},\"primaryImageOfPage\":{\"@id\":\"https:\\\/\\\/www.organisator.ch\\\/marketing\\\/2024-09-13\\\/giselle-vaugne-verlaesst-ingo-zuerich\\\/#primaryimage\"},\"image\":{\"@id\":\"https:\\\/\\\/www.organisator.ch\\\/marketing\\\/2024-09-13\\\/giselle-vaugne-verlaesst-ingo-zuerich\\\/#primaryimage\"},\"thumbnailUrl\":\"https:\\\/\\\/www.markt-kom.com\\\/wp-content\\\/uploads\\\/2024\\\/09\\\/Giselle_Vaugne_Portrait.jpg\",\"datePublished\":\"2024-09-13T08:53:52+00:00\",\"dateModified\":\"2024-11-08T08:48:27+00:00\",\"description\":\"Giselle Vaugne verl\u00e4sst Ingo Z\u00fcrich nach erfolgreichen Jahren und Gold-Effies. Sandro Tschuor \u00fcbernimmt als Chief Client Officer.\",\"breadcrumb\":{\"@id\":\"https:\\\/\\\/www.organisator.ch\\\/marketing\\\/2024-09-13\\\/giselle-vaugne-verlaesst-ingo-zuerich\\\/#breadcrumb\"},\"inLanguage\":\"fr-FR\",\"potentialAction\":[{\"@type\":\"ReadAction\",\"target\":[\"https:\\\/\\\/www.organisator.ch\\\/marketing\\\/2024-09-13\\\/giselle-vaugne-verlaesst-ingo-zuerich\\\/\"]}]},{\"@type\":\"ImageObject\",\"inLanguage\":\"fr-FR\",\"@id\":\"https:\\\/\\\/www.organisator.ch\\\/marketing\\\/2024-09-13\\\/giselle-vaugne-verlaesst-ingo-zuerich\\\/#primaryimage\",\"url\":\"https:\\\/\\\/www.markt-kom.com\\\/wp-content\\\/uploads\\\/2024\\\/09\\\/Giselle_Vaugne_Portrait.jpg\",\"contentUrl\":\"https:\\\/\\\/www.markt-kom.com\\\/wp-content\\\/uploads\\\/2024\\\/09\\\/Giselle_Vaugne_Portrait.jpg\"},{\"@type\":\"BreadcrumbList\",\"@id\":\"https:\\\/\\\/www.organisator.ch\\\/marketing\\\/2024-09-13\\\/giselle-vaugne-verlaesst-ingo-zuerich\\\/#breadcrumb\",\"itemListElement\":[{\"@type\":\"ListItem\",\"position\":1,\"name\":\"Home\",\"item\":\"https:\\\/\\\/www.organisator.ch\\\/\"},{\"@type\":\"ListItem\",\"position\":2,\"name\":\"Giselle Vaugne verl\u00e4sst Ingo Z\u00fcrich\"}]},{\"@type\":\"WebSite\",\"@id\":\"https:\\\/\\\/www.organisator.ch\\\/#website\",\"url\":\"https:\\\/\\\/www.organisator.ch\\\/\",\"name\":\"Organisator\",\"description\":\"Kompetent. Praxisnah. Der ORGANISATOR bereitet in 10 Ausgaben pro Jahr die wesentlichen Themen f\u00fcr F\u00fchrungskr\u00e4fte von KMU auf.\",\"publisher\":{\"@id\":\"https:\\\/\\\/www.organisator.ch\\\/#organization\"},\"potentialAction\":[{\"@type\":\"SearchAction\",\"target\":{\"@type\":\"EntryPoint\",\"urlTemplate\":\"https:\\\/\\\/www.organisator.ch\\\/?s={search_term_string}\"},\"query-input\":{\"@type\":\"PropertyValueSpecification\",\"valueRequired\":true,\"valueName\":\"search_term_string\"}}],\"inLanguage\":\"fr-FR\"},{\"@type\":\"Organization\",\"@id\":\"https:\\\/\\\/www.organisator.ch\\\/#organization\",\"name\":\"Organisator\",\"url\":\"https:\\\/\\\/www.organisator.ch\\\/\",\"logo\":{\"@type\":\"ImageObject\",\"inLanguage\":\"fr-FR\",\"@id\":\"https:\\\/\\\/www.organisator.ch\\\/#\\\/schema\\\/logo\\\/image\\\/\",\"url\":\"https:\\\/\\\/www.organisator.ch\\\/wp-content\\\/uploads\\\/2022\\\/01\\\/Logo_Organisator_Website.png\",\"contentUrl\":\"https:\\\/\\\/www.organisator.ch\\\/wp-content\\\/uploads\\\/2022\\\/01\\\/Logo_Organisator_Website.png\",\"width\":800,\"height\":77,\"caption\":\"Organisator\"},\"image\":{\"@id\":\"https:\\\/\\\/www.organisator.ch\\\/#\\\/schema\\\/logo\\\/image\\\/\"},\"sameAs\":[\"https:\\\/\\\/www.facebook.com\\\/OrganisatorFachmagazin\",\"https:\\\/\\\/www.linkedin.com\\\/showcase\\\/organisator-das-magazin-fr-kmu\",\"https:\\\/\\\/www.xing.com\\\/news\\\/pages\\\/organisator-ch-695\",\"https:\\\/\\\/www.youtube.com\\\/channel\\\/UCGP2Sq0iWaZwT3BdIAQFYpw\"]},{\"@type\":\"Person\",\"@id\":\"https:\\\/\\\/www.organisator.ch\\\/#\\\/schema\\\/person\\\/4e51799071cd2dd1232ac003643ef5f0\",\"name\":\"galledia\",\"image\":{\"@type\":\"ImageObject\",\"inLanguage\":\"fr-FR\",\"@id\":\"https:\\\/\\\/secure.gravatar.com\\\/avatar\\\/78a7f90c01fc2bfc875782a0d4922b37cde2cf184ce347b91316d23cd7f69a36?s=96&d=mm&r=g\",\"url\":\"https:\\\/\\\/secure.gravatar.com\\\/avatar\\\/78a7f90c01fc2bfc875782a0d4922b37cde2cf184ce347b91316d23cd7f69a36?s=96&d=mm&r=g\",\"contentUrl\":\"https:\\\/\\\/secure.gravatar.com\\\/avatar\\\/78a7f90c01fc2bfc875782a0d4922b37cde2cf184ce347b91316d23cd7f69a36?s=96&d=mm&r=g\",\"caption\":\"galledia\"},\"sameAs\":[\"https:\\\/\\\/x.com\\\/admin\"],\"url\":\"https:\\\/\\\/www.organisator.ch\\\/fr\\\/author\\\/galledia\\\/\"}]}<\/script>\n<!-- \/ Yoast SEO plugin. -->","yoast_head_json":{"title":"Giselle Vaugne quitte Ingo Z\u00fcrich - Organisateur","description":"Giselle Vaugne quitte Ingo Zurich apr\u00e8s des ann\u00e9es de succ\u00e8s et d'affinit\u00e9s en or. Sandro Tschuor prend la rel\u00e8ve en tant que Chief Client Officer.","robots":{"index":"index","follow":"follow","max-snippet":"max-snippet:-1","max-image-preview":"max-image-preview:large","max-video-preview":"max-video-preview:-1"},"canonical":"https:\/\/www.organisator.ch\/fr\/marketing\/2024-09-13\/giselle-vaugne-verlaesst-ingo-zuerich\/","og_locale":"fr_FR","og_type":"article","og_title":"Giselle Vaugne verl\u00e4sst Ingo Z\u00fcrich - Organisator","og_description":"Giselle Vaugne verl\u00e4sst Ingo Z\u00fcrich nach erfolgreichen Jahren und Gold-Effies. Sandro Tschuor \u00fcbernimmt als Chief Client Officer.","og_url":"https:\/\/www.organisator.ch\/fr\/marketing\/2024-09-13\/giselle-vaugne-verlaesst-ingo-zuerich\/","og_site_name":"Organisator","article_publisher":"https:\/\/www.facebook.com\/OrganisatorFachmagazin","article_published_time":"2024-09-13T08:53:52+00:00","article_modified_time":"2024-11-08T08:48:27+00:00","og_image":[{"url":"https:\/\/www.markt-kom.com\/wp-content\/uploads\/2024\/09\/Giselle_Vaugne_Portrait.jpg","type":"","width":"","height":""}],"author":"galledia","twitter_card":"summary_large_image","twitter_creator":"@admin","schema":{"@context":"https:\/\/schema.org","@graph":[{"@type":"Article","@id":"https:\/\/www.organisator.ch\/marketing\/2024-09-13\/giselle-vaugne-verlaesst-ingo-zuerich\/#article","isPartOf":{"@id":"https:\/\/www.organisator.ch\/marketing\/2024-09-13\/giselle-vaugne-verlaesst-ingo-zuerich\/"},"author":{"name":"galledia","@id":"https:\/\/www.organisator.ch\/#\/schema\/person\/4e51799071cd2dd1232ac003643ef5f0"},"headline":"Giselle Vaugne verl\u00e4sst Ingo Z\u00fcrich","datePublished":"2024-09-13T08:53:52+00:00","dateModified":"2024-11-08T08:48:27+00:00","mainEntityOfPage":{"@id":"https:\/\/www.organisator.ch\/marketing\/2024-09-13\/giselle-vaugne-verlaesst-ingo-zuerich\/"},"wordCount":357,"publisher":{"@id":"https:\/\/www.organisator.ch\/#organization"},"image":{"@id":"https:\/\/www.organisator.ch\/marketing\/2024-09-13\/giselle-vaugne-verlaesst-ingo-zuerich\/#primaryimage"},"thumbnailUrl":"https:\/\/www.markt-kom.com\/wp-content\/uploads\/2024\/09\/Giselle_Vaugne_Portrait.jpg","keywords":["Business","Ingo","Jobchange"],"articleSection":["MARKETING"],"inLanguage":"fr-FR"},{"@type":"WebPage","@id":"https:\/\/www.organisator.ch\/marketing\/2024-09-13\/giselle-vaugne-verlaesst-ingo-zuerich\/","url":"https:\/\/www.organisator.ch\/marketing\/2024-09-13\/giselle-vaugne-verlaesst-ingo-zuerich\/","name":"Giselle Vaugne quitte Ingo Z\u00fcrich - Organisateur","isPartOf":{"@id":"https:\/\/www.organisator.ch\/#website"},"primaryImageOfPage":{"@id":"https:\/\/www.organisator.ch\/marketing\/2024-09-13\/giselle-vaugne-verlaesst-ingo-zuerich\/#primaryimage"},"image":{"@id":"https:\/\/www.organisator.ch\/marketing\/2024-09-13\/giselle-vaugne-verlaesst-ingo-zuerich\/#primaryimage"},"thumbnailUrl":"https:\/\/www.markt-kom.com\/wp-content\/uploads\/2024\/09\/Giselle_Vaugne_Portrait.jpg","datePublished":"2024-09-13T08:53:52+00:00","dateModified":"2024-11-08T08:48:27+00:00","description":"Giselle Vaugne quitte Ingo Zurich apr\u00e8s des ann\u00e9es de succ\u00e8s et d'affinit\u00e9s en or. Sandro Tschuor prend la rel\u00e8ve en tant que Chief Client Officer.","breadcrumb":{"@id":"https:\/\/www.organisator.ch\/marketing\/2024-09-13\/giselle-vaugne-verlaesst-ingo-zuerich\/#breadcrumb"},"inLanguage":"fr-FR","potentialAction":[{"@type":"ReadAction","target":["https:\/\/www.organisator.ch\/marketing\/2024-09-13\/giselle-vaugne-verlaesst-ingo-zuerich\/"]}]},{"@type":"ImageObject","inLanguage":"fr-FR","@id":"https:\/\/www.organisator.ch\/marketing\/2024-09-13\/giselle-vaugne-verlaesst-ingo-zuerich\/#primaryimage","url":"https:\/\/www.markt-kom.com\/wp-content\/uploads\/2024\/09\/Giselle_Vaugne_Portrait.jpg","contentUrl":"https:\/\/www.markt-kom.com\/wp-content\/uploads\/2024\/09\/Giselle_Vaugne_Portrait.jpg"},{"@type":"BreadcrumbList","@id":"https:\/\/www.organisator.ch\/marketing\/2024-09-13\/giselle-vaugne-verlaesst-ingo-zuerich\/#breadcrumb","itemListElement":[{"@type":"ListItem","position":1,"name":"Home","item":"https:\/\/www.organisator.ch\/"},{"@type":"ListItem","position":2,"name":"Giselle Vaugne verl\u00e4sst Ingo Z\u00fcrich"}]},{"@type":"WebSite","@id":"https:\/\/www.organisator.ch\/#website","url":"https:\/\/www.organisator.ch\/","name":"Organisateur","description":"Comp\u00e9tence et comp\u00e9tence. Proches de la pratique. L'ORGANISATEUR pr\u00e9pare 10 num\u00e9ros par an sur les th\u00e8mes essentiels pour les dirigeants de PME.","publisher":{"@id":"https:\/\/www.organisator.ch\/#organization"},"potentialAction":[{"@type":"SearchAction","target":{"@type":"EntryPoint","urlTemplate":"https:\/\/www.organisator.ch\/?s={search_term_string}"},"query-input":{"@type":"PropertyValueSpecification","valueRequired":true,"valueName":"search_term_string"}}],"inLanguage":"fr-FR"},{"@type":"Organization","@id":"https:\/\/www.organisator.ch\/#organization","name":"Organisateur","url":"https:\/\/www.organisator.ch\/","logo":{"@type":"ImageObject","inLanguage":"fr-FR","@id":"https:\/\/www.organisator.ch\/#\/schema\/logo\/image\/","url":"https:\/\/www.organisator.ch\/wp-content\/uploads\/2022\/01\/Logo_Organisator_Website.png","contentUrl":"https:\/\/www.organisator.ch\/wp-content\/uploads\/2022\/01\/Logo_Organisator_Website.png","width":800,"height":77,"caption":"Organisator"},"image":{"@id":"https:\/\/www.organisator.ch\/#\/schema\/logo\/image\/"},"sameAs":["https:\/\/www.facebook.com\/OrganisatorFachmagazin","https:\/\/www.linkedin.com\/showcase\/organisator-das-magazin-fr-kmu","https:\/\/www.xing.com\/news\/pages\/organisator-ch-695","https:\/\/www.youtube.com\/channel\/UCGP2Sq0iWaZwT3BdIAQFYpw"]},{"@type":"Person","@id":"https:\/\/www.organisator.ch\/#\/schema\/person\/4e51799071cd2dd1232ac003643ef5f0","name":"galledia","image":{"@type":"ImageObject","inLanguage":"fr-FR","@id":"https:\/\/secure.gravatar.com\/avatar\/78a7f90c01fc2bfc875782a0d4922b37cde2cf184ce347b91316d23cd7f69a36?s=96&d=mm&r=g","url":"https:\/\/secure.gravatar.com\/avatar\/78a7f90c01fc2bfc875782a0d4922b37cde2cf184ce347b91316d23cd7f69a36?s=96&d=mm&r=g","contentUrl":"https:\/\/secure.gravatar.com\/avatar\/78a7f90c01fc2bfc875782a0d4922b37cde2cf184ce347b91316d23cd7f69a36?s=96&d=mm&r=g","caption":"galledia"},"sameAs":["https:\/\/x.com\/admin"],"url":"https:\/\/www.organisator.ch\/fr\/author\/galledia\/"}]}},"_links":{"self":[{"href":"https:\/\/www.organisator.ch\/fr\/wp-json\/wp\/v2\/posts\/29809","targetHints":{"allow":["GET"]}}],"collection":[{"href":"https:\/\/www.organisator.ch\/fr\/wp-json\/wp\/v2\/posts"}],"about":[{"href":"https:\/\/www.organisator.ch\/fr\/wp-json\/wp\/v2\/types\/post"}],"author":[{"embeddable":true,"href":"https:\/\/www.organisator.ch\/fr\/wp-json\/wp\/v2\/users\/8"}],"replies":[{"embeddable":true,"href":"https:\/\/www.organisator.ch\/fr\/wp-json\/wp\/v2\/comments?post=29809"}],"version-history":[{"count":3,"href":"https:\/\/www.organisator.ch\/fr\/wp-json\/wp\/v2\/posts\/29809\/revisions"}],"predecessor-version":[{"id":31939,"href":"https:\/\/www.organisator.ch\/fr\/wp-json\/wp\/v2\/posts\/29809\/revisions\/31939"}],"wp:attachment":[{"href":"https:\/\/www.organisator.ch\/fr\/wp-json\/wp\/v2\/media?parent=29809"}],"wp:term":[{"taxonomy":"category","embeddable":true,"href":"https:\/\/www.organisator.ch\/fr\/wp-json\/wp\/v2\/categories?post=29809"},{"taxonomy":"post_tag","embeddable":true,"href":"https:\/\/www.organisator.ch\/fr\/wp-json\/wp\/v2\/tags?post=29809"}],"curies":[{"name":"wp","href":"https:\/\/api.w.org\/{rel}","templated":true}]}}