{"id":29843,"date":"2024-09-16T11:30:32","date_gmt":"2024-09-16T09:30:32","guid":{"rendered":"https:\/\/www.organisator.ch\/?p=29843"},"modified":"2024-09-16T11:30:32","modified_gmt":"2024-09-16T09:30:32","slug":"sorge-um-klimawandel-steigt-in-schweizer-unternehmen","status":"publish","type":"post","link":"https:\/\/www.organisator.ch\/fr\/sustainability\/2024-09-16\/sorge-um-klimawandel-steigt-in-schweizer-unternehmen\/","title":{"rendered":"L'inqui\u00e9tude face au changement climatique augmente dans les entreprises suisses"},"content":{"rendered":"<figure id=\"attachment_29844\" aria-describedby=\"caption-attachment-29844\" style=\"width: 680px\" class=\"wp-caption alignnone\"><img loading=\"lazy\" decoding=\"async\" class=\"size-full wp-image-29844\" src=\"https:\/\/www.organisator.ch\/wp-content\/uploads\/2024\/09\/Deloitte_Bild1_ps.jpg\" alt=\"\" width=\"680\" height=\"460\" srcset=\"https:\/\/www.organisator.ch\/wp-content\/uploads\/2024\/09\/Deloitte_Bild1_ps.jpg 680w, https:\/\/www.organisator.ch\/wp-content\/uploads\/2024\/09\/Deloitte_Bild1_ps-18x12.jpg 18w, https:\/\/www.organisator.ch\/wp-content\/uploads\/2024\/09\/Deloitte_Bild1_ps-375x254.jpg 375w, https:\/\/www.organisator.ch\/wp-content\/uploads\/2024\/09\/Deloitte_Bild1_ps-517x350.jpg 517w\" sizes=\"auto, (max-width: 680px) 100vw, 680px\" \/><figcaption id=\"caption-attachment-29844\" class=\"wp-caption-text\">Une grande majorit\u00e9 (82%) des dirigeants d'entreprises suisses s'attend \u00e0 ce que le changement climatique ait un impact sur la strat\u00e9gie et les activit\u00e9s op\u00e9rationnelles de leur entreprise au cours des trois prochaines ann\u00e9es. (Image : www.depositphotos.com)<\/figcaption><\/figure>\n<p>La gestion des cons\u00e9quences du changement climatique repr\u00e9sente l'un des plus grands d\u00e9fis pour les cadres dans le monde entier. En Suisse, pr\u00e8s de la moiti\u00e9 des cadres interrog\u00e9s consid\u00e8rent m\u00eame le changement climatique comme le probl\u00e8me le plus urgent - avant m\u00eame le th\u00e8me de l'innovation et les perspectives \u00e9conomiques. C'est ce qui ressort du dernier rapport sur la durabilit\u00e9 des CxO - une enqu\u00eate men\u00e9e par Deloitte aupr\u00e8s de plus de 2100 membres de direction (CxO) de 27 pays (y compris la Suisse) en 2024. Pour la troisi\u00e8me fois d\u00e9j\u00e0, ces derniers ont \u00e9t\u00e9 interrog\u00e9s sur leur appr\u00e9ciation du changement climatique et sur les mesures prises par leur entreprise \u00e0 cet \u00e9gard.<\/p>\n<p>Selon ce rapport, une grande majorit\u00e9 (82%) des dirigeants d'entreprises suisses s'attendent \u00e0 ce que le changement climatique ait un impact sur la strat\u00e9gie et les activit\u00e9s op\u00e9rationnelles de leur entreprise au cours des trois prochaines ann\u00e9es. Il s'agit d'une nette augmentation par rapport au rapport de durabilit\u00e9 CxO de 2023. Les r\u00e9sultats de l'enqu\u00eate montrent comment cela se r\u00e9percute concr\u00e8tement sur les entreprises d\u00e8s aujourd'hui : les obligations de publication et de rapport en mati\u00e8re de durabilit\u00e9 dans leurs entreprises ainsi que la sensibilisation accrue des collaborateurs aux questions climatiques et l'exigence d'informations plus compl\u00e8tes qui en d\u00e9coule ont notamment \u00e9t\u00e9 cit\u00e9es.<\/p>\n<h3><strong>Investir davantage dans la durabilit\u00e9 <\/strong><\/h3>\n<p>Les directions d'entreprise sont donc conscientes de l'urgence du th\u00e8me de la durabilit\u00e9 et r\u00e9agissent en cons\u00e9quence. Ainsi, les entreprises suisses interrog\u00e9es ont augment\u00e9 l'ann\u00e9e derni\u00e8re leurs investissements dans le domaine de la durabilit\u00e9, et ce non seulement par rapport \u00e0 2023, mais aussi nettement plus que la moyenne mondiale. La plupart des entreprises (83%) ont l\u00e9g\u00e8rement augment\u00e9 leurs investissements - seul un petit pourcentage (6%) a r\u00e9alis\u00e9 une forte augmentation. Mais les investissements ne sont pas les seuls moyens de lutter contre le changement climatique : Environ la moiti\u00e9 des CxO suisses (53%) indiquent qu'ils adaptent le mod\u00e8le commercial de leur entreprise. Dans ce contexte, la durabilit\u00e9 serait un \u00e9l\u00e9ment central de la strat\u00e9gie de l'entreprise. Il s'agit de l'une des valeurs les plus \u00e9lev\u00e9es parmi tous les pays participant \u00e0 l'enqu\u00eate.<\/p>\n<p>\"Il est r\u00e9jouissant de constater que les entreprises prennent la durabilit\u00e9 au s\u00e9rieux et investissent davantage\", d\u00e9clare Reto Savoia, CEO de Deloitte Suisse. \"Nous observons que de plus en plus d'entreprises adaptent leur mod\u00e8le commercial\". Il ne s'agit pas seulement de se conformer aux r\u00e9glementations : \"Les dirigeants reconnaissent le potentiel commercial consid\u00e9rable de la gestion durable, comme par exemple l'utilisation de technologies comme catalyseur pour promouvoir des solutions climatiques. Ils peuvent ainsi stimuler l'innovation et la croissance, cr\u00e9er de nouvelles valeurs pour leurs clients et leurs parties prenantes et se d\u00e9marquer de la concurrence\".<\/p>\n<p>Il convient \u00e9galement de souligner que les entreprises suisses sont aujourd'hui soumises \u00e0 une pression plus forte pour \u00e9tendre leurs mesures de protection du climat. Cette pression provient principalement du conseil d'administration et de la direction (70%), des banques (68%) et de la soci\u00e9t\u00e9 civile (66%). Par rapport \u00e0 l'enqu\u00eate de l'ann\u00e9e derni\u00e8re, on constate ici une nette augmentation.<\/p>\n<h3><strong>Les d\u00e9fis \u00e0 court terme freinent les efforts de durabilit\u00e9 <\/strong><\/h3>\n<p>Bien que la pression soit forte, il existe en m\u00eame temps quelques obstacles \u00e0 la mise en \u0153uvre de mesures de protection du climat - et ceux-ci semblent \u00eatre diff\u00e9rents en Suisse par rapport \u00e0 la moyenne mondiale. Les CxO interrog\u00e9s citent comme principal obstacle la ma\u00eetrise des d\u00e9fis commerciaux \u00e0 court terme et la satisfaction des attentes de leurs investisseurs et actionnaires. L'absence de solutions concr\u00e8tes en mati\u00e8re de durabilit\u00e9 ainsi que l'absence d'un membre de la direction responsable du th\u00e8me de la durabilit\u00e9 sont \u00e9galement cit\u00e9es \u00e0 une certaine distance.<\/p>\n<p>\"Les r\u00e9sultats de notre r\u00e9cente enqu\u00eate CxO montrent que l'int\u00e9gration de la durabilit\u00e9 dans la strat\u00e9gie et les processus commerciaux progresse en Suisse, m\u00eame si ce n'est pas aussi rapidement que souhait\u00e9. Cela peut notamment \u00eatre d\u00fb \u00e0 un changement de priorit\u00e9s \u00e0 court terme compte tenu de la situation mondiale actuelle ou \u00e0 la complexit\u00e9 du paysage r\u00e9glementaire. De nombreuses entreprises consid\u00e8rent la durabilit\u00e9 comme tr\u00e8s importante, mais elles luttent encore contre les changements structurels n\u00e9cessaires \u00e0 cet effet\", explique Liza Engel, Chief Sustainability Officer et membre de la direction de Deloitte Suisse.<\/p>\n<p><em>Source : <a href=\"http:\/\/www.deloitte.com\">www.deloitte.com<\/a><\/em><\/p>","protected":false},"excerpt":{"rendered":"<p>Les dirigeants d'entreprises suisses portent un regard inquiet sur le changement climatique. Le dernier rapport 2024 Deloitte CxO sur le d\u00e9veloppement durable montre que ce th\u00e8me gagne en importance - aussi bien dans la conscience que dans l'action des plus hautes instances de l'entreprise. Ainsi, les entreprises suisses investissent d\u00e9sormais davantage dans la durabilit\u00e9 qu'il y a un an. En outre, la moiti\u00e9 des entreprises interrog\u00e9es sont en train d'adapter leur mod\u00e8le d'entreprise dans le sens de la durabilit\u00e9. Mais le plus grand obstacle que rencontrent les entreprises suisses dans la mise en \u0153uvre de leur strat\u00e9gie de durabilit\u00e9 est la priorit\u00e9 accord\u00e9e aux exigences commerciales actuelles.<\/p>","protected":false},"author":58,"featured_media":29844,"comment_status":"closed","ping_status":"closed","sticky":false,"template":"","format":"standard","meta":{"_acf_changed":false,"_yoast_wpseo_focuskw":"Klimawandel","_yoast_wpseo_metadesc":"Die F\u00fchrungskr\u00e4fte von Schweizer Unternehmen blicken besorgt auf den Klimawandel.","articlekey":"","footnotes":""},"categories":[580],"tags":[1532,1787,487,492],"class_list":["post-29843","post","type-post","status-publish","format-standard","has-post-thumbnail","hentry","category-sustainability","tag-klimawandel","tag-nachhaltigkeit","tag-umfrage","tag-unternehmen"],"acf":[],"yoast_head":"<!-- This site is optimized with the Yoast SEO plugin v27.5 - https:\/\/yoast.com\/product\/yoast-seo-wordpress\/ -->\n<title>Sorge um Klimawandel steigt in Schweizer Unternehmen - Organisator<\/title>\n<meta name=\"description\" content=\"Die F\u00fchrungskr\u00e4fte von Schweizer Unternehmen blicken besorgt auf den Klimawandel.\" \/>\n<meta name=\"robots\" content=\"index, follow, max-snippet:-1, max-image-preview:large, max-video-preview:-1\" \/>\n<link rel=\"canonical\" href=\"https:\/\/www.organisator.ch\/fr\/sustainability\/2024-09-16\/sorge-um-klimawandel-steigt-in-schweizer-unternehmen\/\" \/>\n<meta property=\"og:locale\" content=\"fr_FR\" \/>\n<meta property=\"og:type\" content=\"article\" \/>\n<meta property=\"og:title\" content=\"Sorge um Klimawandel steigt in Schweizer Unternehmen\" \/>\n<meta property=\"og:description\" content=\"Die F\u00fchrungskr\u00e4fte von Schweizer Unternehmen blicken besorgt auf den Klimawandel.\" \/>\n<meta property=\"og:url\" content=\"https:\/\/www.organisator.ch\/fr\/sustainability\/2024-09-16\/sorge-um-klimawandel-steigt-in-schweizer-unternehmen\/\" \/>\n<meta property=\"og:site_name\" content=\"Organisator\" \/>\n<meta property=\"article:publisher\" content=\"https:\/\/www.facebook.com\/OrganisatorFachmagazin\" \/>\n<meta property=\"article:published_time\" content=\"2024-09-16T09:30:32+00:00\" \/>\n<meta property=\"og:image\" content=\"https:\/\/www.organisator.ch\/wp-content\/uploads\/2024\/09\/Deloitte_Bild1_ps.jpg\" \/>\n\t<meta property=\"og:image:width\" content=\"680\" \/>\n\t<meta property=\"og:image:height\" content=\"460\" \/>\n\t<meta property=\"og:image:type\" content=\"image\/jpeg\" \/>\n<meta name=\"author\" content=\"Adelisa Kalajdzini\" \/>\n<meta name=\"twitter:card\" content=\"summary_large_image\" \/>\n<meta name=\"twitter:title\" content=\"Sorge um Klimawandel steigt in Schweizer Unternehmen\" \/>\n<meta name=\"twitter:description\" content=\"Die #F\u00fchrungskr\u00e4fte von #Schweizer #Unternehmen blicken besorgt auf den #Klimawandel.\" \/>\n<meta name=\"twitter:image\" content=\"https:\/\/www.organisator.ch\/wp-content\/uploads\/2024\/09\/Deloitte_Bild1_ps.jpg\" \/>\n<script type=\"application\/ld+json\" class=\"yoast-schema-graph\">{\"@context\":\"https:\\\/\\\/schema.org\",\"@graph\":[{\"@type\":\"Article\",\"@id\":\"https:\\\/\\\/www.organisator.ch\\\/sustainability\\\/2024-09-16\\\/sorge-um-klimawandel-steigt-in-schweizer-unternehmen\\\/#article\",\"isPartOf\":{\"@id\":\"https:\\\/\\\/www.organisator.ch\\\/sustainability\\\/2024-09-16\\\/sorge-um-klimawandel-steigt-in-schweizer-unternehmen\\\/\"},\"author\":{\"name\":\"Adelisa Kalajdzini\",\"@id\":\"https:\\\/\\\/www.organisator.ch\\\/#\\\/schema\\\/person\\\/2e1314a2172123f874db408d8911d3f3\"},\"headline\":\"Sorge um Klimawandel steigt in Schweizer Unternehmen\",\"datePublished\":\"2024-09-16T09:30:32+00:00\",\"mainEntityOfPage\":{\"@id\":\"https:\\\/\\\/www.organisator.ch\\\/sustainability\\\/2024-09-16\\\/sorge-um-klimawandel-steigt-in-schweizer-unternehmen\\\/\"},\"wordCount\":664,\"publisher\":{\"@id\":\"https:\\\/\\\/www.organisator.ch\\\/#organization\"},\"image\":{\"@id\":\"https:\\\/\\\/www.organisator.ch\\\/sustainability\\\/2024-09-16\\\/sorge-um-klimawandel-steigt-in-schweizer-unternehmen\\\/#primaryimage\"},\"thumbnailUrl\":\"https:\\\/\\\/www.organisator.ch\\\/wp-content\\\/uploads\\\/2024\\\/09\\\/Deloitte_Bild1_ps.jpg\",\"keywords\":[\"Klimawandel\",\"Nachhaltigkeit\",\"Umfrage\",\"Unternehmen\"],\"articleSection\":[\"SUSTAINABILITY\"],\"inLanguage\":\"fr-FR\"},{\"@type\":\"WebPage\",\"@id\":\"https:\\\/\\\/www.organisator.ch\\\/sustainability\\\/2024-09-16\\\/sorge-um-klimawandel-steigt-in-schweizer-unternehmen\\\/\",\"url\":\"https:\\\/\\\/www.organisator.ch\\\/sustainability\\\/2024-09-16\\\/sorge-um-klimawandel-steigt-in-schweizer-unternehmen\\\/\",\"name\":\"Sorge um Klimawandel steigt in Schweizer Unternehmen - Organisator\",\"isPartOf\":{\"@id\":\"https:\\\/\\\/www.organisator.ch\\\/#website\"},\"primaryImageOfPage\":{\"@id\":\"https:\\\/\\\/www.organisator.ch\\\/sustainability\\\/2024-09-16\\\/sorge-um-klimawandel-steigt-in-schweizer-unternehmen\\\/#primaryimage\"},\"image\":{\"@id\":\"https:\\\/\\\/www.organisator.ch\\\/sustainability\\\/2024-09-16\\\/sorge-um-klimawandel-steigt-in-schweizer-unternehmen\\\/#primaryimage\"},\"thumbnailUrl\":\"https:\\\/\\\/www.organisator.ch\\\/wp-content\\\/uploads\\\/2024\\\/09\\\/Deloitte_Bild1_ps.jpg\",\"datePublished\":\"2024-09-16T09:30:32+00:00\",\"description\":\"Die F\u00fchrungskr\u00e4fte von Schweizer Unternehmen blicken besorgt auf den Klimawandel.\",\"breadcrumb\":{\"@id\":\"https:\\\/\\\/www.organisator.ch\\\/sustainability\\\/2024-09-16\\\/sorge-um-klimawandel-steigt-in-schweizer-unternehmen\\\/#breadcrumb\"},\"inLanguage\":\"fr-FR\",\"potentialAction\":[{\"@type\":\"ReadAction\",\"target\":[\"https:\\\/\\\/www.organisator.ch\\\/sustainability\\\/2024-09-16\\\/sorge-um-klimawandel-steigt-in-schweizer-unternehmen\\\/\"]}]},{\"@type\":\"ImageObject\",\"inLanguage\":\"fr-FR\",\"@id\":\"https:\\\/\\\/www.organisator.ch\\\/sustainability\\\/2024-09-16\\\/sorge-um-klimawandel-steigt-in-schweizer-unternehmen\\\/#primaryimage\",\"url\":\"https:\\\/\\\/www.organisator.ch\\\/wp-content\\\/uploads\\\/2024\\\/09\\\/Deloitte_Bild1_ps.jpg\",\"contentUrl\":\"https:\\\/\\\/www.organisator.ch\\\/wp-content\\\/uploads\\\/2024\\\/09\\\/Deloitte_Bild1_ps.jpg\",\"width\":680,\"height\":460,\"caption\":\"Eine grosse Mehrheit (82%) der Schweizer Firmenlenker erwartet, dass sich der Klimawandel in den kommenden drei Jahren auf die Strategie und das operative Gesch\u00e4fte ihres Unternehmens auswirken wird. (Bild: www.depositphotos.com)\"},{\"@type\":\"BreadcrumbList\",\"@id\":\"https:\\\/\\\/www.organisator.ch\\\/sustainability\\\/2024-09-16\\\/sorge-um-klimawandel-steigt-in-schweizer-unternehmen\\\/#breadcrumb\",\"itemListElement\":[{\"@type\":\"ListItem\",\"position\":1,\"name\":\"Home\",\"item\":\"https:\\\/\\\/www.organisator.ch\\\/\"},{\"@type\":\"ListItem\",\"position\":2,\"name\":\"Sorge um Klimawandel steigt in Schweizer Unternehmen\"}]},{\"@type\":\"WebSite\",\"@id\":\"https:\\\/\\\/www.organisator.ch\\\/#website\",\"url\":\"https:\\\/\\\/www.organisator.ch\\\/\",\"name\":\"Organisator\",\"description\":\"Kompetent. Praxisnah. Der ORGANISATOR bereitet in 10 Ausgaben pro Jahr die wesentlichen Themen f\u00fcr F\u00fchrungskr\u00e4fte von KMU auf.\",\"publisher\":{\"@id\":\"https:\\\/\\\/www.organisator.ch\\\/#organization\"},\"potentialAction\":[{\"@type\":\"SearchAction\",\"target\":{\"@type\":\"EntryPoint\",\"urlTemplate\":\"https:\\\/\\\/www.organisator.ch\\\/?s={search_term_string}\"},\"query-input\":{\"@type\":\"PropertyValueSpecification\",\"valueRequired\":true,\"valueName\":\"search_term_string\"}}],\"inLanguage\":\"fr-FR\"},{\"@type\":\"Organization\",\"@id\":\"https:\\\/\\\/www.organisator.ch\\\/#organization\",\"name\":\"Organisator\",\"url\":\"https:\\\/\\\/www.organisator.ch\\\/\",\"logo\":{\"@type\":\"ImageObject\",\"inLanguage\":\"fr-FR\",\"@id\":\"https:\\\/\\\/www.organisator.ch\\\/#\\\/schema\\\/logo\\\/image\\\/\",\"url\":\"https:\\\/\\\/www.organisator.ch\\\/wp-content\\\/uploads\\\/2022\\\/01\\\/Logo_Organisator_Website.png\",\"contentUrl\":\"https:\\\/\\\/www.organisator.ch\\\/wp-content\\\/uploads\\\/2022\\\/01\\\/Logo_Organisator_Website.png\",\"width\":800,\"height\":77,\"caption\":\"Organisator\"},\"image\":{\"@id\":\"https:\\\/\\\/www.organisator.ch\\\/#\\\/schema\\\/logo\\\/image\\\/\"},\"sameAs\":[\"https:\\\/\\\/www.facebook.com\\\/OrganisatorFachmagazin\",\"https:\\\/\\\/www.linkedin.com\\\/showcase\\\/organisator-das-magazin-fr-kmu\",\"https:\\\/\\\/www.xing.com\\\/news\\\/pages\\\/organisator-ch-695\",\"https:\\\/\\\/www.youtube.com\\\/channel\\\/UCGP2Sq0iWaZwT3BdIAQFYpw\"]},{\"@type\":\"Person\",\"@id\":\"https:\\\/\\\/www.organisator.ch\\\/#\\\/schema\\\/person\\\/2e1314a2172123f874db408d8911d3f3\",\"name\":\"Adelisa Kalajdzini\",\"image\":{\"@type\":\"ImageObject\",\"inLanguage\":\"fr-FR\",\"@id\":\"https:\\\/\\\/secure.gravatar.com\\\/avatar\\\/09a397c22ac58cad6f160ee8306348599df9df58a8ede73696226897b9fa4b24?s=96&d=mm&r=g\",\"url\":\"https:\\\/\\\/secure.gravatar.com\\\/avatar\\\/09a397c22ac58cad6f160ee8306348599df9df58a8ede73696226897b9fa4b24?s=96&d=mm&r=g\",\"contentUrl\":\"https:\\\/\\\/secure.gravatar.com\\\/avatar\\\/09a397c22ac58cad6f160ee8306348599df9df58a8ede73696226897b9fa4b24?s=96&d=mm&r=g\",\"caption\":\"Adelisa Kalajdzini\"},\"url\":\"https:\\\/\\\/www.organisator.ch\\\/fr\\\/author\\\/adelisa-kalajdzini\\\/\"}]}<\/script>\n<!-- \/ Yoast SEO plugin. -->","yoast_head_json":{"title":"L'inqui\u00e9tude face au changement climatique augmente dans les entreprises suisses - Organisateur","description":"Les dirigeants d'entreprises suisses portent un regard inquiet sur le changement climatique.","robots":{"index":"index","follow":"follow","max-snippet":"max-snippet:-1","max-image-preview":"max-image-preview:large","max-video-preview":"max-video-preview:-1"},"canonical":"https:\/\/www.organisator.ch\/fr\/sustainability\/2024-09-16\/sorge-um-klimawandel-steigt-in-schweizer-unternehmen\/","og_locale":"fr_FR","og_type":"article","og_title":"Sorge um Klimawandel steigt in Schweizer Unternehmen","og_description":"Die F\u00fchrungskr\u00e4fte von Schweizer Unternehmen blicken besorgt auf den Klimawandel.","og_url":"https:\/\/www.organisator.ch\/fr\/sustainability\/2024-09-16\/sorge-um-klimawandel-steigt-in-schweizer-unternehmen\/","og_site_name":"Organisator","article_publisher":"https:\/\/www.facebook.com\/OrganisatorFachmagazin","article_published_time":"2024-09-16T09:30:32+00:00","og_image":[{"width":680,"height":460,"url":"https:\/\/www.organisator.ch\/wp-content\/uploads\/2024\/09\/Deloitte_Bild1_ps.jpg","type":"image\/jpeg"}],"author":"Adelisa Kalajdzini","twitter_card":"summary_large_image","twitter_title":"Sorge um Klimawandel steigt in Schweizer Unternehmen","twitter_description":"Die #F\u00fchrungskr\u00e4fte von #Schweizer #Unternehmen blicken besorgt auf den #Klimawandel.","twitter_image":"https:\/\/www.organisator.ch\/wp-content\/uploads\/2024\/09\/Deloitte_Bild1_ps.jpg","schema":{"@context":"https:\/\/schema.org","@graph":[{"@type":"Article","@id":"https:\/\/www.organisator.ch\/sustainability\/2024-09-16\/sorge-um-klimawandel-steigt-in-schweizer-unternehmen\/#article","isPartOf":{"@id":"https:\/\/www.organisator.ch\/sustainability\/2024-09-16\/sorge-um-klimawandel-steigt-in-schweizer-unternehmen\/"},"author":{"name":"Adelisa Kalajdzini","@id":"https:\/\/www.organisator.ch\/#\/schema\/person\/2e1314a2172123f874db408d8911d3f3"},"headline":"Sorge um Klimawandel steigt in Schweizer Unternehmen","datePublished":"2024-09-16T09:30:32+00:00","mainEntityOfPage":{"@id":"https:\/\/www.organisator.ch\/sustainability\/2024-09-16\/sorge-um-klimawandel-steigt-in-schweizer-unternehmen\/"},"wordCount":664,"publisher":{"@id":"https:\/\/www.organisator.ch\/#organization"},"image":{"@id":"https:\/\/www.organisator.ch\/sustainability\/2024-09-16\/sorge-um-klimawandel-steigt-in-schweizer-unternehmen\/#primaryimage"},"thumbnailUrl":"https:\/\/www.organisator.ch\/wp-content\/uploads\/2024\/09\/Deloitte_Bild1_ps.jpg","keywords":["Klimawandel","Nachhaltigkeit","Umfrage","Unternehmen"],"articleSection":["SUSTAINABILITY"],"inLanguage":"fr-FR"},{"@type":"WebPage","@id":"https:\/\/www.organisator.ch\/sustainability\/2024-09-16\/sorge-um-klimawandel-steigt-in-schweizer-unternehmen\/","url":"https:\/\/www.organisator.ch\/sustainability\/2024-09-16\/sorge-um-klimawandel-steigt-in-schweizer-unternehmen\/","name":"L'inqui\u00e9tude face au changement climatique augmente dans les entreprises suisses - Organisateur","isPartOf":{"@id":"https:\/\/www.organisator.ch\/#website"},"primaryImageOfPage":{"@id":"https:\/\/www.organisator.ch\/sustainability\/2024-09-16\/sorge-um-klimawandel-steigt-in-schweizer-unternehmen\/#primaryimage"},"image":{"@id":"https:\/\/www.organisator.ch\/sustainability\/2024-09-16\/sorge-um-klimawandel-steigt-in-schweizer-unternehmen\/#primaryimage"},"thumbnailUrl":"https:\/\/www.organisator.ch\/wp-content\/uploads\/2024\/09\/Deloitte_Bild1_ps.jpg","datePublished":"2024-09-16T09:30:32+00:00","description":"Les dirigeants d'entreprises suisses portent un regard inquiet sur le changement climatique.","breadcrumb":{"@id":"https:\/\/www.organisator.ch\/sustainability\/2024-09-16\/sorge-um-klimawandel-steigt-in-schweizer-unternehmen\/#breadcrumb"},"inLanguage":"fr-FR","potentialAction":[{"@type":"ReadAction","target":["https:\/\/www.organisator.ch\/sustainability\/2024-09-16\/sorge-um-klimawandel-steigt-in-schweizer-unternehmen\/"]}]},{"@type":"ImageObject","inLanguage":"fr-FR","@id":"https:\/\/www.organisator.ch\/sustainability\/2024-09-16\/sorge-um-klimawandel-steigt-in-schweizer-unternehmen\/#primaryimage","url":"https:\/\/www.organisator.ch\/wp-content\/uploads\/2024\/09\/Deloitte_Bild1_ps.jpg","contentUrl":"https:\/\/www.organisator.ch\/wp-content\/uploads\/2024\/09\/Deloitte_Bild1_ps.jpg","width":680,"height":460,"caption":"Eine grosse Mehrheit (82%) der Schweizer Firmenlenker erwartet, dass sich der Klimawandel in den kommenden drei Jahren auf die Strategie und das operative Gesch\u00e4fte ihres Unternehmens auswirken wird. (Bild: www.depositphotos.com)"},{"@type":"BreadcrumbList","@id":"https:\/\/www.organisator.ch\/sustainability\/2024-09-16\/sorge-um-klimawandel-steigt-in-schweizer-unternehmen\/#breadcrumb","itemListElement":[{"@type":"ListItem","position":1,"name":"Home","item":"https:\/\/www.organisator.ch\/"},{"@type":"ListItem","position":2,"name":"Sorge um Klimawandel steigt in Schweizer Unternehmen"}]},{"@type":"WebSite","@id":"https:\/\/www.organisator.ch\/#website","url":"https:\/\/www.organisator.ch\/","name":"Organisateur","description":"Comp\u00e9tence et comp\u00e9tence. Proches de la pratique. L'ORGANISATEUR pr\u00e9pare 10 num\u00e9ros par an sur les th\u00e8mes essentiels pour les dirigeants de PME.","publisher":{"@id":"https:\/\/www.organisator.ch\/#organization"},"potentialAction":[{"@type":"SearchAction","target":{"@type":"EntryPoint","urlTemplate":"https:\/\/www.organisator.ch\/?s={search_term_string}"},"query-input":{"@type":"PropertyValueSpecification","valueRequired":true,"valueName":"search_term_string"}}],"inLanguage":"fr-FR"},{"@type":"Organization","@id":"https:\/\/www.organisator.ch\/#organization","name":"Organisateur","url":"https:\/\/www.organisator.ch\/","logo":{"@type":"ImageObject","inLanguage":"fr-FR","@id":"https:\/\/www.organisator.ch\/#\/schema\/logo\/image\/","url":"https:\/\/www.organisator.ch\/wp-content\/uploads\/2022\/01\/Logo_Organisator_Website.png","contentUrl":"https:\/\/www.organisator.ch\/wp-content\/uploads\/2022\/01\/Logo_Organisator_Website.png","width":800,"height":77,"caption":"Organisator"},"image":{"@id":"https:\/\/www.organisator.ch\/#\/schema\/logo\/image\/"},"sameAs":["https:\/\/www.facebook.com\/OrganisatorFachmagazin","https:\/\/www.linkedin.com\/showcase\/organisator-das-magazin-fr-kmu","https:\/\/www.xing.com\/news\/pages\/organisator-ch-695","https:\/\/www.youtube.com\/channel\/UCGP2Sq0iWaZwT3BdIAQFYpw"]},{"@type":"Person","@id":"https:\/\/www.organisator.ch\/#\/schema\/person\/2e1314a2172123f874db408d8911d3f3","name":"Adelisa Kalajdzini","image":{"@type":"ImageObject","inLanguage":"fr-FR","@id":"https:\/\/secure.gravatar.com\/avatar\/09a397c22ac58cad6f160ee8306348599df9df58a8ede73696226897b9fa4b24?s=96&d=mm&r=g","url":"https:\/\/secure.gravatar.com\/avatar\/09a397c22ac58cad6f160ee8306348599df9df58a8ede73696226897b9fa4b24?s=96&d=mm&r=g","contentUrl":"https:\/\/secure.gravatar.com\/avatar\/09a397c22ac58cad6f160ee8306348599df9df58a8ede73696226897b9fa4b24?s=96&d=mm&r=g","caption":"Adelisa Kalajdzini"},"url":"https:\/\/www.organisator.ch\/fr\/author\/adelisa-kalajdzini\/"}]}},"_links":{"self":[{"href":"https:\/\/www.organisator.ch\/fr\/wp-json\/wp\/v2\/posts\/29843","targetHints":{"allow":["GET"]}}],"collection":[{"href":"https:\/\/www.organisator.ch\/fr\/wp-json\/wp\/v2\/posts"}],"about":[{"href":"https:\/\/www.organisator.ch\/fr\/wp-json\/wp\/v2\/types\/post"}],"author":[{"embeddable":true,"href":"https:\/\/www.organisator.ch\/fr\/wp-json\/wp\/v2\/users\/58"}],"replies":[{"embeddable":true,"href":"https:\/\/www.organisator.ch\/fr\/wp-json\/wp\/v2\/comments?post=29843"}],"version-history":[{"count":2,"href":"https:\/\/www.organisator.ch\/fr\/wp-json\/wp\/v2\/posts\/29843\/revisions"}],"predecessor-version":[{"id":29859,"href":"https:\/\/www.organisator.ch\/fr\/wp-json\/wp\/v2\/posts\/29843\/revisions\/29859"}],"wp:featuredmedia":[{"embeddable":true,"href":"https:\/\/www.organisator.ch\/fr\/wp-json\/wp\/v2\/media\/29844"}],"wp:attachment":[{"href":"https:\/\/www.organisator.ch\/fr\/wp-json\/wp\/v2\/media?parent=29843"}],"wp:term":[{"taxonomy":"category","embeddable":true,"href":"https:\/\/www.organisator.ch\/fr\/wp-json\/wp\/v2\/categories?post=29843"},{"taxonomy":"post_tag","embeddable":true,"href":"https:\/\/www.organisator.ch\/fr\/wp-json\/wp\/v2\/tags?post=29843"}],"curies":[{"name":"wp","href":"https:\/\/api.w.org\/{rel}","templated":true}]}}