{"id":29863,"date":"2024-09-17T08:56:22","date_gmt":"2024-09-17T06:56:22","guid":{"rendered":"https:\/\/www.markt-kom.com\/?p=223443"},"modified":"2024-11-08T09:31:08","modified_gmt":"2024-11-08T08:31:08","slug":"staenderat-beharrt-auf-ausnahmen-bei-werbung-fuer-zigaretten","status":"publish","type":"post","link":"https:\/\/www.organisator.ch\/fr\/marketing\/2024-09-17\/staenderat-beharrt-auf-ausnahmen-bei-werbung-fuer-zigaretten\/","title":{"rendered":"Le Conseil des Etats insiste sur les exceptions en mati\u00e8re de publicit\u00e9 pour les cigarettes"},"content":{"rendered":"<p><img class=\"aligncenter wp-image-149804 size-full\" src=\"https:\/\/www.markt-kom.com\/wp-content\/uploads\/2021\/06\/bundeshaus-zigarette.jpg\" alt=\"Publicit\u00e9 pour le tabac\" width=\"996\" height=\"560\" \/><\/p>\r\n<p>Lors du vote final, la Chambre des cantons a adopt\u00e9 le projet par 28 voix contre 12 et 4 abstentions. Les d\u00e9cisions pr\u00e9c\u00e9dentes ont toutefois \u00e9t\u00e9 prises en partie de mani\u00e8re relativement serr\u00e9e, \u00e0 quelques voix pr\u00e8s.<\/p>\r\n<p>Avec la r\u00e9vision de la loi, le Conseil f\u00e9d\u00e9ral veut faire en sorte que la publicit\u00e9 pour les produits du tabac et les cigarettes \u00e9lectroniques n'atteigne plus les enfants et les jeunes, comme le prescrit la Constitution.<\/p>\r\n<p>Comme \u00e0 l'automne 2023, la Chambre basse s'est prononc\u00e9e en faveur de l'inscription dans la loi d'exceptions pour le personnel de vente mobile dans les lieux accessibles au public. En outre, la publicit\u00e9 pour le tabac dans les lieux accessibles au public et le parrainage de manifestations doivent rester autoris\u00e9s, \u00e0 condition que la publicit\u00e9 sur place ne soit ni accessible ni visible pour les mineurs.<\/p>\r\n<h3><strong>Pas de r\u00e8gles sp\u00e9cifiques pour les cigares<\/strong><\/h3>\r\n<p>Lors du deuxi\u00e8me traitement de l'affaire, le Conseil des Etats a seulement renforc\u00e9 la formulation d'une disposition d'exception. Il a toutefois rejet\u00e9 les propositions minoritaires visant \u00e0 suivre le gouvernement national et \u00e0 renoncer aux exceptions, \u00e0 une exception pr\u00e8s.<\/p>\r\n<p>La Chambre basse voulait initialement continuer \u00e0 autoriser la promotion directe et personnelle des cigares et cigarillos. Lors de la deuxi\u00e8me d\u00e9lib\u00e9ration, elle est revenue sur sa d\u00e9cision \u00e0 une voix de majorit\u00e9.<\/p>\r\n<p>Matthias Michel souhaitait une autre exception : la publicit\u00e9 \u00e0 l'int\u00e9rieur des magazines et des journaux devait rester autoris\u00e9e, \u00e0 condition qu'ils soient vendus principalement par abonnement et que leur lectorat soit compos\u00e9 d'au moins 95% d'adultes. Sa proposition individuelle a \u00e9t\u00e9 rejet\u00e9e par 23 voix contre 21 et une abstention.<\/p>\r\n<h3>\"La publicit\u00e9 pour le tabac omnipr\u00e9sente\"<\/h3>\r\n<p>Le d\u00e9bat a \u00e9galement port\u00e9 sur des questions fondamentales. \"Nous devons aujourd'hui montrer de quel c\u00f4t\u00e9 nous nous trouvons\", a d\u00e9clar\u00e9 Flavia Wasserfallen (PS\/BE), qui a plaid\u00e9 sans succ\u00e8s pour une r\u00e9glementation restrictive. Aujourd'hui, la publicit\u00e9 pour le tabac est omnipr\u00e9sente. Et la Suisse est \u00e0 la tra\u00eene dans le domaine de la r\u00e9glementation.<\/p>\r\n<p>Lors de l'examen de l'initiative, il n'a pas \u00e9t\u00e9 contest\u00e9 que celle-ci visait \u00e9galement le sponsoring de manifestations ou l'engagement de personnel de vente mobile, a d\u00e9clar\u00e9 Wasserfallen. Elle a critiqu\u00e9 les exceptions propos\u00e9es concernant les manifestations, les jugeant impraticables.<\/p>\r\n<p>Hannes Germann (UDC\/SH) a rejet\u00e9 le reproche selon lequel le Conseil des Etats voulait contourner l'initiative. Il a argument\u00e9 que les jeunes consomment aussi du cannabis, bien que la publicit\u00e9 pour celui-ci soit interdite en Suisse.<\/p>\r\n<h3>Retour au Conseil national<\/h3>\r\n<p>La ministre de la Sant\u00e9 Elisabeth Baume-Schneider a en revanche d\u00e9clar\u00e9 que l'\u00e9volution de la proportion de fumeurs, par exemple en Grande-Bretagne, montre que les restrictions en mati\u00e8re de publicit\u00e9 sont efficaces.<\/p>\r\n<p>La balle est maintenant dans le camp du Conseil national. Lors du premier examen de l'objet en f\u00e9vrier, il avait refus\u00e9 le projet lors du vote sur l'ensemble. Cela revenait \u00e0 une d\u00e9cision de non-entr\u00e9e en mati\u00e8re. Pour l'UDC, les interdictions de publicit\u00e9 pr\u00e9vues allaient trop loin. La gauche, quant \u00e0 elle, estimait que les exceptions pr\u00e9vues n'\u00e9taient pas conformes \u00e0 la Constitution et demandait des r\u00e8gles plus strictes. Au Conseil des Etats, Germann a parl\u00e9 d'une \"alliance contre nature\" au sein de la Chambre haute.<\/p>\r\n<p>Si le Conseil national rejette une deuxi\u00e8me fois le projet ou n'entre pas en mati\u00e8re, l'affaire est close. Le Parlement devrait alors commencer la mise en \u0153uvre du nouvel article constitutionnel \u00e0 la case 1. <em>(SDA\/swi)<\/em><\/p>","protected":false},"excerpt":{"rendered":"<p>Le Conseil des Etats ne veut toujours pas d'une interdiction compl\u00e8te de la publicit\u00e9 pour mettre en \u0153uvre l'initiative populaire \"Oui \u00e0 la protection des enfants et des jeunes contre la publicit\u00e9 pour le tabac\". Lundi, il a maintenu ses d\u00e9cisions ant\u00e9rieures et a laiss\u00e9 des dispositions d'exception dans la loi.<\/p>","protected":false},"author":8,"featured_media":0,"comment_status":"closed","ping_status":"closed","sticky":false,"template":"","format":"standard","meta":{"_acf_changed":false,"_yoast_wpseo_focuskw":"Tabakwerbung Gesetzesrevision Schweiz 2024","_yoast_wpseo_metadesc":"Schweiz: Gesetzesrevision zur Tabakwerbung 2024 soll Jugendliche sch\u00fctzen. Nationalrat pr\u00fcft Vorlage erneut.","articlekey":"","footnotes":""},"categories":[29],"tags":[4345,386,3699],"class_list":["post-29863","post","type-post","status-publish","format-standard","hentry","category-marketing","tag-business","tag-politik","tag-tabakwerbung"],"acf":[],"yoast_head":"<!-- This site is optimized with the Yoast SEO plugin v27.5 - https:\/\/yoast.com\/product\/yoast-seo-wordpress\/ -->\n<title>St\u00e4nderat beharrt auf Ausnahmen bei Werbung f\u00fcr Zigaretten - Organisator<\/title>\n<meta name=\"description\" content=\"Schweiz: Gesetzesrevision zur Tabakwerbung 2024 soll Jugendliche sch\u00fctzen. Nationalrat pr\u00fcft Vorlage erneut.\" \/>\n<meta name=\"robots\" content=\"index, follow, max-snippet:-1, max-image-preview:large, max-video-preview:-1\" \/>\n<link rel=\"canonical\" href=\"https:\/\/www.organisator.ch\/fr\/marketing\/2024-09-17\/staenderat-beharrt-auf-ausnahmen-bei-werbung-fuer-zigaretten\/\" \/>\n<meta property=\"og:locale\" content=\"fr_FR\" \/>\n<meta property=\"og:type\" content=\"article\" \/>\n<meta property=\"og:title\" content=\"St\u00e4nderat beharrt auf Ausnahmen bei Werbung f\u00fcr Zigaretten - Organisator\" \/>\n<meta property=\"og:description\" content=\"Schweiz: Gesetzesrevision zur Tabakwerbung 2024 soll Jugendliche sch\u00fctzen. Nationalrat pr\u00fcft Vorlage erneut.\" \/>\n<meta property=\"og:url\" content=\"https:\/\/www.organisator.ch\/fr\/marketing\/2024-09-17\/staenderat-beharrt-auf-ausnahmen-bei-werbung-fuer-zigaretten\/\" \/>\n<meta property=\"og:site_name\" content=\"Organisator\" \/>\n<meta property=\"article:publisher\" content=\"https:\/\/www.facebook.com\/OrganisatorFachmagazin\" \/>\n<meta property=\"article:published_time\" content=\"2024-09-17T06:56:22+00:00\" \/>\n<meta property=\"article:modified_time\" content=\"2024-11-08T08:31:08+00:00\" \/>\n<meta property=\"og:image\" content=\"https:\/\/www.markt-kom.com\/wp-content\/uploads\/2021\/06\/bundeshaus-zigarette.jpg\" \/>\n<meta name=\"author\" content=\"galledia\" \/>\n<meta name=\"twitter:card\" content=\"summary_large_image\" \/>\n<meta name=\"twitter:creator\" content=\"@admin\" \/>\n<script type=\"application\/ld+json\" class=\"yoast-schema-graph\">{\"@context\":\"https:\\\/\\\/schema.org\",\"@graph\":[{\"@type\":\"Article\",\"@id\":\"https:\\\/\\\/www.organisator.ch\\\/marketing\\\/2024-09-17\\\/staenderat-beharrt-auf-ausnahmen-bei-werbung-fuer-zigaretten\\\/#article\",\"isPartOf\":{\"@id\":\"https:\\\/\\\/www.organisator.ch\\\/marketing\\\/2024-09-17\\\/staenderat-beharrt-auf-ausnahmen-bei-werbung-fuer-zigaretten\\\/\"},\"author\":{\"name\":\"galledia\",\"@id\":\"https:\\\/\\\/www.organisator.ch\\\/#\\\/schema\\\/person\\\/4e51799071cd2dd1232ac003643ef5f0\"},\"headline\":\"St\u00e4nderat beharrt auf Ausnahmen bei Werbung f\u00fcr Zigaretten\",\"datePublished\":\"2024-09-17T06:56:22+00:00\",\"dateModified\":\"2024-11-08T08:31:08+00:00\",\"mainEntityOfPage\":{\"@id\":\"https:\\\/\\\/www.organisator.ch\\\/marketing\\\/2024-09-17\\\/staenderat-beharrt-auf-ausnahmen-bei-werbung-fuer-zigaretten\\\/\"},\"wordCount\":481,\"publisher\":{\"@id\":\"https:\\\/\\\/www.organisator.ch\\\/#organization\"},\"image\":{\"@id\":\"https:\\\/\\\/www.organisator.ch\\\/marketing\\\/2024-09-17\\\/staenderat-beharrt-auf-ausnahmen-bei-werbung-fuer-zigaretten\\\/#primaryimage\"},\"thumbnailUrl\":\"https:\\\/\\\/www.markt-kom.com\\\/wp-content\\\/uploads\\\/2021\\\/06\\\/bundeshaus-zigarette.jpg\",\"keywords\":[\"Business\",\"Politik\",\"Tabakwerbung\"],\"articleSection\":[\"MARKETING\"],\"inLanguage\":\"fr-FR\"},{\"@type\":\"WebPage\",\"@id\":\"https:\\\/\\\/www.organisator.ch\\\/marketing\\\/2024-09-17\\\/staenderat-beharrt-auf-ausnahmen-bei-werbung-fuer-zigaretten\\\/\",\"url\":\"https:\\\/\\\/www.organisator.ch\\\/marketing\\\/2024-09-17\\\/staenderat-beharrt-auf-ausnahmen-bei-werbung-fuer-zigaretten\\\/\",\"name\":\"St\u00e4nderat beharrt auf Ausnahmen bei Werbung f\u00fcr Zigaretten - Organisator\",\"isPartOf\":{\"@id\":\"https:\\\/\\\/www.organisator.ch\\\/#website\"},\"primaryImageOfPage\":{\"@id\":\"https:\\\/\\\/www.organisator.ch\\\/marketing\\\/2024-09-17\\\/staenderat-beharrt-auf-ausnahmen-bei-werbung-fuer-zigaretten\\\/#primaryimage\"},\"image\":{\"@id\":\"https:\\\/\\\/www.organisator.ch\\\/marketing\\\/2024-09-17\\\/staenderat-beharrt-auf-ausnahmen-bei-werbung-fuer-zigaretten\\\/#primaryimage\"},\"thumbnailUrl\":\"https:\\\/\\\/www.markt-kom.com\\\/wp-content\\\/uploads\\\/2021\\\/06\\\/bundeshaus-zigarette.jpg\",\"datePublished\":\"2024-09-17T06:56:22+00:00\",\"dateModified\":\"2024-11-08T08:31:08+00:00\",\"description\":\"Schweiz: Gesetzesrevision zur Tabakwerbung 2024 soll Jugendliche sch\u00fctzen. Nationalrat pr\u00fcft Vorlage erneut.\",\"breadcrumb\":{\"@id\":\"https:\\\/\\\/www.organisator.ch\\\/marketing\\\/2024-09-17\\\/staenderat-beharrt-auf-ausnahmen-bei-werbung-fuer-zigaretten\\\/#breadcrumb\"},\"inLanguage\":\"fr-FR\",\"potentialAction\":[{\"@type\":\"ReadAction\",\"target\":[\"https:\\\/\\\/www.organisator.ch\\\/marketing\\\/2024-09-17\\\/staenderat-beharrt-auf-ausnahmen-bei-werbung-fuer-zigaretten\\\/\"]}]},{\"@type\":\"ImageObject\",\"inLanguage\":\"fr-FR\",\"@id\":\"https:\\\/\\\/www.organisator.ch\\\/marketing\\\/2024-09-17\\\/staenderat-beharrt-auf-ausnahmen-bei-werbung-fuer-zigaretten\\\/#primaryimage\",\"url\":\"https:\\\/\\\/www.markt-kom.com\\\/wp-content\\\/uploads\\\/2021\\\/06\\\/bundeshaus-zigarette.jpg\",\"contentUrl\":\"https:\\\/\\\/www.markt-kom.com\\\/wp-content\\\/uploads\\\/2021\\\/06\\\/bundeshaus-zigarette.jpg\"},{\"@type\":\"BreadcrumbList\",\"@id\":\"https:\\\/\\\/www.organisator.ch\\\/marketing\\\/2024-09-17\\\/staenderat-beharrt-auf-ausnahmen-bei-werbung-fuer-zigaretten\\\/#breadcrumb\",\"itemListElement\":[{\"@type\":\"ListItem\",\"position\":1,\"name\":\"Home\",\"item\":\"https:\\\/\\\/www.organisator.ch\\\/\"},{\"@type\":\"ListItem\",\"position\":2,\"name\":\"St\u00e4nderat beharrt auf Ausnahmen bei Werbung f\u00fcr Zigaretten\"}]},{\"@type\":\"WebSite\",\"@id\":\"https:\\\/\\\/www.organisator.ch\\\/#website\",\"url\":\"https:\\\/\\\/www.organisator.ch\\\/\",\"name\":\"Organisator\",\"description\":\"Kompetent. Praxisnah. Der ORGANISATOR bereitet in 10 Ausgaben pro Jahr die wesentlichen Themen f\u00fcr F\u00fchrungskr\u00e4fte von KMU auf.\",\"publisher\":{\"@id\":\"https:\\\/\\\/www.organisator.ch\\\/#organization\"},\"potentialAction\":[{\"@type\":\"SearchAction\",\"target\":{\"@type\":\"EntryPoint\",\"urlTemplate\":\"https:\\\/\\\/www.organisator.ch\\\/?s={search_term_string}\"},\"query-input\":{\"@type\":\"PropertyValueSpecification\",\"valueRequired\":true,\"valueName\":\"search_term_string\"}}],\"inLanguage\":\"fr-FR\"},{\"@type\":\"Organization\",\"@id\":\"https:\\\/\\\/www.organisator.ch\\\/#organization\",\"name\":\"Organisator\",\"url\":\"https:\\\/\\\/www.organisator.ch\\\/\",\"logo\":{\"@type\":\"ImageObject\",\"inLanguage\":\"fr-FR\",\"@id\":\"https:\\\/\\\/www.organisator.ch\\\/#\\\/schema\\\/logo\\\/image\\\/\",\"url\":\"https:\\\/\\\/www.organisator.ch\\\/wp-content\\\/uploads\\\/2022\\\/01\\\/Logo_Organisator_Website.png\",\"contentUrl\":\"https:\\\/\\\/www.organisator.ch\\\/wp-content\\\/uploads\\\/2022\\\/01\\\/Logo_Organisator_Website.png\",\"width\":800,\"height\":77,\"caption\":\"Organisator\"},\"image\":{\"@id\":\"https:\\\/\\\/www.organisator.ch\\\/#\\\/schema\\\/logo\\\/image\\\/\"},\"sameAs\":[\"https:\\\/\\\/www.facebook.com\\\/OrganisatorFachmagazin\",\"https:\\\/\\\/www.linkedin.com\\\/showcase\\\/organisator-das-magazin-fr-kmu\",\"https:\\\/\\\/www.xing.com\\\/news\\\/pages\\\/organisator-ch-695\",\"https:\\\/\\\/www.youtube.com\\\/channel\\\/UCGP2Sq0iWaZwT3BdIAQFYpw\"]},{\"@type\":\"Person\",\"@id\":\"https:\\\/\\\/www.organisator.ch\\\/#\\\/schema\\\/person\\\/4e51799071cd2dd1232ac003643ef5f0\",\"name\":\"galledia\",\"image\":{\"@type\":\"ImageObject\",\"inLanguage\":\"fr-FR\",\"@id\":\"https:\\\/\\\/secure.gravatar.com\\\/avatar\\\/78a7f90c01fc2bfc875782a0d4922b37cde2cf184ce347b91316d23cd7f69a36?s=96&d=mm&r=g\",\"url\":\"https:\\\/\\\/secure.gravatar.com\\\/avatar\\\/78a7f90c01fc2bfc875782a0d4922b37cde2cf184ce347b91316d23cd7f69a36?s=96&d=mm&r=g\",\"contentUrl\":\"https:\\\/\\\/secure.gravatar.com\\\/avatar\\\/78a7f90c01fc2bfc875782a0d4922b37cde2cf184ce347b91316d23cd7f69a36?s=96&d=mm&r=g\",\"caption\":\"galledia\"},\"sameAs\":[\"https:\\\/\\\/x.com\\\/admin\"],\"url\":\"https:\\\/\\\/www.organisator.ch\\\/fr\\\/author\\\/galledia\\\/\"}]}<\/script>\n<!-- \/ Yoast SEO plugin. -->","yoast_head_json":{"title":"Le Conseil des Etats insiste sur les exceptions en mati\u00e8re de publicit\u00e9 pour les cigarettes - Organisateur","description":"Suisse : la r\u00e9vision de la loi sur la publicit\u00e9 pour le tabac 2024 doit prot\u00e9ger les jeunes. Le Conseil national r\u00e9examine le projet.","robots":{"index":"index","follow":"follow","max-snippet":"max-snippet:-1","max-image-preview":"max-image-preview:large","max-video-preview":"max-video-preview:-1"},"canonical":"https:\/\/www.organisator.ch\/fr\/marketing\/2024-09-17\/staenderat-beharrt-auf-ausnahmen-bei-werbung-fuer-zigaretten\/","og_locale":"fr_FR","og_type":"article","og_title":"St\u00e4nderat beharrt auf Ausnahmen bei Werbung f\u00fcr Zigaretten - Organisator","og_description":"Schweiz: Gesetzesrevision zur Tabakwerbung 2024 soll Jugendliche sch\u00fctzen. Nationalrat pr\u00fcft Vorlage erneut.","og_url":"https:\/\/www.organisator.ch\/fr\/marketing\/2024-09-17\/staenderat-beharrt-auf-ausnahmen-bei-werbung-fuer-zigaretten\/","og_site_name":"Organisator","article_publisher":"https:\/\/www.facebook.com\/OrganisatorFachmagazin","article_published_time":"2024-09-17T06:56:22+00:00","article_modified_time":"2024-11-08T08:31:08+00:00","og_image":[{"url":"https:\/\/www.markt-kom.com\/wp-content\/uploads\/2021\/06\/bundeshaus-zigarette.jpg","type":"","width":"","height":""}],"author":"galledia","twitter_card":"summary_large_image","twitter_creator":"@admin","schema":{"@context":"https:\/\/schema.org","@graph":[{"@type":"Article","@id":"https:\/\/www.organisator.ch\/marketing\/2024-09-17\/staenderat-beharrt-auf-ausnahmen-bei-werbung-fuer-zigaretten\/#article","isPartOf":{"@id":"https:\/\/www.organisator.ch\/marketing\/2024-09-17\/staenderat-beharrt-auf-ausnahmen-bei-werbung-fuer-zigaretten\/"},"author":{"name":"galledia","@id":"https:\/\/www.organisator.ch\/#\/schema\/person\/4e51799071cd2dd1232ac003643ef5f0"},"headline":"St\u00e4nderat beharrt auf Ausnahmen bei Werbung f\u00fcr Zigaretten","datePublished":"2024-09-17T06:56:22+00:00","dateModified":"2024-11-08T08:31:08+00:00","mainEntityOfPage":{"@id":"https:\/\/www.organisator.ch\/marketing\/2024-09-17\/staenderat-beharrt-auf-ausnahmen-bei-werbung-fuer-zigaretten\/"},"wordCount":481,"publisher":{"@id":"https:\/\/www.organisator.ch\/#organization"},"image":{"@id":"https:\/\/www.organisator.ch\/marketing\/2024-09-17\/staenderat-beharrt-auf-ausnahmen-bei-werbung-fuer-zigaretten\/#primaryimage"},"thumbnailUrl":"https:\/\/www.markt-kom.com\/wp-content\/uploads\/2021\/06\/bundeshaus-zigarette.jpg","keywords":["Business","Politik","Tabakwerbung"],"articleSection":["MARKETING"],"inLanguage":"fr-FR"},{"@type":"WebPage","@id":"https:\/\/www.organisator.ch\/marketing\/2024-09-17\/staenderat-beharrt-auf-ausnahmen-bei-werbung-fuer-zigaretten\/","url":"https:\/\/www.organisator.ch\/marketing\/2024-09-17\/staenderat-beharrt-auf-ausnahmen-bei-werbung-fuer-zigaretten\/","name":"Le Conseil des Etats insiste sur les exceptions en mati\u00e8re de publicit\u00e9 pour les cigarettes - Organisateur","isPartOf":{"@id":"https:\/\/www.organisator.ch\/#website"},"primaryImageOfPage":{"@id":"https:\/\/www.organisator.ch\/marketing\/2024-09-17\/staenderat-beharrt-auf-ausnahmen-bei-werbung-fuer-zigaretten\/#primaryimage"},"image":{"@id":"https:\/\/www.organisator.ch\/marketing\/2024-09-17\/staenderat-beharrt-auf-ausnahmen-bei-werbung-fuer-zigaretten\/#primaryimage"},"thumbnailUrl":"https:\/\/www.markt-kom.com\/wp-content\/uploads\/2021\/06\/bundeshaus-zigarette.jpg","datePublished":"2024-09-17T06:56:22+00:00","dateModified":"2024-11-08T08:31:08+00:00","description":"Suisse : la r\u00e9vision de la loi sur la publicit\u00e9 pour le tabac 2024 doit prot\u00e9ger les jeunes. Le Conseil national r\u00e9examine le projet.","breadcrumb":{"@id":"https:\/\/www.organisator.ch\/marketing\/2024-09-17\/staenderat-beharrt-auf-ausnahmen-bei-werbung-fuer-zigaretten\/#breadcrumb"},"inLanguage":"fr-FR","potentialAction":[{"@type":"ReadAction","target":["https:\/\/www.organisator.ch\/marketing\/2024-09-17\/staenderat-beharrt-auf-ausnahmen-bei-werbung-fuer-zigaretten\/"]}]},{"@type":"ImageObject","inLanguage":"fr-FR","@id":"https:\/\/www.organisator.ch\/marketing\/2024-09-17\/staenderat-beharrt-auf-ausnahmen-bei-werbung-fuer-zigaretten\/#primaryimage","url":"https:\/\/www.markt-kom.com\/wp-content\/uploads\/2021\/06\/bundeshaus-zigarette.jpg","contentUrl":"https:\/\/www.markt-kom.com\/wp-content\/uploads\/2021\/06\/bundeshaus-zigarette.jpg"},{"@type":"BreadcrumbList","@id":"https:\/\/www.organisator.ch\/marketing\/2024-09-17\/staenderat-beharrt-auf-ausnahmen-bei-werbung-fuer-zigaretten\/#breadcrumb","itemListElement":[{"@type":"ListItem","position":1,"name":"Home","item":"https:\/\/www.organisator.ch\/"},{"@type":"ListItem","position":2,"name":"St\u00e4nderat beharrt auf Ausnahmen bei Werbung f\u00fcr Zigaretten"}]},{"@type":"WebSite","@id":"https:\/\/www.organisator.ch\/#website","url":"https:\/\/www.organisator.ch\/","name":"Organisateur","description":"Comp\u00e9tence et comp\u00e9tence. Proches de la pratique. L'ORGANISATEUR pr\u00e9pare 10 num\u00e9ros par an sur les th\u00e8mes essentiels pour les dirigeants de PME.","publisher":{"@id":"https:\/\/www.organisator.ch\/#organization"},"potentialAction":[{"@type":"SearchAction","target":{"@type":"EntryPoint","urlTemplate":"https:\/\/www.organisator.ch\/?s={search_term_string}"},"query-input":{"@type":"PropertyValueSpecification","valueRequired":true,"valueName":"search_term_string"}}],"inLanguage":"fr-FR"},{"@type":"Organization","@id":"https:\/\/www.organisator.ch\/#organization","name":"Organisateur","url":"https:\/\/www.organisator.ch\/","logo":{"@type":"ImageObject","inLanguage":"fr-FR","@id":"https:\/\/www.organisator.ch\/#\/schema\/logo\/image\/","url":"https:\/\/www.organisator.ch\/wp-content\/uploads\/2022\/01\/Logo_Organisator_Website.png","contentUrl":"https:\/\/www.organisator.ch\/wp-content\/uploads\/2022\/01\/Logo_Organisator_Website.png","width":800,"height":77,"caption":"Organisator"},"image":{"@id":"https:\/\/www.organisator.ch\/#\/schema\/logo\/image\/"},"sameAs":["https:\/\/www.facebook.com\/OrganisatorFachmagazin","https:\/\/www.linkedin.com\/showcase\/organisator-das-magazin-fr-kmu","https:\/\/www.xing.com\/news\/pages\/organisator-ch-695","https:\/\/www.youtube.com\/channel\/UCGP2Sq0iWaZwT3BdIAQFYpw"]},{"@type":"Person","@id":"https:\/\/www.organisator.ch\/#\/schema\/person\/4e51799071cd2dd1232ac003643ef5f0","name":"galledia","image":{"@type":"ImageObject","inLanguage":"fr-FR","@id":"https:\/\/secure.gravatar.com\/avatar\/78a7f90c01fc2bfc875782a0d4922b37cde2cf184ce347b91316d23cd7f69a36?s=96&d=mm&r=g","url":"https:\/\/secure.gravatar.com\/avatar\/78a7f90c01fc2bfc875782a0d4922b37cde2cf184ce347b91316d23cd7f69a36?s=96&d=mm&r=g","contentUrl":"https:\/\/secure.gravatar.com\/avatar\/78a7f90c01fc2bfc875782a0d4922b37cde2cf184ce347b91316d23cd7f69a36?s=96&d=mm&r=g","caption":"galledia"},"sameAs":["https:\/\/x.com\/admin"],"url":"https:\/\/www.organisator.ch\/fr\/author\/galledia\/"}]}},"_links":{"self":[{"href":"https:\/\/www.organisator.ch\/fr\/wp-json\/wp\/v2\/posts\/29863","targetHints":{"allow":["GET"]}}],"collection":[{"href":"https:\/\/www.organisator.ch\/fr\/wp-json\/wp\/v2\/posts"}],"about":[{"href":"https:\/\/www.organisator.ch\/fr\/wp-json\/wp\/v2\/types\/post"}],"author":[{"embeddable":true,"href":"https:\/\/www.organisator.ch\/fr\/wp-json\/wp\/v2\/users\/8"}],"replies":[{"embeddable":true,"href":"https:\/\/www.organisator.ch\/fr\/wp-json\/wp\/v2\/comments?post=29863"}],"version-history":[{"count":3,"href":"https:\/\/www.organisator.ch\/fr\/wp-json\/wp\/v2\/posts\/29863\/revisions"}],"predecessor-version":[{"id":31930,"href":"https:\/\/www.organisator.ch\/fr\/wp-json\/wp\/v2\/posts\/29863\/revisions\/31930"}],"wp:attachment":[{"href":"https:\/\/www.organisator.ch\/fr\/wp-json\/wp\/v2\/media?parent=29863"}],"wp:term":[{"taxonomy":"category","embeddable":true,"href":"https:\/\/www.organisator.ch\/fr\/wp-json\/wp\/v2\/categories?post=29863"},{"taxonomy":"post_tag","embeddable":true,"href":"https:\/\/www.organisator.ch\/fr\/wp-json\/wp\/v2\/tags?post=29863"}],"curies":[{"name":"wp","href":"https:\/\/api.w.org\/{rel}","templated":true}]}}