{"id":29873,"date":"2024-09-17T13:59:38","date_gmt":"2024-09-17T11:59:38","guid":{"rendered":"https:\/\/www.organisator.ch\/?p=29873"},"modified":"2024-09-17T13:59:38","modified_gmt":"2024-09-17T11:59:38","slug":"swiss-technology-award-2024-finalistinnen-und-finalisten-sind-bekannt","status":"publish","type":"post","link":"https:\/\/www.organisator.ch\/fr\/management\/2024-09-17\/swiss-technology-award-2024-finalistinnen-und-finalisten-sind-bekannt\/","title":{"rendered":"Swiss Technology Award 2024 : les finalistes sont connus"},"content":{"rendered":"<figure id=\"attachment_29876\" aria-describedby=\"caption-attachment-29876\" style=\"width: 680px\" class=\"wp-caption alignnone\"><img loading=\"lazy\" decoding=\"async\" class=\"size-full wp-image-29876\" src=\"https:\/\/www.organisator.ch\/wp-content\/uploads\/2024\/09\/Swiss-Technology-Award_Bild1_ps.jpg\" alt=\"\" width=\"680\" height=\"348\" srcset=\"https:\/\/www.organisator.ch\/wp-content\/uploads\/2024\/09\/Swiss-Technology-Award_Bild1_ps.jpg 680w, https:\/\/www.organisator.ch\/wp-content\/uploads\/2024\/09\/Swiss-Technology-Award_Bild1_ps-18x9.jpg 18w, https:\/\/www.organisator.ch\/wp-content\/uploads\/2024\/09\/Swiss-Technology-Award_Bild1_ps-375x192.jpg 375w\" sizes=\"auto, (max-width: 680px) 100vw, 680px\" \/><figcaption id=\"caption-attachment-29876\" class=\"wp-caption-text\">\u00c0 l'occasion d'Open-i, le 22 novembre 2024, les entreprises participant \u00e0 la finale pr\u00e9senteront leurs projets d'avenir devant un public de haut niveau. (Image : www.open-i.swiss)<\/figcaption><\/figure>\n<p>Le Swiss Technology Award (STA) est depuis 36 ans le prix technologique le plus important de Suisse. Dans chacune des trois cat\u00e9gories, un projet est \u00e9lu, qui a su convaincre le jury par un potentiel de march\u00e9 sup\u00e9rieur \u00e0 la moyenne ainsi qu'une valeur de nouveaut\u00e9 exceptionnelle.<\/p>\n<p>Les finalistes du Swiss Technology Award 2024 sont :<\/p>\n<h3><strong>Cat\u00e9gorie \"Inventors <\/strong><\/h3>\n<ul>\n<li><strong>Mynerva <\/strong>d\u00e9veloppe avec Leia une chaussette neuroproth\u00e9tique qui soulage la douleur par neurostimulation non invasive et r\u00e9tablit la sensibilit\u00e9 au toucher en cas de neuropathie diab\u00e9tique.<\/li>\n<li><strong>Rhovica Neuroimaging SA <\/strong>travaille avec SoNav sur un syst\u00e8me de cath\u00e9t\u00e9risme et de surveillance neurochirurgical guid\u00e9 avec pr\u00e9cision, qui permet de sauver des vies et d'am\u00e9liorer les r\u00e9sultats th\u00e9rapeutiques lors de traitements d'urgence de patients pr\u00e9sentant une pression intracr\u00e2nienne \u00e9lev\u00e9e.<\/li>\n<li><strong>RoBoa <\/strong>d\u00e9veloppe un robot de type serpent dont la locomotion est bas\u00e9e sur la croissance et qui, gr\u00e2ce \u00e0 sa man\u0153uvrabilit\u00e9 et \u00e0 sa s\u00e9curit\u00e9 uniques, \u00e9tablit de nouvelles normes pour les inspections industrielles et les op\u00e9rations de recherche et de sauvetage.<\/li>\n<\/ul>\n<h3>\u00a0<strong>Cat\u00e9gorie \"Start-up (Rising Stars) <\/strong><\/h3>\n<ul>\n<li><strong>DePoly SA <\/strong>a d\u00e9velopp\u00e9 une technologie qui d\u00e9compose les plastiques PET en leurs monom\u00e8res bruts afin de produire du PET recycl\u00e9 de qualit\u00e9 vierge, favorisant ainsi une \u00e9conomie circulaire durable pour les plastiques.<\/li>\n<li><strong>irmos technologies AG<\/strong>, une spin-off de l'ETH, d\u00e9veloppe des logiciels bas\u00e9s sur l'IA et des capteurs sur mesure afin de maximiser la dur\u00e9e d'exploitation s\u00fbre des ponts et b\u00e2timents existants et de minimiser les co\u00fbts de maintenance.<\/li>\n<li><strong>Oxyle AG <\/strong>offre une solution \u00e9conomique et durable pour \u00e9liminer compl\u00e8tement la contamination par les PFAS dans l'eau, avec une consommation d'\u00e9nergie minimale et sans d\u00e9chets secondaires.<\/li>\n<\/ul>\n<h3><strong>Cat\u00e9gorie \"Innovation industrielle <\/strong><\/h3>\n<ul>\n<li><strong>Bachem AG <\/strong>fournit, avec la technologie MCSGP, une solution innovante pour une purification plus efficace et plus \u00e9cologique des peptides et des oligonucl\u00e9otides, ce qui permet de r\u00e9duire les co\u00fbts de production et d'am\u00e9liorer la durabilit\u00e9.<\/li>\n<li><strong>Bystronic AG <\/strong>int\u00e8gre des capteurs et une surveillance en temps r\u00e9el bas\u00e9e sur l'IA dans ses machines de d\u00e9coupe laser afin de garantir la qualit\u00e9 de la d\u00e9coupe, d'augmenter l'autonomie et de r\u00e9duire les co\u00fbts d'exploitation.<\/li>\n<li><strong>HeiQ AeoniQ Holding AG <\/strong>a d\u00e9velopp\u00e9 HeiQ AeoniQ, un filament cellulosique durable qui remplace les fibres fossiles comme le polyester et le nylon, utilise 100% d'\u00e9nergie renouvelable et contribue \u00e0 la r\u00e9duction du CO\u2082.<\/li>\n<\/ul>\n<h3><strong>Annonce des entreprises gagnantes \u00e0 Open-i <\/strong><\/h3>\n<p>\u00c0 l'occasion d'Open-i, le 22 novembre 2024, les entreprises participant \u00e0 la finale pr\u00e9senteront leurs projets d'avenir devant un public de haut niveau. Les gagnantes et les gagnants seront ensuite d\u00e9sign\u00e9s sur sc\u00e8ne. La nouvelle conf\u00e9rence sur l'innovation est la plateforme id\u00e9ale pour les entreprises innovantes afin de s'informer sur les derniers d\u00e9veloppements, d'\u00e9changer des id\u00e9es et de nouer de nouveaux contacts. Open-i r\u00e9unit des PME suisses de premier plan, des start-ups &amp; des investisseurs, des grands groupes, des esprits novateurs issus du monde scientifique et des talents de premier plan de la prochaine g\u00e9n\u00e9ration, afin d'ouvrir la voie \u00e0 des coop\u00e9rations et d'assurer ainsi le r\u00f4le de leader de la Suisse en tant que march\u00e9 innovant et prosp\u00e8re. Un programme vari\u00e9 attend les quelque 1000 participants, avec plus de 70 intervenants nationaux et internationaux de premier plan, plusieurs zones de d\u00e9couverte et de r\u00e9seautage, des laboratoires d'innovation ax\u00e9s sur les solutions et bien plus encore.<\/p>\n<h3><strong>Un soutien durable <\/strong><\/h3>\n<p>Les laur\u00e9ats du Swiss Technology Award re\u00e7oivent un package de soutien complet pour le marketing et la communication, la mise en relation avec des contacts d'affaires ainsi que d'autres possibilit\u00e9s de r\u00e9seautage l'ann\u00e9e suivante.<\/p>\n<p>Le Swiss Technology Award vise \u00e0 promouvoir de mani\u00e8re cibl\u00e9e les entreprises suisses innovantes et \u00e0 apporter ainsi une contribution importante au renforcement durable de la culture de l'innovation. Et le succ\u00e8s est au rendez-vous : une grande partie des finalistes r\u00e9compens\u00e9s ont pu s'\u00e9tablir durablement sur le march\u00e9.<\/p>\n<p><em>Source : <a href=\"http:\/\/www.open-i.swiss\">www.open-i.swiss<\/a><\/em><\/p>","protected":false},"excerpt":{"rendered":"<p>Neuf innovations prometteuses sont nomin\u00e9es dans trois cat\u00e9gories pour la finale du Swiss Technology Award 2024. Le jury professionnel a effectu\u00e9 une premi\u00e8re pr\u00e9s\u00e9lection parmi plus de 100 candidatures. Le 22 novembre 2024, les trois entreprises gagnantes seront annonc\u00e9es dans le cadre d'Open-i - la plateforme d'innovation suisse.<\/p>","protected":false},"author":58,"featured_media":29876,"comment_status":"closed","ping_status":"closed","sticky":false,"template":"","format":"standard","meta":{"_acf_changed":false,"_yoast_wpseo_focuskw":"Swiss Technology Award","_yoast_wpseo_metadesc":"Neun vielversprechende Innovationen sind in drei Kategorien f\u00fcr das Finale des Swiss Technology Award 2024 nominiert.","articlekey":"","footnotes":""},"categories":[28],"tags":[65,334,424,475,492],"class_list":["post-29873","post","type-post","status-publish","format-standard","has-post-thumbnail","hentry","category-management","tag-award","tag-management","tag-schweiz","tag-technologie","tag-unternehmen"],"acf":[],"yoast_head":"<!-- This site is optimized with the Yoast SEO plugin v27.4 - https:\/\/yoast.com\/product\/yoast-seo-wordpress\/ -->\n<title>Swiss Technology Award 2024: Finalistinnen und Finalisten sind bekannt - Organisator<\/title>\n<meta name=\"description\" content=\"Neun vielversprechende Innovationen sind in drei Kategorien f\u00fcr das Finale des Swiss Technology Award 2024 nominiert.\" \/>\n<meta name=\"robots\" content=\"index, follow, max-snippet:-1, max-image-preview:large, max-video-preview:-1\" \/>\n<link rel=\"canonical\" href=\"https:\/\/www.organisator.ch\/fr\/gestion-2\/2024-09-17\/swiss-technology-award-2024-finalistinnen-und-finalisten-sind-bekannt\/\" \/>\n<meta property=\"og:locale\" content=\"fr_FR\" \/>\n<meta property=\"og:type\" content=\"article\" \/>\n<meta property=\"og:title\" content=\"Swiss Technology Award 2024: Finalistinnen und Finalisten sind bekannt\" \/>\n<meta property=\"og:description\" content=\"Neun vielversprechende Innovationen sind in drei Kategorien f\u00fcr das Finale des Swiss Technology Award 2024 nominiert.\" \/>\n<meta property=\"og:url\" content=\"https:\/\/www.organisator.ch\/fr\/gestion-2\/2024-09-17\/swiss-technology-award-2024-finalistinnen-und-finalisten-sind-bekannt\/\" \/>\n<meta property=\"og:site_name\" content=\"Organisator\" \/>\n<meta property=\"article:publisher\" content=\"https:\/\/www.facebook.com\/OrganisatorFachmagazin\" \/>\n<meta property=\"article:published_time\" content=\"2024-09-17T11:59:38+00:00\" \/>\n<meta property=\"og:image\" content=\"https:\/\/www.organisator.ch\/wp-content\/uploads\/2024\/09\/Swiss-Technology-Award_Bild1_ps.jpg\" \/>\n\t<meta property=\"og:image:width\" content=\"680\" \/>\n\t<meta property=\"og:image:height\" content=\"348\" \/>\n\t<meta property=\"og:image:type\" content=\"image\/jpeg\" \/>\n<meta name=\"author\" content=\"Adelisa Kalajdzini\" \/>\n<meta name=\"twitter:card\" content=\"summary_large_image\" \/>\n<meta name=\"twitter:title\" content=\"Swiss Technology Award 2024: Finalistinnen und Finalisten sind bekannt\" \/>\n<meta name=\"twitter:description\" content=\"Neun vielversprechende #Innovationen sind in #drei #Kategorien f\u00fcr das Finale des #Swiss #Technology #Award 2024 nominiert.\" \/>\n<meta name=\"twitter:image\" content=\"https:\/\/www.organisator.ch\/wp-content\/uploads\/2024\/09\/Swiss-Technology-Award_Bild1_ps.jpg\" \/>\n<script type=\"application\/ld+json\" class=\"yoast-schema-graph\">{\"@context\":\"https:\\\/\\\/schema.org\",\"@graph\":[{\"@type\":\"Article\",\"@id\":\"https:\\\/\\\/www.organisator.ch\\\/management\\\/2024-09-17\\\/swiss-technology-award-2024-finalistinnen-und-finalisten-sind-bekannt\\\/#article\",\"isPartOf\":{\"@id\":\"https:\\\/\\\/www.organisator.ch\\\/management\\\/2024-09-17\\\/swiss-technology-award-2024-finalistinnen-und-finalisten-sind-bekannt\\\/\"},\"author\":{\"name\":\"Adelisa Kalajdzini\",\"@id\":\"https:\\\/\\\/www.organisator.ch\\\/#\\\/schema\\\/person\\\/2e1314a2172123f874db408d8911d3f3\"},\"headline\":\"Swiss Technology Award 2024: Finalistinnen und Finalisten sind bekannt\",\"datePublished\":\"2024-09-17T11:59:38+00:00\",\"mainEntityOfPage\":{\"@id\":\"https:\\\/\\\/www.organisator.ch\\\/management\\\/2024-09-17\\\/swiss-technology-award-2024-finalistinnen-und-finalisten-sind-bekannt\\\/\"},\"wordCount\":552,\"publisher\":{\"@id\":\"https:\\\/\\\/www.organisator.ch\\\/#organization\"},\"image\":{\"@id\":\"https:\\\/\\\/www.organisator.ch\\\/management\\\/2024-09-17\\\/swiss-technology-award-2024-finalistinnen-und-finalisten-sind-bekannt\\\/#primaryimage\"},\"thumbnailUrl\":\"https:\\\/\\\/www.organisator.ch\\\/wp-content\\\/uploads\\\/2024\\\/09\\\/Swiss-Technology-Award_Bild1_ps.jpg\",\"keywords\":[\"Award\",\"Management\",\"Schweiz\",\"Technologie\",\"Unternehmen\"],\"articleSection\":[\"MANAGEMENT\"],\"inLanguage\":\"fr-FR\"},{\"@type\":\"WebPage\",\"@id\":\"https:\\\/\\\/www.organisator.ch\\\/management\\\/2024-09-17\\\/swiss-technology-award-2024-finalistinnen-und-finalisten-sind-bekannt\\\/\",\"url\":\"https:\\\/\\\/www.organisator.ch\\\/management\\\/2024-09-17\\\/swiss-technology-award-2024-finalistinnen-und-finalisten-sind-bekannt\\\/\",\"name\":\"Swiss Technology Award 2024: Finalistinnen und Finalisten sind bekannt - Organisator\",\"isPartOf\":{\"@id\":\"https:\\\/\\\/www.organisator.ch\\\/#website\"},\"primaryImageOfPage\":{\"@id\":\"https:\\\/\\\/www.organisator.ch\\\/management\\\/2024-09-17\\\/swiss-technology-award-2024-finalistinnen-und-finalisten-sind-bekannt\\\/#primaryimage\"},\"image\":{\"@id\":\"https:\\\/\\\/www.organisator.ch\\\/management\\\/2024-09-17\\\/swiss-technology-award-2024-finalistinnen-und-finalisten-sind-bekannt\\\/#primaryimage\"},\"thumbnailUrl\":\"https:\\\/\\\/www.organisator.ch\\\/wp-content\\\/uploads\\\/2024\\\/09\\\/Swiss-Technology-Award_Bild1_ps.jpg\",\"datePublished\":\"2024-09-17T11:59:38+00:00\",\"description\":\"Neun vielversprechende Innovationen sind in drei Kategorien f\u00fcr das Finale des Swiss Technology Award 2024 nominiert.\",\"breadcrumb\":{\"@id\":\"https:\\\/\\\/www.organisator.ch\\\/management\\\/2024-09-17\\\/swiss-technology-award-2024-finalistinnen-und-finalisten-sind-bekannt\\\/#breadcrumb\"},\"inLanguage\":\"fr-FR\",\"potentialAction\":[{\"@type\":\"ReadAction\",\"target\":[\"https:\\\/\\\/www.organisator.ch\\\/management\\\/2024-09-17\\\/swiss-technology-award-2024-finalistinnen-und-finalisten-sind-bekannt\\\/\"]}]},{\"@type\":\"ImageObject\",\"inLanguage\":\"fr-FR\",\"@id\":\"https:\\\/\\\/www.organisator.ch\\\/management\\\/2024-09-17\\\/swiss-technology-award-2024-finalistinnen-und-finalisten-sind-bekannt\\\/#primaryimage\",\"url\":\"https:\\\/\\\/www.organisator.ch\\\/wp-content\\\/uploads\\\/2024\\\/09\\\/Swiss-Technology-Award_Bild1_ps.jpg\",\"contentUrl\":\"https:\\\/\\\/www.organisator.ch\\\/wp-content\\\/uploads\\\/2024\\\/09\\\/Swiss-Technology-Award_Bild1_ps.jpg\",\"width\":680,\"height\":348,\"caption\":\"Anl\u00e4sslich von Open-i pr\u00e4sentieren am 22. November 2024 die am Finale teilnehmenden Unternehmen ihre zukunftsweisenden Projekte vor hochkar\u00e4tigem Publikum. (Bild: www.open-i.swiss)\"},{\"@type\":\"BreadcrumbList\",\"@id\":\"https:\\\/\\\/www.organisator.ch\\\/management\\\/2024-09-17\\\/swiss-technology-award-2024-finalistinnen-und-finalisten-sind-bekannt\\\/#breadcrumb\",\"itemListElement\":[{\"@type\":\"ListItem\",\"position\":1,\"name\":\"Home\",\"item\":\"https:\\\/\\\/www.organisator.ch\\\/\"},{\"@type\":\"ListItem\",\"position\":2,\"name\":\"Swiss Technology Award 2024: Finalistinnen und Finalisten sind bekannt\"}]},{\"@type\":\"WebSite\",\"@id\":\"https:\\\/\\\/www.organisator.ch\\\/#website\",\"url\":\"https:\\\/\\\/www.organisator.ch\\\/\",\"name\":\"Organisator\",\"description\":\"Kompetent. Praxisnah. Der ORGANISATOR bereitet in 10 Ausgaben pro Jahr die wesentlichen Themen f\u00fcr F\u00fchrungskr\u00e4fte von KMU auf.\",\"publisher\":{\"@id\":\"https:\\\/\\\/www.organisator.ch\\\/#organization\"},\"potentialAction\":[{\"@type\":\"SearchAction\",\"target\":{\"@type\":\"EntryPoint\",\"urlTemplate\":\"https:\\\/\\\/www.organisator.ch\\\/?s={search_term_string}\"},\"query-input\":{\"@type\":\"PropertyValueSpecification\",\"valueRequired\":true,\"valueName\":\"search_term_string\"}}],\"inLanguage\":\"fr-FR\"},{\"@type\":\"Organization\",\"@id\":\"https:\\\/\\\/www.organisator.ch\\\/#organization\",\"name\":\"Organisator\",\"url\":\"https:\\\/\\\/www.organisator.ch\\\/\",\"logo\":{\"@type\":\"ImageObject\",\"inLanguage\":\"fr-FR\",\"@id\":\"https:\\\/\\\/www.organisator.ch\\\/#\\\/schema\\\/logo\\\/image\\\/\",\"url\":\"https:\\\/\\\/www.organisator.ch\\\/wp-content\\\/uploads\\\/2022\\\/01\\\/Logo_Organisator_Website.png\",\"contentUrl\":\"https:\\\/\\\/www.organisator.ch\\\/wp-content\\\/uploads\\\/2022\\\/01\\\/Logo_Organisator_Website.png\",\"width\":800,\"height\":77,\"caption\":\"Organisator\"},\"image\":{\"@id\":\"https:\\\/\\\/www.organisator.ch\\\/#\\\/schema\\\/logo\\\/image\\\/\"},\"sameAs\":[\"https:\\\/\\\/www.facebook.com\\\/OrganisatorFachmagazin\",\"https:\\\/\\\/www.linkedin.com\\\/showcase\\\/organisator-das-magazin-fr-kmu\",\"https:\\\/\\\/www.xing.com\\\/news\\\/pages\\\/organisator-ch-695\",\"https:\\\/\\\/www.youtube.com\\\/channel\\\/UCGP2Sq0iWaZwT3BdIAQFYpw\"]},{\"@type\":\"Person\",\"@id\":\"https:\\\/\\\/www.organisator.ch\\\/#\\\/schema\\\/person\\\/2e1314a2172123f874db408d8911d3f3\",\"name\":\"Adelisa Kalajdzini\",\"image\":{\"@type\":\"ImageObject\",\"inLanguage\":\"fr-FR\",\"@id\":\"https:\\\/\\\/secure.gravatar.com\\\/avatar\\\/09a397c22ac58cad6f160ee8306348599df9df58a8ede73696226897b9fa4b24?s=96&d=mm&r=g\",\"url\":\"https:\\\/\\\/secure.gravatar.com\\\/avatar\\\/09a397c22ac58cad6f160ee8306348599df9df58a8ede73696226897b9fa4b24?s=96&d=mm&r=g\",\"contentUrl\":\"https:\\\/\\\/secure.gravatar.com\\\/avatar\\\/09a397c22ac58cad6f160ee8306348599df9df58a8ede73696226897b9fa4b24?s=96&d=mm&r=g\",\"caption\":\"Adelisa Kalajdzini\"},\"url\":\"https:\\\/\\\/www.organisator.ch\\\/fr\\\/author\\\/adelisa-kalajdzini\\\/\"}]}<\/script>\n<!-- \/ Yoast SEO plugin. -->","yoast_head_json":{"title":"Swiss Technology Award 2024 : les finalistes sont connus - Organisateur","description":"Neuf innovations prometteuses sont nomin\u00e9es dans trois cat\u00e9gories pour la finale du Swiss Technology Award 2024.","robots":{"index":"index","follow":"follow","max-snippet":"max-snippet:-1","max-image-preview":"max-image-preview:large","max-video-preview":"max-video-preview:-1"},"canonical":"https:\/\/www.organisator.ch\/fr\/gestion-2\/2024-09-17\/swiss-technology-award-2024-finalistinnen-und-finalisten-sind-bekannt\/","og_locale":"fr_FR","og_type":"article","og_title":"Swiss Technology Award 2024: Finalistinnen und Finalisten sind bekannt","og_description":"Neun vielversprechende Innovationen sind in drei Kategorien f\u00fcr das Finale des Swiss Technology Award 2024 nominiert.","og_url":"https:\/\/www.organisator.ch\/fr\/gestion-2\/2024-09-17\/swiss-technology-award-2024-finalistinnen-und-finalisten-sind-bekannt\/","og_site_name":"Organisator","article_publisher":"https:\/\/www.facebook.com\/OrganisatorFachmagazin","article_published_time":"2024-09-17T11:59:38+00:00","og_image":[{"width":680,"height":348,"url":"https:\/\/www.organisator.ch\/wp-content\/uploads\/2024\/09\/Swiss-Technology-Award_Bild1_ps.jpg","type":"image\/jpeg"}],"author":"Adelisa Kalajdzini","twitter_card":"summary_large_image","twitter_title":"Swiss Technology Award 2024: Finalistinnen und Finalisten sind bekannt","twitter_description":"Neun vielversprechende #Innovationen sind in #drei #Kategorien f\u00fcr das Finale des #Swiss #Technology #Award 2024 nominiert.","twitter_image":"https:\/\/www.organisator.ch\/wp-content\/uploads\/2024\/09\/Swiss-Technology-Award_Bild1_ps.jpg","schema":{"@context":"https:\/\/schema.org","@graph":[{"@type":"Article","@id":"https:\/\/www.organisator.ch\/management\/2024-09-17\/swiss-technology-award-2024-finalistinnen-und-finalisten-sind-bekannt\/#article","isPartOf":{"@id":"https:\/\/www.organisator.ch\/management\/2024-09-17\/swiss-technology-award-2024-finalistinnen-und-finalisten-sind-bekannt\/"},"author":{"name":"Adelisa Kalajdzini","@id":"https:\/\/www.organisator.ch\/#\/schema\/person\/2e1314a2172123f874db408d8911d3f3"},"headline":"Swiss Technology Award 2024: Finalistinnen und Finalisten sind bekannt","datePublished":"2024-09-17T11:59:38+00:00","mainEntityOfPage":{"@id":"https:\/\/www.organisator.ch\/management\/2024-09-17\/swiss-technology-award-2024-finalistinnen-und-finalisten-sind-bekannt\/"},"wordCount":552,"publisher":{"@id":"https:\/\/www.organisator.ch\/#organization"},"image":{"@id":"https:\/\/www.organisator.ch\/management\/2024-09-17\/swiss-technology-award-2024-finalistinnen-und-finalisten-sind-bekannt\/#primaryimage"},"thumbnailUrl":"https:\/\/www.organisator.ch\/wp-content\/uploads\/2024\/09\/Swiss-Technology-Award_Bild1_ps.jpg","keywords":["Award","Management","Schweiz","Technologie","Unternehmen"],"articleSection":["MANAGEMENT"],"inLanguage":"fr-FR"},{"@type":"WebPage","@id":"https:\/\/www.organisator.ch\/management\/2024-09-17\/swiss-technology-award-2024-finalistinnen-und-finalisten-sind-bekannt\/","url":"https:\/\/www.organisator.ch\/management\/2024-09-17\/swiss-technology-award-2024-finalistinnen-und-finalisten-sind-bekannt\/","name":"Swiss Technology Award 2024 : les finalistes sont connus - Organisateur","isPartOf":{"@id":"https:\/\/www.organisator.ch\/#website"},"primaryImageOfPage":{"@id":"https:\/\/www.organisator.ch\/management\/2024-09-17\/swiss-technology-award-2024-finalistinnen-und-finalisten-sind-bekannt\/#primaryimage"},"image":{"@id":"https:\/\/www.organisator.ch\/management\/2024-09-17\/swiss-technology-award-2024-finalistinnen-und-finalisten-sind-bekannt\/#primaryimage"},"thumbnailUrl":"https:\/\/www.organisator.ch\/wp-content\/uploads\/2024\/09\/Swiss-Technology-Award_Bild1_ps.jpg","datePublished":"2024-09-17T11:59:38+00:00","description":"Neuf innovations prometteuses sont nomin\u00e9es dans trois cat\u00e9gories pour la finale du Swiss Technology Award 2024.","breadcrumb":{"@id":"https:\/\/www.organisator.ch\/management\/2024-09-17\/swiss-technology-award-2024-finalistinnen-und-finalisten-sind-bekannt\/#breadcrumb"},"inLanguage":"fr-FR","potentialAction":[{"@type":"ReadAction","target":["https:\/\/www.organisator.ch\/management\/2024-09-17\/swiss-technology-award-2024-finalistinnen-und-finalisten-sind-bekannt\/"]}]},{"@type":"ImageObject","inLanguage":"fr-FR","@id":"https:\/\/www.organisator.ch\/management\/2024-09-17\/swiss-technology-award-2024-finalistinnen-und-finalisten-sind-bekannt\/#primaryimage","url":"https:\/\/www.organisator.ch\/wp-content\/uploads\/2024\/09\/Swiss-Technology-Award_Bild1_ps.jpg","contentUrl":"https:\/\/www.organisator.ch\/wp-content\/uploads\/2024\/09\/Swiss-Technology-Award_Bild1_ps.jpg","width":680,"height":348,"caption":"Anl\u00e4sslich von Open-i pr\u00e4sentieren am 22. November 2024 die am Finale teilnehmenden Unternehmen ihre zukunftsweisenden Projekte vor hochkar\u00e4tigem Publikum. (Bild: www.open-i.swiss)"},{"@type":"BreadcrumbList","@id":"https:\/\/www.organisator.ch\/management\/2024-09-17\/swiss-technology-award-2024-finalistinnen-und-finalisten-sind-bekannt\/#breadcrumb","itemListElement":[{"@type":"ListItem","position":1,"name":"Home","item":"https:\/\/www.organisator.ch\/"},{"@type":"ListItem","position":2,"name":"Swiss Technology Award 2024: Finalistinnen und Finalisten sind bekannt"}]},{"@type":"WebSite","@id":"https:\/\/www.organisator.ch\/#website","url":"https:\/\/www.organisator.ch\/","name":"Organisateur","description":"Comp\u00e9tence et comp\u00e9tence. Proches de la pratique. L'ORGANISATEUR pr\u00e9pare 10 num\u00e9ros par an sur les th\u00e8mes essentiels pour les dirigeants de PME.","publisher":{"@id":"https:\/\/www.organisator.ch\/#organization"},"potentialAction":[{"@type":"SearchAction","target":{"@type":"EntryPoint","urlTemplate":"https:\/\/www.organisator.ch\/?s={search_term_string}"},"query-input":{"@type":"PropertyValueSpecification","valueRequired":true,"valueName":"search_term_string"}}],"inLanguage":"fr-FR"},{"@type":"Organization","@id":"https:\/\/www.organisator.ch\/#organization","name":"Organisateur","url":"https:\/\/www.organisator.ch\/","logo":{"@type":"ImageObject","inLanguage":"fr-FR","@id":"https:\/\/www.organisator.ch\/#\/schema\/logo\/image\/","url":"https:\/\/www.organisator.ch\/wp-content\/uploads\/2022\/01\/Logo_Organisator_Website.png","contentUrl":"https:\/\/www.organisator.ch\/wp-content\/uploads\/2022\/01\/Logo_Organisator_Website.png","width":800,"height":77,"caption":"Organisator"},"image":{"@id":"https:\/\/www.organisator.ch\/#\/schema\/logo\/image\/"},"sameAs":["https:\/\/www.facebook.com\/OrganisatorFachmagazin","https:\/\/www.linkedin.com\/showcase\/organisator-das-magazin-fr-kmu","https:\/\/www.xing.com\/news\/pages\/organisator-ch-695","https:\/\/www.youtube.com\/channel\/UCGP2Sq0iWaZwT3BdIAQFYpw"]},{"@type":"Person","@id":"https:\/\/www.organisator.ch\/#\/schema\/person\/2e1314a2172123f874db408d8911d3f3","name":"Adelisa Kalajdzini","image":{"@type":"ImageObject","inLanguage":"fr-FR","@id":"https:\/\/secure.gravatar.com\/avatar\/09a397c22ac58cad6f160ee8306348599df9df58a8ede73696226897b9fa4b24?s=96&d=mm&r=g","url":"https:\/\/secure.gravatar.com\/avatar\/09a397c22ac58cad6f160ee8306348599df9df58a8ede73696226897b9fa4b24?s=96&d=mm&r=g","contentUrl":"https:\/\/secure.gravatar.com\/avatar\/09a397c22ac58cad6f160ee8306348599df9df58a8ede73696226897b9fa4b24?s=96&d=mm&r=g","caption":"Adelisa Kalajdzini"},"url":"https:\/\/www.organisator.ch\/fr\/author\/adelisa-kalajdzini\/"}]}},"_links":{"self":[{"href":"https:\/\/www.organisator.ch\/fr\/wp-json\/wp\/v2\/posts\/29873","targetHints":{"allow":["GET"]}}],"collection":[{"href":"https:\/\/www.organisator.ch\/fr\/wp-json\/wp\/v2\/posts"}],"about":[{"href":"https:\/\/www.organisator.ch\/fr\/wp-json\/wp\/v2\/types\/post"}],"author":[{"embeddable":true,"href":"https:\/\/www.organisator.ch\/fr\/wp-json\/wp\/v2\/users\/58"}],"replies":[{"embeddable":true,"href":"https:\/\/www.organisator.ch\/fr\/wp-json\/wp\/v2\/comments?post=29873"}],"version-history":[{"count":6,"href":"https:\/\/www.organisator.ch\/fr\/wp-json\/wp\/v2\/posts\/29873\/revisions"}],"predecessor-version":[{"id":29923,"href":"https:\/\/www.organisator.ch\/fr\/wp-json\/wp\/v2\/posts\/29873\/revisions\/29923"}],"wp:featuredmedia":[{"embeddable":true,"href":"https:\/\/www.organisator.ch\/fr\/wp-json\/wp\/v2\/media\/29876"}],"wp:attachment":[{"href":"https:\/\/www.organisator.ch\/fr\/wp-json\/wp\/v2\/media?parent=29873"}],"wp:term":[{"taxonomy":"category","embeddable":true,"href":"https:\/\/www.organisator.ch\/fr\/wp-json\/wp\/v2\/categories?post=29873"},{"taxonomy":"post_tag","embeddable":true,"href":"https:\/\/www.organisator.ch\/fr\/wp-json\/wp\/v2\/tags?post=29873"}],"curies":[{"name":"wp","href":"https:\/\/api.w.org\/{rel}","templated":true}]}}