{"id":29915,"date":"2024-09-18T13:42:33","date_gmt":"2024-09-18T11:42:33","guid":{"rendered":"https:\/\/www.markt-kom.com\/?p=223564"},"modified":"2024-11-08T09:13:43","modified_gmt":"2024-11-08T08:13:43","slug":"rekordteilnahme-bei-best-of-swiss-apps-2024","status":"publish","type":"post","link":"https:\/\/www.organisator.ch\/fr\/marketing\/2024-09-18\/rekordteilnahme-bei-best-of-swiss-apps-2024\/","title":{"rendered":"Participation record au Best of Swiss Apps 2024"},"content":{"rendered":"<figure id=\"attachment_216427\" class=\"wp-caption aligncenter\" style=\"width: 1200px\" aria-describedby=\"caption-attachment-216427\"><img class=\"aligncenter wp-image-216427 size-full\" src=\"https:\/\/www.markt-kom.com\/wp-content\/uploads\/2024\/06\/Best-of-Swiss-Apps-2023-Award-Night-.jpg\" alt=\"Best of Swiss Apps 2024\" width=\"1200\" height=\"675\" \/>\r\n<figcaption id=\"caption-attachment-216427\" class=\"wp-caption-text\">En 2023, Mobility Carsharing a remport\u00e9 le titre de Master of Swiss Apps. (Image : YouTube.com)<\/figcaption>\r\n<\/figure>\r\n<p>241 projets ont \u00e9t\u00e9 d\u00e9pos\u00e9s jusqu'\u00e0 lundi dans le cadre du Best of Swiss Apps. L'\u00e9dition de cette ann\u00e9e \u00e9tablit ainsi un record. Le processus de s\u00e9lection d\u00e9bute vendredi. Les experts examineront une premi\u00e8re fois tous les projets avant de se r\u00e9unir le 30 septembre pour la journ\u00e9e du jury.<\/p>\r\n<p>Le 3 octobre, nous communiquerons quels projets ont \u00e9t\u00e9 retenus sur la shortlist de Best of Swiss Apps 2024 et entreront ainsi en lice pour le titre de \"Master of Swiss Apps\".<\/p>\r\n<p>Par ailleurs, les billets pour la soir\u00e9e de remise des prix seront mis en vente au m\u00eame moment. Tous les d\u00e9posants recevront les d\u00e9tails de leurs billets le 3 octobre. Les personnes int\u00e9ress\u00e9es peuvent obtenir des places suppl\u00e9mentaires directement aupr\u00e8s des organisateurs. La remise des prix aura lieu le 19 novembre au Kongresshaus de Zurich, en combinaison avec le prix \"Best of Swiss Software\".<\/p>\r\n<p>Winner Talk en janvier<\/p>\r\n<p>Le Winner Talk de Best of Swiss Apps aura lieu le 22 janvier 2025. Les gagnants de Best of Swiss Apps 2024 expliqueront alors ce qui caract\u00e9rise un projet d'application r\u00e9ussi et r\u00e9pondront aux questions du public. L'\u00e9v\u00e9nement sera compl\u00e9t\u00e9 par une session de breakout.\u00a0<a href=\"https:\/\/pretix.eu\/bosw\/BoSAWinnerTalk-2\/\">Cliquez ici pour vous inscrire gratuitement<\/a>.<\/p>","protected":false},"excerpt":{"rendered":"<p>Le d\u00e9lai de d\u00e9p\u00f4t des candidatures pour Best of Swiss Apps 2024 a pris fin lundi dernier. 241 candidatures ont \u00e9t\u00e9 d\u00e9pos\u00e9es cette ann\u00e9e, un record. Les experts se r\u00e9uniront d\u00e8s la fin septembre pour la journ\u00e9e du jury et d\u00e9cideront quelles apps figureront sur la shortlist.<\/p>","protected":false},"author":8,"featured_media":0,"comment_status":"closed","ping_status":"closed","sticky":false,"template":"","format":"standard","meta":{"_acf_changed":false,"_yoast_wpseo_focuskw":"Best of Swiss Apps 2024","_yoast_wpseo_metadesc":"Rekordteilnahme bei Best of Swiss Apps 2024: Jurierungsprozess startet, Shortlist am 3. Oktober, Preisverleihung am 19. November.","articlekey":"","footnotes":""},"categories":[29],"tags":[66,4517],"class_list":["post-29915","post","type-post","status-publish","format-standard","hentry","category-marketing","tag-awards","tag-best-of-swiss-apps"],"acf":[],"yoast_head":"<!-- This site is optimized with the Yoast SEO plugin v27.5 - https:\/\/yoast.com\/product\/yoast-seo-wordpress\/ -->\n<title>Rekordteilnahme bei Best of Swiss Apps 2024 - Organisator<\/title>\n<meta name=\"description\" content=\"Rekordteilnahme bei Best of Swiss Apps 2024: Jurierungsprozess startet, Shortlist am 3. Oktober, Preisverleihung am 19. November.\" \/>\n<meta name=\"robots\" content=\"index, follow, max-snippet:-1, max-image-preview:large, max-video-preview:-1\" \/>\n<link rel=\"canonical\" href=\"https:\/\/www.organisator.ch\/fr\/marketing\/2024-09-18\/rekordteilnahme-bei-best-of-swiss-apps-2024\/\" \/>\n<meta property=\"og:locale\" content=\"fr_FR\" \/>\n<meta property=\"og:type\" content=\"article\" \/>\n<meta property=\"og:title\" content=\"Rekordteilnahme bei Best of Swiss Apps 2024 - Organisator\" \/>\n<meta property=\"og:description\" content=\"Rekordteilnahme bei Best of Swiss Apps 2024: Jurierungsprozess startet, Shortlist am 3. Oktober, Preisverleihung am 19. November.\" \/>\n<meta property=\"og:url\" content=\"https:\/\/www.organisator.ch\/fr\/marketing\/2024-09-18\/rekordteilnahme-bei-best-of-swiss-apps-2024\/\" \/>\n<meta property=\"og:site_name\" content=\"Organisator\" \/>\n<meta property=\"article:publisher\" content=\"https:\/\/www.facebook.com\/OrganisatorFachmagazin\" \/>\n<meta property=\"article:published_time\" content=\"2024-09-18T11:42:33+00:00\" \/>\n<meta property=\"article:modified_time\" content=\"2024-11-08T08:13:43+00:00\" \/>\n<meta property=\"og:image\" content=\"https:\/\/www.markt-kom.com\/wp-content\/uploads\/2024\/06\/Best-of-Swiss-Apps-2023-Award-Night-.jpg\" \/>\n<meta name=\"author\" content=\"galledia\" \/>\n<meta name=\"twitter:card\" content=\"summary_large_image\" \/>\n<meta name=\"twitter:creator\" content=\"@admin\" \/>\n<script type=\"application\/ld+json\" class=\"yoast-schema-graph\">{\"@context\":\"https:\\\/\\\/schema.org\",\"@graph\":[{\"@type\":\"Article\",\"@id\":\"https:\\\/\\\/www.organisator.ch\\\/marketing\\\/2024-09-18\\\/rekordteilnahme-bei-best-of-swiss-apps-2024\\\/#article\",\"isPartOf\":{\"@id\":\"https:\\\/\\\/www.organisator.ch\\\/marketing\\\/2024-09-18\\\/rekordteilnahme-bei-best-of-swiss-apps-2024\\\/\"},\"author\":{\"name\":\"galledia\",\"@id\":\"https:\\\/\\\/www.organisator.ch\\\/#\\\/schema\\\/person\\\/4e51799071cd2dd1232ac003643ef5f0\"},\"headline\":\"Rekordteilnahme bei Best of Swiss Apps 2024\",\"datePublished\":\"2024-09-18T11:42:33+00:00\",\"dateModified\":\"2024-11-08T08:13:43+00:00\",\"mainEntityOfPage\":{\"@id\":\"https:\\\/\\\/www.organisator.ch\\\/marketing\\\/2024-09-18\\\/rekordteilnahme-bei-best-of-swiss-apps-2024\\\/\"},\"wordCount\":198,\"publisher\":{\"@id\":\"https:\\\/\\\/www.organisator.ch\\\/#organization\"},\"image\":{\"@id\":\"https:\\\/\\\/www.organisator.ch\\\/marketing\\\/2024-09-18\\\/rekordteilnahme-bei-best-of-swiss-apps-2024\\\/#primaryimage\"},\"thumbnailUrl\":\"https:\\\/\\\/www.markt-kom.com\\\/wp-content\\\/uploads\\\/2024\\\/06\\\/Best-of-Swiss-Apps-2023-Award-Night-.jpg\",\"keywords\":[\"Awards\",\"Best of Swiss Apps\"],\"articleSection\":[\"MARKETING\"],\"inLanguage\":\"fr-FR\"},{\"@type\":\"WebPage\",\"@id\":\"https:\\\/\\\/www.organisator.ch\\\/marketing\\\/2024-09-18\\\/rekordteilnahme-bei-best-of-swiss-apps-2024\\\/\",\"url\":\"https:\\\/\\\/www.organisator.ch\\\/marketing\\\/2024-09-18\\\/rekordteilnahme-bei-best-of-swiss-apps-2024\\\/\",\"name\":\"Rekordteilnahme bei Best of Swiss Apps 2024 - Organisator\",\"isPartOf\":{\"@id\":\"https:\\\/\\\/www.organisator.ch\\\/#website\"},\"primaryImageOfPage\":{\"@id\":\"https:\\\/\\\/www.organisator.ch\\\/marketing\\\/2024-09-18\\\/rekordteilnahme-bei-best-of-swiss-apps-2024\\\/#primaryimage\"},\"image\":{\"@id\":\"https:\\\/\\\/www.organisator.ch\\\/marketing\\\/2024-09-18\\\/rekordteilnahme-bei-best-of-swiss-apps-2024\\\/#primaryimage\"},\"thumbnailUrl\":\"https:\\\/\\\/www.markt-kom.com\\\/wp-content\\\/uploads\\\/2024\\\/06\\\/Best-of-Swiss-Apps-2023-Award-Night-.jpg\",\"datePublished\":\"2024-09-18T11:42:33+00:00\",\"dateModified\":\"2024-11-08T08:13:43+00:00\",\"description\":\"Rekordteilnahme bei Best of Swiss Apps 2024: Jurierungsprozess startet, Shortlist am 3. Oktober, Preisverleihung am 19. November.\",\"breadcrumb\":{\"@id\":\"https:\\\/\\\/www.organisator.ch\\\/marketing\\\/2024-09-18\\\/rekordteilnahme-bei-best-of-swiss-apps-2024\\\/#breadcrumb\"},\"inLanguage\":\"fr-FR\",\"potentialAction\":[{\"@type\":\"ReadAction\",\"target\":[\"https:\\\/\\\/www.organisator.ch\\\/marketing\\\/2024-09-18\\\/rekordteilnahme-bei-best-of-swiss-apps-2024\\\/\"]}]},{\"@type\":\"ImageObject\",\"inLanguage\":\"fr-FR\",\"@id\":\"https:\\\/\\\/www.organisator.ch\\\/marketing\\\/2024-09-18\\\/rekordteilnahme-bei-best-of-swiss-apps-2024\\\/#primaryimage\",\"url\":\"https:\\\/\\\/www.markt-kom.com\\\/wp-content\\\/uploads\\\/2024\\\/06\\\/Best-of-Swiss-Apps-2023-Award-Night-.jpg\",\"contentUrl\":\"https:\\\/\\\/www.markt-kom.com\\\/wp-content\\\/uploads\\\/2024\\\/06\\\/Best-of-Swiss-Apps-2023-Award-Night-.jpg\"},{\"@type\":\"BreadcrumbList\",\"@id\":\"https:\\\/\\\/www.organisator.ch\\\/marketing\\\/2024-09-18\\\/rekordteilnahme-bei-best-of-swiss-apps-2024\\\/#breadcrumb\",\"itemListElement\":[{\"@type\":\"ListItem\",\"position\":1,\"name\":\"Home\",\"item\":\"https:\\\/\\\/www.organisator.ch\\\/\"},{\"@type\":\"ListItem\",\"position\":2,\"name\":\"Rekordteilnahme bei Best of Swiss Apps 2024\"}]},{\"@type\":\"WebSite\",\"@id\":\"https:\\\/\\\/www.organisator.ch\\\/#website\",\"url\":\"https:\\\/\\\/www.organisator.ch\\\/\",\"name\":\"Organisator\",\"description\":\"Kompetent. Praxisnah. Der ORGANISATOR bereitet in 10 Ausgaben pro Jahr die wesentlichen Themen f\u00fcr F\u00fchrungskr\u00e4fte von KMU auf.\",\"publisher\":{\"@id\":\"https:\\\/\\\/www.organisator.ch\\\/#organization\"},\"potentialAction\":[{\"@type\":\"SearchAction\",\"target\":{\"@type\":\"EntryPoint\",\"urlTemplate\":\"https:\\\/\\\/www.organisator.ch\\\/?s={search_term_string}\"},\"query-input\":{\"@type\":\"PropertyValueSpecification\",\"valueRequired\":true,\"valueName\":\"search_term_string\"}}],\"inLanguage\":\"fr-FR\"},{\"@type\":\"Organization\",\"@id\":\"https:\\\/\\\/www.organisator.ch\\\/#organization\",\"name\":\"Organisator\",\"url\":\"https:\\\/\\\/www.organisator.ch\\\/\",\"logo\":{\"@type\":\"ImageObject\",\"inLanguage\":\"fr-FR\",\"@id\":\"https:\\\/\\\/www.organisator.ch\\\/#\\\/schema\\\/logo\\\/image\\\/\",\"url\":\"https:\\\/\\\/www.organisator.ch\\\/wp-content\\\/uploads\\\/2022\\\/01\\\/Logo_Organisator_Website.png\",\"contentUrl\":\"https:\\\/\\\/www.organisator.ch\\\/wp-content\\\/uploads\\\/2022\\\/01\\\/Logo_Organisator_Website.png\",\"width\":800,\"height\":77,\"caption\":\"Organisator\"},\"image\":{\"@id\":\"https:\\\/\\\/www.organisator.ch\\\/#\\\/schema\\\/logo\\\/image\\\/\"},\"sameAs\":[\"https:\\\/\\\/www.facebook.com\\\/OrganisatorFachmagazin\",\"https:\\\/\\\/www.linkedin.com\\\/showcase\\\/organisator-das-magazin-fr-kmu\",\"https:\\\/\\\/www.xing.com\\\/news\\\/pages\\\/organisator-ch-695\",\"https:\\\/\\\/www.youtube.com\\\/channel\\\/UCGP2Sq0iWaZwT3BdIAQFYpw\"]},{\"@type\":\"Person\",\"@id\":\"https:\\\/\\\/www.organisator.ch\\\/#\\\/schema\\\/person\\\/4e51799071cd2dd1232ac003643ef5f0\",\"name\":\"galledia\",\"image\":{\"@type\":\"ImageObject\",\"inLanguage\":\"fr-FR\",\"@id\":\"https:\\\/\\\/secure.gravatar.com\\\/avatar\\\/78a7f90c01fc2bfc875782a0d4922b37cde2cf184ce347b91316d23cd7f69a36?s=96&d=mm&r=g\",\"url\":\"https:\\\/\\\/secure.gravatar.com\\\/avatar\\\/78a7f90c01fc2bfc875782a0d4922b37cde2cf184ce347b91316d23cd7f69a36?s=96&d=mm&r=g\",\"contentUrl\":\"https:\\\/\\\/secure.gravatar.com\\\/avatar\\\/78a7f90c01fc2bfc875782a0d4922b37cde2cf184ce347b91316d23cd7f69a36?s=96&d=mm&r=g\",\"caption\":\"galledia\"},\"sameAs\":[\"https:\\\/\\\/x.com\\\/admin\"],\"url\":\"https:\\\/\\\/www.organisator.ch\\\/fr\\\/author\\\/galledia\\\/\"}]}<\/script>\n<!-- \/ Yoast SEO plugin. -->","yoast_head_json":{"title":"Participation record au Best of Swiss Apps 2024 - Organisateur","description":"Participation record au Best of Swiss Apps 2024 : lancement du processus de jugement, shortlist le 3 octobre, remise des prix le 19 novembre.","robots":{"index":"index","follow":"follow","max-snippet":"max-snippet:-1","max-image-preview":"max-image-preview:large","max-video-preview":"max-video-preview:-1"},"canonical":"https:\/\/www.organisator.ch\/fr\/marketing\/2024-09-18\/rekordteilnahme-bei-best-of-swiss-apps-2024\/","og_locale":"fr_FR","og_type":"article","og_title":"Rekordteilnahme bei Best of Swiss Apps 2024 - Organisator","og_description":"Rekordteilnahme bei Best of Swiss Apps 2024: Jurierungsprozess startet, Shortlist am 3. Oktober, Preisverleihung am 19. November.","og_url":"https:\/\/www.organisator.ch\/fr\/marketing\/2024-09-18\/rekordteilnahme-bei-best-of-swiss-apps-2024\/","og_site_name":"Organisator","article_publisher":"https:\/\/www.facebook.com\/OrganisatorFachmagazin","article_published_time":"2024-09-18T11:42:33+00:00","article_modified_time":"2024-11-08T08:13:43+00:00","og_image":[{"url":"https:\/\/www.markt-kom.com\/wp-content\/uploads\/2024\/06\/Best-of-Swiss-Apps-2023-Award-Night-.jpg","type":"","width":"","height":""}],"author":"galledia","twitter_card":"summary_large_image","twitter_creator":"@admin","schema":{"@context":"https:\/\/schema.org","@graph":[{"@type":"Article","@id":"https:\/\/www.organisator.ch\/marketing\/2024-09-18\/rekordteilnahme-bei-best-of-swiss-apps-2024\/#article","isPartOf":{"@id":"https:\/\/www.organisator.ch\/marketing\/2024-09-18\/rekordteilnahme-bei-best-of-swiss-apps-2024\/"},"author":{"name":"galledia","@id":"https:\/\/www.organisator.ch\/#\/schema\/person\/4e51799071cd2dd1232ac003643ef5f0"},"headline":"Rekordteilnahme bei Best of Swiss Apps 2024","datePublished":"2024-09-18T11:42:33+00:00","dateModified":"2024-11-08T08:13:43+00:00","mainEntityOfPage":{"@id":"https:\/\/www.organisator.ch\/marketing\/2024-09-18\/rekordteilnahme-bei-best-of-swiss-apps-2024\/"},"wordCount":198,"publisher":{"@id":"https:\/\/www.organisator.ch\/#organization"},"image":{"@id":"https:\/\/www.organisator.ch\/marketing\/2024-09-18\/rekordteilnahme-bei-best-of-swiss-apps-2024\/#primaryimage"},"thumbnailUrl":"https:\/\/www.markt-kom.com\/wp-content\/uploads\/2024\/06\/Best-of-Swiss-Apps-2023-Award-Night-.jpg","keywords":["Awards","Best of Swiss Apps"],"articleSection":["MARKETING"],"inLanguage":"fr-FR"},{"@type":"WebPage","@id":"https:\/\/www.organisator.ch\/marketing\/2024-09-18\/rekordteilnahme-bei-best-of-swiss-apps-2024\/","url":"https:\/\/www.organisator.ch\/marketing\/2024-09-18\/rekordteilnahme-bei-best-of-swiss-apps-2024\/","name":"Participation record au Best of Swiss Apps 2024 - Organisateur","isPartOf":{"@id":"https:\/\/www.organisator.ch\/#website"},"primaryImageOfPage":{"@id":"https:\/\/www.organisator.ch\/marketing\/2024-09-18\/rekordteilnahme-bei-best-of-swiss-apps-2024\/#primaryimage"},"image":{"@id":"https:\/\/www.organisator.ch\/marketing\/2024-09-18\/rekordteilnahme-bei-best-of-swiss-apps-2024\/#primaryimage"},"thumbnailUrl":"https:\/\/www.markt-kom.com\/wp-content\/uploads\/2024\/06\/Best-of-Swiss-Apps-2023-Award-Night-.jpg","datePublished":"2024-09-18T11:42:33+00:00","dateModified":"2024-11-08T08:13:43+00:00","description":"Participation record au Best of Swiss Apps 2024 : lancement du processus de jugement, shortlist le 3 octobre, remise des prix le 19 novembre.","breadcrumb":{"@id":"https:\/\/www.organisator.ch\/marketing\/2024-09-18\/rekordteilnahme-bei-best-of-swiss-apps-2024\/#breadcrumb"},"inLanguage":"fr-FR","potentialAction":[{"@type":"ReadAction","target":["https:\/\/www.organisator.ch\/marketing\/2024-09-18\/rekordteilnahme-bei-best-of-swiss-apps-2024\/"]}]},{"@type":"ImageObject","inLanguage":"fr-FR","@id":"https:\/\/www.organisator.ch\/marketing\/2024-09-18\/rekordteilnahme-bei-best-of-swiss-apps-2024\/#primaryimage","url":"https:\/\/www.markt-kom.com\/wp-content\/uploads\/2024\/06\/Best-of-Swiss-Apps-2023-Award-Night-.jpg","contentUrl":"https:\/\/www.markt-kom.com\/wp-content\/uploads\/2024\/06\/Best-of-Swiss-Apps-2023-Award-Night-.jpg"},{"@type":"BreadcrumbList","@id":"https:\/\/www.organisator.ch\/marketing\/2024-09-18\/rekordteilnahme-bei-best-of-swiss-apps-2024\/#breadcrumb","itemListElement":[{"@type":"ListItem","position":1,"name":"Home","item":"https:\/\/www.organisator.ch\/"},{"@type":"ListItem","position":2,"name":"Rekordteilnahme bei Best of Swiss Apps 2024"}]},{"@type":"WebSite","@id":"https:\/\/www.organisator.ch\/#website","url":"https:\/\/www.organisator.ch\/","name":"Organisateur","description":"Comp\u00e9tence et comp\u00e9tence. Proches de la pratique. L'ORGANISATEUR pr\u00e9pare 10 num\u00e9ros par an sur les th\u00e8mes essentiels pour les dirigeants de PME.","publisher":{"@id":"https:\/\/www.organisator.ch\/#organization"},"potentialAction":[{"@type":"SearchAction","target":{"@type":"EntryPoint","urlTemplate":"https:\/\/www.organisator.ch\/?s={search_term_string}"},"query-input":{"@type":"PropertyValueSpecification","valueRequired":true,"valueName":"search_term_string"}}],"inLanguage":"fr-FR"},{"@type":"Organization","@id":"https:\/\/www.organisator.ch\/#organization","name":"Organisateur","url":"https:\/\/www.organisator.ch\/","logo":{"@type":"ImageObject","inLanguage":"fr-FR","@id":"https:\/\/www.organisator.ch\/#\/schema\/logo\/image\/","url":"https:\/\/www.organisator.ch\/wp-content\/uploads\/2022\/01\/Logo_Organisator_Website.png","contentUrl":"https:\/\/www.organisator.ch\/wp-content\/uploads\/2022\/01\/Logo_Organisator_Website.png","width":800,"height":77,"caption":"Organisator"},"image":{"@id":"https:\/\/www.organisator.ch\/#\/schema\/logo\/image\/"},"sameAs":["https:\/\/www.facebook.com\/OrganisatorFachmagazin","https:\/\/www.linkedin.com\/showcase\/organisator-das-magazin-fr-kmu","https:\/\/www.xing.com\/news\/pages\/organisator-ch-695","https:\/\/www.youtube.com\/channel\/UCGP2Sq0iWaZwT3BdIAQFYpw"]},{"@type":"Person","@id":"https:\/\/www.organisator.ch\/#\/schema\/person\/4e51799071cd2dd1232ac003643ef5f0","name":"galledia","image":{"@type":"ImageObject","inLanguage":"fr-FR","@id":"https:\/\/secure.gravatar.com\/avatar\/78a7f90c01fc2bfc875782a0d4922b37cde2cf184ce347b91316d23cd7f69a36?s=96&d=mm&r=g","url":"https:\/\/secure.gravatar.com\/avatar\/78a7f90c01fc2bfc875782a0d4922b37cde2cf184ce347b91316d23cd7f69a36?s=96&d=mm&r=g","contentUrl":"https:\/\/secure.gravatar.com\/avatar\/78a7f90c01fc2bfc875782a0d4922b37cde2cf184ce347b91316d23cd7f69a36?s=96&d=mm&r=g","caption":"galledia"},"sameAs":["https:\/\/x.com\/admin"],"url":"https:\/\/www.organisator.ch\/fr\/author\/galledia\/"}]}},"_links":{"self":[{"href":"https:\/\/www.organisator.ch\/fr\/wp-json\/wp\/v2\/posts\/29915","targetHints":{"allow":["GET"]}}],"collection":[{"href":"https:\/\/www.organisator.ch\/fr\/wp-json\/wp\/v2\/posts"}],"about":[{"href":"https:\/\/www.organisator.ch\/fr\/wp-json\/wp\/v2\/types\/post"}],"author":[{"embeddable":true,"href":"https:\/\/www.organisator.ch\/fr\/wp-json\/wp\/v2\/users\/8"}],"replies":[{"embeddable":true,"href":"https:\/\/www.organisator.ch\/fr\/wp-json\/wp\/v2\/comments?post=29915"}],"version-history":[{"count":4,"href":"https:\/\/www.organisator.ch\/fr\/wp-json\/wp\/v2\/posts\/29915\/revisions"}],"predecessor-version":[{"id":31922,"href":"https:\/\/www.organisator.ch\/fr\/wp-json\/wp\/v2\/posts\/29915\/revisions\/31922"}],"wp:attachment":[{"href":"https:\/\/www.organisator.ch\/fr\/wp-json\/wp\/v2\/media?parent=29915"}],"wp:term":[{"taxonomy":"category","embeddable":true,"href":"https:\/\/www.organisator.ch\/fr\/wp-json\/wp\/v2\/categories?post=29915"},{"taxonomy":"post_tag","embeddable":true,"href":"https:\/\/www.organisator.ch\/fr\/wp-json\/wp\/v2\/tags?post=29915"}],"curies":[{"name":"wp","href":"https:\/\/api.w.org\/{rel}","templated":true}]}}