{"id":29959,"date":"2024-09-20T07:12:35","date_gmt":"2024-09-20T05:12:35","guid":{"rendered":"https:\/\/www.m-q.ch\/?p=20332"},"modified":"2024-11-08T08:44:08","modified_gmt":"2024-11-08T07:44:08","slug":"investitionen-in-cyberschutz-haben-prioritaet-aber-nicht-bei-allen-unternehmen","status":"publish","type":"post","link":"https:\/\/www.organisator.ch\/fr\/operational-excellence\/2024-09-20\/investitionen-in-cyberschutz-haben-prioritaet-aber-nicht-bei-allen-unternehmen\/","title":{"rendered":"Investir dans la cyberprotection est une priorit\u00e9, mais pas pour toutes les entreprises"},"content":{"rendered":"<figure id=\"attachment_20334\" class=\"wp-caption alignnone\" style=\"width: 680px\" aria-describedby=\"caption-attachment-20334\"><img class=\"alignnone wp-image-20334 size-full\" src=\"https:\/\/www.m-q.ch\/wp-content\/uploads\/2024\/09\/Sophos_Bild1_ps.jpg\" alt=\"Cybers\u00e9curit\u00e9 r\u00e9gion DACH 2024\" width=\"680\" height=\"431\" \/>\r\n<figcaption id=\"caption-attachment-20334\" class=\"wp-caption-text\">La principale motivation pour le d\u00e9veloppement de la cybers\u00e9curit\u00e9 dans les entreprises de la r\u00e9gion DACH est la prise de conscience croissante des cons\u00e9quences \u00e9conomiques. (Image : www.depositphotos.com)<\/figcaption>\r\n<\/figure>\r\n<p>Selon les derniers chiffres de l'\u00e9tude de gestion de Sophos, la menace de dommages \u00e9conomiques dus aux cyber-attaques est la principale raison des investissements dans la cyber-protection. Les managers allemands et autrichiens citent la prise de conscience des cons\u00e9quences \u00e9conomiques des cyberattaques comme principale raison d'investissement au cours des trois derni\u00e8res ann\u00e9es, avec respectivement 23,4 % (D) et 24 % (AUT). La Suisse se montre encore plus sensible \u00e0 ce sujet et souligne m\u00eame \u00e0 36 % avoir investi dans la cybers\u00e9curit\u00e9 en raison des dommages \u00e9conomiques potentiels.<\/p>\r\n<h3><strong>Ransomware et transformation num\u00e9rique<\/strong><\/h3>\r\n<p>Dans les trois pays, la deuxi\u00e8me raison la plus fr\u00e9quente de renforcer la s\u00e9curit\u00e9 informatique dans l'entreprise est la menace croissante d'attaques telles que les ransomwares. Cet aspect a \u00e9t\u00e9 soulign\u00e9 par 21,4 % des personnes interrog\u00e9es en Allemagne, 20 % en Autriche et 28 % en Suisse, soit une fois de plus la majorit\u00e9.<\/p>\r\n<p>La transformation num\u00e9rique dans les entreprises est une autre motivation d\u00e9terminante pour renforcer la protection des syst\u00e8mes informatiques. Elle arrive en troisi\u00e8me position des raisons d'investissement en faveur de la cyberprotection dans les trois pays, avec 18,4 % pour les patrons allemands, 14,9 % pour les Autrichiens et 20 % pour les Suisses.<\/p>\r\n<h3><strong>Exigences l\u00e9gales ou d'assurance subordonn\u00e9es<\/strong><\/h3>\r\n<p>Par rapport aux principales raisons d'investir dans la cyberprotection, les aspects tels que les exigences en mati\u00e8re de cyberassurance (Allemagne 2 %, Autriche 4 %, Suisse 4 %) ou les lois en vigueur sur l'informatique et la cyberprotection telles que le RGPD ou NIS II ont en revanche \u00e9t\u00e9 moins pris en compte. Ce dernier aspect a \u00e9t\u00e9 cit\u00e9 \u00e0 8 % en Allemagne et en Autriche, alors qu'il ne faisait pas partie de l'enqu\u00eate en Suisse.<\/p>\r\n<h3><strong>Les cyberattaques d'origine \u00e9tatique en queue de peloton, 10 % n'ont pas investi du tout<\/strong><\/h3>\r\n<p>Rares sont les personnes interrog\u00e9es qui indiquent que la protection contre les cyberattaques initi\u00e9es par l'\u00c9tat a \u00e9t\u00e9 une motivation pour le d\u00e9veloppement de la s\u00e9curit\u00e9 informatique - en Allemagne, ce sont 2,5 %, en Suisse 2 % et en Autriche, cet aspect n'est m\u00eame cit\u00e9 par personne.<\/p>\r\n<p>Malgr\u00e9 l'augmentation constante des dangers, certaines entreprises ont d\u00e9clar\u00e9 ne pas avoir renforc\u00e9 leur cyberprotection au cours des trois derni\u00e8res ann\u00e9es. C'\u00e9tait le cas de 10 % des personnes interrog\u00e9es en Allemagne, de 14 % en Autriche et de 6 % en Suisse.<\/p>\r\n<p>Bien qu'une minorit\u00e9 d'entreprises d\u00e9clarent ne pas avoir am\u00e9lior\u00e9 leur s\u00e9curit\u00e9 au cours des derni\u00e8res ann\u00e9es, Michael Veit, \u00e9vang\u00e9liste s\u00e9curit\u00e9 chez Sophos, estime que si toutes les entreprises n'investissent pas dans leur cyberprotection, c'est un \u00e9chec. \"Les entreprises doivent prendre conscience que les investissements dans la s\u00e9curit\u00e9 informatique ne doivent plus \u00eatre consid\u00e9r\u00e9s comme un facteur de co\u00fbt, mais comme une (sur)assurance-vie\", dit-il. \"Celles qui n'en tiennent pas compte peuvent compter \u00e0 rebours jusqu'\u00e0 ce que leurs activit\u00e9s soient paralys\u00e9es par une cyberattaque\".<\/p>\r\n<p><em>Source : <a href=\"http:\/\/www.sophos.com\/\">www.sophos.com<\/a><\/em><\/p>\n<p class=\"syndicated-attribution\">Cet article est paru initialement sur m-q.ch - <a href=\"https:\/\/www.m-q.ch\/de\/investitionen-in-cyberschutz-haben-prioritaet-aber-nicht-bei-allen-unternehmen\/\" target=\"_blank\">https:\/\/www.m-q.ch\/de\/investitionen-in-cyberschutz-haben-prioritaet-aber-nicht-bei-allen-unternehmen\/<\/a><\/p>","protected":false},"excerpt":{"rendered":"<p>Selon la direction, les principales motivations pour le d\u00e9veloppement de la cybers\u00e9curit\u00e9 dans les entreprises en Allemagne, en Autriche et en Suisse sont la prise de conscience croissante des cons\u00e9quences \u00e9conomiques. En moyenne, 10 % des entreprises de la r\u00e9gion DACH ont en outre indiqu\u00e9 ne pas avoir du tout investi dans la cybers\u00e9curit\u00e9 au cours des derni\u00e8res ann\u00e9es.<\/p>","protected":false},"author":58,"featured_media":0,"comment_status":"closed","ping_status":"closed","sticky":false,"template":"","format":"standard","meta":{"_acf_changed":false,"_yoast_wpseo_focuskw":"Cybersicherheit DACH-Region 2024","_yoast_wpseo_metadesc":"Wirtschaftliche Sch\u00e4den durch Cyberangriffe treiben Investitionen in Cybersicherheit in der DACH-Region, laut Sophos-Studie 2024.","articlekey":"","footnotes":""},"categories":[582],"tags":[608,146,1441,418,492],"class_list":["post-29959","post","type-post","status-publish","format-standard","hentry","category-operational-excellence","tag-cybersicherheit","tag-datenschutz","tag-investition","tag-risikomanagement","tag-unternehmen"],"acf":[],"yoast_head":"<!-- This site is optimized with the Yoast SEO plugin v27.5 - https:\/\/yoast.com\/product\/yoast-seo-wordpress\/ -->\n<title>Investitionen in Cyberschutz haben Priorit\u00e4t \u2013 aber nicht bei allen Unternehmen - Organisator<\/title>\n<meta name=\"description\" content=\"Wirtschaftliche Sch\u00e4den durch Cyberangriffe treiben Investitionen in Cybersicherheit in der DACH-Region, laut Sophos-Studie 2024.\" \/>\n<meta name=\"robots\" content=\"index, follow, max-snippet:-1, max-image-preview:large, max-video-preview:-1\" \/>\n<link rel=\"canonical\" href=\"https:\/\/www.organisator.ch\/fr\/excellence-operationnelle\/2024-09-20\/investitionen-in-cyberschutz-haben-prioritaet-aber-nicht-bei-allen-unternehmen\/\" \/>\n<meta property=\"og:locale\" content=\"fr_FR\" \/>\n<meta property=\"og:type\" content=\"article\" \/>\n<meta property=\"og:title\" content=\"Investitionen in Cyberschutz haben Priorit\u00e4t \u2013 aber nicht bei allen Unternehmen - Organisator\" \/>\n<meta property=\"og:description\" content=\"Wirtschaftliche Sch\u00e4den durch Cyberangriffe treiben Investitionen in Cybersicherheit in der DACH-Region, laut Sophos-Studie 2024.\" \/>\n<meta property=\"og:url\" content=\"https:\/\/www.organisator.ch\/fr\/excellence-operationnelle\/2024-09-20\/investitionen-in-cyberschutz-haben-prioritaet-aber-nicht-bei-allen-unternehmen\/\" \/>\n<meta property=\"og:site_name\" content=\"Organisator\" \/>\n<meta property=\"article:publisher\" content=\"https:\/\/www.facebook.com\/OrganisatorFachmagazin\" \/>\n<meta property=\"article:published_time\" content=\"2024-09-20T05:12:35+00:00\" \/>\n<meta property=\"article:modified_time\" content=\"2024-11-08T07:44:08+00:00\" \/>\n<meta property=\"og:image\" content=\"https:\/\/www.m-q.ch\/wp-content\/uploads\/2024\/09\/Sophos_Bild1_ps.jpg\" \/>\n<meta name=\"author\" content=\"Adelisa Kalajdzini\" \/>\n<meta name=\"twitter:card\" content=\"summary_large_image\" \/>\n<script type=\"application\/ld+json\" class=\"yoast-schema-graph\">{\"@context\":\"https:\\\/\\\/schema.org\",\"@graph\":[{\"@type\":\"Article\",\"@id\":\"https:\\\/\\\/www.organisator.ch\\\/operational-excellence\\\/2024-09-20\\\/investitionen-in-cyberschutz-haben-prioritaet-aber-nicht-bei-allen-unternehmen\\\/#article\",\"isPartOf\":{\"@id\":\"https:\\\/\\\/www.organisator.ch\\\/operational-excellence\\\/2024-09-20\\\/investitionen-in-cyberschutz-haben-prioritaet-aber-nicht-bei-allen-unternehmen\\\/\"},\"author\":{\"name\":\"Adelisa Kalajdzini\",\"@id\":\"https:\\\/\\\/www.organisator.ch\\\/#\\\/schema\\\/person\\\/2e1314a2172123f874db408d8911d3f3\"},\"headline\":\"Investitionen in Cyberschutz haben Priorit\u00e4t \u2013 aber nicht bei allen Unternehmen\",\"datePublished\":\"2024-09-20T05:12:35+00:00\",\"dateModified\":\"2024-11-08T07:44:08+00:00\",\"mainEntityOfPage\":{\"@id\":\"https:\\\/\\\/www.organisator.ch\\\/operational-excellence\\\/2024-09-20\\\/investitionen-in-cyberschutz-haben-prioritaet-aber-nicht-bei-allen-unternehmen\\\/\"},\"wordCount\":448,\"publisher\":{\"@id\":\"https:\\\/\\\/www.organisator.ch\\\/#organization\"},\"image\":{\"@id\":\"https:\\\/\\\/www.organisator.ch\\\/operational-excellence\\\/2024-09-20\\\/investitionen-in-cyberschutz-haben-prioritaet-aber-nicht-bei-allen-unternehmen\\\/#primaryimage\"},\"thumbnailUrl\":\"https:\\\/\\\/www.m-q.ch\\\/wp-content\\\/uploads\\\/2024\\\/09\\\/Sophos_Bild1_ps.jpg\",\"keywords\":[\"Cybersicherheit\",\"Datenschutz\",\"Investition\",\"Risikomanagement\",\"Unternehmen\"],\"articleSection\":[\"OPERATIONAL EXCELLENCE\"],\"inLanguage\":\"fr-FR\"},{\"@type\":\"WebPage\",\"@id\":\"https:\\\/\\\/www.organisator.ch\\\/operational-excellence\\\/2024-09-20\\\/investitionen-in-cyberschutz-haben-prioritaet-aber-nicht-bei-allen-unternehmen\\\/\",\"url\":\"https:\\\/\\\/www.organisator.ch\\\/operational-excellence\\\/2024-09-20\\\/investitionen-in-cyberschutz-haben-prioritaet-aber-nicht-bei-allen-unternehmen\\\/\",\"name\":\"Investitionen in Cyberschutz haben Priorit\u00e4t \u2013 aber nicht bei allen Unternehmen - Organisator\",\"isPartOf\":{\"@id\":\"https:\\\/\\\/www.organisator.ch\\\/#website\"},\"primaryImageOfPage\":{\"@id\":\"https:\\\/\\\/www.organisator.ch\\\/operational-excellence\\\/2024-09-20\\\/investitionen-in-cyberschutz-haben-prioritaet-aber-nicht-bei-allen-unternehmen\\\/#primaryimage\"},\"image\":{\"@id\":\"https:\\\/\\\/www.organisator.ch\\\/operational-excellence\\\/2024-09-20\\\/investitionen-in-cyberschutz-haben-prioritaet-aber-nicht-bei-allen-unternehmen\\\/#primaryimage\"},\"thumbnailUrl\":\"https:\\\/\\\/www.m-q.ch\\\/wp-content\\\/uploads\\\/2024\\\/09\\\/Sophos_Bild1_ps.jpg\",\"datePublished\":\"2024-09-20T05:12:35+00:00\",\"dateModified\":\"2024-11-08T07:44:08+00:00\",\"description\":\"Wirtschaftliche Sch\u00e4den durch Cyberangriffe treiben Investitionen in Cybersicherheit in der DACH-Region, laut Sophos-Studie 2024.\",\"breadcrumb\":{\"@id\":\"https:\\\/\\\/www.organisator.ch\\\/operational-excellence\\\/2024-09-20\\\/investitionen-in-cyberschutz-haben-prioritaet-aber-nicht-bei-allen-unternehmen\\\/#breadcrumb\"},\"inLanguage\":\"fr-FR\",\"potentialAction\":[{\"@type\":\"ReadAction\",\"target\":[\"https:\\\/\\\/www.organisator.ch\\\/operational-excellence\\\/2024-09-20\\\/investitionen-in-cyberschutz-haben-prioritaet-aber-nicht-bei-allen-unternehmen\\\/\"]}]},{\"@type\":\"ImageObject\",\"inLanguage\":\"fr-FR\",\"@id\":\"https:\\\/\\\/www.organisator.ch\\\/operational-excellence\\\/2024-09-20\\\/investitionen-in-cyberschutz-haben-prioritaet-aber-nicht-bei-allen-unternehmen\\\/#primaryimage\",\"url\":\"https:\\\/\\\/www.m-q.ch\\\/wp-content\\\/uploads\\\/2024\\\/09\\\/Sophos_Bild1_ps.jpg\",\"contentUrl\":\"https:\\\/\\\/www.m-q.ch\\\/wp-content\\\/uploads\\\/2024\\\/09\\\/Sophos_Bild1_ps.jpg\"},{\"@type\":\"BreadcrumbList\",\"@id\":\"https:\\\/\\\/www.organisator.ch\\\/operational-excellence\\\/2024-09-20\\\/investitionen-in-cyberschutz-haben-prioritaet-aber-nicht-bei-allen-unternehmen\\\/#breadcrumb\",\"itemListElement\":[{\"@type\":\"ListItem\",\"position\":1,\"name\":\"Home\",\"item\":\"https:\\\/\\\/www.organisator.ch\\\/\"},{\"@type\":\"ListItem\",\"position\":2,\"name\":\"Investitionen in Cyberschutz haben Priorit\u00e4t \u2013 aber nicht bei allen Unternehmen\"}]},{\"@type\":\"WebSite\",\"@id\":\"https:\\\/\\\/www.organisator.ch\\\/#website\",\"url\":\"https:\\\/\\\/www.organisator.ch\\\/\",\"name\":\"Organisator\",\"description\":\"Kompetent. Praxisnah. Der ORGANISATOR bereitet in 10 Ausgaben pro Jahr die wesentlichen Themen f\u00fcr F\u00fchrungskr\u00e4fte von KMU auf.\",\"publisher\":{\"@id\":\"https:\\\/\\\/www.organisator.ch\\\/#organization\"},\"potentialAction\":[{\"@type\":\"SearchAction\",\"target\":{\"@type\":\"EntryPoint\",\"urlTemplate\":\"https:\\\/\\\/www.organisator.ch\\\/?s={search_term_string}\"},\"query-input\":{\"@type\":\"PropertyValueSpecification\",\"valueRequired\":true,\"valueName\":\"search_term_string\"}}],\"inLanguage\":\"fr-FR\"},{\"@type\":\"Organization\",\"@id\":\"https:\\\/\\\/www.organisator.ch\\\/#organization\",\"name\":\"Organisator\",\"url\":\"https:\\\/\\\/www.organisator.ch\\\/\",\"logo\":{\"@type\":\"ImageObject\",\"inLanguage\":\"fr-FR\",\"@id\":\"https:\\\/\\\/www.organisator.ch\\\/#\\\/schema\\\/logo\\\/image\\\/\",\"url\":\"https:\\\/\\\/www.organisator.ch\\\/wp-content\\\/uploads\\\/2022\\\/01\\\/Logo_Organisator_Website.png\",\"contentUrl\":\"https:\\\/\\\/www.organisator.ch\\\/wp-content\\\/uploads\\\/2022\\\/01\\\/Logo_Organisator_Website.png\",\"width\":800,\"height\":77,\"caption\":\"Organisator\"},\"image\":{\"@id\":\"https:\\\/\\\/www.organisator.ch\\\/#\\\/schema\\\/logo\\\/image\\\/\"},\"sameAs\":[\"https:\\\/\\\/www.facebook.com\\\/OrganisatorFachmagazin\",\"https:\\\/\\\/www.linkedin.com\\\/showcase\\\/organisator-das-magazin-fr-kmu\",\"https:\\\/\\\/www.xing.com\\\/news\\\/pages\\\/organisator-ch-695\",\"https:\\\/\\\/www.youtube.com\\\/channel\\\/UCGP2Sq0iWaZwT3BdIAQFYpw\"]},{\"@type\":\"Person\",\"@id\":\"https:\\\/\\\/www.organisator.ch\\\/#\\\/schema\\\/person\\\/2e1314a2172123f874db408d8911d3f3\",\"name\":\"Adelisa Kalajdzini\",\"image\":{\"@type\":\"ImageObject\",\"inLanguage\":\"fr-FR\",\"@id\":\"https:\\\/\\\/secure.gravatar.com\\\/avatar\\\/09a397c22ac58cad6f160ee8306348599df9df58a8ede73696226897b9fa4b24?s=96&d=mm&r=g\",\"url\":\"https:\\\/\\\/secure.gravatar.com\\\/avatar\\\/09a397c22ac58cad6f160ee8306348599df9df58a8ede73696226897b9fa4b24?s=96&d=mm&r=g\",\"contentUrl\":\"https:\\\/\\\/secure.gravatar.com\\\/avatar\\\/09a397c22ac58cad6f160ee8306348599df9df58a8ede73696226897b9fa4b24?s=96&d=mm&r=g\",\"caption\":\"Adelisa Kalajdzini\"},\"url\":\"https:\\\/\\\/www.organisator.ch\\\/fr\\\/author\\\/adelisa-kalajdzini\\\/\"}]}<\/script>\n<!-- \/ Yoast SEO plugin. -->","yoast_head_json":{"title":"Investir dans la cyberprotection est une priorit\u00e9 - mais pas pour toutes les entreprises - Organisateur","description":"Les dommages \u00e9conomiques caus\u00e9s par les cyber-attaques poussent les investissements dans la cyber-s\u00e9curit\u00e9 dans la r\u00e9gion DACH, selon l'\u00e9tude 2024 de Sophos.","robots":{"index":"index","follow":"follow","max-snippet":"max-snippet:-1","max-image-preview":"max-image-preview:large","max-video-preview":"max-video-preview:-1"},"canonical":"https:\/\/www.organisator.ch\/fr\/excellence-operationnelle\/2024-09-20\/investitionen-in-cyberschutz-haben-prioritaet-aber-nicht-bei-allen-unternehmen\/","og_locale":"fr_FR","og_type":"article","og_title":"Investitionen in Cyberschutz haben Priorit\u00e4t \u2013 aber nicht bei allen Unternehmen - Organisator","og_description":"Wirtschaftliche Sch\u00e4den durch Cyberangriffe treiben Investitionen in Cybersicherheit in der DACH-Region, laut Sophos-Studie 2024.","og_url":"https:\/\/www.organisator.ch\/fr\/excellence-operationnelle\/2024-09-20\/investitionen-in-cyberschutz-haben-prioritaet-aber-nicht-bei-allen-unternehmen\/","og_site_name":"Organisator","article_publisher":"https:\/\/www.facebook.com\/OrganisatorFachmagazin","article_published_time":"2024-09-20T05:12:35+00:00","article_modified_time":"2024-11-08T07:44:08+00:00","og_image":[{"url":"https:\/\/www.m-q.ch\/wp-content\/uploads\/2024\/09\/Sophos_Bild1_ps.jpg","type":"","width":"","height":""}],"author":"Adelisa Kalajdzini","twitter_card":"summary_large_image","schema":{"@context":"https:\/\/schema.org","@graph":[{"@type":"Article","@id":"https:\/\/www.organisator.ch\/operational-excellence\/2024-09-20\/investitionen-in-cyberschutz-haben-prioritaet-aber-nicht-bei-allen-unternehmen\/#article","isPartOf":{"@id":"https:\/\/www.organisator.ch\/operational-excellence\/2024-09-20\/investitionen-in-cyberschutz-haben-prioritaet-aber-nicht-bei-allen-unternehmen\/"},"author":{"name":"Adelisa Kalajdzini","@id":"https:\/\/www.organisator.ch\/#\/schema\/person\/2e1314a2172123f874db408d8911d3f3"},"headline":"Investitionen in Cyberschutz haben Priorit\u00e4t \u2013 aber nicht bei allen Unternehmen","datePublished":"2024-09-20T05:12:35+00:00","dateModified":"2024-11-08T07:44:08+00:00","mainEntityOfPage":{"@id":"https:\/\/www.organisator.ch\/operational-excellence\/2024-09-20\/investitionen-in-cyberschutz-haben-prioritaet-aber-nicht-bei-allen-unternehmen\/"},"wordCount":448,"publisher":{"@id":"https:\/\/www.organisator.ch\/#organization"},"image":{"@id":"https:\/\/www.organisator.ch\/operational-excellence\/2024-09-20\/investitionen-in-cyberschutz-haben-prioritaet-aber-nicht-bei-allen-unternehmen\/#primaryimage"},"thumbnailUrl":"https:\/\/www.m-q.ch\/wp-content\/uploads\/2024\/09\/Sophos_Bild1_ps.jpg","keywords":["Cybersicherheit","Datenschutz","Investition","Risikomanagement","Unternehmen"],"articleSection":["OPERATIONAL EXCELLENCE"],"inLanguage":"fr-FR"},{"@type":"WebPage","@id":"https:\/\/www.organisator.ch\/operational-excellence\/2024-09-20\/investitionen-in-cyberschutz-haben-prioritaet-aber-nicht-bei-allen-unternehmen\/","url":"https:\/\/www.organisator.ch\/operational-excellence\/2024-09-20\/investitionen-in-cyberschutz-haben-prioritaet-aber-nicht-bei-allen-unternehmen\/","name":"Investir dans la cyberprotection est une priorit\u00e9 - mais pas pour toutes les entreprises - Organisateur","isPartOf":{"@id":"https:\/\/www.organisator.ch\/#website"},"primaryImageOfPage":{"@id":"https:\/\/www.organisator.ch\/operational-excellence\/2024-09-20\/investitionen-in-cyberschutz-haben-prioritaet-aber-nicht-bei-allen-unternehmen\/#primaryimage"},"image":{"@id":"https:\/\/www.organisator.ch\/operational-excellence\/2024-09-20\/investitionen-in-cyberschutz-haben-prioritaet-aber-nicht-bei-allen-unternehmen\/#primaryimage"},"thumbnailUrl":"https:\/\/www.m-q.ch\/wp-content\/uploads\/2024\/09\/Sophos_Bild1_ps.jpg","datePublished":"2024-09-20T05:12:35+00:00","dateModified":"2024-11-08T07:44:08+00:00","description":"Les dommages \u00e9conomiques caus\u00e9s par les cyber-attaques poussent les investissements dans la cyber-s\u00e9curit\u00e9 dans la r\u00e9gion DACH, selon l'\u00e9tude 2024 de Sophos.","breadcrumb":{"@id":"https:\/\/www.organisator.ch\/operational-excellence\/2024-09-20\/investitionen-in-cyberschutz-haben-prioritaet-aber-nicht-bei-allen-unternehmen\/#breadcrumb"},"inLanguage":"fr-FR","potentialAction":[{"@type":"ReadAction","target":["https:\/\/www.organisator.ch\/operational-excellence\/2024-09-20\/investitionen-in-cyberschutz-haben-prioritaet-aber-nicht-bei-allen-unternehmen\/"]}]},{"@type":"ImageObject","inLanguage":"fr-FR","@id":"https:\/\/www.organisator.ch\/operational-excellence\/2024-09-20\/investitionen-in-cyberschutz-haben-prioritaet-aber-nicht-bei-allen-unternehmen\/#primaryimage","url":"https:\/\/www.m-q.ch\/wp-content\/uploads\/2024\/09\/Sophos_Bild1_ps.jpg","contentUrl":"https:\/\/www.m-q.ch\/wp-content\/uploads\/2024\/09\/Sophos_Bild1_ps.jpg"},{"@type":"BreadcrumbList","@id":"https:\/\/www.organisator.ch\/operational-excellence\/2024-09-20\/investitionen-in-cyberschutz-haben-prioritaet-aber-nicht-bei-allen-unternehmen\/#breadcrumb","itemListElement":[{"@type":"ListItem","position":1,"name":"Home","item":"https:\/\/www.organisator.ch\/"},{"@type":"ListItem","position":2,"name":"Investitionen in Cyberschutz haben Priorit\u00e4t \u2013 aber nicht bei allen Unternehmen"}]},{"@type":"WebSite","@id":"https:\/\/www.organisator.ch\/#website","url":"https:\/\/www.organisator.ch\/","name":"Organisateur","description":"Comp\u00e9tence et comp\u00e9tence. Proches de la pratique. L'ORGANISATEUR pr\u00e9pare 10 num\u00e9ros par an sur les th\u00e8mes essentiels pour les dirigeants de PME.","publisher":{"@id":"https:\/\/www.organisator.ch\/#organization"},"potentialAction":[{"@type":"SearchAction","target":{"@type":"EntryPoint","urlTemplate":"https:\/\/www.organisator.ch\/?s={search_term_string}"},"query-input":{"@type":"PropertyValueSpecification","valueRequired":true,"valueName":"search_term_string"}}],"inLanguage":"fr-FR"},{"@type":"Organization","@id":"https:\/\/www.organisator.ch\/#organization","name":"Organisateur","url":"https:\/\/www.organisator.ch\/","logo":{"@type":"ImageObject","inLanguage":"fr-FR","@id":"https:\/\/www.organisator.ch\/#\/schema\/logo\/image\/","url":"https:\/\/www.organisator.ch\/wp-content\/uploads\/2022\/01\/Logo_Organisator_Website.png","contentUrl":"https:\/\/www.organisator.ch\/wp-content\/uploads\/2022\/01\/Logo_Organisator_Website.png","width":800,"height":77,"caption":"Organisator"},"image":{"@id":"https:\/\/www.organisator.ch\/#\/schema\/logo\/image\/"},"sameAs":["https:\/\/www.facebook.com\/OrganisatorFachmagazin","https:\/\/www.linkedin.com\/showcase\/organisator-das-magazin-fr-kmu","https:\/\/www.xing.com\/news\/pages\/organisator-ch-695","https:\/\/www.youtube.com\/channel\/UCGP2Sq0iWaZwT3BdIAQFYpw"]},{"@type":"Person","@id":"https:\/\/www.organisator.ch\/#\/schema\/person\/2e1314a2172123f874db408d8911d3f3","name":"Adelisa Kalajdzini","image":{"@type":"ImageObject","inLanguage":"fr-FR","@id":"https:\/\/secure.gravatar.com\/avatar\/09a397c22ac58cad6f160ee8306348599df9df58a8ede73696226897b9fa4b24?s=96&d=mm&r=g","url":"https:\/\/secure.gravatar.com\/avatar\/09a397c22ac58cad6f160ee8306348599df9df58a8ede73696226897b9fa4b24?s=96&d=mm&r=g","contentUrl":"https:\/\/secure.gravatar.com\/avatar\/09a397c22ac58cad6f160ee8306348599df9df58a8ede73696226897b9fa4b24?s=96&d=mm&r=g","caption":"Adelisa Kalajdzini"},"url":"https:\/\/www.organisator.ch\/fr\/author\/adelisa-kalajdzini\/"}]}},"_links":{"self":[{"href":"https:\/\/www.organisator.ch\/fr\/wp-json\/wp\/v2\/posts\/29959","targetHints":{"allow":["GET"]}}],"collection":[{"href":"https:\/\/www.organisator.ch\/fr\/wp-json\/wp\/v2\/posts"}],"about":[{"href":"https:\/\/www.organisator.ch\/fr\/wp-json\/wp\/v2\/types\/post"}],"author":[{"embeddable":true,"href":"https:\/\/www.organisator.ch\/fr\/wp-json\/wp\/v2\/users\/58"}],"replies":[{"embeddable":true,"href":"https:\/\/www.organisator.ch\/fr\/wp-json\/wp\/v2\/comments?post=29959"}],"version-history":[{"count":6,"href":"https:\/\/www.organisator.ch\/fr\/wp-json\/wp\/v2\/posts\/29959\/revisions"}],"predecessor-version":[{"id":31905,"href":"https:\/\/www.organisator.ch\/fr\/wp-json\/wp\/v2\/posts\/29959\/revisions\/31905"}],"wp:attachment":[{"href":"https:\/\/www.organisator.ch\/fr\/wp-json\/wp\/v2\/media?parent=29959"}],"wp:term":[{"taxonomy":"category","embeddable":true,"href":"https:\/\/www.organisator.ch\/fr\/wp-json\/wp\/v2\/categories?post=29959"},{"taxonomy":"post_tag","embeddable":true,"href":"https:\/\/www.organisator.ch\/fr\/wp-json\/wp\/v2\/tags?post=29959"}],"curies":[{"name":"wp","href":"https:\/\/api.w.org\/{rel}","templated":true}]}}