{"id":2996,"date":"2018-01-17T08:25:59","date_gmt":"2018-01-17T07:25:59","guid":{"rendered":"https:\/\/www.organisator.ch\/?p=2996"},"modified":"2018-01-17T08:25:59","modified_gmt":"2018-01-17T07:25:59","slug":"ict-branche-umsatzstark-und-optimistisch-in-die-zukunft","status":"publish","type":"post","link":"https:\/\/www.organisator.ch\/fr\/management\/it\/2018-01-17\/ict-branche-umsatzstark-und-optimistisch-in-die-zukunft\/","title":{"rendered":"Secteur des TIC : chiffre d'affaires \u00e9lev\u00e9 et optimisme pour l'avenir"},"content":{"rendered":"<figure id=\"attachment_2998\" aria-describedby=\"caption-attachment-2998\" style=\"width: 640px\" class=\"wp-caption alignnone\"><img loading=\"lazy\" decoding=\"async\" class=\"size-full wp-image-2998\" src=\"https:\/\/www.organisator.ch\/wp-content\/uploads\/2018\/01\/ICT-Branche-umsatzstark-und-optimistisch-in-die-Zukunft_Organisator.jpg\" alt=\"\" width=\"640\" height=\"428\" srcset=\"https:\/\/www.organisator.ch\/wp-content\/uploads\/2018\/01\/ICT-Branche-umsatzstark-und-optimistisch-in-die-Zukunft_Organisator.jpg 640w, https:\/\/www.organisator.ch\/wp-content\/uploads\/2018\/01\/ICT-Branche-umsatzstark-und-optimistisch-in-die-Zukunft_Organisator-16x12.jpg 16w, https:\/\/www.organisator.ch\/wp-content\/uploads\/2018\/01\/ICT-Branche-umsatzstark-und-optimistisch-in-die-Zukunft_Organisator-262x175.jpg 262w, https:\/\/www.organisator.ch\/wp-content\/uploads\/2018\/01\/ICT-Branche-umsatzstark-und-optimistisch-in-die-Zukunft_Organisator-523x350.jpg 523w, https:\/\/www.organisator.ch\/wp-content\/uploads\/2018\/01\/ICT-Branche-umsatzstark-und-optimistisch-in-die-Zukunft_Organisator-300x201.jpg 300w\" sizes=\"auto, (max-width: 640px) 100vw, 640px\" \/><figcaption id=\"caption-attachment-2998\" class=\"wp-caption-text\">Le secteur des TIC en Suisse est plus optimiste qu'il ne l'a \u00e9t\u00e9 depuis longtemps. (Image : Fotolia.com)<\/figcaption><\/figure>\n<p>Le march\u00e9 suisse des TIC a connu une croissance de 2,3 % en 2017 et r\u00e9alise un chiffre d'affaires total de 31,4 milliards de francs suisses. C'est ce que montrent les donn\u00e9es actuelles de l'European Technology Observatory (EITO), pr\u00e9sent\u00e9es le 16 janvier lors de la conf\u00e9rence de presse annuelle de Swico \u00e0 Zurich. Pour l'ann\u00e9e 2018, l'EITO pr\u00e9voit \u00e0 nouveau une augmentation du chiffre d'affaires de 2,2 % pour le secteur suisse des TIC. Le march\u00e9 europ\u00e9en des TIC se porte \u00e9galement bien : le chiffre d'affaires total a augment\u00e9 de 2,5 pour cent en 2017 pour atteindre 688 milliards d'euros.<\/p>\n<h2>Repr\u00e9senter avec succ\u00e8s les int\u00e9r\u00eats du secteur des TIC<\/h2>\n<p>Le plaidoyer intensif de Swico pour les int\u00e9r\u00eats du secteur des TIC semble porter ses fruits : La prise de conscience de la n\u00e9cessit\u00e9 d'une r\u00e9vision de la loi sur le travail a nettement augment\u00e9 au Parlement. En ce qui concerne les contingents, le Conseil f\u00e9d\u00e9ral a proc\u00e9d\u00e9 aux adaptations demand\u00e9es vers le haut. En outre, il semble que le r\u00e9f\u00e9rendum contre le blocage des r\u00e9seaux dans la loi sur les jeux d'argent, pour lequel la Swico s'est fortement engag\u00e9e, aboutira.<\/p>\n<p>En 2018, Swico, l'association \u00e9conomique de la Suisse num\u00e9rique, continuera \u00e0 s'engager pour un r\u00e9seau libre et s\u00fbr, par exemple lors de la consultation sur la cyberstrat\u00e9gie f\u00e9d\u00e9rale ou lors de la votation sur la loi sur les jeux d'argent. Un autre th\u00e8me reste l'identit\u00e9 \u00e9lectronique (eID) \u00e0 l'\u00e9chelle de la Suisse : \"Une eID praticable est la condition centrale pour de nombreux nouveaux mod\u00e8les d'affaires num\u00e9riques\", d\u00e9clare Jean-Marc Hensch, directeur de Swico. La politique a tendance \u00e0 r\u00e9pondre par r\u00e9flexe aux innovations techniques par de nouvelles interdictions et restrictions. Jean-Marc Hensch est convaincu qu'il faut plus que jamais une voix forte du c\u00f4t\u00e9 des fournisseurs. \"Nous sommes l'association des num\u00e9risateurs. Si nos entreprises membres ne peuvent pas faire leur travail, c'est l'\u00e9conomie suisse dans son ensemble qui a un probl\u00e8me\".<\/p>\n<h2>Arriv\u00e9 en Suisse romande<\/h2>\n<p>La communaut\u00e9 Swico s'agrandit : en 2017, l'association a de nouveau accueilli de nombreux nouveaux membres et compte pour la premi\u00e8re fois plus de 500 membres. L'adh\u00e9sion de plus de deux douzaines de start-up, pour lesquelles l'association a mis en place un programme sp\u00e9cial en 2017, est particuli\u00e8rement r\u00e9jouissante. Swico a \u00e9galement r\u00e9ussi \u00e0 renforcer sa pr\u00e9sence en Suisse romande.<\/p>\n<h2>La p\u00e9nurie de sp\u00e9cialistes en TIC freine les perspectives de croissance<\/h2>\n<p>Le manque de sp\u00e9cialistes ICT bien form\u00e9s est un th\u00e8me central qui continue de pr\u00e9occuper fortement la branche. \"La demande de l'\u00e9conomie est \u00e9lev\u00e9e et les prix sont par cons\u00e9quent stables. Les pr\u00e9visions de chiffre d'affaires seraient toutefois nettement meilleures si les entreprises pouvaient recruter suffisamment de sp\u00e9cialistes ICT qualifi\u00e9s\" souligne Giancarlo Palmisani, membre de la direction de Swico. Swico lance ici une nouvelle fois un appel urgent aux politiques.<\/p>\n<h2>R\u00e9trospective 2017 : le march\u00e9 suisse des TIC en chiffres<strong><span style=\"color: #606060; font-family: Verdana; font-size: small;\"><br \/>\n<\/span><\/strong><\/h2>\n<p>En 2017, le march\u00e9 suisse de l'informatique (hors t\u00e9l\u00e9coms) a g\u00e9n\u00e9r\u00e9 un chiffre d'affaires de 19,8 milliards de francs, soit une croissance de 3,5 %. Avec 6 pour cent, c'est \u00e0 nouveau le segment des logiciels qui a connu la plus forte croissance, avec un chiffre d'affaires de 6,4 milliards de francs. Avec 20,4 pour cent, la part de march\u00e9 du segment suisse des logiciels est nettement plus \u00e9lev\u00e9e que dans la comparaison europ\u00e9enne (UE : 13,8 pour cent). Les services informatiques, qui restent le secteur le plus important en termes de volume, ont augment\u00e9 de trois pour cent pour atteindre un total de 10,6 milliards de francs. Le segment du mat\u00e9riel informatique perd l\u00e9g\u00e8rement (-0,5 %) et r\u00e9alise un chiffre d'affaires de 2,8 milliards de francs suisses.<\/p>\n<p>Le march\u00e9 des t\u00e9l\u00e9coms a enregistr\u00e9 une l\u00e9g\u00e8re croissance de 0,3 pour cent en 2017 et a g\u00e9n\u00e9r\u00e9 un total de 11,6 milliards de francs. La Suisse reste un pays de smartphones : apr\u00e8s l'effondrement du march\u00e9 en 2016 (-21,6 pour cent), l'ann\u00e9e 2017 a connu une croissance mod\u00e9r\u00e9e (+4,5 pour cent) pour atteindre 1,7 milliard de francs. Au total, 3,2 millions d'unit\u00e9s ont \u00e9t\u00e9 vendues, les ventes se sont donc stabilis\u00e9es au niveau de 2016.<\/p>\n<p><a href=\"http:\/\/www.swico.ch\"><em>www.swico.ch<\/em><\/a><\/p>","protected":false},"excerpt":{"rendered":"<p>Der Schweizer ICT-Markt ist 2017 um 2.3 Prozent gewachsen und erzielt einen Gesamtumsatz von 31.4 Milliarden Schweizer Franken. Das zeigen die aktuellen Daten des European Technology Observatory (EITO), die\u00a0am 16. Januar\u00a0an der Swico Jahresmedienkonferenz in Z\u00fcrich pr\u00e4sentiert wurden. F\u00fcr das Jahr 2018 prognostiziert EITO der Schweizer ICT-Branche erneut ein Umsatzplus von 2.2 Prozent. Auch dem [&hellip;]<\/p>\n","protected":false},"author":4,"featured_media":2998,"comment_status":"open","ping_status":"open","sticky":false,"template":"","format":"standard","meta":{"_acf_changed":false,"_yoast_wpseo_focuskw":"ICT-Branche","_yoast_wpseo_metadesc":"Der Schweizer ICT-Markt w\u00e4chst weiterhin dank Investitionen im IT-Bereich und blickt f\u00fcr 2018 so optimistisch in die Zukunft, wie seit sieben Jahren nicht mehr.","articlekey":"","footnotes":""},"categories":[27],"tags":[156,286,288,531],"class_list":["post-2996","post","type-post","status-publish","format-standard","has-post-thumbnail","hentry","category-it","tag-digitalisierung","tag-it","tag-it-business-software","tag-wirtschaftspolitik"],"acf":[],"yoast_head":"<!-- This site is optimized with the Yoast SEO plugin v27.4 - https:\/\/yoast.com\/product\/yoast-seo-wordpress\/ -->\n<title>ICT-Branche: umsatzstark und optimistisch in die Zukunft - Organisator<\/title>\n<meta name=\"description\" content=\"Der Schweizer ICT-Markt w\u00e4chst weiterhin dank Investitionen im IT-Bereich und blickt f\u00fcr 2018 so optimistisch in die Zukunft, wie seit sieben Jahren nicht mehr.\" \/>\n<meta name=\"robots\" content=\"index, follow, max-snippet:-1, max-image-preview:large, max-video-preview:-1\" \/>\n<link rel=\"canonical\" href=\"https:\/\/www.organisator.ch\/fr\/gestion-2\/it\/2018-01-17\/ict-branche-umsatzstark-und-optimistisch-in-die-zukunft\/\" \/>\n<meta property=\"og:locale\" content=\"fr_FR\" \/>\n<meta property=\"og:type\" content=\"article\" \/>\n<meta property=\"og:title\" content=\"ICT-Branche: umsatzstark und optimistisch in die Zukunft\" \/>\n<meta property=\"og:description\" content=\"Der Schweizer #ICT-Markt w\u00e4chst weiterhin dank Investitionen im #IT-Bereich und blickt f\u00fcr 2018 so optimistisch in die Zukunft, wie seit sieben Jahren nicht mehr.\" \/>\n<meta property=\"og:url\" content=\"https:\/\/www.organisator.ch\/fr\/gestion-2\/it\/2018-01-17\/ict-branche-umsatzstark-und-optimistisch-in-die-zukunft\/\" \/>\n<meta property=\"og:site_name\" content=\"Organisator\" \/>\n<meta property=\"article:publisher\" content=\"https:\/\/www.facebook.com\/OrganisatorFachmagazin\" \/>\n<meta property=\"article:published_time\" content=\"2018-01-17T07:25:59+00:00\" \/>\n<meta property=\"og:image\" content=\"https:\/\/www.organisator.ch\/wp-content\/uploads\/2018\/01\/ICT-Branche-umsatzstark-und-optimistisch-in-die-Zukunft_Organisator.jpg\" \/>\n\t<meta property=\"og:image:width\" content=\"640\" \/>\n\t<meta property=\"og:image:height\" content=\"428\" \/>\n\t<meta property=\"og:image:type\" content=\"image\/jpeg\" \/>\n<meta name=\"author\" content=\"thomas.berner\" \/>\n<meta name=\"twitter:card\" content=\"summary_large_image\" \/>\n<meta name=\"twitter:title\" content=\"#ICT-Branche: umsatzstark und optimistisch in die Zukunft\" \/>\n<meta name=\"twitter:description\" content=\"Der Schweizer #ICT-Markt w\u00e4chst weiterhin dank Investitionen im #IT-Bereich und blickt f\u00fcr 2018 so optimistisch in die Zukunft, wie seit sieben Jahren nicht mehr.\" \/>\n<meta name=\"twitter:image\" content=\"https:\/\/www.organisator.ch\/wp-content\/uploads\/2018\/01\/ICT-Branche-umsatzstark-und-optimistisch-in-die-Zukunft_Organisator.jpg\" \/>\n<script type=\"application\/ld+json\" class=\"yoast-schema-graph\">{\"@context\":\"https:\\\/\\\/schema.org\",\"@graph\":[{\"@type\":\"Article\",\"@id\":\"https:\\\/\\\/www.organisator.ch\\\/management\\\/it\\\/2018-01-17\\\/ict-branche-umsatzstark-und-optimistisch-in-die-zukunft\\\/#article\",\"isPartOf\":{\"@id\":\"https:\\\/\\\/www.organisator.ch\\\/management\\\/it\\\/2018-01-17\\\/ict-branche-umsatzstark-und-optimistisch-in-die-zukunft\\\/\"},\"author\":{\"name\":\"thomas.berner\",\"@id\":\"https:\\\/\\\/www.organisator.ch\\\/#\\\/schema\\\/person\\\/6f650f90b2842cd4c0cc334b4e36f67e\"},\"headline\":\"ICT-Branche: umsatzstark und optimistisch in die Zukunft\",\"datePublished\":\"2018-01-17T07:25:59+00:00\",\"mainEntityOfPage\":{\"@id\":\"https:\\\/\\\/www.organisator.ch\\\/management\\\/it\\\/2018-01-17\\\/ict-branche-umsatzstark-und-optimistisch-in-die-zukunft\\\/\"},\"wordCount\":549,\"commentCount\":0,\"publisher\":{\"@id\":\"https:\\\/\\\/www.organisator.ch\\\/#organization\"},\"image\":{\"@id\":\"https:\\\/\\\/www.organisator.ch\\\/management\\\/it\\\/2018-01-17\\\/ict-branche-umsatzstark-und-optimistisch-in-die-zukunft\\\/#primaryimage\"},\"thumbnailUrl\":\"https:\\\/\\\/www.organisator.ch\\\/wp-content\\\/uploads\\\/2018\\\/01\\\/ICT-Branche-umsatzstark-und-optimistisch-in-die-Zukunft_Organisator.jpg\",\"keywords\":[\"Digitalisierung\",\"IT\",\"IT &amp; Business Software\",\"Wirtschaftspolitik\"],\"articleSection\":[\"IT\"],\"inLanguage\":\"fr-FR\"},{\"@type\":\"WebPage\",\"@id\":\"https:\\\/\\\/www.organisator.ch\\\/management\\\/it\\\/2018-01-17\\\/ict-branche-umsatzstark-und-optimistisch-in-die-zukunft\\\/\",\"url\":\"https:\\\/\\\/www.organisator.ch\\\/management\\\/it\\\/2018-01-17\\\/ict-branche-umsatzstark-und-optimistisch-in-die-zukunft\\\/\",\"name\":\"ICT-Branche: umsatzstark und optimistisch in die Zukunft - Organisator\",\"isPartOf\":{\"@id\":\"https:\\\/\\\/www.organisator.ch\\\/#website\"},\"primaryImageOfPage\":{\"@id\":\"https:\\\/\\\/www.organisator.ch\\\/management\\\/it\\\/2018-01-17\\\/ict-branche-umsatzstark-und-optimistisch-in-die-zukunft\\\/#primaryimage\"},\"image\":{\"@id\":\"https:\\\/\\\/www.organisator.ch\\\/management\\\/it\\\/2018-01-17\\\/ict-branche-umsatzstark-und-optimistisch-in-die-zukunft\\\/#primaryimage\"},\"thumbnailUrl\":\"https:\\\/\\\/www.organisator.ch\\\/wp-content\\\/uploads\\\/2018\\\/01\\\/ICT-Branche-umsatzstark-und-optimistisch-in-die-Zukunft_Organisator.jpg\",\"datePublished\":\"2018-01-17T07:25:59+00:00\",\"description\":\"Der Schweizer ICT-Markt w\u00e4chst weiterhin dank Investitionen im IT-Bereich und blickt f\u00fcr 2018 so optimistisch in die Zukunft, wie seit sieben Jahren nicht mehr.\",\"breadcrumb\":{\"@id\":\"https:\\\/\\\/www.organisator.ch\\\/management\\\/it\\\/2018-01-17\\\/ict-branche-umsatzstark-und-optimistisch-in-die-zukunft\\\/#breadcrumb\"},\"inLanguage\":\"fr-FR\",\"potentialAction\":[{\"@type\":\"ReadAction\",\"target\":[\"https:\\\/\\\/www.organisator.ch\\\/management\\\/it\\\/2018-01-17\\\/ict-branche-umsatzstark-und-optimistisch-in-die-zukunft\\\/\"]}]},{\"@type\":\"ImageObject\",\"inLanguage\":\"fr-FR\",\"@id\":\"https:\\\/\\\/www.organisator.ch\\\/management\\\/it\\\/2018-01-17\\\/ict-branche-umsatzstark-und-optimistisch-in-die-zukunft\\\/#primaryimage\",\"url\":\"https:\\\/\\\/www.organisator.ch\\\/wp-content\\\/uploads\\\/2018\\\/01\\\/ICT-Branche-umsatzstark-und-optimistisch-in-die-Zukunft_Organisator.jpg\",\"contentUrl\":\"https:\\\/\\\/www.organisator.ch\\\/wp-content\\\/uploads\\\/2018\\\/01\\\/ICT-Branche-umsatzstark-und-optimistisch-in-die-Zukunft_Organisator.jpg\",\"width\":640,\"height\":428,\"caption\":\"Die ICT-Branche in der Schweiz ist so optimistisch wie schon lange nicht mehr. (Bild: Fotolia.com)\"},{\"@type\":\"BreadcrumbList\",\"@id\":\"https:\\\/\\\/www.organisator.ch\\\/management\\\/it\\\/2018-01-17\\\/ict-branche-umsatzstark-und-optimistisch-in-die-zukunft\\\/#breadcrumb\",\"itemListElement\":[{\"@type\":\"ListItem\",\"position\":1,\"name\":\"Home\",\"item\":\"https:\\\/\\\/www.organisator.ch\\\/\"},{\"@type\":\"ListItem\",\"position\":2,\"name\":\"ICT-Branche: umsatzstark und optimistisch in die Zukunft\"}]},{\"@type\":\"WebSite\",\"@id\":\"https:\\\/\\\/www.organisator.ch\\\/#website\",\"url\":\"https:\\\/\\\/www.organisator.ch\\\/\",\"name\":\"Organisator\",\"description\":\"Kompetent. Praxisnah. Der ORGANISATOR bereitet in 10 Ausgaben pro Jahr die wesentlichen Themen f\u00fcr F\u00fchrungskr\u00e4fte von KMU auf.\",\"publisher\":{\"@id\":\"https:\\\/\\\/www.organisator.ch\\\/#organization\"},\"potentialAction\":[{\"@type\":\"SearchAction\",\"target\":{\"@type\":\"EntryPoint\",\"urlTemplate\":\"https:\\\/\\\/www.organisator.ch\\\/?s={search_term_string}\"},\"query-input\":{\"@type\":\"PropertyValueSpecification\",\"valueRequired\":true,\"valueName\":\"search_term_string\"}}],\"inLanguage\":\"fr-FR\"},{\"@type\":\"Organization\",\"@id\":\"https:\\\/\\\/www.organisator.ch\\\/#organization\",\"name\":\"Organisator\",\"url\":\"https:\\\/\\\/www.organisator.ch\\\/\",\"logo\":{\"@type\":\"ImageObject\",\"inLanguage\":\"fr-FR\",\"@id\":\"https:\\\/\\\/www.organisator.ch\\\/#\\\/schema\\\/logo\\\/image\\\/\",\"url\":\"https:\\\/\\\/www.organisator.ch\\\/wp-content\\\/uploads\\\/2022\\\/01\\\/Logo_Organisator_Website.png\",\"contentUrl\":\"https:\\\/\\\/www.organisator.ch\\\/wp-content\\\/uploads\\\/2022\\\/01\\\/Logo_Organisator_Website.png\",\"width\":800,\"height\":77,\"caption\":\"Organisator\"},\"image\":{\"@id\":\"https:\\\/\\\/www.organisator.ch\\\/#\\\/schema\\\/logo\\\/image\\\/\"},\"sameAs\":[\"https:\\\/\\\/www.facebook.com\\\/OrganisatorFachmagazin\",\"https:\\\/\\\/www.linkedin.com\\\/showcase\\\/organisator-das-magazin-fr-kmu\",\"https:\\\/\\\/www.xing.com\\\/news\\\/pages\\\/organisator-ch-695\",\"https:\\\/\\\/www.youtube.com\\\/channel\\\/UCGP2Sq0iWaZwT3BdIAQFYpw\"]},{\"@type\":\"Person\",\"@id\":\"https:\\\/\\\/www.organisator.ch\\\/#\\\/schema\\\/person\\\/6f650f90b2842cd4c0cc334b4e36f67e\",\"name\":\"thomas.berner\",\"image\":{\"@type\":\"ImageObject\",\"inLanguage\":\"fr-FR\",\"@id\":\"https:\\\/\\\/secure.gravatar.com\\\/avatar\\\/ac5001d2a36cb6c6cd3e50789007ffca834b477b74a2144564522e944eabff61?s=96&d=mm&r=g\",\"url\":\"https:\\\/\\\/secure.gravatar.com\\\/avatar\\\/ac5001d2a36cb6c6cd3e50789007ffca834b477b74a2144564522e944eabff61?s=96&d=mm&r=g\",\"contentUrl\":\"https:\\\/\\\/secure.gravatar.com\\\/avatar\\\/ac5001d2a36cb6c6cd3e50789007ffca834b477b74a2144564522e944eabff61?s=96&d=mm&r=g\",\"caption\":\"thomas.berner\"},\"url\":\"https:\\\/\\\/www.organisator.ch\\\/fr\\\/author\\\/thomas-berner\\\/\"}]}<\/script>\n<!-- \/ Yoast SEO plugin. -->","yoast_head_json":{"title":"Secteur des TIC : chiffre d'affaires \u00e9lev\u00e9 et optimisme pour l'avenir - Organisateur","description":"Le march\u00e9 suisse des TIC continue de cro\u00eetre gr\u00e2ce aux investissements dans le domaine informatique et envisage l'avenir en 2018 avec le plus grand optimisme depuis sept ans.","robots":{"index":"index","follow":"follow","max-snippet":"max-snippet:-1","max-image-preview":"max-image-preview:large","max-video-preview":"max-video-preview:-1"},"canonical":"https:\/\/www.organisator.ch\/fr\/gestion-2\/it\/2018-01-17\/ict-branche-umsatzstark-und-optimistisch-in-die-zukunft\/","og_locale":"fr_FR","og_type":"article","og_title":"ICT-Branche: umsatzstark und optimistisch in die Zukunft","og_description":"Der Schweizer #ICT-Markt w\u00e4chst weiterhin dank Investitionen im #IT-Bereich und blickt f\u00fcr 2018 so optimistisch in die Zukunft, wie seit sieben Jahren nicht mehr.","og_url":"https:\/\/www.organisator.ch\/fr\/gestion-2\/it\/2018-01-17\/ict-branche-umsatzstark-und-optimistisch-in-die-zukunft\/","og_site_name":"Organisator","article_publisher":"https:\/\/www.facebook.com\/OrganisatorFachmagazin","article_published_time":"2018-01-17T07:25:59+00:00","og_image":[{"width":640,"height":428,"url":"https:\/\/www.organisator.ch\/wp-content\/uploads\/2018\/01\/ICT-Branche-umsatzstark-und-optimistisch-in-die-Zukunft_Organisator.jpg","type":"image\/jpeg"}],"author":"thomas.berner","twitter_card":"summary_large_image","twitter_title":"#ICT-Branche: umsatzstark und optimistisch in die Zukunft","twitter_description":"Der Schweizer #ICT-Markt w\u00e4chst weiterhin dank Investitionen im #IT-Bereich und blickt f\u00fcr 2018 so optimistisch in die Zukunft, wie seit sieben Jahren nicht mehr.","twitter_image":"https:\/\/www.organisator.ch\/wp-content\/uploads\/2018\/01\/ICT-Branche-umsatzstark-und-optimistisch-in-die-Zukunft_Organisator.jpg","schema":{"@context":"https:\/\/schema.org","@graph":[{"@type":"Article","@id":"https:\/\/www.organisator.ch\/management\/it\/2018-01-17\/ict-branche-umsatzstark-und-optimistisch-in-die-zukunft\/#article","isPartOf":{"@id":"https:\/\/www.organisator.ch\/management\/it\/2018-01-17\/ict-branche-umsatzstark-und-optimistisch-in-die-zukunft\/"},"author":{"name":"thomas.berner","@id":"https:\/\/www.organisator.ch\/#\/schema\/person\/6f650f90b2842cd4c0cc334b4e36f67e"},"headline":"ICT-Branche: umsatzstark und optimistisch in die Zukunft","datePublished":"2018-01-17T07:25:59+00:00","mainEntityOfPage":{"@id":"https:\/\/www.organisator.ch\/management\/it\/2018-01-17\/ict-branche-umsatzstark-und-optimistisch-in-die-zukunft\/"},"wordCount":549,"commentCount":0,"publisher":{"@id":"https:\/\/www.organisator.ch\/#organization"},"image":{"@id":"https:\/\/www.organisator.ch\/management\/it\/2018-01-17\/ict-branche-umsatzstark-und-optimistisch-in-die-zukunft\/#primaryimage"},"thumbnailUrl":"https:\/\/www.organisator.ch\/wp-content\/uploads\/2018\/01\/ICT-Branche-umsatzstark-und-optimistisch-in-die-Zukunft_Organisator.jpg","keywords":["Digitalisierung","IT","IT &amp; Business Software","Wirtschaftspolitik"],"articleSection":["IT"],"inLanguage":"fr-FR"},{"@type":"WebPage","@id":"https:\/\/www.organisator.ch\/management\/it\/2018-01-17\/ict-branche-umsatzstark-und-optimistisch-in-die-zukunft\/","url":"https:\/\/www.organisator.ch\/management\/it\/2018-01-17\/ict-branche-umsatzstark-und-optimistisch-in-die-zukunft\/","name":"Secteur des TIC : chiffre d'affaires \u00e9lev\u00e9 et optimisme pour l'avenir - Organisateur","isPartOf":{"@id":"https:\/\/www.organisator.ch\/#website"},"primaryImageOfPage":{"@id":"https:\/\/www.organisator.ch\/management\/it\/2018-01-17\/ict-branche-umsatzstark-und-optimistisch-in-die-zukunft\/#primaryimage"},"image":{"@id":"https:\/\/www.organisator.ch\/management\/it\/2018-01-17\/ict-branche-umsatzstark-und-optimistisch-in-die-zukunft\/#primaryimage"},"thumbnailUrl":"https:\/\/www.organisator.ch\/wp-content\/uploads\/2018\/01\/ICT-Branche-umsatzstark-und-optimistisch-in-die-Zukunft_Organisator.jpg","datePublished":"2018-01-17T07:25:59+00:00","description":"Le march\u00e9 suisse des TIC continue de cro\u00eetre gr\u00e2ce aux investissements dans le domaine informatique et envisage l'avenir en 2018 avec le plus grand optimisme depuis sept ans.","breadcrumb":{"@id":"https:\/\/www.organisator.ch\/management\/it\/2018-01-17\/ict-branche-umsatzstark-und-optimistisch-in-die-zukunft\/#breadcrumb"},"inLanguage":"fr-FR","potentialAction":[{"@type":"ReadAction","target":["https:\/\/www.organisator.ch\/management\/it\/2018-01-17\/ict-branche-umsatzstark-und-optimistisch-in-die-zukunft\/"]}]},{"@type":"ImageObject","inLanguage":"fr-FR","@id":"https:\/\/www.organisator.ch\/management\/it\/2018-01-17\/ict-branche-umsatzstark-und-optimistisch-in-die-zukunft\/#primaryimage","url":"https:\/\/www.organisator.ch\/wp-content\/uploads\/2018\/01\/ICT-Branche-umsatzstark-und-optimistisch-in-die-Zukunft_Organisator.jpg","contentUrl":"https:\/\/www.organisator.ch\/wp-content\/uploads\/2018\/01\/ICT-Branche-umsatzstark-und-optimistisch-in-die-Zukunft_Organisator.jpg","width":640,"height":428,"caption":"Die ICT-Branche in der Schweiz ist so optimistisch wie schon lange nicht mehr. (Bild: Fotolia.com)"},{"@type":"BreadcrumbList","@id":"https:\/\/www.organisator.ch\/management\/it\/2018-01-17\/ict-branche-umsatzstark-und-optimistisch-in-die-zukunft\/#breadcrumb","itemListElement":[{"@type":"ListItem","position":1,"name":"Home","item":"https:\/\/www.organisator.ch\/"},{"@type":"ListItem","position":2,"name":"ICT-Branche: umsatzstark und optimistisch in die Zukunft"}]},{"@type":"WebSite","@id":"https:\/\/www.organisator.ch\/#website","url":"https:\/\/www.organisator.ch\/","name":"Organisateur","description":"Comp\u00e9tence et comp\u00e9tence. Proches de la pratique. L'ORGANISATEUR pr\u00e9pare 10 num\u00e9ros par an sur les th\u00e8mes essentiels pour les dirigeants de PME.","publisher":{"@id":"https:\/\/www.organisator.ch\/#organization"},"potentialAction":[{"@type":"SearchAction","target":{"@type":"EntryPoint","urlTemplate":"https:\/\/www.organisator.ch\/?s={search_term_string}"},"query-input":{"@type":"PropertyValueSpecification","valueRequired":true,"valueName":"search_term_string"}}],"inLanguage":"fr-FR"},{"@type":"Organization","@id":"https:\/\/www.organisator.ch\/#organization","name":"Organisateur","url":"https:\/\/www.organisator.ch\/","logo":{"@type":"ImageObject","inLanguage":"fr-FR","@id":"https:\/\/www.organisator.ch\/#\/schema\/logo\/image\/","url":"https:\/\/www.organisator.ch\/wp-content\/uploads\/2022\/01\/Logo_Organisator_Website.png","contentUrl":"https:\/\/www.organisator.ch\/wp-content\/uploads\/2022\/01\/Logo_Organisator_Website.png","width":800,"height":77,"caption":"Organisator"},"image":{"@id":"https:\/\/www.organisator.ch\/#\/schema\/logo\/image\/"},"sameAs":["https:\/\/www.facebook.com\/OrganisatorFachmagazin","https:\/\/www.linkedin.com\/showcase\/organisator-das-magazin-fr-kmu","https:\/\/www.xing.com\/news\/pages\/organisator-ch-695","https:\/\/www.youtube.com\/channel\/UCGP2Sq0iWaZwT3BdIAQFYpw"]},{"@type":"Person","@id":"https:\/\/www.organisator.ch\/#\/schema\/person\/6f650f90b2842cd4c0cc334b4e36f67e","name":"thomas.berner","image":{"@type":"ImageObject","inLanguage":"fr-FR","@id":"https:\/\/secure.gravatar.com\/avatar\/ac5001d2a36cb6c6cd3e50789007ffca834b477b74a2144564522e944eabff61?s=96&d=mm&r=g","url":"https:\/\/secure.gravatar.com\/avatar\/ac5001d2a36cb6c6cd3e50789007ffca834b477b74a2144564522e944eabff61?s=96&d=mm&r=g","contentUrl":"https:\/\/secure.gravatar.com\/avatar\/ac5001d2a36cb6c6cd3e50789007ffca834b477b74a2144564522e944eabff61?s=96&d=mm&r=g","caption":"thomas.berner"},"url":"https:\/\/www.organisator.ch\/fr\/author\/thomas-berner\/"}]}},"_links":{"self":[{"href":"https:\/\/www.organisator.ch\/fr\/wp-json\/wp\/v2\/posts\/2996","targetHints":{"allow":["GET"]}}],"collection":[{"href":"https:\/\/www.organisator.ch\/fr\/wp-json\/wp\/v2\/posts"}],"about":[{"href":"https:\/\/www.organisator.ch\/fr\/wp-json\/wp\/v2\/types\/post"}],"author":[{"embeddable":true,"href":"https:\/\/www.organisator.ch\/fr\/wp-json\/wp\/v2\/users\/4"}],"replies":[{"embeddable":true,"href":"https:\/\/www.organisator.ch\/fr\/wp-json\/wp\/v2\/comments?post=2996"}],"version-history":[{"count":0,"href":"https:\/\/www.organisator.ch\/fr\/wp-json\/wp\/v2\/posts\/2996\/revisions"}],"wp:featuredmedia":[{"embeddable":true,"href":"https:\/\/www.organisator.ch\/fr\/wp-json\/wp\/v2\/media\/2998"}],"wp:attachment":[{"href":"https:\/\/www.organisator.ch\/fr\/wp-json\/wp\/v2\/media?parent=2996"}],"wp:term":[{"taxonomy":"category","embeddable":true,"href":"https:\/\/www.organisator.ch\/fr\/wp-json\/wp\/v2\/categories?post=2996"},{"taxonomy":"post_tag","embeddable":true,"href":"https:\/\/www.organisator.ch\/fr\/wp-json\/wp\/v2\/tags?post=2996"}],"curies":[{"name":"wp","href":"https:\/\/api.w.org\/{rel}","templated":true}]}}