{"id":29970,"date":"2024-09-20T20:59:56","date_gmt":"2024-09-20T18:59:56","guid":{"rendered":"https:\/\/www.markt-kom.com\/?p=223728"},"modified":"2024-11-08T08:39:24","modified_gmt":"2024-11-08T07:39:24","slug":"andrea-arcidiacono-wird-neuer-bundesratssprecher","status":"publish","type":"post","link":"https:\/\/www.organisator.ch\/fr\/marketing\/2024-09-20\/andrea-arcidiacono-wird-neuer-bundesratssprecher\/","title":{"rendered":"Andrea Arcidiacono sera le nouveau porte-parole du Conseil f\u00e9d\u00e9ral"},"content":{"rendered":"<figure id=\"attachment_223729\" class=\"wp-caption aligncenter\" style=\"width: 1064px\" aria-describedby=\"caption-attachment-223729\"><img class=\"aligncenter wp-image-223729 size-full\" src=\"https:\/\/www.markt-kom.com\/wp-content\/uploads\/2024\/09\/Arcidiacono-SRF.jpg\" alt=\"Arcidiacono nouveau porte-parole du Conseil f\u00e9d\u00e9ral en 2024\" width=\"1064\" height=\"798\" \/>\r\n<figcaption id=\"caption-attachment-223729\" class=\"wp-caption-text\">Le nouveau porte-parole du Conseil f\u00e9d\u00e9ral, Arcidiacono, a \u00e9t\u00e9 pr\u00e9sent\u00e9 vendredi. (Capture d'\u00e9cran : Srf.ch)<\/figcaption>\r\n<\/figure>\r\n<p>Arcidiacono, 58 ans, sans appartenance politique, prendra ses fonctions le 1er octobre, a indiqu\u00e9 vendredi la Chancellerie f\u00e9d\u00e9rale. Il est encore directeur de l'agence Arcidiacono Consulting Partners jusqu'\u00e0 fin septembre, mais il c\u00e9dera ce poste et ses parts sociales dans l'entreprise. Il habite \u00e0 Berne.<\/p>\r\n<p>C'est le chancelier Viktor Rossi qui a propos\u00e9 Arcidiacono \u00e0 l'\u00e9lection. Le nouveau vice-chancelier d\u00e9sign\u00e9 conna\u00eet le Palais f\u00e9d\u00e9ral, la politique f\u00e9d\u00e9rale et les t\u00e2ches des m\u00e9dias du Palais f\u00e9d\u00e9ral, a d\u00e9clar\u00e9 Rossi \u00e0 Berne devant les m\u00e9dias. Arcidiacono est de langue maternelle italienne et parle allemand, fran\u00e7ais et anglais.<\/p>\r\n<h3><strong>\"Des r\u00f4les diff\u00e9rents\"<\/strong><\/h3>\r\n<p>Il est convaincu qu'Arcidiacono assurera la continuit\u00e9. Au d\u00e9but de sa carri\u00e8re, Arcidiacono \u00e9tait journaliste. Il a ensuite travaill\u00e9 pour l'administration f\u00e9d\u00e9rale, pour Pr\u00e9sence Suisse, pour Curafutura et pour l'Universit\u00e9 de la Suisse italienne au Tessin ainsi que pour le Tribunal administratif f\u00e9d\u00e9ral.<\/p>\r\n<p>Arcidiacono a remerci\u00e9 dans les quatre langues nationales pour cette \u00e9lection. Il a d\u00e9clar\u00e9 que c'\u00e9tait pour lui un grand honneur et une grande responsabilit\u00e9 d'assumer cette fonction importante. \"La confiance mutuelle est le point de d\u00e9part pour accomplir au mieux ma t\u00e2che passionnante et difficile\".<\/p>\r\n<p>Arcidiacono a assur\u00e9 aux journalistes qu'il se r\u00e9jouissait de la collaboration avec les repr\u00e9sentants des m\u00e9dias, \"m\u00eame si nous aurons des r\u00f4les diff\u00e9rents\".<\/p>\r\n<p>Dans une premi\u00e8re phase de son activit\u00e9, il souhaite assurer la continuit\u00e9, a-t-il d\u00e9clar\u00e9. Dans une deuxi\u00e8me phase, il analysera les points forts et les points faibles et examinera o\u00f9 et ce qui peut \u00eatre d\u00e9velopp\u00e9.<\/p>\r\n<p><\/p>\r\n<h3><strong>\"L'ensemble du Conseil f\u00e9d\u00e9ral sera partie prenante\"<\/strong><\/h3>\r\n<p>Interrog\u00e9 sur son appartenance \u00e0 un parti, Arcidiacono a d\u00e9clar\u00e9 : \"Je suis favorable \u00e0 la solidarit\u00e9, \u00e0 la responsabilit\u00e9 individuelle et \u00e0 l'\u00e9galit\u00e9 des chances. Mon parti sera le Conseil f\u00e9d\u00e9ral dans son ensemble. Je n'appartiens \u00e0 aucun parti\". Il a d\u00e9j\u00e0 travaill\u00e9 pour des membres du Conseil f\u00e9d\u00e9ral de diff\u00e9rents partis.<\/p>\r\n<p>Arcidiacono a commenc\u00e9 sa carri\u00e8re dans le journalisme. Il a travaill\u00e9 comme journaliste et correspondant au Palais f\u00e9d\u00e9ral pour le journal <em>Corriere del Ticino<\/em> et la t\u00e9l\u00e9vision de la Suisse italienne RSI. De 2007 \u00e0 2009, il a dirig\u00e9 la r\u00e9daction italophone de Swissinfo.<\/p>\r\n<p>Il a ensuite acquis de l'exp\u00e9rience dans la communication au sein et en dehors de l'administration f\u00e9d\u00e9rale. Il a \u00e9t\u00e9 chef suppl\u00e9ant de l'information des conseillers f\u00e9d\u00e9raux Ruth Dreifuss et Pascal Couchepin. En 2017 et 2018, il a \u00e9t\u00e9 porte-parole de l'Office f\u00e9d\u00e9ral de la sant\u00e9 publique (OFSP).<\/p>\r\n<p>Au sein de l'agence d'image Pr\u00e9sence Suisse du D\u00e9partement des affaires \u00e9trang\u00e8res (DFAE), il a dirig\u00e9 les programmes \"Gothard 2016\", \"Italie\/Expo Milano 2015\" et \"Verso Expo Milano 2015\". Il a \u00e9galement \u00e9t\u00e9 responsable des relations publiques de l'Universit\u00e0 della Svizzera italiana et de l'association de caisses maladie Curafutura. De 2009 \u00e0 2011, il a \u00e9t\u00e9 responsable de la communication du Tribunal administratif f\u00e9d\u00e9ral.<\/p>\r\n<h3><strong>accord\u00e9on, jogging, voyages<\/strong><\/h3>\r\n<p>Parmi ses hobbies, Arcidiacono cite la pratique de l'accord\u00e9on, le jogging et les voyages. Son pr\u00e9d\u00e9cesseur Andr\u00e9 Simonazzi (PS) est d\u00e9c\u00e9d\u00e9 en mai \u00e0 l'\u00e2ge de 55 ans lors d'une randonn\u00e9e. Il avait exerc\u00e9 cette fonction pendant 15 ans. Jusqu'\u00e0 l'entr\u00e9e en fonction d'Arcidiacono, Ursula Eggenberger, la plus proche collaboratrice de Simonazzi, exerce ses fonctions par int\u00e9rim.<\/p>\r\n<p>Elle dirige la section Communication de la Chancellerie f\u00e9d\u00e9rale. Elle retrouvera cette fonction apr\u00e8s l'entr\u00e9e en fonction du nouveau vice-chancelier. Le deuxi\u00e8me poste de vice-chancelier est occup\u00e9 depuis le 1er juillet par Rachel Salzmann (au centre). <em>(SDA\/swi)<\/em><\/p>","protected":false},"excerpt":{"rendered":"<p>Le Tessinois Andrea Arcidiacono sera le nouveau vice-chancelier et porte-parole du Conseil f\u00e9d\u00e9ral. Cet \u00e9conomiste de la HSG, ancien journaliste, responsable de la communication et chef d'agence, succ\u00e8de au vice-chancelier d\u00e9c\u00e9d\u00e9 Andr\u00e9 Simonazzi.<\/p>","protected":false},"author":8,"featured_media":0,"comment_status":"closed","ping_status":"closed","sticky":false,"template":"","format":"standard","meta":{"_acf_changed":false,"_yoast_wpseo_focuskw":"Arcidiacono neuer Bundesratssprecher 2024","_yoast_wpseo_metadesc":"Arcidiacono wird neuer Bundesratssprecher ab 1. Oktober 2024. Er folgt auf den verstorbenen Andr\u00e9 Simonazzi.","articlekey":"","footnotes":""},"categories":[29],"tags":[100,2853,4343],"class_list":["post-29970","post","type-post","status-publish","format-standard","hentry","category-marketing","tag-bundesrat","tag-jobchange","tag-markom"],"acf":[],"yoast_head":"<!-- This site is optimized with the Yoast SEO plugin v27.5 - https:\/\/yoast.com\/product\/yoast-seo-wordpress\/ -->\n<title>Andrea Arcidiacono wird neuer Bundesratssprecher - Organisator<\/title>\n<meta name=\"description\" content=\"Arcidiacono wird neuer Bundesratssprecher ab 1. Oktober 2024. Er folgt auf den verstorbenen Andr\u00e9 Simonazzi.\" \/>\n<meta name=\"robots\" content=\"index, follow, max-snippet:-1, max-image-preview:large, max-video-preview:-1\" \/>\n<link rel=\"canonical\" href=\"https:\/\/www.organisator.ch\/fr\/marketing\/2024-09-20\/andrea-arcidiacono-wird-neuer-bundesratssprecher\/\" \/>\n<meta property=\"og:locale\" content=\"fr_FR\" \/>\n<meta property=\"og:type\" content=\"article\" \/>\n<meta property=\"og:title\" content=\"Andrea Arcidiacono wird neuer Bundesratssprecher - Organisator\" \/>\n<meta property=\"og:description\" content=\"Arcidiacono wird neuer Bundesratssprecher ab 1. Oktober 2024. Er folgt auf den verstorbenen Andr\u00e9 Simonazzi.\" \/>\n<meta property=\"og:url\" content=\"https:\/\/www.organisator.ch\/fr\/marketing\/2024-09-20\/andrea-arcidiacono-wird-neuer-bundesratssprecher\/\" \/>\n<meta property=\"og:site_name\" content=\"Organisator\" \/>\n<meta property=\"article:publisher\" content=\"https:\/\/www.facebook.com\/OrganisatorFachmagazin\" \/>\n<meta property=\"article:published_time\" content=\"2024-09-20T18:59:56+00:00\" \/>\n<meta property=\"article:modified_time\" content=\"2024-11-08T07:39:24+00:00\" \/>\n<meta property=\"og:image\" content=\"https:\/\/www.markt-kom.com\/wp-content\/uploads\/2024\/09\/Arcidiacono-SRF.jpg\" \/>\n<meta name=\"author\" content=\"galledia\" \/>\n<meta name=\"twitter:card\" content=\"summary_large_image\" \/>\n<meta name=\"twitter:creator\" content=\"@admin\" \/>\n<script type=\"application\/ld+json\" class=\"yoast-schema-graph\">{\"@context\":\"https:\\\/\\\/schema.org\",\"@graph\":[{\"@type\":\"Article\",\"@id\":\"https:\\\/\\\/www.organisator.ch\\\/marketing\\\/2024-09-20\\\/andrea-arcidiacono-wird-neuer-bundesratssprecher\\\/#article\",\"isPartOf\":{\"@id\":\"https:\\\/\\\/www.organisator.ch\\\/marketing\\\/2024-09-20\\\/andrea-arcidiacono-wird-neuer-bundesratssprecher\\\/\"},\"author\":{\"name\":\"galledia\",\"@id\":\"https:\\\/\\\/www.organisator.ch\\\/#\\\/schema\\\/person\\\/4e51799071cd2dd1232ac003643ef5f0\"},\"headline\":\"Andrea Arcidiacono wird neuer Bundesratssprecher\",\"datePublished\":\"2024-09-20T18:59:56+00:00\",\"dateModified\":\"2024-11-08T07:39:24+00:00\",\"mainEntityOfPage\":{\"@id\":\"https:\\\/\\\/www.organisator.ch\\\/marketing\\\/2024-09-20\\\/andrea-arcidiacono-wird-neuer-bundesratssprecher\\\/\"},\"wordCount\":501,\"publisher\":{\"@id\":\"https:\\\/\\\/www.organisator.ch\\\/#organization\"},\"image\":{\"@id\":\"https:\\\/\\\/www.organisator.ch\\\/marketing\\\/2024-09-20\\\/andrea-arcidiacono-wird-neuer-bundesratssprecher\\\/#primaryimage\"},\"thumbnailUrl\":\"https:\\\/\\\/www.markt-kom.com\\\/wp-content\\\/uploads\\\/2024\\\/09\\\/Arcidiacono-SRF.jpg\",\"keywords\":[\"Bundesrat\",\"Jobchange\",\"MarKom\"],\"articleSection\":[\"MARKETING\"],\"inLanguage\":\"fr-FR\"},{\"@type\":\"WebPage\",\"@id\":\"https:\\\/\\\/www.organisator.ch\\\/marketing\\\/2024-09-20\\\/andrea-arcidiacono-wird-neuer-bundesratssprecher\\\/\",\"url\":\"https:\\\/\\\/www.organisator.ch\\\/marketing\\\/2024-09-20\\\/andrea-arcidiacono-wird-neuer-bundesratssprecher\\\/\",\"name\":\"Andrea Arcidiacono wird neuer Bundesratssprecher - Organisator\",\"isPartOf\":{\"@id\":\"https:\\\/\\\/www.organisator.ch\\\/#website\"},\"primaryImageOfPage\":{\"@id\":\"https:\\\/\\\/www.organisator.ch\\\/marketing\\\/2024-09-20\\\/andrea-arcidiacono-wird-neuer-bundesratssprecher\\\/#primaryimage\"},\"image\":{\"@id\":\"https:\\\/\\\/www.organisator.ch\\\/marketing\\\/2024-09-20\\\/andrea-arcidiacono-wird-neuer-bundesratssprecher\\\/#primaryimage\"},\"thumbnailUrl\":\"https:\\\/\\\/www.markt-kom.com\\\/wp-content\\\/uploads\\\/2024\\\/09\\\/Arcidiacono-SRF.jpg\",\"datePublished\":\"2024-09-20T18:59:56+00:00\",\"dateModified\":\"2024-11-08T07:39:24+00:00\",\"description\":\"Arcidiacono wird neuer Bundesratssprecher ab 1. Oktober 2024. Er folgt auf den verstorbenen Andr\u00e9 Simonazzi.\",\"breadcrumb\":{\"@id\":\"https:\\\/\\\/www.organisator.ch\\\/marketing\\\/2024-09-20\\\/andrea-arcidiacono-wird-neuer-bundesratssprecher\\\/#breadcrumb\"},\"inLanguage\":\"fr-FR\",\"potentialAction\":[{\"@type\":\"ReadAction\",\"target\":[\"https:\\\/\\\/www.organisator.ch\\\/marketing\\\/2024-09-20\\\/andrea-arcidiacono-wird-neuer-bundesratssprecher\\\/\"]}]},{\"@type\":\"ImageObject\",\"inLanguage\":\"fr-FR\",\"@id\":\"https:\\\/\\\/www.organisator.ch\\\/marketing\\\/2024-09-20\\\/andrea-arcidiacono-wird-neuer-bundesratssprecher\\\/#primaryimage\",\"url\":\"https:\\\/\\\/www.markt-kom.com\\\/wp-content\\\/uploads\\\/2024\\\/09\\\/Arcidiacono-SRF.jpg\",\"contentUrl\":\"https:\\\/\\\/www.markt-kom.com\\\/wp-content\\\/uploads\\\/2024\\\/09\\\/Arcidiacono-SRF.jpg\"},{\"@type\":\"BreadcrumbList\",\"@id\":\"https:\\\/\\\/www.organisator.ch\\\/marketing\\\/2024-09-20\\\/andrea-arcidiacono-wird-neuer-bundesratssprecher\\\/#breadcrumb\",\"itemListElement\":[{\"@type\":\"ListItem\",\"position\":1,\"name\":\"Home\",\"item\":\"https:\\\/\\\/www.organisator.ch\\\/\"},{\"@type\":\"ListItem\",\"position\":2,\"name\":\"Andrea Arcidiacono wird neuer Bundesratssprecher\"}]},{\"@type\":\"WebSite\",\"@id\":\"https:\\\/\\\/www.organisator.ch\\\/#website\",\"url\":\"https:\\\/\\\/www.organisator.ch\\\/\",\"name\":\"Organisator\",\"description\":\"Kompetent. Praxisnah. Der ORGANISATOR bereitet in 10 Ausgaben pro Jahr die wesentlichen Themen f\u00fcr F\u00fchrungskr\u00e4fte von KMU auf.\",\"publisher\":{\"@id\":\"https:\\\/\\\/www.organisator.ch\\\/#organization\"},\"potentialAction\":[{\"@type\":\"SearchAction\",\"target\":{\"@type\":\"EntryPoint\",\"urlTemplate\":\"https:\\\/\\\/www.organisator.ch\\\/?s={search_term_string}\"},\"query-input\":{\"@type\":\"PropertyValueSpecification\",\"valueRequired\":true,\"valueName\":\"search_term_string\"}}],\"inLanguage\":\"fr-FR\"},{\"@type\":\"Organization\",\"@id\":\"https:\\\/\\\/www.organisator.ch\\\/#organization\",\"name\":\"Organisator\",\"url\":\"https:\\\/\\\/www.organisator.ch\\\/\",\"logo\":{\"@type\":\"ImageObject\",\"inLanguage\":\"fr-FR\",\"@id\":\"https:\\\/\\\/www.organisator.ch\\\/#\\\/schema\\\/logo\\\/image\\\/\",\"url\":\"https:\\\/\\\/www.organisator.ch\\\/wp-content\\\/uploads\\\/2022\\\/01\\\/Logo_Organisator_Website.png\",\"contentUrl\":\"https:\\\/\\\/www.organisator.ch\\\/wp-content\\\/uploads\\\/2022\\\/01\\\/Logo_Organisator_Website.png\",\"width\":800,\"height\":77,\"caption\":\"Organisator\"},\"image\":{\"@id\":\"https:\\\/\\\/www.organisator.ch\\\/#\\\/schema\\\/logo\\\/image\\\/\"},\"sameAs\":[\"https:\\\/\\\/www.facebook.com\\\/OrganisatorFachmagazin\",\"https:\\\/\\\/www.linkedin.com\\\/showcase\\\/organisator-das-magazin-fr-kmu\",\"https:\\\/\\\/www.xing.com\\\/news\\\/pages\\\/organisator-ch-695\",\"https:\\\/\\\/www.youtube.com\\\/channel\\\/UCGP2Sq0iWaZwT3BdIAQFYpw\"]},{\"@type\":\"Person\",\"@id\":\"https:\\\/\\\/www.organisator.ch\\\/#\\\/schema\\\/person\\\/4e51799071cd2dd1232ac003643ef5f0\",\"name\":\"galledia\",\"image\":{\"@type\":\"ImageObject\",\"inLanguage\":\"fr-FR\",\"@id\":\"https:\\\/\\\/secure.gravatar.com\\\/avatar\\\/78a7f90c01fc2bfc875782a0d4922b37cde2cf184ce347b91316d23cd7f69a36?s=96&d=mm&r=g\",\"url\":\"https:\\\/\\\/secure.gravatar.com\\\/avatar\\\/78a7f90c01fc2bfc875782a0d4922b37cde2cf184ce347b91316d23cd7f69a36?s=96&d=mm&r=g\",\"contentUrl\":\"https:\\\/\\\/secure.gravatar.com\\\/avatar\\\/78a7f90c01fc2bfc875782a0d4922b37cde2cf184ce347b91316d23cd7f69a36?s=96&d=mm&r=g\",\"caption\":\"galledia\"},\"sameAs\":[\"https:\\\/\\\/x.com\\\/admin\"],\"url\":\"https:\\\/\\\/www.organisator.ch\\\/fr\\\/author\\\/galledia\\\/\"}]}<\/script>\n<!-- \/ Yoast SEO plugin. -->","yoast_head_json":{"title":"Andrea Arcidiacono sera le nouveau porte-parole du Conseil f\u00e9d\u00e9ral - Organisateur","description":"Arcidiacono sera le nouveau porte-parole du Conseil f\u00e9d\u00e9ral \u00e0 partir du 1er octobre 2024. Il succ\u00e8de \u00e0 Andr\u00e9 Simonazzi, qui est d\u00e9c\u00e9d\u00e9.","robots":{"index":"index","follow":"follow","max-snippet":"max-snippet:-1","max-image-preview":"max-image-preview:large","max-video-preview":"max-video-preview:-1"},"canonical":"https:\/\/www.organisator.ch\/fr\/marketing\/2024-09-20\/andrea-arcidiacono-wird-neuer-bundesratssprecher\/","og_locale":"fr_FR","og_type":"article","og_title":"Andrea Arcidiacono wird neuer Bundesratssprecher - Organisator","og_description":"Arcidiacono wird neuer Bundesratssprecher ab 1. Oktober 2024. Er folgt auf den verstorbenen Andr\u00e9 Simonazzi.","og_url":"https:\/\/www.organisator.ch\/fr\/marketing\/2024-09-20\/andrea-arcidiacono-wird-neuer-bundesratssprecher\/","og_site_name":"Organisator","article_publisher":"https:\/\/www.facebook.com\/OrganisatorFachmagazin","article_published_time":"2024-09-20T18:59:56+00:00","article_modified_time":"2024-11-08T07:39:24+00:00","og_image":[{"url":"https:\/\/www.markt-kom.com\/wp-content\/uploads\/2024\/09\/Arcidiacono-SRF.jpg","type":"","width":"","height":""}],"author":"galledia","twitter_card":"summary_large_image","twitter_creator":"@admin","schema":{"@context":"https:\/\/schema.org","@graph":[{"@type":"Article","@id":"https:\/\/www.organisator.ch\/marketing\/2024-09-20\/andrea-arcidiacono-wird-neuer-bundesratssprecher\/#article","isPartOf":{"@id":"https:\/\/www.organisator.ch\/marketing\/2024-09-20\/andrea-arcidiacono-wird-neuer-bundesratssprecher\/"},"author":{"name":"galledia","@id":"https:\/\/www.organisator.ch\/#\/schema\/person\/4e51799071cd2dd1232ac003643ef5f0"},"headline":"Andrea Arcidiacono wird neuer Bundesratssprecher","datePublished":"2024-09-20T18:59:56+00:00","dateModified":"2024-11-08T07:39:24+00:00","mainEntityOfPage":{"@id":"https:\/\/www.organisator.ch\/marketing\/2024-09-20\/andrea-arcidiacono-wird-neuer-bundesratssprecher\/"},"wordCount":501,"publisher":{"@id":"https:\/\/www.organisator.ch\/#organization"},"image":{"@id":"https:\/\/www.organisator.ch\/marketing\/2024-09-20\/andrea-arcidiacono-wird-neuer-bundesratssprecher\/#primaryimage"},"thumbnailUrl":"https:\/\/www.markt-kom.com\/wp-content\/uploads\/2024\/09\/Arcidiacono-SRF.jpg","keywords":["Bundesrat","Jobchange","MarKom"],"articleSection":["MARKETING"],"inLanguage":"fr-FR"},{"@type":"WebPage","@id":"https:\/\/www.organisator.ch\/marketing\/2024-09-20\/andrea-arcidiacono-wird-neuer-bundesratssprecher\/","url":"https:\/\/www.organisator.ch\/marketing\/2024-09-20\/andrea-arcidiacono-wird-neuer-bundesratssprecher\/","name":"Andrea Arcidiacono sera le nouveau porte-parole du Conseil f\u00e9d\u00e9ral - Organisateur","isPartOf":{"@id":"https:\/\/www.organisator.ch\/#website"},"primaryImageOfPage":{"@id":"https:\/\/www.organisator.ch\/marketing\/2024-09-20\/andrea-arcidiacono-wird-neuer-bundesratssprecher\/#primaryimage"},"image":{"@id":"https:\/\/www.organisator.ch\/marketing\/2024-09-20\/andrea-arcidiacono-wird-neuer-bundesratssprecher\/#primaryimage"},"thumbnailUrl":"https:\/\/www.markt-kom.com\/wp-content\/uploads\/2024\/09\/Arcidiacono-SRF.jpg","datePublished":"2024-09-20T18:59:56+00:00","dateModified":"2024-11-08T07:39:24+00:00","description":"Arcidiacono sera le nouveau porte-parole du Conseil f\u00e9d\u00e9ral \u00e0 partir du 1er octobre 2024. Il succ\u00e8de \u00e0 Andr\u00e9 Simonazzi, qui est d\u00e9c\u00e9d\u00e9.","breadcrumb":{"@id":"https:\/\/www.organisator.ch\/marketing\/2024-09-20\/andrea-arcidiacono-wird-neuer-bundesratssprecher\/#breadcrumb"},"inLanguage":"fr-FR","potentialAction":[{"@type":"ReadAction","target":["https:\/\/www.organisator.ch\/marketing\/2024-09-20\/andrea-arcidiacono-wird-neuer-bundesratssprecher\/"]}]},{"@type":"ImageObject","inLanguage":"fr-FR","@id":"https:\/\/www.organisator.ch\/marketing\/2024-09-20\/andrea-arcidiacono-wird-neuer-bundesratssprecher\/#primaryimage","url":"https:\/\/www.markt-kom.com\/wp-content\/uploads\/2024\/09\/Arcidiacono-SRF.jpg","contentUrl":"https:\/\/www.markt-kom.com\/wp-content\/uploads\/2024\/09\/Arcidiacono-SRF.jpg"},{"@type":"BreadcrumbList","@id":"https:\/\/www.organisator.ch\/marketing\/2024-09-20\/andrea-arcidiacono-wird-neuer-bundesratssprecher\/#breadcrumb","itemListElement":[{"@type":"ListItem","position":1,"name":"Home","item":"https:\/\/www.organisator.ch\/"},{"@type":"ListItem","position":2,"name":"Andrea Arcidiacono wird neuer Bundesratssprecher"}]},{"@type":"WebSite","@id":"https:\/\/www.organisator.ch\/#website","url":"https:\/\/www.organisator.ch\/","name":"Organisateur","description":"Comp\u00e9tence et comp\u00e9tence. Proches de la pratique. L'ORGANISATEUR pr\u00e9pare 10 num\u00e9ros par an sur les th\u00e8mes essentiels pour les dirigeants de PME.","publisher":{"@id":"https:\/\/www.organisator.ch\/#organization"},"potentialAction":[{"@type":"SearchAction","target":{"@type":"EntryPoint","urlTemplate":"https:\/\/www.organisator.ch\/?s={search_term_string}"},"query-input":{"@type":"PropertyValueSpecification","valueRequired":true,"valueName":"search_term_string"}}],"inLanguage":"fr-FR"},{"@type":"Organization","@id":"https:\/\/www.organisator.ch\/#organization","name":"Organisateur","url":"https:\/\/www.organisator.ch\/","logo":{"@type":"ImageObject","inLanguage":"fr-FR","@id":"https:\/\/www.organisator.ch\/#\/schema\/logo\/image\/","url":"https:\/\/www.organisator.ch\/wp-content\/uploads\/2022\/01\/Logo_Organisator_Website.png","contentUrl":"https:\/\/www.organisator.ch\/wp-content\/uploads\/2022\/01\/Logo_Organisator_Website.png","width":800,"height":77,"caption":"Organisator"},"image":{"@id":"https:\/\/www.organisator.ch\/#\/schema\/logo\/image\/"},"sameAs":["https:\/\/www.facebook.com\/OrganisatorFachmagazin","https:\/\/www.linkedin.com\/showcase\/organisator-das-magazin-fr-kmu","https:\/\/www.xing.com\/news\/pages\/organisator-ch-695","https:\/\/www.youtube.com\/channel\/UCGP2Sq0iWaZwT3BdIAQFYpw"]},{"@type":"Person","@id":"https:\/\/www.organisator.ch\/#\/schema\/person\/4e51799071cd2dd1232ac003643ef5f0","name":"galledia","image":{"@type":"ImageObject","inLanguage":"fr-FR","@id":"https:\/\/secure.gravatar.com\/avatar\/78a7f90c01fc2bfc875782a0d4922b37cde2cf184ce347b91316d23cd7f69a36?s=96&d=mm&r=g","url":"https:\/\/secure.gravatar.com\/avatar\/78a7f90c01fc2bfc875782a0d4922b37cde2cf184ce347b91316d23cd7f69a36?s=96&d=mm&r=g","contentUrl":"https:\/\/secure.gravatar.com\/avatar\/78a7f90c01fc2bfc875782a0d4922b37cde2cf184ce347b91316d23cd7f69a36?s=96&d=mm&r=g","caption":"galledia"},"sameAs":["https:\/\/x.com\/admin"],"url":"https:\/\/www.organisator.ch\/fr\/author\/galledia\/"}]}},"_links":{"self":[{"href":"https:\/\/www.organisator.ch\/fr\/wp-json\/wp\/v2\/posts\/29970","targetHints":{"allow":["GET"]}}],"collection":[{"href":"https:\/\/www.organisator.ch\/fr\/wp-json\/wp\/v2\/posts"}],"about":[{"href":"https:\/\/www.organisator.ch\/fr\/wp-json\/wp\/v2\/types\/post"}],"author":[{"embeddable":true,"href":"https:\/\/www.organisator.ch\/fr\/wp-json\/wp\/v2\/users\/8"}],"replies":[{"embeddable":true,"href":"https:\/\/www.organisator.ch\/fr\/wp-json\/wp\/v2\/comments?post=29970"}],"version-history":[{"count":7,"href":"https:\/\/www.organisator.ch\/fr\/wp-json\/wp\/v2\/posts\/29970\/revisions"}],"predecessor-version":[{"id":31902,"href":"https:\/\/www.organisator.ch\/fr\/wp-json\/wp\/v2\/posts\/29970\/revisions\/31902"}],"wp:attachment":[{"href":"https:\/\/www.organisator.ch\/fr\/wp-json\/wp\/v2\/media?parent=29970"}],"wp:term":[{"taxonomy":"category","embeddable":true,"href":"https:\/\/www.organisator.ch\/fr\/wp-json\/wp\/v2\/categories?post=29970"},{"taxonomy":"post_tag","embeddable":true,"href":"https:\/\/www.organisator.ch\/fr\/wp-json\/wp\/v2\/tags?post=29970"}],"curies":[{"name":"wp","href":"https:\/\/api.w.org\/{rel}","templated":true}]}}