{"id":3002,"date":"2018-01-18T10:19:37","date_gmt":"2018-01-18T09:19:37","guid":{"rendered":"https:\/\/www.organisator.ch\/?p=3002"},"modified":"2018-01-18T10:19:37","modified_gmt":"2018-01-18T09:19:37","slug":"alpensymposium-2018-viel-philosophie-politik-und-ein-rockstar","status":"publish","type":"post","link":"https:\/\/www.organisator.ch\/fr\/allgemein\/2018-01-18\/alpensymposium-2018-viel-philosophie-politik-und-ein-rockstar\/","title":{"rendered":"Symposium alpin 2018 : beaucoup de philosophie, de politique - et une rock star"},"content":{"rendered":"<figure id=\"attachment_3008\" aria-describedby=\"caption-attachment-3008\" style=\"width: 640px\" class=\"wp-caption alignnone\"><img loading=\"lazy\" decoding=\"async\" class=\"size-full wp-image-3008\" src=\"https:\/\/www.organisator.ch\/wp-content\/uploads\/2018\/01\/Alpensymposium-2018-Viel-Philosophie-Politik-und-ein-Rockstar-1_Organisator.jpg\" alt=\"\" width=\"640\" height=\"425\" srcset=\"https:\/\/www.organisator.ch\/wp-content\/uploads\/2018\/01\/Alpensymposium-2018-Viel-Philosophie-Politik-und-ein-Rockstar-1_Organisator.jpg 640w, https:\/\/www.organisator.ch\/wp-content\/uploads\/2018\/01\/Alpensymposium-2018-Viel-Philosophie-Politik-und-ein-Rockstar-1_Organisator-16x12.jpg 16w, https:\/\/www.organisator.ch\/wp-content\/uploads\/2018\/01\/Alpensymposium-2018-Viel-Philosophie-Politik-und-ein-Rockstar-1_Organisator-264x175.jpg 264w, https:\/\/www.organisator.ch\/wp-content\/uploads\/2018\/01\/Alpensymposium-2018-Viel-Philosophie-Politik-und-ein-Rockstar-1_Organisator-527x350.jpg 527w, https:\/\/www.organisator.ch\/wp-content\/uploads\/2018\/01\/Alpensymposium-2018-Viel-Philosophie-Politik-und-ein-Rockstar-1_Organisator-300x199.jpg 300w\" sizes=\"auto, (max-width: 640px) 100vw, 640px\" \/><figcaption id=\"caption-attachment-3008\" class=\"wp-caption-text\">Pas une rock star, mais un philosophe : Anders Indset a mis en garde contre une \"explosion de l'intelligence\" lors du Symposium alpin 2018. (Images : Thomas Berner)<\/figcaption><\/figure>\n<p>L'homme sera-t-il un jour obsol\u00e8te ? Cette vision plut\u00f4t sombre de l'avenir pourrait bien devenir un jour r\u00e9alit\u00e9, estime le philosophe \u00e9conomique norv\u00e9gien Anders Indset. Il met en garde contre une sous-estimation de la vitesse des d\u00e9veloppements technologiques. \"Cette ann\u00e9e encore, l'informatique quantique fera une perc\u00e9e\", pr\u00e9dit Indset. \"Il y aura une explosion de l'intelligence, dans trois \u00e0 cinq ans, nous aurons des machines avec un QI \u00e9quivalent \u00e0 celui des adultes\", pr\u00e9voit-il. L'intelligence artificielle (AI) deviendra l'intelligence g\u00e9n\u00e9rale artificielle (AGI). Nous devrions avoir du respect pour la vision d'un \"homo obsoletus\", a averti Indset, appelant les auditeurs \u00e0 devenir eux-m\u00eames des acteurs du changement afin de ne pas \u00eatre simplement livr\u00e9s \u00e0 lui. Il n'est pas acceptable que les algorithmes deviennent les nouvelles autorit\u00e9s.<\/p>\n<h2>Pour une bonne vie<\/h2>\n<p>Les interventions de Rolf Dobelli et Mahsa Amoudadashi portaient plut\u00f4t sur les \"petites choses\". Mahsa Amoudadashi a plaid\u00e9 lors du Symposium alpin 2018 pour plus de cordialit\u00e9 dans les relations avec les clients et les collaborateurs. Mais cela ne s'apprend pas, il faut d'abord \"\u00e9veiller\" l'enthousiasme par l'exemple. Rolf Dobelli a quant \u00e0 lui donn\u00e9 quelques id\u00e9es pour une \"bonne vie\", comme par exemple : Dire plus souvent \"non\", faire preuve de plus de modestie ou arr\u00eater de toujours se comparer aux autres.<\/p>\n<figure id=\"attachment_3011\" aria-describedby=\"caption-attachment-3011\" style=\"width: 640px\" class=\"wp-caption alignnone\"><img loading=\"lazy\" decoding=\"async\" class=\"size-full wp-image-3011\" src=\"https:\/\/www.organisator.ch\/wp-content\/uploads\/2018\/01\/Alpensymposium-2018-Viel-Philosophie-Politik-und-ein-Rockstar-4_Organisator.jpg\" alt=\"\" width=\"640\" height=\"425\" srcset=\"https:\/\/www.organisator.ch\/wp-content\/uploads\/2018\/01\/Alpensymposium-2018-Viel-Philosophie-Politik-und-ein-Rockstar-4_Organisator.jpg 640w, https:\/\/www.organisator.ch\/wp-content\/uploads\/2018\/01\/Alpensymposium-2018-Viel-Philosophie-Politik-und-ein-Rockstar-4_Organisator-16x12.jpg 16w, https:\/\/www.organisator.ch\/wp-content\/uploads\/2018\/01\/Alpensymposium-2018-Viel-Philosophie-Politik-und-ein-Rockstar-4_Organisator-264x175.jpg 264w, https:\/\/www.organisator.ch\/wp-content\/uploads\/2018\/01\/Alpensymposium-2018-Viel-Philosophie-Politik-und-ein-Rockstar-4_Organisator-527x350.jpg 527w, https:\/\/www.organisator.ch\/wp-content\/uploads\/2018\/01\/Alpensymposium-2018-Viel-Philosophie-Politik-und-ein-Rockstar-4_Organisator-300x199.jpg 300w\" sizes=\"auto, (max-width: 640px) 100vw, 640px\" \/><figcaption id=\"caption-attachment-3011\" class=\"wp-caption-text\">Joachim Gauck, ancien pr\u00e9sident allemand : \"Une civilisation robuste\" comme objectif.<\/figcaption><\/figure>\n<h2>L'Europe : la r\u00e9ponse au 21e si\u00e8cle<\/h2>\n<p>L'ancien pr\u00e9sident allemand Joachim Gauck a \u00e9galement adopt\u00e9 un ton calme. Il voit dans la mont\u00e9e du populisme un d\u00e9fi, mais souhaite un peu plus de s\u00e9r\u00e9nit\u00e9, un \"antihistorique\", selon ses propres termes. Il faut donner aux peurs l\u00e9gitimes des gens la possibilit\u00e9 de s'exprimer. Pour y r\u00e9pondre, il faut un langage accueillant et simple. Mais il ne faut pas laisser ce terrain aux populistes. Car leurs recettes sont trop s\u00e9duisantes. La politique est plut\u00f4t appel\u00e9e \u00e0 simplifier elle-m\u00eame par la communication les processus de plus en plus complexes de mani\u00e8re \"\u00e9clairante\". Joachim Gauck est convaincu que gr\u00e2ce \u00e0 une \"civilit\u00e9 robuste\", un discours civil correspondant est toujours possible.<\/p>\n<figure id=\"attachment_3012\" aria-describedby=\"caption-attachment-3012\" style=\"width: 640px\" class=\"wp-caption alignnone\"><img loading=\"lazy\" decoding=\"async\" class=\"size-full wp-image-3012\" src=\"https:\/\/www.organisator.ch\/wp-content\/uploads\/2018\/01\/Alpensymposium-2018-Viel-Philosophie-Politik-und-ein-Rockstar-5_Organisator.jpg\" alt=\"\" width=\"640\" height=\"411\" srcset=\"https:\/\/www.organisator.ch\/wp-content\/uploads\/2018\/01\/Alpensymposium-2018-Viel-Philosophie-Politik-und-ein-Rockstar-5_Organisator.jpg 640w, https:\/\/www.organisator.ch\/wp-content\/uploads\/2018\/01\/Alpensymposium-2018-Viel-Philosophie-Politik-und-ein-Rockstar-5_Organisator-16x10.jpg 16w, https:\/\/www.organisator.ch\/wp-content\/uploads\/2018\/01\/Alpensymposium-2018-Viel-Philosophie-Politik-und-ein-Rockstar-5_Organisator-273x175.jpg 273w, https:\/\/www.organisator.ch\/wp-content\/uploads\/2018\/01\/Alpensymposium-2018-Viel-Philosophie-Politik-und-ein-Rockstar-5_Organisator-545x350.jpg 545w, https:\/\/www.organisator.ch\/wp-content\/uploads\/2018\/01\/Alpensymposium-2018-Viel-Philosophie-Politik-und-ein-Rockstar-5_Organisator-300x193.jpg 300w\" sizes=\"auto, (max-width: 640px) 100vw, 640px\" \/><figcaption id=\"caption-attachment-3012\" class=\"wp-caption-text\">Peer Steinbr\u00fcck : Les probl\u00e8mes ne peuvent plus \u00eatre r\u00e9solus au niveau national.<\/figcaption><\/figure>\n<p>Le deuxi\u00e8me \"poids lourd politique\" du Symposium alpin 2018 \u00e9tait l'ancien ministre allemand des Finances, Peer Steinbr\u00fcck. Lui aussi a mis en garde contre la mont\u00e9e du populisme, tout en pr\u00e9cisant qu'un \"repli sur soi\" n'\u00e9tait pas la bonne strat\u00e9gie. \"Aucun probl\u00e8me ne peut plus \u00eatre r\u00e9solu uniquement au niveau national\", a d\u00e9clar\u00e9 Steinbr\u00fcck. L'Europe est certes extr\u00eamement sollicit\u00e9e par le Brexit, les probl\u00e8mes financiers ou d\u00e9mographiques et les incertitudes de la politique des grandes puissances comme les \u00c9tats-Unis ou la Russie. Mais cette m\u00eame Europe est la seule bonne r\u00e9ponse au 21e si\u00e8cle. Et o\u00f9 voit-il la Suisse dans cette Europe ? Il faut notamment r\u00e9soudre le probl\u00e8me de la libre circulation des personnes.<\/p>\n<h2>Star du rock et homme d'affaires<\/h2>\n<p>Le th\u00e8me du Symposium alpin de cette ann\u00e9e \u00e9tait \"Plan B\". Bruce Dickinson a de nombreux \"plans B\" de ce type. Chanteur du groupe britannique de heavy metal \"Iron Maiden\", Dickinson est aussi un homme d'affaires avis\u00e9. Son groupe et sa musique ne sont pas les seuls \u00e9l\u00e9ments incontournables du genre rock. En tant que pilote - il pilote lui-m\u00eame un Boeing 747 avec tout l'\u00e9quipement du groupe d'un concert \u00e0 l'autre - il a \u00e9galement fond\u00e9 plusieurs entreprises de maintenance a\u00e9ronautique et g\u00e9r\u00e9 une compagnie a\u00e9rienne compl\u00e8te, Air Djibouti. Dans l'esprit de la \"diversification\", Bruce Dickinson est \u00e9galement brasseur de bi\u00e8re et fabricant de montres.<\/p>\n<figure id=\"attachment_3010\" aria-describedby=\"caption-attachment-3010\" style=\"width: 640px\" class=\"wp-caption alignnone\"><img loading=\"lazy\" decoding=\"async\" class=\"size-full wp-image-3010\" src=\"https:\/\/www.organisator.ch\/wp-content\/uploads\/2018\/01\/Alpensymposium-2018-Viel-Philosophie-Politik-und-ein-Rockstar-3_Organisator.jpg\" alt=\"\" width=\"640\" height=\"425\" srcset=\"https:\/\/www.organisator.ch\/wp-content\/uploads\/2018\/01\/Alpensymposium-2018-Viel-Philosophie-Politik-und-ein-Rockstar-3_Organisator.jpg 640w, https:\/\/www.organisator.ch\/wp-content\/uploads\/2018\/01\/Alpensymposium-2018-Viel-Philosophie-Politik-und-ein-Rockstar-3_Organisator-16x12.jpg 16w, https:\/\/www.organisator.ch\/wp-content\/uploads\/2018\/01\/Alpensymposium-2018-Viel-Philosophie-Politik-und-ein-Rockstar-3_Organisator-264x175.jpg 264w, https:\/\/www.organisator.ch\/wp-content\/uploads\/2018\/01\/Alpensymposium-2018-Viel-Philosophie-Politik-und-ein-Rockstar-3_Organisator-527x350.jpg 527w, https:\/\/www.organisator.ch\/wp-content\/uploads\/2018\/01\/Alpensymposium-2018-Viel-Philosophie-Politik-und-ein-Rockstar-3_Organisator-300x199.jpg 300w\" sizes=\"auto, (max-width: 640px) 100vw, 640px\" \/><figcaption id=\"caption-attachment-3010\" class=\"wp-caption-text\">Rock star et homme d'affaires : Bruce Dickinson, chanteur d'\"Iron Maiden\" et entrepreneur dans le domaine de l'aviation.<\/figcaption><\/figure>\n<h2>Nouveaux environnements de travail, \u00e9motions et humour<\/h2>\n<p>Les deux s\u0153urs Melati et Isabel Wijsen ont \u00e9galement fait des apparitions impressionnantes et \u00e9motionnelles. En tant qu'\u00e9coli\u00e8res \u00e0 Bali, elles ont lanc\u00e9 avec l'organisation \"Bye Bye Plastic Bags\" une initiative contre l'immense pollution des mers et des plages par les d\u00e9chets plastiques. Leur prestation rafra\u00eechissante leur a permis de gagner le c\u0153ur du public lors du Symposium alpin 2018. Samuel Koch, quant \u00e0 lui, a \u00e9voqu\u00e9 son retour \u00e0 la vie, qui avait compl\u00e8tement chang\u00e9 apr\u00e8s son grave accident devant les cam\u00e9ras de l'\u00e9mission t\u00e9l\u00e9vis\u00e9e \"Wetten, dass... ?\". M\u00eame chose pour Michel Fornasier : il est venu au monde sans main droite. Gr\u00e2ce \u00e0 sa proth\u00e8se de main bionique \"iLimb Ultra Revolution\", il se d\u00e9place n\u00e9anmoins \u00e0 deux mains et montre par cet exemple les possibilit\u00e9s de la robotique. La professeure bernoise Kathrin Altwegg a parl\u00e9 de la mission de la sonde spatiale \"Rosetta\" aupr\u00e8s de la com\u00e8te Tchouri-Gerassimov. Et l'entrepreneur Viktor Calabr\u00f2 a montr\u00e9 comment des formes nouvelles et plus flexibles de relations de travail peuvent apporter de nouveaux avantages \u00e0 l'\u00e9conomie. Roman F. Szeliga, m\u00e9decin, manager, auteur et clown en clinique, ainsi que l'artiste de cabaret Florian Schroeder ont provoqu\u00e9 de nombreux rires dans le public.<\/p>\n<figure id=\"attachment_3009\" aria-describedby=\"caption-attachment-3009\" style=\"width: 448px\" class=\"wp-caption alignnone\"><img loading=\"lazy\" decoding=\"async\" class=\"size-full wp-image-3009\" src=\"https:\/\/www.organisator.ch\/wp-content\/uploads\/2018\/01\/Alpensymposium-2018-Viel-Philosophie-Politik-und-ein-Rockstar-2_Organisator.jpg\" alt=\"\" width=\"448\" height=\"298\" srcset=\"https:\/\/www.organisator.ch\/wp-content\/uploads\/2018\/01\/Alpensymposium-2018-Viel-Philosophie-Politik-und-ein-Rockstar-2_Organisator.jpg 448w, https:\/\/www.organisator.ch\/wp-content\/uploads\/2018\/01\/Alpensymposium-2018-Viel-Philosophie-Politik-und-ein-Rockstar-2_Organisator-16x12.jpg 16w, https:\/\/www.organisator.ch\/wp-content\/uploads\/2018\/01\/Alpensymposium-2018-Viel-Philosophie-Politik-und-ein-Rockstar-2_Organisator-263x175.jpg 263w, https:\/\/www.organisator.ch\/wp-content\/uploads\/2018\/01\/Alpensymposium-2018-Viel-Philosophie-Politik-und-ein-Rockstar-2_Organisator-300x200.jpg 300w\" sizes=\"auto, (max-width: 448px) 100vw, 448px\" \/><figcaption id=\"caption-attachment-3009\" class=\"wp-caption-text\">Ils ont montr\u00e9 que m\u00eame les jeunes peuvent faire bouger les choses : Melati et Isabel Wijsen et leur programme environnemental \"Bye Bye Plasticbags\".<\/figcaption><\/figure>\n<p><a href=\"http:\/\/www.alpensymposium.ch\"><em>www.alpensymposium.ch<\/em><\/a><\/p>\n<p>&nbsp;<\/p>","protected":false},"excerpt":{"rendered":"<p>Wird der Mensch doch einmal obsolet?\u00a0Diese eher d\u00fcster anmutende Zukunftsvision\u00a0k\u00f6nnte durchaus dereinst mal Realit\u00e4t werden,\u00a0glaubt\u00a0Wirtschaftsphilosoph Anders Indset aus Norwegen. Er warnte davor, die Geschwindigkeit der technologischen Entwicklungen zu untersch\u00e4tzen. &#8222;Noch dieses Jahr wird Quantum Computing einen Durchbruch erzielen&#8220;, prophezeit Indset. &#8222;Es wird zu einer Explosion der Intelligenz kommen, in drei bis f\u00fcnf Jahren werden wir [&hellip;]<\/p>\n","protected":false},"author":4,"featured_media":3011,"comment_status":"open","ping_status":"open","sticky":false,"template":"","format":"standard","meta":{"_acf_changed":false,"_yoast_wpseo_focuskw":"Alpensymposium 2018","_yoast_wpseo_metadesc":"Das Alpensymposium 2018 lockte am 16. und 17. Januar wieder etliche Hundert G\u00e4ste ins Hotel Victoria Jungfrau in Interlaken. Keynote-Speaker wie Anders Indset, Joachim Gauck, Peer Steinbr\u00fcck oder Bruce Dickinson lieferten viel Stoff zum Nachdenken.","articlekey":"","footnotes":""},"categories":[1],"tags":[335,502,508,531],"class_list":["post-3002","post","type-post","status-publish","format-standard","has-post-thumbnail","hentry","category-allgemein","tag-management-und-unternehmensfuehrung","tag-veranstaltungen","tag-vermischtes","tag-wirtschaftspolitik"],"acf":[],"yoast_head":"<!-- This site is optimized with the Yoast SEO plugin v27.5 - https:\/\/yoast.com\/product\/yoast-seo-wordpress\/ -->\n<title>Alpensymposium 2018: Viel Philosophie, Politik - und ein Rockstar - Organisator<\/title>\n<meta name=\"description\" content=\"Das Alpensymposium 2018 lockte am 16. und 17. Januar wieder etliche Hundert G\u00e4ste ins Hotel Victoria Jungfrau in Interlaken. Keynote-Speaker wie Anders Indset, Joachim Gauck, Peer Steinbr\u00fcck oder Bruce Dickinson lieferten viel Stoff zum Nachdenken.\" \/>\n<meta name=\"robots\" content=\"index, follow, max-snippet:-1, max-image-preview:large, max-video-preview:-1\" \/>\n<link rel=\"canonical\" href=\"https:\/\/www.organisator.ch\/fr\/general\/2018-01-18\/alpensymposium-2018-viel-philosophie-politik-und-ein-rockstar\/\" \/>\n<meta property=\"og:locale\" content=\"fr_FR\" \/>\n<meta property=\"og:type\" content=\"article\" \/>\n<meta property=\"og:title\" content=\"Alpensymposium 2018: Viel Philosophie, Politik - und ein Rockstar\" \/>\n<meta property=\"og:description\" content=\"Das #Alpensymposium 2018 lockte am 16. und 17. Januar wieder etliche Hundert G\u00e4ste ins Hotel Victoria Jungfrau in Interlaken. Keynote-Speaker wie Anders #Indset, Joachim #Gauck, Peer #Steinbr\u00fcck oder Bruce #Dickinson lieferten viel Stoff zum Nachdenken.\" \/>\n<meta property=\"og:url\" content=\"https:\/\/www.organisator.ch\/fr\/general\/2018-01-18\/alpensymposium-2018-viel-philosophie-politik-und-ein-rockstar\/\" \/>\n<meta property=\"og:site_name\" content=\"Organisator\" \/>\n<meta property=\"article:publisher\" content=\"https:\/\/www.facebook.com\/OrganisatorFachmagazin\" \/>\n<meta property=\"article:published_time\" content=\"2018-01-18T09:19:37+00:00\" \/>\n<meta property=\"og:image\" content=\"https:\/\/www.organisator.ch\/wp-content\/uploads\/2018\/01\/Alpensymposium-2018-Viel-Philosophie-Politik-und-ein-Rockstar-4_Organisator.jpg\" \/>\n\t<meta property=\"og:image:width\" content=\"640\" \/>\n\t<meta property=\"og:image:height\" content=\"425\" \/>\n\t<meta property=\"og:image:type\" content=\"image\/jpeg\" \/>\n<meta name=\"author\" content=\"thomas.berner\" \/>\n<meta name=\"twitter:card\" content=\"summary_large_image\" \/>\n<meta name=\"twitter:title\" content=\"#Alpensymposium 2018: Viel Philosophie, Politik - und ein #Rockstar\" \/>\n<meta name=\"twitter:description\" content=\"Das #Alpensymposium 2018 lockte am 16. und 17. Januar wieder etliche Hundert G\u00e4ste ins Hotel Victoria Jungfrau in Interlaken. Keynote-Speaker wie Anders #Indset, Joachim #Gauck, Peer #Steinbr\u00fcck oder Bruce #Dickinson lieferten viel Stoff zum Nachdenken.\" \/>\n<meta name=\"twitter:image\" content=\"https:\/\/www.organisator.ch\/wp-content\/uploads\/2018\/01\/Alpensymposium-2018-Viel-Philosophie-Politik-und-ein-Rockstar-4_Organisator.jpg\" \/>\n<script type=\"application\/ld+json\" class=\"yoast-schema-graph\">{\"@context\":\"https:\\\/\\\/schema.org\",\"@graph\":[{\"@type\":\"Article\",\"@id\":\"https:\\\/\\\/www.organisator.ch\\\/de\\\/allgemein\\\/2018-01-18\\\/alpensymposium-2018-viel-philosophie-politik-und-ein-rockstar\\\/#article\",\"isPartOf\":{\"@id\":\"https:\\\/\\\/www.organisator.ch\\\/de\\\/allgemein\\\/2018-01-18\\\/alpensymposium-2018-viel-philosophie-politik-und-ein-rockstar\\\/\"},\"author\":{\"name\":\"thomas.berner\",\"@id\":\"https:\\\/\\\/www.organisator.ch\\\/#\\\/schema\\\/person\\\/6f650f90b2842cd4c0cc334b4e36f67e\"},\"headline\":\"Alpensymposium 2018: Viel Philosophie, Politik &#8211; und ein Rockstar\",\"datePublished\":\"2018-01-18T09:19:37+00:00\",\"mainEntityOfPage\":{\"@id\":\"https:\\\/\\\/www.organisator.ch\\\/de\\\/allgemein\\\/2018-01-18\\\/alpensymposium-2018-viel-philosophie-politik-und-ein-rockstar\\\/\"},\"wordCount\":836,\"commentCount\":0,\"publisher\":{\"@id\":\"https:\\\/\\\/www.organisator.ch\\\/#organization\"},\"image\":{\"@id\":\"https:\\\/\\\/www.organisator.ch\\\/de\\\/allgemein\\\/2018-01-18\\\/alpensymposium-2018-viel-philosophie-politik-und-ein-rockstar\\\/#primaryimage\"},\"thumbnailUrl\":\"https:\\\/\\\/www.organisator.ch\\\/wp-content\\\/uploads\\\/2018\\\/01\\\/Alpensymposium-2018-Viel-Philosophie-Politik-und-ein-Rockstar-4_Organisator.jpg\",\"keywords\":[\"Management und Unternehmensf\u00fchrung\",\"Veranstaltungen\",\"Vermischtes\",\"Wirtschaftspolitik\"],\"articleSection\":[\"Allgemein\"],\"inLanguage\":\"fr-FR\"},{\"@type\":\"WebPage\",\"@id\":\"https:\\\/\\\/www.organisator.ch\\\/de\\\/allgemein\\\/2018-01-18\\\/alpensymposium-2018-viel-philosophie-politik-und-ein-rockstar\\\/\",\"url\":\"https:\\\/\\\/www.organisator.ch\\\/de\\\/allgemein\\\/2018-01-18\\\/alpensymposium-2018-viel-philosophie-politik-und-ein-rockstar\\\/\",\"name\":\"Alpensymposium 2018: Viel Philosophie, Politik - und ein Rockstar - Organisator\",\"isPartOf\":{\"@id\":\"https:\\\/\\\/www.organisator.ch\\\/#website\"},\"primaryImageOfPage\":{\"@id\":\"https:\\\/\\\/www.organisator.ch\\\/de\\\/allgemein\\\/2018-01-18\\\/alpensymposium-2018-viel-philosophie-politik-und-ein-rockstar\\\/#primaryimage\"},\"image\":{\"@id\":\"https:\\\/\\\/www.organisator.ch\\\/de\\\/allgemein\\\/2018-01-18\\\/alpensymposium-2018-viel-philosophie-politik-und-ein-rockstar\\\/#primaryimage\"},\"thumbnailUrl\":\"https:\\\/\\\/www.organisator.ch\\\/wp-content\\\/uploads\\\/2018\\\/01\\\/Alpensymposium-2018-Viel-Philosophie-Politik-und-ein-Rockstar-4_Organisator.jpg\",\"datePublished\":\"2018-01-18T09:19:37+00:00\",\"description\":\"Das Alpensymposium 2018 lockte am 16. und 17. Januar wieder etliche Hundert G\u00e4ste ins Hotel Victoria Jungfrau in Interlaken. Keynote-Speaker wie Anders Indset, Joachim Gauck, Peer Steinbr\u00fcck oder Bruce Dickinson lieferten viel Stoff zum Nachdenken.\",\"breadcrumb\":{\"@id\":\"https:\\\/\\\/www.organisator.ch\\\/de\\\/allgemein\\\/2018-01-18\\\/alpensymposium-2018-viel-philosophie-politik-und-ein-rockstar\\\/#breadcrumb\"},\"inLanguage\":\"fr-FR\",\"potentialAction\":[{\"@type\":\"ReadAction\",\"target\":[\"https:\\\/\\\/www.organisator.ch\\\/de\\\/allgemein\\\/2018-01-18\\\/alpensymposium-2018-viel-philosophie-politik-und-ein-rockstar\\\/\"]}]},{\"@type\":\"ImageObject\",\"inLanguage\":\"fr-FR\",\"@id\":\"https:\\\/\\\/www.organisator.ch\\\/de\\\/allgemein\\\/2018-01-18\\\/alpensymposium-2018-viel-philosophie-politik-und-ein-rockstar\\\/#primaryimage\",\"url\":\"https:\\\/\\\/www.organisator.ch\\\/wp-content\\\/uploads\\\/2018\\\/01\\\/Alpensymposium-2018-Viel-Philosophie-Politik-und-ein-Rockstar-4_Organisator.jpg\",\"contentUrl\":\"https:\\\/\\\/www.organisator.ch\\\/wp-content\\\/uploads\\\/2018\\\/01\\\/Alpensymposium-2018-Viel-Philosophie-Politik-und-ein-Rockstar-4_Organisator.jpg\",\"width\":640,\"height\":425,\"caption\":\"Joachim Gauck, ehemaliger deutscher Bundespr\u00e4sident: \\\"Robuste Zivilit\u00e4t\\\" als Ziel.\"},{\"@type\":\"BreadcrumbList\",\"@id\":\"https:\\\/\\\/www.organisator.ch\\\/de\\\/allgemein\\\/2018-01-18\\\/alpensymposium-2018-viel-philosophie-politik-und-ein-rockstar\\\/#breadcrumb\",\"itemListElement\":[{\"@type\":\"ListItem\",\"position\":1,\"name\":\"Home\",\"item\":\"https:\\\/\\\/www.organisator.ch\\\/\"},{\"@type\":\"ListItem\",\"position\":2,\"name\":\"Alpensymposium 2018: Viel Philosophie, Politik &#8211; und ein Rockstar\"}]},{\"@type\":\"WebSite\",\"@id\":\"https:\\\/\\\/www.organisator.ch\\\/#website\",\"url\":\"https:\\\/\\\/www.organisator.ch\\\/\",\"name\":\"Organisator\",\"description\":\"Kompetent. Praxisnah. Der ORGANISATOR bereitet in 10 Ausgaben pro Jahr die wesentlichen Themen f\u00fcr F\u00fchrungskr\u00e4fte von KMU auf.\",\"publisher\":{\"@id\":\"https:\\\/\\\/www.organisator.ch\\\/#organization\"},\"potentialAction\":[{\"@type\":\"SearchAction\",\"target\":{\"@type\":\"EntryPoint\",\"urlTemplate\":\"https:\\\/\\\/www.organisator.ch\\\/?s={search_term_string}\"},\"query-input\":{\"@type\":\"PropertyValueSpecification\",\"valueRequired\":true,\"valueName\":\"search_term_string\"}}],\"inLanguage\":\"fr-FR\"},{\"@type\":\"Organization\",\"@id\":\"https:\\\/\\\/www.organisator.ch\\\/#organization\",\"name\":\"Organisator\",\"url\":\"https:\\\/\\\/www.organisator.ch\\\/\",\"logo\":{\"@type\":\"ImageObject\",\"inLanguage\":\"fr-FR\",\"@id\":\"https:\\\/\\\/www.organisator.ch\\\/#\\\/schema\\\/logo\\\/image\\\/\",\"url\":\"https:\\\/\\\/www.organisator.ch\\\/wp-content\\\/uploads\\\/2022\\\/01\\\/Logo_Organisator_Website.png\",\"contentUrl\":\"https:\\\/\\\/www.organisator.ch\\\/wp-content\\\/uploads\\\/2022\\\/01\\\/Logo_Organisator_Website.png\",\"width\":800,\"height\":77,\"caption\":\"Organisator\"},\"image\":{\"@id\":\"https:\\\/\\\/www.organisator.ch\\\/#\\\/schema\\\/logo\\\/image\\\/\"},\"sameAs\":[\"https:\\\/\\\/www.facebook.com\\\/OrganisatorFachmagazin\",\"https:\\\/\\\/www.linkedin.com\\\/showcase\\\/organisator-das-magazin-fr-kmu\",\"https:\\\/\\\/www.xing.com\\\/news\\\/pages\\\/organisator-ch-695\",\"https:\\\/\\\/www.youtube.com\\\/channel\\\/UCGP2Sq0iWaZwT3BdIAQFYpw\"]},{\"@type\":\"Person\",\"@id\":\"https:\\\/\\\/www.organisator.ch\\\/#\\\/schema\\\/person\\\/6f650f90b2842cd4c0cc334b4e36f67e\",\"name\":\"thomas.berner\",\"image\":{\"@type\":\"ImageObject\",\"inLanguage\":\"fr-FR\",\"@id\":\"https:\\\/\\\/secure.gravatar.com\\\/avatar\\\/ac5001d2a36cb6c6cd3e50789007ffca834b477b74a2144564522e944eabff61?s=96&d=mm&r=g\",\"url\":\"https:\\\/\\\/secure.gravatar.com\\\/avatar\\\/ac5001d2a36cb6c6cd3e50789007ffca834b477b74a2144564522e944eabff61?s=96&d=mm&r=g\",\"contentUrl\":\"https:\\\/\\\/secure.gravatar.com\\\/avatar\\\/ac5001d2a36cb6c6cd3e50789007ffca834b477b74a2144564522e944eabff61?s=96&d=mm&r=g\",\"caption\":\"thomas.berner\"},\"url\":\"https:\\\/\\\/www.organisator.ch\\\/fr\\\/author\\\/thomas-berner\\\/\"}]}<\/script>\n<!-- \/ Yoast SEO plugin. -->","yoast_head_json":{"title":"Symposium alpin 2018 : beaucoup de philosophie, de politique - et une rock star - organisateur","description":"Le Symposium alpin 2018 a de nouveau attir\u00e9 plusieurs centaines d'invit\u00e9s \u00e0 l'h\u00f4tel Victoria Jungfrau d'Interlaken les 16 et 17 janvier. Des intervenants tels qu'Anders Indset, Joachim Gauck, Peer Steinbr\u00fcck ou Bruce Dickinson ont donn\u00e9 mati\u00e8re \u00e0 r\u00e9flexion.","robots":{"index":"index","follow":"follow","max-snippet":"max-snippet:-1","max-image-preview":"max-image-preview:large","max-video-preview":"max-video-preview:-1"},"canonical":"https:\/\/www.organisator.ch\/fr\/general\/2018-01-18\/alpensymposium-2018-viel-philosophie-politik-und-ein-rockstar\/","og_locale":"fr_FR","og_type":"article","og_title":"Alpensymposium 2018: Viel Philosophie, Politik - und ein Rockstar","og_description":"Das #Alpensymposium 2018 lockte am 16. und 17. Januar wieder etliche Hundert G\u00e4ste ins Hotel Victoria Jungfrau in Interlaken. Keynote-Speaker wie Anders #Indset, Joachim #Gauck, Peer #Steinbr\u00fcck oder Bruce #Dickinson lieferten viel Stoff zum Nachdenken.","og_url":"https:\/\/www.organisator.ch\/fr\/general\/2018-01-18\/alpensymposium-2018-viel-philosophie-politik-und-ein-rockstar\/","og_site_name":"Organisator","article_publisher":"https:\/\/www.facebook.com\/OrganisatorFachmagazin","article_published_time":"2018-01-18T09:19:37+00:00","og_image":[{"width":640,"height":425,"url":"https:\/\/www.organisator.ch\/wp-content\/uploads\/2018\/01\/Alpensymposium-2018-Viel-Philosophie-Politik-und-ein-Rockstar-4_Organisator.jpg","type":"image\/jpeg"}],"author":"thomas.berner","twitter_card":"summary_large_image","twitter_title":"#Alpensymposium 2018: Viel Philosophie, Politik - und ein #Rockstar","twitter_description":"Das #Alpensymposium 2018 lockte am 16. und 17. Januar wieder etliche Hundert G\u00e4ste ins Hotel Victoria Jungfrau in Interlaken. Keynote-Speaker wie Anders #Indset, Joachim #Gauck, Peer #Steinbr\u00fcck oder Bruce #Dickinson lieferten viel Stoff zum Nachdenken.","twitter_image":"https:\/\/www.organisator.ch\/wp-content\/uploads\/2018\/01\/Alpensymposium-2018-Viel-Philosophie-Politik-und-ein-Rockstar-4_Organisator.jpg","schema":{"@context":"https:\/\/schema.org","@graph":[{"@type":"Article","@id":"https:\/\/www.organisator.ch\/de\/allgemein\/2018-01-18\/alpensymposium-2018-viel-philosophie-politik-und-ein-rockstar\/#article","isPartOf":{"@id":"https:\/\/www.organisator.ch\/de\/allgemein\/2018-01-18\/alpensymposium-2018-viel-philosophie-politik-und-ein-rockstar\/"},"author":{"name":"thomas.berner","@id":"https:\/\/www.organisator.ch\/#\/schema\/person\/6f650f90b2842cd4c0cc334b4e36f67e"},"headline":"Alpensymposium 2018: Viel Philosophie, Politik &#8211; und ein Rockstar","datePublished":"2018-01-18T09:19:37+00:00","mainEntityOfPage":{"@id":"https:\/\/www.organisator.ch\/de\/allgemein\/2018-01-18\/alpensymposium-2018-viel-philosophie-politik-und-ein-rockstar\/"},"wordCount":836,"commentCount":0,"publisher":{"@id":"https:\/\/www.organisator.ch\/#organization"},"image":{"@id":"https:\/\/www.organisator.ch\/de\/allgemein\/2018-01-18\/alpensymposium-2018-viel-philosophie-politik-und-ein-rockstar\/#primaryimage"},"thumbnailUrl":"https:\/\/www.organisator.ch\/wp-content\/uploads\/2018\/01\/Alpensymposium-2018-Viel-Philosophie-Politik-und-ein-Rockstar-4_Organisator.jpg","keywords":["Management und Unternehmensf\u00fchrung","Veranstaltungen","Vermischtes","Wirtschaftspolitik"],"articleSection":["Allgemein"],"inLanguage":"fr-FR"},{"@type":"WebPage","@id":"https:\/\/www.organisator.ch\/de\/allgemein\/2018-01-18\/alpensymposium-2018-viel-philosophie-politik-und-ein-rockstar\/","url":"https:\/\/www.organisator.ch\/de\/allgemein\/2018-01-18\/alpensymposium-2018-viel-philosophie-politik-und-ein-rockstar\/","name":"Symposium alpin 2018 : beaucoup de philosophie, de politique - et une rock star - organisateur","isPartOf":{"@id":"https:\/\/www.organisator.ch\/#website"},"primaryImageOfPage":{"@id":"https:\/\/www.organisator.ch\/de\/allgemein\/2018-01-18\/alpensymposium-2018-viel-philosophie-politik-und-ein-rockstar\/#primaryimage"},"image":{"@id":"https:\/\/www.organisator.ch\/de\/allgemein\/2018-01-18\/alpensymposium-2018-viel-philosophie-politik-und-ein-rockstar\/#primaryimage"},"thumbnailUrl":"https:\/\/www.organisator.ch\/wp-content\/uploads\/2018\/01\/Alpensymposium-2018-Viel-Philosophie-Politik-und-ein-Rockstar-4_Organisator.jpg","datePublished":"2018-01-18T09:19:37+00:00","description":"Le Symposium alpin 2018 a de nouveau attir\u00e9 plusieurs centaines d'invit\u00e9s \u00e0 l'h\u00f4tel Victoria Jungfrau d'Interlaken les 16 et 17 janvier. Des intervenants tels qu'Anders Indset, Joachim Gauck, Peer Steinbr\u00fcck ou Bruce Dickinson ont donn\u00e9 mati\u00e8re \u00e0 r\u00e9flexion.","breadcrumb":{"@id":"https:\/\/www.organisator.ch\/de\/allgemein\/2018-01-18\/alpensymposium-2018-viel-philosophie-politik-und-ein-rockstar\/#breadcrumb"},"inLanguage":"fr-FR","potentialAction":[{"@type":"ReadAction","target":["https:\/\/www.organisator.ch\/de\/allgemein\/2018-01-18\/alpensymposium-2018-viel-philosophie-politik-und-ein-rockstar\/"]}]},{"@type":"ImageObject","inLanguage":"fr-FR","@id":"https:\/\/www.organisator.ch\/de\/allgemein\/2018-01-18\/alpensymposium-2018-viel-philosophie-politik-und-ein-rockstar\/#primaryimage","url":"https:\/\/www.organisator.ch\/wp-content\/uploads\/2018\/01\/Alpensymposium-2018-Viel-Philosophie-Politik-und-ein-Rockstar-4_Organisator.jpg","contentUrl":"https:\/\/www.organisator.ch\/wp-content\/uploads\/2018\/01\/Alpensymposium-2018-Viel-Philosophie-Politik-und-ein-Rockstar-4_Organisator.jpg","width":640,"height":425,"caption":"Joachim Gauck, ehemaliger deutscher Bundespr\u00e4sident: \"Robuste Zivilit\u00e4t\" als Ziel."},{"@type":"BreadcrumbList","@id":"https:\/\/www.organisator.ch\/de\/allgemein\/2018-01-18\/alpensymposium-2018-viel-philosophie-politik-und-ein-rockstar\/#breadcrumb","itemListElement":[{"@type":"ListItem","position":1,"name":"Home","item":"https:\/\/www.organisator.ch\/"},{"@type":"ListItem","position":2,"name":"Alpensymposium 2018: Viel Philosophie, Politik &#8211; und ein Rockstar"}]},{"@type":"WebSite","@id":"https:\/\/www.organisator.ch\/#website","url":"https:\/\/www.organisator.ch\/","name":"Organisateur","description":"Comp\u00e9tence et comp\u00e9tence. Proches de la pratique. L'ORGANISATEUR pr\u00e9pare 10 num\u00e9ros par an sur les th\u00e8mes essentiels pour les dirigeants de PME.","publisher":{"@id":"https:\/\/www.organisator.ch\/#organization"},"potentialAction":[{"@type":"SearchAction","target":{"@type":"EntryPoint","urlTemplate":"https:\/\/www.organisator.ch\/?s={search_term_string}"},"query-input":{"@type":"PropertyValueSpecification","valueRequired":true,"valueName":"search_term_string"}}],"inLanguage":"fr-FR"},{"@type":"Organization","@id":"https:\/\/www.organisator.ch\/#organization","name":"Organisateur","url":"https:\/\/www.organisator.ch\/","logo":{"@type":"ImageObject","inLanguage":"fr-FR","@id":"https:\/\/www.organisator.ch\/#\/schema\/logo\/image\/","url":"https:\/\/www.organisator.ch\/wp-content\/uploads\/2022\/01\/Logo_Organisator_Website.png","contentUrl":"https:\/\/www.organisator.ch\/wp-content\/uploads\/2022\/01\/Logo_Organisator_Website.png","width":800,"height":77,"caption":"Organisator"},"image":{"@id":"https:\/\/www.organisator.ch\/#\/schema\/logo\/image\/"},"sameAs":["https:\/\/www.facebook.com\/OrganisatorFachmagazin","https:\/\/www.linkedin.com\/showcase\/organisator-das-magazin-fr-kmu","https:\/\/www.xing.com\/news\/pages\/organisator-ch-695","https:\/\/www.youtube.com\/channel\/UCGP2Sq0iWaZwT3BdIAQFYpw"]},{"@type":"Person","@id":"https:\/\/www.organisator.ch\/#\/schema\/person\/6f650f90b2842cd4c0cc334b4e36f67e","name":"thomas.berner","image":{"@type":"ImageObject","inLanguage":"fr-FR","@id":"https:\/\/secure.gravatar.com\/avatar\/ac5001d2a36cb6c6cd3e50789007ffca834b477b74a2144564522e944eabff61?s=96&d=mm&r=g","url":"https:\/\/secure.gravatar.com\/avatar\/ac5001d2a36cb6c6cd3e50789007ffca834b477b74a2144564522e944eabff61?s=96&d=mm&r=g","contentUrl":"https:\/\/secure.gravatar.com\/avatar\/ac5001d2a36cb6c6cd3e50789007ffca834b477b74a2144564522e944eabff61?s=96&d=mm&r=g","caption":"thomas.berner"},"url":"https:\/\/www.organisator.ch\/fr\/author\/thomas-berner\/"}]}},"_links":{"self":[{"href":"https:\/\/www.organisator.ch\/fr\/wp-json\/wp\/v2\/posts\/3002","targetHints":{"allow":["GET"]}}],"collection":[{"href":"https:\/\/www.organisator.ch\/fr\/wp-json\/wp\/v2\/posts"}],"about":[{"href":"https:\/\/www.organisator.ch\/fr\/wp-json\/wp\/v2\/types\/post"}],"author":[{"embeddable":true,"href":"https:\/\/www.organisator.ch\/fr\/wp-json\/wp\/v2\/users\/4"}],"replies":[{"embeddable":true,"href":"https:\/\/www.organisator.ch\/fr\/wp-json\/wp\/v2\/comments?post=3002"}],"version-history":[{"count":0,"href":"https:\/\/www.organisator.ch\/fr\/wp-json\/wp\/v2\/posts\/3002\/revisions"}],"wp:featuredmedia":[{"embeddable":true,"href":"https:\/\/www.organisator.ch\/fr\/wp-json\/wp\/v2\/media\/3011"}],"wp:attachment":[{"href":"https:\/\/www.organisator.ch\/fr\/wp-json\/wp\/v2\/media?parent=3002"}],"wp:term":[{"taxonomy":"category","embeddable":true,"href":"https:\/\/www.organisator.ch\/fr\/wp-json\/wp\/v2\/categories?post=3002"},{"taxonomy":"post_tag","embeddable":true,"href":"https:\/\/www.organisator.ch\/fr\/wp-json\/wp\/v2\/tags?post=3002"}],"curies":[{"name":"wp","href":"https:\/\/api.w.org\/{rel}","templated":true}]}}