{"id":30023,"date":"2024-09-24T06:57:08","date_gmt":"2024-09-24T04:57:08","guid":{"rendered":"https:\/\/www.m-q.ch\/?p=20343"},"modified":"2024-11-08T08:18:04","modified_gmt":"2024-11-08T07:18:04","slug":"eth-cyber-group-und-huawei-schweiz-gehen-partnerschaft-ein","status":"publish","type":"post","link":"https:\/\/www.organisator.ch\/fr\/operational-excellence\/2024-09-24\/eth-cyber-group-und-huawei-schweiz-gehen-partnerschaft-ein\/","title":{"rendered":"ETH Cyber Group et Huawei Suisse concluent un partenariat"},"content":{"rendered":"<figure id=\"attachment_20345\" class=\"wp-caption alignnone\" style=\"width: 680px\" aria-describedby=\"caption-attachment-20345\"><img class=\"alignnone wp-image-20345 size-full\" src=\"https:\/\/www.m-q.ch\/wp-content\/uploads\/2024\/09\/Michael-Holzer_Darijan-Boskovic_Bild1_ps.jpg\" alt=\"Cybers\u00e9curit\u00e9 \" width=\"680\" height=\"789\" \/>\r\n<figcaption id=\"caption-attachment-20345\" class=\"wp-caption-text\">(de gauche \u00e0 droite : Michael Holzer et Darijan Bo\u0161kovi\u0107). Les deux partenaires affirment leur intention de collaborer dans le cadre d'un dialogue ouvert afin de renforcer la formation des experts en cybers\u00e9curit\u00e9. (Image : www.huawei.com \/ www.cybergroup.ch)<\/figcaption>\r\n<\/figure>\r\n<p>La p\u00e9nurie de sp\u00e9cialistes TIC en Suisse s'accentue notamment dans le domaine de la cybers\u00e9curit\u00e9 : 3'000 experts suppl\u00e9mentaires seront n\u00e9cessaires d'ici 2030. Afin de promouvoir la prochaine g\u00e9n\u00e9ration de ces sp\u00e9cialistes recherch\u00e9s, l'initiative estudiantine ETH Cyber Group est active \u00e0 l'ETH Zurich. Elle offre des plateformes aux \u00e9tudiants de diff\u00e9rentes disciplines afin qu'ils puissent d\u00e9velopper leurs comp\u00e9tences dans ce domaine et \u00e9changer avec des sp\u00e9cialistes de la branche. Huawei, avec plus de 30 ans d'exp\u00e9rience dans la cybers\u00e9curit\u00e9, un palmar\u00e8s sans faille et des investissements annuels de plus de 1,1 milliard de dollars dans la s\u00e9curit\u00e9 des technologies, s'engage \u00e9galement dans des programmes d'\u00e9ducation et de recherche pour les futurs experts num\u00e9riques et sp\u00e9cialistes de la s\u00e9curit\u00e9.<\/p>\r\n<p>Huawei et l'ETH Cyber Group ont conclu un partenariat sur la base de cet int\u00e9r\u00eat commun. Leur objectif est de jeter un pont entre le monde acad\u00e9mique et l'\u00e9conomie priv\u00e9e, de mettre en place un \u00e9change d'exp\u00e9riences professionnelles dans le domaine de la cybers\u00e9curit\u00e9 et d'entretenir le r\u00e9seau, ainsi que de r\u00e9aliser des programmes de formation communs. Les deux partenaires affirment leur intention de collaborer dans le cadre d'un dialogue ouvert afin de renforcer la formation des experts en cybers\u00e9curit\u00e9.<\/p>\r\n<p>Riccardo Cicchetti, ancien pr\u00e9sident du conseil d'administration de l'ETH Cyber Group, est \u00e0 l'origine de cette coop\u00e9ration : \"La cybers\u00e9curit\u00e9 est une responsabilit\u00e9 collective. Tout engagement visant \u00e0 sensibiliser davantage \u00e0 l'importance de la cybers\u00e9curit\u00e9 et des comp\u00e9tences associ\u00e9es pour identifier et contrer les menaces pour notre soci\u00e9t\u00e9, l'\u00e9conomie et chaque individu est le bienvenu\".<\/p>\r\n<p>Michael Holzer, Cyber Security and Privacy Officer de Huawei Suisse, ajoute : \"L'\u00e9conomie num\u00e9rique est en pleine croissance et constitue un facteur essentiel de la force d'innovation de la Suisse. Nous voulons contribuer, gr\u00e2ce \u00e0 notre exp\u00e9rience et \u00e0 notre savoir-faire, \u00e0 r\u00e9pondre aux besoins croissants en cyberr\u00e9silience qui en d\u00e9coulent et \u00e0 cr\u00e9er un \u00e9cosyst\u00e8me de cybers\u00e9curit\u00e9 robuste en Suisse\".<\/p>\r\n<p>L'ETH Cyber Group et Huawei ont convenu d'\u00e9laborer une feuille de route sur la mani\u00e8re de d\u00e9velopper les connaissances en mati\u00e8re de cybers\u00e9curit\u00e9 et de soutenir la mise en r\u00e9seau des personnes int\u00e9ress\u00e9es par des plateformes d'information et d'\u00e9change communes. Il est pr\u00e9vu d'organiser des \u00e9v\u00e9nements communs, des invitations r\u00e9ciproques \u00e0 des \u00e9v\u00e9nements cl\u00e9s et d'autres activit\u00e9s de collaboration. Les \u00e9tudiants et l'\u00e9quipementier technologique envisagent \u00e9galement des initiatives de formation et des programmes de formation communs, tels que la formation sur les solutions de s\u00e9curit\u00e9 HCSP-5G propos\u00e9e par des experts de Huawei.<\/p>\r\n<p>Par ailleurs, Huawei envisage d'ouvrir des stages sur la cybers\u00e9curit\u00e9 et la protection des donn\u00e9es, en Suisse ou au niveau europ\u00e9en, aux membres du Cyber Group et aux \u00e9tudiants de l'ETH Zurich, mais aussi \u00e0 des personnes ext\u00e9rieures comme les autorit\u00e9s de r\u00e9gulation ou l'industrie.<\/p>\r\n<p>Le s\u00e9rieux des efforts de Huawei dans ce domaine est \u00e9galement mis en \u00e9vidence par le fait que Huawei sera \u00e0 nouveau l'un des deux partenaires principaux de la Global Cyber Conference qui aura lieu les 26 et 27 novembre au Dolder de Zurich. La conf\u00e9rence s'est \u00e9tablie comme un \u00e9v\u00e9nement important de la branche, r\u00e9unissant le \"who is who\" de la communaut\u00e9 suisse et internationale de la cybers\u00e9curit\u00e9.<\/p>\r\n<p>Les orateurs principaux de cette manifestation organis\u00e9e chaque ann\u00e9e par le Swiss Cyber Institute seront notamment Carmen Walker-Sp\u00e4h ou Florian Sch\u00fctz, ainsi que des responsables de la cybers\u00e9curit\u00e9 d'entreprises suisses renomm\u00e9es issues de nombreuses branches ainsi que de l'administration et des autorit\u00e9s. Du c\u00f4t\u00e9 de Huawei, Patrick McCarthy, Senior Cyber Security &amp; Privacy Protection Advisor for Emerging Technologies, Cloud, AI and Data Governance au Huawei Cyber Security Transparency Center \u00e0 Bruxelles, s'exprimera sur \"L'avenir du Cloud, de l'AI et de la s\u00e9curit\u00e9 du point de vue des PME suisses\" et approfondira ce th\u00e8me dans un atelier d\u00e9di\u00e9. Cet atelier sera soutenu entre autres par d'autres experts de haut niveau comme le Dr Xavier Valero Gonz\u00e1lez (AI and Analytics lead, Dekra Malaga, Espagne) et Iva Tasheva (Co-founder &amp; Cybersecurity Lead, at Cyen, member of Enisa).<\/p>\r\n<p><em>Source : <a href=\"http:\/\/www.huawei.com\/\">www.huawei.com<\/a> \/ <a href=\"http:\/\/www.cybergroup.ch\/\">www.cybergroup.ch<\/a><\/em><\/p>\n<p class=\"syndicated-attribution\">Cet article est paru initialement sur m-q.ch - <a href=\"https:\/\/www.m-q.ch\/de\/eth-cyber-group-und-huawei-schweiz-gehen-partnerschaft-ein\/\" target=\"_blank\">https:\/\/www.m-q.ch\/de\/eth-cyber-group-und-huawei-schweiz-gehen-partnerschaft-ein\/<\/a><\/p>","protected":false},"excerpt":{"rendered":"<p>L'ETH Cyber Group et Huawei Suisse partagent un int\u00e9r\u00eat commun pour la promotion de la cybers\u00e9curit\u00e9 et s'engagent \u00e0 cet effet dans la formation d'experts tr\u00e8s recherch\u00e9s. L'initiative estudiantine et l'\u00e9quipementier technologique concluent donc un partenariat afin de mettre en commun leur savoir-faire et leurs ressources pour le d\u00e9veloppement des connaissances, l'\u00e9change d'exp\u00e9riences et la mise en r\u00e9seau.<\/p>","protected":false},"author":58,"featured_media":0,"comment_status":"closed","ping_status":"closed","sticky":false,"template":"","format":"standard","meta":{"_acf_changed":false,"_yoast_wpseo_focuskw":"Cybersecurity","_yoast_wpseo_metadesc":"Huawei und ETH Cyber Group kooperieren f\u00fcr die Ausbildung von Cybersecurity-Experten und F\u00f6rderung der Cybersicherheit in der Schweiz.","articlekey":"","footnotes":""},"categories":[582],"tags":[142,608,1888,418,492],"class_list":["post-30023","post","type-post","status-publish","format-standard","hentry","category-operational-excellence","tag-cyber-crime","tag-cybersicherheit","tag-partnerschaft","tag-risikomanagement","tag-unternehmen"],"acf":[],"yoast_head":"<!-- This site is optimized with the Yoast SEO plugin v27.4 - https:\/\/yoast.com\/product\/yoast-seo-wordpress\/ -->\n<title>ETH Cyber Group und Huawei Schweiz gehen Partnerschaft ein - Organisator<\/title>\n<meta name=\"description\" content=\"Huawei und ETH Cyber Group kooperieren f\u00fcr die Ausbildung von Cybersecurity-Experten und F\u00f6rderung der Cybersicherheit in der Schweiz.\" \/>\n<meta name=\"robots\" content=\"index, follow, max-snippet:-1, max-image-preview:large, max-video-preview:-1\" \/>\n<link rel=\"canonical\" href=\"https:\/\/www.organisator.ch\/fr\/excellence-operationnelle\/2024-09-24\/eth-cyber-group-und-huawei-schweiz-gehen-partnerschaft-ein\/\" \/>\n<meta property=\"og:locale\" content=\"fr_FR\" \/>\n<meta property=\"og:type\" content=\"article\" \/>\n<meta property=\"og:title\" content=\"ETH Cyber Group und Huawei Schweiz gehen Partnerschaft ein - Organisator\" \/>\n<meta property=\"og:description\" content=\"Huawei und ETH Cyber Group kooperieren f\u00fcr die Ausbildung von Cybersecurity-Experten und F\u00f6rderung der Cybersicherheit in der Schweiz.\" \/>\n<meta property=\"og:url\" content=\"https:\/\/www.organisator.ch\/fr\/excellence-operationnelle\/2024-09-24\/eth-cyber-group-und-huawei-schweiz-gehen-partnerschaft-ein\/\" \/>\n<meta property=\"og:site_name\" content=\"Organisator\" \/>\n<meta property=\"article:publisher\" content=\"https:\/\/www.facebook.com\/OrganisatorFachmagazin\" \/>\n<meta property=\"article:published_time\" content=\"2024-09-24T04:57:08+00:00\" \/>\n<meta property=\"article:modified_time\" content=\"2024-11-08T07:18:04+00:00\" \/>\n<meta property=\"og:image\" content=\"https:\/\/www.m-q.ch\/wp-content\/uploads\/2024\/09\/Michael-Holzer_Darijan-Boskovic_Bild1_ps.jpg\" \/>\n<meta name=\"author\" content=\"Adelisa Kalajdzini\" \/>\n<meta name=\"twitter:card\" content=\"summary_large_image\" \/>\n<script type=\"application\/ld+json\" class=\"yoast-schema-graph\">{\"@context\":\"https:\\\/\\\/schema.org\",\"@graph\":[{\"@type\":\"Article\",\"@id\":\"https:\\\/\\\/www.organisator.ch\\\/operational-excellence\\\/2024-09-24\\\/eth-cyber-group-und-huawei-schweiz-gehen-partnerschaft-ein\\\/#article\",\"isPartOf\":{\"@id\":\"https:\\\/\\\/www.organisator.ch\\\/operational-excellence\\\/2024-09-24\\\/eth-cyber-group-und-huawei-schweiz-gehen-partnerschaft-ein\\\/\"},\"author\":{\"name\":\"Adelisa Kalajdzini\",\"@id\":\"https:\\\/\\\/www.organisator.ch\\\/#\\\/schema\\\/person\\\/2e1314a2172123f874db408d8911d3f3\"},\"headline\":\"ETH Cyber Group und Huawei Schweiz gehen Partnerschaft ein\",\"datePublished\":\"2024-09-24T04:57:08+00:00\",\"dateModified\":\"2024-11-08T07:18:04+00:00\",\"mainEntityOfPage\":{\"@id\":\"https:\\\/\\\/www.organisator.ch\\\/operational-excellence\\\/2024-09-24\\\/eth-cyber-group-und-huawei-schweiz-gehen-partnerschaft-ein\\\/\"},\"wordCount\":643,\"publisher\":{\"@id\":\"https:\\\/\\\/www.organisator.ch\\\/#organization\"},\"image\":{\"@id\":\"https:\\\/\\\/www.organisator.ch\\\/operational-excellence\\\/2024-09-24\\\/eth-cyber-group-und-huawei-schweiz-gehen-partnerschaft-ein\\\/#primaryimage\"},\"thumbnailUrl\":\"https:\\\/\\\/www.m-q.ch\\\/wp-content\\\/uploads\\\/2024\\\/09\\\/Michael-Holzer_Darijan-Boskovic_Bild1_ps.jpg\",\"keywords\":[\"Cyber-Crime\",\"Cybersicherheit\",\"Partnerschaft\",\"Risikomanagement\",\"Unternehmen\"],\"articleSection\":[\"OPERATIONAL EXCELLENCE\"],\"inLanguage\":\"fr-FR\"},{\"@type\":\"WebPage\",\"@id\":\"https:\\\/\\\/www.organisator.ch\\\/operational-excellence\\\/2024-09-24\\\/eth-cyber-group-und-huawei-schweiz-gehen-partnerschaft-ein\\\/\",\"url\":\"https:\\\/\\\/www.organisator.ch\\\/operational-excellence\\\/2024-09-24\\\/eth-cyber-group-und-huawei-schweiz-gehen-partnerschaft-ein\\\/\",\"name\":\"ETH Cyber Group und Huawei Schweiz gehen Partnerschaft ein - Organisator\",\"isPartOf\":{\"@id\":\"https:\\\/\\\/www.organisator.ch\\\/#website\"},\"primaryImageOfPage\":{\"@id\":\"https:\\\/\\\/www.organisator.ch\\\/operational-excellence\\\/2024-09-24\\\/eth-cyber-group-und-huawei-schweiz-gehen-partnerschaft-ein\\\/#primaryimage\"},\"image\":{\"@id\":\"https:\\\/\\\/www.organisator.ch\\\/operational-excellence\\\/2024-09-24\\\/eth-cyber-group-und-huawei-schweiz-gehen-partnerschaft-ein\\\/#primaryimage\"},\"thumbnailUrl\":\"https:\\\/\\\/www.m-q.ch\\\/wp-content\\\/uploads\\\/2024\\\/09\\\/Michael-Holzer_Darijan-Boskovic_Bild1_ps.jpg\",\"datePublished\":\"2024-09-24T04:57:08+00:00\",\"dateModified\":\"2024-11-08T07:18:04+00:00\",\"description\":\"Huawei und ETH Cyber Group kooperieren f\u00fcr die Ausbildung von Cybersecurity-Experten und F\u00f6rderung der Cybersicherheit in der Schweiz.\",\"breadcrumb\":{\"@id\":\"https:\\\/\\\/www.organisator.ch\\\/operational-excellence\\\/2024-09-24\\\/eth-cyber-group-und-huawei-schweiz-gehen-partnerschaft-ein\\\/#breadcrumb\"},\"inLanguage\":\"fr-FR\",\"potentialAction\":[{\"@type\":\"ReadAction\",\"target\":[\"https:\\\/\\\/www.organisator.ch\\\/operational-excellence\\\/2024-09-24\\\/eth-cyber-group-und-huawei-schweiz-gehen-partnerschaft-ein\\\/\"]}]},{\"@type\":\"ImageObject\",\"inLanguage\":\"fr-FR\",\"@id\":\"https:\\\/\\\/www.organisator.ch\\\/operational-excellence\\\/2024-09-24\\\/eth-cyber-group-und-huawei-schweiz-gehen-partnerschaft-ein\\\/#primaryimage\",\"url\":\"https:\\\/\\\/www.m-q.ch\\\/wp-content\\\/uploads\\\/2024\\\/09\\\/Michael-Holzer_Darijan-Boskovic_Bild1_ps.jpg\",\"contentUrl\":\"https:\\\/\\\/www.m-q.ch\\\/wp-content\\\/uploads\\\/2024\\\/09\\\/Michael-Holzer_Darijan-Boskovic_Bild1_ps.jpg\"},{\"@type\":\"BreadcrumbList\",\"@id\":\"https:\\\/\\\/www.organisator.ch\\\/operational-excellence\\\/2024-09-24\\\/eth-cyber-group-und-huawei-schweiz-gehen-partnerschaft-ein\\\/#breadcrumb\",\"itemListElement\":[{\"@type\":\"ListItem\",\"position\":1,\"name\":\"Home\",\"item\":\"https:\\\/\\\/www.organisator.ch\\\/\"},{\"@type\":\"ListItem\",\"position\":2,\"name\":\"ETH Cyber Group und Huawei Schweiz gehen Partnerschaft ein\"}]},{\"@type\":\"WebSite\",\"@id\":\"https:\\\/\\\/www.organisator.ch\\\/#website\",\"url\":\"https:\\\/\\\/www.organisator.ch\\\/\",\"name\":\"Organisator\",\"description\":\"Kompetent. Praxisnah. Der ORGANISATOR bereitet in 10 Ausgaben pro Jahr die wesentlichen Themen f\u00fcr F\u00fchrungskr\u00e4fte von KMU auf.\",\"publisher\":{\"@id\":\"https:\\\/\\\/www.organisator.ch\\\/#organization\"},\"potentialAction\":[{\"@type\":\"SearchAction\",\"target\":{\"@type\":\"EntryPoint\",\"urlTemplate\":\"https:\\\/\\\/www.organisator.ch\\\/?s={search_term_string}\"},\"query-input\":{\"@type\":\"PropertyValueSpecification\",\"valueRequired\":true,\"valueName\":\"search_term_string\"}}],\"inLanguage\":\"fr-FR\"},{\"@type\":\"Organization\",\"@id\":\"https:\\\/\\\/www.organisator.ch\\\/#organization\",\"name\":\"Organisator\",\"url\":\"https:\\\/\\\/www.organisator.ch\\\/\",\"logo\":{\"@type\":\"ImageObject\",\"inLanguage\":\"fr-FR\",\"@id\":\"https:\\\/\\\/www.organisator.ch\\\/#\\\/schema\\\/logo\\\/image\\\/\",\"url\":\"https:\\\/\\\/www.organisator.ch\\\/wp-content\\\/uploads\\\/2022\\\/01\\\/Logo_Organisator_Website.png\",\"contentUrl\":\"https:\\\/\\\/www.organisator.ch\\\/wp-content\\\/uploads\\\/2022\\\/01\\\/Logo_Organisator_Website.png\",\"width\":800,\"height\":77,\"caption\":\"Organisator\"},\"image\":{\"@id\":\"https:\\\/\\\/www.organisator.ch\\\/#\\\/schema\\\/logo\\\/image\\\/\"},\"sameAs\":[\"https:\\\/\\\/www.facebook.com\\\/OrganisatorFachmagazin\",\"https:\\\/\\\/www.linkedin.com\\\/showcase\\\/organisator-das-magazin-fr-kmu\",\"https:\\\/\\\/www.xing.com\\\/news\\\/pages\\\/organisator-ch-695\",\"https:\\\/\\\/www.youtube.com\\\/channel\\\/UCGP2Sq0iWaZwT3BdIAQFYpw\"]},{\"@type\":\"Person\",\"@id\":\"https:\\\/\\\/www.organisator.ch\\\/#\\\/schema\\\/person\\\/2e1314a2172123f874db408d8911d3f3\",\"name\":\"Adelisa Kalajdzini\",\"image\":{\"@type\":\"ImageObject\",\"inLanguage\":\"fr-FR\",\"@id\":\"https:\\\/\\\/secure.gravatar.com\\\/avatar\\\/09a397c22ac58cad6f160ee8306348599df9df58a8ede73696226897b9fa4b24?s=96&d=mm&r=g\",\"url\":\"https:\\\/\\\/secure.gravatar.com\\\/avatar\\\/09a397c22ac58cad6f160ee8306348599df9df58a8ede73696226897b9fa4b24?s=96&d=mm&r=g\",\"contentUrl\":\"https:\\\/\\\/secure.gravatar.com\\\/avatar\\\/09a397c22ac58cad6f160ee8306348599df9df58a8ede73696226897b9fa4b24?s=96&d=mm&r=g\",\"caption\":\"Adelisa Kalajdzini\"},\"url\":\"https:\\\/\\\/www.organisator.ch\\\/fr\\\/author\\\/adelisa-kalajdzini\\\/\"}]}<\/script>\n<!-- \/ Yoast SEO plugin. -->","yoast_head_json":{"title":"ETH Cyber Group et Huawei Suisse s'associent - Organisateur","description":"Huawei et l'ETH Cyber Group coop\u00e8rent pour la formation d'experts en cybers\u00e9curit\u00e9 et la promotion de la cybers\u00e9curit\u00e9 en Suisse.","robots":{"index":"index","follow":"follow","max-snippet":"max-snippet:-1","max-image-preview":"max-image-preview:large","max-video-preview":"max-video-preview:-1"},"canonical":"https:\/\/www.organisator.ch\/fr\/excellence-operationnelle\/2024-09-24\/eth-cyber-group-und-huawei-schweiz-gehen-partnerschaft-ein\/","og_locale":"fr_FR","og_type":"article","og_title":"ETH Cyber Group und Huawei Schweiz gehen Partnerschaft ein - Organisator","og_description":"Huawei und ETH Cyber Group kooperieren f\u00fcr die Ausbildung von Cybersecurity-Experten und F\u00f6rderung der Cybersicherheit in der Schweiz.","og_url":"https:\/\/www.organisator.ch\/fr\/excellence-operationnelle\/2024-09-24\/eth-cyber-group-und-huawei-schweiz-gehen-partnerschaft-ein\/","og_site_name":"Organisator","article_publisher":"https:\/\/www.facebook.com\/OrganisatorFachmagazin","article_published_time":"2024-09-24T04:57:08+00:00","article_modified_time":"2024-11-08T07:18:04+00:00","og_image":[{"url":"https:\/\/www.m-q.ch\/wp-content\/uploads\/2024\/09\/Michael-Holzer_Darijan-Boskovic_Bild1_ps.jpg","type":"","width":"","height":""}],"author":"Adelisa Kalajdzini","twitter_card":"summary_large_image","schema":{"@context":"https:\/\/schema.org","@graph":[{"@type":"Article","@id":"https:\/\/www.organisator.ch\/operational-excellence\/2024-09-24\/eth-cyber-group-und-huawei-schweiz-gehen-partnerschaft-ein\/#article","isPartOf":{"@id":"https:\/\/www.organisator.ch\/operational-excellence\/2024-09-24\/eth-cyber-group-und-huawei-schweiz-gehen-partnerschaft-ein\/"},"author":{"name":"Adelisa Kalajdzini","@id":"https:\/\/www.organisator.ch\/#\/schema\/person\/2e1314a2172123f874db408d8911d3f3"},"headline":"ETH Cyber Group und Huawei Schweiz gehen Partnerschaft ein","datePublished":"2024-09-24T04:57:08+00:00","dateModified":"2024-11-08T07:18:04+00:00","mainEntityOfPage":{"@id":"https:\/\/www.organisator.ch\/operational-excellence\/2024-09-24\/eth-cyber-group-und-huawei-schweiz-gehen-partnerschaft-ein\/"},"wordCount":643,"publisher":{"@id":"https:\/\/www.organisator.ch\/#organization"},"image":{"@id":"https:\/\/www.organisator.ch\/operational-excellence\/2024-09-24\/eth-cyber-group-und-huawei-schweiz-gehen-partnerschaft-ein\/#primaryimage"},"thumbnailUrl":"https:\/\/www.m-q.ch\/wp-content\/uploads\/2024\/09\/Michael-Holzer_Darijan-Boskovic_Bild1_ps.jpg","keywords":["Cyber-Crime","Cybersicherheit","Partnerschaft","Risikomanagement","Unternehmen"],"articleSection":["OPERATIONAL EXCELLENCE"],"inLanguage":"fr-FR"},{"@type":"WebPage","@id":"https:\/\/www.organisator.ch\/operational-excellence\/2024-09-24\/eth-cyber-group-und-huawei-schweiz-gehen-partnerschaft-ein\/","url":"https:\/\/www.organisator.ch\/operational-excellence\/2024-09-24\/eth-cyber-group-und-huawei-schweiz-gehen-partnerschaft-ein\/","name":"ETH Cyber Group et Huawei Suisse s'associent - Organisateur","isPartOf":{"@id":"https:\/\/www.organisator.ch\/#website"},"primaryImageOfPage":{"@id":"https:\/\/www.organisator.ch\/operational-excellence\/2024-09-24\/eth-cyber-group-und-huawei-schweiz-gehen-partnerschaft-ein\/#primaryimage"},"image":{"@id":"https:\/\/www.organisator.ch\/operational-excellence\/2024-09-24\/eth-cyber-group-und-huawei-schweiz-gehen-partnerschaft-ein\/#primaryimage"},"thumbnailUrl":"https:\/\/www.m-q.ch\/wp-content\/uploads\/2024\/09\/Michael-Holzer_Darijan-Boskovic_Bild1_ps.jpg","datePublished":"2024-09-24T04:57:08+00:00","dateModified":"2024-11-08T07:18:04+00:00","description":"Huawei et l'ETH Cyber Group coop\u00e8rent pour la formation d'experts en cybers\u00e9curit\u00e9 et la promotion de la cybers\u00e9curit\u00e9 en Suisse.","breadcrumb":{"@id":"https:\/\/www.organisator.ch\/operational-excellence\/2024-09-24\/eth-cyber-group-und-huawei-schweiz-gehen-partnerschaft-ein\/#breadcrumb"},"inLanguage":"fr-FR","potentialAction":[{"@type":"ReadAction","target":["https:\/\/www.organisator.ch\/operational-excellence\/2024-09-24\/eth-cyber-group-und-huawei-schweiz-gehen-partnerschaft-ein\/"]}]},{"@type":"ImageObject","inLanguage":"fr-FR","@id":"https:\/\/www.organisator.ch\/operational-excellence\/2024-09-24\/eth-cyber-group-und-huawei-schweiz-gehen-partnerschaft-ein\/#primaryimage","url":"https:\/\/www.m-q.ch\/wp-content\/uploads\/2024\/09\/Michael-Holzer_Darijan-Boskovic_Bild1_ps.jpg","contentUrl":"https:\/\/www.m-q.ch\/wp-content\/uploads\/2024\/09\/Michael-Holzer_Darijan-Boskovic_Bild1_ps.jpg"},{"@type":"BreadcrumbList","@id":"https:\/\/www.organisator.ch\/operational-excellence\/2024-09-24\/eth-cyber-group-und-huawei-schweiz-gehen-partnerschaft-ein\/#breadcrumb","itemListElement":[{"@type":"ListItem","position":1,"name":"Home","item":"https:\/\/www.organisator.ch\/"},{"@type":"ListItem","position":2,"name":"ETH Cyber Group und Huawei Schweiz gehen Partnerschaft ein"}]},{"@type":"WebSite","@id":"https:\/\/www.organisator.ch\/#website","url":"https:\/\/www.organisator.ch\/","name":"Organisateur","description":"Comp\u00e9tence et comp\u00e9tence. Proches de la pratique. L'ORGANISATEUR pr\u00e9pare 10 num\u00e9ros par an sur les th\u00e8mes essentiels pour les dirigeants de PME.","publisher":{"@id":"https:\/\/www.organisator.ch\/#organization"},"potentialAction":[{"@type":"SearchAction","target":{"@type":"EntryPoint","urlTemplate":"https:\/\/www.organisator.ch\/?s={search_term_string}"},"query-input":{"@type":"PropertyValueSpecification","valueRequired":true,"valueName":"search_term_string"}}],"inLanguage":"fr-FR"},{"@type":"Organization","@id":"https:\/\/www.organisator.ch\/#organization","name":"Organisateur","url":"https:\/\/www.organisator.ch\/","logo":{"@type":"ImageObject","inLanguage":"fr-FR","@id":"https:\/\/www.organisator.ch\/#\/schema\/logo\/image\/","url":"https:\/\/www.organisator.ch\/wp-content\/uploads\/2022\/01\/Logo_Organisator_Website.png","contentUrl":"https:\/\/www.organisator.ch\/wp-content\/uploads\/2022\/01\/Logo_Organisator_Website.png","width":800,"height":77,"caption":"Organisator"},"image":{"@id":"https:\/\/www.organisator.ch\/#\/schema\/logo\/image\/"},"sameAs":["https:\/\/www.facebook.com\/OrganisatorFachmagazin","https:\/\/www.linkedin.com\/showcase\/organisator-das-magazin-fr-kmu","https:\/\/www.xing.com\/news\/pages\/organisator-ch-695","https:\/\/www.youtube.com\/channel\/UCGP2Sq0iWaZwT3BdIAQFYpw"]},{"@type":"Person","@id":"https:\/\/www.organisator.ch\/#\/schema\/person\/2e1314a2172123f874db408d8911d3f3","name":"Adelisa Kalajdzini","image":{"@type":"ImageObject","inLanguage":"fr-FR","@id":"https:\/\/secure.gravatar.com\/avatar\/09a397c22ac58cad6f160ee8306348599df9df58a8ede73696226897b9fa4b24?s=96&d=mm&r=g","url":"https:\/\/secure.gravatar.com\/avatar\/09a397c22ac58cad6f160ee8306348599df9df58a8ede73696226897b9fa4b24?s=96&d=mm&r=g","contentUrl":"https:\/\/secure.gravatar.com\/avatar\/09a397c22ac58cad6f160ee8306348599df9df58a8ede73696226897b9fa4b24?s=96&d=mm&r=g","caption":"Adelisa Kalajdzini"},"url":"https:\/\/www.organisator.ch\/fr\/author\/adelisa-kalajdzini\/"}]}},"_links":{"self":[{"href":"https:\/\/www.organisator.ch\/fr\/wp-json\/wp\/v2\/posts\/30023","targetHints":{"allow":["GET"]}}],"collection":[{"href":"https:\/\/www.organisator.ch\/fr\/wp-json\/wp\/v2\/posts"}],"about":[{"href":"https:\/\/www.organisator.ch\/fr\/wp-json\/wp\/v2\/types\/post"}],"author":[{"embeddable":true,"href":"https:\/\/www.organisator.ch\/fr\/wp-json\/wp\/v2\/users\/58"}],"replies":[{"embeddable":true,"href":"https:\/\/www.organisator.ch\/fr\/wp-json\/wp\/v2\/comments?post=30023"}],"version-history":[{"count":6,"href":"https:\/\/www.organisator.ch\/fr\/wp-json\/wp\/v2\/posts\/30023\/revisions"}],"predecessor-version":[{"id":31891,"href":"https:\/\/www.organisator.ch\/fr\/wp-json\/wp\/v2\/posts\/30023\/revisions\/31891"}],"wp:attachment":[{"href":"https:\/\/www.organisator.ch\/fr\/wp-json\/wp\/v2\/media?parent=30023"}],"wp:term":[{"taxonomy":"category","embeddable":true,"href":"https:\/\/www.organisator.ch\/fr\/wp-json\/wp\/v2\/categories?post=30023"},{"taxonomy":"post_tag","embeddable":true,"href":"https:\/\/www.organisator.ch\/fr\/wp-json\/wp\/v2\/tags?post=30023"}],"curies":[{"name":"wp","href":"https:\/\/api.w.org\/{rel}","templated":true}]}}