{"id":30030,"date":"2024-09-24T11:02:47","date_gmt":"2024-09-24T09:02:47","guid":{"rendered":"https:\/\/www.organisator.ch\/?p=30030"},"modified":"2024-09-24T11:02:47","modified_gmt":"2024-09-24T09:02:47","slug":"canon-schweiz-feiert-mit-seinen-partnerinnen-doppelte-erfolge","status":"publish","type":"post","link":"https:\/\/www.organisator.ch\/fr\/management\/2024-09-24\/canon-schweiz-feiert-mit-seinen-partnerinnen-doppelte-erfolge\/","title":{"rendered":"Canon Suisse f\u00eate un double succ\u00e8s avec ses partenaires"},"content":{"rendered":"<figure id=\"attachment_30034\" aria-describedby=\"caption-attachment-30034\" style=\"width: 680px\" class=\"wp-caption alignnone\"><img loading=\"lazy\" decoding=\"async\" class=\"size-full wp-image-30034\" src=\"https:\/\/www.organisator.ch\/wp-content\/uploads\/2024\/09\/Canon_Bild1_ps.jpg\" alt=\"\" width=\"680\" height=\"492\" srcset=\"https:\/\/www.organisator.ch\/wp-content\/uploads\/2024\/09\/Canon_Bild1_ps.jpg 680w, https:\/\/www.organisator.ch\/wp-content\/uploads\/2024\/09\/Canon_Bild1_ps-18x12.jpg 18w, https:\/\/www.organisator.ch\/wp-content\/uploads\/2024\/09\/Canon_Bild1_ps-375x271.jpg 375w, https:\/\/www.organisator.ch\/wp-content\/uploads\/2024\/09\/Canon_Bild1_ps-484x350.jpg 484w\" sizes=\"auto, (max-width: 680px) 100vw, 680px\" \/><figcaption id=\"caption-attachment-30034\" class=\"wp-caption-text\">Canon Suisse et ses partenaires c\u00e9l\u00e8brent ensemble le Think Tank Event 2024. (Image : www.canon.ch)<\/figcaption><\/figure>\n<p>L'\u00e9v\u00e9nement annuel des partenaires a eu lieu cette ann\u00e9e le 12 septembre 2024 dans le lieu de l'\u00e9v\u00e9nement au JED \u00e0 Schlieren - un lieu avec une histoire particuli\u00e8re. Autrefois, le b\u00e2timent servait d'imprimerie \u00e0 la NZZ. Aujourd'hui, il est consid\u00e9r\u00e9 comme un lieu impressionnant pour les manifestations et les \u00e9v\u00e9nements.<\/p>\n<p>Dans le cadre de cet \u00e9v\u00e9nement, Canon a r\u00e9compens\u00e9 ses partenaires pour leurs performances exceptionnelles dans neuf cat\u00e9gories de prix diff\u00e9rentes. Le prix est d\u00e9cern\u00e9 \u00e0 des entreprises qui, gr\u00e2ce \u00e0 leur forte performance en 2023, ont contribu\u00e9 de mani\u00e8re d\u00e9terminante au succ\u00e8s commun des syst\u00e8mes et solutions Canon sur le march\u00e9, comme le Service Excellence Award qui a \u00e9t\u00e9 attribu\u00e9 \u00e0 Witzig Alteco Digital Services AG.<\/p>\n<p>Outre les r\u00e9compenses solennelles, il y a une autre raison de se r\u00e9jouir : Canon Suisse a atteint des records historiques dans plusieurs domaines sur une base de 12 mois, en juillet 2024. Malgr\u00e9 un march\u00e9 global en baisse, Canon Suisse a pu, selon IDC<strong>1 <\/strong>a augment\u00e9 ses parts de march\u00e9 dans le segment des imprimantes multifonctions couleur A3 ainsi que le nombre d'imprimantes multifonctions A3\/A4 vendues pour atteindre de nouveaux sommets et consolider sa position de leader sur le march\u00e9. Ces succ\u00e8s n'auraient pas \u00e9t\u00e9 possibles sans la collaboration \u00e9troite et confiante avec ses partenaires.<\/p>\n<p>Karl Heinz-Pritz, Head of Partner Channel, Canon (Suisse) SA, d\u00e9clare : \"Avec ces distinctions, nous souhaitons remercier chaleureusement nos partenaires pour leur collaboration confiante et fructueuse et f\u00e9liciter tous les gagnants. Votre engagement et vos performances exceptionnelles ont largement contribu\u00e9 au renforcement de la marque Canon et \u00e0 l'atteinte de nouveaux chiffres records\".<\/p>\n<p>Outre la c\u00e9l\u00e9bration de ces succ\u00e8s, un programme interactif attendait les participants, offrant un aper\u00e7u en profondeur des strat\u00e9gies et des solutions de Canon. Un point fort particulier a \u00e9t\u00e9 la conf\u00e9rence inspirante de Matthias Mattenberger, CEO du groupe Mattenberg, sur le th\u00e8me \"Strategisches Brandtelling\". Il y a soulign\u00e9 l'importance d\u00e9cisive d'une communication de marque cibl\u00e9e, qui est plus importante que jamais sur un march\u00e9 satur\u00e9 et \u00e0 notre \u00e9poque.<\/p>\n<p>L'\u00e9v\u00e9nement s'est termin\u00e9 par un d\u00eener commun, au cours duquel les partenaires ont eu l'occasion de terminer ensemble cette journ\u00e9e r\u00e9ussie.<\/p>\n<p><em>Source : <a href=\"http:\/\/www.canon.ch\">www.canon.ch<\/a><\/em><\/p>","protected":false},"excerpt":{"rendered":"<p>Canon Suisse et ses partenaires avaient toutes les raisons de faire la f\u00eate : lors du Canon Partner Think Tank de cette ann\u00e9e, qui s'est tenu le 12 septembre 2024 dans le b\u00e2timent historique JED \u00e0 Schlieren, l'entreprise a non seulement r\u00e9compens\u00e9 des performances exceptionnelles, mais a \u00e9galement annonc\u00e9 de nouvelles parts de march\u00e9 record, qui n'auraient pas \u00e9t\u00e9 possibles sans l'\u00e9troite collaboration avec ses partenaires.<\/p>","protected":false},"author":58,"featured_media":30034,"comment_status":"closed","ping_status":"closed","sticky":false,"template":"","format":"standard","meta":{"_acf_changed":false,"_yoast_wpseo_focuskw":"Canon Schweiz","_yoast_wpseo_metadesc":"Canon Schweiz und seine Partner:innen haten allen Grund zu feiern beim diesj\u00e4hrigen Canon Partner Think Tank am 12. September 2024.","articlekey":"","footnotes":""},"categories":[28],"tags":[743,4528,334,1887,492],"class_list":["post-30030","post","type-post","status-publish","format-standard","has-post-thumbnail","hentry","category-management","tag-auszeichnung","tag-erfolge","tag-management","tag-partner","tag-unternehmen"],"acf":[],"yoast_head":"<!-- This site is optimized with the Yoast SEO plugin v27.4 - https:\/\/yoast.com\/product\/yoast-seo-wordpress\/ -->\n<title>Canon Schweiz feiert mit seinen Partner:innen doppelte Erfolge - Organisator<\/title>\n<meta name=\"description\" content=\"Canon Schweiz und seine Partner:innen haten allen Grund zu feiern beim diesj\u00e4hrigen Canon Partner Think Tank am 12. September 2024.\" \/>\n<meta name=\"robots\" content=\"index, follow, max-snippet:-1, max-image-preview:large, max-video-preview:-1\" \/>\n<link rel=\"canonical\" href=\"https:\/\/www.organisator.ch\/fr\/gestion-2\/2024-09-24\/canon-schweiz-feiert-mit-seinen-partnerinnen-doppelte-erfolge\/\" \/>\n<meta property=\"og:locale\" content=\"fr_FR\" \/>\n<meta property=\"og:type\" content=\"article\" \/>\n<meta property=\"og:title\" content=\"Canon Schweiz feiert mit seinen Partner:innen doppelte Erfolge\" \/>\n<meta property=\"og:description\" content=\"Canon Schweiz und seine Partner:innen haten allen Grund zu feiern beim diesj\u00e4hrigen Canon Partner Think Tank am 12. September 2024.\" \/>\n<meta property=\"og:url\" content=\"https:\/\/www.organisator.ch\/fr\/gestion-2\/2024-09-24\/canon-schweiz-feiert-mit-seinen-partnerinnen-doppelte-erfolge\/\" \/>\n<meta property=\"og:site_name\" content=\"Organisator\" \/>\n<meta property=\"article:publisher\" content=\"https:\/\/www.facebook.com\/OrganisatorFachmagazin\" \/>\n<meta property=\"article:published_time\" content=\"2024-09-24T09:02:47+00:00\" \/>\n<meta property=\"og:image\" content=\"https:\/\/www.organisator.ch\/wp-content\/uploads\/2024\/09\/Canon_Bild1_ps.jpg\" \/>\n\t<meta property=\"og:image:width\" content=\"680\" \/>\n\t<meta property=\"og:image:height\" content=\"492\" \/>\n\t<meta property=\"og:image:type\" content=\"image\/jpeg\" \/>\n<meta name=\"author\" content=\"Adelisa Kalajdzini\" \/>\n<meta name=\"twitter:card\" content=\"summary_large_image\" \/>\n<meta name=\"twitter:title\" content=\"Canon Schweiz feiert mit seinen Partner:innen doppelte Erfolge\" \/>\n<meta name=\"twitter:description\" content=\"#Canon #Schweiz und seine #Partner:innen haten allen Grund zu feiern beim diesj\u00e4hrigen Canon Partner #Think #Tank am 12. September 2024.\" \/>\n<meta name=\"twitter:image\" content=\"https:\/\/www.organisator.ch\/wp-content\/uploads\/2024\/09\/Canon_Bild1_ps.jpg\" \/>\n<script type=\"application\/ld+json\" class=\"yoast-schema-graph\">{\"@context\":\"https:\\\/\\\/schema.org\",\"@graph\":[{\"@type\":\"Article\",\"@id\":\"https:\\\/\\\/www.organisator.ch\\\/management\\\/2024-09-24\\\/canon-schweiz-feiert-mit-seinen-partnerinnen-doppelte-erfolge\\\/#article\",\"isPartOf\":{\"@id\":\"https:\\\/\\\/www.organisator.ch\\\/management\\\/2024-09-24\\\/canon-schweiz-feiert-mit-seinen-partnerinnen-doppelte-erfolge\\\/\"},\"author\":{\"name\":\"Adelisa Kalajdzini\",\"@id\":\"https:\\\/\\\/www.organisator.ch\\\/#\\\/schema\\\/person\\\/2e1314a2172123f874db408d8911d3f3\"},\"headline\":\"Canon Schweiz feiert mit seinen Partner:innen doppelte Erfolge\",\"datePublished\":\"2024-09-24T09:02:47+00:00\",\"mainEntityOfPage\":{\"@id\":\"https:\\\/\\\/www.organisator.ch\\\/management\\\/2024-09-24\\\/canon-schweiz-feiert-mit-seinen-partnerinnen-doppelte-erfolge\\\/\"},\"wordCount\":372,\"publisher\":{\"@id\":\"https:\\\/\\\/www.organisator.ch\\\/#organization\"},\"image\":{\"@id\":\"https:\\\/\\\/www.organisator.ch\\\/management\\\/2024-09-24\\\/canon-schweiz-feiert-mit-seinen-partnerinnen-doppelte-erfolge\\\/#primaryimage\"},\"thumbnailUrl\":\"https:\\\/\\\/www.organisator.ch\\\/wp-content\\\/uploads\\\/2024\\\/09\\\/Canon_Bild1_ps.jpg\",\"keywords\":[\"Auszeichnung\",\"Erfolge\",\"Management\",\"Partner\",\"Unternehmen\"],\"articleSection\":[\"MANAGEMENT\"],\"inLanguage\":\"fr-FR\"},{\"@type\":\"WebPage\",\"@id\":\"https:\\\/\\\/www.organisator.ch\\\/management\\\/2024-09-24\\\/canon-schweiz-feiert-mit-seinen-partnerinnen-doppelte-erfolge\\\/\",\"url\":\"https:\\\/\\\/www.organisator.ch\\\/management\\\/2024-09-24\\\/canon-schweiz-feiert-mit-seinen-partnerinnen-doppelte-erfolge\\\/\",\"name\":\"Canon Schweiz feiert mit seinen Partner:innen doppelte Erfolge - Organisator\",\"isPartOf\":{\"@id\":\"https:\\\/\\\/www.organisator.ch\\\/#website\"},\"primaryImageOfPage\":{\"@id\":\"https:\\\/\\\/www.organisator.ch\\\/management\\\/2024-09-24\\\/canon-schweiz-feiert-mit-seinen-partnerinnen-doppelte-erfolge\\\/#primaryimage\"},\"image\":{\"@id\":\"https:\\\/\\\/www.organisator.ch\\\/management\\\/2024-09-24\\\/canon-schweiz-feiert-mit-seinen-partnerinnen-doppelte-erfolge\\\/#primaryimage\"},\"thumbnailUrl\":\"https:\\\/\\\/www.organisator.ch\\\/wp-content\\\/uploads\\\/2024\\\/09\\\/Canon_Bild1_ps.jpg\",\"datePublished\":\"2024-09-24T09:02:47+00:00\",\"description\":\"Canon Schweiz und seine Partner:innen haten allen Grund zu feiern beim diesj\u00e4hrigen Canon Partner Think Tank am 12. September 2024.\",\"breadcrumb\":{\"@id\":\"https:\\\/\\\/www.organisator.ch\\\/management\\\/2024-09-24\\\/canon-schweiz-feiert-mit-seinen-partnerinnen-doppelte-erfolge\\\/#breadcrumb\"},\"inLanguage\":\"fr-FR\",\"potentialAction\":[{\"@type\":\"ReadAction\",\"target\":[\"https:\\\/\\\/www.organisator.ch\\\/management\\\/2024-09-24\\\/canon-schweiz-feiert-mit-seinen-partnerinnen-doppelte-erfolge\\\/\"]}]},{\"@type\":\"ImageObject\",\"inLanguage\":\"fr-FR\",\"@id\":\"https:\\\/\\\/www.organisator.ch\\\/management\\\/2024-09-24\\\/canon-schweiz-feiert-mit-seinen-partnerinnen-doppelte-erfolge\\\/#primaryimage\",\"url\":\"https:\\\/\\\/www.organisator.ch\\\/wp-content\\\/uploads\\\/2024\\\/09\\\/Canon_Bild1_ps.jpg\",\"contentUrl\":\"https:\\\/\\\/www.organisator.ch\\\/wp-content\\\/uploads\\\/2024\\\/09\\\/Canon_Bild1_ps.jpg\",\"width\":680,\"height\":492,\"caption\":\"Canon Schweiz und seine Partner:innen feiern gemeinsam beim Think Tank Event 2024. (Bild: www.canon.ch)\"},{\"@type\":\"BreadcrumbList\",\"@id\":\"https:\\\/\\\/www.organisator.ch\\\/management\\\/2024-09-24\\\/canon-schweiz-feiert-mit-seinen-partnerinnen-doppelte-erfolge\\\/#breadcrumb\",\"itemListElement\":[{\"@type\":\"ListItem\",\"position\":1,\"name\":\"Home\",\"item\":\"https:\\\/\\\/www.organisator.ch\\\/\"},{\"@type\":\"ListItem\",\"position\":2,\"name\":\"Canon Schweiz feiert mit seinen Partner:innen doppelte Erfolge\"}]},{\"@type\":\"WebSite\",\"@id\":\"https:\\\/\\\/www.organisator.ch\\\/#website\",\"url\":\"https:\\\/\\\/www.organisator.ch\\\/\",\"name\":\"Organisator\",\"description\":\"Kompetent. Praxisnah. Der ORGANISATOR bereitet in 10 Ausgaben pro Jahr die wesentlichen Themen f\u00fcr F\u00fchrungskr\u00e4fte von KMU auf.\",\"publisher\":{\"@id\":\"https:\\\/\\\/www.organisator.ch\\\/#organization\"},\"potentialAction\":[{\"@type\":\"SearchAction\",\"target\":{\"@type\":\"EntryPoint\",\"urlTemplate\":\"https:\\\/\\\/www.organisator.ch\\\/?s={search_term_string}\"},\"query-input\":{\"@type\":\"PropertyValueSpecification\",\"valueRequired\":true,\"valueName\":\"search_term_string\"}}],\"inLanguage\":\"fr-FR\"},{\"@type\":\"Organization\",\"@id\":\"https:\\\/\\\/www.organisator.ch\\\/#organization\",\"name\":\"Organisator\",\"url\":\"https:\\\/\\\/www.organisator.ch\\\/\",\"logo\":{\"@type\":\"ImageObject\",\"inLanguage\":\"fr-FR\",\"@id\":\"https:\\\/\\\/www.organisator.ch\\\/#\\\/schema\\\/logo\\\/image\\\/\",\"url\":\"https:\\\/\\\/www.organisator.ch\\\/wp-content\\\/uploads\\\/2022\\\/01\\\/Logo_Organisator_Website.png\",\"contentUrl\":\"https:\\\/\\\/www.organisator.ch\\\/wp-content\\\/uploads\\\/2022\\\/01\\\/Logo_Organisator_Website.png\",\"width\":800,\"height\":77,\"caption\":\"Organisator\"},\"image\":{\"@id\":\"https:\\\/\\\/www.organisator.ch\\\/#\\\/schema\\\/logo\\\/image\\\/\"},\"sameAs\":[\"https:\\\/\\\/www.facebook.com\\\/OrganisatorFachmagazin\",\"https:\\\/\\\/www.linkedin.com\\\/showcase\\\/organisator-das-magazin-fr-kmu\",\"https:\\\/\\\/www.xing.com\\\/news\\\/pages\\\/organisator-ch-695\",\"https:\\\/\\\/www.youtube.com\\\/channel\\\/UCGP2Sq0iWaZwT3BdIAQFYpw\"]},{\"@type\":\"Person\",\"@id\":\"https:\\\/\\\/www.organisator.ch\\\/#\\\/schema\\\/person\\\/2e1314a2172123f874db408d8911d3f3\",\"name\":\"Adelisa Kalajdzini\",\"image\":{\"@type\":\"ImageObject\",\"inLanguage\":\"fr-FR\",\"@id\":\"https:\\\/\\\/secure.gravatar.com\\\/avatar\\\/09a397c22ac58cad6f160ee8306348599df9df58a8ede73696226897b9fa4b24?s=96&d=mm&r=g\",\"url\":\"https:\\\/\\\/secure.gravatar.com\\\/avatar\\\/09a397c22ac58cad6f160ee8306348599df9df58a8ede73696226897b9fa4b24?s=96&d=mm&r=g\",\"contentUrl\":\"https:\\\/\\\/secure.gravatar.com\\\/avatar\\\/09a397c22ac58cad6f160ee8306348599df9df58a8ede73696226897b9fa4b24?s=96&d=mm&r=g\",\"caption\":\"Adelisa Kalajdzini\"},\"url\":\"https:\\\/\\\/www.organisator.ch\\\/fr\\\/author\\\/adelisa-kalajdzini\\\/\"}]}<\/script>\n<!-- \/ Yoast SEO plugin. -->","yoast_head_json":{"title":"Canon Suisse f\u00eate un double succ\u00e8s avec ses partenaires - Organisateur","description":"Canon Suisse et ses partenaires ont eu toutes les raisons de faire la f\u00eate lors du Canon Partner Think Tank de cette ann\u00e9e, le 12 septembre 2024.","robots":{"index":"index","follow":"follow","max-snippet":"max-snippet:-1","max-image-preview":"max-image-preview:large","max-video-preview":"max-video-preview:-1"},"canonical":"https:\/\/www.organisator.ch\/fr\/gestion-2\/2024-09-24\/canon-schweiz-feiert-mit-seinen-partnerinnen-doppelte-erfolge\/","og_locale":"fr_FR","og_type":"article","og_title":"Canon Schweiz feiert mit seinen Partner:innen doppelte Erfolge","og_description":"Canon Schweiz und seine Partner:innen haten allen Grund zu feiern beim diesj\u00e4hrigen Canon Partner Think Tank am 12. September 2024.","og_url":"https:\/\/www.organisator.ch\/fr\/gestion-2\/2024-09-24\/canon-schweiz-feiert-mit-seinen-partnerinnen-doppelte-erfolge\/","og_site_name":"Organisator","article_publisher":"https:\/\/www.facebook.com\/OrganisatorFachmagazin","article_published_time":"2024-09-24T09:02:47+00:00","og_image":[{"width":680,"height":492,"url":"https:\/\/www.organisator.ch\/wp-content\/uploads\/2024\/09\/Canon_Bild1_ps.jpg","type":"image\/jpeg"}],"author":"Adelisa Kalajdzini","twitter_card":"summary_large_image","twitter_title":"Canon Schweiz feiert mit seinen Partner:innen doppelte Erfolge","twitter_description":"#Canon #Schweiz und seine #Partner:innen haten allen Grund zu feiern beim diesj\u00e4hrigen Canon Partner #Think #Tank am 12. September 2024.","twitter_image":"https:\/\/www.organisator.ch\/wp-content\/uploads\/2024\/09\/Canon_Bild1_ps.jpg","schema":{"@context":"https:\/\/schema.org","@graph":[{"@type":"Article","@id":"https:\/\/www.organisator.ch\/management\/2024-09-24\/canon-schweiz-feiert-mit-seinen-partnerinnen-doppelte-erfolge\/#article","isPartOf":{"@id":"https:\/\/www.organisator.ch\/management\/2024-09-24\/canon-schweiz-feiert-mit-seinen-partnerinnen-doppelte-erfolge\/"},"author":{"name":"Adelisa Kalajdzini","@id":"https:\/\/www.organisator.ch\/#\/schema\/person\/2e1314a2172123f874db408d8911d3f3"},"headline":"Canon Schweiz feiert mit seinen Partner:innen doppelte Erfolge","datePublished":"2024-09-24T09:02:47+00:00","mainEntityOfPage":{"@id":"https:\/\/www.organisator.ch\/management\/2024-09-24\/canon-schweiz-feiert-mit-seinen-partnerinnen-doppelte-erfolge\/"},"wordCount":372,"publisher":{"@id":"https:\/\/www.organisator.ch\/#organization"},"image":{"@id":"https:\/\/www.organisator.ch\/management\/2024-09-24\/canon-schweiz-feiert-mit-seinen-partnerinnen-doppelte-erfolge\/#primaryimage"},"thumbnailUrl":"https:\/\/www.organisator.ch\/wp-content\/uploads\/2024\/09\/Canon_Bild1_ps.jpg","keywords":["Auszeichnung","Erfolge","Management","Partner","Unternehmen"],"articleSection":["MANAGEMENT"],"inLanguage":"fr-FR"},{"@type":"WebPage","@id":"https:\/\/www.organisator.ch\/management\/2024-09-24\/canon-schweiz-feiert-mit-seinen-partnerinnen-doppelte-erfolge\/","url":"https:\/\/www.organisator.ch\/management\/2024-09-24\/canon-schweiz-feiert-mit-seinen-partnerinnen-doppelte-erfolge\/","name":"Canon Suisse f\u00eate un double succ\u00e8s avec ses partenaires - Organisateur","isPartOf":{"@id":"https:\/\/www.organisator.ch\/#website"},"primaryImageOfPage":{"@id":"https:\/\/www.organisator.ch\/management\/2024-09-24\/canon-schweiz-feiert-mit-seinen-partnerinnen-doppelte-erfolge\/#primaryimage"},"image":{"@id":"https:\/\/www.organisator.ch\/management\/2024-09-24\/canon-schweiz-feiert-mit-seinen-partnerinnen-doppelte-erfolge\/#primaryimage"},"thumbnailUrl":"https:\/\/www.organisator.ch\/wp-content\/uploads\/2024\/09\/Canon_Bild1_ps.jpg","datePublished":"2024-09-24T09:02:47+00:00","description":"Canon Suisse et ses partenaires ont eu toutes les raisons de faire la f\u00eate lors du Canon Partner Think Tank de cette ann\u00e9e, le 12 septembre 2024.","breadcrumb":{"@id":"https:\/\/www.organisator.ch\/management\/2024-09-24\/canon-schweiz-feiert-mit-seinen-partnerinnen-doppelte-erfolge\/#breadcrumb"},"inLanguage":"fr-FR","potentialAction":[{"@type":"ReadAction","target":["https:\/\/www.organisator.ch\/management\/2024-09-24\/canon-schweiz-feiert-mit-seinen-partnerinnen-doppelte-erfolge\/"]}]},{"@type":"ImageObject","inLanguage":"fr-FR","@id":"https:\/\/www.organisator.ch\/management\/2024-09-24\/canon-schweiz-feiert-mit-seinen-partnerinnen-doppelte-erfolge\/#primaryimage","url":"https:\/\/www.organisator.ch\/wp-content\/uploads\/2024\/09\/Canon_Bild1_ps.jpg","contentUrl":"https:\/\/www.organisator.ch\/wp-content\/uploads\/2024\/09\/Canon_Bild1_ps.jpg","width":680,"height":492,"caption":"Canon Schweiz und seine Partner:innen feiern gemeinsam beim Think Tank Event 2024. (Bild: www.canon.ch)"},{"@type":"BreadcrumbList","@id":"https:\/\/www.organisator.ch\/management\/2024-09-24\/canon-schweiz-feiert-mit-seinen-partnerinnen-doppelte-erfolge\/#breadcrumb","itemListElement":[{"@type":"ListItem","position":1,"name":"Home","item":"https:\/\/www.organisator.ch\/"},{"@type":"ListItem","position":2,"name":"Canon Schweiz feiert mit seinen Partner:innen doppelte Erfolge"}]},{"@type":"WebSite","@id":"https:\/\/www.organisator.ch\/#website","url":"https:\/\/www.organisator.ch\/","name":"Organisateur","description":"Comp\u00e9tence et comp\u00e9tence. Proches de la pratique. L'ORGANISATEUR pr\u00e9pare 10 num\u00e9ros par an sur les th\u00e8mes essentiels pour les dirigeants de PME.","publisher":{"@id":"https:\/\/www.organisator.ch\/#organization"},"potentialAction":[{"@type":"SearchAction","target":{"@type":"EntryPoint","urlTemplate":"https:\/\/www.organisator.ch\/?s={search_term_string}"},"query-input":{"@type":"PropertyValueSpecification","valueRequired":true,"valueName":"search_term_string"}}],"inLanguage":"fr-FR"},{"@type":"Organization","@id":"https:\/\/www.organisator.ch\/#organization","name":"Organisateur","url":"https:\/\/www.organisator.ch\/","logo":{"@type":"ImageObject","inLanguage":"fr-FR","@id":"https:\/\/www.organisator.ch\/#\/schema\/logo\/image\/","url":"https:\/\/www.organisator.ch\/wp-content\/uploads\/2022\/01\/Logo_Organisator_Website.png","contentUrl":"https:\/\/www.organisator.ch\/wp-content\/uploads\/2022\/01\/Logo_Organisator_Website.png","width":800,"height":77,"caption":"Organisator"},"image":{"@id":"https:\/\/www.organisator.ch\/#\/schema\/logo\/image\/"},"sameAs":["https:\/\/www.facebook.com\/OrganisatorFachmagazin","https:\/\/www.linkedin.com\/showcase\/organisator-das-magazin-fr-kmu","https:\/\/www.xing.com\/news\/pages\/organisator-ch-695","https:\/\/www.youtube.com\/channel\/UCGP2Sq0iWaZwT3BdIAQFYpw"]},{"@type":"Person","@id":"https:\/\/www.organisator.ch\/#\/schema\/person\/2e1314a2172123f874db408d8911d3f3","name":"Adelisa Kalajdzini","image":{"@type":"ImageObject","inLanguage":"fr-FR","@id":"https:\/\/secure.gravatar.com\/avatar\/09a397c22ac58cad6f160ee8306348599df9df58a8ede73696226897b9fa4b24?s=96&d=mm&r=g","url":"https:\/\/secure.gravatar.com\/avatar\/09a397c22ac58cad6f160ee8306348599df9df58a8ede73696226897b9fa4b24?s=96&d=mm&r=g","contentUrl":"https:\/\/secure.gravatar.com\/avatar\/09a397c22ac58cad6f160ee8306348599df9df58a8ede73696226897b9fa4b24?s=96&d=mm&r=g","caption":"Adelisa Kalajdzini"},"url":"https:\/\/www.organisator.ch\/fr\/author\/adelisa-kalajdzini\/"}]}},"_links":{"self":[{"href":"https:\/\/www.organisator.ch\/fr\/wp-json\/wp\/v2\/posts\/30030","targetHints":{"allow":["GET"]}}],"collection":[{"href":"https:\/\/www.organisator.ch\/fr\/wp-json\/wp\/v2\/posts"}],"about":[{"href":"https:\/\/www.organisator.ch\/fr\/wp-json\/wp\/v2\/types\/post"}],"author":[{"embeddable":true,"href":"https:\/\/www.organisator.ch\/fr\/wp-json\/wp\/v2\/users\/58"}],"replies":[{"embeddable":true,"href":"https:\/\/www.organisator.ch\/fr\/wp-json\/wp\/v2\/comments?post=30030"}],"version-history":[{"count":7,"href":"https:\/\/www.organisator.ch\/fr\/wp-json\/wp\/v2\/posts\/30030\/revisions"}],"predecessor-version":[{"id":30093,"href":"https:\/\/www.organisator.ch\/fr\/wp-json\/wp\/v2\/posts\/30030\/revisions\/30093"}],"wp:featuredmedia":[{"embeddable":true,"href":"https:\/\/www.organisator.ch\/fr\/wp-json\/wp\/v2\/media\/30034"}],"wp:attachment":[{"href":"https:\/\/www.organisator.ch\/fr\/wp-json\/wp\/v2\/media?parent=30030"}],"wp:term":[{"taxonomy":"category","embeddable":true,"href":"https:\/\/www.organisator.ch\/fr\/wp-json\/wp\/v2\/categories?post=30030"},{"taxonomy":"post_tag","embeddable":true,"href":"https:\/\/www.organisator.ch\/fr\/wp-json\/wp\/v2\/tags?post=30030"}],"curies":[{"name":"wp","href":"https:\/\/api.w.org\/{rel}","templated":true}]}}