{"id":30038,"date":"2024-09-24T10:33:09","date_gmt":"2024-09-24T08:33:09","guid":{"rendered":"https:\/\/www.m-q.ch\/?p=20350"},"modified":"2024-11-08T08:16:18","modified_gmt":"2024-11-08T07:16:18","slug":"ueber-900-000-unfaelle-in-der-schweiz-weniger-berufsunfaelle-und-berufskrankheiten","status":"publish","type":"post","link":"https:\/\/www.organisator.ch\/fr\/operational-excellence\/2024-09-24\/ueber-900-000-unfaelle-in-der-schweiz-weniger-berufsunfaelle-und-berufskrankheiten\/","title":{"rendered":"Plus de 900 000 accidents en Suisse : moins d'accidents et de maladies professionnels"},"content":{"rendered":"<figure id=\"attachment_20352\" class=\"wp-caption alignnone\" style=\"width: 680px\" aria-describedby=\"caption-attachment-20352\"><img class=\"alignnone wp-image-20352 size-full\" src=\"https:\/\/www.m-q.ch\/wp-content\/uploads\/2024\/09\/suva1_Bild1_ps.jpg\" alt=\"Statistiques des accidents en Suisse en 2024\" width=\"680\" height=\"444\" \/>\r\n<figcaption id=\"caption-attachment-20352\" class=\"wp-caption-text\">Alors que les accidents professionnels ont l\u00e9g\u00e8rement diminu\u00e9 par rapport \u00e0 l'ann\u00e9e pr\u00e9c\u00e9dente, les accidents de loisirs ont l\u00e9g\u00e8rement augment\u00e9. (Image : www.depositphotos.com)<\/figcaption>\r\n<\/figure>\r\n<p>Tous les travailleurs occup\u00e9s en Suisse sont obligatoirement assur\u00e9s contre les accidents et les maladies professionnels conform\u00e9ment \u00e0 la loi sur l'assurance-accidents (LAA). Les personnes travaillant au moins huit heures par semaine sont \u00e9galement assur\u00e9es contre les accidents durant les loisirs. Les personnes \u00e0 la recherche d'un emploi et les personnes b\u00e9n\u00e9ficiant de mesures AI sont \u00e9galement obligatoirement assur\u00e9es contre les accidents professionnels et de loisirs.<\/p>\r\n<p>Les 22 assureurs LAA au total en Suisse ont enregistr\u00e9 environ 908 000 accidents et maladies professionnelles en 2023 (voir tableau). Si, au total, cela correspond \u00e0 peu pr\u00e8s au niveau de l'ann\u00e9e pr\u00e9c\u00e9dente (- 0,3 pour cent), l'assurance des accidents professionnels et non professionnels a \u00e9volu\u00e9 diff\u00e9remment : Alors que le nombre d'accidents et de maladies professionnels a diminu\u00e9 de 2,4 pour cent par rapport \u00e0 l'ann\u00e9e pr\u00e9c\u00e9dente (\u00e0 286 000 sinistres), les accidents de loisirs ont l\u00e9g\u00e8rement augment\u00e9 (de 1,0 pour cent \u00e0 607 000 sinistres). Chez les demandeurs d'emploi, on observe \u00e0 nouveau un recul des accidents (- 14,2 pour cent, soit environ 14 000 sinistres), car il y a eu \u00e0 nouveau moins de demandeurs d'emploi inscrits par rapport \u00e0 l'ann\u00e9e pr\u00e9c\u00e9dente. Chez les personnes b\u00e9n\u00e9ficiant de mesures AI, environ 1600 accidents ont \u00e9t\u00e9 d\u00e9clar\u00e9s.<\/p>\r\n<p>Tous les assureurs LAA r\u00e9unis ont d\u00e9pens\u00e9 en 2022 environ 6,9 milliards de francs en prestations d'assurance, principalement pour les frais de gu\u00e9rison (prestations m\u00e9dicales et th\u00e9rapeutiques), les indemnit\u00e9s journali\u00e8res ainsi que les provisions pour les rentes d'invalidit\u00e9 et de survivants. Les accidents de loisirs ont occasionn\u00e9 la plus grande partie des co\u00fbts (63,3 %), tandis que 33,5 % ont \u00e9t\u00e9 pay\u00e9s pour des accidents et maladies professionnels.<\/p>\r\n<h3><strong>La composition du portefeuille d'assurance influence l'accidentalit\u00e9<\/strong><\/h3>\r\n<p>Cette ann\u00e9e, la statistique des accidents est consacr\u00e9e aux diff\u00e9rences entre la Suva et les autres assureurs. Le chapitre focus met en \u00e9vidence les effets de la structure diff\u00e9rente des collectifs d'assur\u00e9s, due \u00e0 la loi, sur les accidents et, par cons\u00e9quent, sur les co\u00fbts par cas et les primes.<\/p>\r\n<p>C'est surtout dans l'assurance contre les accidents professionnels que l'on constate de grandes diff\u00e9rences. Comme la Suva assure, comme le prescrit la loi, la quasi-totalit\u00e9 du secteur des arts et m\u00e9tiers et de l'industrie, son effectif d'assur\u00e9s comprend de nombreuses entreprises pr\u00e9sentant un risque d'accident \u00e9lev\u00e9. Avec environ 83 accidents professionnels annuels pour 1000 emplois \u00e0 temps plein, le risque d'accident est environ deux fois plus \u00e9lev\u00e9 que chez les autres assureurs-accidents, qui assurent principalement des entreprises du secteur tertiaire. Cela se ressent \u00e9galement sur les primes. Alors que la Suva a per\u00e7u en 2022 des primes d'un montant de 1,6 milliard de francs dans l'assurance contre les accidents professionnels, ce qui correspond \u00e0 environ 0,9 pour cent de la somme des salaires assur\u00e9s, les primes nettes des autres assureurs-accidents ont \u00e9t\u00e9 nettement moins \u00e9lev\u00e9es, avec 0,4 milliard de francs, soit 0,2 pour cent de la somme des salaires.<\/p>\r\n<p>En ce qui concerne les accidents de loisirs, les diff\u00e9rences entre les effectifs de la Suva et ceux des autres assureurs sont moindres. Ici, le risque d'accident est \u00e0 peu pr\u00e8s le m\u00eame, avec en moyenne 128 (Suva) ou 127 (autres assureurs) cas pour 1000 emplois \u00e0 plein temps. Toutefois, comme les assur\u00e9s exer\u00e7ant un travail majoritairement physique peuvent moins rapidement reprendre leur activit\u00e9 professionnelle, l'effectif d'assur\u00e9s de la Suva pr\u00e9sente des arr\u00eats de travail plus longs en moyenne et des co\u00fbts plus \u00e9lev\u00e9s en cons\u00e9quence : ainsi, les co\u00fbts moyens par accident s'\u00e9l\u00e8vent \u00e0 5700 francs pour la Suva, contre 4000 francs pour les autres assureurs.<\/p>\r\n<p>La pand\u00e9mie de grippe A (coronavirus) a entra\u00een\u00e9 un changement dans la r\u00e9partition des maladies professionnelles. Alors qu'\u00e0 l'origine, le risque de maladies professionnelles \u00e9tait surtout \u00e9lev\u00e9 dans les entreprises de production, qui se retrouvent presque enti\u00e8rement dans le collectif d'assur\u00e9s de la Suva, le Covid-19 a entra\u00een\u00e9 une nette augmentation des maladies professionnelles reconnues dans les h\u00f4pitaux, les homes ou les laboratoires, qui sont pour la plupart assur\u00e9s aupr\u00e8s des autres assureurs-accidents.<\/p>\r\n<h3><strong>Cas enregistr\u00e9s aupr\u00e8s de tous les assureurs LAA dans le cadre de l'assurance-accidents obligatoire :<\/strong><\/h3>\r\n<figure id=\"attachment_20351\" class=\"wp-caption alignnone\" style=\"width: 680px\" aria-describedby=\"caption-attachment-20351\"><img class=\"size-full wp-image-20351\" src=\"https:\/\/www.m-q.ch\/wp-content\/uploads\/2024\/09\/Suva1_Bild2_Tabelle_ps.jpg\" alt=\"\" width=\"680\" height=\"653\" \/>\r\n<figcaption id=\"caption-attachment-20351\" class=\"wp-caption-text\">(Image\/tableau : www.suva.ch)<\/figcaption>\r\n<\/figure>\r\n<h3><strong>Statistiques d'accidents et source d'approvisionnement<\/strong><\/h3>\r\n<p>Le Service de centralisation des statistiques de l'assurance-accidents (SSAA), g\u00e9r\u00e9 par la Suva, publie la statistique annuelle des accidents LAA sur mandat du Groupe de coordination des statistiques de l'assurance-accidents (GCSAA). La statistique se base sur les r\u00e9sultats des 22 assureurs-accidents LAA en Suisse (Suva, assureurs priv\u00e9s soumis \u00e0 la loi sur la surveillance des assurances (LSA), caisses publiques d'assurance-accidents, caisses-maladie reconnues, caisse suppl\u00e9tive) qui assurent obligatoirement les personnes exer\u00e7ant une activit\u00e9 salari\u00e9e contre les accidents professionnels et de loisirs ainsi que contre les maladies professionnelles. Sont \u00e9galement inclus les r\u00e9sultats de l'assurance-accidents obligatoire pour les ch\u00f4meurs et les personnes b\u00e9n\u00e9ficiant de mesures AI, qui sont assur\u00e9s aupr\u00e8s de la Suva.<\/p>\r\n<p>La statistique LAA ne recense pas les accidents d'enfants, d'\u00e9coliers, d'\u00e9tudiants, de femmes et d'hommes au foyer, d'ind\u00e9pendants et de retrait\u00e9s. Pour l'essentiel, elle recense donc les travailleurs et les apprentis \u00e2g\u00e9s de 15 \u00e0 65 ans et r\u00e9sidant en permanence en Suisse. Ces personnes repr\u00e9sentent une bonne moiti\u00e9 de la population r\u00e9sidente.<\/p>\r\n<p>Dans la statistique des accidents LAA 2024 qui vient d'\u00eatre publi\u00e9e, les r\u00e9sultats statistiques sur les cas de l'ann\u00e9e 2023 et sur les co\u00fbts et l'accidentologie de l'ann\u00e9e 2022 sont pr\u00e9par\u00e9s. La statistique des accidents est disponible sous forme imprim\u00e9e ainsi qu'en ligne en allemand et en fran\u00e7ais.<\/p>\r\n<p><em>Source : <a href=\"http:\/\/www.suva.ch\/\">www.suva.ch<\/a><\/em><\/p>\n<p class=\"syndicated-attribution\">Cet article est paru initialement sur m-q.ch - <a href=\"https:\/\/www.m-q.ch\/de\/ueber-900-000-unfaelle-in-der-schweiz-weniger-berufsunfaelle-und-berufskrankheiten\/\" target=\"_blank\">https:\/\/www.m-q.ch\/de\/ueber-900-000-unfaelle-in-der-schweiz-weniger-berufsunfaelle-und-berufskrankheiten\/<\/a><\/p>","protected":false},"excerpt":{"rendered":"<p>En 2023, environ 908 000 accidents professionnels et de loisirs ainsi que des maladies professionnelles ont \u00e9t\u00e9 d\u00e9clar\u00e9s aux 22 assureurs-accidents suisses (LAA). Alors que les accidents professionnels ont l\u00e9g\u00e8rement diminu\u00e9 par rapport \u00e0 l'ann\u00e9e pr\u00e9c\u00e9dente, les accidents de loisirs ont l\u00e9g\u00e8rement augment\u00e9. Au total, les cas et les co\u00fbts se situent au niveau de l'ann\u00e9e pr\u00e9c\u00e9dente. La statistique des accidents de cette ann\u00e9e se concentre sur une comparaison entre les effectifs d'assur\u00e9s de la Suva et ceux des autres assureurs.<\/p>","protected":false},"author":58,"featured_media":0,"comment_status":"closed","ping_status":"closed","sticky":false,"template":"","format":"standard","meta":{"_acf_changed":false,"_yoast_wpseo_focuskw":"Unfallstatistik Schweiz 2024","_yoast_wpseo_metadesc":"Schweizer Unfallstatistik 2024: Leichter R\u00fcckgang bei Berufsunf\u00e4llen, Zunahme bei Freizeitunf\u00e4llen. Gesamtzahl 908\u202f000 Unf\u00e4lle.","articlekey":"","footnotes":""},"categories":[582],"tags":[4529,418,424,463,4530],"class_list":["post-30038","post","type-post","status-publish","format-standard","hentry","category-operational-excellence","tag-berufsunfaelle","tag-risikomanagement","tag-schweiz","tag-suva","tag-unfallstatistik"],"acf":[],"yoast_head":"<!-- This site is optimized with the Yoast SEO plugin v27.4 - https:\/\/yoast.com\/product\/yoast-seo-wordpress\/ -->\n<title>\u00dcber 900\u202f000 Unf\u00e4lle in der Schweiz: Weniger Berufsunf\u00e4lle und Berufskrankheiten - Organisator<\/title>\n<meta name=\"description\" content=\"Schweizer Unfallstatistik 2024: Leichter R\u00fcckgang bei Berufsunf\u00e4llen, Zunahme bei Freizeitunf\u00e4llen. Gesamtzahl 908\u202f000 Unf\u00e4lle.\" \/>\n<meta name=\"robots\" content=\"index, follow, max-snippet:-1, max-image-preview:large, max-video-preview:-1\" \/>\n<link rel=\"canonical\" href=\"https:\/\/www.organisator.ch\/fr\/excellence-operationnelle\/2024-09-24\/ueber-900-000-unfaelle-in-der-schweiz-weniger-berufsunfaelle-und-berufskrankheiten\/\" \/>\n<meta property=\"og:locale\" content=\"fr_FR\" \/>\n<meta property=\"og:type\" content=\"article\" \/>\n<meta property=\"og:title\" content=\"\u00dcber 900\u202f000 Unf\u00e4lle in der Schweiz: Weniger Berufsunf\u00e4lle und Berufskrankheiten - Organisator\" \/>\n<meta property=\"og:description\" content=\"Schweizer Unfallstatistik 2024: Leichter R\u00fcckgang bei Berufsunf\u00e4llen, Zunahme bei Freizeitunf\u00e4llen. Gesamtzahl 908\u202f000 Unf\u00e4lle.\" \/>\n<meta property=\"og:url\" content=\"https:\/\/www.organisator.ch\/fr\/excellence-operationnelle\/2024-09-24\/ueber-900-000-unfaelle-in-der-schweiz-weniger-berufsunfaelle-und-berufskrankheiten\/\" \/>\n<meta property=\"og:site_name\" content=\"Organisator\" \/>\n<meta property=\"article:publisher\" content=\"https:\/\/www.facebook.com\/OrganisatorFachmagazin\" \/>\n<meta property=\"article:published_time\" content=\"2024-09-24T08:33:09+00:00\" \/>\n<meta property=\"article:modified_time\" content=\"2024-11-08T07:16:18+00:00\" \/>\n<meta property=\"og:image\" content=\"https:\/\/www.m-q.ch\/wp-content\/uploads\/2024\/09\/suva1_Bild1_ps.jpg\" \/>\n<meta name=\"author\" content=\"Adelisa Kalajdzini\" \/>\n<meta name=\"twitter:card\" content=\"summary_large_image\" \/>\n<script type=\"application\/ld+json\" class=\"yoast-schema-graph\">{\"@context\":\"https:\\\/\\\/schema.org\",\"@graph\":[{\"@type\":\"Article\",\"@id\":\"https:\\\/\\\/www.organisator.ch\\\/operational-excellence\\\/2024-09-24\\\/ueber-900-000-unfaelle-in-der-schweiz-weniger-berufsunfaelle-und-berufskrankheiten\\\/#article\",\"isPartOf\":{\"@id\":\"https:\\\/\\\/www.organisator.ch\\\/operational-excellence\\\/2024-09-24\\\/ueber-900-000-unfaelle-in-der-schweiz-weniger-berufsunfaelle-und-berufskrankheiten\\\/\"},\"author\":{\"name\":\"Adelisa Kalajdzini\",\"@id\":\"https:\\\/\\\/www.organisator.ch\\\/#\\\/schema\\\/person\\\/2e1314a2172123f874db408d8911d3f3\"},\"headline\":\"\u00dcber 900\u202f000 Unf\u00e4lle in der Schweiz: Weniger Berufsunf\u00e4lle und Berufskrankheiten\",\"datePublished\":\"2024-09-24T08:33:09+00:00\",\"dateModified\":\"2024-11-08T07:16:18+00:00\",\"mainEntityOfPage\":{\"@id\":\"https:\\\/\\\/www.organisator.ch\\\/operational-excellence\\\/2024-09-24\\\/ueber-900-000-unfaelle-in-der-schweiz-weniger-berufsunfaelle-und-berufskrankheiten\\\/\"},\"wordCount\":755,\"publisher\":{\"@id\":\"https:\\\/\\\/www.organisator.ch\\\/#organization\"},\"image\":{\"@id\":\"https:\\\/\\\/www.organisator.ch\\\/operational-excellence\\\/2024-09-24\\\/ueber-900-000-unfaelle-in-der-schweiz-weniger-berufsunfaelle-und-berufskrankheiten\\\/#primaryimage\"},\"thumbnailUrl\":\"https:\\\/\\\/www.m-q.ch\\\/wp-content\\\/uploads\\\/2024\\\/09\\\/suva1_Bild1_ps.jpg\",\"keywords\":[\"Berufsunf\u00e4lle\",\"Risikomanagement\",\"Schweiz\",\"SUVA\",\"Unfallstatistik\"],\"articleSection\":[\"OPERATIONAL EXCELLENCE\"],\"inLanguage\":\"fr-FR\"},{\"@type\":\"WebPage\",\"@id\":\"https:\\\/\\\/www.organisator.ch\\\/operational-excellence\\\/2024-09-24\\\/ueber-900-000-unfaelle-in-der-schweiz-weniger-berufsunfaelle-und-berufskrankheiten\\\/\",\"url\":\"https:\\\/\\\/www.organisator.ch\\\/operational-excellence\\\/2024-09-24\\\/ueber-900-000-unfaelle-in-der-schweiz-weniger-berufsunfaelle-und-berufskrankheiten\\\/\",\"name\":\"\u00dcber 900\u202f000 Unf\u00e4lle in der Schweiz: Weniger Berufsunf\u00e4lle und Berufskrankheiten - Organisator\",\"isPartOf\":{\"@id\":\"https:\\\/\\\/www.organisator.ch\\\/#website\"},\"primaryImageOfPage\":{\"@id\":\"https:\\\/\\\/www.organisator.ch\\\/operational-excellence\\\/2024-09-24\\\/ueber-900-000-unfaelle-in-der-schweiz-weniger-berufsunfaelle-und-berufskrankheiten\\\/#primaryimage\"},\"image\":{\"@id\":\"https:\\\/\\\/www.organisator.ch\\\/operational-excellence\\\/2024-09-24\\\/ueber-900-000-unfaelle-in-der-schweiz-weniger-berufsunfaelle-und-berufskrankheiten\\\/#primaryimage\"},\"thumbnailUrl\":\"https:\\\/\\\/www.m-q.ch\\\/wp-content\\\/uploads\\\/2024\\\/09\\\/suva1_Bild1_ps.jpg\",\"datePublished\":\"2024-09-24T08:33:09+00:00\",\"dateModified\":\"2024-11-08T07:16:18+00:00\",\"description\":\"Schweizer Unfallstatistik 2024: Leichter R\u00fcckgang bei Berufsunf\u00e4llen, Zunahme bei Freizeitunf\u00e4llen. Gesamtzahl 908\u202f000 Unf\u00e4lle.\",\"breadcrumb\":{\"@id\":\"https:\\\/\\\/www.organisator.ch\\\/operational-excellence\\\/2024-09-24\\\/ueber-900-000-unfaelle-in-der-schweiz-weniger-berufsunfaelle-und-berufskrankheiten\\\/#breadcrumb\"},\"inLanguage\":\"fr-FR\",\"potentialAction\":[{\"@type\":\"ReadAction\",\"target\":[\"https:\\\/\\\/www.organisator.ch\\\/operational-excellence\\\/2024-09-24\\\/ueber-900-000-unfaelle-in-der-schweiz-weniger-berufsunfaelle-und-berufskrankheiten\\\/\"]}]},{\"@type\":\"ImageObject\",\"inLanguage\":\"fr-FR\",\"@id\":\"https:\\\/\\\/www.organisator.ch\\\/operational-excellence\\\/2024-09-24\\\/ueber-900-000-unfaelle-in-der-schweiz-weniger-berufsunfaelle-und-berufskrankheiten\\\/#primaryimage\",\"url\":\"https:\\\/\\\/www.m-q.ch\\\/wp-content\\\/uploads\\\/2024\\\/09\\\/suva1_Bild1_ps.jpg\",\"contentUrl\":\"https:\\\/\\\/www.m-q.ch\\\/wp-content\\\/uploads\\\/2024\\\/09\\\/suva1_Bild1_ps.jpg\"},{\"@type\":\"BreadcrumbList\",\"@id\":\"https:\\\/\\\/www.organisator.ch\\\/operational-excellence\\\/2024-09-24\\\/ueber-900-000-unfaelle-in-der-schweiz-weniger-berufsunfaelle-und-berufskrankheiten\\\/#breadcrumb\",\"itemListElement\":[{\"@type\":\"ListItem\",\"position\":1,\"name\":\"Home\",\"item\":\"https:\\\/\\\/www.organisator.ch\\\/\"},{\"@type\":\"ListItem\",\"position\":2,\"name\":\"\u00dcber 900\u202f000 Unf\u00e4lle in der Schweiz: Weniger Berufsunf\u00e4lle und Berufskrankheiten\"}]},{\"@type\":\"WebSite\",\"@id\":\"https:\\\/\\\/www.organisator.ch\\\/#website\",\"url\":\"https:\\\/\\\/www.organisator.ch\\\/\",\"name\":\"Organisator\",\"description\":\"Kompetent. Praxisnah. Der ORGANISATOR bereitet in 10 Ausgaben pro Jahr die wesentlichen Themen f\u00fcr F\u00fchrungskr\u00e4fte von KMU auf.\",\"publisher\":{\"@id\":\"https:\\\/\\\/www.organisator.ch\\\/#organization\"},\"potentialAction\":[{\"@type\":\"SearchAction\",\"target\":{\"@type\":\"EntryPoint\",\"urlTemplate\":\"https:\\\/\\\/www.organisator.ch\\\/?s={search_term_string}\"},\"query-input\":{\"@type\":\"PropertyValueSpecification\",\"valueRequired\":true,\"valueName\":\"search_term_string\"}}],\"inLanguage\":\"fr-FR\"},{\"@type\":\"Organization\",\"@id\":\"https:\\\/\\\/www.organisator.ch\\\/#organization\",\"name\":\"Organisator\",\"url\":\"https:\\\/\\\/www.organisator.ch\\\/\",\"logo\":{\"@type\":\"ImageObject\",\"inLanguage\":\"fr-FR\",\"@id\":\"https:\\\/\\\/www.organisator.ch\\\/#\\\/schema\\\/logo\\\/image\\\/\",\"url\":\"https:\\\/\\\/www.organisator.ch\\\/wp-content\\\/uploads\\\/2022\\\/01\\\/Logo_Organisator_Website.png\",\"contentUrl\":\"https:\\\/\\\/www.organisator.ch\\\/wp-content\\\/uploads\\\/2022\\\/01\\\/Logo_Organisator_Website.png\",\"width\":800,\"height\":77,\"caption\":\"Organisator\"},\"image\":{\"@id\":\"https:\\\/\\\/www.organisator.ch\\\/#\\\/schema\\\/logo\\\/image\\\/\"},\"sameAs\":[\"https:\\\/\\\/www.facebook.com\\\/OrganisatorFachmagazin\",\"https:\\\/\\\/www.linkedin.com\\\/showcase\\\/organisator-das-magazin-fr-kmu\",\"https:\\\/\\\/www.xing.com\\\/news\\\/pages\\\/organisator-ch-695\",\"https:\\\/\\\/www.youtube.com\\\/channel\\\/UCGP2Sq0iWaZwT3BdIAQFYpw\"]},{\"@type\":\"Person\",\"@id\":\"https:\\\/\\\/www.organisator.ch\\\/#\\\/schema\\\/person\\\/2e1314a2172123f874db408d8911d3f3\",\"name\":\"Adelisa Kalajdzini\",\"image\":{\"@type\":\"ImageObject\",\"inLanguage\":\"fr-FR\",\"@id\":\"https:\\\/\\\/secure.gravatar.com\\\/avatar\\\/09a397c22ac58cad6f160ee8306348599df9df58a8ede73696226897b9fa4b24?s=96&d=mm&r=g\",\"url\":\"https:\\\/\\\/secure.gravatar.com\\\/avatar\\\/09a397c22ac58cad6f160ee8306348599df9df58a8ede73696226897b9fa4b24?s=96&d=mm&r=g\",\"contentUrl\":\"https:\\\/\\\/secure.gravatar.com\\\/avatar\\\/09a397c22ac58cad6f160ee8306348599df9df58a8ede73696226897b9fa4b24?s=96&d=mm&r=g\",\"caption\":\"Adelisa Kalajdzini\"},\"url\":\"https:\\\/\\\/www.organisator.ch\\\/fr\\\/author\\\/adelisa-kalajdzini\\\/\"}]}<\/script>\n<!-- \/ Yoast SEO plugin. -->","yoast_head_json":{"title":"Plus de 900 000 accidents en Suisse : moins d'accidents et de maladies professionnels - Organisateur","description":"Statistique suisse des accidents 2024 : l\u00e9ger recul des accidents professionnels, augmentation des accidents de loisirs. Nombre total d'accidents : 908 000.","robots":{"index":"index","follow":"follow","max-snippet":"max-snippet:-1","max-image-preview":"max-image-preview:large","max-video-preview":"max-video-preview:-1"},"canonical":"https:\/\/www.organisator.ch\/fr\/excellence-operationnelle\/2024-09-24\/ueber-900-000-unfaelle-in-der-schweiz-weniger-berufsunfaelle-und-berufskrankheiten\/","og_locale":"fr_FR","og_type":"article","og_title":"\u00dcber 900\u202f000 Unf\u00e4lle in der Schweiz: Weniger Berufsunf\u00e4lle und Berufskrankheiten - Organisator","og_description":"Schweizer Unfallstatistik 2024: Leichter R\u00fcckgang bei Berufsunf\u00e4llen, Zunahme bei Freizeitunf\u00e4llen. Gesamtzahl 908\u202f000 Unf\u00e4lle.","og_url":"https:\/\/www.organisator.ch\/fr\/excellence-operationnelle\/2024-09-24\/ueber-900-000-unfaelle-in-der-schweiz-weniger-berufsunfaelle-und-berufskrankheiten\/","og_site_name":"Organisator","article_publisher":"https:\/\/www.facebook.com\/OrganisatorFachmagazin","article_published_time":"2024-09-24T08:33:09+00:00","article_modified_time":"2024-11-08T07:16:18+00:00","og_image":[{"url":"https:\/\/www.m-q.ch\/wp-content\/uploads\/2024\/09\/suva1_Bild1_ps.jpg","type":"","width":"","height":""}],"author":"Adelisa Kalajdzini","twitter_card":"summary_large_image","schema":{"@context":"https:\/\/schema.org","@graph":[{"@type":"Article","@id":"https:\/\/www.organisator.ch\/operational-excellence\/2024-09-24\/ueber-900-000-unfaelle-in-der-schweiz-weniger-berufsunfaelle-und-berufskrankheiten\/#article","isPartOf":{"@id":"https:\/\/www.organisator.ch\/operational-excellence\/2024-09-24\/ueber-900-000-unfaelle-in-der-schweiz-weniger-berufsunfaelle-und-berufskrankheiten\/"},"author":{"name":"Adelisa Kalajdzini","@id":"https:\/\/www.organisator.ch\/#\/schema\/person\/2e1314a2172123f874db408d8911d3f3"},"headline":"\u00dcber 900\u202f000 Unf\u00e4lle in der Schweiz: Weniger Berufsunf\u00e4lle und Berufskrankheiten","datePublished":"2024-09-24T08:33:09+00:00","dateModified":"2024-11-08T07:16:18+00:00","mainEntityOfPage":{"@id":"https:\/\/www.organisator.ch\/operational-excellence\/2024-09-24\/ueber-900-000-unfaelle-in-der-schweiz-weniger-berufsunfaelle-und-berufskrankheiten\/"},"wordCount":755,"publisher":{"@id":"https:\/\/www.organisator.ch\/#organization"},"image":{"@id":"https:\/\/www.organisator.ch\/operational-excellence\/2024-09-24\/ueber-900-000-unfaelle-in-der-schweiz-weniger-berufsunfaelle-und-berufskrankheiten\/#primaryimage"},"thumbnailUrl":"https:\/\/www.m-q.ch\/wp-content\/uploads\/2024\/09\/suva1_Bild1_ps.jpg","keywords":["Berufsunf\u00e4lle","Risikomanagement","Schweiz","SUVA","Unfallstatistik"],"articleSection":["OPERATIONAL EXCELLENCE"],"inLanguage":"fr-FR"},{"@type":"WebPage","@id":"https:\/\/www.organisator.ch\/operational-excellence\/2024-09-24\/ueber-900-000-unfaelle-in-der-schweiz-weniger-berufsunfaelle-und-berufskrankheiten\/","url":"https:\/\/www.organisator.ch\/operational-excellence\/2024-09-24\/ueber-900-000-unfaelle-in-der-schweiz-weniger-berufsunfaelle-und-berufskrankheiten\/","name":"Plus de 900 000 accidents en Suisse : moins d'accidents et de maladies professionnels - Organisateur","isPartOf":{"@id":"https:\/\/www.organisator.ch\/#website"},"primaryImageOfPage":{"@id":"https:\/\/www.organisator.ch\/operational-excellence\/2024-09-24\/ueber-900-000-unfaelle-in-der-schweiz-weniger-berufsunfaelle-und-berufskrankheiten\/#primaryimage"},"image":{"@id":"https:\/\/www.organisator.ch\/operational-excellence\/2024-09-24\/ueber-900-000-unfaelle-in-der-schweiz-weniger-berufsunfaelle-und-berufskrankheiten\/#primaryimage"},"thumbnailUrl":"https:\/\/www.m-q.ch\/wp-content\/uploads\/2024\/09\/suva1_Bild1_ps.jpg","datePublished":"2024-09-24T08:33:09+00:00","dateModified":"2024-11-08T07:16:18+00:00","description":"Statistique suisse des accidents 2024 : l\u00e9ger recul des accidents professionnels, augmentation des accidents de loisirs. Nombre total d'accidents : 908 000.","breadcrumb":{"@id":"https:\/\/www.organisator.ch\/operational-excellence\/2024-09-24\/ueber-900-000-unfaelle-in-der-schweiz-weniger-berufsunfaelle-und-berufskrankheiten\/#breadcrumb"},"inLanguage":"fr-FR","potentialAction":[{"@type":"ReadAction","target":["https:\/\/www.organisator.ch\/operational-excellence\/2024-09-24\/ueber-900-000-unfaelle-in-der-schweiz-weniger-berufsunfaelle-und-berufskrankheiten\/"]}]},{"@type":"ImageObject","inLanguage":"fr-FR","@id":"https:\/\/www.organisator.ch\/operational-excellence\/2024-09-24\/ueber-900-000-unfaelle-in-der-schweiz-weniger-berufsunfaelle-und-berufskrankheiten\/#primaryimage","url":"https:\/\/www.m-q.ch\/wp-content\/uploads\/2024\/09\/suva1_Bild1_ps.jpg","contentUrl":"https:\/\/www.m-q.ch\/wp-content\/uploads\/2024\/09\/suva1_Bild1_ps.jpg"},{"@type":"BreadcrumbList","@id":"https:\/\/www.organisator.ch\/operational-excellence\/2024-09-24\/ueber-900-000-unfaelle-in-der-schweiz-weniger-berufsunfaelle-und-berufskrankheiten\/#breadcrumb","itemListElement":[{"@type":"ListItem","position":1,"name":"Home","item":"https:\/\/www.organisator.ch\/"},{"@type":"ListItem","position":2,"name":"\u00dcber 900\u202f000 Unf\u00e4lle in der Schweiz: Weniger Berufsunf\u00e4lle und Berufskrankheiten"}]},{"@type":"WebSite","@id":"https:\/\/www.organisator.ch\/#website","url":"https:\/\/www.organisator.ch\/","name":"Organisateur","description":"Comp\u00e9tence et comp\u00e9tence. Proches de la pratique. L'ORGANISATEUR pr\u00e9pare 10 num\u00e9ros par an sur les th\u00e8mes essentiels pour les dirigeants de PME.","publisher":{"@id":"https:\/\/www.organisator.ch\/#organization"},"potentialAction":[{"@type":"SearchAction","target":{"@type":"EntryPoint","urlTemplate":"https:\/\/www.organisator.ch\/?s={search_term_string}"},"query-input":{"@type":"PropertyValueSpecification","valueRequired":true,"valueName":"search_term_string"}}],"inLanguage":"fr-FR"},{"@type":"Organization","@id":"https:\/\/www.organisator.ch\/#organization","name":"Organisateur","url":"https:\/\/www.organisator.ch\/","logo":{"@type":"ImageObject","inLanguage":"fr-FR","@id":"https:\/\/www.organisator.ch\/#\/schema\/logo\/image\/","url":"https:\/\/www.organisator.ch\/wp-content\/uploads\/2022\/01\/Logo_Organisator_Website.png","contentUrl":"https:\/\/www.organisator.ch\/wp-content\/uploads\/2022\/01\/Logo_Organisator_Website.png","width":800,"height":77,"caption":"Organisator"},"image":{"@id":"https:\/\/www.organisator.ch\/#\/schema\/logo\/image\/"},"sameAs":["https:\/\/www.facebook.com\/OrganisatorFachmagazin","https:\/\/www.linkedin.com\/showcase\/organisator-das-magazin-fr-kmu","https:\/\/www.xing.com\/news\/pages\/organisator-ch-695","https:\/\/www.youtube.com\/channel\/UCGP2Sq0iWaZwT3BdIAQFYpw"]},{"@type":"Person","@id":"https:\/\/www.organisator.ch\/#\/schema\/person\/2e1314a2172123f874db408d8911d3f3","name":"Adelisa Kalajdzini","image":{"@type":"ImageObject","inLanguage":"fr-FR","@id":"https:\/\/secure.gravatar.com\/avatar\/09a397c22ac58cad6f160ee8306348599df9df58a8ede73696226897b9fa4b24?s=96&d=mm&r=g","url":"https:\/\/secure.gravatar.com\/avatar\/09a397c22ac58cad6f160ee8306348599df9df58a8ede73696226897b9fa4b24?s=96&d=mm&r=g","contentUrl":"https:\/\/secure.gravatar.com\/avatar\/09a397c22ac58cad6f160ee8306348599df9df58a8ede73696226897b9fa4b24?s=96&d=mm&r=g","caption":"Adelisa Kalajdzini"},"url":"https:\/\/www.organisator.ch\/fr\/author\/adelisa-kalajdzini\/"}]}},"_links":{"self":[{"href":"https:\/\/www.organisator.ch\/fr\/wp-json\/wp\/v2\/posts\/30038","targetHints":{"allow":["GET"]}}],"collection":[{"href":"https:\/\/www.organisator.ch\/fr\/wp-json\/wp\/v2\/posts"}],"about":[{"href":"https:\/\/www.organisator.ch\/fr\/wp-json\/wp\/v2\/types\/post"}],"author":[{"embeddable":true,"href":"https:\/\/www.organisator.ch\/fr\/wp-json\/wp\/v2\/users\/58"}],"replies":[{"embeddable":true,"href":"https:\/\/www.organisator.ch\/fr\/wp-json\/wp\/v2\/comments?post=30038"}],"version-history":[{"count":6,"href":"https:\/\/www.organisator.ch\/fr\/wp-json\/wp\/v2\/posts\/30038\/revisions"}],"predecessor-version":[{"id":31889,"href":"https:\/\/www.organisator.ch\/fr\/wp-json\/wp\/v2\/posts\/30038\/revisions\/31889"}],"wp:attachment":[{"href":"https:\/\/www.organisator.ch\/fr\/wp-json\/wp\/v2\/media?parent=30038"}],"wp:term":[{"taxonomy":"category","embeddable":true,"href":"https:\/\/www.organisator.ch\/fr\/wp-json\/wp\/v2\/categories?post=30038"},{"taxonomy":"post_tag","embeddable":true,"href":"https:\/\/www.organisator.ch\/fr\/wp-json\/wp\/v2\/tags?post=30038"}],"curies":[{"name":"wp","href":"https:\/\/api.w.org\/{rel}","templated":true}]}}