{"id":30046,"date":"2024-09-25T07:46:13","date_gmt":"2024-09-25T05:46:13","guid":{"rendered":"https:\/\/www.organisator.ch\/?p=30046"},"modified":"2024-09-24T13:47:00","modified_gmt":"2024-09-24T11:47:00","slug":"stelldichein-der-branche-an-der-zweiten-zukunftsarena-von-t-systems","status":"publish","type":"post","link":"https:\/\/www.organisator.ch\/fr\/management\/2024-09-25\/stelldichein-der-branche-an-der-zweiten-zukunftsarena-von-t-systems\/","title":{"rendered":"Rendez-vous de la branche \u00e0 la deuxi\u00e8me Zukunftarena de T-Systems"},"content":{"rendered":"<figure id=\"attachment_30048\" aria-describedby=\"caption-attachment-30048\" style=\"width: 680px\" class=\"wp-caption alignnone\"><img loading=\"lazy\" decoding=\"async\" class=\"size-full wp-image-30048\" src=\"https:\/\/www.organisator.ch\/wp-content\/uploads\/2024\/09\/T-Systems_Bild1_ps.jpg\" alt=\"\" width=\"680\" height=\"453\" srcset=\"https:\/\/www.organisator.ch\/wp-content\/uploads\/2024\/09\/T-Systems_Bild1_ps.jpg 680w, https:\/\/www.organisator.ch\/wp-content\/uploads\/2024\/09\/T-Systems_Bild1_ps-18x12.jpg 18w, https:\/\/www.organisator.ch\/wp-content\/uploads\/2024\/09\/T-Systems_Bild1_ps-375x250.jpg 375w, https:\/\/www.organisator.ch\/wp-content\/uploads\/2024\/09\/T-Systems_Bild1_ps-525x350.jpg 525w\" sizes=\"auto, (max-width: 680px) 100vw, 680px\" \/><figcaption id=\"caption-attachment-30048\" class=\"wp-caption-text\">Impressions de l'Ar\u00e8ne du futur 2023. (Image : www.zukunftsarena.ch)<\/figcaption><\/figure>\n<p>Les d\u00e9fis centraux dans diff\u00e9rentes branches ont \u00e9galement \u00e9t\u00e9 abord\u00e9s, notamment la mani\u00e8re dont les entreprises peuvent transformer leur activit\u00e9 dans le cloud et le r\u00f4le que joue \"Rise with SAP\" dans ce contexte pour une transformation r\u00e9ussie. Le deuxi\u00e8me jour de l'Ar\u00e8ne du futur, le Community Day, les experts et expertes en technologie se sont rencontr\u00e9s au si\u00e8ge de T-Systems Suisse \u00e0 Zollikofen pour un \u00e9change approfondi.<\/p>\n<h3><strong>L'intelligence artificielle comme moteur de l'innovation <\/strong><\/h3>\n<p>Pourquoi l'IA devient-elle indispensable pour l'\u00e9conomie, la politique et la soci\u00e9t\u00e9 ? C'est le th\u00e8me central qui a occup\u00e9 les participants lors des nombreuses pr\u00e9sentations et tables rondes. L'accent a \u00e9t\u00e9 mis sur la mani\u00e8re dont les entreprises peuvent profiter de l'int\u00e9gration de ces technologies et sur les \u00e9tapes concr\u00e8tes n\u00e9cessaires pour r\u00e9ussir le changement technologique. L'IA joue ici un r\u00f4le cl\u00e9 dans la transformation des processus d'entreprise, dans l'automatisation et dans la cr\u00e9ation de nouveaux potentiels commerciaux. Pour l'\u00e9conomie, l'IA est synonyme d'augmentation de l'efficacit\u00e9 et de nouveaux mod\u00e8les commerciaux ; pour la politique, des opportunit\u00e9s s'ouvrent dans l'administration num\u00e9rique ; et pour la soci\u00e9t\u00e9, des solutions s'offrent dans des domaines tels que la sant\u00e9, la mobilit\u00e9 et l'\u00e9ducation. Les entreprises qui investissent t\u00f4t dans l'IA s'assurent ainsi un avantage concurrentiel d\u00e9cisif.<\/p>\n<p>Dr. Ferri Abolhassan, CEO de T-Systems International et membre du directoire de Deutsche Telekom, a indiqu\u00e9 dans son expos\u00e9 sur l'intelligence artificielle quel potentiel l'IA allait d\u00e9velopper. \"Il s'agit toujours d'\u00e9laborer des solutions concr\u00e8tes pour les clients et les branches\", a soulign\u00e9 Abolhassan. L'engouement est \u00e9norme, mais il s'agit toujours d'une question centrale : comment les utilisateurs et les entreprises peuvent-ils concr\u00e8tement profiter de l'IA ? C'est sur ce point que T-Systems se concentre.<\/p>\n<p>Jana Koehler, Co-Head AI Robotics Research Lab \u00e0 la Haute \u00e9cole de Lucerne, a soulign\u00e9 trois questions principales concernant l'intelligence artificielle : la propri\u00e9t\u00e9 intellectuelle, l'utilisation des ressources et la rentabilit\u00e9. Ces trois questions principales sont d\u00e9cisives pour le d\u00e9veloppement et l'application de l'intelligence artificielle dans chaque entreprise. \"Au final, c'est la qualit\u00e9 de l'application qui est d\u00e9terminante\", a d\u00e9clar\u00e9 Koehler avec conviction, soulignant que \"lors de la mise en \u0153uvre d'applications d'IA, seuls 10 pour cent sont de l'IA. Les 90 pour cent restants sont les donn\u00e9es, l'infrastructure et la connectivit\u00e9, ainsi qu'un mod\u00e8le commercial coh\u00e9rent\".<\/p>\n<h3>\u00a0<strong>Approfondissement des connaissances dans le cadre d'ateliers <\/strong><\/h3>\n<p>\"L'intelligence artificielle va modifier fondamentalement les processus d'entreprise et, si elle est correctement appliqu\u00e9e, elle d\u00e9ploiera un \u00e9norme potentiel dans les secteurs les plus divers, comme la banque et l'assurance, la sant\u00e9, les transports et la logistique, mais aussi l'administration publique\", a d\u00e9clar\u00e9 avec conviction Thomas Reitze, Managing Director de T-Systems Suisse.<\/p>\n<p>Dans 18 sessions d'approfondissement, des questions d'avenir d\u00e9cisives ont \u00e9t\u00e9 trait\u00e9es en fonction du secteur. Il s'agissait notamment du d\u00e9veloppement de solutions d'IA s\u00fbres et conformes \u00e0 la protection des donn\u00e9es avec les T-Systems AI Foundation Services, de l'intelligence artificielle dans le diagnostic et la th\u00e9rapie ou des processus administratifs num\u00e9riques. Les visiteurs ont \u00e9galement pu se faire une large id\u00e9e des strat\u00e9gies de d\u00e9fense contre les cyberattaques, de l'informatique quantique en tant que r\u00e9volution pour les institutions financi\u00e8res ou des potentiels de la technologie immersive du Metaverse.<\/p>\n<p><em>Source : <a href=\"http:\/\/www.telekom.com\">www.telekom.com<\/a> \/ <a href=\"http:\/\/www.zukunftsarena.ch\">www.zukunftsarena.ch<\/a><\/em><\/p>","protected":false},"excerpt":{"rendered":"<p>La deuxi\u00e8me \"Zukunftsarena\" de T-Systems s'est d\u00e9roul\u00e9e du 9 au 10 septembre au stade du Wankdorf \u00e0 Berne. Pr\u00e8s de 250 d\u00e9cideurs de l'\u00e9conomie, de la politique et des m\u00e9dias ainsi que de l'ensemble du secteur des TIC ont assist\u00e9 au Business Day au stade bernois du Wankdorf. Lors de cet \u00e9v\u00e9nement de haut niveau, les tendances actuelles dans les technologies cl\u00e9s telles que l'intelligence artificielle (IA), l'informatique quantique et le m\u00e9tavers ont \u00e9t\u00e9 pr\u00e9sent\u00e9es. <\/p>","protected":false},"author":58,"featured_media":30048,"comment_status":"closed","ping_status":"closed","sticky":false,"template":"","format":"standard","meta":{"_acf_changed":false,"_yoast_wpseo_focuskw":"Zukunftsarena","_yoast_wpseo_metadesc":"Vom 9. bis 10. September fand im Berner Stadion Wankdorf die zweite Zukunftsarena von T-Systems statt.","articlekey":"","footnotes":""},"categories":[28],"tags":[298,334,4532,4531,492],"class_list":["post-30046","post","type-post","status-publish","format-standard","has-post-thumbnail","hentry","category-management","tag-ki","tag-management","tag-t-systems","tag-treffen","tag-unternehmen"],"acf":[],"yoast_head":"<!-- This site is optimized with the Yoast SEO plugin v27.5 - https:\/\/yoast.com\/product\/yoast-seo-wordpress\/ -->\n<title>Stelldichein der Branche an der zweiten Zukunftsarena von T-Systems - Organisator<\/title>\n<meta name=\"description\" content=\"Vom 9. bis 10. September fand im Berner Stadion Wankdorf die zweite Zukunftsarena von T-Systems statt.\" \/>\n<meta name=\"robots\" content=\"index, follow, max-snippet:-1, max-image-preview:large, max-video-preview:-1\" \/>\n<link rel=\"canonical\" href=\"https:\/\/www.organisator.ch\/fr\/gestion-2\/2024-09-25\/stelldichein-der-branche-an-der-zweiten-zukunftsarena-von-t-systems\/\" \/>\n<meta property=\"og:locale\" content=\"fr_FR\" \/>\n<meta property=\"og:type\" content=\"article\" \/>\n<meta property=\"og:title\" content=\"Stelldichein der Branche an der zweiten Zukunftsarena von T-Systems\" \/>\n<meta property=\"og:description\" content=\"Vom 9. bis 10. September fand im Berner Stadion Wankdorf die zweite Zukunftsarena von T-Systems statt.\" \/>\n<meta property=\"og:url\" content=\"https:\/\/www.organisator.ch\/fr\/gestion-2\/2024-09-25\/stelldichein-der-branche-an-der-zweiten-zukunftsarena-von-t-systems\/\" \/>\n<meta property=\"og:site_name\" content=\"Organisator\" \/>\n<meta property=\"article:publisher\" content=\"https:\/\/www.facebook.com\/OrganisatorFachmagazin\" \/>\n<meta property=\"article:published_time\" content=\"2024-09-25T05:46:13+00:00\" \/>\n<meta property=\"og:image\" content=\"https:\/\/www.organisator.ch\/wp-content\/uploads\/2024\/09\/T-Systems_Bild1_ps.jpg\" \/>\n\t<meta property=\"og:image:width\" content=\"680\" \/>\n\t<meta property=\"og:image:height\" content=\"453\" \/>\n\t<meta property=\"og:image:type\" content=\"image\/jpeg\" \/>\n<meta name=\"author\" content=\"Adelisa Kalajdzini\" \/>\n<meta name=\"twitter:card\" content=\"summary_large_image\" \/>\n<meta name=\"twitter:title\" content=\"Stelldichein der Branche an der zweiten Zukunftsarena von T-Systems\" \/>\n<meta name=\"twitter:description\" content=\"Vom 9. bis 10. September fand im #Berner #Stadion #Wankdorf die #zweite #Zukunftsarena von #T-Systems statt.\" \/>\n<meta name=\"twitter:image\" content=\"https:\/\/www.organisator.ch\/wp-content\/uploads\/2024\/09\/T-Systems_Bild1_ps.jpg\" \/>\n<script type=\"application\/ld+json\" class=\"yoast-schema-graph\">{\"@context\":\"https:\\\/\\\/schema.org\",\"@graph\":[{\"@type\":\"Article\",\"@id\":\"https:\\\/\\\/www.organisator.ch\\\/management\\\/2024-09-25\\\/stelldichein-der-branche-an-der-zweiten-zukunftsarena-von-t-systems\\\/#article\",\"isPartOf\":{\"@id\":\"https:\\\/\\\/www.organisator.ch\\\/management\\\/2024-09-25\\\/stelldichein-der-branche-an-der-zweiten-zukunftsarena-von-t-systems\\\/\"},\"author\":{\"name\":\"Adelisa Kalajdzini\",\"@id\":\"https:\\\/\\\/www.organisator.ch\\\/#\\\/schema\\\/person\\\/2e1314a2172123f874db408d8911d3f3\"},\"headline\":\"Stelldichein der Branche an der zweiten Zukunftsarena von T-Systems\",\"datePublished\":\"2024-09-25T05:46:13+00:00\",\"mainEntityOfPage\":{\"@id\":\"https:\\\/\\\/www.organisator.ch\\\/management\\\/2024-09-25\\\/stelldichein-der-branche-an-der-zweiten-zukunftsarena-von-t-systems\\\/\"},\"wordCount\":493,\"publisher\":{\"@id\":\"https:\\\/\\\/www.organisator.ch\\\/#organization\"},\"image\":{\"@id\":\"https:\\\/\\\/www.organisator.ch\\\/management\\\/2024-09-25\\\/stelldichein-der-branche-an-der-zweiten-zukunftsarena-von-t-systems\\\/#primaryimage\"},\"thumbnailUrl\":\"https:\\\/\\\/www.organisator.ch\\\/wp-content\\\/uploads\\\/2024\\\/09\\\/T-Systems_Bild1_ps.jpg\",\"keywords\":[\"KI\",\"Management\",\"T-Systems\",\"Treffen\",\"Unternehmen\"],\"articleSection\":[\"MANAGEMENT\"],\"inLanguage\":\"fr-FR\"},{\"@type\":\"WebPage\",\"@id\":\"https:\\\/\\\/www.organisator.ch\\\/management\\\/2024-09-25\\\/stelldichein-der-branche-an-der-zweiten-zukunftsarena-von-t-systems\\\/\",\"url\":\"https:\\\/\\\/www.organisator.ch\\\/management\\\/2024-09-25\\\/stelldichein-der-branche-an-der-zweiten-zukunftsarena-von-t-systems\\\/\",\"name\":\"Stelldichein der Branche an der zweiten Zukunftsarena von T-Systems - Organisator\",\"isPartOf\":{\"@id\":\"https:\\\/\\\/www.organisator.ch\\\/#website\"},\"primaryImageOfPage\":{\"@id\":\"https:\\\/\\\/www.organisator.ch\\\/management\\\/2024-09-25\\\/stelldichein-der-branche-an-der-zweiten-zukunftsarena-von-t-systems\\\/#primaryimage\"},\"image\":{\"@id\":\"https:\\\/\\\/www.organisator.ch\\\/management\\\/2024-09-25\\\/stelldichein-der-branche-an-der-zweiten-zukunftsarena-von-t-systems\\\/#primaryimage\"},\"thumbnailUrl\":\"https:\\\/\\\/www.organisator.ch\\\/wp-content\\\/uploads\\\/2024\\\/09\\\/T-Systems_Bild1_ps.jpg\",\"datePublished\":\"2024-09-25T05:46:13+00:00\",\"description\":\"Vom 9. bis 10. September fand im Berner Stadion Wankdorf die zweite Zukunftsarena von T-Systems statt.\",\"breadcrumb\":{\"@id\":\"https:\\\/\\\/www.organisator.ch\\\/management\\\/2024-09-25\\\/stelldichein-der-branche-an-der-zweiten-zukunftsarena-von-t-systems\\\/#breadcrumb\"},\"inLanguage\":\"fr-FR\",\"potentialAction\":[{\"@type\":\"ReadAction\",\"target\":[\"https:\\\/\\\/www.organisator.ch\\\/management\\\/2024-09-25\\\/stelldichein-der-branche-an-der-zweiten-zukunftsarena-von-t-systems\\\/\"]}]},{\"@type\":\"ImageObject\",\"inLanguage\":\"fr-FR\",\"@id\":\"https:\\\/\\\/www.organisator.ch\\\/management\\\/2024-09-25\\\/stelldichein-der-branche-an-der-zweiten-zukunftsarena-von-t-systems\\\/#primaryimage\",\"url\":\"https:\\\/\\\/www.organisator.ch\\\/wp-content\\\/uploads\\\/2024\\\/09\\\/T-Systems_Bild1_ps.jpg\",\"contentUrl\":\"https:\\\/\\\/www.organisator.ch\\\/wp-content\\\/uploads\\\/2024\\\/09\\\/T-Systems_Bild1_ps.jpg\",\"width\":680,\"height\":453,\"caption\":\"Impressionen aus der Zukunftsarena 2023. (Bild: www.zukunftsarena.ch)\"},{\"@type\":\"BreadcrumbList\",\"@id\":\"https:\\\/\\\/www.organisator.ch\\\/management\\\/2024-09-25\\\/stelldichein-der-branche-an-der-zweiten-zukunftsarena-von-t-systems\\\/#breadcrumb\",\"itemListElement\":[{\"@type\":\"ListItem\",\"position\":1,\"name\":\"Home\",\"item\":\"https:\\\/\\\/www.organisator.ch\\\/\"},{\"@type\":\"ListItem\",\"position\":2,\"name\":\"Stelldichein der Branche an der zweiten Zukunftsarena von T-Systems\"}]},{\"@type\":\"WebSite\",\"@id\":\"https:\\\/\\\/www.organisator.ch\\\/#website\",\"url\":\"https:\\\/\\\/www.organisator.ch\\\/\",\"name\":\"Organisator\",\"description\":\"Kompetent. Praxisnah. Der ORGANISATOR bereitet in 10 Ausgaben pro Jahr die wesentlichen Themen f\u00fcr F\u00fchrungskr\u00e4fte von KMU auf.\",\"publisher\":{\"@id\":\"https:\\\/\\\/www.organisator.ch\\\/#organization\"},\"potentialAction\":[{\"@type\":\"SearchAction\",\"target\":{\"@type\":\"EntryPoint\",\"urlTemplate\":\"https:\\\/\\\/www.organisator.ch\\\/?s={search_term_string}\"},\"query-input\":{\"@type\":\"PropertyValueSpecification\",\"valueRequired\":true,\"valueName\":\"search_term_string\"}}],\"inLanguage\":\"fr-FR\"},{\"@type\":\"Organization\",\"@id\":\"https:\\\/\\\/www.organisator.ch\\\/#organization\",\"name\":\"Organisator\",\"url\":\"https:\\\/\\\/www.organisator.ch\\\/\",\"logo\":{\"@type\":\"ImageObject\",\"inLanguage\":\"fr-FR\",\"@id\":\"https:\\\/\\\/www.organisator.ch\\\/#\\\/schema\\\/logo\\\/image\\\/\",\"url\":\"https:\\\/\\\/www.organisator.ch\\\/wp-content\\\/uploads\\\/2022\\\/01\\\/Logo_Organisator_Website.png\",\"contentUrl\":\"https:\\\/\\\/www.organisator.ch\\\/wp-content\\\/uploads\\\/2022\\\/01\\\/Logo_Organisator_Website.png\",\"width\":800,\"height\":77,\"caption\":\"Organisator\"},\"image\":{\"@id\":\"https:\\\/\\\/www.organisator.ch\\\/#\\\/schema\\\/logo\\\/image\\\/\"},\"sameAs\":[\"https:\\\/\\\/www.facebook.com\\\/OrganisatorFachmagazin\",\"https:\\\/\\\/www.linkedin.com\\\/showcase\\\/organisator-das-magazin-fr-kmu\",\"https:\\\/\\\/www.xing.com\\\/news\\\/pages\\\/organisator-ch-695\",\"https:\\\/\\\/www.youtube.com\\\/channel\\\/UCGP2Sq0iWaZwT3BdIAQFYpw\"]},{\"@type\":\"Person\",\"@id\":\"https:\\\/\\\/www.organisator.ch\\\/#\\\/schema\\\/person\\\/2e1314a2172123f874db408d8911d3f3\",\"name\":\"Adelisa Kalajdzini\",\"image\":{\"@type\":\"ImageObject\",\"inLanguage\":\"fr-FR\",\"@id\":\"https:\\\/\\\/secure.gravatar.com\\\/avatar\\\/09a397c22ac58cad6f160ee8306348599df9df58a8ede73696226897b9fa4b24?s=96&d=mm&r=g\",\"url\":\"https:\\\/\\\/secure.gravatar.com\\\/avatar\\\/09a397c22ac58cad6f160ee8306348599df9df58a8ede73696226897b9fa4b24?s=96&d=mm&r=g\",\"contentUrl\":\"https:\\\/\\\/secure.gravatar.com\\\/avatar\\\/09a397c22ac58cad6f160ee8306348599df9df58a8ede73696226897b9fa4b24?s=96&d=mm&r=g\",\"caption\":\"Adelisa Kalajdzini\"},\"url\":\"https:\\\/\\\/www.organisator.ch\\\/fr\\\/author\\\/adelisa-kalajdzini\\\/\"}]}<\/script>\n<!-- \/ Yoast SEO plugin. -->","yoast_head_json":{"title":"Rendez-vous de la branche \u00e0 la deuxi\u00e8me Zukunftarena de T-Systems - Organisateur","description":"La deuxi\u00e8me \"Zukunftsarena\" de T-Systems s'est d\u00e9roul\u00e9e du 9 au 10 septembre au stade du Wankdorf \u00e0 Berne.","robots":{"index":"index","follow":"follow","max-snippet":"max-snippet:-1","max-image-preview":"max-image-preview:large","max-video-preview":"max-video-preview:-1"},"canonical":"https:\/\/www.organisator.ch\/fr\/gestion-2\/2024-09-25\/stelldichein-der-branche-an-der-zweiten-zukunftsarena-von-t-systems\/","og_locale":"fr_FR","og_type":"article","og_title":"Stelldichein der Branche an der zweiten Zukunftsarena von T-Systems","og_description":"Vom 9. bis 10. September fand im Berner Stadion Wankdorf die zweite Zukunftsarena von T-Systems statt.","og_url":"https:\/\/www.organisator.ch\/fr\/gestion-2\/2024-09-25\/stelldichein-der-branche-an-der-zweiten-zukunftsarena-von-t-systems\/","og_site_name":"Organisator","article_publisher":"https:\/\/www.facebook.com\/OrganisatorFachmagazin","article_published_time":"2024-09-25T05:46:13+00:00","og_image":[{"width":680,"height":453,"url":"https:\/\/www.organisator.ch\/wp-content\/uploads\/2024\/09\/T-Systems_Bild1_ps.jpg","type":"image\/jpeg"}],"author":"Adelisa Kalajdzini","twitter_card":"summary_large_image","twitter_title":"Stelldichein der Branche an der zweiten Zukunftsarena von T-Systems","twitter_description":"Vom 9. bis 10. September fand im #Berner #Stadion #Wankdorf die #zweite #Zukunftsarena von #T-Systems statt.","twitter_image":"https:\/\/www.organisator.ch\/wp-content\/uploads\/2024\/09\/T-Systems_Bild1_ps.jpg","schema":{"@context":"https:\/\/schema.org","@graph":[{"@type":"Article","@id":"https:\/\/www.organisator.ch\/management\/2024-09-25\/stelldichein-der-branche-an-der-zweiten-zukunftsarena-von-t-systems\/#article","isPartOf":{"@id":"https:\/\/www.organisator.ch\/management\/2024-09-25\/stelldichein-der-branche-an-der-zweiten-zukunftsarena-von-t-systems\/"},"author":{"name":"Adelisa Kalajdzini","@id":"https:\/\/www.organisator.ch\/#\/schema\/person\/2e1314a2172123f874db408d8911d3f3"},"headline":"Stelldichein der Branche an der zweiten Zukunftsarena von T-Systems","datePublished":"2024-09-25T05:46:13+00:00","mainEntityOfPage":{"@id":"https:\/\/www.organisator.ch\/management\/2024-09-25\/stelldichein-der-branche-an-der-zweiten-zukunftsarena-von-t-systems\/"},"wordCount":493,"publisher":{"@id":"https:\/\/www.organisator.ch\/#organization"},"image":{"@id":"https:\/\/www.organisator.ch\/management\/2024-09-25\/stelldichein-der-branche-an-der-zweiten-zukunftsarena-von-t-systems\/#primaryimage"},"thumbnailUrl":"https:\/\/www.organisator.ch\/wp-content\/uploads\/2024\/09\/T-Systems_Bild1_ps.jpg","keywords":["KI","Management","T-Systems","Treffen","Unternehmen"],"articleSection":["MANAGEMENT"],"inLanguage":"fr-FR"},{"@type":"WebPage","@id":"https:\/\/www.organisator.ch\/management\/2024-09-25\/stelldichein-der-branche-an-der-zweiten-zukunftsarena-von-t-systems\/","url":"https:\/\/www.organisator.ch\/management\/2024-09-25\/stelldichein-der-branche-an-der-zweiten-zukunftsarena-von-t-systems\/","name":"Rendez-vous de la branche \u00e0 la deuxi\u00e8me Zukunftarena de T-Systems - Organisateur","isPartOf":{"@id":"https:\/\/www.organisator.ch\/#website"},"primaryImageOfPage":{"@id":"https:\/\/www.organisator.ch\/management\/2024-09-25\/stelldichein-der-branche-an-der-zweiten-zukunftsarena-von-t-systems\/#primaryimage"},"image":{"@id":"https:\/\/www.organisator.ch\/management\/2024-09-25\/stelldichein-der-branche-an-der-zweiten-zukunftsarena-von-t-systems\/#primaryimage"},"thumbnailUrl":"https:\/\/www.organisator.ch\/wp-content\/uploads\/2024\/09\/T-Systems_Bild1_ps.jpg","datePublished":"2024-09-25T05:46:13+00:00","description":"La deuxi\u00e8me \"Zukunftsarena\" de T-Systems s'est d\u00e9roul\u00e9e du 9 au 10 septembre au stade du Wankdorf \u00e0 Berne.","breadcrumb":{"@id":"https:\/\/www.organisator.ch\/management\/2024-09-25\/stelldichein-der-branche-an-der-zweiten-zukunftsarena-von-t-systems\/#breadcrumb"},"inLanguage":"fr-FR","potentialAction":[{"@type":"ReadAction","target":["https:\/\/www.organisator.ch\/management\/2024-09-25\/stelldichein-der-branche-an-der-zweiten-zukunftsarena-von-t-systems\/"]}]},{"@type":"ImageObject","inLanguage":"fr-FR","@id":"https:\/\/www.organisator.ch\/management\/2024-09-25\/stelldichein-der-branche-an-der-zweiten-zukunftsarena-von-t-systems\/#primaryimage","url":"https:\/\/www.organisator.ch\/wp-content\/uploads\/2024\/09\/T-Systems_Bild1_ps.jpg","contentUrl":"https:\/\/www.organisator.ch\/wp-content\/uploads\/2024\/09\/T-Systems_Bild1_ps.jpg","width":680,"height":453,"caption":"Impressionen aus der Zukunftsarena 2023. (Bild: www.zukunftsarena.ch)"},{"@type":"BreadcrumbList","@id":"https:\/\/www.organisator.ch\/management\/2024-09-25\/stelldichein-der-branche-an-der-zweiten-zukunftsarena-von-t-systems\/#breadcrumb","itemListElement":[{"@type":"ListItem","position":1,"name":"Home","item":"https:\/\/www.organisator.ch\/"},{"@type":"ListItem","position":2,"name":"Stelldichein der Branche an der zweiten Zukunftsarena von T-Systems"}]},{"@type":"WebSite","@id":"https:\/\/www.organisator.ch\/#website","url":"https:\/\/www.organisator.ch\/","name":"Organisateur","description":"Comp\u00e9tence et comp\u00e9tence. Proches de la pratique. L'ORGANISATEUR pr\u00e9pare 10 num\u00e9ros par an sur les th\u00e8mes essentiels pour les dirigeants de PME.","publisher":{"@id":"https:\/\/www.organisator.ch\/#organization"},"potentialAction":[{"@type":"SearchAction","target":{"@type":"EntryPoint","urlTemplate":"https:\/\/www.organisator.ch\/?s={search_term_string}"},"query-input":{"@type":"PropertyValueSpecification","valueRequired":true,"valueName":"search_term_string"}}],"inLanguage":"fr-FR"},{"@type":"Organization","@id":"https:\/\/www.organisator.ch\/#organization","name":"Organisateur","url":"https:\/\/www.organisator.ch\/","logo":{"@type":"ImageObject","inLanguage":"fr-FR","@id":"https:\/\/www.organisator.ch\/#\/schema\/logo\/image\/","url":"https:\/\/www.organisator.ch\/wp-content\/uploads\/2022\/01\/Logo_Organisator_Website.png","contentUrl":"https:\/\/www.organisator.ch\/wp-content\/uploads\/2022\/01\/Logo_Organisator_Website.png","width":800,"height":77,"caption":"Organisator"},"image":{"@id":"https:\/\/www.organisator.ch\/#\/schema\/logo\/image\/"},"sameAs":["https:\/\/www.facebook.com\/OrganisatorFachmagazin","https:\/\/www.linkedin.com\/showcase\/organisator-das-magazin-fr-kmu","https:\/\/www.xing.com\/news\/pages\/organisator-ch-695","https:\/\/www.youtube.com\/channel\/UCGP2Sq0iWaZwT3BdIAQFYpw"]},{"@type":"Person","@id":"https:\/\/www.organisator.ch\/#\/schema\/person\/2e1314a2172123f874db408d8911d3f3","name":"Adelisa Kalajdzini","image":{"@type":"ImageObject","inLanguage":"fr-FR","@id":"https:\/\/secure.gravatar.com\/avatar\/09a397c22ac58cad6f160ee8306348599df9df58a8ede73696226897b9fa4b24?s=96&d=mm&r=g","url":"https:\/\/secure.gravatar.com\/avatar\/09a397c22ac58cad6f160ee8306348599df9df58a8ede73696226897b9fa4b24?s=96&d=mm&r=g","contentUrl":"https:\/\/secure.gravatar.com\/avatar\/09a397c22ac58cad6f160ee8306348599df9df58a8ede73696226897b9fa4b24?s=96&d=mm&r=g","caption":"Adelisa Kalajdzini"},"url":"https:\/\/www.organisator.ch\/fr\/author\/adelisa-kalajdzini\/"}]}},"_links":{"self":[{"href":"https:\/\/www.organisator.ch\/fr\/wp-json\/wp\/v2\/posts\/30046","targetHints":{"allow":["GET"]}}],"collection":[{"href":"https:\/\/www.organisator.ch\/fr\/wp-json\/wp\/v2\/posts"}],"about":[{"href":"https:\/\/www.organisator.ch\/fr\/wp-json\/wp\/v2\/types\/post"}],"author":[{"embeddable":true,"href":"https:\/\/www.organisator.ch\/fr\/wp-json\/wp\/v2\/users\/58"}],"replies":[{"embeddable":true,"href":"https:\/\/www.organisator.ch\/fr\/wp-json\/wp\/v2\/comments?post=30046"}],"version-history":[{"count":4,"href":"https:\/\/www.organisator.ch\/fr\/wp-json\/wp\/v2\/posts\/30046\/revisions"}],"predecessor-version":[{"id":30092,"href":"https:\/\/www.organisator.ch\/fr\/wp-json\/wp\/v2\/posts\/30046\/revisions\/30092"}],"wp:featuredmedia":[{"embeddable":true,"href":"https:\/\/www.organisator.ch\/fr\/wp-json\/wp\/v2\/media\/30048"}],"wp:attachment":[{"href":"https:\/\/www.organisator.ch\/fr\/wp-json\/wp\/v2\/media?parent=30046"}],"wp:term":[{"taxonomy":"category","embeddable":true,"href":"https:\/\/www.organisator.ch\/fr\/wp-json\/wp\/v2\/categories?post=30046"},{"taxonomy":"post_tag","embeddable":true,"href":"https:\/\/www.organisator.ch\/fr\/wp-json\/wp\/v2\/tags?post=30046"}],"curies":[{"name":"wp","href":"https:\/\/api.w.org\/{rel}","templated":true}]}}