{"id":30082,"date":"2024-09-26T07:51:38","date_gmt":"2024-09-26T05:51:38","guid":{"rendered":"https:\/\/www.organisator.ch\/?p=30082"},"modified":"2024-09-25T10:51:59","modified_gmt":"2024-09-25T08:51:59","slug":"feierlicher-abschluss-fuer-den-ingenieurnachwuchs","status":"publish","type":"post","link":"https:\/\/www.organisator.ch\/fr\/weiterbildung\/2024-09-26\/feierlicher-abschluss-fuer-den-ingenieurnachwuchs\/","title":{"rendered":"C\u00e9r\u00e9monie de cl\u00f4ture pour les jeunes ing\u00e9nieurs"},"content":{"rendered":"<figure id=\"attachment_30085\" aria-describedby=\"caption-attachment-30085\" style=\"width: 680px\" class=\"wp-caption alignnone\"><img loading=\"lazy\" decoding=\"async\" class=\"size-full wp-image-30085\" src=\"https:\/\/www.organisator.ch\/wp-content\/uploads\/2024\/09\/Berner-Fachhochschule_Bild1_ps.jpg\" alt=\"\" width=\"680\" height=\"453\" srcset=\"https:\/\/www.organisator.ch\/wp-content\/uploads\/2024\/09\/Berner-Fachhochschule_Bild1_ps.jpg 680w, https:\/\/www.organisator.ch\/wp-content\/uploads\/2024\/09\/Berner-Fachhochschule_Bild1_ps-18x12.jpg 18w, https:\/\/www.organisator.ch\/wp-content\/uploads\/2024\/09\/Berner-Fachhochschule_Bild1_ps-375x250.jpg 375w, https:\/\/www.organisator.ch\/wp-content\/uploads\/2024\/09\/Berner-Fachhochschule_Bild1_ps-525x350.jpg 525w\" sizes=\"auto, (max-width: 680px) 100vw, 680px\" \/><figcaption id=\"caption-attachment-30085\" class=\"wp-caption-text\">PhD Dominique B\u00fchler, pr\u00e9sidente du Grand Conseil du canton de Berne, lors de son discours d'ouverture \u00e0 la c\u00e9r\u00e9monie de remise des dipl\u00f4mes de la HESB Technique et informatique. (Image : www.bfh.ch)<\/figcaption><\/figure>\n<p>212 dipl\u00f4m\u00e9(e)s ont obtenu leur Bachelor of Science, 18 leur Master of Science. Dans leurs travaux de fin d'\u00e9tudes, ils se sont pench\u00e9s sur des questions exigeantes issues de l'industrie et de l'\u00e9conomie et ont d\u00e9velopp\u00e9 des solutions, des produits, des processus ou des syst\u00e8mes innovants et cr\u00e9atifs, transf\u00e9rant ainsi habilement dans la pratique les connaissances acquises pendant leurs \u00e9tudes. Cette ann\u00e9e, neuf travaux de fin d'\u00e9tudes exceptionnels ont \u00e9t\u00e9 sp\u00e9cialement r\u00e9compens\u00e9s et re\u00e7oivent ainsi une reconnaissance particuli\u00e8re pour la prestation fournie. Outre les deux prix Styner, le Siemens Excellence Award r\u00e9gional et le Ruag Innovation Award, le Creaholic \"Most Creative Thesis Award\" et le prix du meilleur travail dans le domaine de la m\u00e9catronique et de la technique des syst\u00e8mes (technique m\u00e9dicale | robotique) ont \u00e9t\u00e9 d\u00e9cern\u00e9s cette ann\u00e9e encore. En outre, les laur\u00e9ats du Prix d'Excellence, qui a d\u00e9j\u00e0 \u00e9t\u00e9 d\u00e9cern\u00e9 le 18 septembre \u00e0 Bienne, ont \u00e9t\u00e9 r\u00e9compens\u00e9s dans les trois cat\u00e9gories Innovation, Concept et R\u00e9alisation. En outre, avec l'aimable soutien d'Ypsomed AG, le meilleur dipl\u00f4me dans le domaine de l'informatique m\u00e9dicale a \u00e9t\u00e9 r\u00e9compens\u00e9. La r\u00e9compense du meilleur dipl\u00f4me dans le domaine de l'\u00e9lectrotechnique et des technologies de l'information a \u00e9t\u00e9 rendue possible gr\u00e2ce \u00e0 l'engagement de l'association Swiss Engineering UTS.<\/p>\n<h3><strong>Le prix Styner<\/strong><\/h3>\n<p>Cette ann\u00e9e encore, la Fondation Styner a r\u00e9compens\u00e9 deux remarquables travaux de master qui se distinguent par un contenu hautement innovant et qui remplissent le potentiel d'une application pratique \u00e9conomique.<\/p>\n<p>Le premier prix, dot\u00e9 de CHF 10'000, a \u00e9t\u00e9 remport\u00e9 par Lucien Porta pour son travail de master en partenariat avec l'entreprise e+a Elektromaschinen und Antriebe AG, intitul\u00e9 \"Analysis of Eddy Current Losses in End Winding Encapsulations of High Speed PMSM\" (analyse des pertes de courant d'Eddy dans les encapsulations d'extr\u00e9mit\u00e9 de vent des PMSM \u00e0 grande vitesse). La conception de moteurs \u00e9lectriques et de g\u00e9n\u00e9rateurs \u00e0 grande vitesse n\u00e9cessite une conception approfondie, soutenue par des outils de calcul num\u00e9rique modernes. Le dipl\u00f4m\u00e9 du Master of Science in Engineering (MSE) avait d\u00e9j\u00e0 effectu\u00e9 des recherches sur ce th\u00e8me pendant ses \u00e9tudes \u00e0 la HESB, au laboratoire d'entra\u00eenements \u00e9lectriques du professeur Andrea Vezzini. Ce travail de dipl\u00f4me lui a donc permis de d\u00e9montrer et d'\u00e9largir ses comp\u00e9tences en d\u00e9veloppant une interface de simulation int\u00e9gr\u00e9e dans le processus de l'entreprise, puis en analysant quelques probl\u00e9matiques sp\u00e9cifiques li\u00e9es \u00e0 l'\u00e9lectromagn\u00e9tisme. Parmi les r\u00e9sultats obtenus, on peut citer l'impl\u00e9mentation d'un nouvel outil d'analyse qui peut d\u00e9sormais \u00eatre utilis\u00e9 par l'entreprise, ainsi que plusieurs concepts concrets visant \u00e0 optimiser davantage l'efficacit\u00e9 \u00e9nerg\u00e9tique et la robustesse des futurs entra\u00eenements \u00e9lectriques \u00e0 haut rendement.<\/p>\n<p>Le deuxi\u00e8me prix, dot\u00e9 de CHF 5'000, a \u00e9t\u00e9 remport\u00e9 par Yan Scholl pour son travail sur le polissage \u00e9lectrolytique par plasma (PEP). La m\u00e9thode PEP est une technique de polissage innovante qui utilise des \u00e9lectrolytes respectueux de l'environnement pour obtenir de meilleurs r\u00e9sultats de polissage qu'avec les m\u00e9thodes traditionnelles. Dans sa th\u00e8se, Yan Scholl a \u00e9labor\u00e9 un concept de nouvelle machine pour le polissage plasma-\u00e9lectrolytique \u00e0 jet unique (PEP-Jet) et a \u00e9tudi\u00e9 les possibilit\u00e9s d'utilisation du proc\u00e9d\u00e9 PEP-Jet. Sa machine permet d'effectuer un polissage \u00e9lectrolytique au plasma pr\u00e9cis et efficace aux endroits souhait\u00e9s. Pour d\u00e9velopper une machine commercialisable, Yan Scholl a cr\u00e9\u00e9 la spin-off \"Swiss Plasma Polishing\" avec le soutien de la Gebert R\u00fcf Stiftung.<\/p>\n<h3><strong>Prix r\u00e9gional d'excellence Siemens <\/strong><\/h3>\n<p>Le Siemens Excellence Award r\u00e9compense des travaux de fin d'\u00e9tudes exceptionnels afin de motiver les jeunes ing\u00e9nieurs \u00e0 se pencher sur des questions scientifiques pertinentes pour la pratique. Cette ann\u00e9e, Tobias Zaugg, Jonas Br\u00fclhart et Nicola Janis Stettler ont \u00e9t\u00e9 r\u00e9compens\u00e9s par le prix r\u00e9gional Siemens Excellence Award dot\u00e9 de CHF 4'000 pour leur travail de dipl\u00f4me \"Rock Monitoring 2024 - LoRa Gateway\". Outre la performance scientifique, c'est surtout le degr\u00e9 d'innovation et la pertinence sociale ainsi que l'applicabilit\u00e9 pratique du travail qui ont \u00e9t\u00e9 \u00e9valu\u00e9s. Dans leur travail, les trois dipl\u00f4m\u00e9s du bachelor en \u00e9lectrotechnique et technologies de l'information se sont pench\u00e9s sur le d\u00e9veloppement d'un syst\u00e8me de surveillance des rochers permettant de d\u00e9tecter \u00e0 temps les glissements de terrain et les chutes de pierres en Suisse. Le syst\u00e8me se compose de n\u0153uds de capteurs, d'une passerelle LoRa aliment\u00e9e par l'\u00e9nergie solaire pour la transmission des donn\u00e9es et d'une application web pour la surveillance en temps r\u00e9el.<\/p>\n<p>Leur travail a permis de cr\u00e9er un syst\u00e8me flexible et polyvalent qui non seulement collecte et transmet de mani\u00e8re fiable des donn\u00e9es sur les dangers potentiels, mais offre \u00e9galement une interface web conviviale pour surveiller ces donn\u00e9es en temps r\u00e9el. Cette solution innovante constitue une base pr\u00e9cieuse pour les futures applications bas\u00e9es sur la technologie LoRa et soutient les mesures pr\u00e9ventives dans les zones \u00e0 risque.<\/p>\n<h3><strong>Prix de l'innovation Ruag <\/strong><\/h3>\n<p>La s\u00e9curit\u00e9 et l'autosuffisance sont des th\u00e8mes qui occuperont la Suisse dans les d\u00e9cennies \u00e0 venir. Le Ruag Innovation Award, dot\u00e9 de CHF 1'000, vise \u00e0 encourager les futurs dipl\u00f4m\u00e9s des hautes \u00e9coles \u00e0 se pencher sur ces questions et r\u00e9compense les innovations dans ces domaines. Patrice Begert et Lukas Roth, dipl\u00f4m\u00e9s du bachelor en \u00e9lectrotechnique et technologies de l'information, ont convaincu le jury avec leur travail de fin d'\u00e9tudes sur la surveillance continue des pistes d'atterrissage des a\u00e9roports. Ce travail aborde les limites des m\u00e9thodes traditionnelles, qui ne fournissent souvent que des mesures ponctuelles et chronophages.<\/p>\n<p>Dans le cadre de leur travail, ils ont d\u00e9velopp\u00e9 un r\u00e9seau de capteurs avanc\u00e9 qui collecte et transmet des donn\u00e9es en continu. Ce r\u00e9seau se compose de plusieurs capteurs et d'un mat\u00e9riel modulaire optimis\u00e9 pour une faible consommation d'\u00e9nergie et aliment\u00e9 par des panneaux solaires. Le syst\u00e8me est robuste et auto-aliment\u00e9, ce qui permet une transmission fiable des donn\u00e9es et une meilleure maintenance.<\/p>\n<p>Le prototype r\u00e9ussi du syst\u00e8me de capteurs permet maintenant de passer \u00e0 l'\u00e9tape suivante, \u00e0 savoir la mise en \u0153uvre pratique sur une piste d'atterrissage. Cela permettra non seulement de d\u00e9montrer l'efficacit\u00e9 du syst\u00e8me dans des conditions r\u00e9elles, mais aussi d'am\u00e9liorer consid\u00e9rablement les pratiques de surveillance gr\u00e2ce \u00e0 des \u00e9valuations plus pr\u00e9cises et une maintenance en temps voulu.<\/p>\n<h3><strong>Prix Creaholic de la meilleure th\u00e8se cr\u00e9ative <\/strong><\/h3>\n<p>L'innovation est la cl\u00e9 : le succ\u00e8s des industries ainsi que de la soci\u00e9t\u00e9 dans son ensemble d\u00e9pend souvent d'innovations extraordinaires. Bien que l'innovation ne soit pas un sujet d'\u00e9tude en soi, elle est centrale dans toutes les disciplines sous la forme d'une passion et d'une cr\u00e9ation curieuse et cr\u00e9ative. Creaholic, en tant qu'usine d'innovation de premier plan ayant ses racines \u00e0 la Haute \u00e9cole sp\u00e9cialis\u00e9e bernoise \u00e0 Bienne, est fi\u00e8re d'honorer le travail de dipl\u00f4me le plus cr\u00e9atif avec ce prix, afin d'inspirer les prochaines g\u00e9n\u00e9rations d'innovateurs et d'innovatrices \u00e0 se surpasser.<\/p>\n<p>Creaholic AG a d\u00e9cern\u00e9 le \"Most Creative Thesis Award\", dot\u00e9 de 500 CHF, au travail de bachelor le plus cr\u00e9atif de la fili\u00e8re m\u00e9catronique et technique des syst\u00e8mes (technique m\u00e9dicale | robotique). Bastien Neukomm a convaincu par la m\u00e9thodologie et l'innovation de son travail de bachelor \"Development of an Automatic Robot-Arm Path-Planner for Machine Tending\". Le travail porte sur l'automatisation de la commande de machines par un robot collaboratif (cobot) sur une plateforme mobile, qui est capable, gr\u00e2ce \u00e0 un algorithme de Path-Planning d\u00e9velopp\u00e9, d'adapter automatiquement sa trajectoire dans des environnements de travail dynamiques et d'\u00e9viter les collisions. Ce travail a \u00e9t\u00e9 r\u00e9alis\u00e9 en collaboration avec le partenaire industriel Bachmann Engineering AG et le d\u00e9partement Architecture, bois et g\u00e9nie civil de la HESB.<\/p>\n<h3><strong>Meilleur travail BSc Mechatronik und Systemtechnik (Technique m\u00e9dicale | Robotique) <\/strong><\/h3>\n<p>Le prix de la meilleure th\u00e8se en m\u00e9catronique et ing\u00e9nierie des syst\u00e8mes (technique m\u00e9dicale | robotique) a \u00e9t\u00e9 r\u00e9compens\u00e9 cette ann\u00e9e encore par une montre Hamilton. Le laur\u00e9at J\u00fcrg Weyermann a convaincu avec sa th\u00e8se \"D\u00e9veloppement d'un syst\u00e8me autonome d'\u00e9change de m\u00e2choires de pr\u00e9hension\". Il a d\u00e9velopp\u00e9 une interface m\u00e9canique permettant l'\u00e9change autonome de m\u00e2choires de pr\u00e9hension et augmentant ainsi la flexibilit\u00e9 dans les applications d'automatisation. La fonctionnalit\u00e9 du syst\u00e8me a \u00e9t\u00e9 test\u00e9e avec succ\u00e8s dans un d\u00e9monstrateur et montre un grand potentiel d'utilisation dans l'industrie. Il convient \u00e9galement de souligner la pertinence des r\u00e9sultats pour le partenaire industriel de ce travail, la start-up Auto-Mate de la HESB.<\/p>\n<h3><strong>Prix d'Excellence <\/strong><\/h3>\n<p>Le 18 septembre 2024, le Centre hospitalier de Bienne a d\u00e9cern\u00e9 pour la onzi\u00e8me fois le Prix d'Excellence \u00e0 six dipl\u00f4m\u00e9-e-s de la fili\u00e8re d'\u00e9tudes de bachelor en informatique m\u00e9dicale de la HESB. Les meilleurs travaux de fin d'\u00e9tudes dans les cat\u00e9gories Innovation, Concept et Mise en \u0153uvre ont \u00e9t\u00e9 r\u00e9compens\u00e9s par un prix dot\u00e9 de CHF 3'000 au total. Les th\u00e8ses de bachelor prim\u00e9es ont convaincu par leur grand rapport avec la pratique et leur grande pertinence pour le domaine de la sant\u00e9.<\/p>\n<p>Lors d'une c\u00e9r\u00e9monie de remise des prix \u00e0 la HESB \u00e0 Bienne, les laur\u00e9ats 2024 ont \u00e9t\u00e9 r\u00e9compens\u00e9s pour leurs excellentes prestations. Dominik Aeschbacher et Jessica Meisner ont \u00e9t\u00e9 r\u00e9compens\u00e9s dans la cat\u00e9gorie meilleure innovation. Le prix du meilleur concept a \u00e9t\u00e9 d\u00e9cern\u00e9 \u00e0 Aline Andres et Laura Fl\u00fcck ; Michael Nguyen et Pascal Leuthold ont \u00e9t\u00e9 r\u00e9compens\u00e9s pour la meilleure mise en \u0153uvre.<\/p>\n<p>Lors de la c\u00e9r\u00e9monie de remise des dipl\u00f4mes, les meilleurs dipl\u00f4mes de niveau bachelor et master ainsi que le meilleur dipl\u00f4me toutes fili\u00e8res confondues du d\u00e9partement ont \u00e9galement \u00e9t\u00e9 mis \u00e0 l'honneur. Ceux-ci sont \u00e9num\u00e9r\u00e9s ci-dessous. La HESB Technique et informatique f\u00e9licite les dipl\u00f4m\u00e9s pour leur performance exceptionnelle.<\/p>\n<h3><strong>Meilleurs dipl\u00f4mes en 2024 : Bachelor of Science <\/strong><\/h3>\n<p><strong>Technique automobile et v\u00e9hicules :<\/strong><\/p>\n<p>Bruno Fournier, Baar<\/p>\n<p><strong>\u00c9lectrotechnique et technologies de l'information :<\/strong><\/p>\n<p>Michael B\u00fchler, M\u00fcnsingen<\/p>\n<p><strong>Informatique :<\/strong><\/p>\n<p>Simon Reto Gfeller, Berne<\/p>\n<p><strong>Technique des machines :<\/strong><\/p>\n<p>Lukas von Atzigen, Berthoud<\/p>\n<p><strong>Informatique m\u00e9dicale :<\/strong><\/p>\n<p>Jorma C\u00e9dric Steiner, Hundwil<\/p>\n<p><strong>M\u00e9catronique et ing\u00e9nierie des syst\u00e8mes (technique m\u00e9dicale | robotique) :<\/strong><\/p>\n<p>Daniel Louis Beck, Moutier<\/p>\n<p><strong>Ing\u00e9nierie \u00e9conomique :<\/strong><\/p>\n<p>Tom Oehler, Unterseen<\/p>\n<p><strong>Meilleur dipl\u00f4me en 2024 : Master of Science in Engineering<\/strong><\/p>\n<p>Yannis Valentin Schmutz, Berne<\/p>\n<p><strong>Meilleur dipl\u00f4me global en 2024 au d\u00e9partement Technique et informatique<\/strong><\/p>\n<p>Yannis Valentin Schmutz et Michael B\u00fchler<\/p>\n<p>La HESB Technique et informatique f\u00e9licite tous les dipl\u00f4m\u00e9s et les gagnants des prix et remercie chaleureusement les sponsors des manifestations et des prix pour leur engagement tr\u00e8s appr\u00e9ci\u00e9 : Creaholic AG, Electrosuisse, Ruag AG, Siemens Suisse SA, Fondation Styner, Association Swiss Engineering UTS, Ypsomed AG, Ziemer Ophthalmic Systems AG, Z\u00fchlke Engineering AG.<\/p>\n<p><em>Source : <a href=\"http:\/\/www.bfh.ch\">www.bfh.ch<\/a> \u00a0\u00a0\u00a0\u00a0\u00a0<\/em>\u00a0\u00a0\u00a0\u00a0\u00a0\u00a0\u00a0\u00a0<\/p>","protected":false},"excerpt":{"rendered":"<p>230 \u00e9tudiant-e-s de la Haute \u00e9cole sp\u00e9cialis\u00e9e bernoise HESB Technique et informatique ont termin\u00e9 avec succ\u00e8s leur formation d'ing\u00e9nieur-e ou d'informaticien-ne en 2024. Le 20 septembre, les dipl\u00f4mes ont \u00e9t\u00e9 mis \u00e0 l'honneur et les performances exceptionnelles honor\u00e9es et r\u00e9compens\u00e9es dans le cadre de la remise des prix.<\/p>","protected":false},"author":58,"featured_media":30085,"comment_status":"closed","ping_status":"closed","sticky":false,"template":"","format":"standard","meta":{"_acf_changed":false,"_yoast_wpseo_focuskw":"Abschluss","_yoast_wpseo_metadesc":"230 Studierende der Berner Fachhochschule BFH Technik und Informatik haben 2024 ihre Ingenieurs- oder Informatikausbildung erfolgreich abgeschlossen.","articlekey":"","footnotes":""},"categories":[30],"tags":[4536,62,4537,4207],"class_list":["post-30082","post","type-post","status-publish","format-standard","has-post-thumbnail","hentry","category-weiterbildung","tag-abschluss","tag-aus-weiterbildung","tag-ingenieurnachwuchs","tag-studierende"],"acf":[],"yoast_head":"<!-- This site is optimized with the Yoast SEO plugin v27.5 - https:\/\/yoast.com\/product\/yoast-seo-wordpress\/ -->\n<title>Feierlicher Abschluss f\u00fcr den Ingenieurnachwuchs - Organisator<\/title>\n<meta name=\"description\" content=\"230 Studierende der Berner Fachhochschule BFH Technik und Informatik haben 2024 ihre Ingenieurs- oder Informatikausbildung erfolgreich abgeschlossen.\" \/>\n<meta name=\"robots\" content=\"index, follow, max-snippet:-1, max-image-preview:large, max-video-preview:-1\" \/>\n<link rel=\"canonical\" href=\"https:\/\/www.organisator.ch\/fr\/formation-continue-2\/2024-09-26\/feierlicher-abschluss-fuer-den-ingenieurnachwuchs\/\" \/>\n<meta property=\"og:locale\" content=\"fr_FR\" \/>\n<meta property=\"og:type\" content=\"article\" \/>\n<meta property=\"og:title\" content=\"Feierlicher Abschluss f\u00fcr den Ingenieurnachwuchs\" \/>\n<meta property=\"og:description\" content=\"230 Studierende der Berner Fachhochschule BFH Technik und Informatik haben 2024 ihre Ingenieurs- oder Informatikausbildung erfolgreich abgeschlossen.\" \/>\n<meta property=\"og:url\" content=\"https:\/\/www.organisator.ch\/fr\/formation-continue-2\/2024-09-26\/feierlicher-abschluss-fuer-den-ingenieurnachwuchs\/\" \/>\n<meta property=\"og:site_name\" content=\"Organisator\" \/>\n<meta property=\"article:publisher\" content=\"https:\/\/www.facebook.com\/OrganisatorFachmagazin\" \/>\n<meta property=\"article:published_time\" content=\"2024-09-26T05:51:38+00:00\" \/>\n<meta property=\"og:image\" content=\"https:\/\/www.organisator.ch\/wp-content\/uploads\/2024\/09\/Berner-Fachhochschule_Bild1_ps.jpg\" \/>\n\t<meta property=\"og:image:width\" content=\"680\" \/>\n\t<meta property=\"og:image:height\" content=\"453\" \/>\n\t<meta property=\"og:image:type\" content=\"image\/jpeg\" \/>\n<meta name=\"author\" content=\"Adelisa Kalajdzini\" \/>\n<meta name=\"twitter:card\" content=\"summary_large_image\" \/>\n<meta name=\"twitter:title\" content=\"Feierlicher Abschluss f\u00fcr den Ingenieurnachwuchs\" \/>\n<meta name=\"twitter:description\" content=\"230 #Studierende der Berner Fachhochschule #BFH #Technik und #Informatik haben 2024 ihre #Ingenieurs- oder #Informatikausbildung erfolgreich #abgeschlossen.\" \/>\n<meta name=\"twitter:image\" content=\"https:\/\/www.organisator.ch\/wp-content\/uploads\/2024\/09\/Berner-Fachhochschule_Bild1_ps.jpg\" \/>\n<script type=\"application\/ld+json\" class=\"yoast-schema-graph\">{\"@context\":\"https:\\\/\\\/schema.org\",\"@graph\":[{\"@type\":\"Article\",\"@id\":\"https:\\\/\\\/www.organisator.ch\\\/weiterbildung\\\/2024-09-26\\\/feierlicher-abschluss-fuer-den-ingenieurnachwuchs\\\/#article\",\"isPartOf\":{\"@id\":\"https:\\\/\\\/www.organisator.ch\\\/weiterbildung\\\/2024-09-26\\\/feierlicher-abschluss-fuer-den-ingenieurnachwuchs\\\/\"},\"author\":{\"name\":\"Adelisa Kalajdzini\",\"@id\":\"https:\\\/\\\/www.organisator.ch\\\/#\\\/schema\\\/person\\\/2e1314a2172123f874db408d8911d3f3\"},\"headline\":\"Feierlicher Abschluss f\u00fcr den Ingenieurnachwuchs\",\"datePublished\":\"2024-09-26T05:51:38+00:00\",\"mainEntityOfPage\":{\"@id\":\"https:\\\/\\\/www.organisator.ch\\\/weiterbildung\\\/2024-09-26\\\/feierlicher-abschluss-fuer-den-ingenieurnachwuchs\\\/\"},\"wordCount\":1474,\"publisher\":{\"@id\":\"https:\\\/\\\/www.organisator.ch\\\/#organization\"},\"image\":{\"@id\":\"https:\\\/\\\/www.organisator.ch\\\/weiterbildung\\\/2024-09-26\\\/feierlicher-abschluss-fuer-den-ingenieurnachwuchs\\\/#primaryimage\"},\"thumbnailUrl\":\"https:\\\/\\\/www.organisator.ch\\\/wp-content\\\/uploads\\\/2024\\\/09\\\/Berner-Fachhochschule_Bild1_ps.jpg\",\"keywords\":[\"Abschluss\",\"Aus-\\\/Weiterbildung\",\"Ingenieurnachwuchs\",\"Studierende\"],\"articleSection\":[\"WEITERBILDUNG\"],\"inLanguage\":\"fr-FR\"},{\"@type\":\"WebPage\",\"@id\":\"https:\\\/\\\/www.organisator.ch\\\/weiterbildung\\\/2024-09-26\\\/feierlicher-abschluss-fuer-den-ingenieurnachwuchs\\\/\",\"url\":\"https:\\\/\\\/www.organisator.ch\\\/weiterbildung\\\/2024-09-26\\\/feierlicher-abschluss-fuer-den-ingenieurnachwuchs\\\/\",\"name\":\"Feierlicher Abschluss f\u00fcr den Ingenieurnachwuchs - Organisator\",\"isPartOf\":{\"@id\":\"https:\\\/\\\/www.organisator.ch\\\/#website\"},\"primaryImageOfPage\":{\"@id\":\"https:\\\/\\\/www.organisator.ch\\\/weiterbildung\\\/2024-09-26\\\/feierlicher-abschluss-fuer-den-ingenieurnachwuchs\\\/#primaryimage\"},\"image\":{\"@id\":\"https:\\\/\\\/www.organisator.ch\\\/weiterbildung\\\/2024-09-26\\\/feierlicher-abschluss-fuer-den-ingenieurnachwuchs\\\/#primaryimage\"},\"thumbnailUrl\":\"https:\\\/\\\/www.organisator.ch\\\/wp-content\\\/uploads\\\/2024\\\/09\\\/Berner-Fachhochschule_Bild1_ps.jpg\",\"datePublished\":\"2024-09-26T05:51:38+00:00\",\"description\":\"230 Studierende der Berner Fachhochschule BFH Technik und Informatik haben 2024 ihre Ingenieurs- oder Informatikausbildung erfolgreich abgeschlossen.\",\"breadcrumb\":{\"@id\":\"https:\\\/\\\/www.organisator.ch\\\/weiterbildung\\\/2024-09-26\\\/feierlicher-abschluss-fuer-den-ingenieurnachwuchs\\\/#breadcrumb\"},\"inLanguage\":\"fr-FR\",\"potentialAction\":[{\"@type\":\"ReadAction\",\"target\":[\"https:\\\/\\\/www.organisator.ch\\\/weiterbildung\\\/2024-09-26\\\/feierlicher-abschluss-fuer-den-ingenieurnachwuchs\\\/\"]}]},{\"@type\":\"ImageObject\",\"inLanguage\":\"fr-FR\",\"@id\":\"https:\\\/\\\/www.organisator.ch\\\/weiterbildung\\\/2024-09-26\\\/feierlicher-abschluss-fuer-den-ingenieurnachwuchs\\\/#primaryimage\",\"url\":\"https:\\\/\\\/www.organisator.ch\\\/wp-content\\\/uploads\\\/2024\\\/09\\\/Berner-Fachhochschule_Bild1_ps.jpg\",\"contentUrl\":\"https:\\\/\\\/www.organisator.ch\\\/wp-content\\\/uploads\\\/2024\\\/09\\\/Berner-Fachhochschule_Bild1_ps.jpg\",\"width\":680,\"height\":453,\"caption\":\"PhD Dominique B\u00fchler, Grossratspr\u00e4sidentin des Kantons Bern, w\u00e4hrend ihrem Keynote an der Diplomfeier der BFH Technik und Informatik. (Bild: www.bfh.ch)\"},{\"@type\":\"BreadcrumbList\",\"@id\":\"https:\\\/\\\/www.organisator.ch\\\/weiterbildung\\\/2024-09-26\\\/feierlicher-abschluss-fuer-den-ingenieurnachwuchs\\\/#breadcrumb\",\"itemListElement\":[{\"@type\":\"ListItem\",\"position\":1,\"name\":\"Home\",\"item\":\"https:\\\/\\\/www.organisator.ch\\\/\"},{\"@type\":\"ListItem\",\"position\":2,\"name\":\"Feierlicher Abschluss f\u00fcr den Ingenieurnachwuchs\"}]},{\"@type\":\"WebSite\",\"@id\":\"https:\\\/\\\/www.organisator.ch\\\/#website\",\"url\":\"https:\\\/\\\/www.organisator.ch\\\/\",\"name\":\"Organisator\",\"description\":\"Kompetent. Praxisnah. Der ORGANISATOR bereitet in 10 Ausgaben pro Jahr die wesentlichen Themen f\u00fcr F\u00fchrungskr\u00e4fte von KMU auf.\",\"publisher\":{\"@id\":\"https:\\\/\\\/www.organisator.ch\\\/#organization\"},\"potentialAction\":[{\"@type\":\"SearchAction\",\"target\":{\"@type\":\"EntryPoint\",\"urlTemplate\":\"https:\\\/\\\/www.organisator.ch\\\/?s={search_term_string}\"},\"query-input\":{\"@type\":\"PropertyValueSpecification\",\"valueRequired\":true,\"valueName\":\"search_term_string\"}}],\"inLanguage\":\"fr-FR\"},{\"@type\":\"Organization\",\"@id\":\"https:\\\/\\\/www.organisator.ch\\\/#organization\",\"name\":\"Organisator\",\"url\":\"https:\\\/\\\/www.organisator.ch\\\/\",\"logo\":{\"@type\":\"ImageObject\",\"inLanguage\":\"fr-FR\",\"@id\":\"https:\\\/\\\/www.organisator.ch\\\/#\\\/schema\\\/logo\\\/image\\\/\",\"url\":\"https:\\\/\\\/www.organisator.ch\\\/wp-content\\\/uploads\\\/2022\\\/01\\\/Logo_Organisator_Website.png\",\"contentUrl\":\"https:\\\/\\\/www.organisator.ch\\\/wp-content\\\/uploads\\\/2022\\\/01\\\/Logo_Organisator_Website.png\",\"width\":800,\"height\":77,\"caption\":\"Organisator\"},\"image\":{\"@id\":\"https:\\\/\\\/www.organisator.ch\\\/#\\\/schema\\\/logo\\\/image\\\/\"},\"sameAs\":[\"https:\\\/\\\/www.facebook.com\\\/OrganisatorFachmagazin\",\"https:\\\/\\\/www.linkedin.com\\\/showcase\\\/organisator-das-magazin-fr-kmu\",\"https:\\\/\\\/www.xing.com\\\/news\\\/pages\\\/organisator-ch-695\",\"https:\\\/\\\/www.youtube.com\\\/channel\\\/UCGP2Sq0iWaZwT3BdIAQFYpw\"]},{\"@type\":\"Person\",\"@id\":\"https:\\\/\\\/www.organisator.ch\\\/#\\\/schema\\\/person\\\/2e1314a2172123f874db408d8911d3f3\",\"name\":\"Adelisa Kalajdzini\",\"image\":{\"@type\":\"ImageObject\",\"inLanguage\":\"fr-FR\",\"@id\":\"https:\\\/\\\/secure.gravatar.com\\\/avatar\\\/09a397c22ac58cad6f160ee8306348599df9df58a8ede73696226897b9fa4b24?s=96&d=mm&r=g\",\"url\":\"https:\\\/\\\/secure.gravatar.com\\\/avatar\\\/09a397c22ac58cad6f160ee8306348599df9df58a8ede73696226897b9fa4b24?s=96&d=mm&r=g\",\"contentUrl\":\"https:\\\/\\\/secure.gravatar.com\\\/avatar\\\/09a397c22ac58cad6f160ee8306348599df9df58a8ede73696226897b9fa4b24?s=96&d=mm&r=g\",\"caption\":\"Adelisa Kalajdzini\"},\"url\":\"https:\\\/\\\/www.organisator.ch\\\/fr\\\/author\\\/adelisa-kalajdzini\\\/\"}]}<\/script>\n<!-- \/ Yoast SEO plugin. -->","yoast_head_json":{"title":"Cl\u00f4ture festive pour les jeunes ing\u00e9nieurs - Organisateur","description":"230 \u00e9tudiants de la Haute \u00e9cole sp\u00e9cialis\u00e9e bernoise HESB Technique et informatique ont termin\u00e9 avec succ\u00e8s leur formation d'ing\u00e9nieur ou d'informaticien en 2024.","robots":{"index":"index","follow":"follow","max-snippet":"max-snippet:-1","max-image-preview":"max-image-preview:large","max-video-preview":"max-video-preview:-1"},"canonical":"https:\/\/www.organisator.ch\/fr\/formation-continue-2\/2024-09-26\/feierlicher-abschluss-fuer-den-ingenieurnachwuchs\/","og_locale":"fr_FR","og_type":"article","og_title":"Feierlicher Abschluss f\u00fcr den Ingenieurnachwuchs","og_description":"230 Studierende der Berner Fachhochschule BFH Technik und Informatik haben 2024 ihre Ingenieurs- oder Informatikausbildung erfolgreich abgeschlossen.","og_url":"https:\/\/www.organisator.ch\/fr\/formation-continue-2\/2024-09-26\/feierlicher-abschluss-fuer-den-ingenieurnachwuchs\/","og_site_name":"Organisator","article_publisher":"https:\/\/www.facebook.com\/OrganisatorFachmagazin","article_published_time":"2024-09-26T05:51:38+00:00","og_image":[{"width":680,"height":453,"url":"https:\/\/www.organisator.ch\/wp-content\/uploads\/2024\/09\/Berner-Fachhochschule_Bild1_ps.jpg","type":"image\/jpeg"}],"author":"Adelisa Kalajdzini","twitter_card":"summary_large_image","twitter_title":"Feierlicher Abschluss f\u00fcr den Ingenieurnachwuchs","twitter_description":"230 #Studierende der Berner Fachhochschule #BFH #Technik und #Informatik haben 2024 ihre #Ingenieurs- oder #Informatikausbildung erfolgreich #abgeschlossen.","twitter_image":"https:\/\/www.organisator.ch\/wp-content\/uploads\/2024\/09\/Berner-Fachhochschule_Bild1_ps.jpg","schema":{"@context":"https:\/\/schema.org","@graph":[{"@type":"Article","@id":"https:\/\/www.organisator.ch\/weiterbildung\/2024-09-26\/feierlicher-abschluss-fuer-den-ingenieurnachwuchs\/#article","isPartOf":{"@id":"https:\/\/www.organisator.ch\/weiterbildung\/2024-09-26\/feierlicher-abschluss-fuer-den-ingenieurnachwuchs\/"},"author":{"name":"Adelisa Kalajdzini","@id":"https:\/\/www.organisator.ch\/#\/schema\/person\/2e1314a2172123f874db408d8911d3f3"},"headline":"Feierlicher Abschluss f\u00fcr den Ingenieurnachwuchs","datePublished":"2024-09-26T05:51:38+00:00","mainEntityOfPage":{"@id":"https:\/\/www.organisator.ch\/weiterbildung\/2024-09-26\/feierlicher-abschluss-fuer-den-ingenieurnachwuchs\/"},"wordCount":1474,"publisher":{"@id":"https:\/\/www.organisator.ch\/#organization"},"image":{"@id":"https:\/\/www.organisator.ch\/weiterbildung\/2024-09-26\/feierlicher-abschluss-fuer-den-ingenieurnachwuchs\/#primaryimage"},"thumbnailUrl":"https:\/\/www.organisator.ch\/wp-content\/uploads\/2024\/09\/Berner-Fachhochschule_Bild1_ps.jpg","keywords":["Abschluss","Aus-\/Weiterbildung","Ingenieurnachwuchs","Studierende"],"articleSection":["WEITERBILDUNG"],"inLanguage":"fr-FR"},{"@type":"WebPage","@id":"https:\/\/www.organisator.ch\/weiterbildung\/2024-09-26\/feierlicher-abschluss-fuer-den-ingenieurnachwuchs\/","url":"https:\/\/www.organisator.ch\/weiterbildung\/2024-09-26\/feierlicher-abschluss-fuer-den-ingenieurnachwuchs\/","name":"Cl\u00f4ture festive pour les jeunes ing\u00e9nieurs - Organisateur","isPartOf":{"@id":"https:\/\/www.organisator.ch\/#website"},"primaryImageOfPage":{"@id":"https:\/\/www.organisator.ch\/weiterbildung\/2024-09-26\/feierlicher-abschluss-fuer-den-ingenieurnachwuchs\/#primaryimage"},"image":{"@id":"https:\/\/www.organisator.ch\/weiterbildung\/2024-09-26\/feierlicher-abschluss-fuer-den-ingenieurnachwuchs\/#primaryimage"},"thumbnailUrl":"https:\/\/www.organisator.ch\/wp-content\/uploads\/2024\/09\/Berner-Fachhochschule_Bild1_ps.jpg","datePublished":"2024-09-26T05:51:38+00:00","description":"230 \u00e9tudiants de la Haute \u00e9cole sp\u00e9cialis\u00e9e bernoise HESB Technique et informatique ont termin\u00e9 avec succ\u00e8s leur formation d'ing\u00e9nieur ou d'informaticien en 2024.","breadcrumb":{"@id":"https:\/\/www.organisator.ch\/weiterbildung\/2024-09-26\/feierlicher-abschluss-fuer-den-ingenieurnachwuchs\/#breadcrumb"},"inLanguage":"fr-FR","potentialAction":[{"@type":"ReadAction","target":["https:\/\/www.organisator.ch\/weiterbildung\/2024-09-26\/feierlicher-abschluss-fuer-den-ingenieurnachwuchs\/"]}]},{"@type":"ImageObject","inLanguage":"fr-FR","@id":"https:\/\/www.organisator.ch\/weiterbildung\/2024-09-26\/feierlicher-abschluss-fuer-den-ingenieurnachwuchs\/#primaryimage","url":"https:\/\/www.organisator.ch\/wp-content\/uploads\/2024\/09\/Berner-Fachhochschule_Bild1_ps.jpg","contentUrl":"https:\/\/www.organisator.ch\/wp-content\/uploads\/2024\/09\/Berner-Fachhochschule_Bild1_ps.jpg","width":680,"height":453,"caption":"PhD Dominique B\u00fchler, Grossratspr\u00e4sidentin des Kantons Bern, w\u00e4hrend ihrem Keynote an der Diplomfeier der BFH Technik und Informatik. (Bild: www.bfh.ch)"},{"@type":"BreadcrumbList","@id":"https:\/\/www.organisator.ch\/weiterbildung\/2024-09-26\/feierlicher-abschluss-fuer-den-ingenieurnachwuchs\/#breadcrumb","itemListElement":[{"@type":"ListItem","position":1,"name":"Home","item":"https:\/\/www.organisator.ch\/"},{"@type":"ListItem","position":2,"name":"Feierlicher Abschluss f\u00fcr den Ingenieurnachwuchs"}]},{"@type":"WebSite","@id":"https:\/\/www.organisator.ch\/#website","url":"https:\/\/www.organisator.ch\/","name":"Organisateur","description":"Comp\u00e9tence et comp\u00e9tence. Proches de la pratique. L'ORGANISATEUR pr\u00e9pare 10 num\u00e9ros par an sur les th\u00e8mes essentiels pour les dirigeants de PME.","publisher":{"@id":"https:\/\/www.organisator.ch\/#organization"},"potentialAction":[{"@type":"SearchAction","target":{"@type":"EntryPoint","urlTemplate":"https:\/\/www.organisator.ch\/?s={search_term_string}"},"query-input":{"@type":"PropertyValueSpecification","valueRequired":true,"valueName":"search_term_string"}}],"inLanguage":"fr-FR"},{"@type":"Organization","@id":"https:\/\/www.organisator.ch\/#organization","name":"Organisateur","url":"https:\/\/www.organisator.ch\/","logo":{"@type":"ImageObject","inLanguage":"fr-FR","@id":"https:\/\/www.organisator.ch\/#\/schema\/logo\/image\/","url":"https:\/\/www.organisator.ch\/wp-content\/uploads\/2022\/01\/Logo_Organisator_Website.png","contentUrl":"https:\/\/www.organisator.ch\/wp-content\/uploads\/2022\/01\/Logo_Organisator_Website.png","width":800,"height":77,"caption":"Organisator"},"image":{"@id":"https:\/\/www.organisator.ch\/#\/schema\/logo\/image\/"},"sameAs":["https:\/\/www.facebook.com\/OrganisatorFachmagazin","https:\/\/www.linkedin.com\/showcase\/organisator-das-magazin-fr-kmu","https:\/\/www.xing.com\/news\/pages\/organisator-ch-695","https:\/\/www.youtube.com\/channel\/UCGP2Sq0iWaZwT3BdIAQFYpw"]},{"@type":"Person","@id":"https:\/\/www.organisator.ch\/#\/schema\/person\/2e1314a2172123f874db408d8911d3f3","name":"Adelisa Kalajdzini","image":{"@type":"ImageObject","inLanguage":"fr-FR","@id":"https:\/\/secure.gravatar.com\/avatar\/09a397c22ac58cad6f160ee8306348599df9df58a8ede73696226897b9fa4b24?s=96&d=mm&r=g","url":"https:\/\/secure.gravatar.com\/avatar\/09a397c22ac58cad6f160ee8306348599df9df58a8ede73696226897b9fa4b24?s=96&d=mm&r=g","contentUrl":"https:\/\/secure.gravatar.com\/avatar\/09a397c22ac58cad6f160ee8306348599df9df58a8ede73696226897b9fa4b24?s=96&d=mm&r=g","caption":"Adelisa Kalajdzini"},"url":"https:\/\/www.organisator.ch\/fr\/author\/adelisa-kalajdzini\/"}]}},"_links":{"self":[{"href":"https:\/\/www.organisator.ch\/fr\/wp-json\/wp\/v2\/posts\/30082","targetHints":{"allow":["GET"]}}],"collection":[{"href":"https:\/\/www.organisator.ch\/fr\/wp-json\/wp\/v2\/posts"}],"about":[{"href":"https:\/\/www.organisator.ch\/fr\/wp-json\/wp\/v2\/types\/post"}],"author":[{"embeddable":true,"href":"https:\/\/www.organisator.ch\/fr\/wp-json\/wp\/v2\/users\/58"}],"replies":[{"embeddable":true,"href":"https:\/\/www.organisator.ch\/fr\/wp-json\/wp\/v2\/comments?post=30082"}],"version-history":[{"count":5,"href":"https:\/\/www.organisator.ch\/fr\/wp-json\/wp\/v2\/posts\/30082\/revisions"}],"predecessor-version":[{"id":30166,"href":"https:\/\/www.organisator.ch\/fr\/wp-json\/wp\/v2\/posts\/30082\/revisions\/30166"}],"wp:featuredmedia":[{"embeddable":true,"href":"https:\/\/www.organisator.ch\/fr\/wp-json\/wp\/v2\/media\/30085"}],"wp:attachment":[{"href":"https:\/\/www.organisator.ch\/fr\/wp-json\/wp\/v2\/media?parent=30082"}],"wp:term":[{"taxonomy":"category","embeddable":true,"href":"https:\/\/www.organisator.ch\/fr\/wp-json\/wp\/v2\/categories?post=30082"},{"taxonomy":"post_tag","embeddable":true,"href":"https:\/\/www.organisator.ch\/fr\/wp-json\/wp\/v2\/tags?post=30082"}],"curies":[{"name":"wp","href":"https:\/\/api.w.org\/{rel}","templated":true}]}}