{"id":3013,"date":"2020-04-21T08:51:15","date_gmt":"2020-04-21T06:51:15","guid":{"rendered":"https:\/\/www.umweltperspektiven.ch\/?p=3013"},"modified":"2022-02-09T11:06:50","modified_gmt":"2022-02-09T10:06:50","slug":"klimastiftung-unterstuetzung-fuer-klimaschutz-waechst-weiter","status":"publish","type":"post","link":"https:\/\/www.organisator.ch\/fr\/sustainability\/2020-04-21\/klimastiftung-unterstuetzung-fuer-klimaschutz-waechst-weiter\/","title":{"rendered":"Fondation pour le climat : le soutien \u00e0 la protection du climat continue de cro\u00eetre"},"content":{"rendered":"<figure id=\"attachment_3014\" aria-describedby=\"caption-attachment-3014\" style=\"width: 680px\" class=\"wp-caption alignnone\"><img loading=\"lazy\" decoding=\"async\" class=\"size-medium wp-image-3014\" src=\"\/\/www.umweltperspektiven.ch\/wp-content\/uploads\/2020\/04\/Klimastiftung-Jahresbericht-UP_Umwelt-Perspektiven.jpg\" alt=\"\" width=\"680\" height=\"438\" \/><figcaption id=\"caption-attachment-3014\" class=\"wp-caption-text\">Il reste dix ans \u00e0 la Suisse pour r\u00e9duire de moiti\u00e9 ses \u00e9missions de gaz \u00e0 effet de serre par rapport \u00e0 1990. Photo : Lac d'Oeschinen au-dessus de Kandersteg. (Image : Reportair.ch \/ Niklaus Waechter)<\/figcaption><\/figure>\n<table width=\"100%\">\n<tbody>\n<tr>\n<td>\n<table width=\"100%\">\n<tbody>\n<tr>\n<td width=\"600\">\n<table width=\"100%\">\n<tbody>\n<tr>\n<td>En 2019, la Fondation Suisse pour le Climat a soutenu pr\u00e8s de 170 projets de protection climatique de PME en Suisse et au Liechtenstein, \u00e0 hauteur de pr\u00e8s de 4,3 millions de francs. C'est presque 18% de plus que l'ann\u00e9e pr\u00e9c\u00e9dente. La raison de cette somme de soutien croissante est notamment la nouvelle augmentation des demandes pour des projets d'innovation : \"Nous recevons chaque ann\u00e9e davantage de demandes de soutien de haute qualit\u00e9 pour des projets de protection climatique innovants\", explique Ursula Finsterwald, vice-pr\u00e9sidente de la Fondation Suisse pour le Climat. \"C'est un signal positif : car de telles innovations sont une cl\u00e9 importante pour atteindre les objectifs climatiques\".<\/p>\n<p><strong>Un signal positif pour la protection du climat<\/strong><\/p>\n<p>Il reste dix ans \u00e0 la Suisse pour r\u00e9duire de moiti\u00e9 ses \u00e9missions de gaz \u00e0 effet de serre par rapport \u00e0 1990. Un objectif ambitieux dont la r\u00e9alisation exige des approches innovantes. Des approches telles que celles d\u00e9velopp\u00e9es, entre autres, par les petites et moyennes entreprises. Les PME ne sont pas seulement le pilier de l'\u00e9conomie suisse et liechtensteinoise, elles sont aussi des moteurs actifs de la protection du climat. Pour ce faire, elles peuvent compter sur le soutien financier de la Fondation Suisse pour le Climat.<\/p>\n<p><strong>L'innovation se taille la part du lion<\/strong><\/p>\n<p>En 2019, le soutien \u00e0 des projets innovants de protection du climat s'est donc taill\u00e9 la part du lion : l'an dernier, la Fondation Suisse pour le Climat a investi plus de 3,1 millions de francs dans des projets d'innovation tels que le d\u00e9veloppement de fa\u00e7ades vitr\u00e9es intelligentes (<a href=\"\/\/maxcomm.us12.list-manage.com\/track\/click?u=74090039ecde65db808b5baa9&amp;id=e39f1367b9&amp;e=2fa6853443\">HyWin<\/a>), la fabrication de presses de recyclage d'un nouveau genre pour les bouteilles en PET (<a href=\"\/\/maxcomm.us12.list-manage.com\/track\/click?u=74090039ecde65db808b5baa9&amp;id=dcd2f401ce&amp;e=2fa6853443\">Revopack<\/a>) ou la transformation des d\u00e9blais de chantier en mat\u00e9riaux de construction modernes (<a href=\"\/\/maxcomm.us12.list-manage.com\/track\/click?u=74090039ecde65db808b5baa9&amp;id=271cf1182b&amp;e=2fa6853443\">Terrabloc<\/a>) ont \u00e9t\u00e9 investis. Le soutien aux projets dans le domaine de l'efficacit\u00e9 \u00e9nerg\u00e9tique a \u00e9galement augment\u00e9 :<\/p>\n<p>En 2019, la Fondation Suisse pour le Climat a distribu\u00e9 pour la premi\u00e8re fois plus d'un million de francs aux PME qui mettent en \u0153uvre des mesures d'\u00e9conomie d'\u00e9nergie dans leur entreprise - par exemple en rempla\u00e7ant leurs fen\u00eatres ou leur toit, en isolant mieux leurs b\u00e2timents ou en convertissant leur flotte commerciale \u00e0 l'\u00e9lectromobilit\u00e9. Dans le cadre du programme forestier, la fondation aide en outre \u00e0 rajeunir les for\u00eats vieillissantes. Quatri\u00e8me pilier, la Fondation Suisse pour le Climat soutient par une contribution financi\u00e8re les PME qui font appel \u00e0 un conseil en \u00e9nergie avec l'Agence act Cleantech Suisse ou l'Agence de l'\u00e9nergie pour l'\u00e9conomie AEnEC.<\/p>\n<p><strong>Ensemble vers un avenir fort et respectueux du climat<\/strong><\/p>\n<p>La Fondation Suisse pour le Climat poursuivra ses quatre programmes de soutien en 2020. Cela est possible gr\u00e2ce aux 27 entreprises partenaires de Suisse et du Liechtenstein qui ont b\u00e9n\u00e9fici\u00e9 de la taxe sur le CO<sub>2<\/sub>-sur les combustibles fossiles, ils r\u00e9cup\u00e8rent plus que ce qu'ils ont pay\u00e9. Par conviction, ils font don de cette ristourne nette \u00e0 la fondation commune. La nouvelle loi sur le CO<sub>2<\/sub>-La loi sur le climat pour la p\u00e9riode allant jusqu'\u00e0 2030 n'est pas encore sous toit, mais il est d\u00e9j\u00e0 clair que le fonctionnement de la Fondation Suisse pour le Climat est judicieux et sera poursuivi.<\/p>\n<p>Actuellement, la fondation s'efforce de renouveler les contrats de partenariat et de recruter de nouvelles entreprises partenaires afin de continuer \u00e0 \u0153uvrer ensemble pour l'\u00e9conomie et le climat.<\/p>\n<p><a href=\"\/\/www.klimastiftung.ch\">www.klimastiftung.ch<\/a><\/td>\n<\/tr>\n<\/tbody>\n<\/table>\n<\/td>\n<\/tr>\n<\/tbody>\n<\/table>\n<\/td>\n<\/tr>\n<\/tbody>\n<\/table>\n<p>&nbsp;<\/p>\n<table width=\"100%\">\n<tbody>\n<tr>\n<td>\n<table width=\"100%\">\n<tbody>\n<tr>\n<td><\/td>\n<\/tr>\n<\/tbody>\n<\/table>\n<\/td>\n<\/tr>\n<\/tbody>\n<\/table>\n<p>&nbsp;<\/p>","protected":false},"excerpt":{"rendered":"<p>Die Klimastiftung Schweiz hat 2019 fast 170 Klimaschutz-Projekte von KMU in der Schweiz und in Liechtenstein unterst\u00fctzt, mit knapp 4.3 Millionen Franken. Das sind fast 18 Prozent mehr als im Vorjahr. Grund f\u00fcr die wachsende F\u00f6rdersumme ist unter anderem die erneute Zunahme an Antr\u00e4gen f\u00fcr Innovationsprojekte: \u00abUns erreichen jedes Jahr mehr qualitativ hochstehende F\u00f6rdergesuche f\u00fcr [&hellip;]<\/p>\n","protected":false},"author":5,"featured_media":9698,"comment_status":"closed","ping_status":"closed","sticky":false,"template":"","format":"standard","meta":{"_acf_changed":false,"_yoast_wpseo_focuskw":"Klimastiftung","_yoast_wpseo_metadesc":"Die Klimastiftung Schweiz hat 2019 ein weiteres Rekordjahr erlebt. Fast 170 Klimaschutz-Projekte hat die Stiftung im letzten Jahr unterst\u00fctzt.","articlekey":"","footnotes":""},"categories":[580],"tags":[1414,1460,300,1525,424],"class_list":["post-3013","post","type-post","status-publish","format-standard","has-post-thumbnail","hentry","category-sustainability","tag-innovationen","tag-jahresbericht","tag-klimaschutz","tag-klimastiftung","tag-schweiz"],"acf":[],"yoast_head":"<!-- This site is optimized with the Yoast SEO plugin v27.5 - https:\/\/yoast.com\/product\/yoast-seo-wordpress\/ -->\n<title>Klimastiftung: Unterst\u00fctzung f\u00fcr Klimaschutz w\u00e4chst weiter - Organisator<\/title>\n<meta name=\"description\" content=\"Die Klimastiftung Schweiz hat 2019 ein weiteres Rekordjahr erlebt. Fast 170 Klimaschutz-Projekte hat die Stiftung im letzten Jahr unterst\u00fctzt.\" \/>\n<meta name=\"robots\" content=\"index, follow, max-snippet:-1, max-image-preview:large, max-video-preview:-1\" \/>\n<link rel=\"canonical\" href=\"https:\/\/www.organisator.ch\/fr\/sustainability\/2020-04-21\/klimastiftung-unterstuetzung-fuer-klimaschutz-waechst-weiter\/\" \/>\n<meta property=\"og:locale\" content=\"fr_FR\" \/>\n<meta property=\"og:type\" content=\"article\" \/>\n<meta property=\"og:title\" content=\"Klimastiftung: Unterst\u00fctzung f\u00fcr Klimaschutz w\u00e4chst weiter - Organisator\" \/>\n<meta property=\"og:description\" content=\"Die Klimastiftung Schweiz hat 2019 ein weiteres Rekordjahr erlebt. Fast 170 Klimaschutz-Projekte hat die Stiftung im letzten Jahr unterst\u00fctzt.\" \/>\n<meta property=\"og:url\" content=\"https:\/\/www.organisator.ch\/fr\/sustainability\/2020-04-21\/klimastiftung-unterstuetzung-fuer-klimaschutz-waechst-weiter\/\" \/>\n<meta property=\"og:site_name\" content=\"Organisator\" \/>\n<meta property=\"article:publisher\" content=\"https:\/\/www.facebook.com\/OrganisatorFachmagazin\" \/>\n<meta property=\"article:published_time\" content=\"2020-04-21T06:51:15+00:00\" \/>\n<meta property=\"article:modified_time\" content=\"2022-02-09T10:06:50+00:00\" \/>\n<meta property=\"og:image\" content=\"https:\/\/www.organisator.ch\/wp-content\/uploads\/2020\/04\/Klimastiftung-Jahresbericht-UP_Umwelt-Perspektiven.jpg\" \/>\n\t<meta property=\"og:image:width\" content=\"1600\" \/>\n\t<meta property=\"og:image:height\" content=\"1030\" \/>\n\t<meta property=\"og:image:type\" content=\"image\/jpeg\" \/>\n<meta name=\"author\" content=\"michael.merz\" \/>\n<meta name=\"twitter:card\" content=\"summary_large_image\" \/>\n<script type=\"application\/ld+json\" class=\"yoast-schema-graph\">{\"@context\":\"https:\\\/\\\/schema.org\",\"@graph\":[{\"@type\":\"Article\",\"@id\":\"https:\\\/\\\/www.organisator.ch\\\/sustainability\\\/2020-04-21\\\/klimastiftung-unterstuetzung-fuer-klimaschutz-waechst-weiter\\\/#article\",\"isPartOf\":{\"@id\":\"https:\\\/\\\/www.organisator.ch\\\/sustainability\\\/2020-04-21\\\/klimastiftung-unterstuetzung-fuer-klimaschutz-waechst-weiter\\\/\"},\"author\":{\"name\":\"michael.merz\",\"@id\":\"https:\\\/\\\/www.organisator.ch\\\/#\\\/schema\\\/person\\\/134708ca9321c57b0362cceb7948ffbd\"},\"headline\":\"Klimastiftung: Unterst\u00fctzung f\u00fcr Klimaschutz w\u00e4chst weiter\",\"datePublished\":\"2020-04-21T06:51:15+00:00\",\"dateModified\":\"2022-02-09T10:06:50+00:00\",\"mainEntityOfPage\":{\"@id\":\"https:\\\/\\\/www.organisator.ch\\\/sustainability\\\/2020-04-21\\\/klimastiftung-unterstuetzung-fuer-klimaschutz-waechst-weiter\\\/\"},\"wordCount\":476,\"publisher\":{\"@id\":\"https:\\\/\\\/www.organisator.ch\\\/#organization\"},\"image\":{\"@id\":\"https:\\\/\\\/www.organisator.ch\\\/sustainability\\\/2020-04-21\\\/klimastiftung-unterstuetzung-fuer-klimaschutz-waechst-weiter\\\/#primaryimage\"},\"thumbnailUrl\":\"https:\\\/\\\/www.organisator.ch\\\/wp-content\\\/uploads\\\/2020\\\/04\\\/Klimastiftung-Jahresbericht-UP_Umwelt-Perspektiven.jpg\",\"keywords\":[\"Innovationen\",\"Jahresbericht\",\"Klimaschutz\",\"Klimastiftung\",\"Schweiz\"],\"articleSection\":[\"SUSTAINABILITY\"],\"inLanguage\":\"fr-FR\"},{\"@type\":\"WebPage\",\"@id\":\"https:\\\/\\\/www.organisator.ch\\\/sustainability\\\/2020-04-21\\\/klimastiftung-unterstuetzung-fuer-klimaschutz-waechst-weiter\\\/\",\"url\":\"https:\\\/\\\/www.organisator.ch\\\/sustainability\\\/2020-04-21\\\/klimastiftung-unterstuetzung-fuer-klimaschutz-waechst-weiter\\\/\",\"name\":\"Klimastiftung: Unterst\u00fctzung f\u00fcr Klimaschutz w\u00e4chst weiter - Organisator\",\"isPartOf\":{\"@id\":\"https:\\\/\\\/www.organisator.ch\\\/#website\"},\"primaryImageOfPage\":{\"@id\":\"https:\\\/\\\/www.organisator.ch\\\/sustainability\\\/2020-04-21\\\/klimastiftung-unterstuetzung-fuer-klimaschutz-waechst-weiter\\\/#primaryimage\"},\"image\":{\"@id\":\"https:\\\/\\\/www.organisator.ch\\\/sustainability\\\/2020-04-21\\\/klimastiftung-unterstuetzung-fuer-klimaschutz-waechst-weiter\\\/#primaryimage\"},\"thumbnailUrl\":\"https:\\\/\\\/www.organisator.ch\\\/wp-content\\\/uploads\\\/2020\\\/04\\\/Klimastiftung-Jahresbericht-UP_Umwelt-Perspektiven.jpg\",\"datePublished\":\"2020-04-21T06:51:15+00:00\",\"dateModified\":\"2022-02-09T10:06:50+00:00\",\"description\":\"Die Klimastiftung Schweiz hat 2019 ein weiteres Rekordjahr erlebt. Fast 170 Klimaschutz-Projekte hat die Stiftung im letzten Jahr unterst\u00fctzt.\",\"breadcrumb\":{\"@id\":\"https:\\\/\\\/www.organisator.ch\\\/sustainability\\\/2020-04-21\\\/klimastiftung-unterstuetzung-fuer-klimaschutz-waechst-weiter\\\/#breadcrumb\"},\"inLanguage\":\"fr-FR\",\"potentialAction\":[{\"@type\":\"ReadAction\",\"target\":[\"https:\\\/\\\/www.organisator.ch\\\/sustainability\\\/2020-04-21\\\/klimastiftung-unterstuetzung-fuer-klimaschutz-waechst-weiter\\\/\"]}]},{\"@type\":\"ImageObject\",\"inLanguage\":\"fr-FR\",\"@id\":\"https:\\\/\\\/www.organisator.ch\\\/sustainability\\\/2020-04-21\\\/klimastiftung-unterstuetzung-fuer-klimaschutz-waechst-weiter\\\/#primaryimage\",\"url\":\"https:\\\/\\\/www.organisator.ch\\\/wp-content\\\/uploads\\\/2020\\\/04\\\/Klimastiftung-Jahresbericht-UP_Umwelt-Perspektiven.jpg\",\"contentUrl\":\"https:\\\/\\\/www.organisator.ch\\\/wp-content\\\/uploads\\\/2020\\\/04\\\/Klimastiftung-Jahresbericht-UP_Umwelt-Perspektiven.jpg\",\"width\":1600,\"height\":1030,\"caption\":\"Der Schweiz bleiben zehn Jahre, um ihren Treibhausgas-Ausstoss im Vergleich zu 1990 zu halbieren. Bild: Oeschinensee ob Kandersteg. (Bild: Reportair.ch \\\/ Niklaus Waechter)\"},{\"@type\":\"BreadcrumbList\",\"@id\":\"https:\\\/\\\/www.organisator.ch\\\/sustainability\\\/2020-04-21\\\/klimastiftung-unterstuetzung-fuer-klimaschutz-waechst-weiter\\\/#breadcrumb\",\"itemListElement\":[{\"@type\":\"ListItem\",\"position\":1,\"name\":\"Home\",\"item\":\"https:\\\/\\\/www.organisator.ch\\\/\"},{\"@type\":\"ListItem\",\"position\":2,\"name\":\"Klimastiftung: Unterst\u00fctzung f\u00fcr Klimaschutz w\u00e4chst weiter\"}]},{\"@type\":\"WebSite\",\"@id\":\"https:\\\/\\\/www.organisator.ch\\\/#website\",\"url\":\"https:\\\/\\\/www.organisator.ch\\\/\",\"name\":\"Organisator\",\"description\":\"Kompetent. Praxisnah. Der ORGANISATOR bereitet in 10 Ausgaben pro Jahr die wesentlichen Themen f\u00fcr F\u00fchrungskr\u00e4fte von KMU auf.\",\"publisher\":{\"@id\":\"https:\\\/\\\/www.organisator.ch\\\/#organization\"},\"potentialAction\":[{\"@type\":\"SearchAction\",\"target\":{\"@type\":\"EntryPoint\",\"urlTemplate\":\"https:\\\/\\\/www.organisator.ch\\\/?s={search_term_string}\"},\"query-input\":{\"@type\":\"PropertyValueSpecification\",\"valueRequired\":true,\"valueName\":\"search_term_string\"}}],\"inLanguage\":\"fr-FR\"},{\"@type\":\"Organization\",\"@id\":\"https:\\\/\\\/www.organisator.ch\\\/#organization\",\"name\":\"Organisator\",\"url\":\"https:\\\/\\\/www.organisator.ch\\\/\",\"logo\":{\"@type\":\"ImageObject\",\"inLanguage\":\"fr-FR\",\"@id\":\"https:\\\/\\\/www.organisator.ch\\\/#\\\/schema\\\/logo\\\/image\\\/\",\"url\":\"https:\\\/\\\/www.organisator.ch\\\/wp-content\\\/uploads\\\/2022\\\/01\\\/Logo_Organisator_Website.png\",\"contentUrl\":\"https:\\\/\\\/www.organisator.ch\\\/wp-content\\\/uploads\\\/2022\\\/01\\\/Logo_Organisator_Website.png\",\"width\":800,\"height\":77,\"caption\":\"Organisator\"},\"image\":{\"@id\":\"https:\\\/\\\/www.organisator.ch\\\/#\\\/schema\\\/logo\\\/image\\\/\"},\"sameAs\":[\"https:\\\/\\\/www.facebook.com\\\/OrganisatorFachmagazin\",\"https:\\\/\\\/www.linkedin.com\\\/showcase\\\/organisator-das-magazin-fr-kmu\",\"https:\\\/\\\/www.xing.com\\\/news\\\/pages\\\/organisator-ch-695\",\"https:\\\/\\\/www.youtube.com\\\/channel\\\/UCGP2Sq0iWaZwT3BdIAQFYpw\"]},{\"@type\":\"Person\",\"@id\":\"https:\\\/\\\/www.organisator.ch\\\/#\\\/schema\\\/person\\\/134708ca9321c57b0362cceb7948ffbd\",\"name\":\"michael.merz\",\"image\":{\"@type\":\"ImageObject\",\"inLanguage\":\"fr-FR\",\"@id\":\"https:\\\/\\\/secure.gravatar.com\\\/avatar\\\/?s=96&d=mm&r=g\",\"url\":\"https:\\\/\\\/secure.gravatar.com\\\/avatar\\\/?s=96&d=mm&r=g\",\"contentUrl\":\"https:\\\/\\\/secure.gravatar.com\\\/avatar\\\/?s=96&d=mm&r=g\",\"caption\":\"michael.merz\"},\"url\":\"https:\\\/\\\/www.organisator.ch\\\/fr\\\/author\\\/michael-merz\\\/\"}]}<\/script>\n<!-- \/ Yoast SEO plugin. -->","yoast_head_json":{"title":"Fondation pour le climat : le soutien \u00e0 la protection du climat continue de cro\u00eetre - Organisateur","description":"La Fondation Suisse pour le Climat a connu une nouvelle ann\u00e9e record en 2019. Pr\u00e8s de 170 projets de protection du climat ont \u00e9t\u00e9 soutenus par la fondation l'ann\u00e9e derni\u00e8re.","robots":{"index":"index","follow":"follow","max-snippet":"max-snippet:-1","max-image-preview":"max-image-preview:large","max-video-preview":"max-video-preview:-1"},"canonical":"https:\/\/www.organisator.ch\/fr\/sustainability\/2020-04-21\/klimastiftung-unterstuetzung-fuer-klimaschutz-waechst-weiter\/","og_locale":"fr_FR","og_type":"article","og_title":"Klimastiftung: Unterst\u00fctzung f\u00fcr Klimaschutz w\u00e4chst weiter - Organisator","og_description":"Die Klimastiftung Schweiz hat 2019 ein weiteres Rekordjahr erlebt. Fast 170 Klimaschutz-Projekte hat die Stiftung im letzten Jahr unterst\u00fctzt.","og_url":"https:\/\/www.organisator.ch\/fr\/sustainability\/2020-04-21\/klimastiftung-unterstuetzung-fuer-klimaschutz-waechst-weiter\/","og_site_name":"Organisator","article_publisher":"https:\/\/www.facebook.com\/OrganisatorFachmagazin","article_published_time":"2020-04-21T06:51:15+00:00","article_modified_time":"2022-02-09T10:06:50+00:00","og_image":[{"width":1600,"height":1030,"url":"https:\/\/www.organisator.ch\/wp-content\/uploads\/2020\/04\/Klimastiftung-Jahresbericht-UP_Umwelt-Perspektiven.jpg","type":"image\/jpeg"}],"author":"michael.merz","twitter_card":"summary_large_image","schema":{"@context":"https:\/\/schema.org","@graph":[{"@type":"Article","@id":"https:\/\/www.organisator.ch\/sustainability\/2020-04-21\/klimastiftung-unterstuetzung-fuer-klimaschutz-waechst-weiter\/#article","isPartOf":{"@id":"https:\/\/www.organisator.ch\/sustainability\/2020-04-21\/klimastiftung-unterstuetzung-fuer-klimaschutz-waechst-weiter\/"},"author":{"name":"michael.merz","@id":"https:\/\/www.organisator.ch\/#\/schema\/person\/134708ca9321c57b0362cceb7948ffbd"},"headline":"Klimastiftung: Unterst\u00fctzung f\u00fcr Klimaschutz w\u00e4chst weiter","datePublished":"2020-04-21T06:51:15+00:00","dateModified":"2022-02-09T10:06:50+00:00","mainEntityOfPage":{"@id":"https:\/\/www.organisator.ch\/sustainability\/2020-04-21\/klimastiftung-unterstuetzung-fuer-klimaschutz-waechst-weiter\/"},"wordCount":476,"publisher":{"@id":"https:\/\/www.organisator.ch\/#organization"},"image":{"@id":"https:\/\/www.organisator.ch\/sustainability\/2020-04-21\/klimastiftung-unterstuetzung-fuer-klimaschutz-waechst-weiter\/#primaryimage"},"thumbnailUrl":"https:\/\/www.organisator.ch\/wp-content\/uploads\/2020\/04\/Klimastiftung-Jahresbericht-UP_Umwelt-Perspektiven.jpg","keywords":["Innovationen","Jahresbericht","Klimaschutz","Klimastiftung","Schweiz"],"articleSection":["SUSTAINABILITY"],"inLanguage":"fr-FR"},{"@type":"WebPage","@id":"https:\/\/www.organisator.ch\/sustainability\/2020-04-21\/klimastiftung-unterstuetzung-fuer-klimaschutz-waechst-weiter\/","url":"https:\/\/www.organisator.ch\/sustainability\/2020-04-21\/klimastiftung-unterstuetzung-fuer-klimaschutz-waechst-weiter\/","name":"Fondation pour le climat : le soutien \u00e0 la protection du climat continue de cro\u00eetre - Organisateur","isPartOf":{"@id":"https:\/\/www.organisator.ch\/#website"},"primaryImageOfPage":{"@id":"https:\/\/www.organisator.ch\/sustainability\/2020-04-21\/klimastiftung-unterstuetzung-fuer-klimaschutz-waechst-weiter\/#primaryimage"},"image":{"@id":"https:\/\/www.organisator.ch\/sustainability\/2020-04-21\/klimastiftung-unterstuetzung-fuer-klimaschutz-waechst-weiter\/#primaryimage"},"thumbnailUrl":"https:\/\/www.organisator.ch\/wp-content\/uploads\/2020\/04\/Klimastiftung-Jahresbericht-UP_Umwelt-Perspektiven.jpg","datePublished":"2020-04-21T06:51:15+00:00","dateModified":"2022-02-09T10:06:50+00:00","description":"La Fondation Suisse pour le Climat a connu une nouvelle ann\u00e9e record en 2019. Pr\u00e8s de 170 projets de protection du climat ont \u00e9t\u00e9 soutenus par la fondation l'ann\u00e9e derni\u00e8re.","breadcrumb":{"@id":"https:\/\/www.organisator.ch\/sustainability\/2020-04-21\/klimastiftung-unterstuetzung-fuer-klimaschutz-waechst-weiter\/#breadcrumb"},"inLanguage":"fr-FR","potentialAction":[{"@type":"ReadAction","target":["https:\/\/www.organisator.ch\/sustainability\/2020-04-21\/klimastiftung-unterstuetzung-fuer-klimaschutz-waechst-weiter\/"]}]},{"@type":"ImageObject","inLanguage":"fr-FR","@id":"https:\/\/www.organisator.ch\/sustainability\/2020-04-21\/klimastiftung-unterstuetzung-fuer-klimaschutz-waechst-weiter\/#primaryimage","url":"https:\/\/www.organisator.ch\/wp-content\/uploads\/2020\/04\/Klimastiftung-Jahresbericht-UP_Umwelt-Perspektiven.jpg","contentUrl":"https:\/\/www.organisator.ch\/wp-content\/uploads\/2020\/04\/Klimastiftung-Jahresbericht-UP_Umwelt-Perspektiven.jpg","width":1600,"height":1030,"caption":"Der Schweiz bleiben zehn Jahre, um ihren Treibhausgas-Ausstoss im Vergleich zu 1990 zu halbieren. Bild: Oeschinensee ob Kandersteg. (Bild: Reportair.ch \/ Niklaus Waechter)"},{"@type":"BreadcrumbList","@id":"https:\/\/www.organisator.ch\/sustainability\/2020-04-21\/klimastiftung-unterstuetzung-fuer-klimaschutz-waechst-weiter\/#breadcrumb","itemListElement":[{"@type":"ListItem","position":1,"name":"Home","item":"https:\/\/www.organisator.ch\/"},{"@type":"ListItem","position":2,"name":"Klimastiftung: Unterst\u00fctzung f\u00fcr Klimaschutz w\u00e4chst weiter"}]},{"@type":"WebSite","@id":"https:\/\/www.organisator.ch\/#website","url":"https:\/\/www.organisator.ch\/","name":"Organisateur","description":"Comp\u00e9tence et comp\u00e9tence. Proches de la pratique. L'ORGANISATEUR pr\u00e9pare 10 num\u00e9ros par an sur les th\u00e8mes essentiels pour les dirigeants de PME.","publisher":{"@id":"https:\/\/www.organisator.ch\/#organization"},"potentialAction":[{"@type":"SearchAction","target":{"@type":"EntryPoint","urlTemplate":"https:\/\/www.organisator.ch\/?s={search_term_string}"},"query-input":{"@type":"PropertyValueSpecification","valueRequired":true,"valueName":"search_term_string"}}],"inLanguage":"fr-FR"},{"@type":"Organization","@id":"https:\/\/www.organisator.ch\/#organization","name":"Organisateur","url":"https:\/\/www.organisator.ch\/","logo":{"@type":"ImageObject","inLanguage":"fr-FR","@id":"https:\/\/www.organisator.ch\/#\/schema\/logo\/image\/","url":"https:\/\/www.organisator.ch\/wp-content\/uploads\/2022\/01\/Logo_Organisator_Website.png","contentUrl":"https:\/\/www.organisator.ch\/wp-content\/uploads\/2022\/01\/Logo_Organisator_Website.png","width":800,"height":77,"caption":"Organisator"},"image":{"@id":"https:\/\/www.organisator.ch\/#\/schema\/logo\/image\/"},"sameAs":["https:\/\/www.facebook.com\/OrganisatorFachmagazin","https:\/\/www.linkedin.com\/showcase\/organisator-das-magazin-fr-kmu","https:\/\/www.xing.com\/news\/pages\/organisator-ch-695","https:\/\/www.youtube.com\/channel\/UCGP2Sq0iWaZwT3BdIAQFYpw"]},{"@type":"Person","@id":"https:\/\/www.organisator.ch\/#\/schema\/person\/134708ca9321c57b0362cceb7948ffbd","name":"michael.merz","image":{"@type":"ImageObject","inLanguage":"fr-FR","@id":"https:\/\/secure.gravatar.com\/avatar\/?s=96&d=mm&r=g","url":"https:\/\/secure.gravatar.com\/avatar\/?s=96&d=mm&r=g","contentUrl":"https:\/\/secure.gravatar.com\/avatar\/?s=96&d=mm&r=g","caption":"michael.merz"},"url":"https:\/\/www.organisator.ch\/fr\/author\/michael-merz\/"}]}},"_links":{"self":[{"href":"https:\/\/www.organisator.ch\/fr\/wp-json\/wp\/v2\/posts\/3013","targetHints":{"allow":["GET"]}}],"collection":[{"href":"https:\/\/www.organisator.ch\/fr\/wp-json\/wp\/v2\/posts"}],"about":[{"href":"https:\/\/www.organisator.ch\/fr\/wp-json\/wp\/v2\/types\/post"}],"author":[{"embeddable":true,"href":"https:\/\/www.organisator.ch\/fr\/wp-json\/wp\/v2\/users\/5"}],"replies":[{"embeddable":true,"href":"https:\/\/www.organisator.ch\/fr\/wp-json\/wp\/v2\/comments?post=3013"}],"version-history":[{"count":1,"href":"https:\/\/www.organisator.ch\/fr\/wp-json\/wp\/v2\/posts\/3013\/revisions"}],"predecessor-version":[{"id":10679,"href":"https:\/\/www.organisator.ch\/fr\/wp-json\/wp\/v2\/posts\/3013\/revisions\/10679"}],"wp:featuredmedia":[{"embeddable":true,"href":"https:\/\/www.organisator.ch\/fr\/wp-json\/wp\/v2\/media\/9698"}],"wp:attachment":[{"href":"https:\/\/www.organisator.ch\/fr\/wp-json\/wp\/v2\/media?parent=3013"}],"wp:term":[{"taxonomy":"category","embeddable":true,"href":"https:\/\/www.organisator.ch\/fr\/wp-json\/wp\/v2\/categories?post=3013"},{"taxonomy":"post_tag","embeddable":true,"href":"https:\/\/www.organisator.ch\/fr\/wp-json\/wp\/v2\/tags?post=3013"}],"curies":[{"name":"wp","href":"https:\/\/api.w.org\/{rel}","templated":true}]}}