{"id":30135,"date":"2024-09-27T07:55:23","date_gmt":"2024-09-27T05:55:23","guid":{"rendered":"https:\/\/www.organisator.ch\/?p=30135"},"modified":"2024-09-26T11:35:48","modified_gmt":"2024-09-26T09:35:48","slug":"weiterbildungsbranche-steht-vor-neuen-herausforderungen","status":"publish","type":"post","link":"https:\/\/www.organisator.ch\/fr\/weiterbildung\/2024-09-27\/weiterbildungsbranche-steht-vor-neuen-herausforderungen\/","title":{"rendered":"Le secteur de la formation continue face \u00e0 de nouveaux d\u00e9fis"},"content":{"rendered":"<figure id=\"attachment_30136\" aria-describedby=\"caption-attachment-30136\" style=\"width: 680px\" class=\"wp-caption alignnone\"><img loading=\"lazy\" decoding=\"async\" class=\"size-full wp-image-30136\" src=\"https:\/\/www.organisator.ch\/wp-content\/uploads\/2024\/09\/SVEB_Bild1_ps.jpg\" alt=\"\" width=\"680\" height=\"454\" srcset=\"https:\/\/www.organisator.ch\/wp-content\/uploads\/2024\/09\/SVEB_Bild1_ps.jpg 680w, https:\/\/www.organisator.ch\/wp-content\/uploads\/2024\/09\/SVEB_Bild1_ps-18x12.jpg 18w, https:\/\/www.organisator.ch\/wp-content\/uploads\/2024\/09\/SVEB_Bild1_ps-375x250.jpg 375w, https:\/\/www.organisator.ch\/wp-content\/uploads\/2024\/09\/SVEB_Bild1_ps-524x350.jpg 524w\" sizes=\"auto, (max-width: 680px) 100vw, 680px\" \/><figcaption id=\"caption-attachment-30136\" class=\"wp-caption-text\">Apr\u00e8s l'effondrement de l'offre et de la demande suite \u00e0 la pand\u00e9mie de Corona, le secteur de la formation continue se trouve depuis 2022 dans une phase de reprise. (Image : www.depositphotos.com)<\/figcaption><\/figure>\n<p>Le moniteur de branche FSEA para\u00eet une fois par an et observe l'\u00e9volution de la branche de la formation continue, en particulier dans les domaines de la situation \u00e9conomique, de l'offre, de la demande et des effectifs. Les r\u00e9sultats s'appuient sur l'enqu\u00eate sur les prestataires 2024 de la FSEA, qui se base sur les donn\u00e9es de 423 organisations de formation continue.<\/p>\n<h3><strong>La demande augmente \u00e0 nouveau<\/strong><\/h3>\n<p>Apr\u00e8s la chute sensible de l'offre et de la demande suite \u00e0 la pand\u00e9mie Corona, le secteur de la formation continue se trouve depuis 2022 dans une phase de reprise. Dans les quatre dimensions, on constate une \u00e9volution l\u00e9g\u00e8rement positive de la branche en 2023 et les prestataires de formation continue interrog\u00e9s s'attendent \u00e9galement \u00e0 une \u00e9volution positive pour l'ann\u00e9e en cours. Un peu plus de la moiti\u00e9 d'entre eux s'attendent \u00e0 une augmentation de la demande ainsi que du volume de l'offre pour 2024. L'\u00e9valuation de la situation \u00e9conomique est positive, mais plus mod\u00e9r\u00e9e que l'ann\u00e9e pr\u00e9c\u00e9dente, ce qui pourrait \u00eatre un indice de la baisse des marges.<\/p>\n<p>La pouss\u00e9e de num\u00e9risation dans la pratique de la formation continue, qui a accompagn\u00e9 la pand\u00e9mie, s'est quelque peu ralentie pendant ce temps, et un mouvement de recul est m\u00eame parfois perceptible. Les d\u00e9veloppements de l'offre en rapport avec l'IA n'ont \u00e9t\u00e9 \u00e9voqu\u00e9s que de mani\u00e8re isol\u00e9e jusqu'\u00e0 pr\u00e9sent.<\/p>\n<h3><strong>L'individualisation comme d\u00e9fi<\/strong><\/h3>\n<p>Parmi les d\u00e9fis actuels, de nombreuses organisations de formation continue comptent \u00e9galement le d\u00e9veloppement de l'offre : outre le d\u00e9veloppement de nouvelles offres qui n\u00e9cessite beaucoup de ressources et l'am\u00e9lioration continue des offres existantes, les prestataires consid\u00e8rent l'individualisation et la flexibilisation comme un d\u00e9fi. Les exigences et les comp\u00e9tences dans le monde du travail \u00e9voluant tr\u00e8s rapidement, le secteur de la formation continue doit lui aussi \u00eatre en mesure de r\u00e9agir de mani\u00e8re flexible.<\/p>\n<p>Parall\u00e8lement, certains prestataires indiquent qu'ils trouvent le recrutement de personnel qualifi\u00e9 difficile. Ils estiment \u00e9galement qu'il est parfois difficile de fid\u00e9liser le personnel, car il existe de nombreuses alternatives pour le personnel qualifi\u00e9 en formation continue.<\/p>\n<p><em>Source : <a href=\"http:\/\/www.alice.ch\">www.alice.ch<\/a><\/em><\/p>","protected":false},"excerpt":{"rendered":"<p>Le secteur de la formation continue se trouve dans une phase de reprise apr\u00e8s l'effondrement cons\u00e9cutif \u00e0 la pand\u00e9mie Corona. Les r\u00e9sultats du moniteur de branche FSEA d\u00e9montrent que les prestataires connaissent depuis 2022 une \u00e9volution l\u00e9g\u00e8rement positive de la branche, qui se poursuit en 2024. C'est en particulier pour l'offre et la demande que les institutions de formation continue s'attendent aux \u00e9volutions positives les plus fortes. La pouss\u00e9e de num\u00e9risation dans la pratique de la formation continue, qui a accompagn\u00e9 la pand\u00e9mie, s'est entre-temps nettement ralentie.<\/p>","protected":false},"author":80,"featured_media":30136,"comment_status":"closed","ping_status":"closed","sticky":false,"template":"","format":"standard","meta":{"_acf_changed":false,"_yoast_wpseo_focuskw":"Weiterbildungsbranche","_yoast_wpseo_metadesc":"Die Weiterbildungsbranche befindet sich nach dem Einbruch infolge der Corona-Pandemie in einer Phase der Erholung.","articlekey":"","footnotes":""},"categories":[30],"tags":[3460,156,4545,4544,518],"class_list":["post-30135","post","type-post","status-publish","format-standard","has-post-thumbnail","hentry","category-weiterbildung","tag-branchenentwicklung","tag-digitalisierung","tag-erholung","tag-herausforderung","tag-weiterbildung"],"acf":[],"yoast_head":"<!-- This site is optimized with the Yoast SEO plugin v27.5 - https:\/\/yoast.com\/product\/yoast-seo-wordpress\/ -->\n<title>Weiterbildungsbranche steht vor neuen Herausforderungen - Organisator<\/title>\n<meta name=\"description\" content=\"Die Weiterbildungsbranche befindet sich nach dem Einbruch infolge der Corona-Pandemie in einer Phase der Erholung.\" \/>\n<meta name=\"robots\" content=\"index, follow, max-snippet:-1, max-image-preview:large, max-video-preview:-1\" \/>\n<link rel=\"canonical\" href=\"https:\/\/www.organisator.ch\/fr\/formation-continue-2\/2024-09-27\/weiterbildungsbranche-steht-vor-neuen-herausforderungen\/\" \/>\n<meta property=\"og:locale\" content=\"fr_FR\" \/>\n<meta property=\"og:type\" content=\"article\" \/>\n<meta property=\"og:title\" content=\"Weiterbildungsbranche steht vor neuen Herausforderungen\" \/>\n<meta property=\"og:description\" content=\"Die Weiterbildungsbranche befindet sich nach dem Einbruch infolge der Corona-Pandemie in einer Phase der Erholung.\" \/>\n<meta property=\"og:url\" content=\"https:\/\/www.organisator.ch\/fr\/formation-continue-2\/2024-09-27\/weiterbildungsbranche-steht-vor-neuen-herausforderungen\/\" \/>\n<meta property=\"og:site_name\" content=\"Organisator\" \/>\n<meta property=\"article:publisher\" content=\"https:\/\/www.facebook.com\/OrganisatorFachmagazin\" \/>\n<meta property=\"article:published_time\" content=\"2024-09-27T05:55:23+00:00\" \/>\n<meta property=\"og:image\" content=\"https:\/\/www.organisator.ch\/wp-content\/uploads\/2024\/09\/SVEB_Bild1_ps.jpg\" \/>\n\t<meta property=\"og:image:width\" content=\"680\" \/>\n\t<meta property=\"og:image:height\" content=\"454\" \/>\n\t<meta property=\"og:image:type\" content=\"image\/jpeg\" \/>\n<meta name=\"author\" content=\"Dzana Muminovic\" \/>\n<meta name=\"twitter:card\" content=\"summary_large_image\" \/>\n<meta name=\"twitter:title\" content=\"Weiterbildungsbranche steht vor neuen Herausforderungen\" \/>\n<meta name=\"twitter:description\" content=\"Die #Weiterbildungsbranche befindet sich nach dem Einbruch infolge der #Corona-Pandemie in einer Phase der #Erholung.\" \/>\n<meta name=\"twitter:image\" content=\"https:\/\/www.organisator.ch\/wp-content\/uploads\/2024\/09\/SVEB_Bild1_ps.jpg\" \/>\n<script type=\"application\/ld+json\" class=\"yoast-schema-graph\">{\"@context\":\"https:\\\/\\\/schema.org\",\"@graph\":[{\"@type\":\"Article\",\"@id\":\"https:\\\/\\\/www.organisator.ch\\\/weiterbildung\\\/2024-09-27\\\/weiterbildungsbranche-steht-vor-neuen-herausforderungen\\\/#article\",\"isPartOf\":{\"@id\":\"https:\\\/\\\/www.organisator.ch\\\/weiterbildung\\\/2024-09-27\\\/weiterbildungsbranche-steht-vor-neuen-herausforderungen\\\/\"},\"author\":{\"name\":\"Dzana Muminovic\",\"@id\":\"https:\\\/\\\/www.organisator.ch\\\/#\\\/schema\\\/person\\\/afccda3a71c06d4be2ed9100dd163db7\"},\"headline\":\"Weiterbildungsbranche steht vor neuen Herausforderungen\",\"datePublished\":\"2024-09-27T05:55:23+00:00\",\"mainEntityOfPage\":{\"@id\":\"https:\\\/\\\/www.organisator.ch\\\/weiterbildung\\\/2024-09-27\\\/weiterbildungsbranche-steht-vor-neuen-herausforderungen\\\/\"},\"wordCount\":292,\"publisher\":{\"@id\":\"https:\\\/\\\/www.organisator.ch\\\/#organization\"},\"image\":{\"@id\":\"https:\\\/\\\/www.organisator.ch\\\/weiterbildung\\\/2024-09-27\\\/weiterbildungsbranche-steht-vor-neuen-herausforderungen\\\/#primaryimage\"},\"thumbnailUrl\":\"https:\\\/\\\/www.organisator.ch\\\/wp-content\\\/uploads\\\/2024\\\/09\\\/SVEB_Bild1_ps.jpg\",\"keywords\":[\"Branchenentwicklung\",\"Digitalisierung\",\"Erholung\",\"Herausforderung\",\"Weiterbildung\"],\"articleSection\":[\"WEITERBILDUNG\"],\"inLanguage\":\"fr-FR\"},{\"@type\":\"WebPage\",\"@id\":\"https:\\\/\\\/www.organisator.ch\\\/weiterbildung\\\/2024-09-27\\\/weiterbildungsbranche-steht-vor-neuen-herausforderungen\\\/\",\"url\":\"https:\\\/\\\/www.organisator.ch\\\/weiterbildung\\\/2024-09-27\\\/weiterbildungsbranche-steht-vor-neuen-herausforderungen\\\/\",\"name\":\"Weiterbildungsbranche steht vor neuen Herausforderungen - Organisator\",\"isPartOf\":{\"@id\":\"https:\\\/\\\/www.organisator.ch\\\/#website\"},\"primaryImageOfPage\":{\"@id\":\"https:\\\/\\\/www.organisator.ch\\\/weiterbildung\\\/2024-09-27\\\/weiterbildungsbranche-steht-vor-neuen-herausforderungen\\\/#primaryimage\"},\"image\":{\"@id\":\"https:\\\/\\\/www.organisator.ch\\\/weiterbildung\\\/2024-09-27\\\/weiterbildungsbranche-steht-vor-neuen-herausforderungen\\\/#primaryimage\"},\"thumbnailUrl\":\"https:\\\/\\\/www.organisator.ch\\\/wp-content\\\/uploads\\\/2024\\\/09\\\/SVEB_Bild1_ps.jpg\",\"datePublished\":\"2024-09-27T05:55:23+00:00\",\"description\":\"Die Weiterbildungsbranche befindet sich nach dem Einbruch infolge der Corona-Pandemie in einer Phase der Erholung.\",\"breadcrumb\":{\"@id\":\"https:\\\/\\\/www.organisator.ch\\\/weiterbildung\\\/2024-09-27\\\/weiterbildungsbranche-steht-vor-neuen-herausforderungen\\\/#breadcrumb\"},\"inLanguage\":\"fr-FR\",\"potentialAction\":[{\"@type\":\"ReadAction\",\"target\":[\"https:\\\/\\\/www.organisator.ch\\\/weiterbildung\\\/2024-09-27\\\/weiterbildungsbranche-steht-vor-neuen-herausforderungen\\\/\"]}]},{\"@type\":\"ImageObject\",\"inLanguage\":\"fr-FR\",\"@id\":\"https:\\\/\\\/www.organisator.ch\\\/weiterbildung\\\/2024-09-27\\\/weiterbildungsbranche-steht-vor-neuen-herausforderungen\\\/#primaryimage\",\"url\":\"https:\\\/\\\/www.organisator.ch\\\/wp-content\\\/uploads\\\/2024\\\/09\\\/SVEB_Bild1_ps.jpg\",\"contentUrl\":\"https:\\\/\\\/www.organisator.ch\\\/wp-content\\\/uploads\\\/2024\\\/09\\\/SVEB_Bild1_ps.jpg\",\"width\":680,\"height\":454,\"caption\":\"Nach dem Einbruch von Angebot und Nachfrage infolge der Corona-Pandemie befindet sich die Weiterbildungsbranche seit 2022 in einer Phase der Erholung. (Bild: www.depositphotos.com)\"},{\"@type\":\"BreadcrumbList\",\"@id\":\"https:\\\/\\\/www.organisator.ch\\\/weiterbildung\\\/2024-09-27\\\/weiterbildungsbranche-steht-vor-neuen-herausforderungen\\\/#breadcrumb\",\"itemListElement\":[{\"@type\":\"ListItem\",\"position\":1,\"name\":\"Home\",\"item\":\"https:\\\/\\\/www.organisator.ch\\\/\"},{\"@type\":\"ListItem\",\"position\":2,\"name\":\"Weiterbildungsbranche steht vor neuen Herausforderungen\"}]},{\"@type\":\"WebSite\",\"@id\":\"https:\\\/\\\/www.organisator.ch\\\/#website\",\"url\":\"https:\\\/\\\/www.organisator.ch\\\/\",\"name\":\"Organisator\",\"description\":\"Kompetent. Praxisnah. Der ORGANISATOR bereitet in 10 Ausgaben pro Jahr die wesentlichen Themen f\u00fcr F\u00fchrungskr\u00e4fte von KMU auf.\",\"publisher\":{\"@id\":\"https:\\\/\\\/www.organisator.ch\\\/#organization\"},\"potentialAction\":[{\"@type\":\"SearchAction\",\"target\":{\"@type\":\"EntryPoint\",\"urlTemplate\":\"https:\\\/\\\/www.organisator.ch\\\/?s={search_term_string}\"},\"query-input\":{\"@type\":\"PropertyValueSpecification\",\"valueRequired\":true,\"valueName\":\"search_term_string\"}}],\"inLanguage\":\"fr-FR\"},{\"@type\":\"Organization\",\"@id\":\"https:\\\/\\\/www.organisator.ch\\\/#organization\",\"name\":\"Organisator\",\"url\":\"https:\\\/\\\/www.organisator.ch\\\/\",\"logo\":{\"@type\":\"ImageObject\",\"inLanguage\":\"fr-FR\",\"@id\":\"https:\\\/\\\/www.organisator.ch\\\/#\\\/schema\\\/logo\\\/image\\\/\",\"url\":\"https:\\\/\\\/www.organisator.ch\\\/wp-content\\\/uploads\\\/2022\\\/01\\\/Logo_Organisator_Website.png\",\"contentUrl\":\"https:\\\/\\\/www.organisator.ch\\\/wp-content\\\/uploads\\\/2022\\\/01\\\/Logo_Organisator_Website.png\",\"width\":800,\"height\":77,\"caption\":\"Organisator\"},\"image\":{\"@id\":\"https:\\\/\\\/www.organisator.ch\\\/#\\\/schema\\\/logo\\\/image\\\/\"},\"sameAs\":[\"https:\\\/\\\/www.facebook.com\\\/OrganisatorFachmagazin\",\"https:\\\/\\\/www.linkedin.com\\\/showcase\\\/organisator-das-magazin-fr-kmu\",\"https:\\\/\\\/www.xing.com\\\/news\\\/pages\\\/organisator-ch-695\",\"https:\\\/\\\/www.youtube.com\\\/channel\\\/UCGP2Sq0iWaZwT3BdIAQFYpw\"]},{\"@type\":\"Person\",\"@id\":\"https:\\\/\\\/www.organisator.ch\\\/#\\\/schema\\\/person\\\/afccda3a71c06d4be2ed9100dd163db7\",\"name\":\"Dzana Muminovic\",\"image\":{\"@type\":\"ImageObject\",\"inLanguage\":\"fr-FR\",\"@id\":\"https:\\\/\\\/secure.gravatar.com\\\/avatar\\\/909c5c71aff4b38e88686f2ab2f1ba152571f394f41ed8bae431ea56ced93050?s=96&d=mm&r=g\",\"url\":\"https:\\\/\\\/secure.gravatar.com\\\/avatar\\\/909c5c71aff4b38e88686f2ab2f1ba152571f394f41ed8bae431ea56ced93050?s=96&d=mm&r=g\",\"contentUrl\":\"https:\\\/\\\/secure.gravatar.com\\\/avatar\\\/909c5c71aff4b38e88686f2ab2f1ba152571f394f41ed8bae431ea56ced93050?s=96&d=mm&r=g\",\"caption\":\"Dzana Muminovic\"},\"url\":\"https:\\\/\\\/www.organisator.ch\\\/fr\\\/author\\\/dzana-muminovic\\\/\"}]}<\/script>\n<!-- \/ Yoast SEO plugin. -->","yoast_head_json":{"title":"Le secteur de la formation continue face \u00e0 de nouveaux d\u00e9fis - Organisateur","description":"Le secteur de la formation continue se trouve dans une phase de reprise apr\u00e8s la chute cons\u00e9cutive \u00e0 la pand\u00e9mie Corona.","robots":{"index":"index","follow":"follow","max-snippet":"max-snippet:-1","max-image-preview":"max-image-preview:large","max-video-preview":"max-video-preview:-1"},"canonical":"https:\/\/www.organisator.ch\/fr\/formation-continue-2\/2024-09-27\/weiterbildungsbranche-steht-vor-neuen-herausforderungen\/","og_locale":"fr_FR","og_type":"article","og_title":"Weiterbildungsbranche steht vor neuen Herausforderungen","og_description":"Die Weiterbildungsbranche befindet sich nach dem Einbruch infolge der Corona-Pandemie in einer Phase der Erholung.","og_url":"https:\/\/www.organisator.ch\/fr\/formation-continue-2\/2024-09-27\/weiterbildungsbranche-steht-vor-neuen-herausforderungen\/","og_site_name":"Organisator","article_publisher":"https:\/\/www.facebook.com\/OrganisatorFachmagazin","article_published_time":"2024-09-27T05:55:23+00:00","og_image":[{"width":680,"height":454,"url":"https:\/\/www.organisator.ch\/wp-content\/uploads\/2024\/09\/SVEB_Bild1_ps.jpg","type":"image\/jpeg"}],"author":"Dzana Muminovic","twitter_card":"summary_large_image","twitter_title":"Weiterbildungsbranche steht vor neuen Herausforderungen","twitter_description":"Die #Weiterbildungsbranche befindet sich nach dem Einbruch infolge der #Corona-Pandemie in einer Phase der #Erholung.","twitter_image":"https:\/\/www.organisator.ch\/wp-content\/uploads\/2024\/09\/SVEB_Bild1_ps.jpg","schema":{"@context":"https:\/\/schema.org","@graph":[{"@type":"Article","@id":"https:\/\/www.organisator.ch\/weiterbildung\/2024-09-27\/weiterbildungsbranche-steht-vor-neuen-herausforderungen\/#article","isPartOf":{"@id":"https:\/\/www.organisator.ch\/weiterbildung\/2024-09-27\/weiterbildungsbranche-steht-vor-neuen-herausforderungen\/"},"author":{"name":"Dzana Muminovic","@id":"https:\/\/www.organisator.ch\/#\/schema\/person\/afccda3a71c06d4be2ed9100dd163db7"},"headline":"Weiterbildungsbranche steht vor neuen Herausforderungen","datePublished":"2024-09-27T05:55:23+00:00","mainEntityOfPage":{"@id":"https:\/\/www.organisator.ch\/weiterbildung\/2024-09-27\/weiterbildungsbranche-steht-vor-neuen-herausforderungen\/"},"wordCount":292,"publisher":{"@id":"https:\/\/www.organisator.ch\/#organization"},"image":{"@id":"https:\/\/www.organisator.ch\/weiterbildung\/2024-09-27\/weiterbildungsbranche-steht-vor-neuen-herausforderungen\/#primaryimage"},"thumbnailUrl":"https:\/\/www.organisator.ch\/wp-content\/uploads\/2024\/09\/SVEB_Bild1_ps.jpg","keywords":["Branchenentwicklung","Digitalisierung","Erholung","Herausforderung","Weiterbildung"],"articleSection":["WEITERBILDUNG"],"inLanguage":"fr-FR"},{"@type":"WebPage","@id":"https:\/\/www.organisator.ch\/weiterbildung\/2024-09-27\/weiterbildungsbranche-steht-vor-neuen-herausforderungen\/","url":"https:\/\/www.organisator.ch\/weiterbildung\/2024-09-27\/weiterbildungsbranche-steht-vor-neuen-herausforderungen\/","name":"Le secteur de la formation continue face \u00e0 de nouveaux d\u00e9fis - Organisateur","isPartOf":{"@id":"https:\/\/www.organisator.ch\/#website"},"primaryImageOfPage":{"@id":"https:\/\/www.organisator.ch\/weiterbildung\/2024-09-27\/weiterbildungsbranche-steht-vor-neuen-herausforderungen\/#primaryimage"},"image":{"@id":"https:\/\/www.organisator.ch\/weiterbildung\/2024-09-27\/weiterbildungsbranche-steht-vor-neuen-herausforderungen\/#primaryimage"},"thumbnailUrl":"https:\/\/www.organisator.ch\/wp-content\/uploads\/2024\/09\/SVEB_Bild1_ps.jpg","datePublished":"2024-09-27T05:55:23+00:00","description":"Le secteur de la formation continue se trouve dans une phase de reprise apr\u00e8s la chute cons\u00e9cutive \u00e0 la pand\u00e9mie Corona.","breadcrumb":{"@id":"https:\/\/www.organisator.ch\/weiterbildung\/2024-09-27\/weiterbildungsbranche-steht-vor-neuen-herausforderungen\/#breadcrumb"},"inLanguage":"fr-FR","potentialAction":[{"@type":"ReadAction","target":["https:\/\/www.organisator.ch\/weiterbildung\/2024-09-27\/weiterbildungsbranche-steht-vor-neuen-herausforderungen\/"]}]},{"@type":"ImageObject","inLanguage":"fr-FR","@id":"https:\/\/www.organisator.ch\/weiterbildung\/2024-09-27\/weiterbildungsbranche-steht-vor-neuen-herausforderungen\/#primaryimage","url":"https:\/\/www.organisator.ch\/wp-content\/uploads\/2024\/09\/SVEB_Bild1_ps.jpg","contentUrl":"https:\/\/www.organisator.ch\/wp-content\/uploads\/2024\/09\/SVEB_Bild1_ps.jpg","width":680,"height":454,"caption":"Nach dem Einbruch von Angebot und Nachfrage infolge der Corona-Pandemie befindet sich die Weiterbildungsbranche seit 2022 in einer Phase der Erholung. (Bild: www.depositphotos.com)"},{"@type":"BreadcrumbList","@id":"https:\/\/www.organisator.ch\/weiterbildung\/2024-09-27\/weiterbildungsbranche-steht-vor-neuen-herausforderungen\/#breadcrumb","itemListElement":[{"@type":"ListItem","position":1,"name":"Home","item":"https:\/\/www.organisator.ch\/"},{"@type":"ListItem","position":2,"name":"Weiterbildungsbranche steht vor neuen Herausforderungen"}]},{"@type":"WebSite","@id":"https:\/\/www.organisator.ch\/#website","url":"https:\/\/www.organisator.ch\/","name":"Organisateur","description":"Comp\u00e9tence et comp\u00e9tence. Proches de la pratique. L'ORGANISATEUR pr\u00e9pare 10 num\u00e9ros par an sur les th\u00e8mes essentiels pour les dirigeants de PME.","publisher":{"@id":"https:\/\/www.organisator.ch\/#organization"},"potentialAction":[{"@type":"SearchAction","target":{"@type":"EntryPoint","urlTemplate":"https:\/\/www.organisator.ch\/?s={search_term_string}"},"query-input":{"@type":"PropertyValueSpecification","valueRequired":true,"valueName":"search_term_string"}}],"inLanguage":"fr-FR"},{"@type":"Organization","@id":"https:\/\/www.organisator.ch\/#organization","name":"Organisateur","url":"https:\/\/www.organisator.ch\/","logo":{"@type":"ImageObject","inLanguage":"fr-FR","@id":"https:\/\/www.organisator.ch\/#\/schema\/logo\/image\/","url":"https:\/\/www.organisator.ch\/wp-content\/uploads\/2022\/01\/Logo_Organisator_Website.png","contentUrl":"https:\/\/www.organisator.ch\/wp-content\/uploads\/2022\/01\/Logo_Organisator_Website.png","width":800,"height":77,"caption":"Organisator"},"image":{"@id":"https:\/\/www.organisator.ch\/#\/schema\/logo\/image\/"},"sameAs":["https:\/\/www.facebook.com\/OrganisatorFachmagazin","https:\/\/www.linkedin.com\/showcase\/organisator-das-magazin-fr-kmu","https:\/\/www.xing.com\/news\/pages\/organisator-ch-695","https:\/\/www.youtube.com\/channel\/UCGP2Sq0iWaZwT3BdIAQFYpw"]},{"@type":"Person","@id":"https:\/\/www.organisator.ch\/#\/schema\/person\/afccda3a71c06d4be2ed9100dd163db7","name":"Dzana Muminovic","image":{"@type":"ImageObject","inLanguage":"fr-FR","@id":"https:\/\/secure.gravatar.com\/avatar\/909c5c71aff4b38e88686f2ab2f1ba152571f394f41ed8bae431ea56ced93050?s=96&d=mm&r=g","url":"https:\/\/secure.gravatar.com\/avatar\/909c5c71aff4b38e88686f2ab2f1ba152571f394f41ed8bae431ea56ced93050?s=96&d=mm&r=g","contentUrl":"https:\/\/secure.gravatar.com\/avatar\/909c5c71aff4b38e88686f2ab2f1ba152571f394f41ed8bae431ea56ced93050?s=96&d=mm&r=g","caption":"Dzana Muminovic"},"url":"https:\/\/www.organisator.ch\/fr\/author\/dzana-muminovic\/"}]}},"_links":{"self":[{"href":"https:\/\/www.organisator.ch\/fr\/wp-json\/wp\/v2\/posts\/30135","targetHints":{"allow":["GET"]}}],"collection":[{"href":"https:\/\/www.organisator.ch\/fr\/wp-json\/wp\/v2\/posts"}],"about":[{"href":"https:\/\/www.organisator.ch\/fr\/wp-json\/wp\/v2\/types\/post"}],"author":[{"embeddable":true,"href":"https:\/\/www.organisator.ch\/fr\/wp-json\/wp\/v2\/users\/80"}],"replies":[{"embeddable":true,"href":"https:\/\/www.organisator.ch\/fr\/wp-json\/wp\/v2\/comments?post=30135"}],"version-history":[{"count":6,"href":"https:\/\/www.organisator.ch\/fr\/wp-json\/wp\/v2\/posts\/30135\/revisions"}],"predecessor-version":[{"id":30207,"href":"https:\/\/www.organisator.ch\/fr\/wp-json\/wp\/v2\/posts\/30135\/revisions\/30207"}],"wp:featuredmedia":[{"embeddable":true,"href":"https:\/\/www.organisator.ch\/fr\/wp-json\/wp\/v2\/media\/30136"}],"wp:attachment":[{"href":"https:\/\/www.organisator.ch\/fr\/wp-json\/wp\/v2\/media?parent=30135"}],"wp:term":[{"taxonomy":"category","embeddable":true,"href":"https:\/\/www.organisator.ch\/fr\/wp-json\/wp\/v2\/categories?post=30135"},{"taxonomy":"post_tag","embeddable":true,"href":"https:\/\/www.organisator.ch\/fr\/wp-json\/wp\/v2\/tags?post=30135"}],"curies":[{"name":"wp","href":"https:\/\/api.w.org\/{rel}","templated":true}]}}