{"id":30151,"date":"2024-09-26T14:23:59","date_gmt":"2024-09-26T12:23:59","guid":{"rendered":"https:\/\/www.markt-kom.com\/?p=223996"},"modified":"2024-11-08T07:35:29","modified_gmt":"2024-11-08T06:35:29","slug":"kreisvier-realisiert-nachhaltigkeitsbericht-fuer-thommen-group","status":"publish","type":"post","link":"https:\/\/www.organisator.ch\/fr\/marketing\/2024-09-26\/kreisvier-realisiert-nachhaltigkeitsbericht-fuer-thommen-group\/","title":{"rendered":"Kreisvier r\u00e9alise un rapport de durabilit\u00e9 pour le groupe Thommen"},"content":{"rendered":"<p><img class=\"aligncenter wp-image-223997 size-full\" src=\"https:\/\/www.markt-kom.com\/wp-content\/uploads\/2024\/09\/66e41dddcfaf48a04310d1d2_LSA_Thommen_NHB_Mockup_Cover-p-1600.jpg\" alt=\"Groupe Thommen\" width=\"1200\" height=\"900\" \/><\/p>\r\n<p>La strat\u00e9gie de durabilit\u00e9 du groupe Thommen comprend 13 objectifs dans des domaines tels que la protection du climat et de l'environnement, mais aussi la s\u00e9curit\u00e9 au travail, l'\u00e9galit\u00e9, la transparence dans les cha\u00eenes d'approvisionnement et les mesures de lutte contre la corruption. Le rapport annuel est donc tr\u00e8s complet. <a href=\"https:\/\/thommengroup.com\/sites\/thommengroup\/files\/Nachhaltigkeitsbericht_2023_ThommenGroup.pdf\" rel=\"noopener\">Rapport de durabilit\u00e9 en<\/a>La conception et la mise en \u0153uvre de ce projet ont \u00e9t\u00e9 confi\u00e9es \u00e0 Kreisvier.<\/p>\r\n<p>L'agence a ensuite \u00e9labor\u00e9 le concept visuel global, d\u00e9fini le choix des images et r\u00e9alis\u00e9 la mise en page avec des infographies, des diagrammes et des tableaux. Les nombreuses ic\u00f4nes et graphiques cr\u00e9\u00e9s sp\u00e9cialement pour l'occasion permettent d'all\u00e9ger les donn\u00e9es statistiques et de structurer la multitude d'informations de mani\u00e8re tangible et visuellement \u00e9lev\u00e9e.<\/p>\r\n<p>Kreisvier \u00e9tait responsable du rapport, du briefing \u00e0 la publication imprim\u00e9e et num\u00e9rique en trois langues.<\/p>\r\n<p><img class=\"aligncenter size-full wp-image-223998\" src=\"https:\/\/www.markt-kom.com\/wp-content\/uploads\/2024\/09\/66e41de51851f69f45fb6faf_LSA_Thommen_NHB_Mockup_DS-p-1600.jpg\" alt=\"\" width=\"1200\" height=\"900\" \/> <img class=\"aligncenter size-full wp-image-223999\" src=\"https:\/\/www.markt-kom.com\/wp-content\/uploads\/2024\/09\/66e171423b4ef37cf9e9ff77_LSA_Thommen_02-p-1600.jpg\" alt=\"\" width=\"1200\" height=\"675\" \/> <img class=\"aligncenter size-full wp-image-224000\" src=\"https:\/\/www.markt-kom.com\/wp-content\/uploads\/2024\/09\/66e17145799a9f649a323a40_LSA_Thommen_03-p-1600.jpg\" alt=\"\" width=\"1200\" height=\"675\" \/><\/p>\r\n<hr \/>\r\n<p><strong>Responsable chez Thommen Group :<\/strong> Daniela Hees (Marketing &amp; Communication). <strong>Responsable de Kreisvier :<\/strong> D\u00e9sir\u00e9e Fuchs, Melsa Dogan (conseil), Sven Kahler (cr\u00e9ation), Svenia Fielding (PAO), Sturm AG (traitement des images).<\/p>","protected":false},"excerpt":{"rendered":"<p>Pour une entreprise de recyclage, la durabilit\u00e9 n'est pas une promesse suppl\u00e9mentaire, mais fait partie de son activit\u00e9 principale. Avec son rapport de durabilit\u00e9 2023, Kreisvier a pr\u00e9sent\u00e9 de mani\u00e8re claire et concise l'engagement de l'entreprise suisse de recyclage Thommen Group.<\/p>","protected":false},"author":8,"featured_media":0,"comment_status":"closed","ping_status":"closed","sticky":false,"template":"","format":"standard","meta":{"_acf_changed":false,"_yoast_wpseo_focuskw":"Thommen Group","_yoast_wpseo_metadesc":"Thommen Group ver\u00f6ffentlicht umfassenden Nachhaltigkeitsbericht 2024 mit visueller Unterst\u00fctzung durch Kreisvier.","articlekey":"","footnotes":""},"categories":[29],"tags":[2826,3388,4343,1787],"class_list":["post-30151","post","type-post","status-publish","format-standard","hentry","category-marketing","tag-geschaeftsberichte","tag-kreisvier","tag-markom","tag-nachhaltigkeit"],"acf":[],"yoast_head":"<!-- This site is optimized with the Yoast SEO plugin v27.5 - https:\/\/yoast.com\/product\/yoast-seo-wordpress\/ -->\n<title>Kreisvier realisiert Nachhaltigkeitsbericht f\u00fcr Thommen Group - Organisator<\/title>\n<meta name=\"description\" content=\"Thommen Group ver\u00f6ffentlicht umfassenden Nachhaltigkeitsbericht 2024 mit visueller Unterst\u00fctzung durch Kreisvier.\" \/>\n<meta name=\"robots\" content=\"index, follow, max-snippet:-1, max-image-preview:large, max-video-preview:-1\" \/>\n<link rel=\"canonical\" href=\"https:\/\/www.organisator.ch\/fr\/marketing\/2024-09-26\/kreisvier-realisiert-nachhaltigkeitsbericht-fuer-thommen-group\/\" \/>\n<meta property=\"og:locale\" content=\"fr_FR\" \/>\n<meta property=\"og:type\" content=\"article\" \/>\n<meta property=\"og:title\" content=\"Kreisvier realisiert Nachhaltigkeitsbericht f\u00fcr Thommen Group - Organisator\" \/>\n<meta property=\"og:description\" content=\"Thommen Group ver\u00f6ffentlicht umfassenden Nachhaltigkeitsbericht 2024 mit visueller Unterst\u00fctzung durch Kreisvier.\" \/>\n<meta property=\"og:url\" content=\"https:\/\/www.organisator.ch\/fr\/marketing\/2024-09-26\/kreisvier-realisiert-nachhaltigkeitsbericht-fuer-thommen-group\/\" \/>\n<meta property=\"og:site_name\" content=\"Organisator\" \/>\n<meta property=\"article:publisher\" content=\"https:\/\/www.facebook.com\/OrganisatorFachmagazin\" \/>\n<meta property=\"article:published_time\" content=\"2024-09-26T12:23:59+00:00\" \/>\n<meta property=\"article:modified_time\" content=\"2024-11-08T06:35:29+00:00\" \/>\n<meta property=\"og:image\" content=\"https:\/\/www.markt-kom.com\/wp-content\/uploads\/2024\/09\/66e41dddcfaf48a04310d1d2_LSA_Thommen_NHB_Mockup_Cover-p-1600.jpg\" \/>\n<meta name=\"author\" content=\"galledia\" \/>\n<meta name=\"twitter:card\" content=\"summary_large_image\" \/>\n<meta name=\"twitter:creator\" content=\"@admin\" \/>\n<script type=\"application\/ld+json\" class=\"yoast-schema-graph\">{\"@context\":\"https:\\\/\\\/schema.org\",\"@graph\":[{\"@type\":\"Article\",\"@id\":\"https:\\\/\\\/www.organisator.ch\\\/marketing\\\/2024-09-26\\\/kreisvier-realisiert-nachhaltigkeitsbericht-fuer-thommen-group\\\/#article\",\"isPartOf\":{\"@id\":\"https:\\\/\\\/www.organisator.ch\\\/marketing\\\/2024-09-26\\\/kreisvier-realisiert-nachhaltigkeitsbericht-fuer-thommen-group\\\/\"},\"author\":{\"name\":\"galledia\",\"@id\":\"https:\\\/\\\/www.organisator.ch\\\/#\\\/schema\\\/person\\\/4e51799071cd2dd1232ac003643ef5f0\"},\"headline\":\"Kreisvier realisiert Nachhaltigkeitsbericht f\u00fcr Thommen Group\",\"datePublished\":\"2024-09-26T12:23:59+00:00\",\"dateModified\":\"2024-11-08T06:35:29+00:00\",\"mainEntityOfPage\":{\"@id\":\"https:\\\/\\\/www.organisator.ch\\\/marketing\\\/2024-09-26\\\/kreisvier-realisiert-nachhaltigkeitsbericht-fuer-thommen-group\\\/\"},\"wordCount\":138,\"publisher\":{\"@id\":\"https:\\\/\\\/www.organisator.ch\\\/#organization\"},\"image\":{\"@id\":\"https:\\\/\\\/www.organisator.ch\\\/marketing\\\/2024-09-26\\\/kreisvier-realisiert-nachhaltigkeitsbericht-fuer-thommen-group\\\/#primaryimage\"},\"thumbnailUrl\":\"https:\\\/\\\/www.markt-kom.com\\\/wp-content\\\/uploads\\\/2024\\\/09\\\/66e41dddcfaf48a04310d1d2_LSA_Thommen_NHB_Mockup_Cover-p-1600.jpg\",\"keywords\":[\"Gesch\u00e4ftsberichte\",\"Kreisvier\",\"MarKom\",\"Nachhaltigkeit\"],\"articleSection\":[\"MARKETING\"],\"inLanguage\":\"fr-FR\"},{\"@type\":\"WebPage\",\"@id\":\"https:\\\/\\\/www.organisator.ch\\\/marketing\\\/2024-09-26\\\/kreisvier-realisiert-nachhaltigkeitsbericht-fuer-thommen-group\\\/\",\"url\":\"https:\\\/\\\/www.organisator.ch\\\/marketing\\\/2024-09-26\\\/kreisvier-realisiert-nachhaltigkeitsbericht-fuer-thommen-group\\\/\",\"name\":\"Kreisvier realisiert Nachhaltigkeitsbericht f\u00fcr Thommen Group - Organisator\",\"isPartOf\":{\"@id\":\"https:\\\/\\\/www.organisator.ch\\\/#website\"},\"primaryImageOfPage\":{\"@id\":\"https:\\\/\\\/www.organisator.ch\\\/marketing\\\/2024-09-26\\\/kreisvier-realisiert-nachhaltigkeitsbericht-fuer-thommen-group\\\/#primaryimage\"},\"image\":{\"@id\":\"https:\\\/\\\/www.organisator.ch\\\/marketing\\\/2024-09-26\\\/kreisvier-realisiert-nachhaltigkeitsbericht-fuer-thommen-group\\\/#primaryimage\"},\"thumbnailUrl\":\"https:\\\/\\\/www.markt-kom.com\\\/wp-content\\\/uploads\\\/2024\\\/09\\\/66e41dddcfaf48a04310d1d2_LSA_Thommen_NHB_Mockup_Cover-p-1600.jpg\",\"datePublished\":\"2024-09-26T12:23:59+00:00\",\"dateModified\":\"2024-11-08T06:35:29+00:00\",\"description\":\"Thommen Group ver\u00f6ffentlicht umfassenden Nachhaltigkeitsbericht 2024 mit visueller Unterst\u00fctzung durch Kreisvier.\",\"breadcrumb\":{\"@id\":\"https:\\\/\\\/www.organisator.ch\\\/marketing\\\/2024-09-26\\\/kreisvier-realisiert-nachhaltigkeitsbericht-fuer-thommen-group\\\/#breadcrumb\"},\"inLanguage\":\"fr-FR\",\"potentialAction\":[{\"@type\":\"ReadAction\",\"target\":[\"https:\\\/\\\/www.organisator.ch\\\/marketing\\\/2024-09-26\\\/kreisvier-realisiert-nachhaltigkeitsbericht-fuer-thommen-group\\\/\"]}]},{\"@type\":\"ImageObject\",\"inLanguage\":\"fr-FR\",\"@id\":\"https:\\\/\\\/www.organisator.ch\\\/marketing\\\/2024-09-26\\\/kreisvier-realisiert-nachhaltigkeitsbericht-fuer-thommen-group\\\/#primaryimage\",\"url\":\"https:\\\/\\\/www.markt-kom.com\\\/wp-content\\\/uploads\\\/2024\\\/09\\\/66e41dddcfaf48a04310d1d2_LSA_Thommen_NHB_Mockup_Cover-p-1600.jpg\",\"contentUrl\":\"https:\\\/\\\/www.markt-kom.com\\\/wp-content\\\/uploads\\\/2024\\\/09\\\/66e41dddcfaf48a04310d1d2_LSA_Thommen_NHB_Mockup_Cover-p-1600.jpg\"},{\"@type\":\"BreadcrumbList\",\"@id\":\"https:\\\/\\\/www.organisator.ch\\\/marketing\\\/2024-09-26\\\/kreisvier-realisiert-nachhaltigkeitsbericht-fuer-thommen-group\\\/#breadcrumb\",\"itemListElement\":[{\"@type\":\"ListItem\",\"position\":1,\"name\":\"Home\",\"item\":\"https:\\\/\\\/www.organisator.ch\\\/\"},{\"@type\":\"ListItem\",\"position\":2,\"name\":\"Kreisvier realisiert Nachhaltigkeitsbericht f\u00fcr Thommen Group\"}]},{\"@type\":\"WebSite\",\"@id\":\"https:\\\/\\\/www.organisator.ch\\\/#website\",\"url\":\"https:\\\/\\\/www.organisator.ch\\\/\",\"name\":\"Organisator\",\"description\":\"Kompetent. Praxisnah. Der ORGANISATOR bereitet in 10 Ausgaben pro Jahr die wesentlichen Themen f\u00fcr F\u00fchrungskr\u00e4fte von KMU auf.\",\"publisher\":{\"@id\":\"https:\\\/\\\/www.organisator.ch\\\/#organization\"},\"potentialAction\":[{\"@type\":\"SearchAction\",\"target\":{\"@type\":\"EntryPoint\",\"urlTemplate\":\"https:\\\/\\\/www.organisator.ch\\\/?s={search_term_string}\"},\"query-input\":{\"@type\":\"PropertyValueSpecification\",\"valueRequired\":true,\"valueName\":\"search_term_string\"}}],\"inLanguage\":\"fr-FR\"},{\"@type\":\"Organization\",\"@id\":\"https:\\\/\\\/www.organisator.ch\\\/#organization\",\"name\":\"Organisator\",\"url\":\"https:\\\/\\\/www.organisator.ch\\\/\",\"logo\":{\"@type\":\"ImageObject\",\"inLanguage\":\"fr-FR\",\"@id\":\"https:\\\/\\\/www.organisator.ch\\\/#\\\/schema\\\/logo\\\/image\\\/\",\"url\":\"https:\\\/\\\/www.organisator.ch\\\/wp-content\\\/uploads\\\/2022\\\/01\\\/Logo_Organisator_Website.png\",\"contentUrl\":\"https:\\\/\\\/www.organisator.ch\\\/wp-content\\\/uploads\\\/2022\\\/01\\\/Logo_Organisator_Website.png\",\"width\":800,\"height\":77,\"caption\":\"Organisator\"},\"image\":{\"@id\":\"https:\\\/\\\/www.organisator.ch\\\/#\\\/schema\\\/logo\\\/image\\\/\"},\"sameAs\":[\"https:\\\/\\\/www.facebook.com\\\/OrganisatorFachmagazin\",\"https:\\\/\\\/www.linkedin.com\\\/showcase\\\/organisator-das-magazin-fr-kmu\",\"https:\\\/\\\/www.xing.com\\\/news\\\/pages\\\/organisator-ch-695\",\"https:\\\/\\\/www.youtube.com\\\/channel\\\/UCGP2Sq0iWaZwT3BdIAQFYpw\"]},{\"@type\":\"Person\",\"@id\":\"https:\\\/\\\/www.organisator.ch\\\/#\\\/schema\\\/person\\\/4e51799071cd2dd1232ac003643ef5f0\",\"name\":\"galledia\",\"image\":{\"@type\":\"ImageObject\",\"inLanguage\":\"fr-FR\",\"@id\":\"https:\\\/\\\/secure.gravatar.com\\\/avatar\\\/78a7f90c01fc2bfc875782a0d4922b37cde2cf184ce347b91316d23cd7f69a36?s=96&d=mm&r=g\",\"url\":\"https:\\\/\\\/secure.gravatar.com\\\/avatar\\\/78a7f90c01fc2bfc875782a0d4922b37cde2cf184ce347b91316d23cd7f69a36?s=96&d=mm&r=g\",\"contentUrl\":\"https:\\\/\\\/secure.gravatar.com\\\/avatar\\\/78a7f90c01fc2bfc875782a0d4922b37cde2cf184ce347b91316d23cd7f69a36?s=96&d=mm&r=g\",\"caption\":\"galledia\"},\"sameAs\":[\"https:\\\/\\\/x.com\\\/admin\"],\"url\":\"https:\\\/\\\/www.organisator.ch\\\/fr\\\/author\\\/galledia\\\/\"}]}<\/script>\n<!-- \/ Yoast SEO plugin. -->","yoast_head_json":{"title":"Kreisvier r\u00e9alise un rapport de durabilit\u00e9 pour Thommen Group - Organisateur","description":"Thommen Group publie un rapport complet sur le d\u00e9veloppement durable 2024 avec le soutien visuel de Kreisvier.","robots":{"index":"index","follow":"follow","max-snippet":"max-snippet:-1","max-image-preview":"max-image-preview:large","max-video-preview":"max-video-preview:-1"},"canonical":"https:\/\/www.organisator.ch\/fr\/marketing\/2024-09-26\/kreisvier-realisiert-nachhaltigkeitsbericht-fuer-thommen-group\/","og_locale":"fr_FR","og_type":"article","og_title":"Kreisvier realisiert Nachhaltigkeitsbericht f\u00fcr Thommen Group - Organisator","og_description":"Thommen Group ver\u00f6ffentlicht umfassenden Nachhaltigkeitsbericht 2024 mit visueller Unterst\u00fctzung durch Kreisvier.","og_url":"https:\/\/www.organisator.ch\/fr\/marketing\/2024-09-26\/kreisvier-realisiert-nachhaltigkeitsbericht-fuer-thommen-group\/","og_site_name":"Organisator","article_publisher":"https:\/\/www.facebook.com\/OrganisatorFachmagazin","article_published_time":"2024-09-26T12:23:59+00:00","article_modified_time":"2024-11-08T06:35:29+00:00","og_image":[{"url":"https:\/\/www.markt-kom.com\/wp-content\/uploads\/2024\/09\/66e41dddcfaf48a04310d1d2_LSA_Thommen_NHB_Mockup_Cover-p-1600.jpg","type":"","width":"","height":""}],"author":"galledia","twitter_card":"summary_large_image","twitter_creator":"@admin","schema":{"@context":"https:\/\/schema.org","@graph":[{"@type":"Article","@id":"https:\/\/www.organisator.ch\/marketing\/2024-09-26\/kreisvier-realisiert-nachhaltigkeitsbericht-fuer-thommen-group\/#article","isPartOf":{"@id":"https:\/\/www.organisator.ch\/marketing\/2024-09-26\/kreisvier-realisiert-nachhaltigkeitsbericht-fuer-thommen-group\/"},"author":{"name":"galledia","@id":"https:\/\/www.organisator.ch\/#\/schema\/person\/4e51799071cd2dd1232ac003643ef5f0"},"headline":"Kreisvier realisiert Nachhaltigkeitsbericht f\u00fcr Thommen Group","datePublished":"2024-09-26T12:23:59+00:00","dateModified":"2024-11-08T06:35:29+00:00","mainEntityOfPage":{"@id":"https:\/\/www.organisator.ch\/marketing\/2024-09-26\/kreisvier-realisiert-nachhaltigkeitsbericht-fuer-thommen-group\/"},"wordCount":138,"publisher":{"@id":"https:\/\/www.organisator.ch\/#organization"},"image":{"@id":"https:\/\/www.organisator.ch\/marketing\/2024-09-26\/kreisvier-realisiert-nachhaltigkeitsbericht-fuer-thommen-group\/#primaryimage"},"thumbnailUrl":"https:\/\/www.markt-kom.com\/wp-content\/uploads\/2024\/09\/66e41dddcfaf48a04310d1d2_LSA_Thommen_NHB_Mockup_Cover-p-1600.jpg","keywords":["Gesch\u00e4ftsberichte","Kreisvier","MarKom","Nachhaltigkeit"],"articleSection":["MARKETING"],"inLanguage":"fr-FR"},{"@type":"WebPage","@id":"https:\/\/www.organisator.ch\/marketing\/2024-09-26\/kreisvier-realisiert-nachhaltigkeitsbericht-fuer-thommen-group\/","url":"https:\/\/www.organisator.ch\/marketing\/2024-09-26\/kreisvier-realisiert-nachhaltigkeitsbericht-fuer-thommen-group\/","name":"Kreisvier r\u00e9alise un rapport de durabilit\u00e9 pour Thommen Group - Organisateur","isPartOf":{"@id":"https:\/\/www.organisator.ch\/#website"},"primaryImageOfPage":{"@id":"https:\/\/www.organisator.ch\/marketing\/2024-09-26\/kreisvier-realisiert-nachhaltigkeitsbericht-fuer-thommen-group\/#primaryimage"},"image":{"@id":"https:\/\/www.organisator.ch\/marketing\/2024-09-26\/kreisvier-realisiert-nachhaltigkeitsbericht-fuer-thommen-group\/#primaryimage"},"thumbnailUrl":"https:\/\/www.markt-kom.com\/wp-content\/uploads\/2024\/09\/66e41dddcfaf48a04310d1d2_LSA_Thommen_NHB_Mockup_Cover-p-1600.jpg","datePublished":"2024-09-26T12:23:59+00:00","dateModified":"2024-11-08T06:35:29+00:00","description":"Thommen Group publie un rapport complet sur le d\u00e9veloppement durable 2024 avec le soutien visuel de Kreisvier.","breadcrumb":{"@id":"https:\/\/www.organisator.ch\/marketing\/2024-09-26\/kreisvier-realisiert-nachhaltigkeitsbericht-fuer-thommen-group\/#breadcrumb"},"inLanguage":"fr-FR","potentialAction":[{"@type":"ReadAction","target":["https:\/\/www.organisator.ch\/marketing\/2024-09-26\/kreisvier-realisiert-nachhaltigkeitsbericht-fuer-thommen-group\/"]}]},{"@type":"ImageObject","inLanguage":"fr-FR","@id":"https:\/\/www.organisator.ch\/marketing\/2024-09-26\/kreisvier-realisiert-nachhaltigkeitsbericht-fuer-thommen-group\/#primaryimage","url":"https:\/\/www.markt-kom.com\/wp-content\/uploads\/2024\/09\/66e41dddcfaf48a04310d1d2_LSA_Thommen_NHB_Mockup_Cover-p-1600.jpg","contentUrl":"https:\/\/www.markt-kom.com\/wp-content\/uploads\/2024\/09\/66e41dddcfaf48a04310d1d2_LSA_Thommen_NHB_Mockup_Cover-p-1600.jpg"},{"@type":"BreadcrumbList","@id":"https:\/\/www.organisator.ch\/marketing\/2024-09-26\/kreisvier-realisiert-nachhaltigkeitsbericht-fuer-thommen-group\/#breadcrumb","itemListElement":[{"@type":"ListItem","position":1,"name":"Home","item":"https:\/\/www.organisator.ch\/"},{"@type":"ListItem","position":2,"name":"Kreisvier realisiert Nachhaltigkeitsbericht f\u00fcr Thommen Group"}]},{"@type":"WebSite","@id":"https:\/\/www.organisator.ch\/#website","url":"https:\/\/www.organisator.ch\/","name":"Organisateur","description":"Comp\u00e9tence et comp\u00e9tence. Proches de la pratique. L'ORGANISATEUR pr\u00e9pare 10 num\u00e9ros par an sur les th\u00e8mes essentiels pour les dirigeants de PME.","publisher":{"@id":"https:\/\/www.organisator.ch\/#organization"},"potentialAction":[{"@type":"SearchAction","target":{"@type":"EntryPoint","urlTemplate":"https:\/\/www.organisator.ch\/?s={search_term_string}"},"query-input":{"@type":"PropertyValueSpecification","valueRequired":true,"valueName":"search_term_string"}}],"inLanguage":"fr-FR"},{"@type":"Organization","@id":"https:\/\/www.organisator.ch\/#organization","name":"Organisateur","url":"https:\/\/www.organisator.ch\/","logo":{"@type":"ImageObject","inLanguage":"fr-FR","@id":"https:\/\/www.organisator.ch\/#\/schema\/logo\/image\/","url":"https:\/\/www.organisator.ch\/wp-content\/uploads\/2022\/01\/Logo_Organisator_Website.png","contentUrl":"https:\/\/www.organisator.ch\/wp-content\/uploads\/2022\/01\/Logo_Organisator_Website.png","width":800,"height":77,"caption":"Organisator"},"image":{"@id":"https:\/\/www.organisator.ch\/#\/schema\/logo\/image\/"},"sameAs":["https:\/\/www.facebook.com\/OrganisatorFachmagazin","https:\/\/www.linkedin.com\/showcase\/organisator-das-magazin-fr-kmu","https:\/\/www.xing.com\/news\/pages\/organisator-ch-695","https:\/\/www.youtube.com\/channel\/UCGP2Sq0iWaZwT3BdIAQFYpw"]},{"@type":"Person","@id":"https:\/\/www.organisator.ch\/#\/schema\/person\/4e51799071cd2dd1232ac003643ef5f0","name":"galledia","image":{"@type":"ImageObject","inLanguage":"fr-FR","@id":"https:\/\/secure.gravatar.com\/avatar\/78a7f90c01fc2bfc875782a0d4922b37cde2cf184ce347b91316d23cd7f69a36?s=96&d=mm&r=g","url":"https:\/\/secure.gravatar.com\/avatar\/78a7f90c01fc2bfc875782a0d4922b37cde2cf184ce347b91316d23cd7f69a36?s=96&d=mm&r=g","contentUrl":"https:\/\/secure.gravatar.com\/avatar\/78a7f90c01fc2bfc875782a0d4922b37cde2cf184ce347b91316d23cd7f69a36?s=96&d=mm&r=g","caption":"galledia"},"sameAs":["https:\/\/x.com\/admin"],"url":"https:\/\/www.organisator.ch\/fr\/author\/galledia\/"}]}},"_links":{"self":[{"href":"https:\/\/www.organisator.ch\/fr\/wp-json\/wp\/v2\/posts\/30151","targetHints":{"allow":["GET"]}}],"collection":[{"href":"https:\/\/www.organisator.ch\/fr\/wp-json\/wp\/v2\/posts"}],"about":[{"href":"https:\/\/www.organisator.ch\/fr\/wp-json\/wp\/v2\/types\/post"}],"author":[{"embeddable":true,"href":"https:\/\/www.organisator.ch\/fr\/wp-json\/wp\/v2\/users\/8"}],"replies":[{"embeddable":true,"href":"https:\/\/www.organisator.ch\/fr\/wp-json\/wp\/v2\/comments?post=30151"}],"version-history":[{"count":4,"href":"https:\/\/www.organisator.ch\/fr\/wp-json\/wp\/v2\/posts\/30151\/revisions"}],"predecessor-version":[{"id":31874,"href":"https:\/\/www.organisator.ch\/fr\/wp-json\/wp\/v2\/posts\/30151\/revisions\/31874"}],"wp:attachment":[{"href":"https:\/\/www.organisator.ch\/fr\/wp-json\/wp\/v2\/media?parent=30151"}],"wp:term":[{"taxonomy":"category","embeddable":true,"href":"https:\/\/www.organisator.ch\/fr\/wp-json\/wp\/v2\/categories?post=30151"},{"taxonomy":"post_tag","embeddable":true,"href":"https:\/\/www.organisator.ch\/fr\/wp-json\/wp\/v2\/tags?post=30151"}],"curies":[{"name":"wp","href":"https:\/\/api.w.org\/{rel}","templated":true}]}}