{"id":30155,"date":"2024-09-26T11:54:17","date_gmt":"2024-09-26T09:54:17","guid":{"rendered":"https:\/\/www.markt-kom.com\/?p=223985"},"modified":"2024-11-08T07:39:00","modified_gmt":"2024-11-08T06:39:00","slug":"christopher-woehr-neu-in-der-geschaeftsleitung-der-agfs","status":"publish","type":"post","link":"https:\/\/www.organisator.ch\/fr\/marketing\/2024-09-26\/christopher-woehr-neu-in-der-geschaeftsleitung-der-agfs\/","title":{"rendered":"Christopher W\u00f6hr, nouveau membre de la direction de l'AGFS"},"content":{"rendered":"<figure id=\"attachment_223986\" class=\"wp-caption aligncenter\" style=\"width: 1200px\" aria-describedby=\"caption-attachment-223986\"><img class=\"aligncenter wp-image-223986 size-full\" src=\"https:\/\/www.markt-kom.com\/wp-content\/uploads\/2024\/09\/Chris-Woehr-AGFS-GL.jpg\" alt=\"Repr\u00e9sentant AGFS IGEM\" width=\"1200\" height=\"900\" \/>\r\n<figcaption id=\"caption-attachment-223986\" class=\"wp-caption-text\">(Image : zVg.)<\/figcaption>\r\n<\/figure>\r\n<p>Tout comme son pr\u00e9d\u00e9cesseur Lawrence, W\u00f6hr fait office de repr\u00e9sentant IGEM au sein de la direction de l'AGFS. Il apporte avec lui plus de deux d\u00e9cennies d'exp\u00e9rience dans le secteur des m\u00e9dias et de pr\u00e9cieuses perspectives du point de vue des agences.  Ainsi, \u00e0 44 ans, il a occup\u00e9 ces 24 derni\u00e8res ann\u00e9es diff\u00e9rents postes de direction dans de grandes agences en r\u00e9seau, o\u00f9 il a notamment dirig\u00e9 les d\u00e9partements TV. Il a en outre acquis une solide exp\u00e9rience du c\u00f4t\u00e9 du marketing chez Goldbach Media.<\/p>\r\n<p>\"La t\u00e9l\u00e9vision est ma passion et je me r\u00e9jouis d'apporter mes connaissances et mon exp\u00e9rience \u00e0 l'AGFS\", d\u00e9clare W\u00f6hr \u00e0 propos de ses nouvelles fonctions. \"Au cours de ma carri\u00e8re, j'ai accompagn\u00e9 de nombreux outils et leur introduction sur le march\u00e9 suisse et j'ai contribu\u00e9 \u00e0 leur d\u00e9veloppement. Il est important pour moi de faire progresser l'optimisation continue en collaboration avec les agences, les diffuseurs et les marketeurs\".<\/p>","protected":false},"excerpt":{"rendered":"<p>Depuis juillet, Christopher W\u00f6hr est le nouveau membre de la direction de l'Association suisse pour la publicit\u00e9 t\u00e9l\u00e9vis\u00e9e (AGFS). Il remplace Dennis Lawrence, qui a quitt\u00e9 son poste suite \u00e0 un changement professionnel.<\/p>","protected":false},"author":8,"featured_media":0,"comment_status":"closed","ping_status":"closed","sticky":false,"template":"","format":"standard","meta":{"_acf_changed":false,"_yoast_wpseo_focuskw":"AGFS IGEM-Vertreter","_yoast_wpseo_metadesc":"Christian W\u00f6hr bringt \u00fcber 20 Jahre Erfahrung in die AGFS ein und \u00fcbernimmt die Rolle als IGEM-Vertreter in der Gesch\u00e4ftsleitung.","articlekey":"","footnotes":""},"categories":[29],"tags":[4548,2853,4343],"class_list":["post-30155","post","type-post","status-publish","format-standard","hentry","category-marketing","tag-agfs","tag-jobchange","tag-markom"],"acf":[],"yoast_head":"<!-- This site is optimized with the Yoast SEO plugin v27.5 - https:\/\/yoast.com\/product\/yoast-seo-wordpress\/ -->\n<title>Christopher W\u00f6hr neu in der Gesch\u00e4ftsleitung der AGFS - Organisator<\/title>\n<meta name=\"description\" content=\"Christian W\u00f6hr bringt \u00fcber 20 Jahre Erfahrung in die AGFS ein und \u00fcbernimmt die Rolle als IGEM-Vertreter in der Gesch\u00e4ftsleitung.\" \/>\n<meta name=\"robots\" content=\"index, follow, max-snippet:-1, max-image-preview:large, max-video-preview:-1\" \/>\n<link rel=\"canonical\" href=\"https:\/\/www.organisator.ch\/fr\/marketing\/2024-09-26\/christopher-woehr-neu-in-der-geschaeftsleitung-der-agfs\/\" \/>\n<meta property=\"og:locale\" content=\"fr_FR\" \/>\n<meta property=\"og:type\" content=\"article\" \/>\n<meta property=\"og:title\" content=\"Christopher W\u00f6hr neu in der Gesch\u00e4ftsleitung der AGFS - Organisator\" \/>\n<meta property=\"og:description\" content=\"Christian W\u00f6hr bringt \u00fcber 20 Jahre Erfahrung in die AGFS ein und \u00fcbernimmt die Rolle als IGEM-Vertreter in der Gesch\u00e4ftsleitung.\" \/>\n<meta property=\"og:url\" content=\"https:\/\/www.organisator.ch\/fr\/marketing\/2024-09-26\/christopher-woehr-neu-in-der-geschaeftsleitung-der-agfs\/\" \/>\n<meta property=\"og:site_name\" content=\"Organisator\" \/>\n<meta property=\"article:publisher\" content=\"https:\/\/www.facebook.com\/OrganisatorFachmagazin\" \/>\n<meta property=\"article:published_time\" content=\"2024-09-26T09:54:17+00:00\" \/>\n<meta property=\"article:modified_time\" content=\"2024-11-08T06:39:00+00:00\" \/>\n<meta property=\"og:image\" content=\"https:\/\/www.markt-kom.com\/wp-content\/uploads\/2024\/09\/Chris-Woehr-AGFS-GL.jpg\" \/>\n<meta name=\"author\" content=\"galledia\" \/>\n<meta name=\"twitter:card\" content=\"summary_large_image\" \/>\n<meta name=\"twitter:creator\" content=\"@admin\" \/>\n<script type=\"application\/ld+json\" class=\"yoast-schema-graph\">{\"@context\":\"https:\\\/\\\/schema.org\",\"@graph\":[{\"@type\":\"Article\",\"@id\":\"https:\\\/\\\/www.organisator.ch\\\/marketing\\\/2024-09-26\\\/christopher-woehr-neu-in-der-geschaeftsleitung-der-agfs\\\/#article\",\"isPartOf\":{\"@id\":\"https:\\\/\\\/www.organisator.ch\\\/marketing\\\/2024-09-26\\\/christopher-woehr-neu-in-der-geschaeftsleitung-der-agfs\\\/\"},\"author\":{\"name\":\"galledia\",\"@id\":\"https:\\\/\\\/www.organisator.ch\\\/#\\\/schema\\\/person\\\/4e51799071cd2dd1232ac003643ef5f0\"},\"headline\":\"Christopher W\u00f6hr neu in der Gesch\u00e4ftsleitung der AGFS\",\"datePublished\":\"2024-09-26T09:54:17+00:00\",\"dateModified\":\"2024-11-08T06:39:00+00:00\",\"mainEntityOfPage\":{\"@id\":\"https:\\\/\\\/www.organisator.ch\\\/marketing\\\/2024-09-26\\\/christopher-woehr-neu-in-der-geschaeftsleitung-der-agfs\\\/\"},\"wordCount\":142,\"publisher\":{\"@id\":\"https:\\\/\\\/www.organisator.ch\\\/#organization\"},\"image\":{\"@id\":\"https:\\\/\\\/www.organisator.ch\\\/marketing\\\/2024-09-26\\\/christopher-woehr-neu-in-der-geschaeftsleitung-der-agfs\\\/#primaryimage\"},\"thumbnailUrl\":\"https:\\\/\\\/www.markt-kom.com\\\/wp-content\\\/uploads\\\/2024\\\/09\\\/Chris-Woehr-AGFS-GL.jpg\",\"keywords\":[\"agfs\",\"Jobchange\",\"MarKom\"],\"articleSection\":[\"MARKETING\"],\"inLanguage\":\"fr-FR\"},{\"@type\":\"WebPage\",\"@id\":\"https:\\\/\\\/www.organisator.ch\\\/marketing\\\/2024-09-26\\\/christopher-woehr-neu-in-der-geschaeftsleitung-der-agfs\\\/\",\"url\":\"https:\\\/\\\/www.organisator.ch\\\/marketing\\\/2024-09-26\\\/christopher-woehr-neu-in-der-geschaeftsleitung-der-agfs\\\/\",\"name\":\"Christopher W\u00f6hr neu in der Gesch\u00e4ftsleitung der AGFS - Organisator\",\"isPartOf\":{\"@id\":\"https:\\\/\\\/www.organisator.ch\\\/#website\"},\"primaryImageOfPage\":{\"@id\":\"https:\\\/\\\/www.organisator.ch\\\/marketing\\\/2024-09-26\\\/christopher-woehr-neu-in-der-geschaeftsleitung-der-agfs\\\/#primaryimage\"},\"image\":{\"@id\":\"https:\\\/\\\/www.organisator.ch\\\/marketing\\\/2024-09-26\\\/christopher-woehr-neu-in-der-geschaeftsleitung-der-agfs\\\/#primaryimage\"},\"thumbnailUrl\":\"https:\\\/\\\/www.markt-kom.com\\\/wp-content\\\/uploads\\\/2024\\\/09\\\/Chris-Woehr-AGFS-GL.jpg\",\"datePublished\":\"2024-09-26T09:54:17+00:00\",\"dateModified\":\"2024-11-08T06:39:00+00:00\",\"description\":\"Christian W\u00f6hr bringt \u00fcber 20 Jahre Erfahrung in die AGFS ein und \u00fcbernimmt die Rolle als IGEM-Vertreter in der Gesch\u00e4ftsleitung.\",\"breadcrumb\":{\"@id\":\"https:\\\/\\\/www.organisator.ch\\\/marketing\\\/2024-09-26\\\/christopher-woehr-neu-in-der-geschaeftsleitung-der-agfs\\\/#breadcrumb\"},\"inLanguage\":\"fr-FR\",\"potentialAction\":[{\"@type\":\"ReadAction\",\"target\":[\"https:\\\/\\\/www.organisator.ch\\\/marketing\\\/2024-09-26\\\/christopher-woehr-neu-in-der-geschaeftsleitung-der-agfs\\\/\"]}]},{\"@type\":\"ImageObject\",\"inLanguage\":\"fr-FR\",\"@id\":\"https:\\\/\\\/www.organisator.ch\\\/marketing\\\/2024-09-26\\\/christopher-woehr-neu-in-der-geschaeftsleitung-der-agfs\\\/#primaryimage\",\"url\":\"https:\\\/\\\/www.markt-kom.com\\\/wp-content\\\/uploads\\\/2024\\\/09\\\/Chris-Woehr-AGFS-GL.jpg\",\"contentUrl\":\"https:\\\/\\\/www.markt-kom.com\\\/wp-content\\\/uploads\\\/2024\\\/09\\\/Chris-Woehr-AGFS-GL.jpg\"},{\"@type\":\"BreadcrumbList\",\"@id\":\"https:\\\/\\\/www.organisator.ch\\\/marketing\\\/2024-09-26\\\/christopher-woehr-neu-in-der-geschaeftsleitung-der-agfs\\\/#breadcrumb\",\"itemListElement\":[{\"@type\":\"ListItem\",\"position\":1,\"name\":\"Home\",\"item\":\"https:\\\/\\\/www.organisator.ch\\\/\"},{\"@type\":\"ListItem\",\"position\":2,\"name\":\"Christopher W\u00f6hr neu in der Gesch\u00e4ftsleitung der AGFS\"}]},{\"@type\":\"WebSite\",\"@id\":\"https:\\\/\\\/www.organisator.ch\\\/#website\",\"url\":\"https:\\\/\\\/www.organisator.ch\\\/\",\"name\":\"Organisator\",\"description\":\"Kompetent. Praxisnah. Der ORGANISATOR bereitet in 10 Ausgaben pro Jahr die wesentlichen Themen f\u00fcr F\u00fchrungskr\u00e4fte von KMU auf.\",\"publisher\":{\"@id\":\"https:\\\/\\\/www.organisator.ch\\\/#organization\"},\"potentialAction\":[{\"@type\":\"SearchAction\",\"target\":{\"@type\":\"EntryPoint\",\"urlTemplate\":\"https:\\\/\\\/www.organisator.ch\\\/?s={search_term_string}\"},\"query-input\":{\"@type\":\"PropertyValueSpecification\",\"valueRequired\":true,\"valueName\":\"search_term_string\"}}],\"inLanguage\":\"fr-FR\"},{\"@type\":\"Organization\",\"@id\":\"https:\\\/\\\/www.organisator.ch\\\/#organization\",\"name\":\"Organisator\",\"url\":\"https:\\\/\\\/www.organisator.ch\\\/\",\"logo\":{\"@type\":\"ImageObject\",\"inLanguage\":\"fr-FR\",\"@id\":\"https:\\\/\\\/www.organisator.ch\\\/#\\\/schema\\\/logo\\\/image\\\/\",\"url\":\"https:\\\/\\\/www.organisator.ch\\\/wp-content\\\/uploads\\\/2022\\\/01\\\/Logo_Organisator_Website.png\",\"contentUrl\":\"https:\\\/\\\/www.organisator.ch\\\/wp-content\\\/uploads\\\/2022\\\/01\\\/Logo_Organisator_Website.png\",\"width\":800,\"height\":77,\"caption\":\"Organisator\"},\"image\":{\"@id\":\"https:\\\/\\\/www.organisator.ch\\\/#\\\/schema\\\/logo\\\/image\\\/\"},\"sameAs\":[\"https:\\\/\\\/www.facebook.com\\\/OrganisatorFachmagazin\",\"https:\\\/\\\/www.linkedin.com\\\/showcase\\\/organisator-das-magazin-fr-kmu\",\"https:\\\/\\\/www.xing.com\\\/news\\\/pages\\\/organisator-ch-695\",\"https:\\\/\\\/www.youtube.com\\\/channel\\\/UCGP2Sq0iWaZwT3BdIAQFYpw\"]},{\"@type\":\"Person\",\"@id\":\"https:\\\/\\\/www.organisator.ch\\\/#\\\/schema\\\/person\\\/4e51799071cd2dd1232ac003643ef5f0\",\"name\":\"galledia\",\"image\":{\"@type\":\"ImageObject\",\"inLanguage\":\"fr-FR\",\"@id\":\"https:\\\/\\\/secure.gravatar.com\\\/avatar\\\/78a7f90c01fc2bfc875782a0d4922b37cde2cf184ce347b91316d23cd7f69a36?s=96&d=mm&r=g\",\"url\":\"https:\\\/\\\/secure.gravatar.com\\\/avatar\\\/78a7f90c01fc2bfc875782a0d4922b37cde2cf184ce347b91316d23cd7f69a36?s=96&d=mm&r=g\",\"contentUrl\":\"https:\\\/\\\/secure.gravatar.com\\\/avatar\\\/78a7f90c01fc2bfc875782a0d4922b37cde2cf184ce347b91316d23cd7f69a36?s=96&d=mm&r=g\",\"caption\":\"galledia\"},\"sameAs\":[\"https:\\\/\\\/x.com\\\/admin\"],\"url\":\"https:\\\/\\\/www.organisator.ch\\\/fr\\\/author\\\/galledia\\\/\"}]}<\/script>\n<!-- \/ Yoast SEO plugin. -->","yoast_head_json":{"title":"Christopher W\u00f6hr, nouveau membre de la direction de l'AGFS - Organisateur","description":"Christian W\u00f6hr apporte plus de 20 ans d'exp\u00e9rience \u00e0 l'AGFS et assume le r\u00f4le de repr\u00e9sentant de l'IGEM au sein de la direction.","robots":{"index":"index","follow":"follow","max-snippet":"max-snippet:-1","max-image-preview":"max-image-preview:large","max-video-preview":"max-video-preview:-1"},"canonical":"https:\/\/www.organisator.ch\/fr\/marketing\/2024-09-26\/christopher-woehr-neu-in-der-geschaeftsleitung-der-agfs\/","og_locale":"fr_FR","og_type":"article","og_title":"Christopher W\u00f6hr neu in der Gesch\u00e4ftsleitung der AGFS - Organisator","og_description":"Christian W\u00f6hr bringt \u00fcber 20 Jahre Erfahrung in die AGFS ein und \u00fcbernimmt die Rolle als IGEM-Vertreter in der Gesch\u00e4ftsleitung.","og_url":"https:\/\/www.organisator.ch\/fr\/marketing\/2024-09-26\/christopher-woehr-neu-in-der-geschaeftsleitung-der-agfs\/","og_site_name":"Organisator","article_publisher":"https:\/\/www.facebook.com\/OrganisatorFachmagazin","article_published_time":"2024-09-26T09:54:17+00:00","article_modified_time":"2024-11-08T06:39:00+00:00","og_image":[{"url":"https:\/\/www.markt-kom.com\/wp-content\/uploads\/2024\/09\/Chris-Woehr-AGFS-GL.jpg","type":"","width":"","height":""}],"author":"galledia","twitter_card":"summary_large_image","twitter_creator":"@admin","schema":{"@context":"https:\/\/schema.org","@graph":[{"@type":"Article","@id":"https:\/\/www.organisator.ch\/marketing\/2024-09-26\/christopher-woehr-neu-in-der-geschaeftsleitung-der-agfs\/#article","isPartOf":{"@id":"https:\/\/www.organisator.ch\/marketing\/2024-09-26\/christopher-woehr-neu-in-der-geschaeftsleitung-der-agfs\/"},"author":{"name":"galledia","@id":"https:\/\/www.organisator.ch\/#\/schema\/person\/4e51799071cd2dd1232ac003643ef5f0"},"headline":"Christopher W\u00f6hr neu in der Gesch\u00e4ftsleitung der AGFS","datePublished":"2024-09-26T09:54:17+00:00","dateModified":"2024-11-08T06:39:00+00:00","mainEntityOfPage":{"@id":"https:\/\/www.organisator.ch\/marketing\/2024-09-26\/christopher-woehr-neu-in-der-geschaeftsleitung-der-agfs\/"},"wordCount":142,"publisher":{"@id":"https:\/\/www.organisator.ch\/#organization"},"image":{"@id":"https:\/\/www.organisator.ch\/marketing\/2024-09-26\/christopher-woehr-neu-in-der-geschaeftsleitung-der-agfs\/#primaryimage"},"thumbnailUrl":"https:\/\/www.markt-kom.com\/wp-content\/uploads\/2024\/09\/Chris-Woehr-AGFS-GL.jpg","keywords":["agfs","Jobchange","MarKom"],"articleSection":["MARKETING"],"inLanguage":"fr-FR"},{"@type":"WebPage","@id":"https:\/\/www.organisator.ch\/marketing\/2024-09-26\/christopher-woehr-neu-in-der-geschaeftsleitung-der-agfs\/","url":"https:\/\/www.organisator.ch\/marketing\/2024-09-26\/christopher-woehr-neu-in-der-geschaeftsleitung-der-agfs\/","name":"Christopher W\u00f6hr, nouveau membre de la direction de l'AGFS - Organisateur","isPartOf":{"@id":"https:\/\/www.organisator.ch\/#website"},"primaryImageOfPage":{"@id":"https:\/\/www.organisator.ch\/marketing\/2024-09-26\/christopher-woehr-neu-in-der-geschaeftsleitung-der-agfs\/#primaryimage"},"image":{"@id":"https:\/\/www.organisator.ch\/marketing\/2024-09-26\/christopher-woehr-neu-in-der-geschaeftsleitung-der-agfs\/#primaryimage"},"thumbnailUrl":"https:\/\/www.markt-kom.com\/wp-content\/uploads\/2024\/09\/Chris-Woehr-AGFS-GL.jpg","datePublished":"2024-09-26T09:54:17+00:00","dateModified":"2024-11-08T06:39:00+00:00","description":"Christian W\u00f6hr apporte plus de 20 ans d'exp\u00e9rience \u00e0 l'AGFS et assume le r\u00f4le de repr\u00e9sentant de l'IGEM au sein de la direction.","breadcrumb":{"@id":"https:\/\/www.organisator.ch\/marketing\/2024-09-26\/christopher-woehr-neu-in-der-geschaeftsleitung-der-agfs\/#breadcrumb"},"inLanguage":"fr-FR","potentialAction":[{"@type":"ReadAction","target":["https:\/\/www.organisator.ch\/marketing\/2024-09-26\/christopher-woehr-neu-in-der-geschaeftsleitung-der-agfs\/"]}]},{"@type":"ImageObject","inLanguage":"fr-FR","@id":"https:\/\/www.organisator.ch\/marketing\/2024-09-26\/christopher-woehr-neu-in-der-geschaeftsleitung-der-agfs\/#primaryimage","url":"https:\/\/www.markt-kom.com\/wp-content\/uploads\/2024\/09\/Chris-Woehr-AGFS-GL.jpg","contentUrl":"https:\/\/www.markt-kom.com\/wp-content\/uploads\/2024\/09\/Chris-Woehr-AGFS-GL.jpg"},{"@type":"BreadcrumbList","@id":"https:\/\/www.organisator.ch\/marketing\/2024-09-26\/christopher-woehr-neu-in-der-geschaeftsleitung-der-agfs\/#breadcrumb","itemListElement":[{"@type":"ListItem","position":1,"name":"Home","item":"https:\/\/www.organisator.ch\/"},{"@type":"ListItem","position":2,"name":"Christopher W\u00f6hr neu in der Gesch\u00e4ftsleitung der AGFS"}]},{"@type":"WebSite","@id":"https:\/\/www.organisator.ch\/#website","url":"https:\/\/www.organisator.ch\/","name":"Organisateur","description":"Comp\u00e9tence et comp\u00e9tence. Proches de la pratique. L'ORGANISATEUR pr\u00e9pare 10 num\u00e9ros par an sur les th\u00e8mes essentiels pour les dirigeants de PME.","publisher":{"@id":"https:\/\/www.organisator.ch\/#organization"},"potentialAction":[{"@type":"SearchAction","target":{"@type":"EntryPoint","urlTemplate":"https:\/\/www.organisator.ch\/?s={search_term_string}"},"query-input":{"@type":"PropertyValueSpecification","valueRequired":true,"valueName":"search_term_string"}}],"inLanguage":"fr-FR"},{"@type":"Organization","@id":"https:\/\/www.organisator.ch\/#organization","name":"Organisateur","url":"https:\/\/www.organisator.ch\/","logo":{"@type":"ImageObject","inLanguage":"fr-FR","@id":"https:\/\/www.organisator.ch\/#\/schema\/logo\/image\/","url":"https:\/\/www.organisator.ch\/wp-content\/uploads\/2022\/01\/Logo_Organisator_Website.png","contentUrl":"https:\/\/www.organisator.ch\/wp-content\/uploads\/2022\/01\/Logo_Organisator_Website.png","width":800,"height":77,"caption":"Organisator"},"image":{"@id":"https:\/\/www.organisator.ch\/#\/schema\/logo\/image\/"},"sameAs":["https:\/\/www.facebook.com\/OrganisatorFachmagazin","https:\/\/www.linkedin.com\/showcase\/organisator-das-magazin-fr-kmu","https:\/\/www.xing.com\/news\/pages\/organisator-ch-695","https:\/\/www.youtube.com\/channel\/UCGP2Sq0iWaZwT3BdIAQFYpw"]},{"@type":"Person","@id":"https:\/\/www.organisator.ch\/#\/schema\/person\/4e51799071cd2dd1232ac003643ef5f0","name":"galledia","image":{"@type":"ImageObject","inLanguage":"fr-FR","@id":"https:\/\/secure.gravatar.com\/avatar\/78a7f90c01fc2bfc875782a0d4922b37cde2cf184ce347b91316d23cd7f69a36?s=96&d=mm&r=g","url":"https:\/\/secure.gravatar.com\/avatar\/78a7f90c01fc2bfc875782a0d4922b37cde2cf184ce347b91316d23cd7f69a36?s=96&d=mm&r=g","contentUrl":"https:\/\/secure.gravatar.com\/avatar\/78a7f90c01fc2bfc875782a0d4922b37cde2cf184ce347b91316d23cd7f69a36?s=96&d=mm&r=g","caption":"galledia"},"sameAs":["https:\/\/x.com\/admin"],"url":"https:\/\/www.organisator.ch\/fr\/author\/galledia\/"}]}},"_links":{"self":[{"href":"https:\/\/www.organisator.ch\/fr\/wp-json\/wp\/v2\/posts\/30155","targetHints":{"allow":["GET"]}}],"collection":[{"href":"https:\/\/www.organisator.ch\/fr\/wp-json\/wp\/v2\/posts"}],"about":[{"href":"https:\/\/www.organisator.ch\/fr\/wp-json\/wp\/v2\/types\/post"}],"author":[{"embeddable":true,"href":"https:\/\/www.organisator.ch\/fr\/wp-json\/wp\/v2\/users\/8"}],"replies":[{"embeddable":true,"href":"https:\/\/www.organisator.ch\/fr\/wp-json\/wp\/v2\/comments?post=30155"}],"version-history":[{"count":4,"href":"https:\/\/www.organisator.ch\/fr\/wp-json\/wp\/v2\/posts\/30155\/revisions"}],"predecessor-version":[{"id":31878,"href":"https:\/\/www.organisator.ch\/fr\/wp-json\/wp\/v2\/posts\/30155\/revisions\/31878"}],"wp:attachment":[{"href":"https:\/\/www.organisator.ch\/fr\/wp-json\/wp\/v2\/media?parent=30155"}],"wp:term":[{"taxonomy":"category","embeddable":true,"href":"https:\/\/www.organisator.ch\/fr\/wp-json\/wp\/v2\/categories?post=30155"},{"taxonomy":"post_tag","embeddable":true,"href":"https:\/\/www.organisator.ch\/fr\/wp-json\/wp\/v2\/tags?post=30155"}],"curies":[{"name":"wp","href":"https:\/\/api.w.org\/{rel}","templated":true}]}}