{"id":30189,"date":"2024-09-27T12:13:32","date_gmt":"2024-09-27T10:13:32","guid":{"rendered":"https:\/\/www.markt-kom.com\/?p=224037"},"modified":"2024-11-08T06:43:33","modified_gmt":"2024-11-08T05:43:33","slug":"webrepublic-feiert-jubilaeum-mit-neuer-fuehrungsstruktur","status":"publish","type":"post","link":"https:\/\/www.organisator.ch\/fr\/marketing\/2024-09-27\/webrepublic-feiert-jubilaeum-mit-neuer-fuehrungsstruktur\/","title":{"rendered":"Webrepublic f\u00eate son anniversaire avec une nouvelle structure de direction"},"content":{"rendered":"<p><img class=\"aligncenter wp-image-224038 size-full\" src=\"https:\/\/www.markt-kom.com\/wp-content\/uploads\/2024\/09\/Tom-Hanan-Tobias-Zehnder-Webrepublic-3.jpg\" alt=\"Webrepublic Changement de direction en 2024\" width=\"1200\" height=\"675\" \/><\/p>\r\n<p>Depuis septembre, Tobias Zehnder est responsable des activit\u00e9s op\u00e9rationnelles quotidiennes de Webrepublic. \"Je me r\u00e9jouis d'investir toute mon \u00e9nergie dans la collaboration avec nos clients et nos \u00e9quipes afin de r\u00e9aliser ensemble des projets couronn\u00e9s de succ\u00e8s\", d\u00e9clare le nouveau Managing Director. Cela permettra au CEO Tom Hanan de se concentrer davantage sur l'orientation strat\u00e9gique ainsi que sur la repr\u00e9sentation de l'entreprise. \"Je peux ainsi partager de mani\u00e8re cibl\u00e9e mes 25 ans d'exp\u00e9rience avec les collaborateurs, les clients et le march\u00e9, ce qui est pr\u00e9cis\u00e9ment ce qui me pla\u00eet le plus\", ajoute Hanan.<\/p>\r\n<h3>Un d\u00e9veloppement r\u00e9ussi<\/h3>\r\n<p>En 2009, Tom Hanan et Tobias Zehnder ont fond\u00e9 Webrepublic en tant que start-up sp\u00e9cialis\u00e9e dans le marketing des moteurs de recherche. D\u00e8s 2016, ils ont embauch\u00e9 leur 100e collaborateur. Aujourd'hui, l'agence est devenue une agence de marketing int\u00e9gr\u00e9 dans toute la Suisse, avec plus de 200 experts qui couvrent toutes les disciplines pertinentes - des m\u00e9dias num\u00e9riques aux canaux classiques en passant par les technologies de marketing.<\/p>\r\n<p>Le site <a href=\"https:\/\/www.markt-kom.com\/de\/markom\/business\/eine-fusion-diese-energie-investieren-wir-lieber-ins-team\/\" rel=\"noopener\">Partenariat avec Wirz<\/a> ainsi que l'expansion dans la planification m\u00e9dia classique en 2020 ont \u00e9t\u00e9 des \u00e9tapes importantes. \"Nous observons que les besoins des clients ont \u00e9volu\u00e9 au fil des ann\u00e9es. Alors qu'au d\u00e9but, l'accent \u00e9tait surtout mis sur la mise en \u0153uvre, les prestations de conseil strat\u00e9gique ainsi qu'une offre int\u00e9gr\u00e9e sont aujourd'hui devenues plus importantes\", explique Zehnder pour d\u00e9crire cette \u00e9volution. Afin d'offrir le meilleur service possible aux clients, l'entreprise a non seulement d\u00e9velopp\u00e9 son offre en continu, mais aussi \u00e9largi son account management et optimis\u00e9 ses structures organisationnelles. \"Nous sommes ainsi pr\u00eats pour les 15 prochaines ann\u00e9es\", affirme Hanan avec conviction.<\/p>","protected":false},"excerpt":{"rendered":"<p>L'agence zurichoise Webrepublic r\u00e9organise sa direction \u00e0 l'occasion de son 15e anniversaire : Tobias Zehnder reprend la direction op\u00e9rationnelle de Webrepublic en tant que Managing Director, tandis que le CEO Tom Hanan se concentre sur l'orientation strat\u00e9gique.<\/p>","protected":false},"author":8,"featured_media":0,"comment_status":"closed","ping_status":"closed","sticky":false,"template":"","format":"standard","meta":{"_acf_changed":false,"_yoast_wpseo_focuskw":"Webrepublic Managementwechsel 2024","_yoast_wpseo_metadesc":"Tobias Zehnder \u00fcbernimmt operatives Gesch\u00e4ft bei Webrepublic, CEO Tom Hanan fokussiert auf strategische Ausrichtung.","articlekey":"","footnotes":""},"categories":[29],"tags":[4345,2837],"class_list":["post-30189","post","type-post","status-publish","format-standard","hentry","category-marketing","tag-business","tag-webrepublic"],"acf":[],"yoast_head":"<!-- This site is optimized with the Yoast SEO plugin v27.5 - https:\/\/yoast.com\/product\/yoast-seo-wordpress\/ -->\n<title>Webrepublic feiert Jubil\u00e4um mit neuer F\u00fchrungsstruktur - Organisator<\/title>\n<meta name=\"description\" content=\"Tobias Zehnder \u00fcbernimmt operatives Gesch\u00e4ft bei Webrepublic, CEO Tom Hanan fokussiert auf strategische Ausrichtung.\" \/>\n<meta name=\"robots\" content=\"index, follow, max-snippet:-1, max-image-preview:large, max-video-preview:-1\" \/>\n<link rel=\"canonical\" href=\"https:\/\/www.organisator.ch\/fr\/marketing\/2024-09-27\/webrepublic-feiert-jubilaeum-mit-neuer-fuehrungsstruktur\/\" \/>\n<meta property=\"og:locale\" content=\"fr_FR\" \/>\n<meta property=\"og:type\" content=\"article\" \/>\n<meta property=\"og:title\" content=\"Webrepublic feiert Jubil\u00e4um mit neuer F\u00fchrungsstruktur - Organisator\" \/>\n<meta property=\"og:description\" content=\"Tobias Zehnder \u00fcbernimmt operatives Gesch\u00e4ft bei Webrepublic, CEO Tom Hanan fokussiert auf strategische Ausrichtung.\" \/>\n<meta property=\"og:url\" content=\"https:\/\/www.organisator.ch\/fr\/marketing\/2024-09-27\/webrepublic-feiert-jubilaeum-mit-neuer-fuehrungsstruktur\/\" \/>\n<meta property=\"og:site_name\" content=\"Organisator\" \/>\n<meta property=\"article:publisher\" content=\"https:\/\/www.facebook.com\/OrganisatorFachmagazin\" \/>\n<meta property=\"article:published_time\" content=\"2024-09-27T10:13:32+00:00\" \/>\n<meta property=\"article:modified_time\" content=\"2024-11-08T05:43:33+00:00\" \/>\n<meta property=\"og:image\" content=\"https:\/\/www.markt-kom.com\/wp-content\/uploads\/2024\/09\/Tom-Hanan-Tobias-Zehnder-Webrepublic-3.jpg\" \/>\n<meta name=\"author\" content=\"galledia\" \/>\n<meta name=\"twitter:card\" content=\"summary_large_image\" \/>\n<meta name=\"twitter:creator\" content=\"@admin\" \/>\n<script type=\"application\/ld+json\" class=\"yoast-schema-graph\">{\"@context\":\"https:\\\/\\\/schema.org\",\"@graph\":[{\"@type\":\"Article\",\"@id\":\"https:\\\/\\\/www.organisator.ch\\\/marketing\\\/2024-09-27\\\/webrepublic-feiert-jubilaeum-mit-neuer-fuehrungsstruktur\\\/#article\",\"isPartOf\":{\"@id\":\"https:\\\/\\\/www.organisator.ch\\\/marketing\\\/2024-09-27\\\/webrepublic-feiert-jubilaeum-mit-neuer-fuehrungsstruktur\\\/\"},\"author\":{\"name\":\"galledia\",\"@id\":\"https:\\\/\\\/www.organisator.ch\\\/#\\\/schema\\\/person\\\/4e51799071cd2dd1232ac003643ef5f0\"},\"headline\":\"Webrepublic feiert Jubil\u00e4um mit neuer F\u00fchrungsstruktur\",\"datePublished\":\"2024-09-27T10:13:32+00:00\",\"dateModified\":\"2024-11-08T05:43:33+00:00\",\"mainEntityOfPage\":{\"@id\":\"https:\\\/\\\/www.organisator.ch\\\/marketing\\\/2024-09-27\\\/webrepublic-feiert-jubilaeum-mit-neuer-fuehrungsstruktur\\\/\"},\"wordCount\":241,\"publisher\":{\"@id\":\"https:\\\/\\\/www.organisator.ch\\\/#organization\"},\"image\":{\"@id\":\"https:\\\/\\\/www.organisator.ch\\\/marketing\\\/2024-09-27\\\/webrepublic-feiert-jubilaeum-mit-neuer-fuehrungsstruktur\\\/#primaryimage\"},\"thumbnailUrl\":\"https:\\\/\\\/www.markt-kom.com\\\/wp-content\\\/uploads\\\/2024\\\/09\\\/Tom-Hanan-Tobias-Zehnder-Webrepublic-3.jpg\",\"keywords\":[\"Business\",\"Webrepublic\"],\"articleSection\":[\"MARKETING\"],\"inLanguage\":\"fr-FR\"},{\"@type\":\"WebPage\",\"@id\":\"https:\\\/\\\/www.organisator.ch\\\/marketing\\\/2024-09-27\\\/webrepublic-feiert-jubilaeum-mit-neuer-fuehrungsstruktur\\\/\",\"url\":\"https:\\\/\\\/www.organisator.ch\\\/marketing\\\/2024-09-27\\\/webrepublic-feiert-jubilaeum-mit-neuer-fuehrungsstruktur\\\/\",\"name\":\"Webrepublic feiert Jubil\u00e4um mit neuer F\u00fchrungsstruktur - Organisator\",\"isPartOf\":{\"@id\":\"https:\\\/\\\/www.organisator.ch\\\/#website\"},\"primaryImageOfPage\":{\"@id\":\"https:\\\/\\\/www.organisator.ch\\\/marketing\\\/2024-09-27\\\/webrepublic-feiert-jubilaeum-mit-neuer-fuehrungsstruktur\\\/#primaryimage\"},\"image\":{\"@id\":\"https:\\\/\\\/www.organisator.ch\\\/marketing\\\/2024-09-27\\\/webrepublic-feiert-jubilaeum-mit-neuer-fuehrungsstruktur\\\/#primaryimage\"},\"thumbnailUrl\":\"https:\\\/\\\/www.markt-kom.com\\\/wp-content\\\/uploads\\\/2024\\\/09\\\/Tom-Hanan-Tobias-Zehnder-Webrepublic-3.jpg\",\"datePublished\":\"2024-09-27T10:13:32+00:00\",\"dateModified\":\"2024-11-08T05:43:33+00:00\",\"description\":\"Tobias Zehnder \u00fcbernimmt operatives Gesch\u00e4ft bei Webrepublic, CEO Tom Hanan fokussiert auf strategische Ausrichtung.\",\"breadcrumb\":{\"@id\":\"https:\\\/\\\/www.organisator.ch\\\/marketing\\\/2024-09-27\\\/webrepublic-feiert-jubilaeum-mit-neuer-fuehrungsstruktur\\\/#breadcrumb\"},\"inLanguage\":\"fr-FR\",\"potentialAction\":[{\"@type\":\"ReadAction\",\"target\":[\"https:\\\/\\\/www.organisator.ch\\\/marketing\\\/2024-09-27\\\/webrepublic-feiert-jubilaeum-mit-neuer-fuehrungsstruktur\\\/\"]}]},{\"@type\":\"ImageObject\",\"inLanguage\":\"fr-FR\",\"@id\":\"https:\\\/\\\/www.organisator.ch\\\/marketing\\\/2024-09-27\\\/webrepublic-feiert-jubilaeum-mit-neuer-fuehrungsstruktur\\\/#primaryimage\",\"url\":\"https:\\\/\\\/www.markt-kom.com\\\/wp-content\\\/uploads\\\/2024\\\/09\\\/Tom-Hanan-Tobias-Zehnder-Webrepublic-3.jpg\",\"contentUrl\":\"https:\\\/\\\/www.markt-kom.com\\\/wp-content\\\/uploads\\\/2024\\\/09\\\/Tom-Hanan-Tobias-Zehnder-Webrepublic-3.jpg\"},{\"@type\":\"BreadcrumbList\",\"@id\":\"https:\\\/\\\/www.organisator.ch\\\/marketing\\\/2024-09-27\\\/webrepublic-feiert-jubilaeum-mit-neuer-fuehrungsstruktur\\\/#breadcrumb\",\"itemListElement\":[{\"@type\":\"ListItem\",\"position\":1,\"name\":\"Home\",\"item\":\"https:\\\/\\\/www.organisator.ch\\\/\"},{\"@type\":\"ListItem\",\"position\":2,\"name\":\"Webrepublic feiert Jubil\u00e4um mit neuer F\u00fchrungsstruktur\"}]},{\"@type\":\"WebSite\",\"@id\":\"https:\\\/\\\/www.organisator.ch\\\/#website\",\"url\":\"https:\\\/\\\/www.organisator.ch\\\/\",\"name\":\"Organisator\",\"description\":\"Kompetent. Praxisnah. Der ORGANISATOR bereitet in 10 Ausgaben pro Jahr die wesentlichen Themen f\u00fcr F\u00fchrungskr\u00e4fte von KMU auf.\",\"publisher\":{\"@id\":\"https:\\\/\\\/www.organisator.ch\\\/#organization\"},\"potentialAction\":[{\"@type\":\"SearchAction\",\"target\":{\"@type\":\"EntryPoint\",\"urlTemplate\":\"https:\\\/\\\/www.organisator.ch\\\/?s={search_term_string}\"},\"query-input\":{\"@type\":\"PropertyValueSpecification\",\"valueRequired\":true,\"valueName\":\"search_term_string\"}}],\"inLanguage\":\"fr-FR\"},{\"@type\":\"Organization\",\"@id\":\"https:\\\/\\\/www.organisator.ch\\\/#organization\",\"name\":\"Organisator\",\"url\":\"https:\\\/\\\/www.organisator.ch\\\/\",\"logo\":{\"@type\":\"ImageObject\",\"inLanguage\":\"fr-FR\",\"@id\":\"https:\\\/\\\/www.organisator.ch\\\/#\\\/schema\\\/logo\\\/image\\\/\",\"url\":\"https:\\\/\\\/www.organisator.ch\\\/wp-content\\\/uploads\\\/2022\\\/01\\\/Logo_Organisator_Website.png\",\"contentUrl\":\"https:\\\/\\\/www.organisator.ch\\\/wp-content\\\/uploads\\\/2022\\\/01\\\/Logo_Organisator_Website.png\",\"width\":800,\"height\":77,\"caption\":\"Organisator\"},\"image\":{\"@id\":\"https:\\\/\\\/www.organisator.ch\\\/#\\\/schema\\\/logo\\\/image\\\/\"},\"sameAs\":[\"https:\\\/\\\/www.facebook.com\\\/OrganisatorFachmagazin\",\"https:\\\/\\\/www.linkedin.com\\\/showcase\\\/organisator-das-magazin-fr-kmu\",\"https:\\\/\\\/www.xing.com\\\/news\\\/pages\\\/organisator-ch-695\",\"https:\\\/\\\/www.youtube.com\\\/channel\\\/UCGP2Sq0iWaZwT3BdIAQFYpw\"]},{\"@type\":\"Person\",\"@id\":\"https:\\\/\\\/www.organisator.ch\\\/#\\\/schema\\\/person\\\/4e51799071cd2dd1232ac003643ef5f0\",\"name\":\"galledia\",\"image\":{\"@type\":\"ImageObject\",\"inLanguage\":\"fr-FR\",\"@id\":\"https:\\\/\\\/secure.gravatar.com\\\/avatar\\\/78a7f90c01fc2bfc875782a0d4922b37cde2cf184ce347b91316d23cd7f69a36?s=96&d=mm&r=g\",\"url\":\"https:\\\/\\\/secure.gravatar.com\\\/avatar\\\/78a7f90c01fc2bfc875782a0d4922b37cde2cf184ce347b91316d23cd7f69a36?s=96&d=mm&r=g\",\"contentUrl\":\"https:\\\/\\\/secure.gravatar.com\\\/avatar\\\/78a7f90c01fc2bfc875782a0d4922b37cde2cf184ce347b91316d23cd7f69a36?s=96&d=mm&r=g\",\"caption\":\"galledia\"},\"sameAs\":[\"https:\\\/\\\/x.com\\\/admin\"],\"url\":\"https:\\\/\\\/www.organisator.ch\\\/fr\\\/author\\\/galledia\\\/\"}]}<\/script>\n<!-- \/ Yoast SEO plugin. -->","yoast_head_json":{"title":"Webrepublic f\u00eate son anniversaire avec une nouvelle structure de direction - Organisateur","description":"Tobias Zehnder reprend les activit\u00e9s op\u00e9rationnelles de Webrepublic, le CEO Tom Hanan se concentre sur l'orientation strat\u00e9gique.","robots":{"index":"index","follow":"follow","max-snippet":"max-snippet:-1","max-image-preview":"max-image-preview:large","max-video-preview":"max-video-preview:-1"},"canonical":"https:\/\/www.organisator.ch\/fr\/marketing\/2024-09-27\/webrepublic-feiert-jubilaeum-mit-neuer-fuehrungsstruktur\/","og_locale":"fr_FR","og_type":"article","og_title":"Webrepublic feiert Jubil\u00e4um mit neuer F\u00fchrungsstruktur - Organisator","og_description":"Tobias Zehnder \u00fcbernimmt operatives Gesch\u00e4ft bei Webrepublic, CEO Tom Hanan fokussiert auf strategische Ausrichtung.","og_url":"https:\/\/www.organisator.ch\/fr\/marketing\/2024-09-27\/webrepublic-feiert-jubilaeum-mit-neuer-fuehrungsstruktur\/","og_site_name":"Organisator","article_publisher":"https:\/\/www.facebook.com\/OrganisatorFachmagazin","article_published_time":"2024-09-27T10:13:32+00:00","article_modified_time":"2024-11-08T05:43:33+00:00","og_image":[{"url":"https:\/\/www.markt-kom.com\/wp-content\/uploads\/2024\/09\/Tom-Hanan-Tobias-Zehnder-Webrepublic-3.jpg","type":"","width":"","height":""}],"author":"galledia","twitter_card":"summary_large_image","twitter_creator":"@admin","schema":{"@context":"https:\/\/schema.org","@graph":[{"@type":"Article","@id":"https:\/\/www.organisator.ch\/marketing\/2024-09-27\/webrepublic-feiert-jubilaeum-mit-neuer-fuehrungsstruktur\/#article","isPartOf":{"@id":"https:\/\/www.organisator.ch\/marketing\/2024-09-27\/webrepublic-feiert-jubilaeum-mit-neuer-fuehrungsstruktur\/"},"author":{"name":"galledia","@id":"https:\/\/www.organisator.ch\/#\/schema\/person\/4e51799071cd2dd1232ac003643ef5f0"},"headline":"Webrepublic feiert Jubil\u00e4um mit neuer F\u00fchrungsstruktur","datePublished":"2024-09-27T10:13:32+00:00","dateModified":"2024-11-08T05:43:33+00:00","mainEntityOfPage":{"@id":"https:\/\/www.organisator.ch\/marketing\/2024-09-27\/webrepublic-feiert-jubilaeum-mit-neuer-fuehrungsstruktur\/"},"wordCount":241,"publisher":{"@id":"https:\/\/www.organisator.ch\/#organization"},"image":{"@id":"https:\/\/www.organisator.ch\/marketing\/2024-09-27\/webrepublic-feiert-jubilaeum-mit-neuer-fuehrungsstruktur\/#primaryimage"},"thumbnailUrl":"https:\/\/www.markt-kom.com\/wp-content\/uploads\/2024\/09\/Tom-Hanan-Tobias-Zehnder-Webrepublic-3.jpg","keywords":["Business","Webrepublic"],"articleSection":["MARKETING"],"inLanguage":"fr-FR"},{"@type":"WebPage","@id":"https:\/\/www.organisator.ch\/marketing\/2024-09-27\/webrepublic-feiert-jubilaeum-mit-neuer-fuehrungsstruktur\/","url":"https:\/\/www.organisator.ch\/marketing\/2024-09-27\/webrepublic-feiert-jubilaeum-mit-neuer-fuehrungsstruktur\/","name":"Webrepublic f\u00eate son anniversaire avec une nouvelle structure de direction - Organisateur","isPartOf":{"@id":"https:\/\/www.organisator.ch\/#website"},"primaryImageOfPage":{"@id":"https:\/\/www.organisator.ch\/marketing\/2024-09-27\/webrepublic-feiert-jubilaeum-mit-neuer-fuehrungsstruktur\/#primaryimage"},"image":{"@id":"https:\/\/www.organisator.ch\/marketing\/2024-09-27\/webrepublic-feiert-jubilaeum-mit-neuer-fuehrungsstruktur\/#primaryimage"},"thumbnailUrl":"https:\/\/www.markt-kom.com\/wp-content\/uploads\/2024\/09\/Tom-Hanan-Tobias-Zehnder-Webrepublic-3.jpg","datePublished":"2024-09-27T10:13:32+00:00","dateModified":"2024-11-08T05:43:33+00:00","description":"Tobias Zehnder reprend les activit\u00e9s op\u00e9rationnelles de Webrepublic, le CEO Tom Hanan se concentre sur l'orientation strat\u00e9gique.","breadcrumb":{"@id":"https:\/\/www.organisator.ch\/marketing\/2024-09-27\/webrepublic-feiert-jubilaeum-mit-neuer-fuehrungsstruktur\/#breadcrumb"},"inLanguage":"fr-FR","potentialAction":[{"@type":"ReadAction","target":["https:\/\/www.organisator.ch\/marketing\/2024-09-27\/webrepublic-feiert-jubilaeum-mit-neuer-fuehrungsstruktur\/"]}]},{"@type":"ImageObject","inLanguage":"fr-FR","@id":"https:\/\/www.organisator.ch\/marketing\/2024-09-27\/webrepublic-feiert-jubilaeum-mit-neuer-fuehrungsstruktur\/#primaryimage","url":"https:\/\/www.markt-kom.com\/wp-content\/uploads\/2024\/09\/Tom-Hanan-Tobias-Zehnder-Webrepublic-3.jpg","contentUrl":"https:\/\/www.markt-kom.com\/wp-content\/uploads\/2024\/09\/Tom-Hanan-Tobias-Zehnder-Webrepublic-3.jpg"},{"@type":"BreadcrumbList","@id":"https:\/\/www.organisator.ch\/marketing\/2024-09-27\/webrepublic-feiert-jubilaeum-mit-neuer-fuehrungsstruktur\/#breadcrumb","itemListElement":[{"@type":"ListItem","position":1,"name":"Home","item":"https:\/\/www.organisator.ch\/"},{"@type":"ListItem","position":2,"name":"Webrepublic feiert Jubil\u00e4um mit neuer F\u00fchrungsstruktur"}]},{"@type":"WebSite","@id":"https:\/\/www.organisator.ch\/#website","url":"https:\/\/www.organisator.ch\/","name":"Organisateur","description":"Comp\u00e9tence et comp\u00e9tence. Proches de la pratique. L'ORGANISATEUR pr\u00e9pare 10 num\u00e9ros par an sur les th\u00e8mes essentiels pour les dirigeants de PME.","publisher":{"@id":"https:\/\/www.organisator.ch\/#organization"},"potentialAction":[{"@type":"SearchAction","target":{"@type":"EntryPoint","urlTemplate":"https:\/\/www.organisator.ch\/?s={search_term_string}"},"query-input":{"@type":"PropertyValueSpecification","valueRequired":true,"valueName":"search_term_string"}}],"inLanguage":"fr-FR"},{"@type":"Organization","@id":"https:\/\/www.organisator.ch\/#organization","name":"Organisateur","url":"https:\/\/www.organisator.ch\/","logo":{"@type":"ImageObject","inLanguage":"fr-FR","@id":"https:\/\/www.organisator.ch\/#\/schema\/logo\/image\/","url":"https:\/\/www.organisator.ch\/wp-content\/uploads\/2022\/01\/Logo_Organisator_Website.png","contentUrl":"https:\/\/www.organisator.ch\/wp-content\/uploads\/2022\/01\/Logo_Organisator_Website.png","width":800,"height":77,"caption":"Organisator"},"image":{"@id":"https:\/\/www.organisator.ch\/#\/schema\/logo\/image\/"},"sameAs":["https:\/\/www.facebook.com\/OrganisatorFachmagazin","https:\/\/www.linkedin.com\/showcase\/organisator-das-magazin-fr-kmu","https:\/\/www.xing.com\/news\/pages\/organisator-ch-695","https:\/\/www.youtube.com\/channel\/UCGP2Sq0iWaZwT3BdIAQFYpw"]},{"@type":"Person","@id":"https:\/\/www.organisator.ch\/#\/schema\/person\/4e51799071cd2dd1232ac003643ef5f0","name":"galledia","image":{"@type":"ImageObject","inLanguage":"fr-FR","@id":"https:\/\/secure.gravatar.com\/avatar\/78a7f90c01fc2bfc875782a0d4922b37cde2cf184ce347b91316d23cd7f69a36?s=96&d=mm&r=g","url":"https:\/\/secure.gravatar.com\/avatar\/78a7f90c01fc2bfc875782a0d4922b37cde2cf184ce347b91316d23cd7f69a36?s=96&d=mm&r=g","contentUrl":"https:\/\/secure.gravatar.com\/avatar\/78a7f90c01fc2bfc875782a0d4922b37cde2cf184ce347b91316d23cd7f69a36?s=96&d=mm&r=g","caption":"galledia"},"sameAs":["https:\/\/x.com\/admin"],"url":"https:\/\/www.organisator.ch\/fr\/author\/galledia\/"}]}},"_links":{"self":[{"href":"https:\/\/www.organisator.ch\/fr\/wp-json\/wp\/v2\/posts\/30189","targetHints":{"allow":["GET"]}}],"collection":[{"href":"https:\/\/www.organisator.ch\/fr\/wp-json\/wp\/v2\/posts"}],"about":[{"href":"https:\/\/www.organisator.ch\/fr\/wp-json\/wp\/v2\/types\/post"}],"author":[{"embeddable":true,"href":"https:\/\/www.organisator.ch\/fr\/wp-json\/wp\/v2\/users\/8"}],"replies":[{"embeddable":true,"href":"https:\/\/www.organisator.ch\/fr\/wp-json\/wp\/v2\/comments?post=30189"}],"version-history":[{"count":11,"href":"https:\/\/www.organisator.ch\/fr\/wp-json\/wp\/v2\/posts\/30189\/revisions"}],"predecessor-version":[{"id":31860,"href":"https:\/\/www.organisator.ch\/fr\/wp-json\/wp\/v2\/posts\/30189\/revisions\/31860"}],"wp:attachment":[{"href":"https:\/\/www.organisator.ch\/fr\/wp-json\/wp\/v2\/media?parent=30189"}],"wp:term":[{"taxonomy":"category","embeddable":true,"href":"https:\/\/www.organisator.ch\/fr\/wp-json\/wp\/v2\/categories?post=30189"},{"taxonomy":"post_tag","embeddable":true,"href":"https:\/\/www.organisator.ch\/fr\/wp-json\/wp\/v2\/tags?post=30189"}],"curies":[{"name":"wp","href":"https:\/\/api.w.org\/{rel}","templated":true}]}}