{"id":30193,"date":"2024-09-27T09:33:16","date_gmt":"2024-09-27T07:33:16","guid":{"rendered":"https:\/\/www.markt-kom.com\/?p=224024"},"modified":"2024-11-08T06:53:10","modified_gmt":"2024-11-08T05:53:10","slug":"staempfli-kommunikation-gewinnt-vssm-pitch","status":"publish","type":"post","link":"https:\/\/www.organisator.ch\/fr\/marketing\/2024-09-27\/staempfli-kommunikation-gewinnt-vssm-pitch\/","title":{"rendered":"St\u00e4mpfli Kommunikation remporte le pitch de la VSSM"},"content":{"rendered":"<figure id=\"attachment_224025\" class=\"wp-caption aligncenter\" style=\"width: 1200px\" aria-describedby=\"caption-attachment-224025\"><img class=\"aligncenter wp-image-224025 size-full\" src=\"https:\/\/www.markt-kom.com\/wp-content\/uploads\/2024\/09\/macher23_unikat_mit_schreiner_m_w.jpg\" alt=\"Campagne ombrelle 2024 de la VSSM\" width=\"1200\" height=\"900\" \/>\r\n<figcaption id=\"caption-attachment-224025\" class=\"wp-caption-text\">(Image : zVg.)<\/figcaption>\r\n<\/figure>\r\n<p>Les d\u00e9fis du monde moderne de la communication et la concurrence croissante rendent n\u00e9cessaire le d\u00e9veloppement et le renforcement de l'image de la branche de la VSSM. Les entreprises membres de la VSSM se pr\u00e9sentent ainsi comme des faiseurs innovants, ce qui doit permettre d'augmenter durablement l'attractivit\u00e9 de la profession.<\/p>\r\n<p>St\u00e4mpfli Kommunikation sera responsable de la nouvelle campagne ombrelle de la VSSM. En mettant clairement l'accent sur l'innovation, l'authenticit\u00e9 et l'artisanat, l'agence a d\u00e9velopp\u00e9 une strat\u00e9gie visant \u00e0 renforcer l'image de l'association tout en enthousiasmant la rel\u00e8ve et les personnes souhaitant changer de voie. L'objectif central est d'augmenter durablement la visibilit\u00e9 du m\u00e9tier de menuisier aupr\u00e8s du public et de lutter de mani\u00e8re cibl\u00e9e contre la p\u00e9nurie de main-d'\u0153uvre qualifi\u00e9e et d'apprentis. L'accent est mis non seulement sur le m\u00e9tier de menuisier, mais aussi sur les nombreux services et produits que les 2 000 entreprises membres mettent \u00e0 la disposition de la population.<\/p>\r\n<p>La diversit\u00e9 du m\u00e9tier de menuisier - de l'art artisanal pr\u00e9cis et de l'engagement passionn\u00e9 \u00e0 la force d'innovation des technologies modernes - doit \u00eatre mise en \u00e9vidence par des points forts visuels et des messages \u00e9motionnels. L'approche cr\u00e9ative de St\u00e4mpfli Kommunikation pr\u00e9sente le secteur de la menuiserie comme un m\u00e9tier d'avenir et passionnant, qui allie tradition et technologie moderne.<strong><br \/>\r\n<\/strong>La campagne s'appuiera sur diff\u00e9rents canaux de communication, dont l'out-of-home, la presse \u00e9crite, les m\u00e9dias sociaux et les plateformes num\u00e9riques. Une attention particuli\u00e8re sera accord\u00e9e \u00e0 l'approche cibl\u00e9e des jeunes qui doivent \u00eatre enthousiasm\u00e9s par une formation ou une reconversion dans le secteur de la menuiserie. Le m\u00e9tier de menuisier ou de menuisi\u00e8re est positionn\u00e9 comme une option cr\u00e9ative et s\u00fbre pour l'avenir.<\/p>\r\n<hr \/>\r\n<p><strong>Responsable aupr\u00e8s de l'Association suisse des ma\u00eetres menuisiers et fabricants de meubles VSSM : <\/strong>Daniel Furrer (directeur), Michael Poysden (responsable du secteur Marketing &amp; Communication), Claudio Valenti (responsable Marketing) et Rolf K\u00fcmin (responsable du secteur Formation). <strong>Responsable chez St\u00e4mpfli Communication : <\/strong>Benjamin Scheurer (directeur de la cr\u00e9ation, chef d'\u00e9quipe de la cr\u00e9ation), Monica Masciadri (conseill\u00e8re senior de l'agence de communication, Andi Huggel (responsable de la communication de l'association) et Adriana Siragusano (conseill\u00e8re junior \/ chef de projet).<\/p>","protected":false},"excerpt":{"rendered":"<p>St\u00e4mpfli Kommunikation a remport\u00e9 le pitch de l'Association suisse des ma\u00eetres menuisiers et des fabricants de meubles VSSM. Avec une campagne ombrelle et un focus clair sur l'artisanat cr\u00e9atif, St\u00e4mpfli va red\u00e9finir l'image de la menuiserie en Suisse et renforcer durablement la visibilit\u00e9 de la branche.<\/p>","protected":false},"author":8,"featured_media":0,"comment_status":"closed","ping_status":"closed","sticky":false,"template":"","format":"standard","meta":{"_acf_changed":false,"_yoast_wpseo_focuskw":"VSSM Dachkampagne 2024","_yoast_wpseo_metadesc":"eue VSSM-Kampagne von St\u00e4mpfli Kommunikation st\u00e4rkt das Image der Schreinerbranche und bek\u00e4mpft Fachkr\u00e4fte- und Lehrlingsmangel.","articlekey":"","footnotes":""},"categories":[29],"tags":[2855,4070,4554],"class_list":["post-30193","post","type-post","status-publish","format-standard","hentry","category-marketing","tag-etats","tag-staempfli-kommunikation","tag-vssm"],"acf":[],"yoast_head":"<!-- This site is optimized with the Yoast SEO plugin v27.5 - https:\/\/yoast.com\/product\/yoast-seo-wordpress\/ -->\n<title>St\u00e4mpfli Kommunikation gewinnt VSSM-Pitch - Organisator<\/title>\n<meta name=\"description\" content=\"eue VSSM-Kampagne von St\u00e4mpfli Kommunikation st\u00e4rkt das Image der Schreinerbranche und bek\u00e4mpft Fachkr\u00e4fte- und Lehrlingsmangel.\" \/>\n<meta name=\"robots\" content=\"index, follow, max-snippet:-1, max-image-preview:large, max-video-preview:-1\" \/>\n<link rel=\"canonical\" href=\"https:\/\/www.organisator.ch\/fr\/marketing\/2024-09-27\/staempfli-kommunikation-gewinnt-vssm-pitch\/\" \/>\n<meta property=\"og:locale\" content=\"fr_FR\" \/>\n<meta property=\"og:type\" content=\"article\" \/>\n<meta property=\"og:title\" content=\"St\u00e4mpfli Kommunikation gewinnt VSSM-Pitch - Organisator\" \/>\n<meta property=\"og:description\" content=\"eue VSSM-Kampagne von St\u00e4mpfli Kommunikation st\u00e4rkt das Image der Schreinerbranche und bek\u00e4mpft Fachkr\u00e4fte- und Lehrlingsmangel.\" \/>\n<meta property=\"og:url\" content=\"https:\/\/www.organisator.ch\/fr\/marketing\/2024-09-27\/staempfli-kommunikation-gewinnt-vssm-pitch\/\" \/>\n<meta property=\"og:site_name\" content=\"Organisator\" \/>\n<meta property=\"article:publisher\" content=\"https:\/\/www.facebook.com\/OrganisatorFachmagazin\" \/>\n<meta property=\"article:published_time\" content=\"2024-09-27T07:33:16+00:00\" \/>\n<meta property=\"article:modified_time\" content=\"2024-11-08T05:53:10+00:00\" \/>\n<meta property=\"og:image\" content=\"https:\/\/www.markt-kom.com\/wp-content\/uploads\/2024\/09\/macher23_unikat_mit_schreiner_m_w.jpg\" \/>\n<meta name=\"author\" content=\"galledia\" \/>\n<meta name=\"twitter:card\" content=\"summary_large_image\" \/>\n<meta name=\"twitter:creator\" content=\"@admin\" \/>\n<script type=\"application\/ld+json\" class=\"yoast-schema-graph\">{\"@context\":\"https:\\\/\\\/schema.org\",\"@graph\":[{\"@type\":\"Article\",\"@id\":\"https:\\\/\\\/www.organisator.ch\\\/marketing\\\/2024-09-27\\\/staempfli-kommunikation-gewinnt-vssm-pitch\\\/#article\",\"isPartOf\":{\"@id\":\"https:\\\/\\\/www.organisator.ch\\\/marketing\\\/2024-09-27\\\/staempfli-kommunikation-gewinnt-vssm-pitch\\\/\"},\"author\":{\"name\":\"galledia\",\"@id\":\"https:\\\/\\\/www.organisator.ch\\\/#\\\/schema\\\/person\\\/4e51799071cd2dd1232ac003643ef5f0\"},\"headline\":\"St\u00e4mpfli Kommunikation gewinnt VSSM-Pitch\",\"datePublished\":\"2024-09-27T07:33:16+00:00\",\"dateModified\":\"2024-11-08T05:53:10+00:00\",\"mainEntityOfPage\":{\"@id\":\"https:\\\/\\\/www.organisator.ch\\\/marketing\\\/2024-09-27\\\/staempfli-kommunikation-gewinnt-vssm-pitch\\\/\"},\"wordCount\":305,\"publisher\":{\"@id\":\"https:\\\/\\\/www.organisator.ch\\\/#organization\"},\"image\":{\"@id\":\"https:\\\/\\\/www.organisator.ch\\\/marketing\\\/2024-09-27\\\/staempfli-kommunikation-gewinnt-vssm-pitch\\\/#primaryimage\"},\"thumbnailUrl\":\"https:\\\/\\\/www.markt-kom.com\\\/wp-content\\\/uploads\\\/2024\\\/09\\\/macher23_unikat_mit_schreiner_m_w.jpg\",\"keywords\":[\"Etats\",\"St\u00e4mpfli Kommunikation\",\"VSSM\"],\"articleSection\":[\"MARKETING\"],\"inLanguage\":\"fr-FR\"},{\"@type\":\"WebPage\",\"@id\":\"https:\\\/\\\/www.organisator.ch\\\/marketing\\\/2024-09-27\\\/staempfli-kommunikation-gewinnt-vssm-pitch\\\/\",\"url\":\"https:\\\/\\\/www.organisator.ch\\\/marketing\\\/2024-09-27\\\/staempfli-kommunikation-gewinnt-vssm-pitch\\\/\",\"name\":\"St\u00e4mpfli Kommunikation gewinnt VSSM-Pitch - Organisator\",\"isPartOf\":{\"@id\":\"https:\\\/\\\/www.organisator.ch\\\/#website\"},\"primaryImageOfPage\":{\"@id\":\"https:\\\/\\\/www.organisator.ch\\\/marketing\\\/2024-09-27\\\/staempfli-kommunikation-gewinnt-vssm-pitch\\\/#primaryimage\"},\"image\":{\"@id\":\"https:\\\/\\\/www.organisator.ch\\\/marketing\\\/2024-09-27\\\/staempfli-kommunikation-gewinnt-vssm-pitch\\\/#primaryimage\"},\"thumbnailUrl\":\"https:\\\/\\\/www.markt-kom.com\\\/wp-content\\\/uploads\\\/2024\\\/09\\\/macher23_unikat_mit_schreiner_m_w.jpg\",\"datePublished\":\"2024-09-27T07:33:16+00:00\",\"dateModified\":\"2024-11-08T05:53:10+00:00\",\"description\":\"eue VSSM-Kampagne von St\u00e4mpfli Kommunikation st\u00e4rkt das Image der Schreinerbranche und bek\u00e4mpft Fachkr\u00e4fte- und Lehrlingsmangel.\",\"breadcrumb\":{\"@id\":\"https:\\\/\\\/www.organisator.ch\\\/marketing\\\/2024-09-27\\\/staempfli-kommunikation-gewinnt-vssm-pitch\\\/#breadcrumb\"},\"inLanguage\":\"fr-FR\",\"potentialAction\":[{\"@type\":\"ReadAction\",\"target\":[\"https:\\\/\\\/www.organisator.ch\\\/marketing\\\/2024-09-27\\\/staempfli-kommunikation-gewinnt-vssm-pitch\\\/\"]}]},{\"@type\":\"ImageObject\",\"inLanguage\":\"fr-FR\",\"@id\":\"https:\\\/\\\/www.organisator.ch\\\/marketing\\\/2024-09-27\\\/staempfli-kommunikation-gewinnt-vssm-pitch\\\/#primaryimage\",\"url\":\"https:\\\/\\\/www.markt-kom.com\\\/wp-content\\\/uploads\\\/2024\\\/09\\\/macher23_unikat_mit_schreiner_m_w.jpg\",\"contentUrl\":\"https:\\\/\\\/www.markt-kom.com\\\/wp-content\\\/uploads\\\/2024\\\/09\\\/macher23_unikat_mit_schreiner_m_w.jpg\"},{\"@type\":\"BreadcrumbList\",\"@id\":\"https:\\\/\\\/www.organisator.ch\\\/marketing\\\/2024-09-27\\\/staempfli-kommunikation-gewinnt-vssm-pitch\\\/#breadcrumb\",\"itemListElement\":[{\"@type\":\"ListItem\",\"position\":1,\"name\":\"Home\",\"item\":\"https:\\\/\\\/www.organisator.ch\\\/\"},{\"@type\":\"ListItem\",\"position\":2,\"name\":\"St\u00e4mpfli Kommunikation gewinnt VSSM-Pitch\"}]},{\"@type\":\"WebSite\",\"@id\":\"https:\\\/\\\/www.organisator.ch\\\/#website\",\"url\":\"https:\\\/\\\/www.organisator.ch\\\/\",\"name\":\"Organisator\",\"description\":\"Kompetent. Praxisnah. Der ORGANISATOR bereitet in 10 Ausgaben pro Jahr die wesentlichen Themen f\u00fcr F\u00fchrungskr\u00e4fte von KMU auf.\",\"publisher\":{\"@id\":\"https:\\\/\\\/www.organisator.ch\\\/#organization\"},\"potentialAction\":[{\"@type\":\"SearchAction\",\"target\":{\"@type\":\"EntryPoint\",\"urlTemplate\":\"https:\\\/\\\/www.organisator.ch\\\/?s={search_term_string}\"},\"query-input\":{\"@type\":\"PropertyValueSpecification\",\"valueRequired\":true,\"valueName\":\"search_term_string\"}}],\"inLanguage\":\"fr-FR\"},{\"@type\":\"Organization\",\"@id\":\"https:\\\/\\\/www.organisator.ch\\\/#organization\",\"name\":\"Organisator\",\"url\":\"https:\\\/\\\/www.organisator.ch\\\/\",\"logo\":{\"@type\":\"ImageObject\",\"inLanguage\":\"fr-FR\",\"@id\":\"https:\\\/\\\/www.organisator.ch\\\/#\\\/schema\\\/logo\\\/image\\\/\",\"url\":\"https:\\\/\\\/www.organisator.ch\\\/wp-content\\\/uploads\\\/2022\\\/01\\\/Logo_Organisator_Website.png\",\"contentUrl\":\"https:\\\/\\\/www.organisator.ch\\\/wp-content\\\/uploads\\\/2022\\\/01\\\/Logo_Organisator_Website.png\",\"width\":800,\"height\":77,\"caption\":\"Organisator\"},\"image\":{\"@id\":\"https:\\\/\\\/www.organisator.ch\\\/#\\\/schema\\\/logo\\\/image\\\/\"},\"sameAs\":[\"https:\\\/\\\/www.facebook.com\\\/OrganisatorFachmagazin\",\"https:\\\/\\\/www.linkedin.com\\\/showcase\\\/organisator-das-magazin-fr-kmu\",\"https:\\\/\\\/www.xing.com\\\/news\\\/pages\\\/organisator-ch-695\",\"https:\\\/\\\/www.youtube.com\\\/channel\\\/UCGP2Sq0iWaZwT3BdIAQFYpw\"]},{\"@type\":\"Person\",\"@id\":\"https:\\\/\\\/www.organisator.ch\\\/#\\\/schema\\\/person\\\/4e51799071cd2dd1232ac003643ef5f0\",\"name\":\"galledia\",\"image\":{\"@type\":\"ImageObject\",\"inLanguage\":\"fr-FR\",\"@id\":\"https:\\\/\\\/secure.gravatar.com\\\/avatar\\\/78a7f90c01fc2bfc875782a0d4922b37cde2cf184ce347b91316d23cd7f69a36?s=96&d=mm&r=g\",\"url\":\"https:\\\/\\\/secure.gravatar.com\\\/avatar\\\/78a7f90c01fc2bfc875782a0d4922b37cde2cf184ce347b91316d23cd7f69a36?s=96&d=mm&r=g\",\"contentUrl\":\"https:\\\/\\\/secure.gravatar.com\\\/avatar\\\/78a7f90c01fc2bfc875782a0d4922b37cde2cf184ce347b91316d23cd7f69a36?s=96&d=mm&r=g\",\"caption\":\"galledia\"},\"sameAs\":[\"https:\\\/\\\/x.com\\\/admin\"],\"url\":\"https:\\\/\\\/www.organisator.ch\\\/fr\\\/author\\\/galledia\\\/\"}]}<\/script>\n<!-- \/ Yoast SEO plugin. -->","yoast_head_json":{"title":"St\u00e4mpfli Kommunikation remporte le pitch VSSM - Organisateur","description":"a nouvelle campagne VSSM de St\u00e4mpfli Kommunikation renforce l'image de la branche de la menuiserie et lutte contre le manque de personnel qualifi\u00e9 et d'apprentis.","robots":{"index":"index","follow":"follow","max-snippet":"max-snippet:-1","max-image-preview":"max-image-preview:large","max-video-preview":"max-video-preview:-1"},"canonical":"https:\/\/www.organisator.ch\/fr\/marketing\/2024-09-27\/staempfli-kommunikation-gewinnt-vssm-pitch\/","og_locale":"fr_FR","og_type":"article","og_title":"St\u00e4mpfli Kommunikation gewinnt VSSM-Pitch - Organisator","og_description":"eue VSSM-Kampagne von St\u00e4mpfli Kommunikation st\u00e4rkt das Image der Schreinerbranche und bek\u00e4mpft Fachkr\u00e4fte- und Lehrlingsmangel.","og_url":"https:\/\/www.organisator.ch\/fr\/marketing\/2024-09-27\/staempfli-kommunikation-gewinnt-vssm-pitch\/","og_site_name":"Organisator","article_publisher":"https:\/\/www.facebook.com\/OrganisatorFachmagazin","article_published_time":"2024-09-27T07:33:16+00:00","article_modified_time":"2024-11-08T05:53:10+00:00","og_image":[{"url":"https:\/\/www.markt-kom.com\/wp-content\/uploads\/2024\/09\/macher23_unikat_mit_schreiner_m_w.jpg","type":"","width":"","height":""}],"author":"galledia","twitter_card":"summary_large_image","twitter_creator":"@admin","schema":{"@context":"https:\/\/schema.org","@graph":[{"@type":"Article","@id":"https:\/\/www.organisator.ch\/marketing\/2024-09-27\/staempfli-kommunikation-gewinnt-vssm-pitch\/#article","isPartOf":{"@id":"https:\/\/www.organisator.ch\/marketing\/2024-09-27\/staempfli-kommunikation-gewinnt-vssm-pitch\/"},"author":{"name":"galledia","@id":"https:\/\/www.organisator.ch\/#\/schema\/person\/4e51799071cd2dd1232ac003643ef5f0"},"headline":"St\u00e4mpfli Kommunikation gewinnt VSSM-Pitch","datePublished":"2024-09-27T07:33:16+00:00","dateModified":"2024-11-08T05:53:10+00:00","mainEntityOfPage":{"@id":"https:\/\/www.organisator.ch\/marketing\/2024-09-27\/staempfli-kommunikation-gewinnt-vssm-pitch\/"},"wordCount":305,"publisher":{"@id":"https:\/\/www.organisator.ch\/#organization"},"image":{"@id":"https:\/\/www.organisator.ch\/marketing\/2024-09-27\/staempfli-kommunikation-gewinnt-vssm-pitch\/#primaryimage"},"thumbnailUrl":"https:\/\/www.markt-kom.com\/wp-content\/uploads\/2024\/09\/macher23_unikat_mit_schreiner_m_w.jpg","keywords":["Etats","St\u00e4mpfli Kommunikation","VSSM"],"articleSection":["MARKETING"],"inLanguage":"fr-FR"},{"@type":"WebPage","@id":"https:\/\/www.organisator.ch\/marketing\/2024-09-27\/staempfli-kommunikation-gewinnt-vssm-pitch\/","url":"https:\/\/www.organisator.ch\/marketing\/2024-09-27\/staempfli-kommunikation-gewinnt-vssm-pitch\/","name":"St\u00e4mpfli Kommunikation remporte le pitch VSSM - Organisateur","isPartOf":{"@id":"https:\/\/www.organisator.ch\/#website"},"primaryImageOfPage":{"@id":"https:\/\/www.organisator.ch\/marketing\/2024-09-27\/staempfli-kommunikation-gewinnt-vssm-pitch\/#primaryimage"},"image":{"@id":"https:\/\/www.organisator.ch\/marketing\/2024-09-27\/staempfli-kommunikation-gewinnt-vssm-pitch\/#primaryimage"},"thumbnailUrl":"https:\/\/www.markt-kom.com\/wp-content\/uploads\/2024\/09\/macher23_unikat_mit_schreiner_m_w.jpg","datePublished":"2024-09-27T07:33:16+00:00","dateModified":"2024-11-08T05:53:10+00:00","description":"a nouvelle campagne VSSM de St\u00e4mpfli Kommunikation renforce l'image de la branche de la menuiserie et lutte contre le manque de personnel qualifi\u00e9 et d'apprentis.","breadcrumb":{"@id":"https:\/\/www.organisator.ch\/marketing\/2024-09-27\/staempfli-kommunikation-gewinnt-vssm-pitch\/#breadcrumb"},"inLanguage":"fr-FR","potentialAction":[{"@type":"ReadAction","target":["https:\/\/www.organisator.ch\/marketing\/2024-09-27\/staempfli-kommunikation-gewinnt-vssm-pitch\/"]}]},{"@type":"ImageObject","inLanguage":"fr-FR","@id":"https:\/\/www.organisator.ch\/marketing\/2024-09-27\/staempfli-kommunikation-gewinnt-vssm-pitch\/#primaryimage","url":"https:\/\/www.markt-kom.com\/wp-content\/uploads\/2024\/09\/macher23_unikat_mit_schreiner_m_w.jpg","contentUrl":"https:\/\/www.markt-kom.com\/wp-content\/uploads\/2024\/09\/macher23_unikat_mit_schreiner_m_w.jpg"},{"@type":"BreadcrumbList","@id":"https:\/\/www.organisator.ch\/marketing\/2024-09-27\/staempfli-kommunikation-gewinnt-vssm-pitch\/#breadcrumb","itemListElement":[{"@type":"ListItem","position":1,"name":"Home","item":"https:\/\/www.organisator.ch\/"},{"@type":"ListItem","position":2,"name":"St\u00e4mpfli Kommunikation gewinnt VSSM-Pitch"}]},{"@type":"WebSite","@id":"https:\/\/www.organisator.ch\/#website","url":"https:\/\/www.organisator.ch\/","name":"Organisateur","description":"Comp\u00e9tence et comp\u00e9tence. Proches de la pratique. L'ORGANISATEUR pr\u00e9pare 10 num\u00e9ros par an sur les th\u00e8mes essentiels pour les dirigeants de PME.","publisher":{"@id":"https:\/\/www.organisator.ch\/#organization"},"potentialAction":[{"@type":"SearchAction","target":{"@type":"EntryPoint","urlTemplate":"https:\/\/www.organisator.ch\/?s={search_term_string}"},"query-input":{"@type":"PropertyValueSpecification","valueRequired":true,"valueName":"search_term_string"}}],"inLanguage":"fr-FR"},{"@type":"Organization","@id":"https:\/\/www.organisator.ch\/#organization","name":"Organisateur","url":"https:\/\/www.organisator.ch\/","logo":{"@type":"ImageObject","inLanguage":"fr-FR","@id":"https:\/\/www.organisator.ch\/#\/schema\/logo\/image\/","url":"https:\/\/www.organisator.ch\/wp-content\/uploads\/2022\/01\/Logo_Organisator_Website.png","contentUrl":"https:\/\/www.organisator.ch\/wp-content\/uploads\/2022\/01\/Logo_Organisator_Website.png","width":800,"height":77,"caption":"Organisator"},"image":{"@id":"https:\/\/www.organisator.ch\/#\/schema\/logo\/image\/"},"sameAs":["https:\/\/www.facebook.com\/OrganisatorFachmagazin","https:\/\/www.linkedin.com\/showcase\/organisator-das-magazin-fr-kmu","https:\/\/www.xing.com\/news\/pages\/organisator-ch-695","https:\/\/www.youtube.com\/channel\/UCGP2Sq0iWaZwT3BdIAQFYpw"]},{"@type":"Person","@id":"https:\/\/www.organisator.ch\/#\/schema\/person\/4e51799071cd2dd1232ac003643ef5f0","name":"galledia","image":{"@type":"ImageObject","inLanguage":"fr-FR","@id":"https:\/\/secure.gravatar.com\/avatar\/78a7f90c01fc2bfc875782a0d4922b37cde2cf184ce347b91316d23cd7f69a36?s=96&d=mm&r=g","url":"https:\/\/secure.gravatar.com\/avatar\/78a7f90c01fc2bfc875782a0d4922b37cde2cf184ce347b91316d23cd7f69a36?s=96&d=mm&r=g","contentUrl":"https:\/\/secure.gravatar.com\/avatar\/78a7f90c01fc2bfc875782a0d4922b37cde2cf184ce347b91316d23cd7f69a36?s=96&d=mm&r=g","caption":"galledia"},"sameAs":["https:\/\/x.com\/admin"],"url":"https:\/\/www.organisator.ch\/fr\/author\/galledia\/"}]}},"_links":{"self":[{"href":"https:\/\/www.organisator.ch\/fr\/wp-json\/wp\/v2\/posts\/30193","targetHints":{"allow":["GET"]}}],"collection":[{"href":"https:\/\/www.organisator.ch\/fr\/wp-json\/wp\/v2\/posts"}],"about":[{"href":"https:\/\/www.organisator.ch\/fr\/wp-json\/wp\/v2\/types\/post"}],"author":[{"embeddable":true,"href":"https:\/\/www.organisator.ch\/fr\/wp-json\/wp\/v2\/users\/8"}],"replies":[{"embeddable":true,"href":"https:\/\/www.organisator.ch\/fr\/wp-json\/wp\/v2\/comments?post=30193"}],"version-history":[{"count":4,"href":"https:\/\/www.organisator.ch\/fr\/wp-json\/wp\/v2\/posts\/30193\/revisions"}],"predecessor-version":[{"id":31863,"href":"https:\/\/www.organisator.ch\/fr\/wp-json\/wp\/v2\/posts\/30193\/revisions\/31863"}],"wp:attachment":[{"href":"https:\/\/www.organisator.ch\/fr\/wp-json\/wp\/v2\/media?parent=30193"}],"wp:term":[{"taxonomy":"category","embeddable":true,"href":"https:\/\/www.organisator.ch\/fr\/wp-json\/wp\/v2\/categories?post=30193"},{"taxonomy":"post_tag","embeddable":true,"href":"https:\/\/www.organisator.ch\/fr\/wp-json\/wp\/v2\/tags?post=30193"}],"curies":[{"name":"wp","href":"https:\/\/api.w.org\/{rel}","templated":true}]}}