{"id":302,"date":"2016-12-07T13:47:26","date_gmt":"2016-12-07T12:47:26","guid":{"rendered":"http:\/\/dev.organisator.ch\/?p=302"},"modified":"2016-12-07T13:47:26","modified_gmt":"2016-12-07T12:47:26","slug":"sage-start-fuer-kleine-unternehmen-und-start-ups","status":"publish","type":"post","link":"https:\/\/www.organisator.ch\/fr\/management\/it\/2016-12-07\/sage-start-fuer-kleine-unternehmen-und-start-ups\/","title":{"rendered":"Sage Start pour les petites entreprises et les start-ups"},"content":{"rendered":"<figure id=\"attachment_312\" aria-describedby=\"caption-attachment-312\" style=\"width: 446px\" class=\"wp-caption alignnone\"><img loading=\"lazy\" decoding=\"async\" class=\"size-full wp-image-312\" src=\"https:\/\/www.organisator.ch\/wp-content\/uploads\/2016\/12\/Sage-Start-fuer-kleine-Unternehmen-und-Start-ups-organisator.jpg\" alt=\"\" width=\"446\" height=\"284\" srcset=\"https:\/\/www.organisator.ch\/wp-content\/uploads\/2016\/12\/Sage-Start-fuer-kleine-Unternehmen-und-Start-ups-organisator.jpg 446w, https:\/\/www.organisator.ch\/wp-content\/uploads\/2016\/12\/Sage-Start-fuer-kleine-Unternehmen-und-Start-ups-organisator-16x10.jpg 16w, https:\/\/www.organisator.ch\/wp-content\/uploads\/2016\/12\/Sage-Start-fuer-kleine-Unternehmen-und-Start-ups-organisator-275x175.jpg 275w, https:\/\/www.organisator.ch\/wp-content\/uploads\/2016\/12\/Sage-Start-fuer-kleine-Unternehmen-und-Start-ups-organisator-300x191.jpg 300w\" sizes=\"auto, (max-width: 446px) 100vw, 446px\" \/><figcaption id=\"caption-attachment-312\" class=\"wp-caption-text\">(Image : Sage)<\/figcaption><\/figure>\n<p>C'est justement dans la comptabilit\u00e9 salariale complexe qu'une solution de programme flexible offre d'\u00e9normes avantages. Bien entendu, avec la version 2017, les clients sont pr\u00eats pour les formats ISO 20022 du nouveau trafic des paiements, que les \u00e9tablissements financiers suisses introduisent progressivement.<\/p>\n<p><strong>Collaboration flexible avec l'agent fiduciaire<\/strong><\/p>\n<p>Le nouveau Sage Start offre l'avantage de permettre aux jeunes et aux petites entreprises de d\u00e9marrer avec la facturation de mani\u00e8re l\u00e9g\u00e8re et \u00e9conomique, tout en permettant \u00e0 la fiduciaire d'acc\u00e9der \u00e0 l'ensemble des fonctions du logiciel de son c\u00f4t\u00e9. Ainsi, l'agent fiduciaire peut g\u00e9rer la comptabilit\u00e9 salariale dans Sage Start du client fiduciaire, m\u00eame si ce dernier n'est abonn\u00e9 qu'\u00e0 Sage Start Facturation, par exemple.<\/p>\n<p><strong>Version trilingue supervis\u00e9e<\/strong><\/p>\n<p>\"L'exp\u00e9rience montre que c'est la comptabilit\u00e9 salariale qui donne le plus de fil \u00e0 retordre \u00e0 nos clients, car elle est tr\u00e8s complexe\", explique Maxime Bossy, Managing Director de la fiduciaire Findea. \"Avec le nouveau Sage Start, il est facile pour nous d'accompagner nos clients de mani\u00e8re s\u00fbre et comp\u00e9tente, notamment en ce qui concerne les salaires. De plus, comme Sage Start est trilingue, il est \u00e9galement adapt\u00e9 \u00e0 l'accompagnement de nos clients en Suisse romande et au Tessin\".<\/p>\n<p><strong>Mod\u00e8le de cloud hybride<\/strong><\/p>\n<p>Cette collaboration flexible est rendue possible par le mod\u00e8le de cloud hybride de Sage Start, dans lequel seules les donn\u00e9es de l'application sont conserv\u00e9es dans le cloud. Si le client fiduciaire utilise par exemple la comptabilit\u00e9 financi\u00e8re Sage Start, il voit la comptabilisation correspondante des salaires dans sa comptabilit\u00e9. Si le client d\u00e9cide ult\u00e9rieurement de s'abonner lui-m\u00eame \u00e0 la comptabilit\u00e9 salariale, il obtient imm\u00e9diatement un acc\u00e8s complet \u00e0 toutes les comptabilisations de salaires d\u00e9j\u00e0 effectu\u00e9es.<\/p>\n<p>Le client fiduciaire conserve \u00e0 tout moment la ma\u00eetrise de ses donn\u00e9es. Celui-ci peut accorder \u00e0 son fiduciaire l'acc\u00e8s \u00e0 ses donn\u00e9es et le lui retirer en quelques \u00e9tapes.<\/p>\n<p><strong>Pr\u00eat pour le nouveau trafic des paiements<\/strong><\/p>\n<p>Avec ISO 20022, les \u00e9tablissements financiers suisses uniformisent les formats d'\u00e9change de donn\u00e9es entre les entreprises et les banques. Sage Start met d\u00e9j\u00e0 \u00e0 disposition tous les nouveaux formats pour les virements, les extraits de compte et les rapports BVR. Gr\u00e2ce \u00e0 la nouvelle norme ISO, tous les mouvements de l'e-banking peuvent \u00eatre compar\u00e9s de mani\u00e8re enti\u00e8rement automatis\u00e9e avec la comptabilit\u00e9 de Sage Start, ce qui simplifie consid\u00e9rablement la gestion des liquidit\u00e9s. Cette comparaison des comptes bancaires fonctionne avec toutes les banques suisses.<\/p>\n<p>Le logiciel de gestion est modulaire et disponible \u00e0 partir de 30 CHF\/mois. Les mises \u00e0 jour et le support sont inclus. Liens compl\u00e9mentaires :<\/p>\n<p><a href=\"http:\/\/www.sagestart.ch\" target=\"_blank\" rel=\"noreferrer noopener\" data-cke-saved-href=\"http:\/\/www.sagestart.ch\">www.sagestart.ch<\/a><br \/>\n<a href=\"http:\/\/www.sage-treuhand.ch\" target=\"_blank\" rel=\"noreferrer noopener\" data-cke-saved-href=\"http:\/\/www.sage-treuhand.ch\">www.sage-treuhand.ch<\/a><br \/>\n<a href=\"http:\/\/www.findea.ch\" target=\"_blank\" rel=\"noreferrer noopener\" data-cke-saved-href=\"http:\/\/www.findea.ch\">www.findea.ch<\/a><\/p>","protected":false},"excerpt":{"rendered":"<p>Gerade in der komplexen Lohnbuchhaltung bietet eine flexible Programml\u00f6sung enorme Vorteile. Selbstverst\u00e4ndlich sind die Kunden mit der Version 2017 bereit f\u00fcr die ISO 20022-Formate des neuen Zahlungsverkehrs, welche die Schweizer Finanzinstitute schrittweise einf\u00fchren. Flexible Zusammenarbeit mit Treuh\u00e4nder Das neue Sage Start bietet den Vorteil, dass gerade Jung- und Kleinunternehmer mit der Fakturierung schlank und kosteng\u00fcnstig [&hellip;]<\/p>\n","protected":false},"author":1,"featured_media":312,"comment_status":"open","ping_status":"open","sticky":false,"template":"","format":"standard","meta":{"_acf_changed":false,"_yoast_wpseo_focuskw":"Sage","_yoast_wpseo_metadesc":"Sage lanciert f\u00fcr Sage Start die neue Version 2017, welche die Zusammenarbeit f\u00fcr Kleinunternehmen und Start-ups mit dem Treuh\u00e4nder noch einfacher macht.","articlekey":"","footnotes":""},"categories":[27],"tags":[286,288],"class_list":["post-302","post","type-post","status-publish","format-standard","has-post-thumbnail","hentry","category-it","tag-it","tag-it-business-software"],"acf":[],"yoast_head":"<!-- This site is optimized with the Yoast SEO plugin v27.5 - https:\/\/yoast.com\/product\/yoast-seo-wordpress\/ -->\n<title>Sage Start f\u00fcr kleine Unternehmen und Start-ups - Organisator<\/title>\n<meta name=\"description\" content=\"Sage lanciert f\u00fcr Sage Start die neue Version 2017, welche die Zusammenarbeit f\u00fcr Kleinunternehmen und Start-ups mit dem Treuh\u00e4nder noch einfacher macht.\" \/>\n<meta name=\"robots\" content=\"index, follow, max-snippet:-1, max-image-preview:large, max-video-preview:-1\" \/>\n<link rel=\"canonical\" href=\"https:\/\/www.organisator.ch\/fr\/gestion-2\/it\/2016-12-07\/sage-start-fuer-kleine-unternehmen-und-start-ups\/\" \/>\n<meta property=\"og:locale\" content=\"fr_FR\" \/>\n<meta property=\"og:type\" content=\"article\" \/>\n<meta property=\"og:title\" content=\"Sage Start f\u00fcr kleine Unternehmen und Start-ups\" \/>\n<meta property=\"og:description\" content=\"Sage lanciert f\u00fcr Sage Start die neue Version 2017, welche die Zusammenarbeit f\u00fcr Kleinunternehmen und Start-ups mit dem Treuh\u00e4nder noch einfacher macht. Unternehmer k\u00f6nnen sich neu dank Sage Start vom Treuh\u00e4nder online direkt auch in jenen Bereichen unterst\u00fctzen lassen, welche sie selber nicht abonniert haben.\" \/>\n<meta property=\"og:url\" content=\"https:\/\/www.organisator.ch\/fr\/gestion-2\/it\/2016-12-07\/sage-start-fuer-kleine-unternehmen-und-start-ups\/\" \/>\n<meta property=\"og:site_name\" content=\"Organisator\" \/>\n<meta property=\"article:publisher\" content=\"https:\/\/www.facebook.com\/OrganisatorFachmagazin\" \/>\n<meta property=\"article:published_time\" content=\"2016-12-07T12:47:26+00:00\" \/>\n<meta name=\"author\" content=\"admin\" \/>\n<meta name=\"twitter:card\" content=\"summary_large_image\" \/>\n<meta name=\"twitter:image\" content=\"https:\/\/www.organisator.ch\/wp-content\/uploads\/2016\/12\/Sage-Start-fuer-kleine-Unternehmen-und-Start-ups-organisator.jpg\" \/>\n<script type=\"application\/ld+json\" class=\"yoast-schema-graph\">{\"@context\":\"https:\\\/\\\/schema.org\",\"@graph\":[{\"@type\":\"Article\",\"@id\":\"https:\\\/\\\/www.organisator.ch\\\/management\\\/it\\\/2016-12-07\\\/sage-start-fuer-kleine-unternehmen-und-start-ups\\\/#article\",\"isPartOf\":{\"@id\":\"https:\\\/\\\/www.organisator.ch\\\/management\\\/it\\\/2016-12-07\\\/sage-start-fuer-kleine-unternehmen-und-start-ups\\\/\"},\"author\":{\"name\":\"admin\",\"@id\":\"https:\\\/\\\/www.organisator.ch\\\/#\\\/schema\\\/person\\\/aa2bace6c5c5aad60102004a50c4eb1c\"},\"headline\":\"Sage Start f\u00fcr kleine Unternehmen und Start-ups\",\"datePublished\":\"2016-12-07T12:47:26+00:00\",\"mainEntityOfPage\":{\"@id\":\"https:\\\/\\\/www.organisator.ch\\\/management\\\/it\\\/2016-12-07\\\/sage-start-fuer-kleine-unternehmen-und-start-ups\\\/\"},\"wordCount\":389,\"commentCount\":0,\"publisher\":{\"@id\":\"https:\\\/\\\/www.organisator.ch\\\/#organization\"},\"image\":{\"@id\":\"https:\\\/\\\/www.organisator.ch\\\/management\\\/it\\\/2016-12-07\\\/sage-start-fuer-kleine-unternehmen-und-start-ups\\\/#primaryimage\"},\"thumbnailUrl\":\"https:\\\/\\\/www.organisator.ch\\\/wp-content\\\/uploads\\\/2016\\\/12\\\/Sage-Start-fuer-kleine-Unternehmen-und-Start-ups-organisator.jpg\",\"keywords\":[\"IT\",\"IT &amp; Business Software\"],\"articleSection\":[\"IT\"],\"inLanguage\":\"fr-FR\"},{\"@type\":\"WebPage\",\"@id\":\"https:\\\/\\\/www.organisator.ch\\\/management\\\/it\\\/2016-12-07\\\/sage-start-fuer-kleine-unternehmen-und-start-ups\\\/\",\"url\":\"https:\\\/\\\/www.organisator.ch\\\/management\\\/it\\\/2016-12-07\\\/sage-start-fuer-kleine-unternehmen-und-start-ups\\\/\",\"name\":\"Sage Start f\u00fcr kleine Unternehmen und Start-ups - Organisator\",\"isPartOf\":{\"@id\":\"https:\\\/\\\/www.organisator.ch\\\/#website\"},\"primaryImageOfPage\":{\"@id\":\"https:\\\/\\\/www.organisator.ch\\\/management\\\/it\\\/2016-12-07\\\/sage-start-fuer-kleine-unternehmen-und-start-ups\\\/#primaryimage\"},\"image\":{\"@id\":\"https:\\\/\\\/www.organisator.ch\\\/management\\\/it\\\/2016-12-07\\\/sage-start-fuer-kleine-unternehmen-und-start-ups\\\/#primaryimage\"},\"thumbnailUrl\":\"https:\\\/\\\/www.organisator.ch\\\/wp-content\\\/uploads\\\/2016\\\/12\\\/Sage-Start-fuer-kleine-Unternehmen-und-Start-ups-organisator.jpg\",\"datePublished\":\"2016-12-07T12:47:26+00:00\",\"description\":\"Sage lanciert f\u00fcr Sage Start die neue Version 2017, welche die Zusammenarbeit f\u00fcr Kleinunternehmen und Start-ups mit dem Treuh\u00e4nder noch einfacher macht.\",\"breadcrumb\":{\"@id\":\"https:\\\/\\\/www.organisator.ch\\\/management\\\/it\\\/2016-12-07\\\/sage-start-fuer-kleine-unternehmen-und-start-ups\\\/#breadcrumb\"},\"inLanguage\":\"fr-FR\",\"potentialAction\":[{\"@type\":\"ReadAction\",\"target\":[\"https:\\\/\\\/www.organisator.ch\\\/management\\\/it\\\/2016-12-07\\\/sage-start-fuer-kleine-unternehmen-und-start-ups\\\/\"]}]},{\"@type\":\"ImageObject\",\"inLanguage\":\"fr-FR\",\"@id\":\"https:\\\/\\\/www.organisator.ch\\\/management\\\/it\\\/2016-12-07\\\/sage-start-fuer-kleine-unternehmen-und-start-ups\\\/#primaryimage\",\"url\":\"https:\\\/\\\/www.organisator.ch\\\/wp-content\\\/uploads\\\/2016\\\/12\\\/Sage-Start-fuer-kleine-Unternehmen-und-Start-ups-organisator.jpg\",\"contentUrl\":\"https:\\\/\\\/www.organisator.ch\\\/wp-content\\\/uploads\\\/2016\\\/12\\\/Sage-Start-fuer-kleine-Unternehmen-und-Start-ups-organisator.jpg\",\"width\":446,\"height\":284,\"caption\":\"(Bild: Sage)\"},{\"@type\":\"BreadcrumbList\",\"@id\":\"https:\\\/\\\/www.organisator.ch\\\/management\\\/it\\\/2016-12-07\\\/sage-start-fuer-kleine-unternehmen-und-start-ups\\\/#breadcrumb\",\"itemListElement\":[{\"@type\":\"ListItem\",\"position\":1,\"name\":\"Home\",\"item\":\"https:\\\/\\\/www.organisator.ch\\\/\"},{\"@type\":\"ListItem\",\"position\":2,\"name\":\"Sage Start f\u00fcr kleine Unternehmen und Start-ups\"}]},{\"@type\":\"WebSite\",\"@id\":\"https:\\\/\\\/www.organisator.ch\\\/#website\",\"url\":\"https:\\\/\\\/www.organisator.ch\\\/\",\"name\":\"Organisator\",\"description\":\"Kompetent. Praxisnah. Der ORGANISATOR bereitet in 10 Ausgaben pro Jahr die wesentlichen Themen f\u00fcr F\u00fchrungskr\u00e4fte von KMU auf.\",\"publisher\":{\"@id\":\"https:\\\/\\\/www.organisator.ch\\\/#organization\"},\"potentialAction\":[{\"@type\":\"SearchAction\",\"target\":{\"@type\":\"EntryPoint\",\"urlTemplate\":\"https:\\\/\\\/www.organisator.ch\\\/?s={search_term_string}\"},\"query-input\":{\"@type\":\"PropertyValueSpecification\",\"valueRequired\":true,\"valueName\":\"search_term_string\"}}],\"inLanguage\":\"fr-FR\"},{\"@type\":\"Organization\",\"@id\":\"https:\\\/\\\/www.organisator.ch\\\/#organization\",\"name\":\"Organisator\",\"url\":\"https:\\\/\\\/www.organisator.ch\\\/\",\"logo\":{\"@type\":\"ImageObject\",\"inLanguage\":\"fr-FR\",\"@id\":\"https:\\\/\\\/www.organisator.ch\\\/#\\\/schema\\\/logo\\\/image\\\/\",\"url\":\"https:\\\/\\\/www.organisator.ch\\\/wp-content\\\/uploads\\\/2022\\\/01\\\/Logo_Organisator_Website.png\",\"contentUrl\":\"https:\\\/\\\/www.organisator.ch\\\/wp-content\\\/uploads\\\/2022\\\/01\\\/Logo_Organisator_Website.png\",\"width\":800,\"height\":77,\"caption\":\"Organisator\"},\"image\":{\"@id\":\"https:\\\/\\\/www.organisator.ch\\\/#\\\/schema\\\/logo\\\/image\\\/\"},\"sameAs\":[\"https:\\\/\\\/www.facebook.com\\\/OrganisatorFachmagazin\",\"https:\\\/\\\/www.linkedin.com\\\/showcase\\\/organisator-das-magazin-fr-kmu\",\"https:\\\/\\\/www.xing.com\\\/news\\\/pages\\\/organisator-ch-695\",\"https:\\\/\\\/www.youtube.com\\\/channel\\\/UCGP2Sq0iWaZwT3BdIAQFYpw\"]},{\"@type\":\"Person\",\"@id\":\"https:\\\/\\\/www.organisator.ch\\\/#\\\/schema\\\/person\\\/aa2bace6c5c5aad60102004a50c4eb1c\",\"name\":\"admin\",\"image\":{\"@type\":\"ImageObject\",\"inLanguage\":\"fr-FR\",\"@id\":\"https:\\\/\\\/secure.gravatar.com\\\/avatar\\\/ae2f4d718e6c49043e314ce431e7e645d646302a24a5ef5a8bc8e3f5a032e319?s=96&d=mm&r=g\",\"url\":\"https:\\\/\\\/secure.gravatar.com\\\/avatar\\\/ae2f4d718e6c49043e314ce431e7e645d646302a24a5ef5a8bc8e3f5a032e319?s=96&d=mm&r=g\",\"contentUrl\":\"https:\\\/\\\/secure.gravatar.com\\\/avatar\\\/ae2f4d718e6c49043e314ce431e7e645d646302a24a5ef5a8bc8e3f5a032e319?s=96&d=mm&r=g\",\"caption\":\"admin\"},\"sameAs\":[\"https:\\\/\\\/www.organisator.ch\"],\"url\":\"https:\\\/\\\/www.organisator.ch\\\/fr\\\/author\\\/admin\\\/\"}]}<\/script>\n<!-- \/ Yoast SEO plugin. -->","yoast_head_json":{"title":"Sage Start pour les petites entreprises et les start-ups - Organisateur","description":"Sage lance pour Sage Start la nouvelle version 2017 qui rend la collaboration avec la fiduciaire encore plus simple pour les petites entreprises et les start-ups.","robots":{"index":"index","follow":"follow","max-snippet":"max-snippet:-1","max-image-preview":"max-image-preview:large","max-video-preview":"max-video-preview:-1"},"canonical":"https:\/\/www.organisator.ch\/fr\/gestion-2\/it\/2016-12-07\/sage-start-fuer-kleine-unternehmen-und-start-ups\/","og_locale":"fr_FR","og_type":"article","og_title":"Sage Start f\u00fcr kleine Unternehmen und Start-ups","og_description":"Sage lanciert f\u00fcr Sage Start die neue Version 2017, welche die Zusammenarbeit f\u00fcr Kleinunternehmen und Start-ups mit dem Treuh\u00e4nder noch einfacher macht. Unternehmer k\u00f6nnen sich neu dank Sage Start vom Treuh\u00e4nder online direkt auch in jenen Bereichen unterst\u00fctzen lassen, welche sie selber nicht abonniert haben.","og_url":"https:\/\/www.organisator.ch\/fr\/gestion-2\/it\/2016-12-07\/sage-start-fuer-kleine-unternehmen-und-start-ups\/","og_site_name":"Organisator","article_publisher":"https:\/\/www.facebook.com\/OrganisatorFachmagazin","article_published_time":"2016-12-07T12:47:26+00:00","author":"admin","twitter_card":"summary_large_image","twitter_image":"https:\/\/www.organisator.ch\/wp-content\/uploads\/2016\/12\/Sage-Start-fuer-kleine-Unternehmen-und-Start-ups-organisator.jpg","schema":{"@context":"https:\/\/schema.org","@graph":[{"@type":"Article","@id":"https:\/\/www.organisator.ch\/management\/it\/2016-12-07\/sage-start-fuer-kleine-unternehmen-und-start-ups\/#article","isPartOf":{"@id":"https:\/\/www.organisator.ch\/management\/it\/2016-12-07\/sage-start-fuer-kleine-unternehmen-und-start-ups\/"},"author":{"name":"admin","@id":"https:\/\/www.organisator.ch\/#\/schema\/person\/aa2bace6c5c5aad60102004a50c4eb1c"},"headline":"Sage Start f\u00fcr kleine Unternehmen und Start-ups","datePublished":"2016-12-07T12:47:26+00:00","mainEntityOfPage":{"@id":"https:\/\/www.organisator.ch\/management\/it\/2016-12-07\/sage-start-fuer-kleine-unternehmen-und-start-ups\/"},"wordCount":389,"commentCount":0,"publisher":{"@id":"https:\/\/www.organisator.ch\/#organization"},"image":{"@id":"https:\/\/www.organisator.ch\/management\/it\/2016-12-07\/sage-start-fuer-kleine-unternehmen-und-start-ups\/#primaryimage"},"thumbnailUrl":"https:\/\/www.organisator.ch\/wp-content\/uploads\/2016\/12\/Sage-Start-fuer-kleine-Unternehmen-und-Start-ups-organisator.jpg","keywords":["IT","IT &amp; Business Software"],"articleSection":["IT"],"inLanguage":"fr-FR"},{"@type":"WebPage","@id":"https:\/\/www.organisator.ch\/management\/it\/2016-12-07\/sage-start-fuer-kleine-unternehmen-und-start-ups\/","url":"https:\/\/www.organisator.ch\/management\/it\/2016-12-07\/sage-start-fuer-kleine-unternehmen-und-start-ups\/","name":"Sage Start pour les petites entreprises et les start-ups - Organisateur","isPartOf":{"@id":"https:\/\/www.organisator.ch\/#website"},"primaryImageOfPage":{"@id":"https:\/\/www.organisator.ch\/management\/it\/2016-12-07\/sage-start-fuer-kleine-unternehmen-und-start-ups\/#primaryimage"},"image":{"@id":"https:\/\/www.organisator.ch\/management\/it\/2016-12-07\/sage-start-fuer-kleine-unternehmen-und-start-ups\/#primaryimage"},"thumbnailUrl":"https:\/\/www.organisator.ch\/wp-content\/uploads\/2016\/12\/Sage-Start-fuer-kleine-Unternehmen-und-Start-ups-organisator.jpg","datePublished":"2016-12-07T12:47:26+00:00","description":"Sage lance pour Sage Start la nouvelle version 2017 qui rend la collaboration avec la fiduciaire encore plus simple pour les petites entreprises et les start-ups.","breadcrumb":{"@id":"https:\/\/www.organisator.ch\/management\/it\/2016-12-07\/sage-start-fuer-kleine-unternehmen-und-start-ups\/#breadcrumb"},"inLanguage":"fr-FR","potentialAction":[{"@type":"ReadAction","target":["https:\/\/www.organisator.ch\/management\/it\/2016-12-07\/sage-start-fuer-kleine-unternehmen-und-start-ups\/"]}]},{"@type":"ImageObject","inLanguage":"fr-FR","@id":"https:\/\/www.organisator.ch\/management\/it\/2016-12-07\/sage-start-fuer-kleine-unternehmen-und-start-ups\/#primaryimage","url":"https:\/\/www.organisator.ch\/wp-content\/uploads\/2016\/12\/Sage-Start-fuer-kleine-Unternehmen-und-Start-ups-organisator.jpg","contentUrl":"https:\/\/www.organisator.ch\/wp-content\/uploads\/2016\/12\/Sage-Start-fuer-kleine-Unternehmen-und-Start-ups-organisator.jpg","width":446,"height":284,"caption":"(Bild: Sage)"},{"@type":"BreadcrumbList","@id":"https:\/\/www.organisator.ch\/management\/it\/2016-12-07\/sage-start-fuer-kleine-unternehmen-und-start-ups\/#breadcrumb","itemListElement":[{"@type":"ListItem","position":1,"name":"Home","item":"https:\/\/www.organisator.ch\/"},{"@type":"ListItem","position":2,"name":"Sage Start f\u00fcr kleine Unternehmen und Start-ups"}]},{"@type":"WebSite","@id":"https:\/\/www.organisator.ch\/#website","url":"https:\/\/www.organisator.ch\/","name":"Organisateur","description":"Comp\u00e9tence et comp\u00e9tence. Proches de la pratique. L'ORGANISATEUR pr\u00e9pare 10 num\u00e9ros par an sur les th\u00e8mes essentiels pour les dirigeants de PME.","publisher":{"@id":"https:\/\/www.organisator.ch\/#organization"},"potentialAction":[{"@type":"SearchAction","target":{"@type":"EntryPoint","urlTemplate":"https:\/\/www.organisator.ch\/?s={search_term_string}"},"query-input":{"@type":"PropertyValueSpecification","valueRequired":true,"valueName":"search_term_string"}}],"inLanguage":"fr-FR"},{"@type":"Organization","@id":"https:\/\/www.organisator.ch\/#organization","name":"Organisateur","url":"https:\/\/www.organisator.ch\/","logo":{"@type":"ImageObject","inLanguage":"fr-FR","@id":"https:\/\/www.organisator.ch\/#\/schema\/logo\/image\/","url":"https:\/\/www.organisator.ch\/wp-content\/uploads\/2022\/01\/Logo_Organisator_Website.png","contentUrl":"https:\/\/www.organisator.ch\/wp-content\/uploads\/2022\/01\/Logo_Organisator_Website.png","width":800,"height":77,"caption":"Organisator"},"image":{"@id":"https:\/\/www.organisator.ch\/#\/schema\/logo\/image\/"},"sameAs":["https:\/\/www.facebook.com\/OrganisatorFachmagazin","https:\/\/www.linkedin.com\/showcase\/organisator-das-magazin-fr-kmu","https:\/\/www.xing.com\/news\/pages\/organisator-ch-695","https:\/\/www.youtube.com\/channel\/UCGP2Sq0iWaZwT3BdIAQFYpw"]},{"@type":"Person","@id":"https:\/\/www.organisator.ch\/#\/schema\/person\/aa2bace6c5c5aad60102004a50c4eb1c","name":"admin","image":{"@type":"ImageObject","inLanguage":"fr-FR","@id":"https:\/\/secure.gravatar.com\/avatar\/ae2f4d718e6c49043e314ce431e7e645d646302a24a5ef5a8bc8e3f5a032e319?s=96&d=mm&r=g","url":"https:\/\/secure.gravatar.com\/avatar\/ae2f4d718e6c49043e314ce431e7e645d646302a24a5ef5a8bc8e3f5a032e319?s=96&d=mm&r=g","contentUrl":"https:\/\/secure.gravatar.com\/avatar\/ae2f4d718e6c49043e314ce431e7e645d646302a24a5ef5a8bc8e3f5a032e319?s=96&d=mm&r=g","caption":"admin"},"sameAs":["https:\/\/www.organisator.ch"],"url":"https:\/\/www.organisator.ch\/fr\/author\/admin\/"}]}},"_links":{"self":[{"href":"https:\/\/www.organisator.ch\/fr\/wp-json\/wp\/v2\/posts\/302","targetHints":{"allow":["GET"]}}],"collection":[{"href":"https:\/\/www.organisator.ch\/fr\/wp-json\/wp\/v2\/posts"}],"about":[{"href":"https:\/\/www.organisator.ch\/fr\/wp-json\/wp\/v2\/types\/post"}],"author":[{"embeddable":true,"href":"https:\/\/www.organisator.ch\/fr\/wp-json\/wp\/v2\/users\/1"}],"replies":[{"embeddable":true,"href":"https:\/\/www.organisator.ch\/fr\/wp-json\/wp\/v2\/comments?post=302"}],"version-history":[{"count":0,"href":"https:\/\/www.organisator.ch\/fr\/wp-json\/wp\/v2\/posts\/302\/revisions"}],"wp:featuredmedia":[{"embeddable":true,"href":"https:\/\/www.organisator.ch\/fr\/wp-json\/wp\/v2\/media\/312"}],"wp:attachment":[{"href":"https:\/\/www.organisator.ch\/fr\/wp-json\/wp\/v2\/media?parent=302"}],"wp:term":[{"taxonomy":"category","embeddable":true,"href":"https:\/\/www.organisator.ch\/fr\/wp-json\/wp\/v2\/categories?post=302"},{"taxonomy":"post_tag","embeddable":true,"href":"https:\/\/www.organisator.ch\/fr\/wp-json\/wp\/v2\/tags?post=302"}],"curies":[{"name":"wp","href":"https:\/\/api.w.org\/{rel}","templated":true}]}}