{"id":3024,"date":"2018-01-19T08:31:22","date_gmt":"2018-01-19T07:31:22","guid":{"rendered":"https:\/\/www.organisator.ch\/?p=3024"},"modified":"2018-01-19T08:31:22","modified_gmt":"2018-01-19T07:31:22","slug":"prix-svc-wirtschaftsraum-zuerich-2018-schibli-gruppe-ueberzeugt","status":"publish","type":"post","link":"https:\/\/www.organisator.ch\/fr\/allgemein\/2018-01-19\/prix-svc-wirtschaftsraum-zuerich-2018-schibli-gruppe-ueberzeugt\/","title":{"rendered":"Prix SVC Espace \u00e9conomique Zurich 2018 : le groupe Schibli convainc"},"content":{"rendered":"<figure id=\"attachment_3025\" aria-describedby=\"caption-attachment-3025\" style=\"width: 680px\" class=\"wp-caption alignnone\"><img loading=\"lazy\" decoding=\"async\" class=\"size-medium wp-image-3025\" src=\"https:\/\/www.organisator.ch\/wp-content\/uploads\/2018\/01\/SVC18_Schibli_DerSieger.jpg\" alt=\"\" width=\"680\" height=\"474\" srcset=\"https:\/\/www.organisator.ch\/wp-content\/uploads\/2018\/01\/SVC18_Schibli_DerSieger.jpg 1799w, https:\/\/www.organisator.ch\/wp-content\/uploads\/2018\/01\/SVC18_Schibli_DerSieger-680x474.jpg 680w, https:\/\/www.organisator.ch\/wp-content\/uploads\/2018\/01\/SVC18_Schibli_DerSieger-1024x714.jpg 1024w, https:\/\/www.organisator.ch\/wp-content\/uploads\/2018\/01\/SVC18_Schibli_DerSieger-768x535.jpg 768w, https:\/\/www.organisator.ch\/wp-content\/uploads\/2018\/01\/SVC18_Schibli_DerSieger-1536x1071.jpg 1536w, https:\/\/www.organisator.ch\/wp-content\/uploads\/2018\/01\/SVC18_Schibli_DerSieger-16x12.jpg 16w, https:\/\/www.organisator.ch\/wp-content\/uploads\/2018\/01\/SVC18_Schibli_DerSieger-251x175.jpg 251w, https:\/\/www.organisator.ch\/wp-content\/uploads\/2018\/01\/SVC18_Schibli_DerSieger-502x350.jpg 502w, https:\/\/www.organisator.ch\/wp-content\/uploads\/2018\/01\/SVC18_Schibli_DerSieger-1148x800.jpg 1148w, https:\/\/www.organisator.ch\/wp-content\/uploads\/2018\/01\/SVC18_Schibli_DerSieger-920x641.jpg 920w, https:\/\/www.organisator.ch\/wp-content\/uploads\/2018\/01\/SVC18_Schibli_DerSieger-1400x976.jpg 1400w, https:\/\/www.organisator.ch\/wp-content\/uploads\/2018\/01\/SVC18_Schibli_DerSieger-300x209.jpg 300w\" sizes=\"auto, (max-width: 680px) 100vw, 680px\" \/><figcaption id=\"caption-attachment-3025\" class=\"wp-caption-text\">Le r\u00e9seau d'entrepreneurs Swiss Venture Club (SVC) d\u00e9cerne le Prix SVC tous les deux ans. Le Prix SVC Espace \u00e9conomique Zurich 2018 a \u00e9t\u00e9 d\u00e9cern\u00e9 au groupe Schibli (500 collaborateurs, dont 90 apprentis), l'entreprise familiale zurichoise d'\u00e9lectrotechnique, de s\u00e9curit\u00e9, de technique du b\u00e2timent et de communication. Photo (de gauche \u00e0 droite) : le vainqueur Jan Schibli, surpris, Reichle De-Massari AG CEO Michael Riva (au milieu), le pr\u00e9sident du jury Michael Steinmann. (Photo : Michael Merz)<\/figcaption><\/figure>\n<p>Avec le Prix SVC Wirtschaftsraum Z\u00fcrich, le Swiss Venture Club (SVC) r\u00e9compense pour la sixi\u00e8me fois d\u00e9j\u00e0 des petites et moyennes entreprises (PME) exemplaires de la r\u00e9gion. La manifestation a permis aux plus de 2200 invit\u00e9s issus du monde de l'\u00e9conomie, de la science, de la politique et des m\u00e9dias de d\u00e9couvrir l'impressionnante diversit\u00e9 de l'entrepreneuriat dans la r\u00e9gion. La c\u00e9r\u00e9monie de remise des prix, qui s'est d\u00e9roul\u00e9e au Hallenstadion de Zurich, a \u00e9t\u00e9 anim\u00e9e par Nik Hartmann.<\/p>\n<p>L'organisme responsable et l'initiateur du Prix SVC est le Swiss Venture Club, une association ind\u00e9pendante \u00e0 but non lucratif visant \u00e0 promouvoir et \u00e0 soutenir les PME en Suisse. Steven Himmelsbach, responsable r\u00e9gional SVC de l'espace \u00e9conomique zurichois, souligne : \"Nous r\u00e9compensons des entreprises qui font partie de l'\u00e9lite des PME en Suisse. Notre regard se porte sur les entreprises exemplaires qui cr\u00e9ent des emplois et contribuent \u00e0 fa\u00e7onner l'\u00e9conomie suisse\".<\/p>\n<p><strong>Premi\u00e8re place pour le groupe Schibli de Zurich<\/strong><\/p>\n<p>Le gagnant du Prix SVC Wirtschaftsraum Z\u00fcrich 2018 est le groupe Schibli de Zurich. Le groupe Schibli propose des services complets dans les domaines de l'\u00e9lectrotechnique, de la technique du b\u00e2timent, de l'automatique, de la communication et de l'informatique. Ces six laur\u00e9ats ont r\u00e9ussi \u00e0 s'imposer face \u00e0 des centaines d'entreprises de la r\u00e9gion au terme d'un processus de s\u00e9lection en plusieurs \u00e9tapes.<\/p>\n<p>L'entreprise familiale, dirig\u00e9e par la troisi\u00e8me g\u00e9n\u00e9ration du CEO Jan Schibli, r\u00e9unit avec succ\u00e8s des services complets dans les domaines de l'\u00e9lectrotechnique, de la technique du b\u00e2timent, de l'informatique, de la communication et de l'automatisme. Avec 15 sites en Suisse et un \u00e0 Dresde (D) et environ 500 collaborateurs, dont 90 apprentis, Schibli offre \u00e0 ses clients tout ce dont ils ont besoin, de l'installation \u00e9lectrique \u00e0 l'infrastructure informatique ou aux solutions cloud sur mesure, en passant par les syst\u00e8mes intelligents de domotique ou de vid\u00e9osurveillance.<\/p>\n<p>Ce positionnement r\u00e9ussi sur le march\u00e9 s'accompagne de l'obtention du tr\u00e8s convoit\u00e9 Prix SVC Wirtschaftsraum Z\u00fcrich. Michael Steinmann, pr\u00e9sident du jury compos\u00e9 de 16 experts, rend hommage au vainqueur fra\u00eechement \u00e9lu dans son \u00e9loge : \"Le groupe Schibli est une perle entrepreneuriale qui repr\u00e9sente bien plus que l'\u00e9lectrification d'appartements et de maisons zurichoises\". Et d'ajouter : \"Le sens des affaires, le sens de la famille, la promotion des talents et le respect des ambitions individuelles des collaborateurs, voil\u00e0 les points qui ont impressionn\u00e9 le jury\".<\/p>\n<p>En outre, l'entreprise familiale de Wetzikon a enthousiasm\u00e9 les entrepreneurs et les personnes pr\u00e9sentes, comme la conseill\u00e8re d'Etat et directrice de l'\u00e9conomie publique Carmen Walter Sp\u00e4h, par son taux \u00e9lev\u00e9 d'apprentis. \"Apr\u00e8s le Z\u00fcrcher KV\", a d\u00e9clar\u00e9 l'animateur, \"le groupe Schibli pr\u00e9sente le taux le plus \u00e9lev\u00e9 de la r\u00e9gion avec 90 apprentis pour 500 employ\u00e9s\".<\/p>\n<p><strong>Reichle &amp; De-Massari et Transa Backpacking AG en deuxi\u00e8me et troisi\u00e8me position<\/strong><\/p>\n<p>La deuxi\u00e8me place revient \u00e0 l'entreprise familiale suisse Reichle &amp; De-Massari (R&amp;M). \"R&amp;M est une histoire de transformation et de croissance r\u00e9ussie dans un march\u00e9 d'avenir hautement comp\u00e9titif\", comme l'a soulign\u00e9 le pr\u00e9sident du jury Michael Steinmann dans son \u00e9loge. Reichle &amp; De-Massari d\u00e9veloppe des solutions de c\u00e2blage compl\u00e8tes pour des r\u00e9seaux de communication de donn\u00e9es de haute qualit\u00e9 dans les immeubles de bureaux et les centres de donn\u00e9es, pour l'industrie et dans les t\u00e9l\u00e9communications. Leader sur le march\u00e9 suisse, Reichle &amp; De-Massari est d\u00e9sormais pr\u00e9sent dans plus de 40 pays et dispose de ses propres organisations de march\u00e9 sur six continents. L'entreprise emploie 920 personnes dans le monde, dont 250 en Suisse, et est dirig\u00e9e par le CEO Michel Riva.<\/p>\n<p>Le bronze a \u00e9t\u00e9 remport\u00e9 par Transa Backpacking AG, le principal fournisseur d'\u00e9quipements de voyage et de plein air en Suisse. L'entreprise est pr\u00e9sente sur le march\u00e9 depuis 40 ans et propose aujourd'hui plus de 33'740 produits de 521 marques diff\u00e9rentes dans dix filiales et outlets. En plus d'un conseil qualifi\u00e9, Transa mise, avec ses 320 collaborateurs et 19 apprentis, sur l'exp\u00e9rience personnelle et l'apport de l'exp\u00e9rience de l'outdoor. Avec une offre de services compl\u00e8te, des cours pour les utilisateurs et des installations de test, Transa propose \u00e0 ses clients, sous la direction de son CEO Daniel Humbel, un ensemble de prestations complet autour de multiples activit\u00e9s de voyage et de plein air.<\/p>\n<p><strong>Distinctions pour Meister Abrasives AG, Pumpstation Gastro GmbH et Qualipet AG<\/strong><\/p>\n<p>Ont \u00e9galement \u00e9t\u00e9 r\u00e9compens\u00e9s Meister Abrasives AG d'Andelfingen, leader mondial des processus de fabrication gr\u00e2ce \u00e0 des outils de pon\u00e7age hautement productifs, l'entreprise de restauration Pumpstation Gastro GmbH de Zurich, performante et innovante, ainsi que Qualipet AG de Dietlikon, leader suisse des produits pour animaux de compagnie et de la production d'aliments naturels pour animaux.<\/p>\n<p><a href=\"http:\/\/www.swiss-venture-club.ch\">http:\/\/www.swiss-venture-club.ch<\/a><\/p>","protected":false},"excerpt":{"rendered":"<p>Der Swiss Venture Club (SVC) zeichnet mit dem Prix SVC Wirtschaftsraum Z\u00fcrich bereits zum sechsten Mal vorbildliche kleine und mittlere Unternehmen (KMU) der Region aus. Der Anlass bot den \u00fcber 2\u2018200 geladenen G\u00e4sten aus Wirtschaft, Wissenschaft, Politik und Medien Einblicke in das beeindruckende und vielf\u00e4ltige Unternehmertum der Region. Durch die Preisverleihung im Hallenstadion Z\u00fcrich f\u00fchrte [&hellip;]<\/p>\n","protected":false},"author":5,"featured_media":3020,"comment_status":"open","ping_status":"open","sticky":false,"template":"","format":"standard","meta":{"_acf_changed":false,"_yoast_wpseo_focuskw":"Prix SVC Wirtschaftsraum Z\u00fcrich","_yoast_wpseo_metadesc":"Die Schibli-Gruppe gewinnt den Prix SVC Wirtschaftsraum Z\u00fcrich 2018. Der Swiss Venture Club beeindruckte einmal mehr \u00fcber 2'200 G\u00e4ste und KMU Verantwortliche.","articlekey":"","footnotes":""},"categories":[1],"tags":[199,301,392,466],"class_list":["post-3024","post","type-post","status-publish","format-standard","has-post-thumbnail","hentry","category-allgemein","tag-finalisten","tag-kmu","tag-prix-svc-wirtschaftsraum-zuerich","tag-swiss-venture-club"],"acf":[],"yoast_head":"<!-- This site is optimized with the Yoast SEO plugin v27.5 - https:\/\/yoast.com\/product\/yoast-seo-wordpress\/ -->\n<title>Prix SVC Wirtschaftsraum Z\u00fcrich 2018: Schibli-Gruppe \u00fcberzeugt - Organisator<\/title>\n<meta name=\"description\" content=\"Die Schibli-Gruppe gewinnt den Prix SVC Wirtschaftsraum Z\u00fcrich 2018. Der Swiss Venture Club beeindruckte einmal mehr \u00fcber 2&#039;200 G\u00e4ste und KMU Verantwortliche.\" \/>\n<meta name=\"robots\" content=\"index, follow, max-snippet:-1, max-image-preview:large, max-video-preview:-1\" \/>\n<link rel=\"canonical\" href=\"https:\/\/www.organisator.ch\/fr\/general\/2018-01-19\/prix-svc-wirtschaftsraum-zuerich-2018-schibli-gruppe-ueberzeugt\/\" \/>\n<meta property=\"og:locale\" content=\"fr_FR\" \/>\n<meta property=\"og:type\" content=\"article\" \/>\n<meta property=\"og:title\" content=\"Prix SVC Wirtschaftsraum Z\u00fcrich 2018: Schibli-Gruppe \u00fcberzeugt - Organisator\" \/>\n<meta property=\"og:description\" content=\"Die Schibli-Gruppe gewinnt den Prix SVC Wirtschaftsraum Z\u00fcrich 2018. Der Swiss Venture Club beeindruckte einmal mehr \u00fcber 2&#039;200 G\u00e4ste und KMU Verantwortliche.\" \/>\n<meta property=\"og:url\" content=\"https:\/\/www.organisator.ch\/fr\/general\/2018-01-19\/prix-svc-wirtschaftsraum-zuerich-2018-schibli-gruppe-ueberzeugt\/\" \/>\n<meta property=\"og:site_name\" content=\"Organisator\" \/>\n<meta property=\"article:publisher\" content=\"https:\/\/www.facebook.com\/OrganisatorFachmagazin\" \/>\n<meta property=\"article:published_time\" content=\"2018-01-19T07:31:22+00:00\" \/>\n<meta property=\"og:image\" content=\"https:\/\/www.organisator.ch\/wp-content\/uploads\/2018\/01\/Schibli-Gruppe-ist-Gewinnerin-des-Prix-SVC-Wirtschaftsraum-Zuerich-2018_Organisator.jpg\" \/>\n\t<meta property=\"og:image:width\" content=\"640\" \/>\n\t<meta property=\"og:image:height\" content=\"427\" \/>\n\t<meta property=\"og:image:type\" content=\"image\/jpeg\" \/>\n<meta name=\"author\" content=\"michael.merz\" \/>\n<meta name=\"twitter:card\" content=\"summary_large_image\" \/>\n<script type=\"application\/ld+json\" class=\"yoast-schema-graph\">{\"@context\":\"https:\\\/\\\/schema.org\",\"@graph\":[{\"@type\":\"Article\",\"@id\":\"https:\\\/\\\/www.organisator.ch\\\/fr\\\/general\\\/2018-01-19\\\/prix-svc-wirtschaftsraum-zuerich-2018-schibli-gruppe-ueberzeugt\\\/#article\",\"isPartOf\":{\"@id\":\"https:\\\/\\\/www.organisator.ch\\\/fr\\\/general\\\/2018-01-19\\\/prix-svc-wirtschaftsraum-zuerich-2018-schibli-gruppe-ueberzeugt\\\/\"},\"author\":{\"name\":\"michael.merz\",\"@id\":\"https:\\\/\\\/www.organisator.ch\\\/#\\\/schema\\\/person\\\/134708ca9321c57b0362cceb7948ffbd\"},\"headline\":\"Prix SVC Wirtschaftsraum Z\u00fcrich 2018: Schibli-Gruppe \u00fcberzeugt\",\"datePublished\":\"2018-01-19T07:31:22+00:00\",\"mainEntityOfPage\":{\"@id\":\"https:\\\/\\\/www.organisator.ch\\\/fr\\\/general\\\/2018-01-19\\\/prix-svc-wirtschaftsraum-zuerich-2018-schibli-gruppe-ueberzeugt\\\/\"},\"wordCount\":712,\"commentCount\":0,\"publisher\":{\"@id\":\"https:\\\/\\\/www.organisator.ch\\\/#organization\"},\"image\":{\"@id\":\"https:\\\/\\\/www.organisator.ch\\\/fr\\\/general\\\/2018-01-19\\\/prix-svc-wirtschaftsraum-zuerich-2018-schibli-gruppe-ueberzeugt\\\/#primaryimage\"},\"thumbnailUrl\":\"https:\\\/\\\/www.organisator.ch\\\/wp-content\\\/uploads\\\/2018\\\/01\\\/Schibli-Gruppe-ist-Gewinnerin-des-Prix-SVC-Wirtschaftsraum-Zuerich-2018_Organisator.jpg\",\"keywords\":[\"Finalisten\",\"KMU\",\"Prix SVC Wirtschaftsraum Z\u00fcrich\",\"Swiss Venture Club\"],\"articleSection\":[\"Allgemein\"],\"inLanguage\":\"fr-FR\"},{\"@type\":\"WebPage\",\"@id\":\"https:\\\/\\\/www.organisator.ch\\\/fr\\\/general\\\/2018-01-19\\\/prix-svc-wirtschaftsraum-zuerich-2018-schibli-gruppe-ueberzeugt\\\/\",\"url\":\"https:\\\/\\\/www.organisator.ch\\\/fr\\\/general\\\/2018-01-19\\\/prix-svc-wirtschaftsraum-zuerich-2018-schibli-gruppe-ueberzeugt\\\/\",\"name\":\"Prix SVC Wirtschaftsraum Z\u00fcrich 2018: Schibli-Gruppe \u00fcberzeugt - Organisator\",\"isPartOf\":{\"@id\":\"https:\\\/\\\/www.organisator.ch\\\/#website\"},\"primaryImageOfPage\":{\"@id\":\"https:\\\/\\\/www.organisator.ch\\\/fr\\\/general\\\/2018-01-19\\\/prix-svc-wirtschaftsraum-zuerich-2018-schibli-gruppe-ueberzeugt\\\/#primaryimage\"},\"image\":{\"@id\":\"https:\\\/\\\/www.organisator.ch\\\/fr\\\/general\\\/2018-01-19\\\/prix-svc-wirtschaftsraum-zuerich-2018-schibli-gruppe-ueberzeugt\\\/#primaryimage\"},\"thumbnailUrl\":\"https:\\\/\\\/www.organisator.ch\\\/wp-content\\\/uploads\\\/2018\\\/01\\\/Schibli-Gruppe-ist-Gewinnerin-des-Prix-SVC-Wirtschaftsraum-Zuerich-2018_Organisator.jpg\",\"datePublished\":\"2018-01-19T07:31:22+00:00\",\"description\":\"Die Schibli-Gruppe gewinnt den Prix SVC Wirtschaftsraum Z\u00fcrich 2018. Der Swiss Venture Club beeindruckte einmal mehr \u00fcber 2'200 G\u00e4ste und KMU Verantwortliche.\",\"breadcrumb\":{\"@id\":\"https:\\\/\\\/www.organisator.ch\\\/fr\\\/general\\\/2018-01-19\\\/prix-svc-wirtschaftsraum-zuerich-2018-schibli-gruppe-ueberzeugt\\\/#breadcrumb\"},\"inLanguage\":\"fr-FR\",\"potentialAction\":[{\"@type\":\"ReadAction\",\"target\":[\"https:\\\/\\\/www.organisator.ch\\\/fr\\\/general\\\/2018-01-19\\\/prix-svc-wirtschaftsraum-zuerich-2018-schibli-gruppe-ueberzeugt\\\/\"]}]},{\"@type\":\"ImageObject\",\"inLanguage\":\"fr-FR\",\"@id\":\"https:\\\/\\\/www.organisator.ch\\\/fr\\\/general\\\/2018-01-19\\\/prix-svc-wirtschaftsraum-zuerich-2018-schibli-gruppe-ueberzeugt\\\/#primaryimage\",\"url\":\"https:\\\/\\\/www.organisator.ch\\\/wp-content\\\/uploads\\\/2018\\\/01\\\/Schibli-Gruppe-ist-Gewinnerin-des-Prix-SVC-Wirtschaftsraum-Zuerich-2018_Organisator.jpg\",\"contentUrl\":\"https:\\\/\\\/www.organisator.ch\\\/wp-content\\\/uploads\\\/2018\\\/01\\\/Schibli-Gruppe-ist-Gewinnerin-des-Prix-SVC-Wirtschaftsraum-Zuerich-2018_Organisator.jpg\",\"width\":640,\"height\":427,\"caption\":\"Der Gewinner des Prix SVC Wirtschaftsraum Zuerich 2018, Jan Schibli, CEO Schibli Gruppe, links freut sich ueber den ersten Preis waehrend der Preisverleihung am Donnerstag 18. Januar 2017 im Hallenstadion Zuerich. Der Swiss Venture Club zeichnet mit dem Prix SVC innovative Unternehmen aus, die durch herausragende Leistungen einen wesentlichen und nachhaltigen wirtschaftlichen Erfolg.erzielen. (PPR\\\/Manuel Lopez)\"},{\"@type\":\"BreadcrumbList\",\"@id\":\"https:\\\/\\\/www.organisator.ch\\\/fr\\\/general\\\/2018-01-19\\\/prix-svc-wirtschaftsraum-zuerich-2018-schibli-gruppe-ueberzeugt\\\/#breadcrumb\",\"itemListElement\":[{\"@type\":\"ListItem\",\"position\":1,\"name\":\"Home\",\"item\":\"https:\\\/\\\/www.organisator.ch\\\/\"},{\"@type\":\"ListItem\",\"position\":2,\"name\":\"Prix SVC Wirtschaftsraum Z\u00fcrich 2018: Schibli-Gruppe \u00fcberzeugt\"}]},{\"@type\":\"WebSite\",\"@id\":\"https:\\\/\\\/www.organisator.ch\\\/#website\",\"url\":\"https:\\\/\\\/www.organisator.ch\\\/\",\"name\":\"Organisator\",\"description\":\"Kompetent. Praxisnah. Der ORGANISATOR bereitet in 10 Ausgaben pro Jahr die wesentlichen Themen f\u00fcr F\u00fchrungskr\u00e4fte von KMU auf.\",\"publisher\":{\"@id\":\"https:\\\/\\\/www.organisator.ch\\\/#organization\"},\"potentialAction\":[{\"@type\":\"SearchAction\",\"target\":{\"@type\":\"EntryPoint\",\"urlTemplate\":\"https:\\\/\\\/www.organisator.ch\\\/?s={search_term_string}\"},\"query-input\":{\"@type\":\"PropertyValueSpecification\",\"valueRequired\":true,\"valueName\":\"search_term_string\"}}],\"inLanguage\":\"fr-FR\"},{\"@type\":\"Organization\",\"@id\":\"https:\\\/\\\/www.organisator.ch\\\/#organization\",\"name\":\"Organisator\",\"url\":\"https:\\\/\\\/www.organisator.ch\\\/\",\"logo\":{\"@type\":\"ImageObject\",\"inLanguage\":\"fr-FR\",\"@id\":\"https:\\\/\\\/www.organisator.ch\\\/#\\\/schema\\\/logo\\\/image\\\/\",\"url\":\"https:\\\/\\\/www.organisator.ch\\\/wp-content\\\/uploads\\\/2022\\\/01\\\/Logo_Organisator_Website.png\",\"contentUrl\":\"https:\\\/\\\/www.organisator.ch\\\/wp-content\\\/uploads\\\/2022\\\/01\\\/Logo_Organisator_Website.png\",\"width\":800,\"height\":77,\"caption\":\"Organisator\"},\"image\":{\"@id\":\"https:\\\/\\\/www.organisator.ch\\\/#\\\/schema\\\/logo\\\/image\\\/\"},\"sameAs\":[\"https:\\\/\\\/www.facebook.com\\\/OrganisatorFachmagazin\",\"https:\\\/\\\/www.linkedin.com\\\/showcase\\\/organisator-das-magazin-fr-kmu\",\"https:\\\/\\\/www.xing.com\\\/news\\\/pages\\\/organisator-ch-695\",\"https:\\\/\\\/www.youtube.com\\\/channel\\\/UCGP2Sq0iWaZwT3BdIAQFYpw\"]},{\"@type\":\"Person\",\"@id\":\"https:\\\/\\\/www.organisator.ch\\\/#\\\/schema\\\/person\\\/134708ca9321c57b0362cceb7948ffbd\",\"name\":\"michael.merz\",\"image\":{\"@type\":\"ImageObject\",\"inLanguage\":\"fr-FR\",\"@id\":\"https:\\\/\\\/secure.gravatar.com\\\/avatar\\\/?s=96&d=mm&r=g\",\"url\":\"https:\\\/\\\/secure.gravatar.com\\\/avatar\\\/?s=96&d=mm&r=g\",\"contentUrl\":\"https:\\\/\\\/secure.gravatar.com\\\/avatar\\\/?s=96&d=mm&r=g\",\"caption\":\"michael.merz\"},\"url\":\"https:\\\/\\\/www.organisator.ch\\\/fr\\\/author\\\/michael-merz\\\/\"}]}<\/script>\n<!-- \/ Yoast SEO plugin. -->","yoast_head_json":{"title":"Prix SVC Espace \u00e9conomique Zurich 2018 : Le groupe Schibli convainc - Organisateur","description":"Le groupe Schibli remporte le Prix SVC Wirtschaftsraum Z\u00fcrich 2018. Le Swiss Venture Club a une fois de plus impressionn\u00e9 plus de 2'200 invit\u00e9s et responsables de PME.","robots":{"index":"index","follow":"follow","max-snippet":"max-snippet:-1","max-image-preview":"max-image-preview:large","max-video-preview":"max-video-preview:-1"},"canonical":"https:\/\/www.organisator.ch\/fr\/general\/2018-01-19\/prix-svc-wirtschaftsraum-zuerich-2018-schibli-gruppe-ueberzeugt\/","og_locale":"fr_FR","og_type":"article","og_title":"Prix SVC Wirtschaftsraum Z\u00fcrich 2018: Schibli-Gruppe \u00fcberzeugt - Organisator","og_description":"Die Schibli-Gruppe gewinnt den Prix SVC Wirtschaftsraum Z\u00fcrich 2018. Der Swiss Venture Club beeindruckte einmal mehr \u00fcber 2'200 G\u00e4ste und KMU Verantwortliche.","og_url":"https:\/\/www.organisator.ch\/fr\/general\/2018-01-19\/prix-svc-wirtschaftsraum-zuerich-2018-schibli-gruppe-ueberzeugt\/","og_site_name":"Organisator","article_publisher":"https:\/\/www.facebook.com\/OrganisatorFachmagazin","article_published_time":"2018-01-19T07:31:22+00:00","og_image":[{"width":640,"height":427,"url":"https:\/\/www.organisator.ch\/wp-content\/uploads\/2018\/01\/Schibli-Gruppe-ist-Gewinnerin-des-Prix-SVC-Wirtschaftsraum-Zuerich-2018_Organisator.jpg","type":"image\/jpeg"}],"author":"michael.merz","twitter_card":"summary_large_image","schema":{"@context":"https:\/\/schema.org","@graph":[{"@type":"Article","@id":"https:\/\/www.organisator.ch\/fr\/general\/2018-01-19\/prix-svc-wirtschaftsraum-zuerich-2018-schibli-gruppe-ueberzeugt\/#article","isPartOf":{"@id":"https:\/\/www.organisator.ch\/fr\/general\/2018-01-19\/prix-svc-wirtschaftsraum-zuerich-2018-schibli-gruppe-ueberzeugt\/"},"author":{"name":"michael.merz","@id":"https:\/\/www.organisator.ch\/#\/schema\/person\/134708ca9321c57b0362cceb7948ffbd"},"headline":"Prix SVC Wirtschaftsraum Z\u00fcrich 2018: Schibli-Gruppe \u00fcberzeugt","datePublished":"2018-01-19T07:31:22+00:00","mainEntityOfPage":{"@id":"https:\/\/www.organisator.ch\/fr\/general\/2018-01-19\/prix-svc-wirtschaftsraum-zuerich-2018-schibli-gruppe-ueberzeugt\/"},"wordCount":712,"commentCount":0,"publisher":{"@id":"https:\/\/www.organisator.ch\/#organization"},"image":{"@id":"https:\/\/www.organisator.ch\/fr\/general\/2018-01-19\/prix-svc-wirtschaftsraum-zuerich-2018-schibli-gruppe-ueberzeugt\/#primaryimage"},"thumbnailUrl":"https:\/\/www.organisator.ch\/wp-content\/uploads\/2018\/01\/Schibli-Gruppe-ist-Gewinnerin-des-Prix-SVC-Wirtschaftsraum-Zuerich-2018_Organisator.jpg","keywords":["Finalisten","KMU","Prix SVC Wirtschaftsraum Z\u00fcrich","Swiss Venture Club"],"articleSection":["Allgemein"],"inLanguage":"fr-FR"},{"@type":"WebPage","@id":"https:\/\/www.organisator.ch\/fr\/general\/2018-01-19\/prix-svc-wirtschaftsraum-zuerich-2018-schibli-gruppe-ueberzeugt\/","url":"https:\/\/www.organisator.ch\/fr\/general\/2018-01-19\/prix-svc-wirtschaftsraum-zuerich-2018-schibli-gruppe-ueberzeugt\/","name":"Prix SVC Espace \u00e9conomique Zurich 2018 : Le groupe Schibli convainc - Organisateur","isPartOf":{"@id":"https:\/\/www.organisator.ch\/#website"},"primaryImageOfPage":{"@id":"https:\/\/www.organisator.ch\/fr\/general\/2018-01-19\/prix-svc-wirtschaftsraum-zuerich-2018-schibli-gruppe-ueberzeugt\/#primaryimage"},"image":{"@id":"https:\/\/www.organisator.ch\/fr\/general\/2018-01-19\/prix-svc-wirtschaftsraum-zuerich-2018-schibli-gruppe-ueberzeugt\/#primaryimage"},"thumbnailUrl":"https:\/\/www.organisator.ch\/wp-content\/uploads\/2018\/01\/Schibli-Gruppe-ist-Gewinnerin-des-Prix-SVC-Wirtschaftsraum-Zuerich-2018_Organisator.jpg","datePublished":"2018-01-19T07:31:22+00:00","description":"Le groupe Schibli remporte le Prix SVC Wirtschaftsraum Z\u00fcrich 2018. Le Swiss Venture Club a une fois de plus impressionn\u00e9 plus de 2'200 invit\u00e9s et responsables de PME.","breadcrumb":{"@id":"https:\/\/www.organisator.ch\/fr\/general\/2018-01-19\/prix-svc-wirtschaftsraum-zuerich-2018-schibli-gruppe-ueberzeugt\/#breadcrumb"},"inLanguage":"fr-FR","potentialAction":[{"@type":"ReadAction","target":["https:\/\/www.organisator.ch\/fr\/general\/2018-01-19\/prix-svc-wirtschaftsraum-zuerich-2018-schibli-gruppe-ueberzeugt\/"]}]},{"@type":"ImageObject","inLanguage":"fr-FR","@id":"https:\/\/www.organisator.ch\/fr\/general\/2018-01-19\/prix-svc-wirtschaftsraum-zuerich-2018-schibli-gruppe-ueberzeugt\/#primaryimage","url":"https:\/\/www.organisator.ch\/wp-content\/uploads\/2018\/01\/Schibli-Gruppe-ist-Gewinnerin-des-Prix-SVC-Wirtschaftsraum-Zuerich-2018_Organisator.jpg","contentUrl":"https:\/\/www.organisator.ch\/wp-content\/uploads\/2018\/01\/Schibli-Gruppe-ist-Gewinnerin-des-Prix-SVC-Wirtschaftsraum-Zuerich-2018_Organisator.jpg","width":640,"height":427,"caption":"Der Gewinner des Prix SVC Wirtschaftsraum Zuerich 2018, Jan Schibli, CEO Schibli Gruppe, links freut sich ueber den ersten Preis waehrend der Preisverleihung am Donnerstag 18. Januar 2017 im Hallenstadion Zuerich. Der Swiss Venture Club zeichnet mit dem Prix SVC innovative Unternehmen aus, die durch herausragende Leistungen einen wesentlichen und nachhaltigen wirtschaftlichen Erfolg.erzielen. (PPR\/Manuel Lopez)"},{"@type":"BreadcrumbList","@id":"https:\/\/www.organisator.ch\/fr\/general\/2018-01-19\/prix-svc-wirtschaftsraum-zuerich-2018-schibli-gruppe-ueberzeugt\/#breadcrumb","itemListElement":[{"@type":"ListItem","position":1,"name":"Home","item":"https:\/\/www.organisator.ch\/"},{"@type":"ListItem","position":2,"name":"Prix SVC Wirtschaftsraum Z\u00fcrich 2018: Schibli-Gruppe \u00fcberzeugt"}]},{"@type":"WebSite","@id":"https:\/\/www.organisator.ch\/#website","url":"https:\/\/www.organisator.ch\/","name":"Organisateur","description":"Comp\u00e9tence et comp\u00e9tence. Proches de la pratique. L'ORGANISATEUR pr\u00e9pare 10 num\u00e9ros par an sur les th\u00e8mes essentiels pour les dirigeants de PME.","publisher":{"@id":"https:\/\/www.organisator.ch\/#organization"},"potentialAction":[{"@type":"SearchAction","target":{"@type":"EntryPoint","urlTemplate":"https:\/\/www.organisator.ch\/?s={search_term_string}"},"query-input":{"@type":"PropertyValueSpecification","valueRequired":true,"valueName":"search_term_string"}}],"inLanguage":"fr-FR"},{"@type":"Organization","@id":"https:\/\/www.organisator.ch\/#organization","name":"Organisateur","url":"https:\/\/www.organisator.ch\/","logo":{"@type":"ImageObject","inLanguage":"fr-FR","@id":"https:\/\/www.organisator.ch\/#\/schema\/logo\/image\/","url":"https:\/\/www.organisator.ch\/wp-content\/uploads\/2022\/01\/Logo_Organisator_Website.png","contentUrl":"https:\/\/www.organisator.ch\/wp-content\/uploads\/2022\/01\/Logo_Organisator_Website.png","width":800,"height":77,"caption":"Organisator"},"image":{"@id":"https:\/\/www.organisator.ch\/#\/schema\/logo\/image\/"},"sameAs":["https:\/\/www.facebook.com\/OrganisatorFachmagazin","https:\/\/www.linkedin.com\/showcase\/organisator-das-magazin-fr-kmu","https:\/\/www.xing.com\/news\/pages\/organisator-ch-695","https:\/\/www.youtube.com\/channel\/UCGP2Sq0iWaZwT3BdIAQFYpw"]},{"@type":"Person","@id":"https:\/\/www.organisator.ch\/#\/schema\/person\/134708ca9321c57b0362cceb7948ffbd","name":"michael.merz","image":{"@type":"ImageObject","inLanguage":"fr-FR","@id":"https:\/\/secure.gravatar.com\/avatar\/?s=96&d=mm&r=g","url":"https:\/\/secure.gravatar.com\/avatar\/?s=96&d=mm&r=g","contentUrl":"https:\/\/secure.gravatar.com\/avatar\/?s=96&d=mm&r=g","caption":"michael.merz"},"url":"https:\/\/www.organisator.ch\/fr\/author\/michael-merz\/"}]}},"_links":{"self":[{"href":"https:\/\/www.organisator.ch\/fr\/wp-json\/wp\/v2\/posts\/3024","targetHints":{"allow":["GET"]}}],"collection":[{"href":"https:\/\/www.organisator.ch\/fr\/wp-json\/wp\/v2\/posts"}],"about":[{"href":"https:\/\/www.organisator.ch\/fr\/wp-json\/wp\/v2\/types\/post"}],"author":[{"embeddable":true,"href":"https:\/\/www.organisator.ch\/fr\/wp-json\/wp\/v2\/users\/5"}],"replies":[{"embeddable":true,"href":"https:\/\/www.organisator.ch\/fr\/wp-json\/wp\/v2\/comments?post=3024"}],"version-history":[{"count":0,"href":"https:\/\/www.organisator.ch\/fr\/wp-json\/wp\/v2\/posts\/3024\/revisions"}],"wp:featuredmedia":[{"embeddable":true,"href":"https:\/\/www.organisator.ch\/fr\/wp-json\/wp\/v2\/media\/3020"}],"wp:attachment":[{"href":"https:\/\/www.organisator.ch\/fr\/wp-json\/wp\/v2\/media?parent=3024"}],"wp:term":[{"taxonomy":"category","embeddable":true,"href":"https:\/\/www.organisator.ch\/fr\/wp-json\/wp\/v2\/categories?post=3024"},{"taxonomy":"post_tag","embeddable":true,"href":"https:\/\/www.organisator.ch\/fr\/wp-json\/wp\/v2\/tags?post=3024"}],"curies":[{"name":"wp","href":"https:\/\/api.w.org\/{rel}","templated":true}]}}