{"id":30260,"date":"2024-10-01T10:23:33","date_gmt":"2024-10-01T08:23:33","guid":{"rendered":"https:\/\/www.organisator.ch\/?p=30260"},"modified":"2024-10-01T13:25:48","modified_gmt":"2024-10-01T11:25:48","slug":"franke-gruppe-erwirbt-wesco","status":"publish","type":"post","link":"https:\/\/www.organisator.ch\/fr\/management\/2024-10-01\/franke-gruppe-erwirbt-wesco\/","title":{"rendered":"Le groupe Franke acquiert Wesco"},"content":{"rendered":"<figure id=\"attachment_30264\" aria-describedby=\"caption-attachment-30264\" style=\"width: 680px\" class=\"wp-caption alignnone\"><img loading=\"lazy\" decoding=\"async\" class=\"size-full wp-image-30264\" src=\"https:\/\/www.organisator.ch\/wp-content\/uploads\/2024\/09\/Franke-Bild1_ps.png\" alt=\"\" width=\"680\" height=\"464\" srcset=\"https:\/\/www.organisator.ch\/wp-content\/uploads\/2024\/09\/Franke-Bild1_ps.png 680w, https:\/\/www.organisator.ch\/wp-content\/uploads\/2024\/09\/Franke-Bild1_ps-18x12.png 18w, https:\/\/www.organisator.ch\/wp-content\/uploads\/2024\/09\/Franke-Bild1_ps-375x256.png 375w, https:\/\/www.organisator.ch\/wp-content\/uploads\/2024\/09\/Franke-Bild1_ps-513x350.png 513w\" sizes=\"auto, (max-width: 680px) 100vw, 680px\" \/><figcaption id=\"caption-attachment-30264\" class=\"wp-caption-text\">Le groupe Franke renforce sa position sur le march\u00e9 des hottes aspirantes. (Image : www.franke.com)<\/figcaption><\/figure>\n<p>Le groupe suisse Franke, dont le si\u00e8ge social se trouve \u00e0 Aarburg, a conclu un contrat de vente pour l'acquisition de 100% du groupe Wesco, un fabricant haut de gamme de hottes aspirantes et de syst\u00e8mes de ventilation haut de gamme en Suisse et en Allemagne. La r\u00e9alisation de la transaction est encore soumise \u00e0 l'approbation des autorit\u00e9s de la concurrence comp\u00e9tentes. Les d\u00e9tails financiers de la transaction ne seront pas communiqu\u00e9s.<\/p>\n<p>La filiale du groupe Wesco, Wesco AG, est un expert reconnu en mati\u00e8re de hottes aspirantes et de filtration de l'air dans les habitations, les \u00e9coles et les bureaux en Suisse. La soci\u00e9t\u00e9 berbel Ablufttechnik GmbH, filiale allemande du groupe, est une marque leader dans le domaine des hottes aspirantes et des extracteurs de table de cuisson en Allemagne. Au cours de l'exercice 2022\/2023, le groupe Wesco a r\u00e9alis\u00e9 un chiffre d'affaires net de 97 millions de francs suisses et employait au total 280 personnes.<\/p>\n<h3>Des marques fortes s'unissent sous Franke Home Solutions<\/h3>\n<p>Le groupe Wesco fait partie de Franke Home Solutions, une division du groupe Franke et le premier fournisseur mondial de syst\u00e8mes et de solutions intelligents pour la cuisine priv\u00e9e.<\/p>\n<p>L'acquisition du groupe Wesco offre au groupe Franke la possibilit\u00e9 de renforcer sa position sur le march\u00e9 des hottes aspirantes et d'atteindre progressivement une position de leader en Allemagne et en Suisse. Avec ses marques Wesco et berbel, le groupe Wesco est fortement pr\u00e9sent en tant que fournisseur haut de gamme sur les march\u00e9s suisse et allemand des hottes aspirantes et compl\u00e8te et renforce l'offre de Franke, tant sur le plan g\u00e9ographique que strat\u00e9gique. La marque berbel, en particulier, est connue en Allemagne, le plus grand march\u00e9 europ\u00e9en, pour ses solutions techniques uniques, son excellente qualit\u00e9 de fabrication et son design.<\/p>\n<p>Barbara Borra, CEO de Franke Home Solutions, commente : \"L'acquisition de Wesco est un compl\u00e9ment strat\u00e9gique id\u00e9al pour nous. Wesco apporte \u00e0 notre entreprise une technologie avanc\u00e9e en mati\u00e8re de qualit\u00e9 de l'air ainsi qu'un solide r\u00e9seau de distribution en Suisse et en Allemagne. En tirant parti de la port\u00e9e mondiale et de la solidit\u00e9 financi\u00e8re de Franke, nous pouvons soutenir la croissance de Wesco tant sur les march\u00e9s traditionnels qu'\u00e0 l'international. Avec Wesco, nous avons trouv\u00e9 une entreprise qui partage nos valeurs en mati\u00e8re de qualit\u00e9, de technologie et d'innovation\".<\/p>\n<figure id=\"attachment_30265\" aria-describedby=\"caption-attachment-30265\" style=\"width: 680px\" class=\"wp-caption alignnone\"><img loading=\"lazy\" decoding=\"async\" class=\"wp-image-30265 size-full\" src=\"https:\/\/www.organisator.ch\/wp-content\/uploads\/2024\/09\/CEOs_Bild2_ps.jpg\" alt=\"\" width=\"680\" height=\"455\" srcset=\"https:\/\/www.organisator.ch\/wp-content\/uploads\/2024\/09\/CEOs_Bild2_ps.jpg 680w, https:\/\/www.organisator.ch\/wp-content\/uploads\/2024\/09\/CEOs_Bild2_ps-18x12.jpg 18w, https:\/\/www.organisator.ch\/wp-content\/uploads\/2024\/09\/CEOs_Bild2_ps-375x251.jpg 375w, https:\/\/www.organisator.ch\/wp-content\/uploads\/2024\/09\/CEOs_Bild2_ps-523x350.jpg 523w\" sizes=\"auto, (max-width: 680px) 100vw, 680px\" \/><figcaption id=\"caption-attachment-30265\" class=\"wp-caption-text\">Barbara Borra, CEO de Franke Home Solutions et Beat Ernst, pr\u00e9sident du conseil d'administration et propri\u00e9taire du groupe Wesco. (Image : www.franke.com)<\/figcaption><\/figure>\n<p>Beat Ernst, propri\u00e9taire du groupe Wesco, explique : \"Dans le cadre d'un r\u00e8glement de succession, j'ai d\u00e9cid\u00e9 de vendre mon entreprise \u00e0 Franke. Comme il n'y a pas de successeur dans notre environnement familial, il \u00e9tait important pour moi de trouver une solution durable afin de remettre l'\u0153uvre de notre vie entre de bonnes mains. Franke dispose du savoir-faire et des ressources n\u00e9cessaires pour exploiter pleinement le potentiel de nos marques et les positionner avec encore plus de succ\u00e8s sur le march\u00e9\".<\/p>\n<p><em>Source : <a href=\"http:\/\/www.franke.com\">www.franke.com<\/a><\/em><\/p>","protected":false},"excerpt":{"rendered":"<p>Le groupe Franke rach\u00e8te le groupe suisse Wesco, \u00e9largissant ainsi ses comp\u00e9tences cl\u00e9s dans le domaine de la technologie de la qualit\u00e9 de l'air et renfor\u00e7ant sa position sur le march\u00e9 en Suisse et en Allemagne.<\/p>","protected":false},"author":80,"featured_media":30264,"comment_status":"closed","ping_status":"closed","sticky":false,"template":"","format":"standard","meta":{"_acf_changed":false,"_yoast_wpseo_focuskw":"Franke Gruppe","_yoast_wpseo_metadesc":"Die Franke Gruppe \u00fcbernimmt die Schweizer Wesco Gruppe und erweitert damit ihre Kernkompetenz im Bereich der Luftqualit\u00e4tstechnologie.","articlekey":"","footnotes":""},"categories":[28],"tags":[3355,3323,424,475,492],"class_list":["post-30260","post","type-post","status-publish","format-standard","has-post-thumbnail","hentry","category-management","tag-deutschland","tag-firmenuebernahmen","tag-schweiz","tag-technologie","tag-unternehmen"],"acf":[],"yoast_head":"<!-- This site is optimized with the Yoast SEO plugin v27.5 - https:\/\/yoast.com\/product\/yoast-seo-wordpress\/ -->\n<title>Franke Gruppe erwirbt Wesco - Organisator<\/title>\n<meta name=\"description\" content=\"Die Franke Gruppe \u00fcbernimmt die Schweizer Wesco Gruppe und erweitert damit ihre Kernkompetenz im Bereich der Luftqualit\u00e4tstechnologie.\" \/>\n<meta name=\"robots\" content=\"index, follow, max-snippet:-1, max-image-preview:large, max-video-preview:-1\" \/>\n<link rel=\"canonical\" href=\"https:\/\/www.organisator.ch\/fr\/gestion-2\/2024-10-01\/franke-gruppe-erwirbt-wesco\/\" \/>\n<meta property=\"og:locale\" content=\"fr_FR\" \/>\n<meta property=\"og:type\" content=\"article\" \/>\n<meta property=\"og:title\" content=\"Franke Gruppe erwirbt WESCO\" \/>\n<meta property=\"og:description\" content=\"Die Franke Gruppe \u00fcbernimmt die Schweizer WESCO Gruppe und erweitert damit ihre Kernkompetenz im Bereich der Luftqualit\u00e4tstechnologie.\" \/>\n<meta property=\"og:url\" content=\"https:\/\/www.organisator.ch\/fr\/gestion-2\/2024-10-01\/franke-gruppe-erwirbt-wesco\/\" \/>\n<meta property=\"og:site_name\" content=\"Organisator\" \/>\n<meta property=\"article:publisher\" content=\"https:\/\/www.facebook.com\/OrganisatorFachmagazin\" \/>\n<meta property=\"article:published_time\" content=\"2024-10-01T08:23:33+00:00\" \/>\n<meta property=\"article:modified_time\" content=\"2024-10-01T11:25:48+00:00\" \/>\n<meta property=\"og:image\" content=\"https:\/\/www.organisator.ch\/wp-content\/uploads\/2024\/09\/Franke-Bild1_ps.png\" \/>\n\t<meta property=\"og:image:width\" content=\"680\" \/>\n\t<meta property=\"og:image:height\" content=\"464\" \/>\n\t<meta property=\"og:image:type\" content=\"image\/png\" \/>\n<meta name=\"author\" content=\"Dzana Muminovic\" \/>\n<meta name=\"twitter:card\" content=\"summary_large_image\" \/>\n<meta name=\"twitter:title\" content=\"Franke Gruppe erwirbt WESCO\" \/>\n<meta name=\"twitter:description\" content=\"Die #Franke #Gruppe \u00fcbernimmt die Schweizer #WESCO Gruppe und erweitert damit ihre Kernkompetenz im Bereich der #Luftqualit\u00e4tstechnologie.\" \/>\n<meta name=\"twitter:image\" content=\"https:\/\/www.organisator.ch\/wp-content\/uploads\/2024\/09\/Franke-Bild1_ps.png\" \/>\n<script type=\"application\/ld+json\" class=\"yoast-schema-graph\">{\"@context\":\"https:\\\/\\\/schema.org\",\"@graph\":[{\"@type\":\"Article\",\"@id\":\"https:\\\/\\\/www.organisator.ch\\\/management\\\/2024-10-01\\\/franke-gruppe-erwirbt-wesco\\\/#article\",\"isPartOf\":{\"@id\":\"https:\\\/\\\/www.organisator.ch\\\/management\\\/2024-10-01\\\/franke-gruppe-erwirbt-wesco\\\/\"},\"author\":{\"name\":\"Dzana Muminovic\",\"@id\":\"https:\\\/\\\/www.organisator.ch\\\/#\\\/schema\\\/person\\\/afccda3a71c06d4be2ed9100dd163db7\"},\"headline\":\"Franke Gruppe erwirbt Wesco\",\"datePublished\":\"2024-10-01T08:23:33+00:00\",\"dateModified\":\"2024-10-01T11:25:48+00:00\",\"mainEntityOfPage\":{\"@id\":\"https:\\\/\\\/www.organisator.ch\\\/management\\\/2024-10-01\\\/franke-gruppe-erwirbt-wesco\\\/\"},\"wordCount\":482,\"publisher\":{\"@id\":\"https:\\\/\\\/www.organisator.ch\\\/#organization\"},\"image\":{\"@id\":\"https:\\\/\\\/www.organisator.ch\\\/management\\\/2024-10-01\\\/franke-gruppe-erwirbt-wesco\\\/#primaryimage\"},\"thumbnailUrl\":\"https:\\\/\\\/www.organisator.ch\\\/wp-content\\\/uploads\\\/2024\\\/09\\\/Franke-Bild1_ps.png\",\"keywords\":[\"Deutschland\",\"Firmen\u00fcbernahmen\",\"Schweiz\",\"Technologie\",\"Unternehmen\"],\"articleSection\":[\"MANAGEMENT\"],\"inLanguage\":\"fr-FR\"},{\"@type\":\"WebPage\",\"@id\":\"https:\\\/\\\/www.organisator.ch\\\/management\\\/2024-10-01\\\/franke-gruppe-erwirbt-wesco\\\/\",\"url\":\"https:\\\/\\\/www.organisator.ch\\\/management\\\/2024-10-01\\\/franke-gruppe-erwirbt-wesco\\\/\",\"name\":\"Franke Gruppe erwirbt Wesco - Organisator\",\"isPartOf\":{\"@id\":\"https:\\\/\\\/www.organisator.ch\\\/#website\"},\"primaryImageOfPage\":{\"@id\":\"https:\\\/\\\/www.organisator.ch\\\/management\\\/2024-10-01\\\/franke-gruppe-erwirbt-wesco\\\/#primaryimage\"},\"image\":{\"@id\":\"https:\\\/\\\/www.organisator.ch\\\/management\\\/2024-10-01\\\/franke-gruppe-erwirbt-wesco\\\/#primaryimage\"},\"thumbnailUrl\":\"https:\\\/\\\/www.organisator.ch\\\/wp-content\\\/uploads\\\/2024\\\/09\\\/Franke-Bild1_ps.png\",\"datePublished\":\"2024-10-01T08:23:33+00:00\",\"dateModified\":\"2024-10-01T11:25:48+00:00\",\"description\":\"Die Franke Gruppe \u00fcbernimmt die Schweizer Wesco Gruppe und erweitert damit ihre Kernkompetenz im Bereich der Luftqualit\u00e4tstechnologie.\",\"breadcrumb\":{\"@id\":\"https:\\\/\\\/www.organisator.ch\\\/management\\\/2024-10-01\\\/franke-gruppe-erwirbt-wesco\\\/#breadcrumb\"},\"inLanguage\":\"fr-FR\",\"potentialAction\":[{\"@type\":\"ReadAction\",\"target\":[\"https:\\\/\\\/www.organisator.ch\\\/management\\\/2024-10-01\\\/franke-gruppe-erwirbt-wesco\\\/\"]}]},{\"@type\":\"ImageObject\",\"inLanguage\":\"fr-FR\",\"@id\":\"https:\\\/\\\/www.organisator.ch\\\/management\\\/2024-10-01\\\/franke-gruppe-erwirbt-wesco\\\/#primaryimage\",\"url\":\"https:\\\/\\\/www.organisator.ch\\\/wp-content\\\/uploads\\\/2024\\\/09\\\/Franke-Bild1_ps.png\",\"contentUrl\":\"https:\\\/\\\/www.organisator.ch\\\/wp-content\\\/uploads\\\/2024\\\/09\\\/Franke-Bild1_ps.png\",\"width\":680,\"height\":464,\"caption\":\"Franke Gruppe st\u00e4rkt Marktposition im Bereich Dunstabzugshauben. (Bild: www.franke.com)\"},{\"@type\":\"BreadcrumbList\",\"@id\":\"https:\\\/\\\/www.organisator.ch\\\/management\\\/2024-10-01\\\/franke-gruppe-erwirbt-wesco\\\/#breadcrumb\",\"itemListElement\":[{\"@type\":\"ListItem\",\"position\":1,\"name\":\"Home\",\"item\":\"https:\\\/\\\/www.organisator.ch\\\/\"},{\"@type\":\"ListItem\",\"position\":2,\"name\":\"Franke Gruppe erwirbt Wesco\"}]},{\"@type\":\"WebSite\",\"@id\":\"https:\\\/\\\/www.organisator.ch\\\/#website\",\"url\":\"https:\\\/\\\/www.organisator.ch\\\/\",\"name\":\"Organisator\",\"description\":\"Kompetent. Praxisnah. Der ORGANISATOR bereitet in 10 Ausgaben pro Jahr die wesentlichen Themen f\u00fcr F\u00fchrungskr\u00e4fte von KMU auf.\",\"publisher\":{\"@id\":\"https:\\\/\\\/www.organisator.ch\\\/#organization\"},\"potentialAction\":[{\"@type\":\"SearchAction\",\"target\":{\"@type\":\"EntryPoint\",\"urlTemplate\":\"https:\\\/\\\/www.organisator.ch\\\/?s={search_term_string}\"},\"query-input\":{\"@type\":\"PropertyValueSpecification\",\"valueRequired\":true,\"valueName\":\"search_term_string\"}}],\"inLanguage\":\"fr-FR\"},{\"@type\":\"Organization\",\"@id\":\"https:\\\/\\\/www.organisator.ch\\\/#organization\",\"name\":\"Organisator\",\"url\":\"https:\\\/\\\/www.organisator.ch\\\/\",\"logo\":{\"@type\":\"ImageObject\",\"inLanguage\":\"fr-FR\",\"@id\":\"https:\\\/\\\/www.organisator.ch\\\/#\\\/schema\\\/logo\\\/image\\\/\",\"url\":\"https:\\\/\\\/www.organisator.ch\\\/wp-content\\\/uploads\\\/2022\\\/01\\\/Logo_Organisator_Website.png\",\"contentUrl\":\"https:\\\/\\\/www.organisator.ch\\\/wp-content\\\/uploads\\\/2022\\\/01\\\/Logo_Organisator_Website.png\",\"width\":800,\"height\":77,\"caption\":\"Organisator\"},\"image\":{\"@id\":\"https:\\\/\\\/www.organisator.ch\\\/#\\\/schema\\\/logo\\\/image\\\/\"},\"sameAs\":[\"https:\\\/\\\/www.facebook.com\\\/OrganisatorFachmagazin\",\"https:\\\/\\\/www.linkedin.com\\\/showcase\\\/organisator-das-magazin-fr-kmu\",\"https:\\\/\\\/www.xing.com\\\/news\\\/pages\\\/organisator-ch-695\",\"https:\\\/\\\/www.youtube.com\\\/channel\\\/UCGP2Sq0iWaZwT3BdIAQFYpw\"]},{\"@type\":\"Person\",\"@id\":\"https:\\\/\\\/www.organisator.ch\\\/#\\\/schema\\\/person\\\/afccda3a71c06d4be2ed9100dd163db7\",\"name\":\"Dzana Muminovic\",\"image\":{\"@type\":\"ImageObject\",\"inLanguage\":\"fr-FR\",\"@id\":\"https:\\\/\\\/secure.gravatar.com\\\/avatar\\\/909c5c71aff4b38e88686f2ab2f1ba152571f394f41ed8bae431ea56ced93050?s=96&d=mm&r=g\",\"url\":\"https:\\\/\\\/secure.gravatar.com\\\/avatar\\\/909c5c71aff4b38e88686f2ab2f1ba152571f394f41ed8bae431ea56ced93050?s=96&d=mm&r=g\",\"contentUrl\":\"https:\\\/\\\/secure.gravatar.com\\\/avatar\\\/909c5c71aff4b38e88686f2ab2f1ba152571f394f41ed8bae431ea56ced93050?s=96&d=mm&r=g\",\"caption\":\"Dzana Muminovic\"},\"url\":\"https:\\\/\\\/www.organisator.ch\\\/fr\\\/author\\\/dzana-muminovic\\\/\"}]}<\/script>\n<!-- \/ Yoast SEO plugin. -->","yoast_head_json":{"title":"Le groupe Franke acquiert Wesco - Organisateur","description":"Le groupe Franke rach\u00e8te le groupe suisse Wesco et \u00e9largit ainsi ses comp\u00e9tences cl\u00e9s dans le domaine de la technologie de la qualit\u00e9 de l'air.","robots":{"index":"index","follow":"follow","max-snippet":"max-snippet:-1","max-image-preview":"max-image-preview:large","max-video-preview":"max-video-preview:-1"},"canonical":"https:\/\/www.organisator.ch\/fr\/gestion-2\/2024-10-01\/franke-gruppe-erwirbt-wesco\/","og_locale":"fr_FR","og_type":"article","og_title":"Franke Gruppe erwirbt WESCO","og_description":"Die Franke Gruppe \u00fcbernimmt die Schweizer WESCO Gruppe und erweitert damit ihre Kernkompetenz im Bereich der Luftqualit\u00e4tstechnologie.","og_url":"https:\/\/www.organisator.ch\/fr\/gestion-2\/2024-10-01\/franke-gruppe-erwirbt-wesco\/","og_site_name":"Organisator","article_publisher":"https:\/\/www.facebook.com\/OrganisatorFachmagazin","article_published_time":"2024-10-01T08:23:33+00:00","article_modified_time":"2024-10-01T11:25:48+00:00","og_image":[{"width":680,"height":464,"url":"https:\/\/www.organisator.ch\/wp-content\/uploads\/2024\/09\/Franke-Bild1_ps.png","type":"image\/png"}],"author":"Dzana Muminovic","twitter_card":"summary_large_image","twitter_title":"Franke Gruppe erwirbt WESCO","twitter_description":"Die #Franke #Gruppe \u00fcbernimmt die Schweizer #WESCO Gruppe und erweitert damit ihre Kernkompetenz im Bereich der #Luftqualit\u00e4tstechnologie.","twitter_image":"https:\/\/www.organisator.ch\/wp-content\/uploads\/2024\/09\/Franke-Bild1_ps.png","schema":{"@context":"https:\/\/schema.org","@graph":[{"@type":"Article","@id":"https:\/\/www.organisator.ch\/management\/2024-10-01\/franke-gruppe-erwirbt-wesco\/#article","isPartOf":{"@id":"https:\/\/www.organisator.ch\/management\/2024-10-01\/franke-gruppe-erwirbt-wesco\/"},"author":{"name":"Dzana Muminovic","@id":"https:\/\/www.organisator.ch\/#\/schema\/person\/afccda3a71c06d4be2ed9100dd163db7"},"headline":"Franke Gruppe erwirbt Wesco","datePublished":"2024-10-01T08:23:33+00:00","dateModified":"2024-10-01T11:25:48+00:00","mainEntityOfPage":{"@id":"https:\/\/www.organisator.ch\/management\/2024-10-01\/franke-gruppe-erwirbt-wesco\/"},"wordCount":482,"publisher":{"@id":"https:\/\/www.organisator.ch\/#organization"},"image":{"@id":"https:\/\/www.organisator.ch\/management\/2024-10-01\/franke-gruppe-erwirbt-wesco\/#primaryimage"},"thumbnailUrl":"https:\/\/www.organisator.ch\/wp-content\/uploads\/2024\/09\/Franke-Bild1_ps.png","keywords":["Deutschland","Firmen\u00fcbernahmen","Schweiz","Technologie","Unternehmen"],"articleSection":["MANAGEMENT"],"inLanguage":"fr-FR"},{"@type":"WebPage","@id":"https:\/\/www.organisator.ch\/management\/2024-10-01\/franke-gruppe-erwirbt-wesco\/","url":"https:\/\/www.organisator.ch\/management\/2024-10-01\/franke-gruppe-erwirbt-wesco\/","name":"Le groupe Franke acquiert Wesco - Organisateur","isPartOf":{"@id":"https:\/\/www.organisator.ch\/#website"},"primaryImageOfPage":{"@id":"https:\/\/www.organisator.ch\/management\/2024-10-01\/franke-gruppe-erwirbt-wesco\/#primaryimage"},"image":{"@id":"https:\/\/www.organisator.ch\/management\/2024-10-01\/franke-gruppe-erwirbt-wesco\/#primaryimage"},"thumbnailUrl":"https:\/\/www.organisator.ch\/wp-content\/uploads\/2024\/09\/Franke-Bild1_ps.png","datePublished":"2024-10-01T08:23:33+00:00","dateModified":"2024-10-01T11:25:48+00:00","description":"Le groupe Franke rach\u00e8te le groupe suisse Wesco et \u00e9largit ainsi ses comp\u00e9tences cl\u00e9s dans le domaine de la technologie de la qualit\u00e9 de l'air.","breadcrumb":{"@id":"https:\/\/www.organisator.ch\/management\/2024-10-01\/franke-gruppe-erwirbt-wesco\/#breadcrumb"},"inLanguage":"fr-FR","potentialAction":[{"@type":"ReadAction","target":["https:\/\/www.organisator.ch\/management\/2024-10-01\/franke-gruppe-erwirbt-wesco\/"]}]},{"@type":"ImageObject","inLanguage":"fr-FR","@id":"https:\/\/www.organisator.ch\/management\/2024-10-01\/franke-gruppe-erwirbt-wesco\/#primaryimage","url":"https:\/\/www.organisator.ch\/wp-content\/uploads\/2024\/09\/Franke-Bild1_ps.png","contentUrl":"https:\/\/www.organisator.ch\/wp-content\/uploads\/2024\/09\/Franke-Bild1_ps.png","width":680,"height":464,"caption":"Franke Gruppe st\u00e4rkt Marktposition im Bereich Dunstabzugshauben. (Bild: www.franke.com)"},{"@type":"BreadcrumbList","@id":"https:\/\/www.organisator.ch\/management\/2024-10-01\/franke-gruppe-erwirbt-wesco\/#breadcrumb","itemListElement":[{"@type":"ListItem","position":1,"name":"Home","item":"https:\/\/www.organisator.ch\/"},{"@type":"ListItem","position":2,"name":"Franke Gruppe erwirbt Wesco"}]},{"@type":"WebSite","@id":"https:\/\/www.organisator.ch\/#website","url":"https:\/\/www.organisator.ch\/","name":"Organisateur","description":"Comp\u00e9tence et comp\u00e9tence. Proches de la pratique. L'ORGANISATEUR pr\u00e9pare 10 num\u00e9ros par an sur les th\u00e8mes essentiels pour les dirigeants de PME.","publisher":{"@id":"https:\/\/www.organisator.ch\/#organization"},"potentialAction":[{"@type":"SearchAction","target":{"@type":"EntryPoint","urlTemplate":"https:\/\/www.organisator.ch\/?s={search_term_string}"},"query-input":{"@type":"PropertyValueSpecification","valueRequired":true,"valueName":"search_term_string"}}],"inLanguage":"fr-FR"},{"@type":"Organization","@id":"https:\/\/www.organisator.ch\/#organization","name":"Organisateur","url":"https:\/\/www.organisator.ch\/","logo":{"@type":"ImageObject","inLanguage":"fr-FR","@id":"https:\/\/www.organisator.ch\/#\/schema\/logo\/image\/","url":"https:\/\/www.organisator.ch\/wp-content\/uploads\/2022\/01\/Logo_Organisator_Website.png","contentUrl":"https:\/\/www.organisator.ch\/wp-content\/uploads\/2022\/01\/Logo_Organisator_Website.png","width":800,"height":77,"caption":"Organisator"},"image":{"@id":"https:\/\/www.organisator.ch\/#\/schema\/logo\/image\/"},"sameAs":["https:\/\/www.facebook.com\/OrganisatorFachmagazin","https:\/\/www.linkedin.com\/showcase\/organisator-das-magazin-fr-kmu","https:\/\/www.xing.com\/news\/pages\/organisator-ch-695","https:\/\/www.youtube.com\/channel\/UCGP2Sq0iWaZwT3BdIAQFYpw"]},{"@type":"Person","@id":"https:\/\/www.organisator.ch\/#\/schema\/person\/afccda3a71c06d4be2ed9100dd163db7","name":"Dzana Muminovic","image":{"@type":"ImageObject","inLanguage":"fr-FR","@id":"https:\/\/secure.gravatar.com\/avatar\/909c5c71aff4b38e88686f2ab2f1ba152571f394f41ed8bae431ea56ced93050?s=96&d=mm&r=g","url":"https:\/\/secure.gravatar.com\/avatar\/909c5c71aff4b38e88686f2ab2f1ba152571f394f41ed8bae431ea56ced93050?s=96&d=mm&r=g","contentUrl":"https:\/\/secure.gravatar.com\/avatar\/909c5c71aff4b38e88686f2ab2f1ba152571f394f41ed8bae431ea56ced93050?s=96&d=mm&r=g","caption":"Dzana Muminovic"},"url":"https:\/\/www.organisator.ch\/fr\/author\/dzana-muminovic\/"}]}},"_links":{"self":[{"href":"https:\/\/www.organisator.ch\/fr\/wp-json\/wp\/v2\/posts\/30260","targetHints":{"allow":["GET"]}}],"collection":[{"href":"https:\/\/www.organisator.ch\/fr\/wp-json\/wp\/v2\/posts"}],"about":[{"href":"https:\/\/www.organisator.ch\/fr\/wp-json\/wp\/v2\/types\/post"}],"author":[{"embeddable":true,"href":"https:\/\/www.organisator.ch\/fr\/wp-json\/wp\/v2\/users\/80"}],"replies":[{"embeddable":true,"href":"https:\/\/www.organisator.ch\/fr\/wp-json\/wp\/v2\/comments?post=30260"}],"version-history":[{"count":10,"href":"https:\/\/www.organisator.ch\/fr\/wp-json\/wp\/v2\/posts\/30260\/revisions"}],"predecessor-version":[{"id":30306,"href":"https:\/\/www.organisator.ch\/fr\/wp-json\/wp\/v2\/posts\/30260\/revisions\/30306"}],"wp:featuredmedia":[{"embeddable":true,"href":"https:\/\/www.organisator.ch\/fr\/wp-json\/wp\/v2\/media\/30264"}],"wp:attachment":[{"href":"https:\/\/www.organisator.ch\/fr\/wp-json\/wp\/v2\/media?parent=30260"}],"wp:term":[{"taxonomy":"category","embeddable":true,"href":"https:\/\/www.organisator.ch\/fr\/wp-json\/wp\/v2\/categories?post=30260"},{"taxonomy":"post_tag","embeddable":true,"href":"https:\/\/www.organisator.ch\/fr\/wp-json\/wp\/v2\/tags?post=30260"}],"curies":[{"name":"wp","href":"https:\/\/api.w.org\/{rel}","templated":true}]}}