{"id":30270,"date":"2024-09-30T18:28:28","date_gmt":"2024-09-30T16:28:28","guid":{"rendered":"https:\/\/www.markt-kom.com\/?p=224136"},"modified":"2024-11-08T06:18:23","modified_gmt":"2024-11-08T05:18:23","slug":"studie-von-staempfli-beleuchtet-die-verbandskommunikation","status":"publish","type":"post","link":"https:\/\/www.organisator.ch\/fr\/marketing\/2024-09-30\/studie-von-staempfli-beleuchtet-die-verbandskommunikation\/","title":{"rendered":"Une \u00e9tude de St\u00e4mpfli met en lumi\u00e8re la communication des associations"},"content":{"rendered":"<figure id=\"attachment_224138\" class=\"wp-caption aligncenter\" style=\"width: 1200px\" aria-describedby=\"caption-attachment-224138\"><img class=\"aligncenter wp-image-224138 size-full\" src=\"https:\/\/www.markt-kom.com\/wp-content\/uploads\/2024\/09\/staempfli-vmi-studie-verbaende-grafik-1.jpg\" alt=\"Communication de l&#039;association\" width=\"1200\" height=\"900\" \/>\r\n<figcaption id=\"caption-attachment-224138\" class=\"wp-caption-text\">(Graphique : St\u00e4mpfli\/VMI)<\/figcaption>\r\n<\/figure>\r\n<p>St\u00e4mpfli Communication et l'Institut pour le management des associations (VMI) de l'Universit\u00e9 de Fribourg ont \u00e0 nouveau obtenu un aper\u00e7u des pratiques de communication actuelles et des d\u00e9fis des associations suisses dans le cadre de leur deuxi\u00e8me enqu\u00eate de grande envergure. 379 organisations ont particip\u00e9 \u00e0 l'enqu\u00eate en ligne - une participation record selon St\u00e4mpfli, qui souligne l'importance croissante de la communication num\u00e9rique et strat\u00e9gique.<\/p>\r\n<p>L'\u00e9tude met en \u00e9vidence des tendances claires dans la transformation num\u00e9rique, met en lumi\u00e8re les goulots d'\u00e9tranglement en mati\u00e8re de ressources et fournit des impulsions pratiques sur la mani\u00e8re dont les associations peuvent organiser leur communication et leur marketing pour l'avenir.<\/p>\r\n<h3>O\u00f9 en sont les associations aujourd'hui ?<\/h3>\r\n<p>Par rapport \u00e0 la pr\u00e9c\u00e9dente \u00e9tude de 2017, les tendances sont claires : l'utilisation des m\u00e9dias sociaux continue de progresser. LinkedIn et Instagram, en particulier, ont massivement gagn\u00e9 en importance dans la communication des associations. Alors que les moyens publicitaires classiques perdent en pertinence, les \u00e9v\u00e9nements et les rencontres personnelles restent des plateformes de communication centrales. \"Les r\u00e9sultats refl\u00e8tent la num\u00e9risation croissante, mais aussi la permanence des canaux de communication qui ont fait leurs preuves\", explique Nathalie Maring, co-auteur de l'\u00e9tude.<\/p>\r\n<h3>Ressources et groupes cibles comme d\u00e9fis<\/h3>\r\n<p>Outre les tendances, l'\u00e9tude met \u00e9galement en lumi\u00e8re les d\u00e9fis actuels des associations. Beaucoup d'entre elles sont confront\u00e9es \u00e0 des ressources limit\u00e9es et \u00e0 une pression croissante pour atteindre des groupes cibles plus jeunes. Pr\u00e8s de trois associations sur cinq pr\u00e9voient donc des mesures cibl\u00e9es pour rajeunir les membres de leur association - un th\u00e8me cl\u00e9 qui pourrait d\u00e9cider de la pertinence de nombreuses organisations \u00e0 l'avenir.<\/p>\r\n<h3>Soutien cibl\u00e9 pour des strat\u00e9gies de communication modernes<\/h3>\r\n<p>St\u00e4mpfli Kommunikation pr\u00e9voit d'utiliser les r\u00e9sultats de l'\u00e9tude de mani\u00e8re cibl\u00e9e pour soutenir ses clients dans le d\u00e9veloppement de leurs strat\u00e9gies de communication. \"Les nouvelles conclusions de l'\u00e9tude nous permettront d'accompagner notre client\u00e8le \u00e0 travers les d\u00e9fis de la communication num\u00e9rique et de lui offrir une plus-value cibl\u00e9e\", souligne Monica Masciadri, coresponsable de la communication associative.<\/p>\r\n<p>Bien que la publication scientifique d\u00e9taill\u00e9e de l'\u00e9tude ne soit publi\u00e9e que fin octobre 2024, les associations peuvent d'ores et d\u00e9j\u00e0 acc\u00e9der \u00e0 des connaissances qui leur permettront d'optimiser leurs strat\u00e9gies de communication. \"L'\u00e9tude ne se contente pas de dresser un \u00e9tat des lieux, elle fournit \u00e9galement des impulsions pratiques sur la mani\u00e8re dont les associations peuvent pr\u00e9parer leur communication pour l'avenir\", explique le professeur Markus Gm\u00fcr du VMI.<\/p>","protected":false},"excerpt":{"rendered":"<p>La derni\u00e8re \u00e9tude sur les associations r\u00e9alis\u00e9e par St\u00e4mpfli Kommunikation et le Verbandsmanagement Institut VMI de l'Universit\u00e9 de Fribourg offre un aper\u00e7u des strat\u00e9gies de communication actuelles et des d\u00e9fis auxquels sont confront\u00e9es les associations suisses.<\/p>","protected":false},"author":8,"featured_media":0,"comment_status":"closed","ping_status":"closed","sticky":false,"template":"","format":"standard","meta":{"_acf_changed":false,"_yoast_wpseo_focuskw":"Verbandskommunikation","_yoast_wpseo_metadesc":"Neue Studie von St\u00e4mpfli und VMI zeigt digitale Trends und Herausforderungen der Schweizer Verb\u00e4nde auf.","articlekey":"","footnotes":""},"categories":[29],"tags":[4343,4070,459,503],"class_list":["post-30270","post","type-post","status-publish","format-standard","hentry","category-marketing","tag-markom","tag-staempfli-kommunikation","tag-studie","tag-verbaende"],"acf":[],"yoast_head":"<!-- This site is optimized with the Yoast SEO plugin v27.5 - https:\/\/yoast.com\/product\/yoast-seo-wordpress\/ -->\n<title>Studie von St\u00e4mpfli beleuchtet die Verbandskommunikation - Organisator<\/title>\n<meta name=\"description\" content=\"Neue Studie von St\u00e4mpfli und VMI zeigt digitale Trends und Herausforderungen der Schweizer Verb\u00e4nde auf.\" \/>\n<meta name=\"robots\" content=\"index, follow, max-snippet:-1, max-image-preview:large, max-video-preview:-1\" \/>\n<link rel=\"canonical\" href=\"https:\/\/www.organisator.ch\/fr\/marketing\/2024-09-30\/studie-von-staempfli-beleuchtet-die-verbandskommunikation\/\" \/>\n<meta property=\"og:locale\" content=\"fr_FR\" \/>\n<meta property=\"og:type\" content=\"article\" \/>\n<meta property=\"og:title\" content=\"Studie von St\u00e4mpfli beleuchtet die Verbandskommunikation - Organisator\" \/>\n<meta property=\"og:description\" content=\"Neue Studie von St\u00e4mpfli und VMI zeigt digitale Trends und Herausforderungen der Schweizer Verb\u00e4nde auf.\" \/>\n<meta property=\"og:url\" content=\"https:\/\/www.organisator.ch\/fr\/marketing\/2024-09-30\/studie-von-staempfli-beleuchtet-die-verbandskommunikation\/\" \/>\n<meta property=\"og:site_name\" content=\"Organisator\" \/>\n<meta property=\"article:publisher\" content=\"https:\/\/www.facebook.com\/OrganisatorFachmagazin\" \/>\n<meta property=\"article:published_time\" content=\"2024-09-30T16:28:28+00:00\" \/>\n<meta property=\"article:modified_time\" content=\"2024-11-08T05:18:23+00:00\" \/>\n<meta property=\"og:image\" content=\"https:\/\/www.markt-kom.com\/wp-content\/uploads\/2024\/09\/staempfli-vmi-studie-verbaende-grafik-1.jpg\" \/>\n<meta name=\"author\" content=\"galledia\" \/>\n<meta name=\"twitter:card\" content=\"summary_large_image\" \/>\n<meta name=\"twitter:creator\" content=\"@admin\" \/>\n<script type=\"application\/ld+json\" class=\"yoast-schema-graph\">{\"@context\":\"https:\\\/\\\/schema.org\",\"@graph\":[{\"@type\":\"Article\",\"@id\":\"https:\\\/\\\/www.organisator.ch\\\/marketing\\\/2024-09-30\\\/studie-von-staempfli-beleuchtet-die-verbandskommunikation\\\/#article\",\"isPartOf\":{\"@id\":\"https:\\\/\\\/www.organisator.ch\\\/marketing\\\/2024-09-30\\\/studie-von-staempfli-beleuchtet-die-verbandskommunikation\\\/\"},\"author\":{\"name\":\"galledia\",\"@id\":\"https:\\\/\\\/www.organisator.ch\\\/#\\\/schema\\\/person\\\/4e51799071cd2dd1232ac003643ef5f0\"},\"headline\":\"Studie von St\u00e4mpfli beleuchtet die Verbandskommunikation\",\"datePublished\":\"2024-09-30T16:28:28+00:00\",\"dateModified\":\"2024-11-08T05:18:23+00:00\",\"mainEntityOfPage\":{\"@id\":\"https:\\\/\\\/www.organisator.ch\\\/marketing\\\/2024-09-30\\\/studie-von-staempfli-beleuchtet-die-verbandskommunikation\\\/\"},\"wordCount\":351,\"publisher\":{\"@id\":\"https:\\\/\\\/www.organisator.ch\\\/#organization\"},\"image\":{\"@id\":\"https:\\\/\\\/www.organisator.ch\\\/marketing\\\/2024-09-30\\\/studie-von-staempfli-beleuchtet-die-verbandskommunikation\\\/#primaryimage\"},\"thumbnailUrl\":\"https:\\\/\\\/www.markt-kom.com\\\/wp-content\\\/uploads\\\/2024\\\/09\\\/staempfli-vmi-studie-verbaende-grafik-1.jpg\",\"keywords\":[\"MarKom\",\"St\u00e4mpfli Kommunikation\",\"Studie\",\"Verb\u00e4nde\"],\"articleSection\":[\"MARKETING\"],\"inLanguage\":\"fr-FR\"},{\"@type\":\"WebPage\",\"@id\":\"https:\\\/\\\/www.organisator.ch\\\/marketing\\\/2024-09-30\\\/studie-von-staempfli-beleuchtet-die-verbandskommunikation\\\/\",\"url\":\"https:\\\/\\\/www.organisator.ch\\\/marketing\\\/2024-09-30\\\/studie-von-staempfli-beleuchtet-die-verbandskommunikation\\\/\",\"name\":\"Studie von St\u00e4mpfli beleuchtet die Verbandskommunikation - Organisator\",\"isPartOf\":{\"@id\":\"https:\\\/\\\/www.organisator.ch\\\/#website\"},\"primaryImageOfPage\":{\"@id\":\"https:\\\/\\\/www.organisator.ch\\\/marketing\\\/2024-09-30\\\/studie-von-staempfli-beleuchtet-die-verbandskommunikation\\\/#primaryimage\"},\"image\":{\"@id\":\"https:\\\/\\\/www.organisator.ch\\\/marketing\\\/2024-09-30\\\/studie-von-staempfli-beleuchtet-die-verbandskommunikation\\\/#primaryimage\"},\"thumbnailUrl\":\"https:\\\/\\\/www.markt-kom.com\\\/wp-content\\\/uploads\\\/2024\\\/09\\\/staempfli-vmi-studie-verbaende-grafik-1.jpg\",\"datePublished\":\"2024-09-30T16:28:28+00:00\",\"dateModified\":\"2024-11-08T05:18:23+00:00\",\"description\":\"Neue Studie von St\u00e4mpfli und VMI zeigt digitale Trends und Herausforderungen der Schweizer Verb\u00e4nde auf.\",\"breadcrumb\":{\"@id\":\"https:\\\/\\\/www.organisator.ch\\\/marketing\\\/2024-09-30\\\/studie-von-staempfli-beleuchtet-die-verbandskommunikation\\\/#breadcrumb\"},\"inLanguage\":\"fr-FR\",\"potentialAction\":[{\"@type\":\"ReadAction\",\"target\":[\"https:\\\/\\\/www.organisator.ch\\\/marketing\\\/2024-09-30\\\/studie-von-staempfli-beleuchtet-die-verbandskommunikation\\\/\"]}]},{\"@type\":\"ImageObject\",\"inLanguage\":\"fr-FR\",\"@id\":\"https:\\\/\\\/www.organisator.ch\\\/marketing\\\/2024-09-30\\\/studie-von-staempfli-beleuchtet-die-verbandskommunikation\\\/#primaryimage\",\"url\":\"https:\\\/\\\/www.markt-kom.com\\\/wp-content\\\/uploads\\\/2024\\\/09\\\/staempfli-vmi-studie-verbaende-grafik-1.jpg\",\"contentUrl\":\"https:\\\/\\\/www.markt-kom.com\\\/wp-content\\\/uploads\\\/2024\\\/09\\\/staempfli-vmi-studie-verbaende-grafik-1.jpg\"},{\"@type\":\"BreadcrumbList\",\"@id\":\"https:\\\/\\\/www.organisator.ch\\\/marketing\\\/2024-09-30\\\/studie-von-staempfli-beleuchtet-die-verbandskommunikation\\\/#breadcrumb\",\"itemListElement\":[{\"@type\":\"ListItem\",\"position\":1,\"name\":\"Home\",\"item\":\"https:\\\/\\\/www.organisator.ch\\\/\"},{\"@type\":\"ListItem\",\"position\":2,\"name\":\"Studie von St\u00e4mpfli beleuchtet die Verbandskommunikation\"}]},{\"@type\":\"WebSite\",\"@id\":\"https:\\\/\\\/www.organisator.ch\\\/#website\",\"url\":\"https:\\\/\\\/www.organisator.ch\\\/\",\"name\":\"Organisator\",\"description\":\"Kompetent. Praxisnah. Der ORGANISATOR bereitet in 10 Ausgaben pro Jahr die wesentlichen Themen f\u00fcr F\u00fchrungskr\u00e4fte von KMU auf.\",\"publisher\":{\"@id\":\"https:\\\/\\\/www.organisator.ch\\\/#organization\"},\"potentialAction\":[{\"@type\":\"SearchAction\",\"target\":{\"@type\":\"EntryPoint\",\"urlTemplate\":\"https:\\\/\\\/www.organisator.ch\\\/?s={search_term_string}\"},\"query-input\":{\"@type\":\"PropertyValueSpecification\",\"valueRequired\":true,\"valueName\":\"search_term_string\"}}],\"inLanguage\":\"fr-FR\"},{\"@type\":\"Organization\",\"@id\":\"https:\\\/\\\/www.organisator.ch\\\/#organization\",\"name\":\"Organisator\",\"url\":\"https:\\\/\\\/www.organisator.ch\\\/\",\"logo\":{\"@type\":\"ImageObject\",\"inLanguage\":\"fr-FR\",\"@id\":\"https:\\\/\\\/www.organisator.ch\\\/#\\\/schema\\\/logo\\\/image\\\/\",\"url\":\"https:\\\/\\\/www.organisator.ch\\\/wp-content\\\/uploads\\\/2022\\\/01\\\/Logo_Organisator_Website.png\",\"contentUrl\":\"https:\\\/\\\/www.organisator.ch\\\/wp-content\\\/uploads\\\/2022\\\/01\\\/Logo_Organisator_Website.png\",\"width\":800,\"height\":77,\"caption\":\"Organisator\"},\"image\":{\"@id\":\"https:\\\/\\\/www.organisator.ch\\\/#\\\/schema\\\/logo\\\/image\\\/\"},\"sameAs\":[\"https:\\\/\\\/www.facebook.com\\\/OrganisatorFachmagazin\",\"https:\\\/\\\/www.linkedin.com\\\/showcase\\\/organisator-das-magazin-fr-kmu\",\"https:\\\/\\\/www.xing.com\\\/news\\\/pages\\\/organisator-ch-695\",\"https:\\\/\\\/www.youtube.com\\\/channel\\\/UCGP2Sq0iWaZwT3BdIAQFYpw\"]},{\"@type\":\"Person\",\"@id\":\"https:\\\/\\\/www.organisator.ch\\\/#\\\/schema\\\/person\\\/4e51799071cd2dd1232ac003643ef5f0\",\"name\":\"galledia\",\"image\":{\"@type\":\"ImageObject\",\"inLanguage\":\"fr-FR\",\"@id\":\"https:\\\/\\\/secure.gravatar.com\\\/avatar\\\/78a7f90c01fc2bfc875782a0d4922b37cde2cf184ce347b91316d23cd7f69a36?s=96&d=mm&r=g\",\"url\":\"https:\\\/\\\/secure.gravatar.com\\\/avatar\\\/78a7f90c01fc2bfc875782a0d4922b37cde2cf184ce347b91316d23cd7f69a36?s=96&d=mm&r=g\",\"contentUrl\":\"https:\\\/\\\/secure.gravatar.com\\\/avatar\\\/78a7f90c01fc2bfc875782a0d4922b37cde2cf184ce347b91316d23cd7f69a36?s=96&d=mm&r=g\",\"caption\":\"galledia\"},\"sameAs\":[\"https:\\\/\\\/x.com\\\/admin\"],\"url\":\"https:\\\/\\\/www.organisator.ch\\\/fr\\\/author\\\/galledia\\\/\"}]}<\/script>\n<!-- \/ Yoast SEO plugin. -->","yoast_head_json":{"title":"Une \u00e9tude de St\u00e4mpfli met en lumi\u00e8re la communication des associations - Organisateur","description":"Une nouvelle \u00e9tude de St\u00e4mpfli et du VMI met en \u00e9vidence les tendances num\u00e9riques et les d\u00e9fis des associations suisses.","robots":{"index":"index","follow":"follow","max-snippet":"max-snippet:-1","max-image-preview":"max-image-preview:large","max-video-preview":"max-video-preview:-1"},"canonical":"https:\/\/www.organisator.ch\/fr\/marketing\/2024-09-30\/studie-von-staempfli-beleuchtet-die-verbandskommunikation\/","og_locale":"fr_FR","og_type":"article","og_title":"Studie von St\u00e4mpfli beleuchtet die Verbandskommunikation - Organisator","og_description":"Neue Studie von St\u00e4mpfli und VMI zeigt digitale Trends und Herausforderungen der Schweizer Verb\u00e4nde auf.","og_url":"https:\/\/www.organisator.ch\/fr\/marketing\/2024-09-30\/studie-von-staempfli-beleuchtet-die-verbandskommunikation\/","og_site_name":"Organisator","article_publisher":"https:\/\/www.facebook.com\/OrganisatorFachmagazin","article_published_time":"2024-09-30T16:28:28+00:00","article_modified_time":"2024-11-08T05:18:23+00:00","og_image":[{"url":"https:\/\/www.markt-kom.com\/wp-content\/uploads\/2024\/09\/staempfli-vmi-studie-verbaende-grafik-1.jpg","type":"","width":"","height":""}],"author":"galledia","twitter_card":"summary_large_image","twitter_creator":"@admin","schema":{"@context":"https:\/\/schema.org","@graph":[{"@type":"Article","@id":"https:\/\/www.organisator.ch\/marketing\/2024-09-30\/studie-von-staempfli-beleuchtet-die-verbandskommunikation\/#article","isPartOf":{"@id":"https:\/\/www.organisator.ch\/marketing\/2024-09-30\/studie-von-staempfli-beleuchtet-die-verbandskommunikation\/"},"author":{"name":"galledia","@id":"https:\/\/www.organisator.ch\/#\/schema\/person\/4e51799071cd2dd1232ac003643ef5f0"},"headline":"Studie von St\u00e4mpfli beleuchtet die Verbandskommunikation","datePublished":"2024-09-30T16:28:28+00:00","dateModified":"2024-11-08T05:18:23+00:00","mainEntityOfPage":{"@id":"https:\/\/www.organisator.ch\/marketing\/2024-09-30\/studie-von-staempfli-beleuchtet-die-verbandskommunikation\/"},"wordCount":351,"publisher":{"@id":"https:\/\/www.organisator.ch\/#organization"},"image":{"@id":"https:\/\/www.organisator.ch\/marketing\/2024-09-30\/studie-von-staempfli-beleuchtet-die-verbandskommunikation\/#primaryimage"},"thumbnailUrl":"https:\/\/www.markt-kom.com\/wp-content\/uploads\/2024\/09\/staempfli-vmi-studie-verbaende-grafik-1.jpg","keywords":["MarKom","St\u00e4mpfli Kommunikation","Studie","Verb\u00e4nde"],"articleSection":["MARKETING"],"inLanguage":"fr-FR"},{"@type":"WebPage","@id":"https:\/\/www.organisator.ch\/marketing\/2024-09-30\/studie-von-staempfli-beleuchtet-die-verbandskommunikation\/","url":"https:\/\/www.organisator.ch\/marketing\/2024-09-30\/studie-von-staempfli-beleuchtet-die-verbandskommunikation\/","name":"Une \u00e9tude de St\u00e4mpfli met en lumi\u00e8re la communication des associations - Organisateur","isPartOf":{"@id":"https:\/\/www.organisator.ch\/#website"},"primaryImageOfPage":{"@id":"https:\/\/www.organisator.ch\/marketing\/2024-09-30\/studie-von-staempfli-beleuchtet-die-verbandskommunikation\/#primaryimage"},"image":{"@id":"https:\/\/www.organisator.ch\/marketing\/2024-09-30\/studie-von-staempfli-beleuchtet-die-verbandskommunikation\/#primaryimage"},"thumbnailUrl":"https:\/\/www.markt-kom.com\/wp-content\/uploads\/2024\/09\/staempfli-vmi-studie-verbaende-grafik-1.jpg","datePublished":"2024-09-30T16:28:28+00:00","dateModified":"2024-11-08T05:18:23+00:00","description":"Une nouvelle \u00e9tude de St\u00e4mpfli et du VMI met en \u00e9vidence les tendances num\u00e9riques et les d\u00e9fis des associations suisses.","breadcrumb":{"@id":"https:\/\/www.organisator.ch\/marketing\/2024-09-30\/studie-von-staempfli-beleuchtet-die-verbandskommunikation\/#breadcrumb"},"inLanguage":"fr-FR","potentialAction":[{"@type":"ReadAction","target":["https:\/\/www.organisator.ch\/marketing\/2024-09-30\/studie-von-staempfli-beleuchtet-die-verbandskommunikation\/"]}]},{"@type":"ImageObject","inLanguage":"fr-FR","@id":"https:\/\/www.organisator.ch\/marketing\/2024-09-30\/studie-von-staempfli-beleuchtet-die-verbandskommunikation\/#primaryimage","url":"https:\/\/www.markt-kom.com\/wp-content\/uploads\/2024\/09\/staempfli-vmi-studie-verbaende-grafik-1.jpg","contentUrl":"https:\/\/www.markt-kom.com\/wp-content\/uploads\/2024\/09\/staempfli-vmi-studie-verbaende-grafik-1.jpg"},{"@type":"BreadcrumbList","@id":"https:\/\/www.organisator.ch\/marketing\/2024-09-30\/studie-von-staempfli-beleuchtet-die-verbandskommunikation\/#breadcrumb","itemListElement":[{"@type":"ListItem","position":1,"name":"Home","item":"https:\/\/www.organisator.ch\/"},{"@type":"ListItem","position":2,"name":"Studie von St\u00e4mpfli beleuchtet die Verbandskommunikation"}]},{"@type":"WebSite","@id":"https:\/\/www.organisator.ch\/#website","url":"https:\/\/www.organisator.ch\/","name":"Organisateur","description":"Comp\u00e9tence et comp\u00e9tence. Proches de la pratique. L'ORGANISATEUR pr\u00e9pare 10 num\u00e9ros par an sur les th\u00e8mes essentiels pour les dirigeants de PME.","publisher":{"@id":"https:\/\/www.organisator.ch\/#organization"},"potentialAction":[{"@type":"SearchAction","target":{"@type":"EntryPoint","urlTemplate":"https:\/\/www.organisator.ch\/?s={search_term_string}"},"query-input":{"@type":"PropertyValueSpecification","valueRequired":true,"valueName":"search_term_string"}}],"inLanguage":"fr-FR"},{"@type":"Organization","@id":"https:\/\/www.organisator.ch\/#organization","name":"Organisateur","url":"https:\/\/www.organisator.ch\/","logo":{"@type":"ImageObject","inLanguage":"fr-FR","@id":"https:\/\/www.organisator.ch\/#\/schema\/logo\/image\/","url":"https:\/\/www.organisator.ch\/wp-content\/uploads\/2022\/01\/Logo_Organisator_Website.png","contentUrl":"https:\/\/www.organisator.ch\/wp-content\/uploads\/2022\/01\/Logo_Organisator_Website.png","width":800,"height":77,"caption":"Organisator"},"image":{"@id":"https:\/\/www.organisator.ch\/#\/schema\/logo\/image\/"},"sameAs":["https:\/\/www.facebook.com\/OrganisatorFachmagazin","https:\/\/www.linkedin.com\/showcase\/organisator-das-magazin-fr-kmu","https:\/\/www.xing.com\/news\/pages\/organisator-ch-695","https:\/\/www.youtube.com\/channel\/UCGP2Sq0iWaZwT3BdIAQFYpw"]},{"@type":"Person","@id":"https:\/\/www.organisator.ch\/#\/schema\/person\/4e51799071cd2dd1232ac003643ef5f0","name":"galledia","image":{"@type":"ImageObject","inLanguage":"fr-FR","@id":"https:\/\/secure.gravatar.com\/avatar\/78a7f90c01fc2bfc875782a0d4922b37cde2cf184ce347b91316d23cd7f69a36?s=96&d=mm&r=g","url":"https:\/\/secure.gravatar.com\/avatar\/78a7f90c01fc2bfc875782a0d4922b37cde2cf184ce347b91316d23cd7f69a36?s=96&d=mm&r=g","contentUrl":"https:\/\/secure.gravatar.com\/avatar\/78a7f90c01fc2bfc875782a0d4922b37cde2cf184ce347b91316d23cd7f69a36?s=96&d=mm&r=g","caption":"galledia"},"sameAs":["https:\/\/x.com\/admin"],"url":"https:\/\/www.organisator.ch\/fr\/author\/galledia\/"}]}},"_links":{"self":[{"href":"https:\/\/www.organisator.ch\/fr\/wp-json\/wp\/v2\/posts\/30270","targetHints":{"allow":["GET"]}}],"collection":[{"href":"https:\/\/www.organisator.ch\/fr\/wp-json\/wp\/v2\/posts"}],"about":[{"href":"https:\/\/www.organisator.ch\/fr\/wp-json\/wp\/v2\/types\/post"}],"author":[{"embeddable":true,"href":"https:\/\/www.organisator.ch\/fr\/wp-json\/wp\/v2\/users\/8"}],"replies":[{"embeddable":true,"href":"https:\/\/www.organisator.ch\/fr\/wp-json\/wp\/v2\/comments?post=30270"}],"version-history":[{"count":5,"href":"https:\/\/www.organisator.ch\/fr\/wp-json\/wp\/v2\/posts\/30270\/revisions"}],"predecessor-version":[{"id":31849,"href":"https:\/\/www.organisator.ch\/fr\/wp-json\/wp\/v2\/posts\/30270\/revisions\/31849"}],"wp:attachment":[{"href":"https:\/\/www.organisator.ch\/fr\/wp-json\/wp\/v2\/media?parent=30270"}],"wp:term":[{"taxonomy":"category","embeddable":true,"href":"https:\/\/www.organisator.ch\/fr\/wp-json\/wp\/v2\/categories?post=30270"},{"taxonomy":"post_tag","embeddable":true,"href":"https:\/\/www.organisator.ch\/fr\/wp-json\/wp\/v2\/tags?post=30270"}],"curies":[{"name":"wp","href":"https:\/\/api.w.org\/{rel}","templated":true}]}}