{"id":30313,"date":"2024-10-02T07:32:12","date_gmt":"2024-10-02T05:32:12","guid":{"rendered":"https:\/\/www.organisator.ch\/?p=30313"},"modified":"2024-10-01T15:32:47","modified_gmt":"2024-10-01T13:32:47","slug":"rekordhoch-arbeitsplaetzezuwachs-im-bereich-der-erneuerbaren-energien","status":"publish","type":"post","link":"https:\/\/www.organisator.ch\/fr\/sustainability\/2024-10-02\/rekordhoch-arbeitsplaetzezuwachs-im-bereich-der-erneuerbaren-energien\/","title":{"rendered":"Niveau record : croissance de l'emploi dans le secteur des \u00e9nergies renouvelables"},"content":{"rendered":"<figure id=\"attachment_30315\" aria-describedby=\"caption-attachment-30315\" style=\"width: 680px\" class=\"wp-caption alignnone\"><img loading=\"lazy\" decoding=\"async\" class=\"size-full wp-image-30315\" src=\"https:\/\/www.organisator.ch\/wp-content\/uploads\/2024\/10\/ILO_IRENA_Bild1_ps.jpg\" alt=\"\" width=\"680\" height=\"395\" srcset=\"https:\/\/www.organisator.ch\/wp-content\/uploads\/2024\/10\/ILO_IRENA_Bild1_ps.jpg 680w, https:\/\/www.organisator.ch\/wp-content\/uploads\/2024\/10\/ILO_IRENA_Bild1_ps-18x10.jpg 18w, https:\/\/www.organisator.ch\/wp-content\/uploads\/2024\/10\/ILO_IRENA_Bild1_ps-375x218.jpg 375w, https:\/\/www.organisator.ch\/wp-content\/uploads\/2024\/10\/ILO_IRENA_Bild1_ps-603x350.jpg 603w\" sizes=\"auto, (max-width: 680px) 100vw, 680px\" \/><figcaption id=\"caption-attachment-30315\" class=\"wp-caption-text\">L'augmentation de 18 % par rapport \u00e0 l'ann\u00e9e pr\u00e9c\u00e9dente refl\u00e8te la forte croissance de la capacit\u00e9 de production d'\u00e9nergie renouvelable coupl\u00e9e \u00e0 une expansion constante de la construction d'installations. (Image : www.irena.org \/ www.ilo.org)<\/figcaption><\/figure>\n<p>Un regard plus attentif sur les donn\u00e9es du rapport r\u00e9v\u00e8le toutefois un tableau g\u00e9n\u00e9ral contrast\u00e9. La Chine \u00e0 elle seule a install\u00e9 l'ann\u00e9e derni\u00e8re pr\u00e8s des deux tiers des nouvelles capacit\u00e9s solaires et \u00e9oliennes dans le monde.<\/p>\n<p>La Chine occupe la premi\u00e8re place avec environ 7,4 millions d'emplois dans le secteur des \u00e9nergies renouvelables, soit 46% du total mondial. Elle est suivie par l'UE avec 1,8 million d'emplois, le Br\u00e9sil avec 1,56 million et les \u00c9tats-Unis \u00e0 \u00e9galit\u00e9 avec l'Inde avec pr\u00e8s d'un million d'emplois chacun.<\/p>\n<p>Comme les ann\u00e9es pr\u00e9c\u00e9dentes, les impulsions les plus fortes ont \u00e9t\u00e9 donn\u00e9es par le secteur photovolta\u00efque (PV) \u00e0 croissance rapide, qui a cr\u00e9\u00e9 7,2 millions d'emplois dans le monde. Sur ce total, 4,6 millions ont \u00e9t\u00e9 g\u00e9n\u00e9r\u00e9s par la Chine, premier fabricant et installateur d'installations photovolta\u00efques. Gr\u00e2ce aux investissements consid\u00e9rables de la Chine, l'Asie du Sud-Est est devenue une importante plaque tournante des exportations de photovolta\u00efque et cr\u00e9e des emplois dans la r\u00e9gion.<\/p>\n<p>Le deuxi\u00e8me plus grand nombre d'emplois a \u00e9t\u00e9 enregistr\u00e9 dans les biocarburants liquides, suivis par l'\u00e9nergie hydraulique et l'\u00e9nergie \u00e9olienne. Le Br\u00e9sil est en t\u00eate pour les biocarburants, avec un tiers des 2,8 millions d'emplois dans le monde dans ce secteur. L'Indon\u00e9sie, dont la production est en forte hausse, repr\u00e9sente un quart des emplois mondiaux dans le secteur des biocarburants et se place ainsi en deuxi\u00e8me position.<\/p>\n<p>En raison du ralentissement de l'expansion, l'\u00e9nergie hydraulique constitue une exception \u00e0 la tendance g\u00e9n\u00e9rale de croissance, avec un recul des emplois directs d'environ 2,5 millions en 2022 \u00e0 2,3 millions. La Chine, l'Inde, le Br\u00e9sil, le Vietnam et le Pakistan ont \u00e9t\u00e9 les plus gros employeurs de la branche.<\/p>\n<p>Dans le secteur de l'\u00e9nergie \u00e9olienne, la Chine et l'Europe conservent leur position de leader. Elles dominent la fabrication et l'installation de turbines et ont contribu\u00e9 respectivement \u00e0 hauteur de 52 % et 21 % au total de 1,5 million d'emplois dans le monde.<\/p>\n<p>Malgr\u00e9 son \u00e9norme potentiel de ressources, l'Afrique ne repr\u00e9sente encore qu'une faible part des investissements mondiaux dans les \u00e9nergies renouvelables, ce qui s'est traduit par un total de 324 000 emplois dans le secteur des \u00e9nergies renouvelables en 2023. Dans des r\u00e9gions comme l'Afrique, qui ont un besoin urgent d'un acc\u00e8s s\u00fbr et durable \u00e0 l'\u00e9nergie, en particulier dans les zones isol\u00e9es, les solutions d'\u00e9nergie renouvelable d\u00e9centralis\u00e9e (ERD) - des syst\u00e8mes autonomes non connect\u00e9s aux r\u00e9seaux d'approvisionnement - pourraient \u00e0 la fois combler le foss\u00e9 en mati\u00e8re d'acc\u00e8s et cr\u00e9er des emplois. La suppression des obstacles aux initiatives entrepreneuriales des femmes dans le domaine des DRE peut donner un coup de fouet au secteur et am\u00e9liorer l'\u00e9conomie locale et l'\u00e9quit\u00e9 \u00e9nerg\u00e9tique.<\/p>\n<p>Francesco La Camera, directeur g\u00e9n\u00e9ral de l'IRENA, a comment\u00e9 la forte concentration g\u00e9ographique en ces termes : \"La transition \u00e9nerg\u00e9tique et ses avantages socio-\u00e9conomiques ne doivent pas se limiter \u00e0 une ou deux r\u00e9gions. Si nous voulons vraiment tenir notre promesse commune de tripler la capacit\u00e9 de production d'\u00e9lectricit\u00e9 \u00e0 partir d'\u00e9nergies renouvelables d'ici 2030, le monde doit intensifier ses efforts et aider les r\u00e9gions marginalis\u00e9es \u00e0 lever les obstacles sur leur chemin vers la transition \u00e9nerg\u00e9tique. Une coop\u00e9ration internationale accrue permettra de mobiliser davantage de ressources financi\u00e8res pour les mesures de soutien politique et le renforcement des capacit\u00e9s dans les pays qui ne b\u00e9n\u00e9ficient pas encore de la cr\u00e9ation de nouveaux emplois gr\u00e2ce aux \u00e9nergies renouvelables\".<\/p>\n<p>Afin de r\u00e9pondre \u00e0 la demande croissante de divers professionnels qualifi\u00e9s dans le cadre de la transition \u00e9nerg\u00e9tique, les politiques doivent soutenir les mesures en faveur d'une main-d'\u0153uvre plus diversifi\u00e9e et d'une meilleure \u00e9galit\u00e9 des sexes. Avec 32 % de femmes sur le nombre total de travailleurs dans le secteur des \u00e9nergies renouvelables, l'\u00e9quilibre entre les sexes dans ce secteur reste d\u00e9s\u00e9quilibr\u00e9, m\u00eame si le nombre d'emplois est en constante augmentation. Il est essentiel que l'\u00e9ducation et la formation cr\u00e9ent des possibilit\u00e9s d'emploi vari\u00e9es pour les femmes, les jeunes et les membres des minorit\u00e9s et des groupes d\u00e9favoris\u00e9s.<\/p>\n<p>\"Investir dans l'\u00e9ducation, les comp\u00e9tences et la formation permet de reconvertir tous les travailleurs des secteurs des combustibles fossiles, d'\u00e9liminer les in\u00e9galit\u00e9s entre les sexes et autres, et de pr\u00e9parer la main-d'\u0153uvre \u00e0 de nouvelles t\u00e2ches dans le domaine des \u00e9nergies propres. Il s'agit l\u00e0 d'une condition indispensable pour donner aux travailleurs les connaissances et les comp\u00e9tences n\u00e9cessaires \u00e0 un emploi d\u00e9cent et pour assurer une transition \u00e9nerg\u00e9tique \u00e9quitable et durable. En signant l'Accord de Paris, nous nous sommes engag\u00e9s en faveur d'une transition \u00e9nerg\u00e9tique durable, a d\u00e9clar\u00e9 Gilbert F. Houngbo, directeur g\u00e9n\u00e9ral de l'OIT.<\/p>\n<p>La 11e \u00e9dition de l'Annual Review s'inscrit dans le cadre des analyses approfondies de l'IRENA sur l'impact socio-\u00e9conomique d'une transition \u00e9nerg\u00e9tique bas\u00e9e sur les \u00e9nergies renouvelables. Cette \u00e9dition - la 4e maintenant, r\u00e9alis\u00e9e en collaboration avec l'OIT - rappelle l'importance d'une approche centr\u00e9e sur l'homme et l'environnement pour permettre une transition \u00e9nerg\u00e9tique juste et inclusive. Elle appelle \u00e0 des cadres politiques holistiques qui vont au-del\u00e0 de la recherche de l'innovation technologique pour atteindre rapidement et au moindre co\u00fbt l'objectif de triplement, et qui mettent l'accent sur la cr\u00e9ation de valeur locale, garantissent la cr\u00e9ation d'emplois d\u00e9cents et s'appuient sur la participation active de la main-d'\u0153uvre et des communaut\u00e9s \u00e0 la conception de la transition \u00e9nerg\u00e9tique. L'OIT a contribu\u00e9 \u00e0 ce rapport en apportant son expertise dans le domaine de l'emploi et a r\u00e9dig\u00e9 le chapitre sur les comp\u00e9tences.<\/p>\n<p><em>Source : <a href=\"http:\/\/www.irena.org\">www.irena.org<\/a> \/ <a href=\"http:\/\/www.ilo.org\">www.ilo.org<\/a><\/em><\/p>","protected":false},"excerpt":{"rendered":"<p>En 2023, la croissance de l'emploi dans le secteur des \u00e9nergies renouvelables a atteint un niveau record, passant de 13,7 millions en 2022 \u00e0 16,2 millions, selon le rapport Renewable Energy and Jobs - Annual Review 2024, r\u00e9cemment publi\u00e9 par l'Agence internationale pour les \u00e9nergies renouvelables (IRENA) et l'Organisation internationale du travail (OIT). L'augmentation de 18 % par rapport \u00e0 l'ann\u00e9e pr\u00e9c\u00e9dente refl\u00e8te la forte croissance de la capacit\u00e9 de production d'\u00e9nergie renouvelable coupl\u00e9e \u00e0 une expansion constante de la construction d'installations.<\/p>","protected":false},"author":58,"featured_media":30315,"comment_status":"closed","ping_status":"closed","sticky":false,"template":"","format":"standard","meta":{"_acf_changed":false,"_yoast_wpseo_focuskw":"Arbeitspl\u00e4tzezuwachs","_yoast_wpseo_metadesc":"Im Jahr 2023 wurde ein Rekordhoch beim Arbeitspl\u00e4tzezuwachs im Bereich der erneuerbaren Energien verzeichnet.","articlekey":"","footnotes":""},"categories":[580],"tags":[4568,1098,4303,4569,492],"class_list":["post-30313","post","type-post","status-publish","format-standard","has-post-thumbnail","hentry","category-sustainability","tag-arbeitsplaetzezuwachs","tag-enerneuerbare-energie","tag-fachkraefte","tag-rekordhoch","tag-unternehmen"],"acf":[],"yoast_head":"<!-- This site is optimized with the Yoast SEO plugin v27.4 - https:\/\/yoast.com\/product\/yoast-seo-wordpress\/ -->\n<title>Rekordhoch: Arbeitspl\u00e4tzezuwachs im Bereich der erneuerbaren Energien - Organisator<\/title>\n<meta name=\"description\" content=\"Im Jahr 2023 wurde ein Rekordhoch beim Arbeitspl\u00e4tzezuwachs im Bereich der erneuerbaren Energien verzeichnet.\" \/>\n<meta name=\"robots\" content=\"index, follow, max-snippet:-1, max-image-preview:large, max-video-preview:-1\" \/>\n<link rel=\"canonical\" href=\"https:\/\/www.organisator.ch\/fr\/sustainability\/2024-10-02\/rekordhoch-arbeitsplaetzezuwachs-im-bereich-der-erneuerbaren-energien\/\" \/>\n<meta property=\"og:locale\" content=\"fr_FR\" \/>\n<meta property=\"og:type\" content=\"article\" \/>\n<meta property=\"og:title\" content=\"Rekordhoch: Arbeitspl\u00e4tzezuwachs im Bereich der erneuerbaren Energien\" \/>\n<meta property=\"og:description\" content=\"Im Jahr 2023 wurde ein Rekordhoch beim Arbeitspl\u00e4tzezuwachs im Bereich der erneuerbaren Energien verzeichnet.\" \/>\n<meta property=\"og:url\" content=\"https:\/\/www.organisator.ch\/fr\/sustainability\/2024-10-02\/rekordhoch-arbeitsplaetzezuwachs-im-bereich-der-erneuerbaren-energien\/\" \/>\n<meta property=\"og:site_name\" content=\"Organisator\" \/>\n<meta property=\"article:publisher\" content=\"https:\/\/www.facebook.com\/OrganisatorFachmagazin\" \/>\n<meta property=\"article:published_time\" content=\"2024-10-02T05:32:12+00:00\" \/>\n<meta property=\"og:image\" content=\"https:\/\/www.organisator.ch\/wp-content\/uploads\/2024\/10\/ILO_IRENA_Bild1_ps.jpg\" \/>\n\t<meta property=\"og:image:width\" content=\"680\" \/>\n\t<meta property=\"og:image:height\" content=\"395\" \/>\n\t<meta property=\"og:image:type\" content=\"image\/jpeg\" \/>\n<meta name=\"author\" content=\"Adelisa Kalajdzini\" \/>\n<meta name=\"twitter:card\" content=\"summary_large_image\" \/>\n<meta name=\"twitter:title\" content=\"Rekordhoch: Arbeitspl\u00e4tzezuwachs im Bereich der erneuerbaren Energien\" \/>\n<meta name=\"twitter:description\" content=\"Im Jahr 2023 wurde ein #Rekordhoch beim #Arbeitspl\u00e4tzezuwachs im #Bereich der #erneuerbaren #Energien verzeichnet.\" \/>\n<meta name=\"twitter:image\" content=\"https:\/\/www.organisator.ch\/wp-content\/uploads\/2024\/10\/ILO_IRENA_Bild1_ps.jpg\" \/>\n<script type=\"application\/ld+json\" class=\"yoast-schema-graph\">{\"@context\":\"https:\\\/\\\/schema.org\",\"@graph\":[{\"@type\":\"Article\",\"@id\":\"https:\\\/\\\/www.organisator.ch\\\/sustainability\\\/2024-10-02\\\/rekordhoch-arbeitsplaetzezuwachs-im-bereich-der-erneuerbaren-energien\\\/#article\",\"isPartOf\":{\"@id\":\"https:\\\/\\\/www.organisator.ch\\\/sustainability\\\/2024-10-02\\\/rekordhoch-arbeitsplaetzezuwachs-im-bereich-der-erneuerbaren-energien\\\/\"},\"author\":{\"name\":\"Adelisa Kalajdzini\",\"@id\":\"https:\\\/\\\/www.organisator.ch\\\/#\\\/schema\\\/person\\\/2e1314a2172123f874db408d8911d3f3\"},\"headline\":\"Rekordhoch: Arbeitspl\u00e4tzezuwachs im Bereich der erneuerbaren Energien\",\"datePublished\":\"2024-10-02T05:32:12+00:00\",\"mainEntityOfPage\":{\"@id\":\"https:\\\/\\\/www.organisator.ch\\\/sustainability\\\/2024-10-02\\\/rekordhoch-arbeitsplaetzezuwachs-im-bereich-der-erneuerbaren-energien\\\/\"},\"wordCount\":856,\"publisher\":{\"@id\":\"https:\\\/\\\/www.organisator.ch\\\/#organization\"},\"image\":{\"@id\":\"https:\\\/\\\/www.organisator.ch\\\/sustainability\\\/2024-10-02\\\/rekordhoch-arbeitsplaetzezuwachs-im-bereich-der-erneuerbaren-energien\\\/#primaryimage\"},\"thumbnailUrl\":\"https:\\\/\\\/www.organisator.ch\\\/wp-content\\\/uploads\\\/2024\\\/10\\\/ILO_IRENA_Bild1_ps.jpg\",\"keywords\":[\"Arbeitspl\u00e4tzezuwachs\",\"Enerneuerbare Energie\",\"Fachkr\u00e4fte\",\"Rekordhoch\",\"Unternehmen\"],\"articleSection\":[\"SUSTAINABILITY\"],\"inLanguage\":\"fr-FR\"},{\"@type\":\"WebPage\",\"@id\":\"https:\\\/\\\/www.organisator.ch\\\/sustainability\\\/2024-10-02\\\/rekordhoch-arbeitsplaetzezuwachs-im-bereich-der-erneuerbaren-energien\\\/\",\"url\":\"https:\\\/\\\/www.organisator.ch\\\/sustainability\\\/2024-10-02\\\/rekordhoch-arbeitsplaetzezuwachs-im-bereich-der-erneuerbaren-energien\\\/\",\"name\":\"Rekordhoch: Arbeitspl\u00e4tzezuwachs im Bereich der erneuerbaren Energien - Organisator\",\"isPartOf\":{\"@id\":\"https:\\\/\\\/www.organisator.ch\\\/#website\"},\"primaryImageOfPage\":{\"@id\":\"https:\\\/\\\/www.organisator.ch\\\/sustainability\\\/2024-10-02\\\/rekordhoch-arbeitsplaetzezuwachs-im-bereich-der-erneuerbaren-energien\\\/#primaryimage\"},\"image\":{\"@id\":\"https:\\\/\\\/www.organisator.ch\\\/sustainability\\\/2024-10-02\\\/rekordhoch-arbeitsplaetzezuwachs-im-bereich-der-erneuerbaren-energien\\\/#primaryimage\"},\"thumbnailUrl\":\"https:\\\/\\\/www.organisator.ch\\\/wp-content\\\/uploads\\\/2024\\\/10\\\/ILO_IRENA_Bild1_ps.jpg\",\"datePublished\":\"2024-10-02T05:32:12+00:00\",\"description\":\"Im Jahr 2023 wurde ein Rekordhoch beim Arbeitspl\u00e4tzezuwachs im Bereich der erneuerbaren Energien verzeichnet.\",\"breadcrumb\":{\"@id\":\"https:\\\/\\\/www.organisator.ch\\\/sustainability\\\/2024-10-02\\\/rekordhoch-arbeitsplaetzezuwachs-im-bereich-der-erneuerbaren-energien\\\/#breadcrumb\"},\"inLanguage\":\"fr-FR\",\"potentialAction\":[{\"@type\":\"ReadAction\",\"target\":[\"https:\\\/\\\/www.organisator.ch\\\/sustainability\\\/2024-10-02\\\/rekordhoch-arbeitsplaetzezuwachs-im-bereich-der-erneuerbaren-energien\\\/\"]}]},{\"@type\":\"ImageObject\",\"inLanguage\":\"fr-FR\",\"@id\":\"https:\\\/\\\/www.organisator.ch\\\/sustainability\\\/2024-10-02\\\/rekordhoch-arbeitsplaetzezuwachs-im-bereich-der-erneuerbaren-energien\\\/#primaryimage\",\"url\":\"https:\\\/\\\/www.organisator.ch\\\/wp-content\\\/uploads\\\/2024\\\/10\\\/ILO_IRENA_Bild1_ps.jpg\",\"contentUrl\":\"https:\\\/\\\/www.organisator.ch\\\/wp-content\\\/uploads\\\/2024\\\/10\\\/ILO_IRENA_Bild1_ps.jpg\",\"width\":680,\"height\":395,\"caption\":\"Der Zuwachs um 18 % im Vergleich zum Vorjahr spiegelt das starke Wachstum der Erzeugungskapazit\u00e4t erneuerbarer Energien gepaart mit einer konstanten Erweiterung des Anlagebaus wider. (Bild: www.irena.org \\\/ www.ilo.org)\"},{\"@type\":\"BreadcrumbList\",\"@id\":\"https:\\\/\\\/www.organisator.ch\\\/sustainability\\\/2024-10-02\\\/rekordhoch-arbeitsplaetzezuwachs-im-bereich-der-erneuerbaren-energien\\\/#breadcrumb\",\"itemListElement\":[{\"@type\":\"ListItem\",\"position\":1,\"name\":\"Home\",\"item\":\"https:\\\/\\\/www.organisator.ch\\\/\"},{\"@type\":\"ListItem\",\"position\":2,\"name\":\"Rekordhoch: Arbeitspl\u00e4tzezuwachs im Bereich der erneuerbaren Energien\"}]},{\"@type\":\"WebSite\",\"@id\":\"https:\\\/\\\/www.organisator.ch\\\/#website\",\"url\":\"https:\\\/\\\/www.organisator.ch\\\/\",\"name\":\"Organisator\",\"description\":\"Kompetent. Praxisnah. Der ORGANISATOR bereitet in 10 Ausgaben pro Jahr die wesentlichen Themen f\u00fcr F\u00fchrungskr\u00e4fte von KMU auf.\",\"publisher\":{\"@id\":\"https:\\\/\\\/www.organisator.ch\\\/#organization\"},\"potentialAction\":[{\"@type\":\"SearchAction\",\"target\":{\"@type\":\"EntryPoint\",\"urlTemplate\":\"https:\\\/\\\/www.organisator.ch\\\/?s={search_term_string}\"},\"query-input\":{\"@type\":\"PropertyValueSpecification\",\"valueRequired\":true,\"valueName\":\"search_term_string\"}}],\"inLanguage\":\"fr-FR\"},{\"@type\":\"Organization\",\"@id\":\"https:\\\/\\\/www.organisator.ch\\\/#organization\",\"name\":\"Organisator\",\"url\":\"https:\\\/\\\/www.organisator.ch\\\/\",\"logo\":{\"@type\":\"ImageObject\",\"inLanguage\":\"fr-FR\",\"@id\":\"https:\\\/\\\/www.organisator.ch\\\/#\\\/schema\\\/logo\\\/image\\\/\",\"url\":\"https:\\\/\\\/www.organisator.ch\\\/wp-content\\\/uploads\\\/2022\\\/01\\\/Logo_Organisator_Website.png\",\"contentUrl\":\"https:\\\/\\\/www.organisator.ch\\\/wp-content\\\/uploads\\\/2022\\\/01\\\/Logo_Organisator_Website.png\",\"width\":800,\"height\":77,\"caption\":\"Organisator\"},\"image\":{\"@id\":\"https:\\\/\\\/www.organisator.ch\\\/#\\\/schema\\\/logo\\\/image\\\/\"},\"sameAs\":[\"https:\\\/\\\/www.facebook.com\\\/OrganisatorFachmagazin\",\"https:\\\/\\\/www.linkedin.com\\\/showcase\\\/organisator-das-magazin-fr-kmu\",\"https:\\\/\\\/www.xing.com\\\/news\\\/pages\\\/organisator-ch-695\",\"https:\\\/\\\/www.youtube.com\\\/channel\\\/UCGP2Sq0iWaZwT3BdIAQFYpw\"]},{\"@type\":\"Person\",\"@id\":\"https:\\\/\\\/www.organisator.ch\\\/#\\\/schema\\\/person\\\/2e1314a2172123f874db408d8911d3f3\",\"name\":\"Adelisa Kalajdzini\",\"image\":{\"@type\":\"ImageObject\",\"inLanguage\":\"fr-FR\",\"@id\":\"https:\\\/\\\/secure.gravatar.com\\\/avatar\\\/09a397c22ac58cad6f160ee8306348599df9df58a8ede73696226897b9fa4b24?s=96&d=mm&r=g\",\"url\":\"https:\\\/\\\/secure.gravatar.com\\\/avatar\\\/09a397c22ac58cad6f160ee8306348599df9df58a8ede73696226897b9fa4b24?s=96&d=mm&r=g\",\"contentUrl\":\"https:\\\/\\\/secure.gravatar.com\\\/avatar\\\/09a397c22ac58cad6f160ee8306348599df9df58a8ede73696226897b9fa4b24?s=96&d=mm&r=g\",\"caption\":\"Adelisa Kalajdzini\"},\"url\":\"https:\\\/\\\/www.organisator.ch\\\/fr\\\/author\\\/adelisa-kalajdzini\\\/\"}]}<\/script>\n<!-- \/ Yoast SEO plugin. -->","yoast_head_json":{"title":"Niveau record : croissance de l'emploi dans le secteur des \u00e9nergies renouvelables - Organisateur","description":"En 2023, un niveau record de croissance de l'emploi dans le secteur des \u00e9nergies renouvelables a \u00e9t\u00e9 enregistr\u00e9.","robots":{"index":"index","follow":"follow","max-snippet":"max-snippet:-1","max-image-preview":"max-image-preview:large","max-video-preview":"max-video-preview:-1"},"canonical":"https:\/\/www.organisator.ch\/fr\/sustainability\/2024-10-02\/rekordhoch-arbeitsplaetzezuwachs-im-bereich-der-erneuerbaren-energien\/","og_locale":"fr_FR","og_type":"article","og_title":"Rekordhoch: Arbeitspl\u00e4tzezuwachs im Bereich der erneuerbaren Energien","og_description":"Im Jahr 2023 wurde ein Rekordhoch beim Arbeitspl\u00e4tzezuwachs im Bereich der erneuerbaren Energien verzeichnet.","og_url":"https:\/\/www.organisator.ch\/fr\/sustainability\/2024-10-02\/rekordhoch-arbeitsplaetzezuwachs-im-bereich-der-erneuerbaren-energien\/","og_site_name":"Organisator","article_publisher":"https:\/\/www.facebook.com\/OrganisatorFachmagazin","article_published_time":"2024-10-02T05:32:12+00:00","og_image":[{"width":680,"height":395,"url":"https:\/\/www.organisator.ch\/wp-content\/uploads\/2024\/10\/ILO_IRENA_Bild1_ps.jpg","type":"image\/jpeg"}],"author":"Adelisa Kalajdzini","twitter_card":"summary_large_image","twitter_title":"Rekordhoch: Arbeitspl\u00e4tzezuwachs im Bereich der erneuerbaren Energien","twitter_description":"Im Jahr 2023 wurde ein #Rekordhoch beim #Arbeitspl\u00e4tzezuwachs im #Bereich der #erneuerbaren #Energien verzeichnet.","twitter_image":"https:\/\/www.organisator.ch\/wp-content\/uploads\/2024\/10\/ILO_IRENA_Bild1_ps.jpg","schema":{"@context":"https:\/\/schema.org","@graph":[{"@type":"Article","@id":"https:\/\/www.organisator.ch\/sustainability\/2024-10-02\/rekordhoch-arbeitsplaetzezuwachs-im-bereich-der-erneuerbaren-energien\/#article","isPartOf":{"@id":"https:\/\/www.organisator.ch\/sustainability\/2024-10-02\/rekordhoch-arbeitsplaetzezuwachs-im-bereich-der-erneuerbaren-energien\/"},"author":{"name":"Adelisa Kalajdzini","@id":"https:\/\/www.organisator.ch\/#\/schema\/person\/2e1314a2172123f874db408d8911d3f3"},"headline":"Rekordhoch: Arbeitspl\u00e4tzezuwachs im Bereich der erneuerbaren Energien","datePublished":"2024-10-02T05:32:12+00:00","mainEntityOfPage":{"@id":"https:\/\/www.organisator.ch\/sustainability\/2024-10-02\/rekordhoch-arbeitsplaetzezuwachs-im-bereich-der-erneuerbaren-energien\/"},"wordCount":856,"publisher":{"@id":"https:\/\/www.organisator.ch\/#organization"},"image":{"@id":"https:\/\/www.organisator.ch\/sustainability\/2024-10-02\/rekordhoch-arbeitsplaetzezuwachs-im-bereich-der-erneuerbaren-energien\/#primaryimage"},"thumbnailUrl":"https:\/\/www.organisator.ch\/wp-content\/uploads\/2024\/10\/ILO_IRENA_Bild1_ps.jpg","keywords":["Arbeitspl\u00e4tzezuwachs","Enerneuerbare Energie","Fachkr\u00e4fte","Rekordhoch","Unternehmen"],"articleSection":["SUSTAINABILITY"],"inLanguage":"fr-FR"},{"@type":"WebPage","@id":"https:\/\/www.organisator.ch\/sustainability\/2024-10-02\/rekordhoch-arbeitsplaetzezuwachs-im-bereich-der-erneuerbaren-energien\/","url":"https:\/\/www.organisator.ch\/sustainability\/2024-10-02\/rekordhoch-arbeitsplaetzezuwachs-im-bereich-der-erneuerbaren-energien\/","name":"Niveau record : croissance de l'emploi dans le secteur des \u00e9nergies renouvelables - Organisateur","isPartOf":{"@id":"https:\/\/www.organisator.ch\/#website"},"primaryImageOfPage":{"@id":"https:\/\/www.organisator.ch\/sustainability\/2024-10-02\/rekordhoch-arbeitsplaetzezuwachs-im-bereich-der-erneuerbaren-energien\/#primaryimage"},"image":{"@id":"https:\/\/www.organisator.ch\/sustainability\/2024-10-02\/rekordhoch-arbeitsplaetzezuwachs-im-bereich-der-erneuerbaren-energien\/#primaryimage"},"thumbnailUrl":"https:\/\/www.organisator.ch\/wp-content\/uploads\/2024\/10\/ILO_IRENA_Bild1_ps.jpg","datePublished":"2024-10-02T05:32:12+00:00","description":"En 2023, un niveau record de croissance de l'emploi dans le secteur des \u00e9nergies renouvelables a \u00e9t\u00e9 enregistr\u00e9.","breadcrumb":{"@id":"https:\/\/www.organisator.ch\/sustainability\/2024-10-02\/rekordhoch-arbeitsplaetzezuwachs-im-bereich-der-erneuerbaren-energien\/#breadcrumb"},"inLanguage":"fr-FR","potentialAction":[{"@type":"ReadAction","target":["https:\/\/www.organisator.ch\/sustainability\/2024-10-02\/rekordhoch-arbeitsplaetzezuwachs-im-bereich-der-erneuerbaren-energien\/"]}]},{"@type":"ImageObject","inLanguage":"fr-FR","@id":"https:\/\/www.organisator.ch\/sustainability\/2024-10-02\/rekordhoch-arbeitsplaetzezuwachs-im-bereich-der-erneuerbaren-energien\/#primaryimage","url":"https:\/\/www.organisator.ch\/wp-content\/uploads\/2024\/10\/ILO_IRENA_Bild1_ps.jpg","contentUrl":"https:\/\/www.organisator.ch\/wp-content\/uploads\/2024\/10\/ILO_IRENA_Bild1_ps.jpg","width":680,"height":395,"caption":"Der Zuwachs um 18 % im Vergleich zum Vorjahr spiegelt das starke Wachstum der Erzeugungskapazit\u00e4t erneuerbarer Energien gepaart mit einer konstanten Erweiterung des Anlagebaus wider. (Bild: www.irena.org \/ www.ilo.org)"},{"@type":"BreadcrumbList","@id":"https:\/\/www.organisator.ch\/sustainability\/2024-10-02\/rekordhoch-arbeitsplaetzezuwachs-im-bereich-der-erneuerbaren-energien\/#breadcrumb","itemListElement":[{"@type":"ListItem","position":1,"name":"Home","item":"https:\/\/www.organisator.ch\/"},{"@type":"ListItem","position":2,"name":"Rekordhoch: Arbeitspl\u00e4tzezuwachs im Bereich der erneuerbaren Energien"}]},{"@type":"WebSite","@id":"https:\/\/www.organisator.ch\/#website","url":"https:\/\/www.organisator.ch\/","name":"Organisateur","description":"Comp\u00e9tence et comp\u00e9tence. Proches de la pratique. L'ORGANISATEUR pr\u00e9pare 10 num\u00e9ros par an sur les th\u00e8mes essentiels pour les dirigeants de PME.","publisher":{"@id":"https:\/\/www.organisator.ch\/#organization"},"potentialAction":[{"@type":"SearchAction","target":{"@type":"EntryPoint","urlTemplate":"https:\/\/www.organisator.ch\/?s={search_term_string}"},"query-input":{"@type":"PropertyValueSpecification","valueRequired":true,"valueName":"search_term_string"}}],"inLanguage":"fr-FR"},{"@type":"Organization","@id":"https:\/\/www.organisator.ch\/#organization","name":"Organisateur","url":"https:\/\/www.organisator.ch\/","logo":{"@type":"ImageObject","inLanguage":"fr-FR","@id":"https:\/\/www.organisator.ch\/#\/schema\/logo\/image\/","url":"https:\/\/www.organisator.ch\/wp-content\/uploads\/2022\/01\/Logo_Organisator_Website.png","contentUrl":"https:\/\/www.organisator.ch\/wp-content\/uploads\/2022\/01\/Logo_Organisator_Website.png","width":800,"height":77,"caption":"Organisator"},"image":{"@id":"https:\/\/www.organisator.ch\/#\/schema\/logo\/image\/"},"sameAs":["https:\/\/www.facebook.com\/OrganisatorFachmagazin","https:\/\/www.linkedin.com\/showcase\/organisator-das-magazin-fr-kmu","https:\/\/www.xing.com\/news\/pages\/organisator-ch-695","https:\/\/www.youtube.com\/channel\/UCGP2Sq0iWaZwT3BdIAQFYpw"]},{"@type":"Person","@id":"https:\/\/www.organisator.ch\/#\/schema\/person\/2e1314a2172123f874db408d8911d3f3","name":"Adelisa Kalajdzini","image":{"@type":"ImageObject","inLanguage":"fr-FR","@id":"https:\/\/secure.gravatar.com\/avatar\/09a397c22ac58cad6f160ee8306348599df9df58a8ede73696226897b9fa4b24?s=96&d=mm&r=g","url":"https:\/\/secure.gravatar.com\/avatar\/09a397c22ac58cad6f160ee8306348599df9df58a8ede73696226897b9fa4b24?s=96&d=mm&r=g","contentUrl":"https:\/\/secure.gravatar.com\/avatar\/09a397c22ac58cad6f160ee8306348599df9df58a8ede73696226897b9fa4b24?s=96&d=mm&r=g","caption":"Adelisa Kalajdzini"},"url":"https:\/\/www.organisator.ch\/fr\/author\/adelisa-kalajdzini\/"}]}},"_links":{"self":[{"href":"https:\/\/www.organisator.ch\/fr\/wp-json\/wp\/v2\/posts\/30313","targetHints":{"allow":["GET"]}}],"collection":[{"href":"https:\/\/www.organisator.ch\/fr\/wp-json\/wp\/v2\/posts"}],"about":[{"href":"https:\/\/www.organisator.ch\/fr\/wp-json\/wp\/v2\/types\/post"}],"author":[{"embeddable":true,"href":"https:\/\/www.organisator.ch\/fr\/wp-json\/wp\/v2\/users\/58"}],"replies":[{"embeddable":true,"href":"https:\/\/www.organisator.ch\/fr\/wp-json\/wp\/v2\/comments?post=30313"}],"version-history":[{"count":4,"href":"https:\/\/www.organisator.ch\/fr\/wp-json\/wp\/v2\/posts\/30313\/revisions"}],"predecessor-version":[{"id":30391,"href":"https:\/\/www.organisator.ch\/fr\/wp-json\/wp\/v2\/posts\/30313\/revisions\/30391"}],"wp:featuredmedia":[{"embeddable":true,"href":"https:\/\/www.organisator.ch\/fr\/wp-json\/wp\/v2\/media\/30315"}],"wp:attachment":[{"href":"https:\/\/www.organisator.ch\/fr\/wp-json\/wp\/v2\/media?parent=30313"}],"wp:term":[{"taxonomy":"category","embeddable":true,"href":"https:\/\/www.organisator.ch\/fr\/wp-json\/wp\/v2\/categories?post=30313"},{"taxonomy":"post_tag","embeddable":true,"href":"https:\/\/www.organisator.ch\/fr\/wp-json\/wp\/v2\/tags?post=30313"}],"curies":[{"name":"wp","href":"https:\/\/api.w.org\/{rel}","templated":true}]}}