{"id":3039,"date":"2018-01-23T15:44:20","date_gmt":"2018-01-23T14:44:20","guid":{"rendered":"https:\/\/www.organisator.ch\/?p=3039"},"modified":"2018-01-23T15:44:20","modified_gmt":"2018-01-23T14:44:20","slug":"christian-hunziker-ist-neuer-geschaeftsfuehrer-von-swissict","status":"publish","type":"post","link":"https:\/\/www.organisator.ch\/fr\/management\/it\/2018-01-23\/christian-hunziker-ist-neuer-geschaeftsfuehrer-von-swissict\/","title":{"rendered":"Christian Hunziker est le nouveau directeur de swissICT"},"content":{"rendered":"<figure id=\"attachment_3040\" aria-describedby=\"caption-attachment-3040\" style=\"width: 640px\" class=\"wp-caption alignnone\"><img loading=\"lazy\" decoding=\"async\" class=\"size-full wp-image-3040\" src=\"https:\/\/www.organisator.ch\/wp-content\/uploads\/2018\/01\/Christian-Hunziker-ist-neuer-Geschaeftsfuehrer-von-swissICT_Organisator.jpg\" alt=\"\" width=\"640\" height=\"454\" srcset=\"https:\/\/www.organisator.ch\/wp-content\/uploads\/2018\/01\/Christian-Hunziker-ist-neuer-Geschaeftsfuehrer-von-swissICT_Organisator.jpg 640w, https:\/\/www.organisator.ch\/wp-content\/uploads\/2018\/01\/Christian-Hunziker-ist-neuer-Geschaeftsfuehrer-von-swissICT_Organisator-16x12.jpg 16w, https:\/\/www.organisator.ch\/wp-content\/uploads\/2018\/01\/Christian-Hunziker-ist-neuer-Geschaeftsfuehrer-von-swissICT_Organisator-247x175.jpg 247w, https:\/\/www.organisator.ch\/wp-content\/uploads\/2018\/01\/Christian-Hunziker-ist-neuer-Geschaeftsfuehrer-von-swissICT_Organisator-493x350.jpg 493w, https:\/\/www.organisator.ch\/wp-content\/uploads\/2018\/01\/Christian-Hunziker-ist-neuer-Geschaeftsfuehrer-von-swissICT_Organisator-300x213.jpg 300w\" sizes=\"auto, (max-width: 640px) 100vw, 640px\" \/><figcaption id=\"caption-attachment-3040\" class=\"wp-caption-text\">Christian Hunziker, nouveau directeur d\u00e9sign\u00e9 de SwissICT. (Image : zVg)<\/figcaption><\/figure>\n<p>Christian Hunziker est le nouveau directeur de SwissICT. L'association a trouv\u00e9 en lui une personne disposant d'une vaste exp\u00e9rience : Hunziker a \u00e9t\u00e9 pendant de nombreuses ann\u00e9es membre de la direction d'entreprises TIC \u00e9trang\u00e8res (notamment Sun Microsystems, Dell) et suisses (notamment ELCA). Il rejoint actuellement l'association en provenance de Comsoft direct AG, une filiale de Bechtle AG, et succ\u00e9dera dans le courant du printemps \u00e0 Thomas Flatt, qui occupait ce poste \u00e0 titre int\u00e9rimaire depuis mars 2017.<\/p>\n<h2><strong>Informaticien, directeur et laur\u00e9at du Swiss ICT Award <\/strong><\/h2>\n<p>Le math\u00e9maticien EPF Hunziker travaille depuis plus de 25 ans dans le secteur suisse des TIC et a adopt\u00e9 diff\u00e9rentes perspectives sur la branche gr\u00e2ce \u00e0 ses exp\u00e9riences aupr\u00e8s des fournisseurs comme des utilisateurs et dans le channel. En tant qu'ancien d\u00e9veloppeur de logiciels, expert en entrep\u00f4ts de donn\u00e9es ainsi que directeur du marketing et des ventes et, en dernier lieu, directeur g\u00e9n\u00e9ral, il conna\u00eet parfaitement les th\u00e8mes de la branche et de swissICT et a d\u00e9j\u00e0 \u00e9t\u00e9 en contact avec l'association \u00e0 plusieurs reprises. Entre autres avec le fabricant de logiciels ELCA en tant que finaliste du Swiss ICT Award 2008 et avec la distinction de Daniel Gorostidi, alors CEO d'ELCA, en tant que Champion People.<\/p>\n<h2>Christian Hunziker veut faire avancer la num\u00e9risation<\/h2>\n<p>Le professionnel de la vente et du marketing Hunziker veut poursuivre avec swissICT la voie qu'il a choisie et la strat\u00e9gie de num\u00e9risation de l'association afin de la rendre encore plus attrayante pour les membres actuels et futurs. Pour ce faire, il fera avancer des projets tels que le renouvellement du Swiss ICT Award, la plateforme en ligne \"Professions des TIC\", l'initiative Life Long Learning, nos \u00e9tudes ind\u00e9pendantes sur les salaires et les honoraires, mais aussi la relance du site Internet de swissICT.<\/p>\n<p>Hunziker lui-m\u00eame voit un grand potentiel dans swissICT : \"J'ai moi-m\u00eame pu profiter pendant de nombreuses ann\u00e9es de la r\u00e9ussite de la place industrielle suisse des TIC. Je suis tr\u00e8s heureux de pouvoir contribuer activement au d\u00e9veloppement de swissICT. Ce faisant, je souhaite non seulement accompagner nos membres sur la voie d'un avenir num\u00e9rique, mais aussi num\u00e9riser enti\u00e8rement nos propres produits\".<\/p>\n<p><a href=\"http:\/\/www.swissict.ch\"><em>www.swissict.ch<\/em><\/a><\/p>","protected":false},"excerpt":{"rendered":"<p>Christian Hunziker wird neuer Gesch\u00e4ftsf\u00fchrer von SwissICT. Der Verband gewinnt in ihm eine Person mit einem breiten Erfahrungsschatz: Hunziker war\u00a0langj\u00e4hriges Gesch\u00e4ftsleitungsmitglied sowohl ausl\u00e4ndischer (u.a. Sun Microsystems, Dell) wie auch schweizerischer ICT-Firmen (u.a. ELCA).\u00a0Aktuell st\u00f6sst er\u00a0von der Comsoft direct AG, einer Tochterfirma der Bechtle AG, zum Verband und wird im Laufe des Fr\u00fchjahrs die Nachfolge von [&hellip;]<\/p>\n","protected":false},"author":4,"featured_media":3040,"comment_status":"open","ping_status":"open","sticky":false,"template":"","format":"standard","meta":{"_acf_changed":false,"_yoast_wpseo_focuskw":"Christian Hunziker","_yoast_wpseo_metadesc":"Mit Christian Hunziker \u00fcbernimmt eine in der ICT-Branche bestens vernetzte F\u00fchrungspers\u00f6nlichkeit mit breiter Erfahrung in Marketing und Verkauf die Geschicke des Schweizer ICT-Verbands swissICT.","articlekey":"","footnotes":""},"categories":[27],"tags":[275,286,381,503],"class_list":["post-3039","post","type-post","status-publish","format-standard","has-post-thumbnail","hentry","category-it","tag-institutionen","tag-it","tag-personalia","tag-verbaende"],"acf":[],"yoast_head":"<!-- This site is optimized with the Yoast SEO plugin v27.4 - https:\/\/yoast.com\/product\/yoast-seo-wordpress\/ -->\n<title>Christian Hunziker ist neuer Gesch\u00e4ftsf\u00fchrer von swissICT - Organisator<\/title>\n<meta name=\"description\" content=\"Mit Christian Hunziker \u00fcbernimmt eine in der ICT-Branche bestens vernetzte F\u00fchrungspers\u00f6nlichkeit mit breiter Erfahrung in Marketing und Verkauf die Geschicke des Schweizer ICT-Verbands swissICT.\" \/>\n<meta name=\"robots\" content=\"index, follow, max-snippet:-1, max-image-preview:large, max-video-preview:-1\" \/>\n<link rel=\"canonical\" href=\"https:\/\/www.organisator.ch\/fr\/gestion-2\/it\/2018-01-23\/christian-hunziker-ist-neuer-geschaeftsfuehrer-von-swissict\/\" \/>\n<meta property=\"og:locale\" content=\"fr_FR\" \/>\n<meta property=\"og:type\" content=\"article\" \/>\n<meta property=\"og:title\" content=\"Christian Hunziker ist neuer Gesch\u00e4ftsf\u00fchrer von swissICT\" \/>\n<meta property=\"og:description\" content=\"Mit Christian #Hunziker \u00fcbernimmt eine in der #ICT-Branche bestens vernetzte F\u00fchrungspers\u00f6nlichkeit mit breiter Erfahrung in Marketing und Verkauf die Geschicke des Schweizer ICT-Verbands #swissICT.\" \/>\n<meta property=\"og:url\" content=\"https:\/\/www.organisator.ch\/fr\/gestion-2\/it\/2018-01-23\/christian-hunziker-ist-neuer-geschaeftsfuehrer-von-swissict\/\" \/>\n<meta property=\"og:site_name\" content=\"Organisator\" \/>\n<meta property=\"article:publisher\" content=\"https:\/\/www.facebook.com\/OrganisatorFachmagazin\" \/>\n<meta property=\"article:published_time\" content=\"2018-01-23T14:44:20+00:00\" \/>\n<meta property=\"og:image\" content=\"https:\/\/www.organisator.ch\/wp-content\/uploads\/2018\/01\/Christian-Hunziker-ist-neuer-Geschaeftsfuehrer-von-swissICT_Organisator.jpg\" \/>\n\t<meta property=\"og:image:width\" content=\"640\" \/>\n\t<meta property=\"og:image:height\" content=\"454\" \/>\n\t<meta property=\"og:image:type\" content=\"image\/jpeg\" \/>\n<meta name=\"author\" content=\"thomas.berner\" \/>\n<meta name=\"twitter:card\" content=\"summary_large_image\" \/>\n<meta name=\"twitter:title\" content=\"Christian Hunziker ist neuer Gesch\u00e4ftsf\u00fchrer von #swissICT #ChristianHunziker\" \/>\n<meta name=\"twitter:description\" content=\"Mit Christian Hunziker \u00fcbernimmt eine in der #ICT-Branche bestens vernetzte F\u00fchrungspers\u00f6nlichkeit mit breiter Erfahrung in Marketing und Verkauf die Geschicke des Schweizer ICT-Verbands #swissICT.\" \/>\n<meta name=\"twitter:image\" content=\"https:\/\/www.organisator.ch\/wp-content\/uploads\/2018\/01\/Christian-Hunziker-ist-neuer-Gesch\u00e4ftsf\u00fchrer-von-swissICT_Organisator.jpg\" \/>\n<script type=\"application\/ld+json\" class=\"yoast-schema-graph\">{\"@context\":\"https:\\\/\\\/schema.org\",\"@graph\":[{\"@type\":\"Article\",\"@id\":\"https:\\\/\\\/www.organisator.ch\\\/management\\\/it\\\/2018-01-23\\\/christian-hunziker-ist-neuer-geschaeftsfuehrer-von-swissict\\\/#article\",\"isPartOf\":{\"@id\":\"https:\\\/\\\/www.organisator.ch\\\/management\\\/it\\\/2018-01-23\\\/christian-hunziker-ist-neuer-geschaeftsfuehrer-von-swissict\\\/\"},\"author\":{\"name\":\"thomas.berner\",\"@id\":\"https:\\\/\\\/www.organisator.ch\\\/#\\\/schema\\\/person\\\/6f650f90b2842cd4c0cc334b4e36f67e\"},\"headline\":\"Christian Hunziker ist neuer Gesch\u00e4ftsf\u00fchrer von swissICT\",\"datePublished\":\"2018-01-23T14:44:20+00:00\",\"mainEntityOfPage\":{\"@id\":\"https:\\\/\\\/www.organisator.ch\\\/management\\\/it\\\/2018-01-23\\\/christian-hunziker-ist-neuer-geschaeftsfuehrer-von-swissict\\\/\"},\"wordCount\":340,\"commentCount\":0,\"publisher\":{\"@id\":\"https:\\\/\\\/www.organisator.ch\\\/#organization\"},\"image\":{\"@id\":\"https:\\\/\\\/www.organisator.ch\\\/management\\\/it\\\/2018-01-23\\\/christian-hunziker-ist-neuer-geschaeftsfuehrer-von-swissict\\\/#primaryimage\"},\"thumbnailUrl\":\"https:\\\/\\\/www.organisator.ch\\\/wp-content\\\/uploads\\\/2018\\\/01\\\/Christian-Hunziker-ist-neuer-Geschaeftsfuehrer-von-swissICT_Organisator.jpg\",\"keywords\":[\"Institutionen\",\"IT\",\"Personalia\",\"Verb\u00e4nde\"],\"articleSection\":[\"IT\"],\"inLanguage\":\"fr-FR\"},{\"@type\":\"WebPage\",\"@id\":\"https:\\\/\\\/www.organisator.ch\\\/management\\\/it\\\/2018-01-23\\\/christian-hunziker-ist-neuer-geschaeftsfuehrer-von-swissict\\\/\",\"url\":\"https:\\\/\\\/www.organisator.ch\\\/management\\\/it\\\/2018-01-23\\\/christian-hunziker-ist-neuer-geschaeftsfuehrer-von-swissict\\\/\",\"name\":\"Christian Hunziker ist neuer Gesch\u00e4ftsf\u00fchrer von swissICT - Organisator\",\"isPartOf\":{\"@id\":\"https:\\\/\\\/www.organisator.ch\\\/#website\"},\"primaryImageOfPage\":{\"@id\":\"https:\\\/\\\/www.organisator.ch\\\/management\\\/it\\\/2018-01-23\\\/christian-hunziker-ist-neuer-geschaeftsfuehrer-von-swissict\\\/#primaryimage\"},\"image\":{\"@id\":\"https:\\\/\\\/www.organisator.ch\\\/management\\\/it\\\/2018-01-23\\\/christian-hunziker-ist-neuer-geschaeftsfuehrer-von-swissict\\\/#primaryimage\"},\"thumbnailUrl\":\"https:\\\/\\\/www.organisator.ch\\\/wp-content\\\/uploads\\\/2018\\\/01\\\/Christian-Hunziker-ist-neuer-Geschaeftsfuehrer-von-swissICT_Organisator.jpg\",\"datePublished\":\"2018-01-23T14:44:20+00:00\",\"description\":\"Mit Christian Hunziker \u00fcbernimmt eine in der ICT-Branche bestens vernetzte F\u00fchrungspers\u00f6nlichkeit mit breiter Erfahrung in Marketing und Verkauf die Geschicke des Schweizer ICT-Verbands swissICT.\",\"breadcrumb\":{\"@id\":\"https:\\\/\\\/www.organisator.ch\\\/management\\\/it\\\/2018-01-23\\\/christian-hunziker-ist-neuer-geschaeftsfuehrer-von-swissict\\\/#breadcrumb\"},\"inLanguage\":\"fr-FR\",\"potentialAction\":[{\"@type\":\"ReadAction\",\"target\":[\"https:\\\/\\\/www.organisator.ch\\\/management\\\/it\\\/2018-01-23\\\/christian-hunziker-ist-neuer-geschaeftsfuehrer-von-swissict\\\/\"]}]},{\"@type\":\"ImageObject\",\"inLanguage\":\"fr-FR\",\"@id\":\"https:\\\/\\\/www.organisator.ch\\\/management\\\/it\\\/2018-01-23\\\/christian-hunziker-ist-neuer-geschaeftsfuehrer-von-swissict\\\/#primaryimage\",\"url\":\"https:\\\/\\\/www.organisator.ch\\\/wp-content\\\/uploads\\\/2018\\\/01\\\/Christian-Hunziker-ist-neuer-Geschaeftsfuehrer-von-swissICT_Organisator.jpg\",\"contentUrl\":\"https:\\\/\\\/www.organisator.ch\\\/wp-content\\\/uploads\\\/2018\\\/01\\\/Christian-Hunziker-ist-neuer-Geschaeftsfuehrer-von-swissICT_Organisator.jpg\",\"width\":640,\"height\":454,\"caption\":\"Christian Hunziker, designierter neuer Gesch\u00e4ftsf\u00fchrer von SwissICT. (Bild: zVg)\"},{\"@type\":\"BreadcrumbList\",\"@id\":\"https:\\\/\\\/www.organisator.ch\\\/management\\\/it\\\/2018-01-23\\\/christian-hunziker-ist-neuer-geschaeftsfuehrer-von-swissict\\\/#breadcrumb\",\"itemListElement\":[{\"@type\":\"ListItem\",\"position\":1,\"name\":\"Home\",\"item\":\"https:\\\/\\\/www.organisator.ch\\\/\"},{\"@type\":\"ListItem\",\"position\":2,\"name\":\"Christian Hunziker ist neuer Gesch\u00e4ftsf\u00fchrer von swissICT\"}]},{\"@type\":\"WebSite\",\"@id\":\"https:\\\/\\\/www.organisator.ch\\\/#website\",\"url\":\"https:\\\/\\\/www.organisator.ch\\\/\",\"name\":\"Organisator\",\"description\":\"Kompetent. Praxisnah. Der ORGANISATOR bereitet in 10 Ausgaben pro Jahr die wesentlichen Themen f\u00fcr F\u00fchrungskr\u00e4fte von KMU auf.\",\"publisher\":{\"@id\":\"https:\\\/\\\/www.organisator.ch\\\/#organization\"},\"potentialAction\":[{\"@type\":\"SearchAction\",\"target\":{\"@type\":\"EntryPoint\",\"urlTemplate\":\"https:\\\/\\\/www.organisator.ch\\\/?s={search_term_string}\"},\"query-input\":{\"@type\":\"PropertyValueSpecification\",\"valueRequired\":true,\"valueName\":\"search_term_string\"}}],\"inLanguage\":\"fr-FR\"},{\"@type\":\"Organization\",\"@id\":\"https:\\\/\\\/www.organisator.ch\\\/#organization\",\"name\":\"Organisator\",\"url\":\"https:\\\/\\\/www.organisator.ch\\\/\",\"logo\":{\"@type\":\"ImageObject\",\"inLanguage\":\"fr-FR\",\"@id\":\"https:\\\/\\\/www.organisator.ch\\\/#\\\/schema\\\/logo\\\/image\\\/\",\"url\":\"https:\\\/\\\/www.organisator.ch\\\/wp-content\\\/uploads\\\/2022\\\/01\\\/Logo_Organisator_Website.png\",\"contentUrl\":\"https:\\\/\\\/www.organisator.ch\\\/wp-content\\\/uploads\\\/2022\\\/01\\\/Logo_Organisator_Website.png\",\"width\":800,\"height\":77,\"caption\":\"Organisator\"},\"image\":{\"@id\":\"https:\\\/\\\/www.organisator.ch\\\/#\\\/schema\\\/logo\\\/image\\\/\"},\"sameAs\":[\"https:\\\/\\\/www.facebook.com\\\/OrganisatorFachmagazin\",\"https:\\\/\\\/www.linkedin.com\\\/showcase\\\/organisator-das-magazin-fr-kmu\",\"https:\\\/\\\/www.xing.com\\\/news\\\/pages\\\/organisator-ch-695\",\"https:\\\/\\\/www.youtube.com\\\/channel\\\/UCGP2Sq0iWaZwT3BdIAQFYpw\"]},{\"@type\":\"Person\",\"@id\":\"https:\\\/\\\/www.organisator.ch\\\/#\\\/schema\\\/person\\\/6f650f90b2842cd4c0cc334b4e36f67e\",\"name\":\"thomas.berner\",\"image\":{\"@type\":\"ImageObject\",\"inLanguage\":\"fr-FR\",\"@id\":\"https:\\\/\\\/secure.gravatar.com\\\/avatar\\\/ac5001d2a36cb6c6cd3e50789007ffca834b477b74a2144564522e944eabff61?s=96&d=mm&r=g\",\"url\":\"https:\\\/\\\/secure.gravatar.com\\\/avatar\\\/ac5001d2a36cb6c6cd3e50789007ffca834b477b74a2144564522e944eabff61?s=96&d=mm&r=g\",\"contentUrl\":\"https:\\\/\\\/secure.gravatar.com\\\/avatar\\\/ac5001d2a36cb6c6cd3e50789007ffca834b477b74a2144564522e944eabff61?s=96&d=mm&r=g\",\"caption\":\"thomas.berner\"},\"url\":\"https:\\\/\\\/www.organisator.ch\\\/fr\\\/author\\\/thomas-berner\\\/\"}]}<\/script>\n<!-- \/ Yoast SEO plugin. -->","yoast_head_json":{"title":"Christian Hunziker est le nouveau directeur de swissICT - Organisateur","description":"Avec Christian Hunziker, c'est une personnalit\u00e9 dirigeante disposant d'un excellent r\u00e9seau dans le secteur des TIC et d'une large exp\u00e9rience dans le marketing et la vente qui reprend le destin de l'association suisse des TIC swissICT.","robots":{"index":"index","follow":"follow","max-snippet":"max-snippet:-1","max-image-preview":"max-image-preview:large","max-video-preview":"max-video-preview:-1"},"canonical":"https:\/\/www.organisator.ch\/fr\/gestion-2\/it\/2018-01-23\/christian-hunziker-ist-neuer-geschaeftsfuehrer-von-swissict\/","og_locale":"fr_FR","og_type":"article","og_title":"Christian Hunziker ist neuer Gesch\u00e4ftsf\u00fchrer von swissICT","og_description":"Mit Christian #Hunziker \u00fcbernimmt eine in der #ICT-Branche bestens vernetzte F\u00fchrungspers\u00f6nlichkeit mit breiter Erfahrung in Marketing und Verkauf die Geschicke des Schweizer ICT-Verbands #swissICT.","og_url":"https:\/\/www.organisator.ch\/fr\/gestion-2\/it\/2018-01-23\/christian-hunziker-ist-neuer-geschaeftsfuehrer-von-swissict\/","og_site_name":"Organisator","article_publisher":"https:\/\/www.facebook.com\/OrganisatorFachmagazin","article_published_time":"2018-01-23T14:44:20+00:00","og_image":[{"width":640,"height":454,"url":"https:\/\/www.organisator.ch\/wp-content\/uploads\/2018\/01\/Christian-Hunziker-ist-neuer-Geschaeftsfuehrer-von-swissICT_Organisator.jpg","type":"image\/jpeg"}],"author":"thomas.berner","twitter_card":"summary_large_image","twitter_title":"Christian Hunziker ist neuer Gesch\u00e4ftsf\u00fchrer von #swissICT #ChristianHunziker","twitter_description":"Mit Christian Hunziker \u00fcbernimmt eine in der #ICT-Branche bestens vernetzte F\u00fchrungspers\u00f6nlichkeit mit breiter Erfahrung in Marketing und Verkauf die Geschicke des Schweizer ICT-Verbands #swissICT.","twitter_image":"https:\/\/www.organisator.ch\/wp-content\/uploads\/2018\/01\/Christian-Hunziker-ist-neuer-Gesch\u00e4ftsf\u00fchrer-von-swissICT_Organisator.jpg","schema":{"@context":"https:\/\/schema.org","@graph":[{"@type":"Article","@id":"https:\/\/www.organisator.ch\/management\/it\/2018-01-23\/christian-hunziker-ist-neuer-geschaeftsfuehrer-von-swissict\/#article","isPartOf":{"@id":"https:\/\/www.organisator.ch\/management\/it\/2018-01-23\/christian-hunziker-ist-neuer-geschaeftsfuehrer-von-swissict\/"},"author":{"name":"thomas.berner","@id":"https:\/\/www.organisator.ch\/#\/schema\/person\/6f650f90b2842cd4c0cc334b4e36f67e"},"headline":"Christian Hunziker ist neuer Gesch\u00e4ftsf\u00fchrer von swissICT","datePublished":"2018-01-23T14:44:20+00:00","mainEntityOfPage":{"@id":"https:\/\/www.organisator.ch\/management\/it\/2018-01-23\/christian-hunziker-ist-neuer-geschaeftsfuehrer-von-swissict\/"},"wordCount":340,"commentCount":0,"publisher":{"@id":"https:\/\/www.organisator.ch\/#organization"},"image":{"@id":"https:\/\/www.organisator.ch\/management\/it\/2018-01-23\/christian-hunziker-ist-neuer-geschaeftsfuehrer-von-swissict\/#primaryimage"},"thumbnailUrl":"https:\/\/www.organisator.ch\/wp-content\/uploads\/2018\/01\/Christian-Hunziker-ist-neuer-Geschaeftsfuehrer-von-swissICT_Organisator.jpg","keywords":["Institutionen","IT","Personalia","Verb\u00e4nde"],"articleSection":["IT"],"inLanguage":"fr-FR"},{"@type":"WebPage","@id":"https:\/\/www.organisator.ch\/management\/it\/2018-01-23\/christian-hunziker-ist-neuer-geschaeftsfuehrer-von-swissict\/","url":"https:\/\/www.organisator.ch\/management\/it\/2018-01-23\/christian-hunziker-ist-neuer-geschaeftsfuehrer-von-swissict\/","name":"Christian Hunziker est le nouveau directeur de swissICT - Organisateur","isPartOf":{"@id":"https:\/\/www.organisator.ch\/#website"},"primaryImageOfPage":{"@id":"https:\/\/www.organisator.ch\/management\/it\/2018-01-23\/christian-hunziker-ist-neuer-geschaeftsfuehrer-von-swissict\/#primaryimage"},"image":{"@id":"https:\/\/www.organisator.ch\/management\/it\/2018-01-23\/christian-hunziker-ist-neuer-geschaeftsfuehrer-von-swissict\/#primaryimage"},"thumbnailUrl":"https:\/\/www.organisator.ch\/wp-content\/uploads\/2018\/01\/Christian-Hunziker-ist-neuer-Geschaeftsfuehrer-von-swissICT_Organisator.jpg","datePublished":"2018-01-23T14:44:20+00:00","description":"Avec Christian Hunziker, c'est une personnalit\u00e9 dirigeante disposant d'un excellent r\u00e9seau dans le secteur des TIC et d'une large exp\u00e9rience dans le marketing et la vente qui reprend le destin de l'association suisse des TIC swissICT.","breadcrumb":{"@id":"https:\/\/www.organisator.ch\/management\/it\/2018-01-23\/christian-hunziker-ist-neuer-geschaeftsfuehrer-von-swissict\/#breadcrumb"},"inLanguage":"fr-FR","potentialAction":[{"@type":"ReadAction","target":["https:\/\/www.organisator.ch\/management\/it\/2018-01-23\/christian-hunziker-ist-neuer-geschaeftsfuehrer-von-swissict\/"]}]},{"@type":"ImageObject","inLanguage":"fr-FR","@id":"https:\/\/www.organisator.ch\/management\/it\/2018-01-23\/christian-hunziker-ist-neuer-geschaeftsfuehrer-von-swissict\/#primaryimage","url":"https:\/\/www.organisator.ch\/wp-content\/uploads\/2018\/01\/Christian-Hunziker-ist-neuer-Geschaeftsfuehrer-von-swissICT_Organisator.jpg","contentUrl":"https:\/\/www.organisator.ch\/wp-content\/uploads\/2018\/01\/Christian-Hunziker-ist-neuer-Geschaeftsfuehrer-von-swissICT_Organisator.jpg","width":640,"height":454,"caption":"Christian Hunziker, designierter neuer Gesch\u00e4ftsf\u00fchrer von SwissICT. (Bild: zVg)"},{"@type":"BreadcrumbList","@id":"https:\/\/www.organisator.ch\/management\/it\/2018-01-23\/christian-hunziker-ist-neuer-geschaeftsfuehrer-von-swissict\/#breadcrumb","itemListElement":[{"@type":"ListItem","position":1,"name":"Home","item":"https:\/\/www.organisator.ch\/"},{"@type":"ListItem","position":2,"name":"Christian Hunziker ist neuer Gesch\u00e4ftsf\u00fchrer von swissICT"}]},{"@type":"WebSite","@id":"https:\/\/www.organisator.ch\/#website","url":"https:\/\/www.organisator.ch\/","name":"Organisateur","description":"Comp\u00e9tence et comp\u00e9tence. Proches de la pratique. L'ORGANISATEUR pr\u00e9pare 10 num\u00e9ros par an sur les th\u00e8mes essentiels pour les dirigeants de PME.","publisher":{"@id":"https:\/\/www.organisator.ch\/#organization"},"potentialAction":[{"@type":"SearchAction","target":{"@type":"EntryPoint","urlTemplate":"https:\/\/www.organisator.ch\/?s={search_term_string}"},"query-input":{"@type":"PropertyValueSpecification","valueRequired":true,"valueName":"search_term_string"}}],"inLanguage":"fr-FR"},{"@type":"Organization","@id":"https:\/\/www.organisator.ch\/#organization","name":"Organisateur","url":"https:\/\/www.organisator.ch\/","logo":{"@type":"ImageObject","inLanguage":"fr-FR","@id":"https:\/\/www.organisator.ch\/#\/schema\/logo\/image\/","url":"https:\/\/www.organisator.ch\/wp-content\/uploads\/2022\/01\/Logo_Organisator_Website.png","contentUrl":"https:\/\/www.organisator.ch\/wp-content\/uploads\/2022\/01\/Logo_Organisator_Website.png","width":800,"height":77,"caption":"Organisator"},"image":{"@id":"https:\/\/www.organisator.ch\/#\/schema\/logo\/image\/"},"sameAs":["https:\/\/www.facebook.com\/OrganisatorFachmagazin","https:\/\/www.linkedin.com\/showcase\/organisator-das-magazin-fr-kmu","https:\/\/www.xing.com\/news\/pages\/organisator-ch-695","https:\/\/www.youtube.com\/channel\/UCGP2Sq0iWaZwT3BdIAQFYpw"]},{"@type":"Person","@id":"https:\/\/www.organisator.ch\/#\/schema\/person\/6f650f90b2842cd4c0cc334b4e36f67e","name":"thomas.berner","image":{"@type":"ImageObject","inLanguage":"fr-FR","@id":"https:\/\/secure.gravatar.com\/avatar\/ac5001d2a36cb6c6cd3e50789007ffca834b477b74a2144564522e944eabff61?s=96&d=mm&r=g","url":"https:\/\/secure.gravatar.com\/avatar\/ac5001d2a36cb6c6cd3e50789007ffca834b477b74a2144564522e944eabff61?s=96&d=mm&r=g","contentUrl":"https:\/\/secure.gravatar.com\/avatar\/ac5001d2a36cb6c6cd3e50789007ffca834b477b74a2144564522e944eabff61?s=96&d=mm&r=g","caption":"thomas.berner"},"url":"https:\/\/www.organisator.ch\/fr\/author\/thomas-berner\/"}]}},"_links":{"self":[{"href":"https:\/\/www.organisator.ch\/fr\/wp-json\/wp\/v2\/posts\/3039","targetHints":{"allow":["GET"]}}],"collection":[{"href":"https:\/\/www.organisator.ch\/fr\/wp-json\/wp\/v2\/posts"}],"about":[{"href":"https:\/\/www.organisator.ch\/fr\/wp-json\/wp\/v2\/types\/post"}],"author":[{"embeddable":true,"href":"https:\/\/www.organisator.ch\/fr\/wp-json\/wp\/v2\/users\/4"}],"replies":[{"embeddable":true,"href":"https:\/\/www.organisator.ch\/fr\/wp-json\/wp\/v2\/comments?post=3039"}],"version-history":[{"count":0,"href":"https:\/\/www.organisator.ch\/fr\/wp-json\/wp\/v2\/posts\/3039\/revisions"}],"wp:featuredmedia":[{"embeddable":true,"href":"https:\/\/www.organisator.ch\/fr\/wp-json\/wp\/v2\/media\/3040"}],"wp:attachment":[{"href":"https:\/\/www.organisator.ch\/fr\/wp-json\/wp\/v2\/media?parent=3039"}],"wp:term":[{"taxonomy":"category","embeddable":true,"href":"https:\/\/www.organisator.ch\/fr\/wp-json\/wp\/v2\/categories?post=3039"},{"taxonomy":"post_tag","embeddable":true,"href":"https:\/\/www.organisator.ch\/fr\/wp-json\/wp\/v2\/tags?post=3039"}],"curies":[{"name":"wp","href":"https:\/\/api.w.org\/{rel}","templated":true}]}}