{"id":30395,"date":"2024-10-02T12:28:01","date_gmt":"2024-10-02T10:28:01","guid":{"rendered":"https:\/\/www.m-q.ch\/?p=20508"},"modified":"2024-11-08T05:57:25","modified_gmt":"2024-11-08T04:57:25","slug":"epson-erhaelt-ecovadis-platin-auszeichnung-fuer-nachhaltigkeit","status":"publish","type":"post","link":"https:\/\/www.organisator.ch\/fr\/sustainability\/2024-10-02\/epson-erhaelt-ecovadis-platin-auszeichnung-fuer-nachhaltigkeit\/","title":{"rendered":"Epson re\u00e7oit le prix EcoVadis Platine pour le d\u00e9veloppement durable"},"content":{"rendered":"<figure id=\"attachment_20510\" class=\"wp-caption alignnone\" style=\"width: 680px\" aria-describedby=\"caption-attachment-20510\"><img class=\"alignnone wp-image-20510 size-full\" src=\"https:\/\/www.m-q.ch\/wp-content\/uploads\/2024\/10\/Epson_Bild1_ps.jpg\" alt=\"Epson\" width=\"680\" height=\"594\" \/>\r\n<figcaption id=\"caption-attachment-20510\" class=\"wp-caption-text\">La note de platine place Epson parmi les 1 % des meilleures entreprises \u00e9valu\u00e9es par EcoVadis dans tous les secteurs. (Image : www.epson.de)<\/figcaption>\r\n<\/figure>\r\n<p>Avec la distinction de platine, Epson fait partie des 1 % sup\u00e9rieurs de toutes les entreprises \u00e9valu\u00e9es par EcoVadis dans tous les secteurs, ce qui refl\u00e8te les progr\u00e8s de l'entreprise en mati\u00e8re de durabilit\u00e9. Epson a augment\u00e9 son score total de 77 points \u00e0 83 points sur 100, et ce bien qu'EcoVadis ait entre-temps mis en place des crit\u00e8res d'\u00e9valuation plus stricts. Cette certification ind\u00e9pendante donne aux clients la certitude qu'Epson est l'une des entreprises les plus responsables de son secteur.<\/p>\r\n<p>Epson a \u00e9galement obtenu d'excellentes notes sur diff\u00e9rents sous-points et s'est \u00e9galement class\u00e9e parmi les 1 % les plus \u00e9lev\u00e9s de toutes les entreprises contr\u00f4l\u00e9es pour les th\u00e8mes \"Environnement\" et \"Travail et droits de l'homme\", et parmi les 2 % les plus \u00e9lev\u00e9s pour le domaine \"Achat durable\". En outre, l'entreprise se classe parmi les 30 meilleurs pour cent pour le crit\u00e8re \"\u00e9thique\". Les crit\u00e8res d'\u00e9valuation d'EcoVaid pour ses r\u00e9compenses sont de plus en plus stricts. Cette ann\u00e9e, pour obtenir une m\u00e9daille de platine, il faut faire partie du top 1 % de toutes les entreprises \u00e9valu\u00e9es.<\/p>\r\n<p>EcoVadis est une soci\u00e9t\u00e9 de notation reconnue dans le monde entier, qui \u00e9value plus de 130 000 entreprises dans plus de 220 cat\u00e9gories de secteurs et dans 180 pays. La derni\u00e8re distinction de platine obtenue par Epson est la preuve de l'engagement continu de l'entreprise et des am\u00e9liorations remarquables obtenues en mati\u00e8re de croissance durable au cours de l'ann\u00e9e \u00e9coul\u00e9e.<\/p>\r\n<p>\"La certification Platine est la cons\u00e9quence de nos mesures visant \u00e0 identifier et \u00e0 r\u00e9soudre les d\u00e9fis sociaux et environnementaux\", a d\u00e9clar\u00e9 Takanori Inaho, pr\u00e9sident d'Epson Europe. \"Nous suivons le principe directeur du \"Sho Sho Sei\", qui nous engage \u00e0 nous am\u00e9liorer en permanence et nous permet ainsi de d\u00e9velopper des produits toujours plus compacts, efficaces et pr\u00e9cis. Nos technologies propri\u00e9taires contribuent concr\u00e8tement \u00e0 la protection du climat, car nous sommes conscients de notre responsabilit\u00e9 dans la r\u00e9duction de l'impact de nos actions sur la plan\u00e8te\".<\/p>\r\n<h3><strong>Des succ\u00e8s ont \u00e9t\u00e9 obtenus...<\/strong><\/h3>\r\n<p>Epson a d\u00e9j\u00e0 fait des progr\u00e8s significatifs vers son objectif de devenir neutre en CO\u2082 d'ici 2050 et de renoncer compl\u00e8tement aux ressources fossiles d'ici l\u00e0. Ainsi, plusieurs succ\u00e8s remarquables ont \u00e9t\u00e9 obtenus au cours de l'exercice 2023 :<\/p>\r\n<p><strong>- D\u00e9carbonisation :<\/strong> Apr\u00e8s avoir r\u00e9ussi \u00e0 passer \u00e0 100 % d'\u00e9lectricit\u00e9 issue de sources d'\u00e9nergie renouvelables sur tous ses sites dans le monde en 2023, Epson a franchi de nouvelles \u00e9tapes en Europe pour atteindre ses objectifs de d\u00e9carbonisation. Ainsi, les \u00e9missions li\u00e9es aux voyages d'affaires ont \u00e9t\u00e9 r\u00e9duites de 19 % (pour l'exercice 2023 par rapport \u00e0 l'exercice 2022). L'optimisation des cha\u00eenes logistiques pour les livraisons en provenance des usines asiatiques devrait permettre de r\u00e9duire les \u00e9missions de CO\u2082 de 10 \u00e0 50 pour cent \u00e0 l'avenir. Une installation de biomasse pr\u00e9vue au Japon r\u00e9duira encore la d\u00e9pendance aux combustibles fossiles.<\/p>\r\n<p><strong>- Responsabilit\u00e9 sociale :<\/strong> Epson renforce son engagement en faveur de la r\u00e9alisation de la diversit\u00e9, de l'\u00e9galit\u00e9 et de l'inclusion par le biais d'initiatives de formation compl\u00e8tes. Les sites de production de l'entreprise en Indon\u00e9sie et aux Philippines ont re\u00e7u le statut de platine de la Responsible Business Alliance (RBA) pour les normes de travail \u00e9thiques \u00e9lev\u00e9es qui y sont appliqu\u00e9es.<\/p>\r\n<p><strong>- Renforcer la gouvernance :<\/strong> Le Bureau Veritas a \u00e9galement renouvel\u00e9 la certification d'Epson pour avoir align\u00e9 ses activit\u00e9s commerciales sur les objectifs de d\u00e9veloppement durable (SDGs). L'entreprise est ainsi un pr\u00e9curseur dans ce domaine.<\/p>\r\n<p>Boris Manev, Sustainability Director chez Epson Europe B.V., explique : \"Nous avons une id\u00e9e claire : \u00eatre le pionnier de l'innovation durable et poser des jalons en mati\u00e8re de responsabilit\u00e9 environnementale. Nos mesures ambitieuses, comme la promotion du recyclage des textiles en collaboration avec des entreprises leaders du secteur de la mode, montrent que la durabilit\u00e9 et le succ\u00e8s commercial vont de pair. Nos investissements dans le captage du CO\u2082 et les \u00e9nergies renouvelables sont des jalons importants sur notre chemin vers un avenir neutre en carbone. Le prix Platine est le r\u00e9sultat d'un travail acharn\u00e9 et souligne le fort engagement de toute l'\u00e9quipe Epson en faveur d'un avenir durable. Cette \u00e9valuation souligne non seulement notre leadership dans les domaines de la qualit\u00e9 des produits et de l'innovation, mais d\u00e9montre \u00e9galement notre engagement \u00e0 rendre notre industrie plus durable\".<\/p>\r\n<p><em>Source : <a href=\"http:\/\/www.epson.de\/\">www.epson.de<\/a><\/em><\/p>\n<p class=\"syndicated-attribution\">Cet article est paru initialement sur m-q.ch - <a href=\"https:\/\/www.m-q.ch\/de\/epson-erhaelt-ecovadis-platin-auszeichnung-fuer-nachhaltigkeit\/\" target=\"_blank\">https:\/\/www.m-q.ch\/de\/epson-erhaelt-ecovadis-platin-auszeichnung-fuer-nachhaltigkeit\/<\/a><\/p>","protected":false},"excerpt":{"rendered":"<p>L'entreprise technologique Epson a re\u00e7u la distinction Platine dans le domaine du d\u00e9veloppement durable de la part d'EcoVadis, un fournisseur d'\u00e9valuations de durabilit\u00e9 pour les entreprises. Cette distinction importante reconna\u00eet l'engagement d'Epson \u00e0 respecter les normes les plus \u00e9lev\u00e9es dans les domaines des pratiques environnementales, des droits de l'homme et du travail, de l'\u00e9thique et de l'approvisionnement durable.<\/p>","protected":false},"author":58,"featured_media":0,"comment_status":"closed","ping_status":"closed","sticky":false,"template":"","format":"standard","meta":{"_acf_changed":false,"_yoast_wpseo_focuskw":"Epson","_yoast_wpseo_metadesc":"Epson geh\u00f6rt zu den Top 1% bei EcoVadis-Bewertungen, dank bemerkenswerter Fortschritte in Sachen Nachhaltigkeit.","articlekey":"","footnotes":""},"categories":[580],"tags":[1787,4575,605,492,613],"class_list":["post-30395","post","type-post","status-publish","format-standard","hentry","category-sustainability","tag-nachhaltigkeit","tag-platin-auszeichnung","tag-qualitaetsmanagement","tag-unternehmen","tag-zertifizierung"],"acf":[],"yoast_head":"<!-- This site is optimized with the Yoast SEO plugin v27.5 - https:\/\/yoast.com\/product\/yoast-seo-wordpress\/ -->\n<title>Epson erh\u00e4lt EcoVadis Platin-Auszeichnung f\u00fcr Nachhaltigkeit - Organisator<\/title>\n<meta name=\"description\" content=\"Epson geh\u00f6rt zu den Top 1% bei EcoVadis-Bewertungen, dank bemerkenswerter Fortschritte in Sachen Nachhaltigkeit.\" \/>\n<meta name=\"robots\" content=\"index, follow, max-snippet:-1, max-image-preview:large, max-video-preview:-1\" \/>\n<link rel=\"canonical\" href=\"https:\/\/www.organisator.ch\/fr\/sustainability\/2024-10-02\/epson-erhaelt-ecovadis-platin-auszeichnung-fuer-nachhaltigkeit\/\" \/>\n<meta property=\"og:locale\" content=\"fr_FR\" \/>\n<meta property=\"og:type\" content=\"article\" \/>\n<meta property=\"og:title\" content=\"Epson erh\u00e4lt EcoVadis Platin-Auszeichnung f\u00fcr Nachhaltigkeit - Organisator\" \/>\n<meta property=\"og:description\" content=\"Epson geh\u00f6rt zu den Top 1% bei EcoVadis-Bewertungen, dank bemerkenswerter Fortschritte in Sachen Nachhaltigkeit.\" \/>\n<meta property=\"og:url\" content=\"https:\/\/www.organisator.ch\/fr\/sustainability\/2024-10-02\/epson-erhaelt-ecovadis-platin-auszeichnung-fuer-nachhaltigkeit\/\" \/>\n<meta property=\"og:site_name\" content=\"Organisator\" \/>\n<meta property=\"article:publisher\" content=\"https:\/\/www.facebook.com\/OrganisatorFachmagazin\" \/>\n<meta property=\"article:published_time\" content=\"2024-10-02T10:28:01+00:00\" \/>\n<meta property=\"article:modified_time\" content=\"2024-11-08T04:57:25+00:00\" \/>\n<meta property=\"og:image\" content=\"https:\/\/www.m-q.ch\/wp-content\/uploads\/2024\/10\/Epson_Bild1_ps.jpg\" \/>\n<meta name=\"author\" content=\"Adelisa Kalajdzini\" \/>\n<meta name=\"twitter:card\" content=\"summary_large_image\" \/>\n<script type=\"application\/ld+json\" class=\"yoast-schema-graph\">{\"@context\":\"https:\\\/\\\/schema.org\",\"@graph\":[{\"@type\":\"Article\",\"@id\":\"https:\\\/\\\/www.organisator.ch\\\/sustainability\\\/2024-10-02\\\/epson-erhaelt-ecovadis-platin-auszeichnung-fuer-nachhaltigkeit\\\/#article\",\"isPartOf\":{\"@id\":\"https:\\\/\\\/www.organisator.ch\\\/sustainability\\\/2024-10-02\\\/epson-erhaelt-ecovadis-platin-auszeichnung-fuer-nachhaltigkeit\\\/\"},\"author\":{\"name\":\"Adelisa Kalajdzini\",\"@id\":\"https:\\\/\\\/www.organisator.ch\\\/#\\\/schema\\\/person\\\/2e1314a2172123f874db408d8911d3f3\"},\"headline\":\"Epson erh\u00e4lt EcoVadis Platin-Auszeichnung f\u00fcr Nachhaltigkeit\",\"datePublished\":\"2024-10-02T10:28:01+00:00\",\"dateModified\":\"2024-11-08T04:57:25+00:00\",\"mainEntityOfPage\":{\"@id\":\"https:\\\/\\\/www.organisator.ch\\\/sustainability\\\/2024-10-02\\\/epson-erhaelt-ecovadis-platin-auszeichnung-fuer-nachhaltigkeit\\\/\"},\"wordCount\":631,\"publisher\":{\"@id\":\"https:\\\/\\\/www.organisator.ch\\\/#organization\"},\"image\":{\"@id\":\"https:\\\/\\\/www.organisator.ch\\\/sustainability\\\/2024-10-02\\\/epson-erhaelt-ecovadis-platin-auszeichnung-fuer-nachhaltigkeit\\\/#primaryimage\"},\"thumbnailUrl\":\"https:\\\/\\\/www.m-q.ch\\\/wp-content\\\/uploads\\\/2024\\\/10\\\/Epson_Bild1_ps.jpg\",\"keywords\":[\"Nachhaltigkeit\",\"Platin-Auszeichnung\",\"Qualit\u00e4tsmanagement\",\"Unternehmen\",\"Zertifizierung\"],\"articleSection\":[\"SUSTAINABILITY\"],\"inLanguage\":\"fr-FR\"},{\"@type\":\"WebPage\",\"@id\":\"https:\\\/\\\/www.organisator.ch\\\/sustainability\\\/2024-10-02\\\/epson-erhaelt-ecovadis-platin-auszeichnung-fuer-nachhaltigkeit\\\/\",\"url\":\"https:\\\/\\\/www.organisator.ch\\\/sustainability\\\/2024-10-02\\\/epson-erhaelt-ecovadis-platin-auszeichnung-fuer-nachhaltigkeit\\\/\",\"name\":\"Epson erh\u00e4lt EcoVadis Platin-Auszeichnung f\u00fcr Nachhaltigkeit - Organisator\",\"isPartOf\":{\"@id\":\"https:\\\/\\\/www.organisator.ch\\\/#website\"},\"primaryImageOfPage\":{\"@id\":\"https:\\\/\\\/www.organisator.ch\\\/sustainability\\\/2024-10-02\\\/epson-erhaelt-ecovadis-platin-auszeichnung-fuer-nachhaltigkeit\\\/#primaryimage\"},\"image\":{\"@id\":\"https:\\\/\\\/www.organisator.ch\\\/sustainability\\\/2024-10-02\\\/epson-erhaelt-ecovadis-platin-auszeichnung-fuer-nachhaltigkeit\\\/#primaryimage\"},\"thumbnailUrl\":\"https:\\\/\\\/www.m-q.ch\\\/wp-content\\\/uploads\\\/2024\\\/10\\\/Epson_Bild1_ps.jpg\",\"datePublished\":\"2024-10-02T10:28:01+00:00\",\"dateModified\":\"2024-11-08T04:57:25+00:00\",\"description\":\"Epson geh\u00f6rt zu den Top 1% bei EcoVadis-Bewertungen, dank bemerkenswerter Fortschritte in Sachen Nachhaltigkeit.\",\"breadcrumb\":{\"@id\":\"https:\\\/\\\/www.organisator.ch\\\/sustainability\\\/2024-10-02\\\/epson-erhaelt-ecovadis-platin-auszeichnung-fuer-nachhaltigkeit\\\/#breadcrumb\"},\"inLanguage\":\"fr-FR\",\"potentialAction\":[{\"@type\":\"ReadAction\",\"target\":[\"https:\\\/\\\/www.organisator.ch\\\/sustainability\\\/2024-10-02\\\/epson-erhaelt-ecovadis-platin-auszeichnung-fuer-nachhaltigkeit\\\/\"]}]},{\"@type\":\"ImageObject\",\"inLanguage\":\"fr-FR\",\"@id\":\"https:\\\/\\\/www.organisator.ch\\\/sustainability\\\/2024-10-02\\\/epson-erhaelt-ecovadis-platin-auszeichnung-fuer-nachhaltigkeit\\\/#primaryimage\",\"url\":\"https:\\\/\\\/www.m-q.ch\\\/wp-content\\\/uploads\\\/2024\\\/10\\\/Epson_Bild1_ps.jpg\",\"contentUrl\":\"https:\\\/\\\/www.m-q.ch\\\/wp-content\\\/uploads\\\/2024\\\/10\\\/Epson_Bild1_ps.jpg\"},{\"@type\":\"BreadcrumbList\",\"@id\":\"https:\\\/\\\/www.organisator.ch\\\/sustainability\\\/2024-10-02\\\/epson-erhaelt-ecovadis-platin-auszeichnung-fuer-nachhaltigkeit\\\/#breadcrumb\",\"itemListElement\":[{\"@type\":\"ListItem\",\"position\":1,\"name\":\"Home\",\"item\":\"https:\\\/\\\/www.organisator.ch\\\/\"},{\"@type\":\"ListItem\",\"position\":2,\"name\":\"Epson erh\u00e4lt EcoVadis Platin-Auszeichnung f\u00fcr Nachhaltigkeit\"}]},{\"@type\":\"WebSite\",\"@id\":\"https:\\\/\\\/www.organisator.ch\\\/#website\",\"url\":\"https:\\\/\\\/www.organisator.ch\\\/\",\"name\":\"Organisator\",\"description\":\"Kompetent. Praxisnah. Der ORGANISATOR bereitet in 10 Ausgaben pro Jahr die wesentlichen Themen f\u00fcr F\u00fchrungskr\u00e4fte von KMU auf.\",\"publisher\":{\"@id\":\"https:\\\/\\\/www.organisator.ch\\\/#organization\"},\"potentialAction\":[{\"@type\":\"SearchAction\",\"target\":{\"@type\":\"EntryPoint\",\"urlTemplate\":\"https:\\\/\\\/www.organisator.ch\\\/?s={search_term_string}\"},\"query-input\":{\"@type\":\"PropertyValueSpecification\",\"valueRequired\":true,\"valueName\":\"search_term_string\"}}],\"inLanguage\":\"fr-FR\"},{\"@type\":\"Organization\",\"@id\":\"https:\\\/\\\/www.organisator.ch\\\/#organization\",\"name\":\"Organisator\",\"url\":\"https:\\\/\\\/www.organisator.ch\\\/\",\"logo\":{\"@type\":\"ImageObject\",\"inLanguage\":\"fr-FR\",\"@id\":\"https:\\\/\\\/www.organisator.ch\\\/#\\\/schema\\\/logo\\\/image\\\/\",\"url\":\"https:\\\/\\\/www.organisator.ch\\\/wp-content\\\/uploads\\\/2022\\\/01\\\/Logo_Organisator_Website.png\",\"contentUrl\":\"https:\\\/\\\/www.organisator.ch\\\/wp-content\\\/uploads\\\/2022\\\/01\\\/Logo_Organisator_Website.png\",\"width\":800,\"height\":77,\"caption\":\"Organisator\"},\"image\":{\"@id\":\"https:\\\/\\\/www.organisator.ch\\\/#\\\/schema\\\/logo\\\/image\\\/\"},\"sameAs\":[\"https:\\\/\\\/www.facebook.com\\\/OrganisatorFachmagazin\",\"https:\\\/\\\/www.linkedin.com\\\/showcase\\\/organisator-das-magazin-fr-kmu\",\"https:\\\/\\\/www.xing.com\\\/news\\\/pages\\\/organisator-ch-695\",\"https:\\\/\\\/www.youtube.com\\\/channel\\\/UCGP2Sq0iWaZwT3BdIAQFYpw\"]},{\"@type\":\"Person\",\"@id\":\"https:\\\/\\\/www.organisator.ch\\\/#\\\/schema\\\/person\\\/2e1314a2172123f874db408d8911d3f3\",\"name\":\"Adelisa Kalajdzini\",\"image\":{\"@type\":\"ImageObject\",\"inLanguage\":\"fr-FR\",\"@id\":\"https:\\\/\\\/secure.gravatar.com\\\/avatar\\\/09a397c22ac58cad6f160ee8306348599df9df58a8ede73696226897b9fa4b24?s=96&d=mm&r=g\",\"url\":\"https:\\\/\\\/secure.gravatar.com\\\/avatar\\\/09a397c22ac58cad6f160ee8306348599df9df58a8ede73696226897b9fa4b24?s=96&d=mm&r=g\",\"contentUrl\":\"https:\\\/\\\/secure.gravatar.com\\\/avatar\\\/09a397c22ac58cad6f160ee8306348599df9df58a8ede73696226897b9fa4b24?s=96&d=mm&r=g\",\"caption\":\"Adelisa Kalajdzini\"},\"url\":\"https:\\\/\\\/www.organisator.ch\\\/fr\\\/author\\\/adelisa-kalajdzini\\\/\"}]}<\/script>\n<!-- \/ Yoast SEO plugin. -->","yoast_head_json":{"title":"Epson re\u00e7oit le prix EcoVadis Platine pour le d\u00e9veloppement durable - Organisateur","description":"Epson fait partie du top 1% des \u00e9valuations EcoVadis, gr\u00e2ce \u00e0 des progr\u00e8s remarquables en mati\u00e8re de durabilit\u00e9.","robots":{"index":"index","follow":"follow","max-snippet":"max-snippet:-1","max-image-preview":"max-image-preview:large","max-video-preview":"max-video-preview:-1"},"canonical":"https:\/\/www.organisator.ch\/fr\/sustainability\/2024-10-02\/epson-erhaelt-ecovadis-platin-auszeichnung-fuer-nachhaltigkeit\/","og_locale":"fr_FR","og_type":"article","og_title":"Epson erh\u00e4lt EcoVadis Platin-Auszeichnung f\u00fcr Nachhaltigkeit - Organisator","og_description":"Epson geh\u00f6rt zu den Top 1% bei EcoVadis-Bewertungen, dank bemerkenswerter Fortschritte in Sachen Nachhaltigkeit.","og_url":"https:\/\/www.organisator.ch\/fr\/sustainability\/2024-10-02\/epson-erhaelt-ecovadis-platin-auszeichnung-fuer-nachhaltigkeit\/","og_site_name":"Organisator","article_publisher":"https:\/\/www.facebook.com\/OrganisatorFachmagazin","article_published_time":"2024-10-02T10:28:01+00:00","article_modified_time":"2024-11-08T04:57:25+00:00","og_image":[{"url":"https:\/\/www.m-q.ch\/wp-content\/uploads\/2024\/10\/Epson_Bild1_ps.jpg","type":"","width":"","height":""}],"author":"Adelisa Kalajdzini","twitter_card":"summary_large_image","schema":{"@context":"https:\/\/schema.org","@graph":[{"@type":"Article","@id":"https:\/\/www.organisator.ch\/sustainability\/2024-10-02\/epson-erhaelt-ecovadis-platin-auszeichnung-fuer-nachhaltigkeit\/#article","isPartOf":{"@id":"https:\/\/www.organisator.ch\/sustainability\/2024-10-02\/epson-erhaelt-ecovadis-platin-auszeichnung-fuer-nachhaltigkeit\/"},"author":{"name":"Adelisa Kalajdzini","@id":"https:\/\/www.organisator.ch\/#\/schema\/person\/2e1314a2172123f874db408d8911d3f3"},"headline":"Epson erh\u00e4lt EcoVadis Platin-Auszeichnung f\u00fcr Nachhaltigkeit","datePublished":"2024-10-02T10:28:01+00:00","dateModified":"2024-11-08T04:57:25+00:00","mainEntityOfPage":{"@id":"https:\/\/www.organisator.ch\/sustainability\/2024-10-02\/epson-erhaelt-ecovadis-platin-auszeichnung-fuer-nachhaltigkeit\/"},"wordCount":631,"publisher":{"@id":"https:\/\/www.organisator.ch\/#organization"},"image":{"@id":"https:\/\/www.organisator.ch\/sustainability\/2024-10-02\/epson-erhaelt-ecovadis-platin-auszeichnung-fuer-nachhaltigkeit\/#primaryimage"},"thumbnailUrl":"https:\/\/www.m-q.ch\/wp-content\/uploads\/2024\/10\/Epson_Bild1_ps.jpg","keywords":["Nachhaltigkeit","Platin-Auszeichnung","Qualit\u00e4tsmanagement","Unternehmen","Zertifizierung"],"articleSection":["SUSTAINABILITY"],"inLanguage":"fr-FR"},{"@type":"WebPage","@id":"https:\/\/www.organisator.ch\/sustainability\/2024-10-02\/epson-erhaelt-ecovadis-platin-auszeichnung-fuer-nachhaltigkeit\/","url":"https:\/\/www.organisator.ch\/sustainability\/2024-10-02\/epson-erhaelt-ecovadis-platin-auszeichnung-fuer-nachhaltigkeit\/","name":"Epson re\u00e7oit le prix EcoVadis Platine pour le d\u00e9veloppement durable - Organisateur","isPartOf":{"@id":"https:\/\/www.organisator.ch\/#website"},"primaryImageOfPage":{"@id":"https:\/\/www.organisator.ch\/sustainability\/2024-10-02\/epson-erhaelt-ecovadis-platin-auszeichnung-fuer-nachhaltigkeit\/#primaryimage"},"image":{"@id":"https:\/\/www.organisator.ch\/sustainability\/2024-10-02\/epson-erhaelt-ecovadis-platin-auszeichnung-fuer-nachhaltigkeit\/#primaryimage"},"thumbnailUrl":"https:\/\/www.m-q.ch\/wp-content\/uploads\/2024\/10\/Epson_Bild1_ps.jpg","datePublished":"2024-10-02T10:28:01+00:00","dateModified":"2024-11-08T04:57:25+00:00","description":"Epson fait partie du top 1% des \u00e9valuations EcoVadis, gr\u00e2ce \u00e0 des progr\u00e8s remarquables en mati\u00e8re de durabilit\u00e9.","breadcrumb":{"@id":"https:\/\/www.organisator.ch\/sustainability\/2024-10-02\/epson-erhaelt-ecovadis-platin-auszeichnung-fuer-nachhaltigkeit\/#breadcrumb"},"inLanguage":"fr-FR","potentialAction":[{"@type":"ReadAction","target":["https:\/\/www.organisator.ch\/sustainability\/2024-10-02\/epson-erhaelt-ecovadis-platin-auszeichnung-fuer-nachhaltigkeit\/"]}]},{"@type":"ImageObject","inLanguage":"fr-FR","@id":"https:\/\/www.organisator.ch\/sustainability\/2024-10-02\/epson-erhaelt-ecovadis-platin-auszeichnung-fuer-nachhaltigkeit\/#primaryimage","url":"https:\/\/www.m-q.ch\/wp-content\/uploads\/2024\/10\/Epson_Bild1_ps.jpg","contentUrl":"https:\/\/www.m-q.ch\/wp-content\/uploads\/2024\/10\/Epson_Bild1_ps.jpg"},{"@type":"BreadcrumbList","@id":"https:\/\/www.organisator.ch\/sustainability\/2024-10-02\/epson-erhaelt-ecovadis-platin-auszeichnung-fuer-nachhaltigkeit\/#breadcrumb","itemListElement":[{"@type":"ListItem","position":1,"name":"Home","item":"https:\/\/www.organisator.ch\/"},{"@type":"ListItem","position":2,"name":"Epson erh\u00e4lt EcoVadis Platin-Auszeichnung f\u00fcr Nachhaltigkeit"}]},{"@type":"WebSite","@id":"https:\/\/www.organisator.ch\/#website","url":"https:\/\/www.organisator.ch\/","name":"Organisateur","description":"Comp\u00e9tence et comp\u00e9tence. Proches de la pratique. L'ORGANISATEUR pr\u00e9pare 10 num\u00e9ros par an sur les th\u00e8mes essentiels pour les dirigeants de PME.","publisher":{"@id":"https:\/\/www.organisator.ch\/#organization"},"potentialAction":[{"@type":"SearchAction","target":{"@type":"EntryPoint","urlTemplate":"https:\/\/www.organisator.ch\/?s={search_term_string}"},"query-input":{"@type":"PropertyValueSpecification","valueRequired":true,"valueName":"search_term_string"}}],"inLanguage":"fr-FR"},{"@type":"Organization","@id":"https:\/\/www.organisator.ch\/#organization","name":"Organisateur","url":"https:\/\/www.organisator.ch\/","logo":{"@type":"ImageObject","inLanguage":"fr-FR","@id":"https:\/\/www.organisator.ch\/#\/schema\/logo\/image\/","url":"https:\/\/www.organisator.ch\/wp-content\/uploads\/2022\/01\/Logo_Organisator_Website.png","contentUrl":"https:\/\/www.organisator.ch\/wp-content\/uploads\/2022\/01\/Logo_Organisator_Website.png","width":800,"height":77,"caption":"Organisator"},"image":{"@id":"https:\/\/www.organisator.ch\/#\/schema\/logo\/image\/"},"sameAs":["https:\/\/www.facebook.com\/OrganisatorFachmagazin","https:\/\/www.linkedin.com\/showcase\/organisator-das-magazin-fr-kmu","https:\/\/www.xing.com\/news\/pages\/organisator-ch-695","https:\/\/www.youtube.com\/channel\/UCGP2Sq0iWaZwT3BdIAQFYpw"]},{"@type":"Person","@id":"https:\/\/www.organisator.ch\/#\/schema\/person\/2e1314a2172123f874db408d8911d3f3","name":"Adelisa Kalajdzini","image":{"@type":"ImageObject","inLanguage":"fr-FR","@id":"https:\/\/secure.gravatar.com\/avatar\/09a397c22ac58cad6f160ee8306348599df9df58a8ede73696226897b9fa4b24?s=96&d=mm&r=g","url":"https:\/\/secure.gravatar.com\/avatar\/09a397c22ac58cad6f160ee8306348599df9df58a8ede73696226897b9fa4b24?s=96&d=mm&r=g","contentUrl":"https:\/\/secure.gravatar.com\/avatar\/09a397c22ac58cad6f160ee8306348599df9df58a8ede73696226897b9fa4b24?s=96&d=mm&r=g","caption":"Adelisa Kalajdzini"},"url":"https:\/\/www.organisator.ch\/fr\/author\/adelisa-kalajdzini\/"}]}},"_links":{"self":[{"href":"https:\/\/www.organisator.ch\/fr\/wp-json\/wp\/v2\/posts\/30395","targetHints":{"allow":["GET"]}}],"collection":[{"href":"https:\/\/www.organisator.ch\/fr\/wp-json\/wp\/v2\/posts"}],"about":[{"href":"https:\/\/www.organisator.ch\/fr\/wp-json\/wp\/v2\/types\/post"}],"author":[{"embeddable":true,"href":"https:\/\/www.organisator.ch\/fr\/wp-json\/wp\/v2\/users\/58"}],"replies":[{"embeddable":true,"href":"https:\/\/www.organisator.ch\/fr\/wp-json\/wp\/v2\/comments?post=30395"}],"version-history":[{"count":10,"href":"https:\/\/www.organisator.ch\/fr\/wp-json\/wp\/v2\/posts\/30395\/revisions"}],"predecessor-version":[{"id":31840,"href":"https:\/\/www.organisator.ch\/fr\/wp-json\/wp\/v2\/posts\/30395\/revisions\/31840"}],"wp:attachment":[{"href":"https:\/\/www.organisator.ch\/fr\/wp-json\/wp\/v2\/media?parent=30395"}],"wp:term":[{"taxonomy":"category","embeddable":true,"href":"https:\/\/www.organisator.ch\/fr\/wp-json\/wp\/v2\/categories?post=30395"},{"taxonomy":"post_tag","embeddable":true,"href":"https:\/\/www.organisator.ch\/fr\/wp-json\/wp\/v2\/tags?post=30395"}],"curies":[{"name":"wp","href":"https:\/\/api.w.org\/{rel}","templated":true}]}}