{"id":30410,"date":"2024-10-02T13:00:36","date_gmt":"2024-10-02T11:00:36","guid":{"rendered":"https:\/\/www.markt-kom.com\/?p=224289"},"modified":"2024-11-08T05:51:51","modified_gmt":"2024-11-08T04:51:51","slug":"neue-pr-mandate-fuer-wearepepper","status":"publish","type":"post","link":"https:\/\/www.organisator.ch\/fr\/marketing\/2024-10-02\/neue-pr-mandate-fuer-wearepepper\/","title":{"rendered":"Nouveaux mandats de RP pour WeArePepper"},"content":{"rendered":"<p><img class=\"aligncenter wp-image-224290 size-full\" src=\"https:\/\/www.markt-kom.com\/wp-content\/uploads\/2024\/10\/Hyatt-Regency-Hyatt-Place-Wearepepper.jpg\" alt=\"Hyatt Regency\" width=\"1200\" height=\"900\" \/><\/p>\r\n<p>Le Hyatt Regency et le Hyatt Place Zurich Airport The Circle sont situ\u00e9s \u00e0 proximit\u00e9 directe de l'a\u00e9roport de Zurich et font partie du complexe The Circle. Les h\u00f4tels proposent des h\u00e9bergements, des restaurants et des bars ainsi qu'un centre de conf\u00e9rence, The Circle Convention Center.<\/p>\r\n<h3><strong>Strat\u00e9gie de communication globale <\/strong><\/h3>\r\n<p>WeArePepper a d\u00e9velopp\u00e9 une strat\u00e9gie de communication sur mesure afin d'augmenter la notori\u00e9t\u00e9 de la marque et la visibilit\u00e9 des h\u00f4tels et du centre de convention. Le site<\/p>\r\n<p>La strat\u00e9gie comprend des communiqu\u00e9s de presse r\u00e9guliers, l'organisation de voyages de presse, l'\u00e9tablissement et l'entretien de contacts avec les m\u00e9dias ainsi que la gestion de la base de donn\u00e9es multim\u00e9dia.<\/p>\r\n<h3><strong>Augmentation de la notori\u00e9t\u00e9 <\/strong><\/h3>\r\n<p>L'objectif de cette collaboration est d'ancrer les h\u00f4tels et le Convention Center dans la conscience du public suisse germanophone par une communication continue et cibl\u00e9e. Il s'agit en particulier d'attirer l'attention des voyageurs d'affaires, des clients de groupes et des consommateurs finaux du march\u00e9 local sur les offres vari\u00e9es des h\u00f4tels, restaurants et bars ainsi que du centre de congr\u00e8s The Circle par le biais d'activit\u00e9s de relations publiques cibl\u00e9es.<\/p>","protected":false},"excerpt":{"rendered":"<p>D\u00e8s \u00e0 pr\u00e9sent, l'agence WeArePepper se charge du travail de relations publiques pour le Hyatt Regency et le Hyatt Place Zurich Airport The Circle ainsi que pour le The Circle Convention Center en Suisse al\u00e9manique. L'objectif est d'accro\u00eetre la visibilit\u00e9 et la notori\u00e9t\u00e9 des deux h\u00f4tels ainsi que du centre de congr\u00e8s de l'a\u00e9roport de Zurich, tant aupr\u00e8s des journalistes que du grand public.<\/p>","protected":false},"author":8,"featured_media":0,"comment_status":"closed","ping_status":"closed","sticky":false,"template":"","format":"standard","meta":{"_acf_changed":false,"_yoast_wpseo_focuskw":"Hyatt Regency","_yoast_wpseo_metadesc":"Hyatt Regency and Hyatt Place Zurich Airport, part of The Circle, offer accommodations, dining, and The Circle Convention Center.","articlekey":"","footnotes":""},"categories":[29],"tags":[2855,4576,2298,4577],"class_list":["post-30410","post","type-post","status-publish","format-standard","hentry","category-marketing","tag-etats","tag-hyatt","tag-the-circle","tag-wearepepper"],"acf":[],"yoast_head":"<!-- This site is optimized with the Yoast SEO plugin v27.5 - https:\/\/yoast.com\/product\/yoast-seo-wordpress\/ -->\n<title>Neue PR-Mandate f\u00fcr WeArePepper - Organisator<\/title>\n<meta name=\"description\" content=\"Hyatt Regency and Hyatt Place Zurich Airport, part of The Circle, offer accommodations, dining, and The Circle Convention Center.\" \/>\n<meta name=\"robots\" content=\"index, follow, max-snippet:-1, max-image-preview:large, max-video-preview:-1\" \/>\n<link rel=\"canonical\" href=\"https:\/\/www.organisator.ch\/fr\/marketing\/2024-10-02\/neue-pr-mandate-fuer-wearepepper\/\" \/>\n<meta property=\"og:locale\" content=\"fr_FR\" \/>\n<meta property=\"og:type\" content=\"article\" \/>\n<meta property=\"og:title\" content=\"Neue PR-Mandate f\u00fcr WeArePepper - Organisator\" \/>\n<meta property=\"og:description\" content=\"Hyatt Regency and Hyatt Place Zurich Airport, part of The Circle, offer accommodations, dining, and The Circle Convention Center.\" \/>\n<meta property=\"og:url\" content=\"https:\/\/www.organisator.ch\/fr\/marketing\/2024-10-02\/neue-pr-mandate-fuer-wearepepper\/\" \/>\n<meta property=\"og:site_name\" content=\"Organisator\" \/>\n<meta property=\"article:publisher\" content=\"https:\/\/www.facebook.com\/OrganisatorFachmagazin\" \/>\n<meta property=\"article:published_time\" content=\"2024-10-02T11:00:36+00:00\" \/>\n<meta property=\"article:modified_time\" content=\"2024-11-08T04:51:51+00:00\" \/>\n<meta property=\"og:image\" content=\"https:\/\/www.markt-kom.com\/wp-content\/uploads\/2024\/10\/Hyatt-Regency-Hyatt-Place-Wearepepper.jpg\" \/>\n<meta name=\"author\" content=\"galledia\" \/>\n<meta name=\"twitter:card\" content=\"summary_large_image\" \/>\n<meta name=\"twitter:creator\" content=\"@admin\" \/>\n<script type=\"application\/ld+json\" class=\"yoast-schema-graph\">{\"@context\":\"https:\\\/\\\/schema.org\",\"@graph\":[{\"@type\":\"Article\",\"@id\":\"https:\\\/\\\/www.organisator.ch\\\/marketing\\\/2024-10-02\\\/neue-pr-mandate-fuer-wearepepper\\\/#article\",\"isPartOf\":{\"@id\":\"https:\\\/\\\/www.organisator.ch\\\/marketing\\\/2024-10-02\\\/neue-pr-mandate-fuer-wearepepper\\\/\"},\"author\":{\"name\":\"galledia\",\"@id\":\"https:\\\/\\\/www.organisator.ch\\\/#\\\/schema\\\/person\\\/4e51799071cd2dd1232ac003643ef5f0\"},\"headline\":\"Neue PR-Mandate f\u00fcr WeArePepper\",\"datePublished\":\"2024-10-02T11:00:36+00:00\",\"dateModified\":\"2024-11-08T04:51:51+00:00\",\"mainEntityOfPage\":{\"@id\":\"https:\\\/\\\/www.organisator.ch\\\/marketing\\\/2024-10-02\\\/neue-pr-mandate-fuer-wearepepper\\\/\"},\"wordCount\":150,\"publisher\":{\"@id\":\"https:\\\/\\\/www.organisator.ch\\\/#organization\"},\"image\":{\"@id\":\"https:\\\/\\\/www.organisator.ch\\\/marketing\\\/2024-10-02\\\/neue-pr-mandate-fuer-wearepepper\\\/#primaryimage\"},\"thumbnailUrl\":\"https:\\\/\\\/www.markt-kom.com\\\/wp-content\\\/uploads\\\/2024\\\/10\\\/Hyatt-Regency-Hyatt-Place-Wearepepper.jpg\",\"keywords\":[\"Etats\",\"Hyatt\",\"The Circle\",\"WeArePepper\"],\"articleSection\":[\"MARKETING\"],\"inLanguage\":\"fr-FR\"},{\"@type\":\"WebPage\",\"@id\":\"https:\\\/\\\/www.organisator.ch\\\/marketing\\\/2024-10-02\\\/neue-pr-mandate-fuer-wearepepper\\\/\",\"url\":\"https:\\\/\\\/www.organisator.ch\\\/marketing\\\/2024-10-02\\\/neue-pr-mandate-fuer-wearepepper\\\/\",\"name\":\"Neue PR-Mandate f\u00fcr WeArePepper - Organisator\",\"isPartOf\":{\"@id\":\"https:\\\/\\\/www.organisator.ch\\\/#website\"},\"primaryImageOfPage\":{\"@id\":\"https:\\\/\\\/www.organisator.ch\\\/marketing\\\/2024-10-02\\\/neue-pr-mandate-fuer-wearepepper\\\/#primaryimage\"},\"image\":{\"@id\":\"https:\\\/\\\/www.organisator.ch\\\/marketing\\\/2024-10-02\\\/neue-pr-mandate-fuer-wearepepper\\\/#primaryimage\"},\"thumbnailUrl\":\"https:\\\/\\\/www.markt-kom.com\\\/wp-content\\\/uploads\\\/2024\\\/10\\\/Hyatt-Regency-Hyatt-Place-Wearepepper.jpg\",\"datePublished\":\"2024-10-02T11:00:36+00:00\",\"dateModified\":\"2024-11-08T04:51:51+00:00\",\"description\":\"Hyatt Regency and Hyatt Place Zurich Airport, part of The Circle, offer accommodations, dining, and The Circle Convention Center.\",\"breadcrumb\":{\"@id\":\"https:\\\/\\\/www.organisator.ch\\\/marketing\\\/2024-10-02\\\/neue-pr-mandate-fuer-wearepepper\\\/#breadcrumb\"},\"inLanguage\":\"fr-FR\",\"potentialAction\":[{\"@type\":\"ReadAction\",\"target\":[\"https:\\\/\\\/www.organisator.ch\\\/marketing\\\/2024-10-02\\\/neue-pr-mandate-fuer-wearepepper\\\/\"]}]},{\"@type\":\"ImageObject\",\"inLanguage\":\"fr-FR\",\"@id\":\"https:\\\/\\\/www.organisator.ch\\\/marketing\\\/2024-10-02\\\/neue-pr-mandate-fuer-wearepepper\\\/#primaryimage\",\"url\":\"https:\\\/\\\/www.markt-kom.com\\\/wp-content\\\/uploads\\\/2024\\\/10\\\/Hyatt-Regency-Hyatt-Place-Wearepepper.jpg\",\"contentUrl\":\"https:\\\/\\\/www.markt-kom.com\\\/wp-content\\\/uploads\\\/2024\\\/10\\\/Hyatt-Regency-Hyatt-Place-Wearepepper.jpg\"},{\"@type\":\"BreadcrumbList\",\"@id\":\"https:\\\/\\\/www.organisator.ch\\\/marketing\\\/2024-10-02\\\/neue-pr-mandate-fuer-wearepepper\\\/#breadcrumb\",\"itemListElement\":[{\"@type\":\"ListItem\",\"position\":1,\"name\":\"Home\",\"item\":\"https:\\\/\\\/www.organisator.ch\\\/\"},{\"@type\":\"ListItem\",\"position\":2,\"name\":\"Neue PR-Mandate f\u00fcr WeArePepper\"}]},{\"@type\":\"WebSite\",\"@id\":\"https:\\\/\\\/www.organisator.ch\\\/#website\",\"url\":\"https:\\\/\\\/www.organisator.ch\\\/\",\"name\":\"Organisator\",\"description\":\"Kompetent. Praxisnah. Der ORGANISATOR bereitet in 10 Ausgaben pro Jahr die wesentlichen Themen f\u00fcr F\u00fchrungskr\u00e4fte von KMU auf.\",\"publisher\":{\"@id\":\"https:\\\/\\\/www.organisator.ch\\\/#organization\"},\"potentialAction\":[{\"@type\":\"SearchAction\",\"target\":{\"@type\":\"EntryPoint\",\"urlTemplate\":\"https:\\\/\\\/www.organisator.ch\\\/?s={search_term_string}\"},\"query-input\":{\"@type\":\"PropertyValueSpecification\",\"valueRequired\":true,\"valueName\":\"search_term_string\"}}],\"inLanguage\":\"fr-FR\"},{\"@type\":\"Organization\",\"@id\":\"https:\\\/\\\/www.organisator.ch\\\/#organization\",\"name\":\"Organisator\",\"url\":\"https:\\\/\\\/www.organisator.ch\\\/\",\"logo\":{\"@type\":\"ImageObject\",\"inLanguage\":\"fr-FR\",\"@id\":\"https:\\\/\\\/www.organisator.ch\\\/#\\\/schema\\\/logo\\\/image\\\/\",\"url\":\"https:\\\/\\\/www.organisator.ch\\\/wp-content\\\/uploads\\\/2022\\\/01\\\/Logo_Organisator_Website.png\",\"contentUrl\":\"https:\\\/\\\/www.organisator.ch\\\/wp-content\\\/uploads\\\/2022\\\/01\\\/Logo_Organisator_Website.png\",\"width\":800,\"height\":77,\"caption\":\"Organisator\"},\"image\":{\"@id\":\"https:\\\/\\\/www.organisator.ch\\\/#\\\/schema\\\/logo\\\/image\\\/\"},\"sameAs\":[\"https:\\\/\\\/www.facebook.com\\\/OrganisatorFachmagazin\",\"https:\\\/\\\/www.linkedin.com\\\/showcase\\\/organisator-das-magazin-fr-kmu\",\"https:\\\/\\\/www.xing.com\\\/news\\\/pages\\\/organisator-ch-695\",\"https:\\\/\\\/www.youtube.com\\\/channel\\\/UCGP2Sq0iWaZwT3BdIAQFYpw\"]},{\"@type\":\"Person\",\"@id\":\"https:\\\/\\\/www.organisator.ch\\\/#\\\/schema\\\/person\\\/4e51799071cd2dd1232ac003643ef5f0\",\"name\":\"galledia\",\"image\":{\"@type\":\"ImageObject\",\"inLanguage\":\"fr-FR\",\"@id\":\"https:\\\/\\\/secure.gravatar.com\\\/avatar\\\/78a7f90c01fc2bfc875782a0d4922b37cde2cf184ce347b91316d23cd7f69a36?s=96&d=mm&r=g\",\"url\":\"https:\\\/\\\/secure.gravatar.com\\\/avatar\\\/78a7f90c01fc2bfc875782a0d4922b37cde2cf184ce347b91316d23cd7f69a36?s=96&d=mm&r=g\",\"contentUrl\":\"https:\\\/\\\/secure.gravatar.com\\\/avatar\\\/78a7f90c01fc2bfc875782a0d4922b37cde2cf184ce347b91316d23cd7f69a36?s=96&d=mm&r=g\",\"caption\":\"galledia\"},\"sameAs\":[\"https:\\\/\\\/x.com\\\/admin\"],\"url\":\"https:\\\/\\\/www.organisator.ch\\\/fr\\\/author\\\/galledia\\\/\"}]}<\/script>\n<!-- \/ Yoast SEO plugin. -->","yoast_head_json":{"title":"Nouveaux mandats de relations publiques pour WeArePepper - Organisateur","description":"Hyatt Regency et Hyatt Place Zurich Airport, qui font partie de The Circle, proposent des h\u00e9bergements, des repas et The Circle Convention Center.","robots":{"index":"index","follow":"follow","max-snippet":"max-snippet:-1","max-image-preview":"max-image-preview:large","max-video-preview":"max-video-preview:-1"},"canonical":"https:\/\/www.organisator.ch\/fr\/marketing\/2024-10-02\/neue-pr-mandate-fuer-wearepepper\/","og_locale":"fr_FR","og_type":"article","og_title":"Neue PR-Mandate f\u00fcr WeArePepper - Organisator","og_description":"Hyatt Regency and Hyatt Place Zurich Airport, part of The Circle, offer accommodations, dining, and The Circle Convention Center.","og_url":"https:\/\/www.organisator.ch\/fr\/marketing\/2024-10-02\/neue-pr-mandate-fuer-wearepepper\/","og_site_name":"Organisator","article_publisher":"https:\/\/www.facebook.com\/OrganisatorFachmagazin","article_published_time":"2024-10-02T11:00:36+00:00","article_modified_time":"2024-11-08T04:51:51+00:00","og_image":[{"url":"https:\/\/www.markt-kom.com\/wp-content\/uploads\/2024\/10\/Hyatt-Regency-Hyatt-Place-Wearepepper.jpg","type":"","width":"","height":""}],"author":"galledia","twitter_card":"summary_large_image","twitter_creator":"@admin","schema":{"@context":"https:\/\/schema.org","@graph":[{"@type":"Article","@id":"https:\/\/www.organisator.ch\/marketing\/2024-10-02\/neue-pr-mandate-fuer-wearepepper\/#article","isPartOf":{"@id":"https:\/\/www.organisator.ch\/marketing\/2024-10-02\/neue-pr-mandate-fuer-wearepepper\/"},"author":{"name":"galledia","@id":"https:\/\/www.organisator.ch\/#\/schema\/person\/4e51799071cd2dd1232ac003643ef5f0"},"headline":"Neue PR-Mandate f\u00fcr WeArePepper","datePublished":"2024-10-02T11:00:36+00:00","dateModified":"2024-11-08T04:51:51+00:00","mainEntityOfPage":{"@id":"https:\/\/www.organisator.ch\/marketing\/2024-10-02\/neue-pr-mandate-fuer-wearepepper\/"},"wordCount":150,"publisher":{"@id":"https:\/\/www.organisator.ch\/#organization"},"image":{"@id":"https:\/\/www.organisator.ch\/marketing\/2024-10-02\/neue-pr-mandate-fuer-wearepepper\/#primaryimage"},"thumbnailUrl":"https:\/\/www.markt-kom.com\/wp-content\/uploads\/2024\/10\/Hyatt-Regency-Hyatt-Place-Wearepepper.jpg","keywords":["Etats","Hyatt","The Circle","WeArePepper"],"articleSection":["MARKETING"],"inLanguage":"fr-FR"},{"@type":"WebPage","@id":"https:\/\/www.organisator.ch\/marketing\/2024-10-02\/neue-pr-mandate-fuer-wearepepper\/","url":"https:\/\/www.organisator.ch\/marketing\/2024-10-02\/neue-pr-mandate-fuer-wearepepper\/","name":"Nouveaux mandats de relations publiques pour WeArePepper - Organisateur","isPartOf":{"@id":"https:\/\/www.organisator.ch\/#website"},"primaryImageOfPage":{"@id":"https:\/\/www.organisator.ch\/marketing\/2024-10-02\/neue-pr-mandate-fuer-wearepepper\/#primaryimage"},"image":{"@id":"https:\/\/www.organisator.ch\/marketing\/2024-10-02\/neue-pr-mandate-fuer-wearepepper\/#primaryimage"},"thumbnailUrl":"https:\/\/www.markt-kom.com\/wp-content\/uploads\/2024\/10\/Hyatt-Regency-Hyatt-Place-Wearepepper.jpg","datePublished":"2024-10-02T11:00:36+00:00","dateModified":"2024-11-08T04:51:51+00:00","description":"Hyatt Regency et Hyatt Place Zurich Airport, qui font partie de The Circle, proposent des h\u00e9bergements, des repas et The Circle Convention Center.","breadcrumb":{"@id":"https:\/\/www.organisator.ch\/marketing\/2024-10-02\/neue-pr-mandate-fuer-wearepepper\/#breadcrumb"},"inLanguage":"fr-FR","potentialAction":[{"@type":"ReadAction","target":["https:\/\/www.organisator.ch\/marketing\/2024-10-02\/neue-pr-mandate-fuer-wearepepper\/"]}]},{"@type":"ImageObject","inLanguage":"fr-FR","@id":"https:\/\/www.organisator.ch\/marketing\/2024-10-02\/neue-pr-mandate-fuer-wearepepper\/#primaryimage","url":"https:\/\/www.markt-kom.com\/wp-content\/uploads\/2024\/10\/Hyatt-Regency-Hyatt-Place-Wearepepper.jpg","contentUrl":"https:\/\/www.markt-kom.com\/wp-content\/uploads\/2024\/10\/Hyatt-Regency-Hyatt-Place-Wearepepper.jpg"},{"@type":"BreadcrumbList","@id":"https:\/\/www.organisator.ch\/marketing\/2024-10-02\/neue-pr-mandate-fuer-wearepepper\/#breadcrumb","itemListElement":[{"@type":"ListItem","position":1,"name":"Home","item":"https:\/\/www.organisator.ch\/"},{"@type":"ListItem","position":2,"name":"Neue PR-Mandate f\u00fcr WeArePepper"}]},{"@type":"WebSite","@id":"https:\/\/www.organisator.ch\/#website","url":"https:\/\/www.organisator.ch\/","name":"Organisateur","description":"Comp\u00e9tence et comp\u00e9tence. Proches de la pratique. L'ORGANISATEUR pr\u00e9pare 10 num\u00e9ros par an sur les th\u00e8mes essentiels pour les dirigeants de PME.","publisher":{"@id":"https:\/\/www.organisator.ch\/#organization"},"potentialAction":[{"@type":"SearchAction","target":{"@type":"EntryPoint","urlTemplate":"https:\/\/www.organisator.ch\/?s={search_term_string}"},"query-input":{"@type":"PropertyValueSpecification","valueRequired":true,"valueName":"search_term_string"}}],"inLanguage":"fr-FR"},{"@type":"Organization","@id":"https:\/\/www.organisator.ch\/#organization","name":"Organisateur","url":"https:\/\/www.organisator.ch\/","logo":{"@type":"ImageObject","inLanguage":"fr-FR","@id":"https:\/\/www.organisator.ch\/#\/schema\/logo\/image\/","url":"https:\/\/www.organisator.ch\/wp-content\/uploads\/2022\/01\/Logo_Organisator_Website.png","contentUrl":"https:\/\/www.organisator.ch\/wp-content\/uploads\/2022\/01\/Logo_Organisator_Website.png","width":800,"height":77,"caption":"Organisator"},"image":{"@id":"https:\/\/www.organisator.ch\/#\/schema\/logo\/image\/"},"sameAs":["https:\/\/www.facebook.com\/OrganisatorFachmagazin","https:\/\/www.linkedin.com\/showcase\/organisator-das-magazin-fr-kmu","https:\/\/www.xing.com\/news\/pages\/organisator-ch-695","https:\/\/www.youtube.com\/channel\/UCGP2Sq0iWaZwT3BdIAQFYpw"]},{"@type":"Person","@id":"https:\/\/www.organisator.ch\/#\/schema\/person\/4e51799071cd2dd1232ac003643ef5f0","name":"galledia","image":{"@type":"ImageObject","inLanguage":"fr-FR","@id":"https:\/\/secure.gravatar.com\/avatar\/78a7f90c01fc2bfc875782a0d4922b37cde2cf184ce347b91316d23cd7f69a36?s=96&d=mm&r=g","url":"https:\/\/secure.gravatar.com\/avatar\/78a7f90c01fc2bfc875782a0d4922b37cde2cf184ce347b91316d23cd7f69a36?s=96&d=mm&r=g","contentUrl":"https:\/\/secure.gravatar.com\/avatar\/78a7f90c01fc2bfc875782a0d4922b37cde2cf184ce347b91316d23cd7f69a36?s=96&d=mm&r=g","caption":"galledia"},"sameAs":["https:\/\/x.com\/admin"],"url":"https:\/\/www.organisator.ch\/fr\/author\/galledia\/"}]}},"_links":{"self":[{"href":"https:\/\/www.organisator.ch\/fr\/wp-json\/wp\/v2\/posts\/30410","targetHints":{"allow":["GET"]}}],"collection":[{"href":"https:\/\/www.organisator.ch\/fr\/wp-json\/wp\/v2\/posts"}],"about":[{"href":"https:\/\/www.organisator.ch\/fr\/wp-json\/wp\/v2\/types\/post"}],"author":[{"embeddable":true,"href":"https:\/\/www.organisator.ch\/fr\/wp-json\/wp\/v2\/users\/8"}],"replies":[{"embeddable":true,"href":"https:\/\/www.organisator.ch\/fr\/wp-json\/wp\/v2\/comments?post=30410"}],"version-history":[{"count":5,"href":"https:\/\/www.organisator.ch\/fr\/wp-json\/wp\/v2\/posts\/30410\/revisions"}],"predecessor-version":[{"id":31838,"href":"https:\/\/www.organisator.ch\/fr\/wp-json\/wp\/v2\/posts\/30410\/revisions\/31838"}],"wp:attachment":[{"href":"https:\/\/www.organisator.ch\/fr\/wp-json\/wp\/v2\/media?parent=30410"}],"wp:term":[{"taxonomy":"category","embeddable":true,"href":"https:\/\/www.organisator.ch\/fr\/wp-json\/wp\/v2\/categories?post=30410"},{"taxonomy":"post_tag","embeddable":true,"href":"https:\/\/www.organisator.ch\/fr\/wp-json\/wp\/v2\/tags?post=30410"}],"curies":[{"name":"wp","href":"https:\/\/api.w.org\/{rel}","templated":true}]}}