{"id":30432,"date":"2024-10-03T15:24:24","date_gmt":"2024-10-03T13:24:24","guid":{"rendered":"https:\/\/www.organisator.ch\/?p=30432"},"modified":"2024-10-03T15:24:24","modified_gmt":"2024-10-03T13:24:24","slug":"spannende-voten-und-diskussionen-an-der-expertsuisse-jahrestagung","status":"publish","type":"post","link":"https:\/\/www.organisator.ch\/fr\/management\/2024-10-03\/spannende-voten-und-diskussionen-an-der-expertsuisse-jahrestagung\/","title":{"rendered":"Des interventions et des discussions passionnantes lors du congr\u00e8s annuel d'Expertsuisse"},"content":{"rendered":"<figure id=\"attachment_30433\" aria-describedby=\"caption-attachment-30433\" style=\"width: 680px\" class=\"wp-caption alignnone\"><img loading=\"lazy\" decoding=\"async\" class=\"size-full wp-image-30433\" src=\"https:\/\/www.organisator.ch\/wp-content\/uploads\/2024\/10\/Expertsuisse_Bild1_ps.jpg\" alt=\"\" width=\"680\" height=\"454\" srcset=\"https:\/\/www.organisator.ch\/wp-content\/uploads\/2024\/10\/Expertsuisse_Bild1_ps.jpg 680w, https:\/\/www.organisator.ch\/wp-content\/uploads\/2024\/10\/Expertsuisse_Bild1_ps-18x12.jpg 18w, https:\/\/www.organisator.ch\/wp-content\/uploads\/2024\/10\/Expertsuisse_Bild1_ps-375x250.jpg 375w, https:\/\/www.organisator.ch\/wp-content\/uploads\/2024\/10\/Expertsuisse_Bild1_ps-524x350.jpg 524w\" sizes=\"auto, (max-width: 680px) 100vw, 680px\" \/><figcaption id=\"caption-attachment-30433\" class=\"wp-caption-text\">Le discours du conseiller f\u00e9d\u00e9ral Beat Jans a constitu\u00e9 un moment fort de la conf\u00e9rence annuelle d'Expertsuisse de cette ann\u00e9e. (Photo : zVg\/Expertsuisse)<\/figcaption><\/figure>\n<p>Pr\u00e8s de 600 participants ont suivi avec int\u00e9r\u00eat les expos\u00e9s et les discussions de panel lors du congr\u00e8s annuel d'Expertsuisse de cette ann\u00e9e, qui avait pour th\u00e8me \"Intelligence artificielle - l'audit, la fiscalit\u00e9 et la fiduciaire vont-ils \u00eatre r\u00e9volutionn\u00e9s ? Le conseiller f\u00e9d\u00e9ral Beat Jans, qui a \u00e9t\u00e9 \u00e9lu au Conseil f\u00e9d\u00e9ral en d\u00e9cembre et qui a repris la responsabilit\u00e9 du D\u00e9partement de justice et police de la conseill\u00e8re f\u00e9d\u00e9rale Elisabeth Baume-Schneider au d\u00e9but de l'ann\u00e9e, a constitu\u00e9 un point fort. Dans son discours d'invit\u00e9, il a mis l'accent sur la responsabilit\u00e9 des entreprises et a donn\u00e9 un aper\u00e7u des d\u00e9fis auxquels notre Etat et notre \u00e9conomie seront confront\u00e9s.<\/p>\n<p>Les intervenants et l'assembl\u00e9e \u00e9taient d'accord sur le fait que l'intelligence artificielle \u00e9tait comme l'\u00e9lectricit\u00e9, qu'elle serait partout et qu'elle changerait le monde - une d\u00e9claration de la professeure de Stanford Fei-Fei Li. Mais comment allons-nous l'utiliser et comment va-t-elle changer notre monde et notre travail ?<\/p>\n<h3>L'utilisation de l'intelligence artificielle peut conduire \u00e0 des n\u00e9gligences<\/h3>\n<p>Sabine Bienefeld, psychologue du travail et de l'organisation et enseignante \u00e0 l'EPF de Zurich, a soulign\u00e9 la responsabilit\u00e9 que les experts portent aujourd'hui comme demain et qui doit \u00eatre soumise \u00e0 un contr\u00f4le. Un contr\u00f4le efficace exige que des personnes ayant une compr\u00e9hension globale des processus soient toujours impliqu\u00e9es dans ce syst\u00e8me. L'utilisation de l'intelligence artificielle, associ\u00e9e \u00e0 une surcharge cognitive, peut conduire \u00e0 des n\u00e9gligences. Elle voit des dangers aussi bien dans la perte de connaissances contextuelles et d'intuition d'expert que dans la fragmentation du travail, qui peut conduire \u00e0 la d\u00e9motivation et \u00e0 l'\u00e9puisement.<\/p>\n<p>Frank Eilers, expert en num\u00e9risation et en nouveau travail, est \u00e9galement convaincu que l'intelligence artificielle va r\u00e9volutionner l'audit. Elle permettra de r\u00e9duire les erreurs humaines et d'augmenter l'efficacit\u00e9. Le plus grand d\u00e9fi pour les entreprises d'audit ne sera toutefois pas l'impl\u00e9mentation de l'IA, mais l'adaptation de la culture d'entreprise \u00e0 cette nouvelle r\u00e9alit\u00e9. Les auditeurs ne deviendront pas superflus, mais leur r\u00f4le changera radicalement.<\/p>\n<h3>L'intelligence artificielle n'en est qu'\u00e0 ses d\u00e9buts<\/h3>\n<p>Lors de la table ronde sur l'utilisation de l'intelligence artificielle dans l'audit, Florian H\u00e4ller, en tant que directeur, Audit Corporates, a donn\u00e9 un aper\u00e7u d'exemples concrets d'application chez KPMG et a ensuite discut\u00e9 avec Max Schmolke, Transformation Manager chez DataSnipper, et Alexander Grimm, cofondateur et CEO d'aspaara, de ce qu'il faut faire pour ne pas en rester au stade de l'id\u00e9e, mais pour que celle-ci soit mise en \u0153uvre avec succ\u00e8s.<\/p>\n<p>Kevin Schawinski, CEO de Modulos et enseignant \u00e0 l'EPF de Zurich, a apport\u00e9 de nouveaux points de vue dans la discussion sur la question de savoir si l'homme ou la machine prendrait le contr\u00f4le, constatant un certain d\u00e9senchantement en mati\u00e8re d'intelligence artificielle. Il a toutefois soulign\u00e9 qu'elle n'en \u00e9tait qu'\u00e0 ses d\u00e9buts et que les craintes qui lui sont li\u00e9es \u00e9taient infond\u00e9es. Actuellement, le d\u00e9veloppement est fortement influenc\u00e9 par la g\u00e9opolitique. En ce qui concerne la question du contr\u00f4le de l'IA, il voit une course entre les \u00c9tats-Unis et la Chine. Il ne fait aucun doute que l'intelligence artificielle doit \u00eatre soumise \u00e0 certaines r\u00e9glementations. Mais il s'agit moins de protection des consommateurs que de dimensions strat\u00e9giques.<\/p>\n<p>\"Lorsque j'\u00e9tais enfant, j'ai d\u00fb \u00e9crire une r\u00e9daction \u00e0 l'\u00e9cole primaire sur le th\u00e8me \"A quoi ressemblera le monde en l'an 2000\". Une grande partie de ce que mon professeur a rejet\u00e9 \u00e0 l'\u00e9poque comme \u00e9tant le r\u00e9sultat de mon imagination d\u00e9bordante d'enfant est aujourd'hui - un quart de si\u00e8cle apr\u00e8s le changement de mill\u00e9naire - une r\u00e9alit\u00e9. Lors du congr\u00e8s annuel d'Expertsuisse de cette ann\u00e9e, les diff\u00e9rents intervenants nous ont montr\u00e9 o\u00f9 nous m\u00e8nera la suite des \u00e9v\u00e9nements. Mais les discussions ont clairement montr\u00e9 que le savoir et l'intuition des experts resteront indispensables m\u00eame \u00e0 l'\u00e8re de l'intelligence artificielle\", d\u00e9clare Peter Ritter, pr\u00e9sident d'Expertsuisse.<\/p>\n<p><em>Source : <a href=\"http:\/\/www.expertsuisse.ch\">www.expertsuisse.ch<\/a><\/em><\/p>","protected":false},"excerpt":{"rendered":"<p>La transformation num\u00e9rique, associ\u00e9e \u00e0 l'intelligence artificielle, prend de plus en plus d'ampleur et doit \u00e9galement \u00eatre encourag\u00e9e dans les domaines de l'audit, de la fiscalit\u00e9 et de la fiduciaire. L'importance de la responsabilit\u00e9 sociale ne doit toutefois pas \u00eatre n\u00e9glig\u00e9e. Ces questions ont constitu\u00e9 le c\u0153ur des discussions et des expos\u00e9s lors du congr\u00e8s annuel d'Expertsuisse, l'association d'experts en audit, fiscalit\u00e9 et fiduciaire, qui s'est tenu cette ann\u00e9e.<\/p>","protected":false},"author":80,"featured_media":30433,"comment_status":"closed","ping_status":"closed","sticky":false,"template":"","format":"standard","meta":{"_acf_changed":false,"_yoast_wpseo_focuskw":"Expertsuisse","_yoast_wpseo_metadesc":"Die digitale Transformation nimmt immer mehr Fahrt auf und muss auch in Wirtschaftspr\u00fcfung, Steuerwesen und Treuhand vorangetrieben werden.","articlekey":"","footnotes":""},"categories":[28],"tags":[319,4579,486,532],"class_list":["post-30432","post","type-post","status-publish","format-standard","has-post-thumbnail","hentry","category-management","tag-kuenstliche-intelligenz","tag-steuerwesen","tag-treuhand","tag-wirtschaftspruefung"],"acf":[],"yoast_head":"<!-- This site is optimized with the Yoast SEO plugin v27.4 - https:\/\/yoast.com\/product\/yoast-seo-wordpress\/ -->\n<title>Spannende Voten und Diskussionen an der Expertsuisse Jahrestagung - Organisator<\/title>\n<meta name=\"description\" content=\"Die digitale Transformation nimmt immer mehr Fahrt auf und muss auch in Wirtschaftspr\u00fcfung, Steuerwesen und Treuhand vorangetrieben werden.\" \/>\n<meta name=\"robots\" content=\"index, follow, max-snippet:-1, max-image-preview:large, max-video-preview:-1\" \/>\n<link rel=\"canonical\" href=\"https:\/\/www.organisator.ch\/fr\/gestion-2\/2024-10-03\/spannende-voten-und-diskussionen-an-der-expertsuisse-jahrestagung\/\" \/>\n<meta property=\"og:locale\" content=\"fr_FR\" \/>\n<meta property=\"og:type\" content=\"article\" \/>\n<meta property=\"og:title\" content=\"Spannende Voten und Diskussionen an der Expertsuisse Jahrestagung\" \/>\n<meta property=\"og:description\" content=\"Die digitale Transformation, verbunden mit k\u00fcnstlicher Intelligenz, nimmt immer mehr Fahrt auf und muss auch in Wirtschaftspr\u00fcfung, Steuerwesen und Treuhand vorangetrieben werden.\" \/>\n<meta property=\"og:url\" content=\"https:\/\/www.organisator.ch\/fr\/gestion-2\/2024-10-03\/spannende-voten-und-diskussionen-an-der-expertsuisse-jahrestagung\/\" \/>\n<meta property=\"og:site_name\" content=\"Organisator\" \/>\n<meta property=\"article:publisher\" content=\"https:\/\/www.facebook.com\/OrganisatorFachmagazin\" \/>\n<meta property=\"article:published_time\" content=\"2024-10-03T13:24:24+00:00\" \/>\n<meta property=\"og:image\" content=\"https:\/\/www.organisator.ch\/wp-content\/uploads\/2024\/10\/Expertsuisse_Bild1_ps.jpg\" \/>\n\t<meta property=\"og:image:width\" content=\"680\" \/>\n\t<meta property=\"og:image:height\" content=\"454\" \/>\n\t<meta property=\"og:image:type\" content=\"image\/jpeg\" \/>\n<meta name=\"author\" content=\"Dzana Muminovic\" \/>\n<meta name=\"twitter:card\" content=\"summary_large_image\" \/>\n<meta name=\"twitter:title\" content=\"Spannende Voten und Diskussionen an der Expertsuisse Jahrestagung\" \/>\n<meta name=\"twitter:description\" content=\"Die #digitale #Transformation, verbunden mit #k\u00fcnstlicher #Intelligenz, nimmt immer mehr Fahrt auf und muss auch in #Wirtschaftspr\u00fcfung, #Steuerwesen und #Treuhand vorangetrieben werden.\" \/>\n<meta name=\"twitter:image\" content=\"https:\/\/www.organisator.ch\/wp-content\/uploads\/2024\/10\/Expertsuisse_Bild1_ps.jpg\" \/>\n<script type=\"application\/ld+json\" class=\"yoast-schema-graph\">{\"@context\":\"https:\\\/\\\/schema.org\",\"@graph\":[{\"@type\":\"Article\",\"@id\":\"https:\\\/\\\/www.organisator.ch\\\/management\\\/2024-10-03\\\/spannende-voten-und-diskussionen-an-der-expertsuisse-jahrestagung\\\/#article\",\"isPartOf\":{\"@id\":\"https:\\\/\\\/www.organisator.ch\\\/management\\\/2024-10-03\\\/spannende-voten-und-diskussionen-an-der-expertsuisse-jahrestagung\\\/\"},\"author\":{\"name\":\"Dzana Muminovic\",\"@id\":\"https:\\\/\\\/www.organisator.ch\\\/#\\\/schema\\\/person\\\/afccda3a71c06d4be2ed9100dd163db7\"},\"headline\":\"Spannende Voten und Diskussionen an der Expertsuisse Jahrestagung\",\"datePublished\":\"2024-10-03T13:24:24+00:00\",\"mainEntityOfPage\":{\"@id\":\"https:\\\/\\\/www.organisator.ch\\\/management\\\/2024-10-03\\\/spannende-voten-und-diskussionen-an-der-expertsuisse-jahrestagung\\\/\"},\"wordCount\":621,\"publisher\":{\"@id\":\"https:\\\/\\\/www.organisator.ch\\\/#organization\"},\"image\":{\"@id\":\"https:\\\/\\\/www.organisator.ch\\\/management\\\/2024-10-03\\\/spannende-voten-und-diskussionen-an-der-expertsuisse-jahrestagung\\\/#primaryimage\"},\"thumbnailUrl\":\"https:\\\/\\\/www.organisator.ch\\\/wp-content\\\/uploads\\\/2024\\\/10\\\/Expertsuisse_Bild1_ps.jpg\",\"keywords\":[\"K\u00fcnstliche Intelligenz\",\"Steuerwesen\",\"Treuhand\",\"Wirtschaftspr\u00fcfung\"],\"articleSection\":[\"MANAGEMENT\"],\"inLanguage\":\"fr-FR\"},{\"@type\":\"WebPage\",\"@id\":\"https:\\\/\\\/www.organisator.ch\\\/management\\\/2024-10-03\\\/spannende-voten-und-diskussionen-an-der-expertsuisse-jahrestagung\\\/\",\"url\":\"https:\\\/\\\/www.organisator.ch\\\/management\\\/2024-10-03\\\/spannende-voten-und-diskussionen-an-der-expertsuisse-jahrestagung\\\/\",\"name\":\"Spannende Voten und Diskussionen an der Expertsuisse Jahrestagung - Organisator\",\"isPartOf\":{\"@id\":\"https:\\\/\\\/www.organisator.ch\\\/#website\"},\"primaryImageOfPage\":{\"@id\":\"https:\\\/\\\/www.organisator.ch\\\/management\\\/2024-10-03\\\/spannende-voten-und-diskussionen-an-der-expertsuisse-jahrestagung\\\/#primaryimage\"},\"image\":{\"@id\":\"https:\\\/\\\/www.organisator.ch\\\/management\\\/2024-10-03\\\/spannende-voten-und-diskussionen-an-der-expertsuisse-jahrestagung\\\/#primaryimage\"},\"thumbnailUrl\":\"https:\\\/\\\/www.organisator.ch\\\/wp-content\\\/uploads\\\/2024\\\/10\\\/Expertsuisse_Bild1_ps.jpg\",\"datePublished\":\"2024-10-03T13:24:24+00:00\",\"description\":\"Die digitale Transformation nimmt immer mehr Fahrt auf und muss auch in Wirtschaftspr\u00fcfung, Steuerwesen und Treuhand vorangetrieben werden.\",\"breadcrumb\":{\"@id\":\"https:\\\/\\\/www.organisator.ch\\\/management\\\/2024-10-03\\\/spannende-voten-und-diskussionen-an-der-expertsuisse-jahrestagung\\\/#breadcrumb\"},\"inLanguage\":\"fr-FR\",\"potentialAction\":[{\"@type\":\"ReadAction\",\"target\":[\"https:\\\/\\\/www.organisator.ch\\\/management\\\/2024-10-03\\\/spannende-voten-und-diskussionen-an-der-expertsuisse-jahrestagung\\\/\"]}]},{\"@type\":\"ImageObject\",\"inLanguage\":\"fr-FR\",\"@id\":\"https:\\\/\\\/www.organisator.ch\\\/management\\\/2024-10-03\\\/spannende-voten-und-diskussionen-an-der-expertsuisse-jahrestagung\\\/#primaryimage\",\"url\":\"https:\\\/\\\/www.organisator.ch\\\/wp-content\\\/uploads\\\/2024\\\/10\\\/Expertsuisse_Bild1_ps.jpg\",\"contentUrl\":\"https:\\\/\\\/www.organisator.ch\\\/wp-content\\\/uploads\\\/2024\\\/10\\\/Expertsuisse_Bild1_ps.jpg\",\"width\":680,\"height\":454,\"caption\":\"Bundesrat Beat Jans setzte mit seiner Rede einen H\u00f6hepunkt an der diesj\u00e4hrigen Jahrestagung von Expertsuisse. (Bild: zVg\\\/Expertsuisse)\"},{\"@type\":\"BreadcrumbList\",\"@id\":\"https:\\\/\\\/www.organisator.ch\\\/management\\\/2024-10-03\\\/spannende-voten-und-diskussionen-an-der-expertsuisse-jahrestagung\\\/#breadcrumb\",\"itemListElement\":[{\"@type\":\"ListItem\",\"position\":1,\"name\":\"Home\",\"item\":\"https:\\\/\\\/www.organisator.ch\\\/\"},{\"@type\":\"ListItem\",\"position\":2,\"name\":\"Spannende Voten und Diskussionen an der Expertsuisse Jahrestagung\"}]},{\"@type\":\"WebSite\",\"@id\":\"https:\\\/\\\/www.organisator.ch\\\/#website\",\"url\":\"https:\\\/\\\/www.organisator.ch\\\/\",\"name\":\"Organisator\",\"description\":\"Kompetent. Praxisnah. Der ORGANISATOR bereitet in 10 Ausgaben pro Jahr die wesentlichen Themen f\u00fcr F\u00fchrungskr\u00e4fte von KMU auf.\",\"publisher\":{\"@id\":\"https:\\\/\\\/www.organisator.ch\\\/#organization\"},\"potentialAction\":[{\"@type\":\"SearchAction\",\"target\":{\"@type\":\"EntryPoint\",\"urlTemplate\":\"https:\\\/\\\/www.organisator.ch\\\/?s={search_term_string}\"},\"query-input\":{\"@type\":\"PropertyValueSpecification\",\"valueRequired\":true,\"valueName\":\"search_term_string\"}}],\"inLanguage\":\"fr-FR\"},{\"@type\":\"Organization\",\"@id\":\"https:\\\/\\\/www.organisator.ch\\\/#organization\",\"name\":\"Organisator\",\"url\":\"https:\\\/\\\/www.organisator.ch\\\/\",\"logo\":{\"@type\":\"ImageObject\",\"inLanguage\":\"fr-FR\",\"@id\":\"https:\\\/\\\/www.organisator.ch\\\/#\\\/schema\\\/logo\\\/image\\\/\",\"url\":\"https:\\\/\\\/www.organisator.ch\\\/wp-content\\\/uploads\\\/2022\\\/01\\\/Logo_Organisator_Website.png\",\"contentUrl\":\"https:\\\/\\\/www.organisator.ch\\\/wp-content\\\/uploads\\\/2022\\\/01\\\/Logo_Organisator_Website.png\",\"width\":800,\"height\":77,\"caption\":\"Organisator\"},\"image\":{\"@id\":\"https:\\\/\\\/www.organisator.ch\\\/#\\\/schema\\\/logo\\\/image\\\/\"},\"sameAs\":[\"https:\\\/\\\/www.facebook.com\\\/OrganisatorFachmagazin\",\"https:\\\/\\\/www.linkedin.com\\\/showcase\\\/organisator-das-magazin-fr-kmu\",\"https:\\\/\\\/www.xing.com\\\/news\\\/pages\\\/organisator-ch-695\",\"https:\\\/\\\/www.youtube.com\\\/channel\\\/UCGP2Sq0iWaZwT3BdIAQFYpw\"]},{\"@type\":\"Person\",\"@id\":\"https:\\\/\\\/www.organisator.ch\\\/#\\\/schema\\\/person\\\/afccda3a71c06d4be2ed9100dd163db7\",\"name\":\"Dzana Muminovic\",\"image\":{\"@type\":\"ImageObject\",\"inLanguage\":\"fr-FR\",\"@id\":\"https:\\\/\\\/secure.gravatar.com\\\/avatar\\\/909c5c71aff4b38e88686f2ab2f1ba152571f394f41ed8bae431ea56ced93050?s=96&d=mm&r=g\",\"url\":\"https:\\\/\\\/secure.gravatar.com\\\/avatar\\\/909c5c71aff4b38e88686f2ab2f1ba152571f394f41ed8bae431ea56ced93050?s=96&d=mm&r=g\",\"contentUrl\":\"https:\\\/\\\/secure.gravatar.com\\\/avatar\\\/909c5c71aff4b38e88686f2ab2f1ba152571f394f41ed8bae431ea56ced93050?s=96&d=mm&r=g\",\"caption\":\"Dzana Muminovic\"},\"url\":\"https:\\\/\\\/www.organisator.ch\\\/fr\\\/author\\\/dzana-muminovic\\\/\"}]}<\/script>\n<!-- \/ Yoast SEO plugin. -->","yoast_head_json":{"title":"Des interventions et des discussions passionnantes lors du congr\u00e8s annuel d'Expertsuisse - Organisateur","description":"La transformation num\u00e9rique prend de plus en plus d'ampleur et doit \u00e9galement \u00eatre poursuivie dans les domaines de l'audit, de la fiscalit\u00e9 et de la fiduciaire.","robots":{"index":"index","follow":"follow","max-snippet":"max-snippet:-1","max-image-preview":"max-image-preview:large","max-video-preview":"max-video-preview:-1"},"canonical":"https:\/\/www.organisator.ch\/fr\/gestion-2\/2024-10-03\/spannende-voten-und-diskussionen-an-der-expertsuisse-jahrestagung\/","og_locale":"fr_FR","og_type":"article","og_title":"Spannende Voten und Diskussionen an der Expertsuisse Jahrestagung","og_description":"Die digitale Transformation, verbunden mit k\u00fcnstlicher Intelligenz, nimmt immer mehr Fahrt auf und muss auch in Wirtschaftspr\u00fcfung, Steuerwesen und Treuhand vorangetrieben werden.","og_url":"https:\/\/www.organisator.ch\/fr\/gestion-2\/2024-10-03\/spannende-voten-und-diskussionen-an-der-expertsuisse-jahrestagung\/","og_site_name":"Organisator","article_publisher":"https:\/\/www.facebook.com\/OrganisatorFachmagazin","article_published_time":"2024-10-03T13:24:24+00:00","og_image":[{"width":680,"height":454,"url":"https:\/\/www.organisator.ch\/wp-content\/uploads\/2024\/10\/Expertsuisse_Bild1_ps.jpg","type":"image\/jpeg"}],"author":"Dzana Muminovic","twitter_card":"summary_large_image","twitter_title":"Spannende Voten und Diskussionen an der Expertsuisse Jahrestagung","twitter_description":"Die #digitale #Transformation, verbunden mit #k\u00fcnstlicher #Intelligenz, nimmt immer mehr Fahrt auf und muss auch in #Wirtschaftspr\u00fcfung, #Steuerwesen und #Treuhand vorangetrieben werden.","twitter_image":"https:\/\/www.organisator.ch\/wp-content\/uploads\/2024\/10\/Expertsuisse_Bild1_ps.jpg","schema":{"@context":"https:\/\/schema.org","@graph":[{"@type":"Article","@id":"https:\/\/www.organisator.ch\/management\/2024-10-03\/spannende-voten-und-diskussionen-an-der-expertsuisse-jahrestagung\/#article","isPartOf":{"@id":"https:\/\/www.organisator.ch\/management\/2024-10-03\/spannende-voten-und-diskussionen-an-der-expertsuisse-jahrestagung\/"},"author":{"name":"Dzana Muminovic","@id":"https:\/\/www.organisator.ch\/#\/schema\/person\/afccda3a71c06d4be2ed9100dd163db7"},"headline":"Spannende Voten und Diskussionen an der Expertsuisse Jahrestagung","datePublished":"2024-10-03T13:24:24+00:00","mainEntityOfPage":{"@id":"https:\/\/www.organisator.ch\/management\/2024-10-03\/spannende-voten-und-diskussionen-an-der-expertsuisse-jahrestagung\/"},"wordCount":621,"publisher":{"@id":"https:\/\/www.organisator.ch\/#organization"},"image":{"@id":"https:\/\/www.organisator.ch\/management\/2024-10-03\/spannende-voten-und-diskussionen-an-der-expertsuisse-jahrestagung\/#primaryimage"},"thumbnailUrl":"https:\/\/www.organisator.ch\/wp-content\/uploads\/2024\/10\/Expertsuisse_Bild1_ps.jpg","keywords":["K\u00fcnstliche Intelligenz","Steuerwesen","Treuhand","Wirtschaftspr\u00fcfung"],"articleSection":["MANAGEMENT"],"inLanguage":"fr-FR"},{"@type":"WebPage","@id":"https:\/\/www.organisator.ch\/management\/2024-10-03\/spannende-voten-und-diskussionen-an-der-expertsuisse-jahrestagung\/","url":"https:\/\/www.organisator.ch\/management\/2024-10-03\/spannende-voten-und-diskussionen-an-der-expertsuisse-jahrestagung\/","name":"Des interventions et des discussions passionnantes lors du congr\u00e8s annuel d'Expertsuisse - Organisateur","isPartOf":{"@id":"https:\/\/www.organisator.ch\/#website"},"primaryImageOfPage":{"@id":"https:\/\/www.organisator.ch\/management\/2024-10-03\/spannende-voten-und-diskussionen-an-der-expertsuisse-jahrestagung\/#primaryimage"},"image":{"@id":"https:\/\/www.organisator.ch\/management\/2024-10-03\/spannende-voten-und-diskussionen-an-der-expertsuisse-jahrestagung\/#primaryimage"},"thumbnailUrl":"https:\/\/www.organisator.ch\/wp-content\/uploads\/2024\/10\/Expertsuisse_Bild1_ps.jpg","datePublished":"2024-10-03T13:24:24+00:00","description":"La transformation num\u00e9rique prend de plus en plus d'ampleur et doit \u00e9galement \u00eatre poursuivie dans les domaines de l'audit, de la fiscalit\u00e9 et de la fiduciaire.","breadcrumb":{"@id":"https:\/\/www.organisator.ch\/management\/2024-10-03\/spannende-voten-und-diskussionen-an-der-expertsuisse-jahrestagung\/#breadcrumb"},"inLanguage":"fr-FR","potentialAction":[{"@type":"ReadAction","target":["https:\/\/www.organisator.ch\/management\/2024-10-03\/spannende-voten-und-diskussionen-an-der-expertsuisse-jahrestagung\/"]}]},{"@type":"ImageObject","inLanguage":"fr-FR","@id":"https:\/\/www.organisator.ch\/management\/2024-10-03\/spannende-voten-und-diskussionen-an-der-expertsuisse-jahrestagung\/#primaryimage","url":"https:\/\/www.organisator.ch\/wp-content\/uploads\/2024\/10\/Expertsuisse_Bild1_ps.jpg","contentUrl":"https:\/\/www.organisator.ch\/wp-content\/uploads\/2024\/10\/Expertsuisse_Bild1_ps.jpg","width":680,"height":454,"caption":"Bundesrat Beat Jans setzte mit seiner Rede einen H\u00f6hepunkt an der diesj\u00e4hrigen Jahrestagung von Expertsuisse. (Bild: zVg\/Expertsuisse)"},{"@type":"BreadcrumbList","@id":"https:\/\/www.organisator.ch\/management\/2024-10-03\/spannende-voten-und-diskussionen-an-der-expertsuisse-jahrestagung\/#breadcrumb","itemListElement":[{"@type":"ListItem","position":1,"name":"Home","item":"https:\/\/www.organisator.ch\/"},{"@type":"ListItem","position":2,"name":"Spannende Voten und Diskussionen an der Expertsuisse Jahrestagung"}]},{"@type":"WebSite","@id":"https:\/\/www.organisator.ch\/#website","url":"https:\/\/www.organisator.ch\/","name":"Organisateur","description":"Comp\u00e9tence et comp\u00e9tence. Proches de la pratique. L'ORGANISATEUR pr\u00e9pare 10 num\u00e9ros par an sur les th\u00e8mes essentiels pour les dirigeants de PME.","publisher":{"@id":"https:\/\/www.organisator.ch\/#organization"},"potentialAction":[{"@type":"SearchAction","target":{"@type":"EntryPoint","urlTemplate":"https:\/\/www.organisator.ch\/?s={search_term_string}"},"query-input":{"@type":"PropertyValueSpecification","valueRequired":true,"valueName":"search_term_string"}}],"inLanguage":"fr-FR"},{"@type":"Organization","@id":"https:\/\/www.organisator.ch\/#organization","name":"Organisateur","url":"https:\/\/www.organisator.ch\/","logo":{"@type":"ImageObject","inLanguage":"fr-FR","@id":"https:\/\/www.organisator.ch\/#\/schema\/logo\/image\/","url":"https:\/\/www.organisator.ch\/wp-content\/uploads\/2022\/01\/Logo_Organisator_Website.png","contentUrl":"https:\/\/www.organisator.ch\/wp-content\/uploads\/2022\/01\/Logo_Organisator_Website.png","width":800,"height":77,"caption":"Organisator"},"image":{"@id":"https:\/\/www.organisator.ch\/#\/schema\/logo\/image\/"},"sameAs":["https:\/\/www.facebook.com\/OrganisatorFachmagazin","https:\/\/www.linkedin.com\/showcase\/organisator-das-magazin-fr-kmu","https:\/\/www.xing.com\/news\/pages\/organisator-ch-695","https:\/\/www.youtube.com\/channel\/UCGP2Sq0iWaZwT3BdIAQFYpw"]},{"@type":"Person","@id":"https:\/\/www.organisator.ch\/#\/schema\/person\/afccda3a71c06d4be2ed9100dd163db7","name":"Dzana Muminovic","image":{"@type":"ImageObject","inLanguage":"fr-FR","@id":"https:\/\/secure.gravatar.com\/avatar\/909c5c71aff4b38e88686f2ab2f1ba152571f394f41ed8bae431ea56ced93050?s=96&d=mm&r=g","url":"https:\/\/secure.gravatar.com\/avatar\/909c5c71aff4b38e88686f2ab2f1ba152571f394f41ed8bae431ea56ced93050?s=96&d=mm&r=g","contentUrl":"https:\/\/secure.gravatar.com\/avatar\/909c5c71aff4b38e88686f2ab2f1ba152571f394f41ed8bae431ea56ced93050?s=96&d=mm&r=g","caption":"Dzana Muminovic"},"url":"https:\/\/www.organisator.ch\/fr\/author\/dzana-muminovic\/"}]}},"_links":{"self":[{"href":"https:\/\/www.organisator.ch\/fr\/wp-json\/wp\/v2\/posts\/30432","targetHints":{"allow":["GET"]}}],"collection":[{"href":"https:\/\/www.organisator.ch\/fr\/wp-json\/wp\/v2\/posts"}],"about":[{"href":"https:\/\/www.organisator.ch\/fr\/wp-json\/wp\/v2\/types\/post"}],"author":[{"embeddable":true,"href":"https:\/\/www.organisator.ch\/fr\/wp-json\/wp\/v2\/users\/80"}],"replies":[{"embeddable":true,"href":"https:\/\/www.organisator.ch\/fr\/wp-json\/wp\/v2\/comments?post=30432"}],"version-history":[{"count":4,"href":"https:\/\/www.organisator.ch\/fr\/wp-json\/wp\/v2\/posts\/30432\/revisions"}],"predecessor-version":[{"id":30458,"href":"https:\/\/www.organisator.ch\/fr\/wp-json\/wp\/v2\/posts\/30432\/revisions\/30458"}],"wp:featuredmedia":[{"embeddable":true,"href":"https:\/\/www.organisator.ch\/fr\/wp-json\/wp\/v2\/media\/30433"}],"wp:attachment":[{"href":"https:\/\/www.organisator.ch\/fr\/wp-json\/wp\/v2\/media?parent=30432"}],"wp:term":[{"taxonomy":"category","embeddable":true,"href":"https:\/\/www.organisator.ch\/fr\/wp-json\/wp\/v2\/categories?post=30432"},{"taxonomy":"post_tag","embeddable":true,"href":"https:\/\/www.organisator.ch\/fr\/wp-json\/wp\/v2\/tags?post=30432"}],"curies":[{"name":"wp","href":"https:\/\/api.w.org\/{rel}","templated":true}]}}