{"id":30484,"date":"2024-10-07T09:04:23","date_gmt":"2024-10-07T07:04:23","guid":{"rendered":"https:\/\/www.organisator.ch\/?p=30484"},"modified":"2024-10-07T08:04:57","modified_gmt":"2024-10-07T06:04:57","slug":"skyguide-ernennt-neue-head-of-public-affairs","status":"publish","type":"post","link":"https:\/\/www.organisator.ch\/fr\/management\/2024-10-07\/skyguide-ernennt-neue-head-of-public-affairs\/","title":{"rendered":"Skyguide nomme un nouveau responsable des affaires publiques"},"content":{"rendered":"<figure id=\"attachment_30486\" aria-describedby=\"caption-attachment-30486\" style=\"width: 680px\" class=\"wp-caption alignnone\"><img loading=\"lazy\" decoding=\"async\" class=\"wp-image-30486 size-full\" src=\"https:\/\/www.organisator.ch\/wp-content\/uploads\/2024\/10\/Skyguide_Bild1_ps.jpg\" alt=\"\" width=\"680\" height=\"453\" srcset=\"https:\/\/www.organisator.ch\/wp-content\/uploads\/2024\/10\/Skyguide_Bild1_ps.jpg 680w, https:\/\/www.organisator.ch\/wp-content\/uploads\/2024\/10\/Skyguide_Bild1_ps-18x12.jpg 18w, https:\/\/www.organisator.ch\/wp-content\/uploads\/2024\/10\/Skyguide_Bild1_ps-375x250.jpg 375w, https:\/\/www.organisator.ch\/wp-content\/uploads\/2024\/10\/Skyguide_Bild1_ps-525x350.jpg 525w\" sizes=\"auto, (max-width: 680px) 100vw, 680px\" \/><figcaption id=\"caption-attachment-30486\" class=\"wp-caption-text\">Actuellement, Antoinette Feh Widmer dirige l'\u00e9quipe Politique et communication r\u00e9gionale de la Poste Suisse \u00e0 Berne. (Image : www.skyguide.ch)<\/figcaption><\/figure>\n<p>Antoinette Feh Widmer sera la nouvelle Head of Public Affairs de Skyguide \u00e0 partir du 1er janvier 2025. Elle a \u00e9tudi\u00e9 les sciences politiques avec une sp\u00e9cialisation en politique suisse \u00e0 l'Universit\u00e9 de Zurich, puis a obtenu un doctorat \u00e0 l'Universit\u00e9 de Berne, \u00e9galement en politique suisse, et s'est perfectionn\u00e9e en suivant un CAS en Public Governance &amp; Administration \u00e0 l'ETH Zurich.<\/p>\n<p>Apr\u00e8s deux ann\u00e9es pass\u00e9es dans des agences de relations publiques, Antoinette Feh Widmer a commenc\u00e9 sa carri\u00e8re \u00e0 la Poste Suisse \u00e0 Berne. Elle y dirige actuellement l'\u00e9quipe Politique et communication r\u00e9gionale. Dans cette fonction, elle a travaill\u00e9 de mani\u00e8re d\u00e9terminante \u00e0 l'ancrage de la nouvelle strat\u00e9gie \"La Poste de demain\" dans un \u00e9change direct avec les parlements cantonaux et a \u00e9t\u00e9 responsable du processus d'affaires publiques dans les r\u00e9gions.<\/p>\n<p>\"Avec sa longue exp\u00e9rience de la politique nationale et cantonale, Antoinette Feh Widmer est la personne id\u00e9ale pour repr\u00e9senter Skyguide sur la sc\u00e8ne politique. Je suis convaincue qu'elle compl\u00e8te id\u00e9alement l'\u00e9quipe de communication et je me r\u00e9jouis de pouvoir bient\u00f4t l'accueillir parmi nous\", d\u00e9clare Eva Maria Bieda, Chief Communications Officer de Skyguide.<\/p>\n<p>\"Je suis tr\u00e8s heureuse de faire partie de la famille Skyguide et de jeter un pont entre le trafic a\u00e9rien, la politique et le public en tant que Head of Public Affairs. Travailler dans un environnement aussi dynamique et hautement professionnel m'inspire pour renforcer encore la perception de Skyguide par le public\", ajoute Antoinette Feh Widmer.<\/p>\n<p><em>Source : <a href=\"http:\/\/www.skyguide.ch\">www.skyguide.ch<\/a><\/em><\/p>","protected":false},"excerpt":{"rendered":"<p>Antoinette Feh Widmer commencera \u00e0 travailler chez Skyguide en tant que nouvelle responsable des affaires publiques \u00e0 partir de janvier 2025. Dans cette fonction, elle succ\u00e8de \u00e0 Raimund Fridrich, qui a accept\u00e9 un nouveau r\u00f4le au sein de l'entreprise.<\/p>","protected":false},"author":80,"featured_media":30486,"comment_status":"closed","ping_status":"closed","sticky":false,"template":"","format":"standard","meta":{"_acf_changed":false,"_yoast_wpseo_focuskw":"Skyguide","_yoast_wpseo_metadesc":"Antoinette Feh Widmer wird ab Januar 2025 als neue Verantwortliche Public Affairs bei Skyguide beginnen.","articlekey":"","footnotes":""},"categories":[28],"tags":[1197,308,4269,4589,492],"class_list":["post-30484","post","type-post","status-publish","format-standard","has-post-thumbnail","hentry","category-management","tag-flugverkehr","tag-kommunikation","tag-nachfolge","tag-public-affairs","tag-unternehmen"],"acf":[],"yoast_head":"<!-- This site is optimized with the Yoast SEO plugin v27.5 - https:\/\/yoast.com\/product\/yoast-seo-wordpress\/ -->\n<title>Skyguide ernennt neue Head of Public Affairs - Organisator<\/title>\n<meta name=\"description\" content=\"Antoinette Feh Widmer wird ab Januar 2025 als neue Verantwortliche Public Affairs bei Skyguide beginnen.\" \/>\n<meta name=\"robots\" content=\"index, follow, max-snippet:-1, max-image-preview:large, max-video-preview:-1\" \/>\n<link rel=\"canonical\" href=\"https:\/\/www.organisator.ch\/fr\/gestion-2\/2024-10-07\/skyguide-ernennt-neue-head-of-public-affairs\/\" \/>\n<meta property=\"og:locale\" content=\"fr_FR\" \/>\n<meta property=\"og:type\" content=\"article\" \/>\n<meta property=\"og:title\" content=\"Skyguide ernennt neue Head of Public Affairs\" \/>\n<meta property=\"og:description\" content=\"Antoinette Feh Widmer wird ab Januar 2025 als neue Verantwortliche Public Affairs bei Skyguide beginnen.\" \/>\n<meta property=\"og:url\" content=\"https:\/\/www.organisator.ch\/fr\/gestion-2\/2024-10-07\/skyguide-ernennt-neue-head-of-public-affairs\/\" \/>\n<meta property=\"og:site_name\" content=\"Organisator\" \/>\n<meta property=\"article:publisher\" content=\"https:\/\/www.facebook.com\/OrganisatorFachmagazin\" \/>\n<meta property=\"article:published_time\" content=\"2024-10-07T07:04:23+00:00\" \/>\n<meta property=\"og:image\" content=\"https:\/\/www.organisator.ch\/wp-content\/uploads\/2024\/10\/Skyguide_Bild1_ps.jpg\" \/>\n\t<meta property=\"og:image:width\" content=\"680\" \/>\n\t<meta property=\"og:image:height\" content=\"453\" \/>\n\t<meta property=\"og:image:type\" content=\"image\/jpeg\" \/>\n<meta name=\"author\" content=\"Dzana Muminovic\" \/>\n<meta name=\"twitter:card\" content=\"summary_large_image\" \/>\n<meta name=\"twitter:title\" content=\"Skyguide ernennt neue Head of Public Affairs\" \/>\n<meta name=\"twitter:description\" content=\"#Antoinette #Feh #Widmer wird ab Januar 2025 als neue Verantwortliche #Public #Affairs bei #Skyguide beginnen.\" \/>\n<meta name=\"twitter:image\" content=\"https:\/\/www.organisator.ch\/wp-content\/uploads\/2024\/10\/Skyguide_Bild1_ps.jpg\" \/>\n<script type=\"application\/ld+json\" class=\"yoast-schema-graph\">{\"@context\":\"https:\\\/\\\/schema.org\",\"@graph\":[{\"@type\":\"Article\",\"@id\":\"https:\\\/\\\/www.organisator.ch\\\/management\\\/2024-10-07\\\/skyguide-ernennt-neue-head-of-public-affairs\\\/#article\",\"isPartOf\":{\"@id\":\"https:\\\/\\\/www.organisator.ch\\\/management\\\/2024-10-07\\\/skyguide-ernennt-neue-head-of-public-affairs\\\/\"},\"author\":{\"name\":\"Dzana Muminovic\",\"@id\":\"https:\\\/\\\/www.organisator.ch\\\/#\\\/schema\\\/person\\\/afccda3a71c06d4be2ed9100dd163db7\"},\"headline\":\"Skyguide ernennt neue Head of Public Affairs\",\"datePublished\":\"2024-10-07T07:04:23+00:00\",\"mainEntityOfPage\":{\"@id\":\"https:\\\/\\\/www.organisator.ch\\\/management\\\/2024-10-07\\\/skyguide-ernennt-neue-head-of-public-affairs\\\/\"},\"wordCount\":260,\"publisher\":{\"@id\":\"https:\\\/\\\/www.organisator.ch\\\/#organization\"},\"image\":{\"@id\":\"https:\\\/\\\/www.organisator.ch\\\/management\\\/2024-10-07\\\/skyguide-ernennt-neue-head-of-public-affairs\\\/#primaryimage\"},\"thumbnailUrl\":\"https:\\\/\\\/www.organisator.ch\\\/wp-content\\\/uploads\\\/2024\\\/10\\\/Skyguide_Bild1_ps.jpg\",\"keywords\":[\"Flugverkehr\",\"Kommunikation\",\"Nachfolge\",\"Public Affairs\",\"Unternehmen\"],\"articleSection\":[\"MANAGEMENT\"],\"inLanguage\":\"fr-FR\"},{\"@type\":\"WebPage\",\"@id\":\"https:\\\/\\\/www.organisator.ch\\\/management\\\/2024-10-07\\\/skyguide-ernennt-neue-head-of-public-affairs\\\/\",\"url\":\"https:\\\/\\\/www.organisator.ch\\\/management\\\/2024-10-07\\\/skyguide-ernennt-neue-head-of-public-affairs\\\/\",\"name\":\"Skyguide ernennt neue Head of Public Affairs - Organisator\",\"isPartOf\":{\"@id\":\"https:\\\/\\\/www.organisator.ch\\\/#website\"},\"primaryImageOfPage\":{\"@id\":\"https:\\\/\\\/www.organisator.ch\\\/management\\\/2024-10-07\\\/skyguide-ernennt-neue-head-of-public-affairs\\\/#primaryimage\"},\"image\":{\"@id\":\"https:\\\/\\\/www.organisator.ch\\\/management\\\/2024-10-07\\\/skyguide-ernennt-neue-head-of-public-affairs\\\/#primaryimage\"},\"thumbnailUrl\":\"https:\\\/\\\/www.organisator.ch\\\/wp-content\\\/uploads\\\/2024\\\/10\\\/Skyguide_Bild1_ps.jpg\",\"datePublished\":\"2024-10-07T07:04:23+00:00\",\"description\":\"Antoinette Feh Widmer wird ab Januar 2025 als neue Verantwortliche Public Affairs bei Skyguide beginnen.\",\"breadcrumb\":{\"@id\":\"https:\\\/\\\/www.organisator.ch\\\/management\\\/2024-10-07\\\/skyguide-ernennt-neue-head-of-public-affairs\\\/#breadcrumb\"},\"inLanguage\":\"fr-FR\",\"potentialAction\":[{\"@type\":\"ReadAction\",\"target\":[\"https:\\\/\\\/www.organisator.ch\\\/management\\\/2024-10-07\\\/skyguide-ernennt-neue-head-of-public-affairs\\\/\"]}]},{\"@type\":\"ImageObject\",\"inLanguage\":\"fr-FR\",\"@id\":\"https:\\\/\\\/www.organisator.ch\\\/management\\\/2024-10-07\\\/skyguide-ernennt-neue-head-of-public-affairs\\\/#primaryimage\",\"url\":\"https:\\\/\\\/www.organisator.ch\\\/wp-content\\\/uploads\\\/2024\\\/10\\\/Skyguide_Bild1_ps.jpg\",\"contentUrl\":\"https:\\\/\\\/www.organisator.ch\\\/wp-content\\\/uploads\\\/2024\\\/10\\\/Skyguide_Bild1_ps.jpg\",\"width\":680,\"height\":453,\"caption\":\"Antoinette Feh Widmer wird ab Januar 2025 als neue Verantwortliche Public Affairs bei Skyguide beginnen (Bild: www.skyguide.ch)\"},{\"@type\":\"BreadcrumbList\",\"@id\":\"https:\\\/\\\/www.organisator.ch\\\/management\\\/2024-10-07\\\/skyguide-ernennt-neue-head-of-public-affairs\\\/#breadcrumb\",\"itemListElement\":[{\"@type\":\"ListItem\",\"position\":1,\"name\":\"Home\",\"item\":\"https:\\\/\\\/www.organisator.ch\\\/\"},{\"@type\":\"ListItem\",\"position\":2,\"name\":\"Skyguide ernennt neue Head of Public Affairs\"}]},{\"@type\":\"WebSite\",\"@id\":\"https:\\\/\\\/www.organisator.ch\\\/#website\",\"url\":\"https:\\\/\\\/www.organisator.ch\\\/\",\"name\":\"Organisator\",\"description\":\"Kompetent. Praxisnah. Der ORGANISATOR bereitet in 10 Ausgaben pro Jahr die wesentlichen Themen f\u00fcr F\u00fchrungskr\u00e4fte von KMU auf.\",\"publisher\":{\"@id\":\"https:\\\/\\\/www.organisator.ch\\\/#organization\"},\"potentialAction\":[{\"@type\":\"SearchAction\",\"target\":{\"@type\":\"EntryPoint\",\"urlTemplate\":\"https:\\\/\\\/www.organisator.ch\\\/?s={search_term_string}\"},\"query-input\":{\"@type\":\"PropertyValueSpecification\",\"valueRequired\":true,\"valueName\":\"search_term_string\"}}],\"inLanguage\":\"fr-FR\"},{\"@type\":\"Organization\",\"@id\":\"https:\\\/\\\/www.organisator.ch\\\/#organization\",\"name\":\"Organisator\",\"url\":\"https:\\\/\\\/www.organisator.ch\\\/\",\"logo\":{\"@type\":\"ImageObject\",\"inLanguage\":\"fr-FR\",\"@id\":\"https:\\\/\\\/www.organisator.ch\\\/#\\\/schema\\\/logo\\\/image\\\/\",\"url\":\"https:\\\/\\\/www.organisator.ch\\\/wp-content\\\/uploads\\\/2022\\\/01\\\/Logo_Organisator_Website.png\",\"contentUrl\":\"https:\\\/\\\/www.organisator.ch\\\/wp-content\\\/uploads\\\/2022\\\/01\\\/Logo_Organisator_Website.png\",\"width\":800,\"height\":77,\"caption\":\"Organisator\"},\"image\":{\"@id\":\"https:\\\/\\\/www.organisator.ch\\\/#\\\/schema\\\/logo\\\/image\\\/\"},\"sameAs\":[\"https:\\\/\\\/www.facebook.com\\\/OrganisatorFachmagazin\",\"https:\\\/\\\/www.linkedin.com\\\/showcase\\\/organisator-das-magazin-fr-kmu\",\"https:\\\/\\\/www.xing.com\\\/news\\\/pages\\\/organisator-ch-695\",\"https:\\\/\\\/www.youtube.com\\\/channel\\\/UCGP2Sq0iWaZwT3BdIAQFYpw\"]},{\"@type\":\"Person\",\"@id\":\"https:\\\/\\\/www.organisator.ch\\\/#\\\/schema\\\/person\\\/afccda3a71c06d4be2ed9100dd163db7\",\"name\":\"Dzana Muminovic\",\"image\":{\"@type\":\"ImageObject\",\"inLanguage\":\"fr-FR\",\"@id\":\"https:\\\/\\\/secure.gravatar.com\\\/avatar\\\/909c5c71aff4b38e88686f2ab2f1ba152571f394f41ed8bae431ea56ced93050?s=96&d=mm&r=g\",\"url\":\"https:\\\/\\\/secure.gravatar.com\\\/avatar\\\/909c5c71aff4b38e88686f2ab2f1ba152571f394f41ed8bae431ea56ced93050?s=96&d=mm&r=g\",\"contentUrl\":\"https:\\\/\\\/secure.gravatar.com\\\/avatar\\\/909c5c71aff4b38e88686f2ab2f1ba152571f394f41ed8bae431ea56ced93050?s=96&d=mm&r=g\",\"caption\":\"Dzana Muminovic\"},\"url\":\"https:\\\/\\\/www.organisator.ch\\\/fr\\\/author\\\/dzana-muminovic\\\/\"}]}<\/script>\n<!-- \/ Yoast SEO plugin. -->","yoast_head_json":{"title":"Skyguide nomme un nouveau Head of Public Affairs - Organisateur","description":"Antoinette Feh Widmer d\u00e9butera en janvier 2025 en tant que nouvelle responsable des affaires publiques chez Skyguide.","robots":{"index":"index","follow":"follow","max-snippet":"max-snippet:-1","max-image-preview":"max-image-preview:large","max-video-preview":"max-video-preview:-1"},"canonical":"https:\/\/www.organisator.ch\/fr\/gestion-2\/2024-10-07\/skyguide-ernennt-neue-head-of-public-affairs\/","og_locale":"fr_FR","og_type":"article","og_title":"Skyguide ernennt neue Head of Public Affairs","og_description":"Antoinette Feh Widmer wird ab Januar 2025 als neue Verantwortliche Public Affairs bei Skyguide beginnen.","og_url":"https:\/\/www.organisator.ch\/fr\/gestion-2\/2024-10-07\/skyguide-ernennt-neue-head-of-public-affairs\/","og_site_name":"Organisator","article_publisher":"https:\/\/www.facebook.com\/OrganisatorFachmagazin","article_published_time":"2024-10-07T07:04:23+00:00","og_image":[{"width":680,"height":453,"url":"https:\/\/www.organisator.ch\/wp-content\/uploads\/2024\/10\/Skyguide_Bild1_ps.jpg","type":"image\/jpeg"}],"author":"Dzana Muminovic","twitter_card":"summary_large_image","twitter_title":"Skyguide ernennt neue Head of Public Affairs","twitter_description":"#Antoinette #Feh #Widmer wird ab Januar 2025 als neue Verantwortliche #Public #Affairs bei #Skyguide beginnen.","twitter_image":"https:\/\/www.organisator.ch\/wp-content\/uploads\/2024\/10\/Skyguide_Bild1_ps.jpg","schema":{"@context":"https:\/\/schema.org","@graph":[{"@type":"Article","@id":"https:\/\/www.organisator.ch\/management\/2024-10-07\/skyguide-ernennt-neue-head-of-public-affairs\/#article","isPartOf":{"@id":"https:\/\/www.organisator.ch\/management\/2024-10-07\/skyguide-ernennt-neue-head-of-public-affairs\/"},"author":{"name":"Dzana Muminovic","@id":"https:\/\/www.organisator.ch\/#\/schema\/person\/afccda3a71c06d4be2ed9100dd163db7"},"headline":"Skyguide ernennt neue Head of Public Affairs","datePublished":"2024-10-07T07:04:23+00:00","mainEntityOfPage":{"@id":"https:\/\/www.organisator.ch\/management\/2024-10-07\/skyguide-ernennt-neue-head-of-public-affairs\/"},"wordCount":260,"publisher":{"@id":"https:\/\/www.organisator.ch\/#organization"},"image":{"@id":"https:\/\/www.organisator.ch\/management\/2024-10-07\/skyguide-ernennt-neue-head-of-public-affairs\/#primaryimage"},"thumbnailUrl":"https:\/\/www.organisator.ch\/wp-content\/uploads\/2024\/10\/Skyguide_Bild1_ps.jpg","keywords":["Flugverkehr","Kommunikation","Nachfolge","Public Affairs","Unternehmen"],"articleSection":["MANAGEMENT"],"inLanguage":"fr-FR"},{"@type":"WebPage","@id":"https:\/\/www.organisator.ch\/management\/2024-10-07\/skyguide-ernennt-neue-head-of-public-affairs\/","url":"https:\/\/www.organisator.ch\/management\/2024-10-07\/skyguide-ernennt-neue-head-of-public-affairs\/","name":"Skyguide nomme un nouveau Head of Public Affairs - Organisateur","isPartOf":{"@id":"https:\/\/www.organisator.ch\/#website"},"primaryImageOfPage":{"@id":"https:\/\/www.organisator.ch\/management\/2024-10-07\/skyguide-ernennt-neue-head-of-public-affairs\/#primaryimage"},"image":{"@id":"https:\/\/www.organisator.ch\/management\/2024-10-07\/skyguide-ernennt-neue-head-of-public-affairs\/#primaryimage"},"thumbnailUrl":"https:\/\/www.organisator.ch\/wp-content\/uploads\/2024\/10\/Skyguide_Bild1_ps.jpg","datePublished":"2024-10-07T07:04:23+00:00","description":"Antoinette Feh Widmer d\u00e9butera en janvier 2025 en tant que nouvelle responsable des affaires publiques chez Skyguide.","breadcrumb":{"@id":"https:\/\/www.organisator.ch\/management\/2024-10-07\/skyguide-ernennt-neue-head-of-public-affairs\/#breadcrumb"},"inLanguage":"fr-FR","potentialAction":[{"@type":"ReadAction","target":["https:\/\/www.organisator.ch\/management\/2024-10-07\/skyguide-ernennt-neue-head-of-public-affairs\/"]}]},{"@type":"ImageObject","inLanguage":"fr-FR","@id":"https:\/\/www.organisator.ch\/management\/2024-10-07\/skyguide-ernennt-neue-head-of-public-affairs\/#primaryimage","url":"https:\/\/www.organisator.ch\/wp-content\/uploads\/2024\/10\/Skyguide_Bild1_ps.jpg","contentUrl":"https:\/\/www.organisator.ch\/wp-content\/uploads\/2024\/10\/Skyguide_Bild1_ps.jpg","width":680,"height":453,"caption":"Antoinette Feh Widmer wird ab Januar 2025 als neue Verantwortliche Public Affairs bei Skyguide beginnen (Bild: www.skyguide.ch)"},{"@type":"BreadcrumbList","@id":"https:\/\/www.organisator.ch\/management\/2024-10-07\/skyguide-ernennt-neue-head-of-public-affairs\/#breadcrumb","itemListElement":[{"@type":"ListItem","position":1,"name":"Home","item":"https:\/\/www.organisator.ch\/"},{"@type":"ListItem","position":2,"name":"Skyguide ernennt neue Head of Public Affairs"}]},{"@type":"WebSite","@id":"https:\/\/www.organisator.ch\/#website","url":"https:\/\/www.organisator.ch\/","name":"Organisateur","description":"Comp\u00e9tence et comp\u00e9tence. Proches de la pratique. L'ORGANISATEUR pr\u00e9pare 10 num\u00e9ros par an sur les th\u00e8mes essentiels pour les dirigeants de PME.","publisher":{"@id":"https:\/\/www.organisator.ch\/#organization"},"potentialAction":[{"@type":"SearchAction","target":{"@type":"EntryPoint","urlTemplate":"https:\/\/www.organisator.ch\/?s={search_term_string}"},"query-input":{"@type":"PropertyValueSpecification","valueRequired":true,"valueName":"search_term_string"}}],"inLanguage":"fr-FR"},{"@type":"Organization","@id":"https:\/\/www.organisator.ch\/#organization","name":"Organisateur","url":"https:\/\/www.organisator.ch\/","logo":{"@type":"ImageObject","inLanguage":"fr-FR","@id":"https:\/\/www.organisator.ch\/#\/schema\/logo\/image\/","url":"https:\/\/www.organisator.ch\/wp-content\/uploads\/2022\/01\/Logo_Organisator_Website.png","contentUrl":"https:\/\/www.organisator.ch\/wp-content\/uploads\/2022\/01\/Logo_Organisator_Website.png","width":800,"height":77,"caption":"Organisator"},"image":{"@id":"https:\/\/www.organisator.ch\/#\/schema\/logo\/image\/"},"sameAs":["https:\/\/www.facebook.com\/OrganisatorFachmagazin","https:\/\/www.linkedin.com\/showcase\/organisator-das-magazin-fr-kmu","https:\/\/www.xing.com\/news\/pages\/organisator-ch-695","https:\/\/www.youtube.com\/channel\/UCGP2Sq0iWaZwT3BdIAQFYpw"]},{"@type":"Person","@id":"https:\/\/www.organisator.ch\/#\/schema\/person\/afccda3a71c06d4be2ed9100dd163db7","name":"Dzana Muminovic","image":{"@type":"ImageObject","inLanguage":"fr-FR","@id":"https:\/\/secure.gravatar.com\/avatar\/909c5c71aff4b38e88686f2ab2f1ba152571f394f41ed8bae431ea56ced93050?s=96&d=mm&r=g","url":"https:\/\/secure.gravatar.com\/avatar\/909c5c71aff4b38e88686f2ab2f1ba152571f394f41ed8bae431ea56ced93050?s=96&d=mm&r=g","contentUrl":"https:\/\/secure.gravatar.com\/avatar\/909c5c71aff4b38e88686f2ab2f1ba152571f394f41ed8bae431ea56ced93050?s=96&d=mm&r=g","caption":"Dzana Muminovic"},"url":"https:\/\/www.organisator.ch\/fr\/author\/dzana-muminovic\/"}]}},"_links":{"self":[{"href":"https:\/\/www.organisator.ch\/fr\/wp-json\/wp\/v2\/posts\/30484","targetHints":{"allow":["GET"]}}],"collection":[{"href":"https:\/\/www.organisator.ch\/fr\/wp-json\/wp\/v2\/posts"}],"about":[{"href":"https:\/\/www.organisator.ch\/fr\/wp-json\/wp\/v2\/types\/post"}],"author":[{"embeddable":true,"href":"https:\/\/www.organisator.ch\/fr\/wp-json\/wp\/v2\/users\/80"}],"replies":[{"embeddable":true,"href":"https:\/\/www.organisator.ch\/fr\/wp-json\/wp\/v2\/comments?post=30484"}],"version-history":[{"count":4,"href":"https:\/\/www.organisator.ch\/fr\/wp-json\/wp\/v2\/posts\/30484\/revisions"}],"predecessor-version":[{"id":30502,"href":"https:\/\/www.organisator.ch\/fr\/wp-json\/wp\/v2\/posts\/30484\/revisions\/30502"}],"wp:featuredmedia":[{"embeddable":true,"href":"https:\/\/www.organisator.ch\/fr\/wp-json\/wp\/v2\/media\/30486"}],"wp:attachment":[{"href":"https:\/\/www.organisator.ch\/fr\/wp-json\/wp\/v2\/media?parent=30484"}],"wp:term":[{"taxonomy":"category","embeddable":true,"href":"https:\/\/www.organisator.ch\/fr\/wp-json\/wp\/v2\/categories?post=30484"},{"taxonomy":"post_tag","embeddable":true,"href":"https:\/\/www.organisator.ch\/fr\/wp-json\/wp\/v2\/tags?post=30484"}],"curies":[{"name":"wp","href":"https:\/\/api.w.org\/{rel}","templated":true}]}}