{"id":3050,"date":"2018-01-26T08:16:52","date_gmt":"2018-01-26T07:16:52","guid":{"rendered":"https:\/\/www.organisator.ch\/?p=3050"},"modified":"2018-01-26T08:16:52","modified_gmt":"2018-01-26T07:16:52","slug":"mitarbeiterbindung-hat-oberste-prioritaet","status":"publish","type":"post","link":"https:\/\/www.organisator.ch\/fr\/human-resources\/hrm\/2018-01-26\/mitarbeiterbindung-hat-oberste-prioritaet\/","title":{"rendered":"La fid\u00e9lisation du personnel est une priorit\u00e9 absolue"},"content":{"rendered":"<figure id=\"attachment_3052\" aria-describedby=\"caption-attachment-3052\" style=\"width: 480px\" class=\"wp-caption alignnone\"><img loading=\"lazy\" decoding=\"async\" class=\"size-full wp-image-3052\" src=\"https:\/\/www.organisator.ch\/wp-content\/uploads\/2018\/01\/Mitarbeiterbindung-hat-oberste-Prioritaet_Organisator.jpg\" alt=\"\" width=\"480\" height=\"511\" srcset=\"https:\/\/www.organisator.ch\/wp-content\/uploads\/2018\/01\/Mitarbeiterbindung-hat-oberste-Prioritaet_Organisator.jpg 480w, https:\/\/www.organisator.ch\/wp-content\/uploads\/2018\/01\/Mitarbeiterbindung-hat-oberste-Prioritaet_Organisator-11x12.jpg 11w, https:\/\/www.organisator.ch\/wp-content\/uploads\/2018\/01\/Mitarbeiterbindung-hat-oberste-Prioritaet_Organisator-164x175.jpg 164w, https:\/\/www.organisator.ch\/wp-content\/uploads\/2018\/01\/Mitarbeiterbindung-hat-oberste-Prioritaet_Organisator-329x350.jpg 329w, https:\/\/www.organisator.ch\/wp-content\/uploads\/2018\/01\/Mitarbeiterbindung-hat-oberste-Prioritaet_Organisator-300x319.jpg 300w\" sizes=\"auto, (max-width: 480px) 100vw, 480px\" \/><figcaption id=\"caption-attachment-3052\" class=\"wp-caption-text\">Le dernier rapport RH du cabinet de recrutement Hays met les organisations agiles au banc d'essai. En revanche, la fid\u00e9lisation des collaborateurs est une priorit\u00e9 absolue pour les sp\u00e9cialistes RH. (Image : Hays)<\/figcaption><\/figure>\n<p>Malgr\u00e9 ou \u00e0 cause de l'engouement pour les organisations num\u00e9riques et agiles : Garder les collaborateurs est le th\u00e8me RH num\u00e9ro un pour 2018. La flexibilisation des structures de travail arrive en deuxi\u00e8me position dans l'agenda RH des entreprises. Favoriser l'employabilit\u00e9 des collaborateurs est pour la premi\u00e8re fois le troisi\u00e8me point le plus important parmi les th\u00e8mes RH. C'est ce que montrent les r\u00e9sultats du rapport RH 2018 que Hays et l'Institut pour l'emploi et l'employabilit\u00e9 (IBE) viennent de publier. Plus de 1000 personnes issues d'entreprises et d'organisations ont \u00e9t\u00e9 interrog\u00e9es.<\/p>\n<h2>Fid\u00e9liser les employ\u00e9s gr\u00e2ce \u00e0 une plus grande flexibilit\u00e9<\/h2>\n<p>\"La pression exerc\u00e9e par l'\u00e9volution d\u00e9mographique, la num\u00e9risation et la p\u00e9nurie de main-d'\u0153uvre qualifi\u00e9e accro\u00eet consid\u00e9rablement la lutte pour les collaborateurs. C'est pourquoi la fid\u00e9lisation des collaborateurs est une priorit\u00e9 et il faut leur accorder plus de flexibilit\u00e9. Jutta Rump, directrice de l'IBE, explique le classement : \"En raison de l'acc\u00e9l\u00e9ration du rythme des changements, il est imp\u00e9ratif de maintenir les collaborateurs dans l'emploi. Une bonne ambiance de travail (57 %) est le principal facteur de r\u00e9tention des collaborateurs. Viennent ensuite des horaires de travail flexibles (46 %) et une r\u00e9mun\u00e9ration conforme au march\u00e9 (44 %). Les entreprises interrog\u00e9es ont progress\u00e9 dans la r\u00e9alisation de ces th\u00e8mes. L'\u00e9cart entre l'importance et la mise en \u0153uvre de ces instruments s'est nettement r\u00e9duit.<\/p>\n<h2>Des processus rigides font obstacle au d\u00e9veloppement<\/h2>\n<p>Pour la moiti\u00e9 des personnes interrog\u00e9es (51 %), le th\u00e8me de l'organisation agile joue d\u00e9j\u00e0 un r\u00f4le important, voire tr\u00e8s important. Plus la position est \u00e9lev\u00e9e, plus l'importance d'une organisation agile augmente de mani\u00e8re significative. Les personnes interrog\u00e9es consid\u00e8rent les processus et proc\u00e9dures trop rigides comme le plus grand obstacle (36 %). Pour 31 %, c'est le manque de volont\u00e9 de changement des collaborateurs. \"\u00c0 l'avenir, il s'agira plus que jamais de mettre en place des processus interconnect\u00e9s et int\u00e9gr\u00e9s. Ceux-ci partent du client et non de manuels de processus internes. En m\u00eame temps, ils doivent offrir une grande flexibilit\u00e9 afin de pouvoir r\u00e9agir rapidement aux nouvelles conditions du march\u00e9\", explique Marc Lutz, Managing Director chez Hays Suisse.<\/p>\n<h2 align=\"LEFT\">Les comp\u00e9tences professionnelles d\u00e9terminent les carri\u00e8res de direction<\/h2>\n<p align=\"LEFT\">L'\u00e9tude s'est \u00e9galement pench\u00e9e sur les possibilit\u00e9s de carri\u00e8re. Pour les carri\u00e8res de direction, les comp\u00e9tences techniques (43 %) sont incomparablement plus importantes que les comp\u00e9tences sociales (29 %). Les avis des personnes interrog\u00e9es divergent sur la mani\u00e8re dont les carri\u00e8res de direction se font. La moiti\u00e9 des personnes interrog\u00e9es consid\u00e8rent qu'une approche syst\u00e9matique est n\u00e9cessaire (25 % chacun estiment que des recommandations et une planification strat\u00e9gique de la succession sont essentielles). D'un autre c\u00f4t\u00e9, un quart pense qu'elles se font par le biais de r\u00e9seaux internes, et pour 21%, le hasard joue un r\u00f4le pr\u00e9pond\u00e9rant.<\/p>\n<p>Le rapport RH, publi\u00e9 chaque ann\u00e9e, analyse les principales questions RH dans les organisations. Il se base sur une enqu\u00eate en ligne \u00e0 laquelle ont particip\u00e9 1036 collaborateurs d'entreprises et d'organisations de l'espace germanophone. Les personnes interrog\u00e9es \u00e9taient des directeurs (17 %), des cadres RH (22 %), des chefs de service (38 %) et des collaborateurs sans responsabilit\u00e9 en mati\u00e8re de personnel (24 %).<\/p>\n<p><em>Source : <a href=\"http:\/\/www.hays.ch\">www.hays.ch<\/a><\/em><\/p>","protected":false},"excerpt":{"rendered":"<p>Trotz oder gerade wegen des Hypes um digitale und agile Organisationen: Mitarbeiter zu halten ist das Top-HR-Thema f\u00fcr 2018. Auf Platz 2 der HR-Agenda in Unternehmen liegt die Flexibilisierung der Arbeitsstrukturen. Die Besch\u00e4ftigungsf\u00e4higkeit der Mitarbeiter zu f\u00f6rdern ist erstmals der drittwichtigste Punkt unter den HR-Themen. Dies zeigen die Ergebnisse des HR-Reports 2018, den Hays und [&hellip;]<\/p>\n","protected":false},"author":4,"featured_media":3052,"comment_status":"open","ping_status":"open","sticky":false,"template":"","format":"standard","meta":{"_acf_changed":false,"_yoast_wpseo_focuskw":"Mitarbeiterbindung","_yoast_wpseo_metadesc":"Mitarbeiterbindung, flexible Arbeitsstrukturen und F\u00f6rderung der Besch\u00e4ftigungsf\u00e4higkeit \u2013 dies sind die Top-3-Themen aus Sicht des HR.","articlekey":"","footnotes":""},"categories":[26],"tags":[51,254,294,335,459],"class_list":["post-3050","post","type-post","status-publish","format-standard","has-post-thumbnail","hentry","category-hrm","tag-arbeitsplatzgestaltung","tag-hrm","tag-karriere","tag-management-und-unternehmensfuehrung","tag-studie"],"acf":[],"yoast_head":"<!-- This site is optimized with the Yoast SEO plugin v27.5 - https:\/\/yoast.com\/product\/yoast-seo-wordpress\/ -->\n<title>Mitarbeiterbindung hat oberste Priorit\u00e4t - Organisator<\/title>\n<meta name=\"description\" content=\"Mitarbeiterbindung, flexible Arbeitsstrukturen und F\u00f6rderung der Besch\u00e4ftigungsf\u00e4higkeit \u2013 dies sind die Top-3-Themen aus Sicht des HR.\" \/>\n<meta name=\"robots\" content=\"index, follow, max-snippet:-1, max-image-preview:large, max-video-preview:-1\" \/>\n<link rel=\"canonical\" href=\"https:\/\/www.organisator.ch\/fr\/ressources-humaines\/hrm\/2018-01-26\/mitarbeiterbindung-hat-oberste-prioritaet\/\" \/>\n<meta property=\"og:locale\" content=\"fr_FR\" \/>\n<meta property=\"og:type\" content=\"article\" \/>\n<meta property=\"og:title\" content=\"Mitarbeiterbindung hat oberste Priorit\u00e4t\" \/>\n<meta property=\"og:description\" content=\"#Mitarbeiterbindung, flexible Arbeitsstrukturen und F\u00f6rderung der #Besch\u00e4ftigungsf\u00e4higkeit \u2013 dies sind die Top-3-Themen aus Sicht des #HR.\" \/>\n<meta property=\"og:url\" content=\"https:\/\/www.organisator.ch\/fr\/ressources-humaines\/hrm\/2018-01-26\/mitarbeiterbindung-hat-oberste-prioritaet\/\" \/>\n<meta property=\"og:site_name\" content=\"Organisator\" \/>\n<meta property=\"article:publisher\" content=\"https:\/\/www.facebook.com\/OrganisatorFachmagazin\" \/>\n<meta property=\"article:published_time\" content=\"2018-01-26T07:16:52+00:00\" \/>\n<meta property=\"og:image\" content=\"https:\/\/www.organisator.ch\/wp-content\/uploads\/2018\/01\/Mitarbeiterbindung-hat-oberste-Prioritaet_Organisator.jpg\" \/>\n\t<meta property=\"og:image:width\" content=\"480\" \/>\n\t<meta property=\"og:image:height\" content=\"511\" \/>\n\t<meta property=\"og:image:type\" content=\"image\/jpeg\" \/>\n<meta name=\"author\" content=\"thomas.berner\" \/>\n<meta name=\"twitter:card\" content=\"summary_large_image\" \/>\n<meta name=\"twitter:title\" content=\"#Mitarbeiterbindung hat oberste Priorit\u00e4t\" \/>\n<meta name=\"twitter:description\" content=\"#Mitarbeiterbindung, flexible Arbeitsstrukturen und F\u00f6rderung der Besch\u00e4ftigungsf\u00e4higkeit \u2013 dies sind die #Top-3-Themen aus Sicht des #HR.\" \/>\n<meta name=\"twitter:image\" content=\"https:\/\/www.organisator.ch\/wp-content\/uploads\/2018\/01\/Mitarbeiterbindung-hat-oberste-Priorit\u00e4t_Organisator.jpg\" \/>\n<script type=\"application\/ld+json\" class=\"yoast-schema-graph\">{\"@context\":\"https:\\\/\\\/schema.org\",\"@graph\":[{\"@type\":\"Article\",\"@id\":\"https:\\\/\\\/www.organisator.ch\\\/human-resources\\\/hrm\\\/2018-01-26\\\/mitarbeiterbindung-hat-oberste-prioritaet\\\/#article\",\"isPartOf\":{\"@id\":\"https:\\\/\\\/www.organisator.ch\\\/human-resources\\\/hrm\\\/2018-01-26\\\/mitarbeiterbindung-hat-oberste-prioritaet\\\/\"},\"author\":{\"name\":\"thomas.berner\",\"@id\":\"https:\\\/\\\/www.organisator.ch\\\/#\\\/schema\\\/person\\\/6f650f90b2842cd4c0cc334b4e36f67e\"},\"headline\":\"Mitarbeiterbindung hat oberste Priorit\u00e4t\",\"datePublished\":\"2018-01-26T07:16:52+00:00\",\"mainEntityOfPage\":{\"@id\":\"https:\\\/\\\/www.organisator.ch\\\/human-resources\\\/hrm\\\/2018-01-26\\\/mitarbeiterbindung-hat-oberste-prioritaet\\\/\"},\"wordCount\":463,\"commentCount\":0,\"publisher\":{\"@id\":\"https:\\\/\\\/www.organisator.ch\\\/#organization\"},\"image\":{\"@id\":\"https:\\\/\\\/www.organisator.ch\\\/human-resources\\\/hrm\\\/2018-01-26\\\/mitarbeiterbindung-hat-oberste-prioritaet\\\/#primaryimage\"},\"thumbnailUrl\":\"https:\\\/\\\/www.organisator.ch\\\/wp-content\\\/uploads\\\/2018\\\/01\\\/Mitarbeiterbindung-hat-oberste-Prioritaet_Organisator.jpg\",\"keywords\":[\"Arbeitsplatzgestaltung\",\"HRM\",\"Karriere\",\"Management und Unternehmensf\u00fchrung\",\"Studie\"],\"articleSection\":[\"HRM\"],\"inLanguage\":\"fr-FR\"},{\"@type\":\"WebPage\",\"@id\":\"https:\\\/\\\/www.organisator.ch\\\/human-resources\\\/hrm\\\/2018-01-26\\\/mitarbeiterbindung-hat-oberste-prioritaet\\\/\",\"url\":\"https:\\\/\\\/www.organisator.ch\\\/human-resources\\\/hrm\\\/2018-01-26\\\/mitarbeiterbindung-hat-oberste-prioritaet\\\/\",\"name\":\"Mitarbeiterbindung hat oberste Priorit\u00e4t - Organisator\",\"isPartOf\":{\"@id\":\"https:\\\/\\\/www.organisator.ch\\\/#website\"},\"primaryImageOfPage\":{\"@id\":\"https:\\\/\\\/www.organisator.ch\\\/human-resources\\\/hrm\\\/2018-01-26\\\/mitarbeiterbindung-hat-oberste-prioritaet\\\/#primaryimage\"},\"image\":{\"@id\":\"https:\\\/\\\/www.organisator.ch\\\/human-resources\\\/hrm\\\/2018-01-26\\\/mitarbeiterbindung-hat-oberste-prioritaet\\\/#primaryimage\"},\"thumbnailUrl\":\"https:\\\/\\\/www.organisator.ch\\\/wp-content\\\/uploads\\\/2018\\\/01\\\/Mitarbeiterbindung-hat-oberste-Prioritaet_Organisator.jpg\",\"datePublished\":\"2018-01-26T07:16:52+00:00\",\"description\":\"Mitarbeiterbindung, flexible Arbeitsstrukturen und F\u00f6rderung der Besch\u00e4ftigungsf\u00e4higkeit \u2013 dies sind die Top-3-Themen aus Sicht des HR.\",\"breadcrumb\":{\"@id\":\"https:\\\/\\\/www.organisator.ch\\\/human-resources\\\/hrm\\\/2018-01-26\\\/mitarbeiterbindung-hat-oberste-prioritaet\\\/#breadcrumb\"},\"inLanguage\":\"fr-FR\",\"potentialAction\":[{\"@type\":\"ReadAction\",\"target\":[\"https:\\\/\\\/www.organisator.ch\\\/human-resources\\\/hrm\\\/2018-01-26\\\/mitarbeiterbindung-hat-oberste-prioritaet\\\/\"]}]},{\"@type\":\"ImageObject\",\"inLanguage\":\"fr-FR\",\"@id\":\"https:\\\/\\\/www.organisator.ch\\\/human-resources\\\/hrm\\\/2018-01-26\\\/mitarbeiterbindung-hat-oberste-prioritaet\\\/#primaryimage\",\"url\":\"https:\\\/\\\/www.organisator.ch\\\/wp-content\\\/uploads\\\/2018\\\/01\\\/Mitarbeiterbindung-hat-oberste-Prioritaet_Organisator.jpg\",\"contentUrl\":\"https:\\\/\\\/www.organisator.ch\\\/wp-content\\\/uploads\\\/2018\\\/01\\\/Mitarbeiterbindung-hat-oberste-Prioritaet_Organisator.jpg\",\"width\":480,\"height\":511,\"caption\":\"Der aktuellste HR-Report des Personaldienstleister Hays setzt agile Organisation auf den Pr\u00fcfstand. Demgegen\u00fcber hat Mitarbeiterbindung bei den HR-Spezialisten oberste Priorit\u00e4t. (Bild: Hays)\"},{\"@type\":\"BreadcrumbList\",\"@id\":\"https:\\\/\\\/www.organisator.ch\\\/human-resources\\\/hrm\\\/2018-01-26\\\/mitarbeiterbindung-hat-oberste-prioritaet\\\/#breadcrumb\",\"itemListElement\":[{\"@type\":\"ListItem\",\"position\":1,\"name\":\"Home\",\"item\":\"https:\\\/\\\/www.organisator.ch\\\/\"},{\"@type\":\"ListItem\",\"position\":2,\"name\":\"Mitarbeiterbindung hat oberste Priorit\u00e4t\"}]},{\"@type\":\"WebSite\",\"@id\":\"https:\\\/\\\/www.organisator.ch\\\/#website\",\"url\":\"https:\\\/\\\/www.organisator.ch\\\/\",\"name\":\"Organisator\",\"description\":\"Kompetent. Praxisnah. Der ORGANISATOR bereitet in 10 Ausgaben pro Jahr die wesentlichen Themen f\u00fcr F\u00fchrungskr\u00e4fte von KMU auf.\",\"publisher\":{\"@id\":\"https:\\\/\\\/www.organisator.ch\\\/#organization\"},\"potentialAction\":[{\"@type\":\"SearchAction\",\"target\":{\"@type\":\"EntryPoint\",\"urlTemplate\":\"https:\\\/\\\/www.organisator.ch\\\/?s={search_term_string}\"},\"query-input\":{\"@type\":\"PropertyValueSpecification\",\"valueRequired\":true,\"valueName\":\"search_term_string\"}}],\"inLanguage\":\"fr-FR\"},{\"@type\":\"Organization\",\"@id\":\"https:\\\/\\\/www.organisator.ch\\\/#organization\",\"name\":\"Organisator\",\"url\":\"https:\\\/\\\/www.organisator.ch\\\/\",\"logo\":{\"@type\":\"ImageObject\",\"inLanguage\":\"fr-FR\",\"@id\":\"https:\\\/\\\/www.organisator.ch\\\/#\\\/schema\\\/logo\\\/image\\\/\",\"url\":\"https:\\\/\\\/www.organisator.ch\\\/wp-content\\\/uploads\\\/2022\\\/01\\\/Logo_Organisator_Website.png\",\"contentUrl\":\"https:\\\/\\\/www.organisator.ch\\\/wp-content\\\/uploads\\\/2022\\\/01\\\/Logo_Organisator_Website.png\",\"width\":800,\"height\":77,\"caption\":\"Organisator\"},\"image\":{\"@id\":\"https:\\\/\\\/www.organisator.ch\\\/#\\\/schema\\\/logo\\\/image\\\/\"},\"sameAs\":[\"https:\\\/\\\/www.facebook.com\\\/OrganisatorFachmagazin\",\"https:\\\/\\\/www.linkedin.com\\\/showcase\\\/organisator-das-magazin-fr-kmu\",\"https:\\\/\\\/www.xing.com\\\/news\\\/pages\\\/organisator-ch-695\",\"https:\\\/\\\/www.youtube.com\\\/channel\\\/UCGP2Sq0iWaZwT3BdIAQFYpw\"]},{\"@type\":\"Person\",\"@id\":\"https:\\\/\\\/www.organisator.ch\\\/#\\\/schema\\\/person\\\/6f650f90b2842cd4c0cc334b4e36f67e\",\"name\":\"thomas.berner\",\"image\":{\"@type\":\"ImageObject\",\"inLanguage\":\"fr-FR\",\"@id\":\"https:\\\/\\\/secure.gravatar.com\\\/avatar\\\/ac5001d2a36cb6c6cd3e50789007ffca834b477b74a2144564522e944eabff61?s=96&d=mm&r=g\",\"url\":\"https:\\\/\\\/secure.gravatar.com\\\/avatar\\\/ac5001d2a36cb6c6cd3e50789007ffca834b477b74a2144564522e944eabff61?s=96&d=mm&r=g\",\"contentUrl\":\"https:\\\/\\\/secure.gravatar.com\\\/avatar\\\/ac5001d2a36cb6c6cd3e50789007ffca834b477b74a2144564522e944eabff61?s=96&d=mm&r=g\",\"caption\":\"thomas.berner\"},\"url\":\"https:\\\/\\\/www.organisator.ch\\\/fr\\\/author\\\/thomas-berner\\\/\"}]}<\/script>\n<!-- \/ Yoast SEO plugin. -->","yoast_head_json":{"title":"La fid\u00e9lisation du personnel est une priorit\u00e9 absolue - Organisateur","description":"Fid\u00e9lisation des collaborateurs, structures de travail flexibles et promotion de l'employabilit\u00e9 - voici les trois th\u00e8mes principaux du point de vue des RH.","robots":{"index":"index","follow":"follow","max-snippet":"max-snippet:-1","max-image-preview":"max-image-preview:large","max-video-preview":"max-video-preview:-1"},"canonical":"https:\/\/www.organisator.ch\/fr\/ressources-humaines\/hrm\/2018-01-26\/mitarbeiterbindung-hat-oberste-prioritaet\/","og_locale":"fr_FR","og_type":"article","og_title":"Mitarbeiterbindung hat oberste Priorit\u00e4t","og_description":"#Mitarbeiterbindung, flexible Arbeitsstrukturen und F\u00f6rderung der #Besch\u00e4ftigungsf\u00e4higkeit \u2013 dies sind die Top-3-Themen aus Sicht des #HR.","og_url":"https:\/\/www.organisator.ch\/fr\/ressources-humaines\/hrm\/2018-01-26\/mitarbeiterbindung-hat-oberste-prioritaet\/","og_site_name":"Organisator","article_publisher":"https:\/\/www.facebook.com\/OrganisatorFachmagazin","article_published_time":"2018-01-26T07:16:52+00:00","og_image":[{"width":480,"height":511,"url":"https:\/\/www.organisator.ch\/wp-content\/uploads\/2018\/01\/Mitarbeiterbindung-hat-oberste-Prioritaet_Organisator.jpg","type":"image\/jpeg"}],"author":"thomas.berner","twitter_card":"summary_large_image","twitter_title":"#Mitarbeiterbindung hat oberste Priorit\u00e4t","twitter_description":"#Mitarbeiterbindung, flexible Arbeitsstrukturen und F\u00f6rderung der Besch\u00e4ftigungsf\u00e4higkeit \u2013 dies sind die #Top-3-Themen aus Sicht des #HR.","twitter_image":"https:\/\/www.organisator.ch\/wp-content\/uploads\/2018\/01\/Mitarbeiterbindung-hat-oberste-Priorit\u00e4t_Organisator.jpg","schema":{"@context":"https:\/\/schema.org","@graph":[{"@type":"Article","@id":"https:\/\/www.organisator.ch\/human-resources\/hrm\/2018-01-26\/mitarbeiterbindung-hat-oberste-prioritaet\/#article","isPartOf":{"@id":"https:\/\/www.organisator.ch\/human-resources\/hrm\/2018-01-26\/mitarbeiterbindung-hat-oberste-prioritaet\/"},"author":{"name":"thomas.berner","@id":"https:\/\/www.organisator.ch\/#\/schema\/person\/6f650f90b2842cd4c0cc334b4e36f67e"},"headline":"Mitarbeiterbindung hat oberste Priorit\u00e4t","datePublished":"2018-01-26T07:16:52+00:00","mainEntityOfPage":{"@id":"https:\/\/www.organisator.ch\/human-resources\/hrm\/2018-01-26\/mitarbeiterbindung-hat-oberste-prioritaet\/"},"wordCount":463,"commentCount":0,"publisher":{"@id":"https:\/\/www.organisator.ch\/#organization"},"image":{"@id":"https:\/\/www.organisator.ch\/human-resources\/hrm\/2018-01-26\/mitarbeiterbindung-hat-oberste-prioritaet\/#primaryimage"},"thumbnailUrl":"https:\/\/www.organisator.ch\/wp-content\/uploads\/2018\/01\/Mitarbeiterbindung-hat-oberste-Prioritaet_Organisator.jpg","keywords":["Arbeitsplatzgestaltung","HRM","Karriere","Management und Unternehmensf\u00fchrung","Studie"],"articleSection":["HRM"],"inLanguage":"fr-FR"},{"@type":"WebPage","@id":"https:\/\/www.organisator.ch\/human-resources\/hrm\/2018-01-26\/mitarbeiterbindung-hat-oberste-prioritaet\/","url":"https:\/\/www.organisator.ch\/human-resources\/hrm\/2018-01-26\/mitarbeiterbindung-hat-oberste-prioritaet\/","name":"La fid\u00e9lisation du personnel est une priorit\u00e9 absolue - Organisateur","isPartOf":{"@id":"https:\/\/www.organisator.ch\/#website"},"primaryImageOfPage":{"@id":"https:\/\/www.organisator.ch\/human-resources\/hrm\/2018-01-26\/mitarbeiterbindung-hat-oberste-prioritaet\/#primaryimage"},"image":{"@id":"https:\/\/www.organisator.ch\/human-resources\/hrm\/2018-01-26\/mitarbeiterbindung-hat-oberste-prioritaet\/#primaryimage"},"thumbnailUrl":"https:\/\/www.organisator.ch\/wp-content\/uploads\/2018\/01\/Mitarbeiterbindung-hat-oberste-Prioritaet_Organisator.jpg","datePublished":"2018-01-26T07:16:52+00:00","description":"Fid\u00e9lisation des collaborateurs, structures de travail flexibles et promotion de l'employabilit\u00e9 - voici les trois th\u00e8mes principaux du point de vue des RH.","breadcrumb":{"@id":"https:\/\/www.organisator.ch\/human-resources\/hrm\/2018-01-26\/mitarbeiterbindung-hat-oberste-prioritaet\/#breadcrumb"},"inLanguage":"fr-FR","potentialAction":[{"@type":"ReadAction","target":["https:\/\/www.organisator.ch\/human-resources\/hrm\/2018-01-26\/mitarbeiterbindung-hat-oberste-prioritaet\/"]}]},{"@type":"ImageObject","inLanguage":"fr-FR","@id":"https:\/\/www.organisator.ch\/human-resources\/hrm\/2018-01-26\/mitarbeiterbindung-hat-oberste-prioritaet\/#primaryimage","url":"https:\/\/www.organisator.ch\/wp-content\/uploads\/2018\/01\/Mitarbeiterbindung-hat-oberste-Prioritaet_Organisator.jpg","contentUrl":"https:\/\/www.organisator.ch\/wp-content\/uploads\/2018\/01\/Mitarbeiterbindung-hat-oberste-Prioritaet_Organisator.jpg","width":480,"height":511,"caption":"Der aktuellste HR-Report des Personaldienstleister Hays setzt agile Organisation auf den Pr\u00fcfstand. Demgegen\u00fcber hat Mitarbeiterbindung bei den HR-Spezialisten oberste Priorit\u00e4t. (Bild: Hays)"},{"@type":"BreadcrumbList","@id":"https:\/\/www.organisator.ch\/human-resources\/hrm\/2018-01-26\/mitarbeiterbindung-hat-oberste-prioritaet\/#breadcrumb","itemListElement":[{"@type":"ListItem","position":1,"name":"Home","item":"https:\/\/www.organisator.ch\/"},{"@type":"ListItem","position":2,"name":"Mitarbeiterbindung hat oberste Priorit\u00e4t"}]},{"@type":"WebSite","@id":"https:\/\/www.organisator.ch\/#website","url":"https:\/\/www.organisator.ch\/","name":"Organisateur","description":"Comp\u00e9tence et comp\u00e9tence. Proches de la pratique. L'ORGANISATEUR pr\u00e9pare 10 num\u00e9ros par an sur les th\u00e8mes essentiels pour les dirigeants de PME.","publisher":{"@id":"https:\/\/www.organisator.ch\/#organization"},"potentialAction":[{"@type":"SearchAction","target":{"@type":"EntryPoint","urlTemplate":"https:\/\/www.organisator.ch\/?s={search_term_string}"},"query-input":{"@type":"PropertyValueSpecification","valueRequired":true,"valueName":"search_term_string"}}],"inLanguage":"fr-FR"},{"@type":"Organization","@id":"https:\/\/www.organisator.ch\/#organization","name":"Organisateur","url":"https:\/\/www.organisator.ch\/","logo":{"@type":"ImageObject","inLanguage":"fr-FR","@id":"https:\/\/www.organisator.ch\/#\/schema\/logo\/image\/","url":"https:\/\/www.organisator.ch\/wp-content\/uploads\/2022\/01\/Logo_Organisator_Website.png","contentUrl":"https:\/\/www.organisator.ch\/wp-content\/uploads\/2022\/01\/Logo_Organisator_Website.png","width":800,"height":77,"caption":"Organisator"},"image":{"@id":"https:\/\/www.organisator.ch\/#\/schema\/logo\/image\/"},"sameAs":["https:\/\/www.facebook.com\/OrganisatorFachmagazin","https:\/\/www.linkedin.com\/showcase\/organisator-das-magazin-fr-kmu","https:\/\/www.xing.com\/news\/pages\/organisator-ch-695","https:\/\/www.youtube.com\/channel\/UCGP2Sq0iWaZwT3BdIAQFYpw"]},{"@type":"Person","@id":"https:\/\/www.organisator.ch\/#\/schema\/person\/6f650f90b2842cd4c0cc334b4e36f67e","name":"thomas.berner","image":{"@type":"ImageObject","inLanguage":"fr-FR","@id":"https:\/\/secure.gravatar.com\/avatar\/ac5001d2a36cb6c6cd3e50789007ffca834b477b74a2144564522e944eabff61?s=96&d=mm&r=g","url":"https:\/\/secure.gravatar.com\/avatar\/ac5001d2a36cb6c6cd3e50789007ffca834b477b74a2144564522e944eabff61?s=96&d=mm&r=g","contentUrl":"https:\/\/secure.gravatar.com\/avatar\/ac5001d2a36cb6c6cd3e50789007ffca834b477b74a2144564522e944eabff61?s=96&d=mm&r=g","caption":"thomas.berner"},"url":"https:\/\/www.organisator.ch\/fr\/author\/thomas-berner\/"}]}},"_links":{"self":[{"href":"https:\/\/www.organisator.ch\/fr\/wp-json\/wp\/v2\/posts\/3050","targetHints":{"allow":["GET"]}}],"collection":[{"href":"https:\/\/www.organisator.ch\/fr\/wp-json\/wp\/v2\/posts"}],"about":[{"href":"https:\/\/www.organisator.ch\/fr\/wp-json\/wp\/v2\/types\/post"}],"author":[{"embeddable":true,"href":"https:\/\/www.organisator.ch\/fr\/wp-json\/wp\/v2\/users\/4"}],"replies":[{"embeddable":true,"href":"https:\/\/www.organisator.ch\/fr\/wp-json\/wp\/v2\/comments?post=3050"}],"version-history":[{"count":0,"href":"https:\/\/www.organisator.ch\/fr\/wp-json\/wp\/v2\/posts\/3050\/revisions"}],"wp:featuredmedia":[{"embeddable":true,"href":"https:\/\/www.organisator.ch\/fr\/wp-json\/wp\/v2\/media\/3052"}],"wp:attachment":[{"href":"https:\/\/www.organisator.ch\/fr\/wp-json\/wp\/v2\/media?parent=3050"}],"wp:term":[{"taxonomy":"category","embeddable":true,"href":"https:\/\/www.organisator.ch\/fr\/wp-json\/wp\/v2\/categories?post=3050"},{"taxonomy":"post_tag","embeddable":true,"href":"https:\/\/www.organisator.ch\/fr\/wp-json\/wp\/v2\/tags?post=3050"}],"curies":[{"name":"wp","href":"https:\/\/api.w.org\/{rel}","templated":true}]}}