{"id":3054,"date":"2018-01-29T08:42:29","date_gmt":"2018-01-29T07:42:29","guid":{"rendered":"https:\/\/www.organisator.ch\/?p=3054"},"modified":"2018-01-29T08:42:29","modified_gmt":"2018-01-29T07:42:29","slug":"was-donald-trump-entscheidet-hat-gemaess-economiesuisse-gewaltigen-einfluss-auf-die-schweizer-wirtschaft","status":"publish","type":"post","link":"https:\/\/www.organisator.ch\/fr\/allgemein\/2018-01-29\/was-donald-trump-entscheidet-hat-gemaess-economiesuisse-gewaltigen-einfluss-auf-die-schweizer-wirtschaft\/","title":{"rendered":"Selon economiesuisse, les d\u00e9cisions de Donald Trump ont une \"\u00e9norme influence\" sur l'\u00e9conomie suisse"},"content":{"rendered":"<figure id=\"attachment_367\" aria-describedby=\"caption-attachment-367\" style=\"width: 680px\" class=\"wp-caption alignnone\"><img loading=\"lazy\" decoding=\"async\" class=\"size-medium wp-image-367\" src=\"https:\/\/www.organisator.ch\/wp-content\/uploads\/2016\/12\/Gastkommentar-Doing-Business-In-America-organisator.jpg\" alt=\"\" width=\"680\" height=\"454\" srcset=\"https:\/\/www.organisator.ch\/wp-content\/uploads\/2016\/12\/Gastkommentar-Doing-Business-In-America-organisator.jpg 848w, https:\/\/www.organisator.ch\/wp-content\/uploads\/2016\/12\/Gastkommentar-Doing-Business-In-America-organisator-680x454.jpg 680w, https:\/\/www.organisator.ch\/wp-content\/uploads\/2016\/12\/Gastkommentar-Doing-Business-In-America-organisator-768x513.jpg 768w, https:\/\/www.organisator.ch\/wp-content\/uploads\/2016\/12\/Gastkommentar-Doing-Business-In-America-organisator-16x12.jpg 16w, https:\/\/www.organisator.ch\/wp-content\/uploads\/2016\/12\/Gastkommentar-Doing-Business-In-America-organisator-262x175.jpg 262w, https:\/\/www.organisator.ch\/wp-content\/uploads\/2016\/12\/Gastkommentar-Doing-Business-In-America-organisator-524x350.jpg 524w, https:\/\/www.organisator.ch\/wp-content\/uploads\/2016\/12\/Gastkommentar-Doing-Business-In-America-organisator-300x200.jpg 300w\" sizes=\"auto, (max-width: 680px) 100vw, 680px\" \/><figcaption id=\"caption-attachment-367\" class=\"wp-caption-text\">\"Atout\" Donald Trump : ouvre-t-il la voie \u00e0 un accord de libre-\u00e9change am\u00e9ricano-suisse ? (Image : Alisa - Fotolia.com)<\/figcaption><\/figure>\n<p>Le fait que Donald Trump ait affirm\u00e9 au pr\u00e9sident de la Conf\u00e9d\u00e9ration Alain Berset, lors du WEF, vouloir collaborer plus \u00e9troitement avec la Suisse \u00e0 l'avenir, est consid\u00e9r\u00e9 par economiesuisse comme un \"signal r\u00e9jouissant\". En effet, il est \u00e9vident que les d\u00e9cisions du pr\u00e9sident am\u00e9ricain auront une grande influence sur les entreprises suisses, \u00e9crivent Jan Atteslander, responsable du commerce ext\u00e9rieur, et Marc Engelhard dans un <a href=\"http:\/\/www.economiesuisse.ch\/de\/artikel\/5-gruende-warum-die-usa-so-wichtig-fuer-die-schweiz-sind?utm_source=economiesuisse+sign+up&amp;utm_campaign=c279c5fee5-29052017_Newsletter_DE&amp;utm_medium=email&amp;utm_term=0_90b8869e8e-c279c5fee5-94363333\">Article<\/a> sur le site web de l'association fa\u00eeti\u00e8re de l'\u00e9conomie. En se basant sur les chiffres de la statistique des exportations de l'Administration f\u00e9d\u00e9rale des douanes, les auteurs citent cinq raisons pour lesquelles les Etats-Unis sont si importants pour la Suisse. En effet, derri\u00e8re l'Allemagne et ses 88 milliards de francs de volume commercial, les Etats-Unis occupent la deuxi\u00e8me place avec 46 milliards. Il faut \u00e9galement tenir compte de l'important exc\u00e9dent commercial : Celui-ci s'\u00e9l\u00e8ve \u00e0 17 milliards de francs et n'est plus \u00e9lev\u00e9 chez aucun autre partenaire commercial.<\/p>\n<h2>Raison 1 : \"Fabriqu\u00e9 en Suisse<\/h2>\n<p>La premi\u00e8re raison pour laquelle les Etats-Unis sont si importants pour la Suisse est la valeur ajout\u00e9e export\u00e9e. En effet, les statistiques douani\u00e8res ne renseignent que sur les chiffres bruts. Toutes les prestations pr\u00e9alables et les pi\u00e8ces d\u00e9tach\u00e9es achet\u00e9es par les entreprises suisses \u00e0 l'\u00e9tranger sont \u00e9galement comprises dans ces chiffres. L'OCDE recense r\u00e9guli\u00e8rement les chiffres relatifs \u00e0 la valeur ajout\u00e9e effectivement export\u00e9e. Celle-ci s'\u00e9l\u00e8ve \u00e0 34 milliards de dollars am\u00e9ricains pour les \u00c9tats-Unis, soit 13 pour cent de la valeur ajout\u00e9e totale export\u00e9e par la Suisse. Seule l'Allemagne vend encore plus de qualit\u00e9 suisse. Aux yeux d'economiesuisse, le \"Made in Switzerland\" continue donc de faire recette aux Etats-Unis.<\/p>\n<h2>Raison 2 : les \u00c9tats-Unis, un client de choix pour les services<\/h2>\n<p>La croissance du secteur des services est un fait. Mais economiesuisse passe quelque peu sous silence les co\u00fbts de cette croissance. En effet, il ne faut pas oublier que le secteur industriel suisse est globalement en recul. Les exportations de services repr\u00e9sentent d\u00e9sormais un tiers du total. Selon la Banque nationale suisse, les prestataires de services suisses r\u00e9alisent environ 33 milliards de francs de chiffre d'affaires aux \u00c9tats-Unis dans les services (sans le tourisme). Les \u00c9tats-Unis sont donc le principal partenaire commercial dans ce secteur. A titre de comparaison, les entreprises suisses de services r\u00e9alisent un chiffre d'affaires de 12 milliards de francs avec l'Allemagne.<\/p>\n<h2><strong>Raison 3 : d\u00e9sir de libre-\u00e9change<\/strong><\/h2>\n<p>La majeure partie des entreprises importatrices et exportatrices sont des PME. Certaines d'entre elles sont leaders du march\u00e9 mondial dans leur domaine. Lorsqu'on demande aux PME avec quel pays la Suisse devrait entretenir de meilleures relations commerciales, elles r\u00e9pondent le plus souvent : les Etats-Unis. Le choc du franc a probablement renforc\u00e9 le souhait d'un accord de libre-\u00e9change avec les Etats-Unis. Selon les PME suisses, le fait qu'il n'existe pas d'accord de ce type entre la Suisse et les Etats-Unis est une \"grande n\u00e9gligence\", selon economiesuisse.<\/p>\n<h2><strong>Raison 4 : les \u00c9tats-Unis en tant qu'investisseur<\/strong><\/h2>\n<p>Donald Trump devrait se r\u00e9jouir : de nombreuses entreprises suisses investissent d\u00e9j\u00e0 aux Etats-Unis. Selon la BNS, les capitaux d\u00e9tenus aux Etats-Unis s'\u00e9l\u00e8vent \u00e0 234 milliards de francs. Inversement, les Etats-Unis investissent massivement en Suisse : ils sont le troisi\u00e8me plus important investisseur direct, derri\u00e8re le Luxembourg et les Pays-Bas. Il est donc clair, selon economiesuisse, que toutes les mesures prises par Donald Trump en mati\u00e8re de fiscalit\u00e9 et d'investissement auront un impact direct sur la place \u00e9conomique suisse.<\/p>\n<h2>Raison 5 : Encore beaucoup de potentiel<\/h2>\n<p>Selon economiesuisse, les Etats-Unis offrent aux entreprises suisses la possibilit\u00e9 de r\u00e9aliser d'\u00e9normes b\u00e9n\u00e9fices commerciaux. A cet \u00e9gard, le march\u00e9 am\u00e9ricain est comparable \u00e0 celui de l'UE. Les chiffres actuels du commerce indiquent toutefois qu'il est possible de faire beaucoup mieux. Pour economiesuisse, il est donc r\u00e9jouissant que Donald Trump ait confirm\u00e9 au pr\u00e9sident de la Conf\u00e9d\u00e9ration Alain Berset sa volont\u00e9 de collaborer plus \u00e9troitement avec notre pays. Selon economiesuisse, les deux parties profiteraient d'un accord de libre-\u00e9change, si l'on se r\u00e9f\u00e8re aux chiffres cit\u00e9s ici.<\/p>\n<p>Plus d'informations : <a href=\"http:\/\/www.economiesuisse.ch\/de\/publikationen\/aussenwirtschaftsstrategie-der-schweiz-forderungen-der-wirtschaft\">Prise de position d'economiesuisse<\/a><\/p>\n<div class=\"col-sm-4 col-centered\"><\/div>","protected":false},"excerpt":{"rendered":"<p>Dass Donald Trump hat am WEF gegen\u00fcber Bundespr\u00e4sident Alain Berset bekr\u00e4ftigt hat, k\u00fcnftig enger mit der Schweiz zusammenarbeiten zu wollen, wertet economiesuisse als &#8222;erfreuliches Signal&#8220;. Denn es sei offensichtlich, dass die Entscheidungen des US-Pr\u00e4sidenten einen grossen Einfluss auf Schweizer Unternehmen haben werden, schreiben Jan Atteslander, Leiter Aussenwirtschaft, und Marc Engelhard in einem Artikel auf der [&hellip;]<\/p>\n","protected":false},"author":4,"featured_media":367,"comment_status":"open","ping_status":"open","sticky":false,"template":"","format":"standard","meta":{"_acf_changed":false,"_yoast_wpseo_focuskw":"Donald Trump","_yoast_wpseo_metadesc":"Am diesj\u00e4hrigen WEF in Davos waren alle Augen auf US-Pr\u00e4sident Donald Trump gerichtet. In einem Gespr\u00e4ch mit Bundespr\u00e4sident Alain Berset wurden die guten Beziehungen zwischen der Schweiz und den USA betont.","articlekey":"","footnotes":""},"categories":[1],"tags":[63,503,508,531],"class_list":["post-3054","post","type-post","status-publish","format-standard","has-post-thumbnail","hentry","category-allgemein","tag-aussenwirtschaft","tag-verbaende","tag-vermischtes","tag-wirtschaftspolitik"],"acf":[],"yoast_head":"<!-- This site is optimized with the Yoast SEO plugin v27.4 - https:\/\/yoast.com\/product\/yoast-seo-wordpress\/ -->\n<title>Was Donald Trump entscheidet, hat gem\u00e4ss economiesuisse &quot;gewaltigen Einfluss&quot; auf die Schweizer Wirtschaft - Organisator<\/title>\n<meta name=\"description\" content=\"Am diesj\u00e4hrigen WEF in Davos waren alle Augen auf US-Pr\u00e4sident Donald Trump gerichtet. In einem Gespr\u00e4ch mit Bundespr\u00e4sident Alain Berset wurden die guten Beziehungen zwischen der Schweiz und den USA betont.\" \/>\n<meta name=\"robots\" content=\"index, follow, max-snippet:-1, max-image-preview:large, max-video-preview:-1\" \/>\n<link rel=\"canonical\" href=\"https:\/\/www.organisator.ch\/fr\/general\/2018-01-29\/was-donald-trump-entscheidet-hat-gemaess-economiesuisse-gewaltigen-einfluss-auf-die-schweizer-wirtschaft\/\" \/>\n<meta property=\"og:locale\" content=\"fr_FR\" \/>\n<meta property=\"og:type\" content=\"article\" \/>\n<meta property=\"og:title\" content=\"Was Donald Trump entscheidet, hat gem\u00e4ss economiesuisse &quot;gewaltigen Einfluss&quot; auf die Schweizer Wirtschaft\" \/>\n<meta property=\"og:description\" content=\"Am diesj\u00e4hrigen #WEF in Davos waren alle Augen auf US-Pr\u00e4sident Donald #Trump gerichtet. In einem Gespr\u00e4ch mit Bundespr\u00e4sident Alain #Berset wurden die guten Beziehungen zwischen der Schweiz und den #USA betont.\" \/>\n<meta property=\"og:url\" content=\"https:\/\/www.organisator.ch\/fr\/general\/2018-01-29\/was-donald-trump-entscheidet-hat-gemaess-economiesuisse-gewaltigen-einfluss-auf-die-schweizer-wirtschaft\/\" \/>\n<meta property=\"og:site_name\" content=\"Organisator\" \/>\n<meta property=\"article:publisher\" content=\"https:\/\/www.facebook.com\/OrganisatorFachmagazin\" \/>\n<meta property=\"article:published_time\" content=\"2018-01-29T07:42:29+00:00\" \/>\n<meta property=\"og:image\" content=\"https:\/\/www.organisator.ch\/wp-content\/uploads\/2016\/12\/Gastkommentar-Doing-Business-In-America-organisator.jpg\" \/>\n\t<meta property=\"og:image:width\" content=\"848\" \/>\n\t<meta property=\"og:image:height\" content=\"566\" \/>\n\t<meta property=\"og:image:type\" content=\"image\/jpeg\" \/>\n<meta name=\"author\" content=\"thomas.berner\" \/>\n<meta name=\"twitter:card\" content=\"summary_large_image\" \/>\n<meta name=\"twitter:title\" content=\"Was Donald #Trump entscheidet, hat gem\u00e4ss #economiesuisse &quot;gewaltigen Einfluss&quot; auf die Schweizer Wirtschaft\" \/>\n<meta name=\"twitter:description\" content=\"Am diesj\u00e4hrigen #WEF in Davos waren alle Augen auf US-Pr\u00e4sident Donald #Trump gerichtet. In einem Gespr\u00e4ch mit Bundespr\u00e4sident Alain #Berset wurden die guten Beziehungen zwischen der Schweiz und den #USA betont.\" \/>\n<meta name=\"twitter:image\" content=\"https:\/\/www.organisator.ch\/wp-content\/uploads\/2016\/12\/Gastkommentar-Doing-Business-In-America-organisator.jpg\" \/>\n<script type=\"application\/ld+json\" class=\"yoast-schema-graph\">{\"@context\":\"https:\\\/\\\/schema.org\",\"@graph\":[{\"@type\":\"Article\",\"@id\":\"https:\\\/\\\/www.organisator.ch\\\/de\\\/allgemein\\\/2018-01-29\\\/was-donald-trump-entscheidet-hat-gemaess-economiesuisse-gewaltigen-einfluss-auf-die-schweizer-wirtschaft\\\/#article\",\"isPartOf\":{\"@id\":\"https:\\\/\\\/www.organisator.ch\\\/de\\\/allgemein\\\/2018-01-29\\\/was-donald-trump-entscheidet-hat-gemaess-economiesuisse-gewaltigen-einfluss-auf-die-schweizer-wirtschaft\\\/\"},\"author\":{\"name\":\"thomas.berner\",\"@id\":\"https:\\\/\\\/www.organisator.ch\\\/#\\\/schema\\\/person\\\/6f650f90b2842cd4c0cc334b4e36f67e\"},\"headline\":\"Was Donald Trump entscheidet, hat gem\u00e4ss economiesuisse &#8222;gewaltigen Einfluss&#8220; auf die Schweizer Wirtschaft\",\"datePublished\":\"2018-01-29T07:42:29+00:00\",\"mainEntityOfPage\":{\"@id\":\"https:\\\/\\\/www.organisator.ch\\\/de\\\/allgemein\\\/2018-01-29\\\/was-donald-trump-entscheidet-hat-gemaess-economiesuisse-gewaltigen-einfluss-auf-die-schweizer-wirtschaft\\\/\"},\"wordCount\":635,\"commentCount\":0,\"publisher\":{\"@id\":\"https:\\\/\\\/www.organisator.ch\\\/#organization\"},\"image\":{\"@id\":\"https:\\\/\\\/www.organisator.ch\\\/de\\\/allgemein\\\/2018-01-29\\\/was-donald-trump-entscheidet-hat-gemaess-economiesuisse-gewaltigen-einfluss-auf-die-schweizer-wirtschaft\\\/#primaryimage\"},\"thumbnailUrl\":\"https:\\\/\\\/www.organisator.ch\\\/wp-content\\\/uploads\\\/2016\\\/12\\\/Gastkommentar-Doing-Business-In-America-organisator.jpg\",\"keywords\":[\"Aussenwirtschaft\",\"Verb\u00e4nde\",\"Vermischtes\",\"Wirtschaftspolitik\"],\"articleSection\":[\"Allgemein\"],\"inLanguage\":\"fr-FR\"},{\"@type\":\"WebPage\",\"@id\":\"https:\\\/\\\/www.organisator.ch\\\/de\\\/allgemein\\\/2018-01-29\\\/was-donald-trump-entscheidet-hat-gemaess-economiesuisse-gewaltigen-einfluss-auf-die-schweizer-wirtschaft\\\/\",\"url\":\"https:\\\/\\\/www.organisator.ch\\\/de\\\/allgemein\\\/2018-01-29\\\/was-donald-trump-entscheidet-hat-gemaess-economiesuisse-gewaltigen-einfluss-auf-die-schweizer-wirtschaft\\\/\",\"name\":\"Was Donald Trump entscheidet, hat gem\u00e4ss economiesuisse \\\"gewaltigen Einfluss\\\" auf die Schweizer Wirtschaft - Organisator\",\"isPartOf\":{\"@id\":\"https:\\\/\\\/www.organisator.ch\\\/#website\"},\"primaryImageOfPage\":{\"@id\":\"https:\\\/\\\/www.organisator.ch\\\/de\\\/allgemein\\\/2018-01-29\\\/was-donald-trump-entscheidet-hat-gemaess-economiesuisse-gewaltigen-einfluss-auf-die-schweizer-wirtschaft\\\/#primaryimage\"},\"image\":{\"@id\":\"https:\\\/\\\/www.organisator.ch\\\/de\\\/allgemein\\\/2018-01-29\\\/was-donald-trump-entscheidet-hat-gemaess-economiesuisse-gewaltigen-einfluss-auf-die-schweizer-wirtschaft\\\/#primaryimage\"},\"thumbnailUrl\":\"https:\\\/\\\/www.organisator.ch\\\/wp-content\\\/uploads\\\/2016\\\/12\\\/Gastkommentar-Doing-Business-In-America-organisator.jpg\",\"datePublished\":\"2018-01-29T07:42:29+00:00\",\"description\":\"Am diesj\u00e4hrigen WEF in Davos waren alle Augen auf US-Pr\u00e4sident Donald Trump gerichtet. In einem Gespr\u00e4ch mit Bundespr\u00e4sident Alain Berset wurden die guten Beziehungen zwischen der Schweiz und den USA betont.\",\"breadcrumb\":{\"@id\":\"https:\\\/\\\/www.organisator.ch\\\/de\\\/allgemein\\\/2018-01-29\\\/was-donald-trump-entscheidet-hat-gemaess-economiesuisse-gewaltigen-einfluss-auf-die-schweizer-wirtschaft\\\/#breadcrumb\"},\"inLanguage\":\"fr-FR\",\"potentialAction\":[{\"@type\":\"ReadAction\",\"target\":[\"https:\\\/\\\/www.organisator.ch\\\/de\\\/allgemein\\\/2018-01-29\\\/was-donald-trump-entscheidet-hat-gemaess-economiesuisse-gewaltigen-einfluss-auf-die-schweizer-wirtschaft\\\/\"]}]},{\"@type\":\"ImageObject\",\"inLanguage\":\"fr-FR\",\"@id\":\"https:\\\/\\\/www.organisator.ch\\\/de\\\/allgemein\\\/2018-01-29\\\/was-donald-trump-entscheidet-hat-gemaess-economiesuisse-gewaltigen-einfluss-auf-die-schweizer-wirtschaft\\\/#primaryimage\",\"url\":\"https:\\\/\\\/www.organisator.ch\\\/wp-content\\\/uploads\\\/2016\\\/12\\\/Gastkommentar-Doing-Business-In-America-organisator.jpg\",\"contentUrl\":\"https:\\\/\\\/www.organisator.ch\\\/wp-content\\\/uploads\\\/2016\\\/12\\\/Gastkommentar-Doing-Business-In-America-organisator.jpg\",\"width\":848,\"height\":566,\"caption\":\"\\\"Trumpf\\\" Donald Trump: Ist er Wegbereiter f\u00fcr ein schweizerisch-amerikanisches Freihandelsabkommen? (Bild: Alisa - Fotolia.com)\"},{\"@type\":\"BreadcrumbList\",\"@id\":\"https:\\\/\\\/www.organisator.ch\\\/de\\\/allgemein\\\/2018-01-29\\\/was-donald-trump-entscheidet-hat-gemaess-economiesuisse-gewaltigen-einfluss-auf-die-schweizer-wirtschaft\\\/#breadcrumb\",\"itemListElement\":[{\"@type\":\"ListItem\",\"position\":1,\"name\":\"Home\",\"item\":\"https:\\\/\\\/www.organisator.ch\\\/\"},{\"@type\":\"ListItem\",\"position\":2,\"name\":\"Was Donald Trump entscheidet, hat gem\u00e4ss economiesuisse &#8222;gewaltigen Einfluss&#8220; auf die Schweizer Wirtschaft\"}]},{\"@type\":\"WebSite\",\"@id\":\"https:\\\/\\\/www.organisator.ch\\\/#website\",\"url\":\"https:\\\/\\\/www.organisator.ch\\\/\",\"name\":\"Organisator\",\"description\":\"Kompetent. Praxisnah. Der ORGANISATOR bereitet in 10 Ausgaben pro Jahr die wesentlichen Themen f\u00fcr F\u00fchrungskr\u00e4fte von KMU auf.\",\"publisher\":{\"@id\":\"https:\\\/\\\/www.organisator.ch\\\/#organization\"},\"potentialAction\":[{\"@type\":\"SearchAction\",\"target\":{\"@type\":\"EntryPoint\",\"urlTemplate\":\"https:\\\/\\\/www.organisator.ch\\\/?s={search_term_string}\"},\"query-input\":{\"@type\":\"PropertyValueSpecification\",\"valueRequired\":true,\"valueName\":\"search_term_string\"}}],\"inLanguage\":\"fr-FR\"},{\"@type\":\"Organization\",\"@id\":\"https:\\\/\\\/www.organisator.ch\\\/#organization\",\"name\":\"Organisator\",\"url\":\"https:\\\/\\\/www.organisator.ch\\\/\",\"logo\":{\"@type\":\"ImageObject\",\"inLanguage\":\"fr-FR\",\"@id\":\"https:\\\/\\\/www.organisator.ch\\\/#\\\/schema\\\/logo\\\/image\\\/\",\"url\":\"https:\\\/\\\/www.organisator.ch\\\/wp-content\\\/uploads\\\/2022\\\/01\\\/Logo_Organisator_Website.png\",\"contentUrl\":\"https:\\\/\\\/www.organisator.ch\\\/wp-content\\\/uploads\\\/2022\\\/01\\\/Logo_Organisator_Website.png\",\"width\":800,\"height\":77,\"caption\":\"Organisator\"},\"image\":{\"@id\":\"https:\\\/\\\/www.organisator.ch\\\/#\\\/schema\\\/logo\\\/image\\\/\"},\"sameAs\":[\"https:\\\/\\\/www.facebook.com\\\/OrganisatorFachmagazin\",\"https:\\\/\\\/www.linkedin.com\\\/showcase\\\/organisator-das-magazin-fr-kmu\",\"https:\\\/\\\/www.xing.com\\\/news\\\/pages\\\/organisator-ch-695\",\"https:\\\/\\\/www.youtube.com\\\/channel\\\/UCGP2Sq0iWaZwT3BdIAQFYpw\"]},{\"@type\":\"Person\",\"@id\":\"https:\\\/\\\/www.organisator.ch\\\/#\\\/schema\\\/person\\\/6f650f90b2842cd4c0cc334b4e36f67e\",\"name\":\"thomas.berner\",\"image\":{\"@type\":\"ImageObject\",\"inLanguage\":\"fr-FR\",\"@id\":\"https:\\\/\\\/secure.gravatar.com\\\/avatar\\\/ac5001d2a36cb6c6cd3e50789007ffca834b477b74a2144564522e944eabff61?s=96&d=mm&r=g\",\"url\":\"https:\\\/\\\/secure.gravatar.com\\\/avatar\\\/ac5001d2a36cb6c6cd3e50789007ffca834b477b74a2144564522e944eabff61?s=96&d=mm&r=g\",\"contentUrl\":\"https:\\\/\\\/secure.gravatar.com\\\/avatar\\\/ac5001d2a36cb6c6cd3e50789007ffca834b477b74a2144564522e944eabff61?s=96&d=mm&r=g\",\"caption\":\"thomas.berner\"},\"url\":\"https:\\\/\\\/www.organisator.ch\\\/fr\\\/author\\\/thomas-berner\\\/\"}]}<\/script>\n<!-- \/ Yoast SEO plugin. -->","yoast_head_json":{"title":"Selon economiesuisse, ce que Donald Trump d\u00e9cidera aura une \"influence \u00e9norme\" sur l'\u00e9conomie suisse - Organisateur","description":"Cette ann\u00e9e, au WEF de Davos, tous les regards \u00e9taient tourn\u00e9s vers le pr\u00e9sident am\u00e9ricain Donald Trump. Lors d'un entretien avec le pr\u00e9sident de la Conf\u00e9d\u00e9ration Alain Berset, les bonnes relations entre la Suisse et les Etats-Unis ont \u00e9t\u00e9 soulign\u00e9es.","robots":{"index":"index","follow":"follow","max-snippet":"max-snippet:-1","max-image-preview":"max-image-preview:large","max-video-preview":"max-video-preview:-1"},"canonical":"https:\/\/www.organisator.ch\/fr\/general\/2018-01-29\/was-donald-trump-entscheidet-hat-gemaess-economiesuisse-gewaltigen-einfluss-auf-die-schweizer-wirtschaft\/","og_locale":"fr_FR","og_type":"article","og_title":"Was Donald Trump entscheidet, hat gem\u00e4ss economiesuisse \"gewaltigen Einfluss\" auf die Schweizer Wirtschaft","og_description":"Am diesj\u00e4hrigen #WEF in Davos waren alle Augen auf US-Pr\u00e4sident Donald #Trump gerichtet. In einem Gespr\u00e4ch mit Bundespr\u00e4sident Alain #Berset wurden die guten Beziehungen zwischen der Schweiz und den #USA betont.","og_url":"https:\/\/www.organisator.ch\/fr\/general\/2018-01-29\/was-donald-trump-entscheidet-hat-gemaess-economiesuisse-gewaltigen-einfluss-auf-die-schweizer-wirtschaft\/","og_site_name":"Organisator","article_publisher":"https:\/\/www.facebook.com\/OrganisatorFachmagazin","article_published_time":"2018-01-29T07:42:29+00:00","og_image":[{"width":848,"height":566,"url":"https:\/\/www.organisator.ch\/wp-content\/uploads\/2016\/12\/Gastkommentar-Doing-Business-In-America-organisator.jpg","type":"image\/jpeg"}],"author":"thomas.berner","twitter_card":"summary_large_image","twitter_title":"Was Donald #Trump entscheidet, hat gem\u00e4ss #economiesuisse \"gewaltigen Einfluss\" auf die Schweizer Wirtschaft","twitter_description":"Am diesj\u00e4hrigen #WEF in Davos waren alle Augen auf US-Pr\u00e4sident Donald #Trump gerichtet. In einem Gespr\u00e4ch mit Bundespr\u00e4sident Alain #Berset wurden die guten Beziehungen zwischen der Schweiz und den #USA betont.","twitter_image":"https:\/\/www.organisator.ch\/wp-content\/uploads\/2016\/12\/Gastkommentar-Doing-Business-In-America-organisator.jpg","schema":{"@context":"https:\/\/schema.org","@graph":[{"@type":"Article","@id":"https:\/\/www.organisator.ch\/de\/allgemein\/2018-01-29\/was-donald-trump-entscheidet-hat-gemaess-economiesuisse-gewaltigen-einfluss-auf-die-schweizer-wirtschaft\/#article","isPartOf":{"@id":"https:\/\/www.organisator.ch\/de\/allgemein\/2018-01-29\/was-donald-trump-entscheidet-hat-gemaess-economiesuisse-gewaltigen-einfluss-auf-die-schweizer-wirtschaft\/"},"author":{"name":"thomas.berner","@id":"https:\/\/www.organisator.ch\/#\/schema\/person\/6f650f90b2842cd4c0cc334b4e36f67e"},"headline":"Was Donald Trump entscheidet, hat gem\u00e4ss economiesuisse &#8222;gewaltigen Einfluss&#8220; auf die Schweizer Wirtschaft","datePublished":"2018-01-29T07:42:29+00:00","mainEntityOfPage":{"@id":"https:\/\/www.organisator.ch\/de\/allgemein\/2018-01-29\/was-donald-trump-entscheidet-hat-gemaess-economiesuisse-gewaltigen-einfluss-auf-die-schweizer-wirtschaft\/"},"wordCount":635,"commentCount":0,"publisher":{"@id":"https:\/\/www.organisator.ch\/#organization"},"image":{"@id":"https:\/\/www.organisator.ch\/de\/allgemein\/2018-01-29\/was-donald-trump-entscheidet-hat-gemaess-economiesuisse-gewaltigen-einfluss-auf-die-schweizer-wirtschaft\/#primaryimage"},"thumbnailUrl":"https:\/\/www.organisator.ch\/wp-content\/uploads\/2016\/12\/Gastkommentar-Doing-Business-In-America-organisator.jpg","keywords":["Aussenwirtschaft","Verb\u00e4nde","Vermischtes","Wirtschaftspolitik"],"articleSection":["Allgemein"],"inLanguage":"fr-FR"},{"@type":"WebPage","@id":"https:\/\/www.organisator.ch\/de\/allgemein\/2018-01-29\/was-donald-trump-entscheidet-hat-gemaess-economiesuisse-gewaltigen-einfluss-auf-die-schweizer-wirtschaft\/","url":"https:\/\/www.organisator.ch\/de\/allgemein\/2018-01-29\/was-donald-trump-entscheidet-hat-gemaess-economiesuisse-gewaltigen-einfluss-auf-die-schweizer-wirtschaft\/","name":"Selon economiesuisse, ce que Donald Trump d\u00e9cidera aura une \"influence \u00e9norme\" sur l'\u00e9conomie suisse - Organisateur","isPartOf":{"@id":"https:\/\/www.organisator.ch\/#website"},"primaryImageOfPage":{"@id":"https:\/\/www.organisator.ch\/de\/allgemein\/2018-01-29\/was-donald-trump-entscheidet-hat-gemaess-economiesuisse-gewaltigen-einfluss-auf-die-schweizer-wirtschaft\/#primaryimage"},"image":{"@id":"https:\/\/www.organisator.ch\/de\/allgemein\/2018-01-29\/was-donald-trump-entscheidet-hat-gemaess-economiesuisse-gewaltigen-einfluss-auf-die-schweizer-wirtschaft\/#primaryimage"},"thumbnailUrl":"https:\/\/www.organisator.ch\/wp-content\/uploads\/2016\/12\/Gastkommentar-Doing-Business-In-America-organisator.jpg","datePublished":"2018-01-29T07:42:29+00:00","description":"Cette ann\u00e9e, au WEF de Davos, tous les regards \u00e9taient tourn\u00e9s vers le pr\u00e9sident am\u00e9ricain Donald Trump. Lors d'un entretien avec le pr\u00e9sident de la Conf\u00e9d\u00e9ration Alain Berset, les bonnes relations entre la Suisse et les Etats-Unis ont \u00e9t\u00e9 soulign\u00e9es.","breadcrumb":{"@id":"https:\/\/www.organisator.ch\/de\/allgemein\/2018-01-29\/was-donald-trump-entscheidet-hat-gemaess-economiesuisse-gewaltigen-einfluss-auf-die-schweizer-wirtschaft\/#breadcrumb"},"inLanguage":"fr-FR","potentialAction":[{"@type":"ReadAction","target":["https:\/\/www.organisator.ch\/de\/allgemein\/2018-01-29\/was-donald-trump-entscheidet-hat-gemaess-economiesuisse-gewaltigen-einfluss-auf-die-schweizer-wirtschaft\/"]}]},{"@type":"ImageObject","inLanguage":"fr-FR","@id":"https:\/\/www.organisator.ch\/de\/allgemein\/2018-01-29\/was-donald-trump-entscheidet-hat-gemaess-economiesuisse-gewaltigen-einfluss-auf-die-schweizer-wirtschaft\/#primaryimage","url":"https:\/\/www.organisator.ch\/wp-content\/uploads\/2016\/12\/Gastkommentar-Doing-Business-In-America-organisator.jpg","contentUrl":"https:\/\/www.organisator.ch\/wp-content\/uploads\/2016\/12\/Gastkommentar-Doing-Business-In-America-organisator.jpg","width":848,"height":566,"caption":"\"Trumpf\" Donald Trump: Ist er Wegbereiter f\u00fcr ein schweizerisch-amerikanisches Freihandelsabkommen? (Bild: Alisa - Fotolia.com)"},{"@type":"BreadcrumbList","@id":"https:\/\/www.organisator.ch\/de\/allgemein\/2018-01-29\/was-donald-trump-entscheidet-hat-gemaess-economiesuisse-gewaltigen-einfluss-auf-die-schweizer-wirtschaft\/#breadcrumb","itemListElement":[{"@type":"ListItem","position":1,"name":"Home","item":"https:\/\/www.organisator.ch\/"},{"@type":"ListItem","position":2,"name":"Was Donald Trump entscheidet, hat gem\u00e4ss economiesuisse &#8222;gewaltigen Einfluss&#8220; auf die Schweizer Wirtschaft"}]},{"@type":"WebSite","@id":"https:\/\/www.organisator.ch\/#website","url":"https:\/\/www.organisator.ch\/","name":"Organisateur","description":"Comp\u00e9tence et comp\u00e9tence. Proches de la pratique. L'ORGANISATEUR pr\u00e9pare 10 num\u00e9ros par an sur les th\u00e8mes essentiels pour les dirigeants de PME.","publisher":{"@id":"https:\/\/www.organisator.ch\/#organization"},"potentialAction":[{"@type":"SearchAction","target":{"@type":"EntryPoint","urlTemplate":"https:\/\/www.organisator.ch\/?s={search_term_string}"},"query-input":{"@type":"PropertyValueSpecification","valueRequired":true,"valueName":"search_term_string"}}],"inLanguage":"fr-FR"},{"@type":"Organization","@id":"https:\/\/www.organisator.ch\/#organization","name":"Organisateur","url":"https:\/\/www.organisator.ch\/","logo":{"@type":"ImageObject","inLanguage":"fr-FR","@id":"https:\/\/www.organisator.ch\/#\/schema\/logo\/image\/","url":"https:\/\/www.organisator.ch\/wp-content\/uploads\/2022\/01\/Logo_Organisator_Website.png","contentUrl":"https:\/\/www.organisator.ch\/wp-content\/uploads\/2022\/01\/Logo_Organisator_Website.png","width":800,"height":77,"caption":"Organisator"},"image":{"@id":"https:\/\/www.organisator.ch\/#\/schema\/logo\/image\/"},"sameAs":["https:\/\/www.facebook.com\/OrganisatorFachmagazin","https:\/\/www.linkedin.com\/showcase\/organisator-das-magazin-fr-kmu","https:\/\/www.xing.com\/news\/pages\/organisator-ch-695","https:\/\/www.youtube.com\/channel\/UCGP2Sq0iWaZwT3BdIAQFYpw"]},{"@type":"Person","@id":"https:\/\/www.organisator.ch\/#\/schema\/person\/6f650f90b2842cd4c0cc334b4e36f67e","name":"thomas.berner","image":{"@type":"ImageObject","inLanguage":"fr-FR","@id":"https:\/\/secure.gravatar.com\/avatar\/ac5001d2a36cb6c6cd3e50789007ffca834b477b74a2144564522e944eabff61?s=96&d=mm&r=g","url":"https:\/\/secure.gravatar.com\/avatar\/ac5001d2a36cb6c6cd3e50789007ffca834b477b74a2144564522e944eabff61?s=96&d=mm&r=g","contentUrl":"https:\/\/secure.gravatar.com\/avatar\/ac5001d2a36cb6c6cd3e50789007ffca834b477b74a2144564522e944eabff61?s=96&d=mm&r=g","caption":"thomas.berner"},"url":"https:\/\/www.organisator.ch\/fr\/author\/thomas-berner\/"}]}},"_links":{"self":[{"href":"https:\/\/www.organisator.ch\/fr\/wp-json\/wp\/v2\/posts\/3054","targetHints":{"allow":["GET"]}}],"collection":[{"href":"https:\/\/www.organisator.ch\/fr\/wp-json\/wp\/v2\/posts"}],"about":[{"href":"https:\/\/www.organisator.ch\/fr\/wp-json\/wp\/v2\/types\/post"}],"author":[{"embeddable":true,"href":"https:\/\/www.organisator.ch\/fr\/wp-json\/wp\/v2\/users\/4"}],"replies":[{"embeddable":true,"href":"https:\/\/www.organisator.ch\/fr\/wp-json\/wp\/v2\/comments?post=3054"}],"version-history":[{"count":0,"href":"https:\/\/www.organisator.ch\/fr\/wp-json\/wp\/v2\/posts\/3054\/revisions"}],"wp:featuredmedia":[{"embeddable":true,"href":"https:\/\/www.organisator.ch\/fr\/wp-json\/wp\/v2\/media\/367"}],"wp:attachment":[{"href":"https:\/\/www.organisator.ch\/fr\/wp-json\/wp\/v2\/media?parent=3054"}],"wp:term":[{"taxonomy":"category","embeddable":true,"href":"https:\/\/www.organisator.ch\/fr\/wp-json\/wp\/v2\/categories?post=3054"},{"taxonomy":"post_tag","embeddable":true,"href":"https:\/\/www.organisator.ch\/fr\/wp-json\/wp\/v2\/tags?post=3054"}],"curies":[{"name":"wp","href":"https:\/\/api.w.org\/{rel}","templated":true}]}}