{"id":30547,"date":"2024-10-09T11:16:30","date_gmt":"2024-10-09T09:16:30","guid":{"rendered":"https:\/\/www.markt-kom.com\/?p=224804"},"modified":"2024-11-07T17:01:02","modified_gmt":"2024-11-07T16:01:02","slug":"prix-courage-menschen-die-mut-machen","status":"publish","type":"post","link":"https:\/\/www.organisator.ch\/fr\/marketing\/2024-10-09\/prix-courage-menschen-die-mut-machen\/","title":{"rendered":"Prix Courage : des personnes qui donnent du courage"},"content":{"rendered":"<div>\r\n<figure id=\"attachment_224805\" class=\"wp-caption alignnone\" style=\"width: 1300px\" aria-describedby=\"caption-attachment-224805\"><img class=\"alignnone wp-image-224805 size-full\" src=\"https:\/\/www.markt-kom.com\/wp-content\/uploads\/2024\/10\/PC_Nominationen_2024-scaled.jpg\" alt=\"Prix Courage \" width=\"1300\" height=\"732\" \/>\r\n<figcaption id=\"caption-attachment-224805\" class=\"wp-caption-text\">Les nomin\u00e9s du Prix Courage 2024. Photo : zVg. Ringier.<\/figcaption>\r\n<\/figure>\r\n<\/div>\r\n<div>\u00a0<\/div>\r\n<div>Le vote du public se d\u00e9roulera jusqu'au 18 octobre 2024, date \u00e0 laquelle les trois nominations ayant obtenu le plus de voix seront soumises au jury pr\u00e9sid\u00e9 par l'ancienne conseill\u00e8re f\u00e9d\u00e9rale Eveline Widmer-Schlumpf. Ce comit\u00e9 d\u00e9cidera qui recevra le Prix Courage 2024. Le 21 novembre, le prix sera remis \u00e0 la gagnante ou au gagnant \u00e0 la Papiersaal de Zurich. Tous les candidats et candidates - ainsi que des informations d\u00e9taill\u00e9es sur leur biographie et leurs activit\u00e9s - peuvent \u00eatre consult\u00e9s ici.<a href=\"https:\/\/www.beobachter.ch\/gesellschaft\/uberzeugungen\/menschen-die-mut-machen-742985\" rel=\"noopener\"> sont disponibles en ligne.<\/a><\/div>","protected":false},"excerpt":{"rendered":"<p>Le Beobachter d\u00e9cerne chaque ann\u00e9e le Prix Courage \u00e0 des personnes inspirantes qui impressionnent par leurs actions d\u00e9sint\u00e9ress\u00e9es, intr\u00e9pides et courageuses : Cinq candidatures sont d\u00e9sormais en lice.<\/p>","protected":false},"author":8,"featured_media":0,"comment_status":"closed","ping_status":"closed","sticky":false,"template":"","format":"standard","meta":{"_acf_changed":false,"_yoast_wpseo_focuskw":"Prix Courage","_yoast_wpseo_metadesc":"Publikumsvoting f\u00fcr Prix Courage 2024 l\u00e4uft bis 18. Oktober. Preisverleihung im Papiersaal Z\u00fcrich am 21. November.","articlekey":"","footnotes":""},"categories":[29],"tags":[66,4598,2794,1280,1677,4599,4600,4601],"class_list":["post-30547","post","type-post","status-publish","format-standard","hentry","category-marketing","tag-awards","tag-beobachter","tag-engagement","tag-gesellschaft","tag-medien","tag-prix-courage","tag-ringier","tag-zivilcourage"],"acf":[],"yoast_head":"<!-- This site is optimized with the Yoast SEO plugin v27.4 - https:\/\/yoast.com\/product\/yoast-seo-wordpress\/ -->\n<title>Prix Courage: Menschen, die Mut machen - Organisator<\/title>\n<meta name=\"description\" content=\"Publikumsvoting f\u00fcr Prix Courage 2024 l\u00e4uft bis 18. Oktober. Preisverleihung im Papiersaal Z\u00fcrich am 21. November.\" \/>\n<meta name=\"robots\" content=\"index, follow, max-snippet:-1, max-image-preview:large, max-video-preview:-1\" \/>\n<link rel=\"canonical\" href=\"https:\/\/www.organisator.ch\/fr\/marketing\/2024-10-09\/prix-courage-menschen-die-mut-machen\/\" \/>\n<meta property=\"og:locale\" content=\"fr_FR\" \/>\n<meta property=\"og:type\" content=\"article\" \/>\n<meta property=\"og:title\" content=\"Prix Courage: Menschen, die Mut machen - Organisator\" \/>\n<meta property=\"og:description\" content=\"Publikumsvoting f\u00fcr Prix Courage 2024 l\u00e4uft bis 18. Oktober. Preisverleihung im Papiersaal Z\u00fcrich am 21. November.\" \/>\n<meta property=\"og:url\" content=\"https:\/\/www.organisator.ch\/fr\/marketing\/2024-10-09\/prix-courage-menschen-die-mut-machen\/\" \/>\n<meta property=\"og:site_name\" content=\"Organisator\" \/>\n<meta property=\"article:publisher\" content=\"https:\/\/www.facebook.com\/OrganisatorFachmagazin\" \/>\n<meta property=\"article:published_time\" content=\"2024-10-09T09:16:30+00:00\" \/>\n<meta property=\"article:modified_time\" content=\"2024-11-07T16:01:02+00:00\" \/>\n<meta property=\"og:image\" content=\"https:\/\/www.markt-kom.com\/wp-content\/uploads\/2024\/10\/PC_Nominationen_2024-scaled.jpg\" \/>\n<meta name=\"author\" content=\"galledia\" \/>\n<meta name=\"twitter:card\" content=\"summary_large_image\" \/>\n<meta name=\"twitter:creator\" content=\"@admin\" \/>\n<script type=\"application\/ld+json\" class=\"yoast-schema-graph\">{\"@context\":\"https:\\\/\\\/schema.org\",\"@graph\":[{\"@type\":\"Article\",\"@id\":\"https:\\\/\\\/www.organisator.ch\\\/marketing\\\/2024-10-09\\\/prix-courage-menschen-die-mut-machen\\\/#article\",\"isPartOf\":{\"@id\":\"https:\\\/\\\/www.organisator.ch\\\/marketing\\\/2024-10-09\\\/prix-courage-menschen-die-mut-machen\\\/\"},\"author\":{\"name\":\"galledia\",\"@id\":\"https:\\\/\\\/www.organisator.ch\\\/#\\\/schema\\\/person\\\/4e51799071cd2dd1232ac003643ef5f0\"},\"headline\":\"Prix Courage: Menschen, die Mut machen\",\"datePublished\":\"2024-10-09T09:16:30+00:00\",\"dateModified\":\"2024-11-07T16:01:02+00:00\",\"mainEntityOfPage\":{\"@id\":\"https:\\\/\\\/www.organisator.ch\\\/marketing\\\/2024-10-09\\\/prix-courage-menschen-die-mut-machen\\\/\"},\"wordCount\":86,\"publisher\":{\"@id\":\"https:\\\/\\\/www.organisator.ch\\\/#organization\"},\"image\":{\"@id\":\"https:\\\/\\\/www.organisator.ch\\\/marketing\\\/2024-10-09\\\/prix-courage-menschen-die-mut-machen\\\/#primaryimage\"},\"thumbnailUrl\":\"https:\\\/\\\/www.markt-kom.com\\\/wp-content\\\/uploads\\\/2024\\\/10\\\/PC_Nominationen_2024-scaled.jpg\",\"keywords\":[\"Awards\",\"Beobachter\",\"Engagement\",\"Gesellschaft\",\"Medien\",\"Prix Courage\",\"Ringier\",\"Zivilcourage\"],\"articleSection\":[\"MARKETING\"],\"inLanguage\":\"fr-FR\"},{\"@type\":\"WebPage\",\"@id\":\"https:\\\/\\\/www.organisator.ch\\\/marketing\\\/2024-10-09\\\/prix-courage-menschen-die-mut-machen\\\/\",\"url\":\"https:\\\/\\\/www.organisator.ch\\\/marketing\\\/2024-10-09\\\/prix-courage-menschen-die-mut-machen\\\/\",\"name\":\"Prix Courage: Menschen, die Mut machen - Organisator\",\"isPartOf\":{\"@id\":\"https:\\\/\\\/www.organisator.ch\\\/#website\"},\"primaryImageOfPage\":{\"@id\":\"https:\\\/\\\/www.organisator.ch\\\/marketing\\\/2024-10-09\\\/prix-courage-menschen-die-mut-machen\\\/#primaryimage\"},\"image\":{\"@id\":\"https:\\\/\\\/www.organisator.ch\\\/marketing\\\/2024-10-09\\\/prix-courage-menschen-die-mut-machen\\\/#primaryimage\"},\"thumbnailUrl\":\"https:\\\/\\\/www.markt-kom.com\\\/wp-content\\\/uploads\\\/2024\\\/10\\\/PC_Nominationen_2024-scaled.jpg\",\"datePublished\":\"2024-10-09T09:16:30+00:00\",\"dateModified\":\"2024-11-07T16:01:02+00:00\",\"description\":\"Publikumsvoting f\u00fcr Prix Courage 2024 l\u00e4uft bis 18. Oktober. Preisverleihung im Papiersaal Z\u00fcrich am 21. November.\",\"breadcrumb\":{\"@id\":\"https:\\\/\\\/www.organisator.ch\\\/marketing\\\/2024-10-09\\\/prix-courage-menschen-die-mut-machen\\\/#breadcrumb\"},\"inLanguage\":\"fr-FR\",\"potentialAction\":[{\"@type\":\"ReadAction\",\"target\":[\"https:\\\/\\\/www.organisator.ch\\\/marketing\\\/2024-10-09\\\/prix-courage-menschen-die-mut-machen\\\/\"]}]},{\"@type\":\"ImageObject\",\"inLanguage\":\"fr-FR\",\"@id\":\"https:\\\/\\\/www.organisator.ch\\\/marketing\\\/2024-10-09\\\/prix-courage-menschen-die-mut-machen\\\/#primaryimage\",\"url\":\"https:\\\/\\\/www.markt-kom.com\\\/wp-content\\\/uploads\\\/2024\\\/10\\\/PC_Nominationen_2024-scaled.jpg\",\"contentUrl\":\"https:\\\/\\\/www.markt-kom.com\\\/wp-content\\\/uploads\\\/2024\\\/10\\\/PC_Nominationen_2024-scaled.jpg\"},{\"@type\":\"BreadcrumbList\",\"@id\":\"https:\\\/\\\/www.organisator.ch\\\/marketing\\\/2024-10-09\\\/prix-courage-menschen-die-mut-machen\\\/#breadcrumb\",\"itemListElement\":[{\"@type\":\"ListItem\",\"position\":1,\"name\":\"Home\",\"item\":\"https:\\\/\\\/www.organisator.ch\\\/\"},{\"@type\":\"ListItem\",\"position\":2,\"name\":\"Prix Courage: Menschen, die Mut machen\"}]},{\"@type\":\"WebSite\",\"@id\":\"https:\\\/\\\/www.organisator.ch\\\/#website\",\"url\":\"https:\\\/\\\/www.organisator.ch\\\/\",\"name\":\"Organisator\",\"description\":\"Kompetent. Praxisnah. Der ORGANISATOR bereitet in 10 Ausgaben pro Jahr die wesentlichen Themen f\u00fcr F\u00fchrungskr\u00e4fte von KMU auf.\",\"publisher\":{\"@id\":\"https:\\\/\\\/www.organisator.ch\\\/#organization\"},\"potentialAction\":[{\"@type\":\"SearchAction\",\"target\":{\"@type\":\"EntryPoint\",\"urlTemplate\":\"https:\\\/\\\/www.organisator.ch\\\/?s={search_term_string}\"},\"query-input\":{\"@type\":\"PropertyValueSpecification\",\"valueRequired\":true,\"valueName\":\"search_term_string\"}}],\"inLanguage\":\"fr-FR\"},{\"@type\":\"Organization\",\"@id\":\"https:\\\/\\\/www.organisator.ch\\\/#organization\",\"name\":\"Organisator\",\"url\":\"https:\\\/\\\/www.organisator.ch\\\/\",\"logo\":{\"@type\":\"ImageObject\",\"inLanguage\":\"fr-FR\",\"@id\":\"https:\\\/\\\/www.organisator.ch\\\/#\\\/schema\\\/logo\\\/image\\\/\",\"url\":\"https:\\\/\\\/www.organisator.ch\\\/wp-content\\\/uploads\\\/2022\\\/01\\\/Logo_Organisator_Website.png\",\"contentUrl\":\"https:\\\/\\\/www.organisator.ch\\\/wp-content\\\/uploads\\\/2022\\\/01\\\/Logo_Organisator_Website.png\",\"width\":800,\"height\":77,\"caption\":\"Organisator\"},\"image\":{\"@id\":\"https:\\\/\\\/www.organisator.ch\\\/#\\\/schema\\\/logo\\\/image\\\/\"},\"sameAs\":[\"https:\\\/\\\/www.facebook.com\\\/OrganisatorFachmagazin\",\"https:\\\/\\\/www.linkedin.com\\\/showcase\\\/organisator-das-magazin-fr-kmu\",\"https:\\\/\\\/www.xing.com\\\/news\\\/pages\\\/organisator-ch-695\",\"https:\\\/\\\/www.youtube.com\\\/channel\\\/UCGP2Sq0iWaZwT3BdIAQFYpw\"]},{\"@type\":\"Person\",\"@id\":\"https:\\\/\\\/www.organisator.ch\\\/#\\\/schema\\\/person\\\/4e51799071cd2dd1232ac003643ef5f0\",\"name\":\"galledia\",\"image\":{\"@type\":\"ImageObject\",\"inLanguage\":\"fr-FR\",\"@id\":\"https:\\\/\\\/secure.gravatar.com\\\/avatar\\\/78a7f90c01fc2bfc875782a0d4922b37cde2cf184ce347b91316d23cd7f69a36?s=96&d=mm&r=g\",\"url\":\"https:\\\/\\\/secure.gravatar.com\\\/avatar\\\/78a7f90c01fc2bfc875782a0d4922b37cde2cf184ce347b91316d23cd7f69a36?s=96&d=mm&r=g\",\"contentUrl\":\"https:\\\/\\\/secure.gravatar.com\\\/avatar\\\/78a7f90c01fc2bfc875782a0d4922b37cde2cf184ce347b91316d23cd7f69a36?s=96&d=mm&r=g\",\"caption\":\"galledia\"},\"sameAs\":[\"https:\\\/\\\/x.com\\\/admin\"],\"url\":\"https:\\\/\\\/www.organisator.ch\\\/fr\\\/author\\\/galledia\\\/\"}]}<\/script>\n<!-- \/ Yoast SEO plugin. -->","yoast_head_json":{"title":"Prix Courage : des gens qui font preuve de courage - Organisateur","description":"Le vote du public pour le Prix Courage 2024 est ouvert jusqu'au 18 octobre. Remise des prix au Papiersaal de Zurich le 21 novembre.","robots":{"index":"index","follow":"follow","max-snippet":"max-snippet:-1","max-image-preview":"max-image-preview:large","max-video-preview":"max-video-preview:-1"},"canonical":"https:\/\/www.organisator.ch\/fr\/marketing\/2024-10-09\/prix-courage-menschen-die-mut-machen\/","og_locale":"fr_FR","og_type":"article","og_title":"Prix Courage: Menschen, die Mut machen - Organisator","og_description":"Publikumsvoting f\u00fcr Prix Courage 2024 l\u00e4uft bis 18. Oktober. Preisverleihung im Papiersaal Z\u00fcrich am 21. November.","og_url":"https:\/\/www.organisator.ch\/fr\/marketing\/2024-10-09\/prix-courage-menschen-die-mut-machen\/","og_site_name":"Organisator","article_publisher":"https:\/\/www.facebook.com\/OrganisatorFachmagazin","article_published_time":"2024-10-09T09:16:30+00:00","article_modified_time":"2024-11-07T16:01:02+00:00","og_image":[{"url":"https:\/\/www.markt-kom.com\/wp-content\/uploads\/2024\/10\/PC_Nominationen_2024-scaled.jpg","type":"","width":"","height":""}],"author":"galledia","twitter_card":"summary_large_image","twitter_creator":"@admin","schema":{"@context":"https:\/\/schema.org","@graph":[{"@type":"Article","@id":"https:\/\/www.organisator.ch\/marketing\/2024-10-09\/prix-courage-menschen-die-mut-machen\/#article","isPartOf":{"@id":"https:\/\/www.organisator.ch\/marketing\/2024-10-09\/prix-courage-menschen-die-mut-machen\/"},"author":{"name":"galledia","@id":"https:\/\/www.organisator.ch\/#\/schema\/person\/4e51799071cd2dd1232ac003643ef5f0"},"headline":"Prix Courage: Menschen, die Mut machen","datePublished":"2024-10-09T09:16:30+00:00","dateModified":"2024-11-07T16:01:02+00:00","mainEntityOfPage":{"@id":"https:\/\/www.organisator.ch\/marketing\/2024-10-09\/prix-courage-menschen-die-mut-machen\/"},"wordCount":86,"publisher":{"@id":"https:\/\/www.organisator.ch\/#organization"},"image":{"@id":"https:\/\/www.organisator.ch\/marketing\/2024-10-09\/prix-courage-menschen-die-mut-machen\/#primaryimage"},"thumbnailUrl":"https:\/\/www.markt-kom.com\/wp-content\/uploads\/2024\/10\/PC_Nominationen_2024-scaled.jpg","keywords":["Awards","Beobachter","Engagement","Gesellschaft","Medien","Prix Courage","Ringier","Zivilcourage"],"articleSection":["MARKETING"],"inLanguage":"fr-FR"},{"@type":"WebPage","@id":"https:\/\/www.organisator.ch\/marketing\/2024-10-09\/prix-courage-menschen-die-mut-machen\/","url":"https:\/\/www.organisator.ch\/marketing\/2024-10-09\/prix-courage-menschen-die-mut-machen\/","name":"Prix Courage : des gens qui font preuve de courage - Organisateur","isPartOf":{"@id":"https:\/\/www.organisator.ch\/#website"},"primaryImageOfPage":{"@id":"https:\/\/www.organisator.ch\/marketing\/2024-10-09\/prix-courage-menschen-die-mut-machen\/#primaryimage"},"image":{"@id":"https:\/\/www.organisator.ch\/marketing\/2024-10-09\/prix-courage-menschen-die-mut-machen\/#primaryimage"},"thumbnailUrl":"https:\/\/www.markt-kom.com\/wp-content\/uploads\/2024\/10\/PC_Nominationen_2024-scaled.jpg","datePublished":"2024-10-09T09:16:30+00:00","dateModified":"2024-11-07T16:01:02+00:00","description":"Le vote du public pour le Prix Courage 2024 est ouvert jusqu'au 18 octobre. Remise des prix au Papiersaal de Zurich le 21 novembre.","breadcrumb":{"@id":"https:\/\/www.organisator.ch\/marketing\/2024-10-09\/prix-courage-menschen-die-mut-machen\/#breadcrumb"},"inLanguage":"fr-FR","potentialAction":[{"@type":"ReadAction","target":["https:\/\/www.organisator.ch\/marketing\/2024-10-09\/prix-courage-menschen-die-mut-machen\/"]}]},{"@type":"ImageObject","inLanguage":"fr-FR","@id":"https:\/\/www.organisator.ch\/marketing\/2024-10-09\/prix-courage-menschen-die-mut-machen\/#primaryimage","url":"https:\/\/www.markt-kom.com\/wp-content\/uploads\/2024\/10\/PC_Nominationen_2024-scaled.jpg","contentUrl":"https:\/\/www.markt-kom.com\/wp-content\/uploads\/2024\/10\/PC_Nominationen_2024-scaled.jpg"},{"@type":"BreadcrumbList","@id":"https:\/\/www.organisator.ch\/marketing\/2024-10-09\/prix-courage-menschen-die-mut-machen\/#breadcrumb","itemListElement":[{"@type":"ListItem","position":1,"name":"Home","item":"https:\/\/www.organisator.ch\/"},{"@type":"ListItem","position":2,"name":"Prix Courage: Menschen, die Mut machen"}]},{"@type":"WebSite","@id":"https:\/\/www.organisator.ch\/#website","url":"https:\/\/www.organisator.ch\/","name":"Organisateur","description":"Comp\u00e9tence et comp\u00e9tence. Proches de la pratique. L'ORGANISATEUR pr\u00e9pare 10 num\u00e9ros par an sur les th\u00e8mes essentiels pour les dirigeants de PME.","publisher":{"@id":"https:\/\/www.organisator.ch\/#organization"},"potentialAction":[{"@type":"SearchAction","target":{"@type":"EntryPoint","urlTemplate":"https:\/\/www.organisator.ch\/?s={search_term_string}"},"query-input":{"@type":"PropertyValueSpecification","valueRequired":true,"valueName":"search_term_string"}}],"inLanguage":"fr-FR"},{"@type":"Organization","@id":"https:\/\/www.organisator.ch\/#organization","name":"Organisateur","url":"https:\/\/www.organisator.ch\/","logo":{"@type":"ImageObject","inLanguage":"fr-FR","@id":"https:\/\/www.organisator.ch\/#\/schema\/logo\/image\/","url":"https:\/\/www.organisator.ch\/wp-content\/uploads\/2022\/01\/Logo_Organisator_Website.png","contentUrl":"https:\/\/www.organisator.ch\/wp-content\/uploads\/2022\/01\/Logo_Organisator_Website.png","width":800,"height":77,"caption":"Organisator"},"image":{"@id":"https:\/\/www.organisator.ch\/#\/schema\/logo\/image\/"},"sameAs":["https:\/\/www.facebook.com\/OrganisatorFachmagazin","https:\/\/www.linkedin.com\/showcase\/organisator-das-magazin-fr-kmu","https:\/\/www.xing.com\/news\/pages\/organisator-ch-695","https:\/\/www.youtube.com\/channel\/UCGP2Sq0iWaZwT3BdIAQFYpw"]},{"@type":"Person","@id":"https:\/\/www.organisator.ch\/#\/schema\/person\/4e51799071cd2dd1232ac003643ef5f0","name":"galledia","image":{"@type":"ImageObject","inLanguage":"fr-FR","@id":"https:\/\/secure.gravatar.com\/avatar\/78a7f90c01fc2bfc875782a0d4922b37cde2cf184ce347b91316d23cd7f69a36?s=96&d=mm&r=g","url":"https:\/\/secure.gravatar.com\/avatar\/78a7f90c01fc2bfc875782a0d4922b37cde2cf184ce347b91316d23cd7f69a36?s=96&d=mm&r=g","contentUrl":"https:\/\/secure.gravatar.com\/avatar\/78a7f90c01fc2bfc875782a0d4922b37cde2cf184ce347b91316d23cd7f69a36?s=96&d=mm&r=g","caption":"galledia"},"sameAs":["https:\/\/x.com\/admin"],"url":"https:\/\/www.organisator.ch\/fr\/author\/galledia\/"}]}},"_links":{"self":[{"href":"https:\/\/www.organisator.ch\/fr\/wp-json\/wp\/v2\/posts\/30547","targetHints":{"allow":["GET"]}}],"collection":[{"href":"https:\/\/www.organisator.ch\/fr\/wp-json\/wp\/v2\/posts"}],"about":[{"href":"https:\/\/www.organisator.ch\/fr\/wp-json\/wp\/v2\/types\/post"}],"author":[{"embeddable":true,"href":"https:\/\/www.organisator.ch\/fr\/wp-json\/wp\/v2\/users\/8"}],"replies":[{"embeddable":true,"href":"https:\/\/www.organisator.ch\/fr\/wp-json\/wp\/v2\/comments?post=30547"}],"version-history":[{"count":4,"href":"https:\/\/www.organisator.ch\/fr\/wp-json\/wp\/v2\/posts\/30547\/revisions"}],"predecessor-version":[{"id":31804,"href":"https:\/\/www.organisator.ch\/fr\/wp-json\/wp\/v2\/posts\/30547\/revisions\/31804"}],"wp:attachment":[{"href":"https:\/\/www.organisator.ch\/fr\/wp-json\/wp\/v2\/media?parent=30547"}],"wp:term":[{"taxonomy":"category","embeddable":true,"href":"https:\/\/www.organisator.ch\/fr\/wp-json\/wp\/v2\/categories?post=30547"},{"taxonomy":"post_tag","embeddable":true,"href":"https:\/\/www.organisator.ch\/fr\/wp-json\/wp\/v2\/tags?post=30547"}],"curies":[{"name":"wp","href":"https:\/\/api.w.org\/{rel}","templated":true}]}}