{"id":30570,"date":"2024-10-10T07:00:14","date_gmt":"2024-10-10T05:00:14","guid":{"rendered":"https:\/\/www.m-q.ch\/?p=20530"},"modified":"2024-11-07T16:52:16","modified_gmt":"2024-11-07T15:52:16","slug":"sonepar-uebernimmt-ehs-switzerland","status":"publish","type":"post","link":"https:\/\/www.organisator.ch\/fr\/operational-excellence\/2024-10-10\/sonepar-uebernimmt-ehs-switzerland\/","title":{"rendered":"Sonepar rach\u00e8te EHS Switzerland"},"content":{"rendered":"<figure id=\"attachment_20531\" class=\"wp-caption alignnone\" style=\"width: 680px\" aria-describedby=\"caption-attachment-20531\"><img class=\"alignnone wp-image-20531 size-full\" src=\"https:\/\/www.m-q.ch\/wp-content\/uploads\/2024\/10\/Bild1_ps.jpg\" alt=\"Sonepar rach\u00e8te EHS Switzerland\" width=\"680\" height=\"520\" \/>\r\n<figcaption id=\"caption-attachment-20531\" class=\"wp-caption-text\">De gauche \u00e0 droite : Niklas Nathmann (responsable des projets strat\u00e9giques, Sonepar Suisse SA) , David von Ow (directeur, Sonepar Suisse SA), Ronald Grolimund (directeur et ancien propri\u00e9taire EHS Switzerland SA), Philipp Walden (ancien propri\u00e9taire EHS Switzerland SA), Marco Saggionetto (responsable des ventes et du marketing, Sonepar Suisse SA) et Franziska Iglesias (responsable des finances et de la comptabilit\u00e9, Sonepar Suisse SA). (Image : www.sonepar.ch)<\/figcaption>\r\n<\/figure>\r\n<p>EHS Switzerland AG, dont le si\u00e8ge est \u00e0 Hitzkirch, Lucerne, et ses 17 collaborateurs sont depuis plus de 60 ans un fournisseur leader de composants \u00e9lectriques et de solutions de haute qualit\u00e9 pour l'automatisation industrielle. Outre l'accent mis sur la qualit\u00e9 et la fiabilit\u00e9, l'entreprise propose une large gamme de produits et de services pour diff\u00e9rents secteurs industriels.<\/p>\r\n<p>Ronald Grolimund, l'un des deux anciens propri\u00e9taires d'EHS Switzerland AG, continuera \u00e0 faire avancer l'entreprise en tant que directeur. En collaboration avec Sonepar, le portefeuille sera \u00e9largi et le savoir-faire approfondi. La combinaison des forces des deux entreprises cr\u00e9era des synergies et augmentera encore la force d'innovation.<\/p>\r\n<p>David von Ow, directeur g\u00e9n\u00e9ral de Sonepar en Suisse, explique : \"L'acquisition d'EHS Switzerland AG est une \u00e9tape importante dans notre strat\u00e9gie de croissance. EHS Switzerland s'est forg\u00e9 une excellente r\u00e9putation en mati\u00e8re de qualit\u00e9 et d'innovation, et nous sommes ravis de pouvoir profiter de ce savoir-faire. Ensemble, nous serons en mesure d'offrir \u00e0 nos clients des solutions encore plus compl\u00e8tes et innovantes\".<\/p>\r\n<p>Ronald Grolimund, directeur g\u00e9n\u00e9ral d'EHS Switzerland AG, d\u00e9clare : \"Nous sommes tr\u00e8s heureux de faire partie de Sonepar. Ce partenariat va nous permettre d'\u00e9tendre notre pr\u00e9sence sur le march\u00e9 et d'offrir \u00e0 nos clients des solutions encore plus performantes\".<\/p>\r\n<p><em>Source : <a href=\"http:\/\/www.somepar.ch\/\">www.somepar.ch<\/a><\/em><\/p>\n<p class=\"syndicated-attribution\">Cet article est paru initialement sur m-q.ch - <a href=\"https:\/\/www.m-q.ch\/de\/sonepar-uebernimmt-ehs-switzerland\/\" target=\"_blank\">https:\/\/www.m-q.ch\/de\/sonepar-uebernimmt-ehs-switzerland\/<\/a><\/p>","protected":false},"excerpt":{"rendered":"<p>Sonepar Suisse SA a le plaisir d'annoncer l'acquisition de EHS Switzerland AG. Cette acquisition strat\u00e9gique renforce la position de Sonepar comme l'un des principaux grossistes en mat\u00e9riel \u00e9lectrique et \u00e9largit son profil dans le domaine de l'automatisation industrielle.<\/p>","protected":false},"author":80,"featured_media":0,"comment_status":"closed","ping_status":"closed","sticky":false,"template":"","format":"standard","meta":{"_acf_changed":false,"_yoast_wpseo_focuskw":"Sonepar \u00fcbernimmt EHS Switzerland","_yoast_wpseo_metadesc":"Sonepar \u00fcbernimmt EHS Switzerland AG. Partnerschaft st\u00e4rkt Marktpr\u00e4senz und erweitert Portfolio f\u00fcr innovative L\u00f6sungen.","articlekey":"","footnotes":""},"categories":[582],"tags":[4605,4606,2636,605,424,492],"class_list":["post-30570","post","type-post","status-publish","format-standard","hentry","category-operational-excellence","tag-elektrogrosshaendler","tag-geschaeftsuebernahme","tag-industrieautomation","tag-qualitaetsmanagement","tag-schweiz","tag-unternehmen"],"acf":[],"yoast_head":"<!-- This site is optimized with the Yoast SEO plugin v27.4 - https:\/\/yoast.com\/product\/yoast-seo-wordpress\/ -->\n<title>Sonepar \u00fcbernimmt EHS Switzerland - Organisator<\/title>\n<meta name=\"description\" content=\"Sonepar \u00fcbernimmt EHS Switzerland AG. Partnerschaft st\u00e4rkt Marktpr\u00e4senz und erweitert Portfolio f\u00fcr innovative L\u00f6sungen.\" \/>\n<meta name=\"robots\" content=\"index, follow, max-snippet:-1, max-image-preview:large, max-video-preview:-1\" \/>\n<link rel=\"canonical\" href=\"https:\/\/www.organisator.ch\/fr\/excellence-operationnelle\/2024-10-10\/sonepar-uebernimmt-ehs-switzerland\/\" \/>\n<meta property=\"og:locale\" content=\"fr_FR\" \/>\n<meta property=\"og:type\" content=\"article\" \/>\n<meta property=\"og:title\" content=\"Sonepar \u00fcbernimmt EHS Switzerland - Organisator\" \/>\n<meta property=\"og:description\" content=\"Sonepar \u00fcbernimmt EHS Switzerland AG. Partnerschaft st\u00e4rkt Marktpr\u00e4senz und erweitert Portfolio f\u00fcr innovative L\u00f6sungen.\" \/>\n<meta property=\"og:url\" content=\"https:\/\/www.organisator.ch\/fr\/excellence-operationnelle\/2024-10-10\/sonepar-uebernimmt-ehs-switzerland\/\" \/>\n<meta property=\"og:site_name\" content=\"Organisator\" \/>\n<meta property=\"article:publisher\" content=\"https:\/\/www.facebook.com\/OrganisatorFachmagazin\" \/>\n<meta property=\"article:published_time\" content=\"2024-10-10T05:00:14+00:00\" \/>\n<meta property=\"article:modified_time\" content=\"2024-11-07T15:52:16+00:00\" \/>\n<meta property=\"og:image\" content=\"https:\/\/www.m-q.ch\/wp-content\/uploads\/2024\/10\/Bild1_ps.jpg\" \/>\n<meta name=\"author\" content=\"Dzana Muminovic\" \/>\n<meta name=\"twitter:card\" content=\"summary_large_image\" \/>\n<script type=\"application\/ld+json\" class=\"yoast-schema-graph\">{\"@context\":\"https:\\\/\\\/schema.org\",\"@graph\":[{\"@type\":\"Article\",\"@id\":\"https:\\\/\\\/www.organisator.ch\\\/operational-excellence\\\/2024-10-10\\\/sonepar-uebernimmt-ehs-switzerland\\\/#article\",\"isPartOf\":{\"@id\":\"https:\\\/\\\/www.organisator.ch\\\/operational-excellence\\\/2024-10-10\\\/sonepar-uebernimmt-ehs-switzerland\\\/\"},\"author\":{\"name\":\"Dzana Muminovic\",\"@id\":\"https:\\\/\\\/www.organisator.ch\\\/#\\\/schema\\\/person\\\/afccda3a71c06d4be2ed9100dd163db7\"},\"headline\":\"Sonepar \u00fcbernimmt EHS Switzerland\",\"datePublished\":\"2024-10-10T05:00:14+00:00\",\"dateModified\":\"2024-11-07T15:52:16+00:00\",\"mainEntityOfPage\":{\"@id\":\"https:\\\/\\\/www.organisator.ch\\\/operational-excellence\\\/2024-10-10\\\/sonepar-uebernimmt-ehs-switzerland\\\/\"},\"wordCount\":276,\"publisher\":{\"@id\":\"https:\\\/\\\/www.organisator.ch\\\/#organization\"},\"image\":{\"@id\":\"https:\\\/\\\/www.organisator.ch\\\/operational-excellence\\\/2024-10-10\\\/sonepar-uebernimmt-ehs-switzerland\\\/#primaryimage\"},\"thumbnailUrl\":\"https:\\\/\\\/www.m-q.ch\\\/wp-content\\\/uploads\\\/2024\\\/10\\\/Bild1_ps.jpg\",\"keywords\":[\"Elektrogrossh\u00e4ndler\",\"Gesch\u00e4fts\u00fcbernahme\",\"Industrieautomation\",\"Qualit\u00e4tsmanagement\",\"Schweiz\",\"Unternehmen\"],\"articleSection\":[\"OPERATIONAL EXCELLENCE\"],\"inLanguage\":\"fr-FR\"},{\"@type\":\"WebPage\",\"@id\":\"https:\\\/\\\/www.organisator.ch\\\/operational-excellence\\\/2024-10-10\\\/sonepar-uebernimmt-ehs-switzerland\\\/\",\"url\":\"https:\\\/\\\/www.organisator.ch\\\/operational-excellence\\\/2024-10-10\\\/sonepar-uebernimmt-ehs-switzerland\\\/\",\"name\":\"Sonepar \u00fcbernimmt EHS Switzerland - Organisator\",\"isPartOf\":{\"@id\":\"https:\\\/\\\/www.organisator.ch\\\/#website\"},\"primaryImageOfPage\":{\"@id\":\"https:\\\/\\\/www.organisator.ch\\\/operational-excellence\\\/2024-10-10\\\/sonepar-uebernimmt-ehs-switzerland\\\/#primaryimage\"},\"image\":{\"@id\":\"https:\\\/\\\/www.organisator.ch\\\/operational-excellence\\\/2024-10-10\\\/sonepar-uebernimmt-ehs-switzerland\\\/#primaryimage\"},\"thumbnailUrl\":\"https:\\\/\\\/www.m-q.ch\\\/wp-content\\\/uploads\\\/2024\\\/10\\\/Bild1_ps.jpg\",\"datePublished\":\"2024-10-10T05:00:14+00:00\",\"dateModified\":\"2024-11-07T15:52:16+00:00\",\"description\":\"Sonepar \u00fcbernimmt EHS Switzerland AG. Partnerschaft st\u00e4rkt Marktpr\u00e4senz und erweitert Portfolio f\u00fcr innovative L\u00f6sungen.\",\"breadcrumb\":{\"@id\":\"https:\\\/\\\/www.organisator.ch\\\/operational-excellence\\\/2024-10-10\\\/sonepar-uebernimmt-ehs-switzerland\\\/#breadcrumb\"},\"inLanguage\":\"fr-FR\",\"potentialAction\":[{\"@type\":\"ReadAction\",\"target\":[\"https:\\\/\\\/www.organisator.ch\\\/operational-excellence\\\/2024-10-10\\\/sonepar-uebernimmt-ehs-switzerland\\\/\"]}]},{\"@type\":\"ImageObject\",\"inLanguage\":\"fr-FR\",\"@id\":\"https:\\\/\\\/www.organisator.ch\\\/operational-excellence\\\/2024-10-10\\\/sonepar-uebernimmt-ehs-switzerland\\\/#primaryimage\",\"url\":\"https:\\\/\\\/www.m-q.ch\\\/wp-content\\\/uploads\\\/2024\\\/10\\\/Bild1_ps.jpg\",\"contentUrl\":\"https:\\\/\\\/www.m-q.ch\\\/wp-content\\\/uploads\\\/2024\\\/10\\\/Bild1_ps.jpg\"},{\"@type\":\"BreadcrumbList\",\"@id\":\"https:\\\/\\\/www.organisator.ch\\\/operational-excellence\\\/2024-10-10\\\/sonepar-uebernimmt-ehs-switzerland\\\/#breadcrumb\",\"itemListElement\":[{\"@type\":\"ListItem\",\"position\":1,\"name\":\"Home\",\"item\":\"https:\\\/\\\/www.organisator.ch\\\/\"},{\"@type\":\"ListItem\",\"position\":2,\"name\":\"Sonepar \u00fcbernimmt EHS Switzerland\"}]},{\"@type\":\"WebSite\",\"@id\":\"https:\\\/\\\/www.organisator.ch\\\/#website\",\"url\":\"https:\\\/\\\/www.organisator.ch\\\/\",\"name\":\"Organisator\",\"description\":\"Kompetent. Praxisnah. Der ORGANISATOR bereitet in 10 Ausgaben pro Jahr die wesentlichen Themen f\u00fcr F\u00fchrungskr\u00e4fte von KMU auf.\",\"publisher\":{\"@id\":\"https:\\\/\\\/www.organisator.ch\\\/#organization\"},\"potentialAction\":[{\"@type\":\"SearchAction\",\"target\":{\"@type\":\"EntryPoint\",\"urlTemplate\":\"https:\\\/\\\/www.organisator.ch\\\/?s={search_term_string}\"},\"query-input\":{\"@type\":\"PropertyValueSpecification\",\"valueRequired\":true,\"valueName\":\"search_term_string\"}}],\"inLanguage\":\"fr-FR\"},{\"@type\":\"Organization\",\"@id\":\"https:\\\/\\\/www.organisator.ch\\\/#organization\",\"name\":\"Organisator\",\"url\":\"https:\\\/\\\/www.organisator.ch\\\/\",\"logo\":{\"@type\":\"ImageObject\",\"inLanguage\":\"fr-FR\",\"@id\":\"https:\\\/\\\/www.organisator.ch\\\/#\\\/schema\\\/logo\\\/image\\\/\",\"url\":\"https:\\\/\\\/www.organisator.ch\\\/wp-content\\\/uploads\\\/2022\\\/01\\\/Logo_Organisator_Website.png\",\"contentUrl\":\"https:\\\/\\\/www.organisator.ch\\\/wp-content\\\/uploads\\\/2022\\\/01\\\/Logo_Organisator_Website.png\",\"width\":800,\"height\":77,\"caption\":\"Organisator\"},\"image\":{\"@id\":\"https:\\\/\\\/www.organisator.ch\\\/#\\\/schema\\\/logo\\\/image\\\/\"},\"sameAs\":[\"https:\\\/\\\/www.facebook.com\\\/OrganisatorFachmagazin\",\"https:\\\/\\\/www.linkedin.com\\\/showcase\\\/organisator-das-magazin-fr-kmu\",\"https:\\\/\\\/www.xing.com\\\/news\\\/pages\\\/organisator-ch-695\",\"https:\\\/\\\/www.youtube.com\\\/channel\\\/UCGP2Sq0iWaZwT3BdIAQFYpw\"]},{\"@type\":\"Person\",\"@id\":\"https:\\\/\\\/www.organisator.ch\\\/#\\\/schema\\\/person\\\/afccda3a71c06d4be2ed9100dd163db7\",\"name\":\"Dzana Muminovic\",\"image\":{\"@type\":\"ImageObject\",\"inLanguage\":\"fr-FR\",\"@id\":\"https:\\\/\\\/secure.gravatar.com\\\/avatar\\\/909c5c71aff4b38e88686f2ab2f1ba152571f394f41ed8bae431ea56ced93050?s=96&d=mm&r=g\",\"url\":\"https:\\\/\\\/secure.gravatar.com\\\/avatar\\\/909c5c71aff4b38e88686f2ab2f1ba152571f394f41ed8bae431ea56ced93050?s=96&d=mm&r=g\",\"contentUrl\":\"https:\\\/\\\/secure.gravatar.com\\\/avatar\\\/909c5c71aff4b38e88686f2ab2f1ba152571f394f41ed8bae431ea56ced93050?s=96&d=mm&r=g\",\"caption\":\"Dzana Muminovic\"},\"url\":\"https:\\\/\\\/www.organisator.ch\\\/fr\\\/author\\\/dzana-muminovic\\\/\"}]}<\/script>\n<!-- \/ Yoast SEO plugin. -->","yoast_head_json":{"title":"Sonepar reprend EHS Switzerland - Organisateur","description":"Sonepar acquiert EHS Switzerland AG. Ce partenariat renforce la pr\u00e9sence sur le march\u00e9 et \u00e9largit le portefeuille de solutions innovantes.","robots":{"index":"index","follow":"follow","max-snippet":"max-snippet:-1","max-image-preview":"max-image-preview:large","max-video-preview":"max-video-preview:-1"},"canonical":"https:\/\/www.organisator.ch\/fr\/excellence-operationnelle\/2024-10-10\/sonepar-uebernimmt-ehs-switzerland\/","og_locale":"fr_FR","og_type":"article","og_title":"Sonepar \u00fcbernimmt EHS Switzerland - Organisator","og_description":"Sonepar \u00fcbernimmt EHS Switzerland AG. Partnerschaft st\u00e4rkt Marktpr\u00e4senz und erweitert Portfolio f\u00fcr innovative L\u00f6sungen.","og_url":"https:\/\/www.organisator.ch\/fr\/excellence-operationnelle\/2024-10-10\/sonepar-uebernimmt-ehs-switzerland\/","og_site_name":"Organisator","article_publisher":"https:\/\/www.facebook.com\/OrganisatorFachmagazin","article_published_time":"2024-10-10T05:00:14+00:00","article_modified_time":"2024-11-07T15:52:16+00:00","og_image":[{"url":"https:\/\/www.m-q.ch\/wp-content\/uploads\/2024\/10\/Bild1_ps.jpg","type":"","width":"","height":""}],"author":"Dzana Muminovic","twitter_card":"summary_large_image","schema":{"@context":"https:\/\/schema.org","@graph":[{"@type":"Article","@id":"https:\/\/www.organisator.ch\/operational-excellence\/2024-10-10\/sonepar-uebernimmt-ehs-switzerland\/#article","isPartOf":{"@id":"https:\/\/www.organisator.ch\/operational-excellence\/2024-10-10\/sonepar-uebernimmt-ehs-switzerland\/"},"author":{"name":"Dzana Muminovic","@id":"https:\/\/www.organisator.ch\/#\/schema\/person\/afccda3a71c06d4be2ed9100dd163db7"},"headline":"Sonepar \u00fcbernimmt EHS Switzerland","datePublished":"2024-10-10T05:00:14+00:00","dateModified":"2024-11-07T15:52:16+00:00","mainEntityOfPage":{"@id":"https:\/\/www.organisator.ch\/operational-excellence\/2024-10-10\/sonepar-uebernimmt-ehs-switzerland\/"},"wordCount":276,"publisher":{"@id":"https:\/\/www.organisator.ch\/#organization"},"image":{"@id":"https:\/\/www.organisator.ch\/operational-excellence\/2024-10-10\/sonepar-uebernimmt-ehs-switzerland\/#primaryimage"},"thumbnailUrl":"https:\/\/www.m-q.ch\/wp-content\/uploads\/2024\/10\/Bild1_ps.jpg","keywords":["Elektrogrossh\u00e4ndler","Gesch\u00e4fts\u00fcbernahme","Industrieautomation","Qualit\u00e4tsmanagement","Schweiz","Unternehmen"],"articleSection":["OPERATIONAL EXCELLENCE"],"inLanguage":"fr-FR"},{"@type":"WebPage","@id":"https:\/\/www.organisator.ch\/operational-excellence\/2024-10-10\/sonepar-uebernimmt-ehs-switzerland\/","url":"https:\/\/www.organisator.ch\/operational-excellence\/2024-10-10\/sonepar-uebernimmt-ehs-switzerland\/","name":"Sonepar reprend EHS Switzerland - Organisateur","isPartOf":{"@id":"https:\/\/www.organisator.ch\/#website"},"primaryImageOfPage":{"@id":"https:\/\/www.organisator.ch\/operational-excellence\/2024-10-10\/sonepar-uebernimmt-ehs-switzerland\/#primaryimage"},"image":{"@id":"https:\/\/www.organisator.ch\/operational-excellence\/2024-10-10\/sonepar-uebernimmt-ehs-switzerland\/#primaryimage"},"thumbnailUrl":"https:\/\/www.m-q.ch\/wp-content\/uploads\/2024\/10\/Bild1_ps.jpg","datePublished":"2024-10-10T05:00:14+00:00","dateModified":"2024-11-07T15:52:16+00:00","description":"Sonepar acquiert EHS Switzerland AG. Ce partenariat renforce la pr\u00e9sence sur le march\u00e9 et \u00e9largit le portefeuille de solutions innovantes.","breadcrumb":{"@id":"https:\/\/www.organisator.ch\/operational-excellence\/2024-10-10\/sonepar-uebernimmt-ehs-switzerland\/#breadcrumb"},"inLanguage":"fr-FR","potentialAction":[{"@type":"ReadAction","target":["https:\/\/www.organisator.ch\/operational-excellence\/2024-10-10\/sonepar-uebernimmt-ehs-switzerland\/"]}]},{"@type":"ImageObject","inLanguage":"fr-FR","@id":"https:\/\/www.organisator.ch\/operational-excellence\/2024-10-10\/sonepar-uebernimmt-ehs-switzerland\/#primaryimage","url":"https:\/\/www.m-q.ch\/wp-content\/uploads\/2024\/10\/Bild1_ps.jpg","contentUrl":"https:\/\/www.m-q.ch\/wp-content\/uploads\/2024\/10\/Bild1_ps.jpg"},{"@type":"BreadcrumbList","@id":"https:\/\/www.organisator.ch\/operational-excellence\/2024-10-10\/sonepar-uebernimmt-ehs-switzerland\/#breadcrumb","itemListElement":[{"@type":"ListItem","position":1,"name":"Home","item":"https:\/\/www.organisator.ch\/"},{"@type":"ListItem","position":2,"name":"Sonepar \u00fcbernimmt EHS Switzerland"}]},{"@type":"WebSite","@id":"https:\/\/www.organisator.ch\/#website","url":"https:\/\/www.organisator.ch\/","name":"Organisateur","description":"Comp\u00e9tence et comp\u00e9tence. Proches de la pratique. L'ORGANISATEUR pr\u00e9pare 10 num\u00e9ros par an sur les th\u00e8mes essentiels pour les dirigeants de PME.","publisher":{"@id":"https:\/\/www.organisator.ch\/#organization"},"potentialAction":[{"@type":"SearchAction","target":{"@type":"EntryPoint","urlTemplate":"https:\/\/www.organisator.ch\/?s={search_term_string}"},"query-input":{"@type":"PropertyValueSpecification","valueRequired":true,"valueName":"search_term_string"}}],"inLanguage":"fr-FR"},{"@type":"Organization","@id":"https:\/\/www.organisator.ch\/#organization","name":"Organisateur","url":"https:\/\/www.organisator.ch\/","logo":{"@type":"ImageObject","inLanguage":"fr-FR","@id":"https:\/\/www.organisator.ch\/#\/schema\/logo\/image\/","url":"https:\/\/www.organisator.ch\/wp-content\/uploads\/2022\/01\/Logo_Organisator_Website.png","contentUrl":"https:\/\/www.organisator.ch\/wp-content\/uploads\/2022\/01\/Logo_Organisator_Website.png","width":800,"height":77,"caption":"Organisator"},"image":{"@id":"https:\/\/www.organisator.ch\/#\/schema\/logo\/image\/"},"sameAs":["https:\/\/www.facebook.com\/OrganisatorFachmagazin","https:\/\/www.linkedin.com\/showcase\/organisator-das-magazin-fr-kmu","https:\/\/www.xing.com\/news\/pages\/organisator-ch-695","https:\/\/www.youtube.com\/channel\/UCGP2Sq0iWaZwT3BdIAQFYpw"]},{"@type":"Person","@id":"https:\/\/www.organisator.ch\/#\/schema\/person\/afccda3a71c06d4be2ed9100dd163db7","name":"Dzana Muminovic","image":{"@type":"ImageObject","inLanguage":"fr-FR","@id":"https:\/\/secure.gravatar.com\/avatar\/909c5c71aff4b38e88686f2ab2f1ba152571f394f41ed8bae431ea56ced93050?s=96&d=mm&r=g","url":"https:\/\/secure.gravatar.com\/avatar\/909c5c71aff4b38e88686f2ab2f1ba152571f394f41ed8bae431ea56ced93050?s=96&d=mm&r=g","contentUrl":"https:\/\/secure.gravatar.com\/avatar\/909c5c71aff4b38e88686f2ab2f1ba152571f394f41ed8bae431ea56ced93050?s=96&d=mm&r=g","caption":"Dzana Muminovic"},"url":"https:\/\/www.organisator.ch\/fr\/author\/dzana-muminovic\/"}]}},"_links":{"self":[{"href":"https:\/\/www.organisator.ch\/fr\/wp-json\/wp\/v2\/posts\/30570","targetHints":{"allow":["GET"]}}],"collection":[{"href":"https:\/\/www.organisator.ch\/fr\/wp-json\/wp\/v2\/posts"}],"about":[{"href":"https:\/\/www.organisator.ch\/fr\/wp-json\/wp\/v2\/types\/post"}],"author":[{"embeddable":true,"href":"https:\/\/www.organisator.ch\/fr\/wp-json\/wp\/v2\/users\/80"}],"replies":[{"embeddable":true,"href":"https:\/\/www.organisator.ch\/fr\/wp-json\/wp\/v2\/comments?post=30570"}],"version-history":[{"count":5,"href":"https:\/\/www.organisator.ch\/fr\/wp-json\/wp\/v2\/posts\/30570\/revisions"}],"predecessor-version":[{"id":31801,"href":"https:\/\/www.organisator.ch\/fr\/wp-json\/wp\/v2\/posts\/30570\/revisions\/31801"}],"wp:attachment":[{"href":"https:\/\/www.organisator.ch\/fr\/wp-json\/wp\/v2\/media?parent=30570"}],"wp:term":[{"taxonomy":"category","embeddable":true,"href":"https:\/\/www.organisator.ch\/fr\/wp-json\/wp\/v2\/categories?post=30570"},{"taxonomy":"post_tag","embeddable":true,"href":"https:\/\/www.organisator.ch\/fr\/wp-json\/wp\/v2\/tags?post=30570"}],"curies":[{"name":"wp","href":"https:\/\/api.w.org\/{rel}","templated":true}]}}