{"id":30575,"date":"2024-10-10T09:11:10","date_gmt":"2024-10-10T07:11:10","guid":{"rendered":"https:\/\/www.organisator.ch\/?p=30575"},"modified":"2024-10-10T09:13:18","modified_gmt":"2024-10-10T07:13:18","slug":"emanuele-diquattro-wird-neuer-ceo-der-inventx-ag","status":"publish","type":"post","link":"https:\/\/www.organisator.ch\/fr\/management\/2024-10-10\/emanuele-diquattro-wird-neuer-ceo-der-inventx-ag\/","title":{"rendered":"Emanuele Diquattro devient le nouveau CEO d'Inventx AG"},"content":{"rendered":"<figure id=\"attachment_30577\" aria-describedby=\"caption-attachment-30577\" style=\"width: 680px\" class=\"wp-caption alignnone\"><img loading=\"lazy\" decoding=\"async\" class=\"wp-image-30577 size-full\" src=\"https:\/\/www.organisator.ch\/wp-content\/uploads\/2024\/10\/Emanuele-Diquattro_Inventx_Bild1_ps-e1728544392633.jpg\" alt=\"\" width=\"680\" height=\"550\" \/><figcaption id=\"caption-attachment-30577\" class=\"wp-caption-text\">Emanuele Diquattro - nouveau CEO d'Inventx AG. (Image : www.inventx.ch)<\/figcaption><\/figure>\n<p>Avec Emanuele Diquattro, Inventx a trouv\u00e9 la combinaison parfaite entre leadership, savoir-faire sectoriel et technologique, orientation client et exp\u00e9rience en mati\u00e8re de responsabilit\u00e9 globale d'entreprise. Le nouveau CEO rejoindra Inventx le 1er novembre 2024 et, apr\u00e8s la phase d'introduction, sera \u00e0 la t\u00eate de la direction d'Inventx, compos\u00e9e de six personnes, \u00e0 partir du 1er janvier 2025, afin de mener le prestataire de services informatiques et de num\u00e9risation \u00e9tabli pour le secteur financier suisse \u00e0 une plus grande p\u00e9n\u00e9tration du march\u00e9 dans le secteur bancaire et \u00e0 une conqu\u00eate encore plus r\u00e9ussie du march\u00e9 des assurances.<\/p>\n<p>Pour le suivi et la poursuite de la croissance de ces deux march\u00e9s prioritaires d'Inventx, il peut notamment compter sur Damian Hallenbarter, responsable du secteur bancaire, qui a quitt\u00e9 la Banque cantonale de Schwyz pour Inventx au printemps dernier. En la personne de Daniel Wenger, responsable Insurance d'Inventx, il se retrouve au sein d'un tandem de choc pour l'extension de la part de march\u00e9 du deuxi\u00e8me pilier d'Inventx.<\/p>\n<p>Apr\u00e8s avoir d\u00e9but\u00e9 chez Sanitas Assurance Maladie SA, Emanuele Diquattro a appris le m\u00e9tier de l'assurance sur le tas. Apr\u00e8s plusieurs ann\u00e9es pass\u00e9es dans des fonctions orient\u00e9es vers la client\u00e8le et la gestion de projets, il s'est davantage tourn\u00e9 vers l'informatique et est devenu en quelques ann\u00e9es Head of IT Projects &amp; Process Management. En tant que CIO, il a rapidement transform\u00e9 l'ensemble de l'organisation informatique de l'assureur et a pris en charge le d\u00e9veloppement de nouveaux mod\u00e8les commerciaux num\u00e9riques en tant que co-leader. En dernier lieu, il a dirig\u00e9 l'ensemble de l'\u00e9quipe pluridimensionnelle de vente et de marketing de Sanitas en tant que Chief Marketing Officer et CEO adjoint. Dans cette fonction, il a con\u00e7u le repositionnement strat\u00e9gique vers une organisation de distribution \"Digital-First\", dont il \u00e9tait \u00e9galement responsable de la mise en \u0153uvre jusqu'\u00e0 son passage chez Adcubum en 2018.<\/p>\n<p>Emanuele Diquattro a rejoint le c\u00e9l\u00e8bre \u00e9diteur de logiciels d'assurance - dont est issue, entre autres, la solution d'assurance principale Syrius, qu'Inventx propose en mod\u00e8le PaaS sous forme de service d'application g\u00e9r\u00e9 - en tant que Chief Commercial Officer et a \u00e9t\u00e9 nomm\u00e9 CEO un an plus tard seulement. Durant les trois ann\u00e9es de sa direction, il a fait avancer l'orientation future de l'entreprise de 400 collaborateurs, en particulier avec le d\u00e9veloppement d'une architecture IT moderne pour ses solutions logicielles, et a consid\u00e9rablement augment\u00e9 la valeur de l'entreprise. En 2022, il a quitt\u00e9 Adcubum pour rejoindre l'InsurTech internationale wefox en tant que Country Lead Suisse, afin de combiner son exp\u00e9rience vari\u00e9e dans la distribution, l'assurance et le d\u00e9veloppement de plateformes dans un nouveau mod\u00e8le d'affaires et de le mettre en place.<\/p>\n<p>Ce Suisse de 42 ans est titulaire d'un dipl\u00f4me f\u00e9d\u00e9ral en gestion d'entreprise et d'un master en ing\u00e9nierie commerciale de la Haute \u00e9cole d'\u00e9conomie de Zurich. Il est actuellement, entre autres, membre de l'Executive Advisory Board de l'AI Business School et membre du conseil d'administration de plusieurs entreprises num\u00e9riques, de distribution et de conseil.<\/p>\n<p>Emanuele Diquattro reprend la fonction de CEO du cofondateur et propri\u00e9taire d'Inventx, Gregor St\u00fccheli, qui va d\u00e9sormais se concentrer \u00e0 nouveau sur son r\u00f4le de pr\u00e9sident du conseil d'administration.<\/p>\n<p>Gregor St\u00fccheli passe le relais au nouveau CEO en ces termes : \"Emanuele Diquattro apporte le paquet parfait de comp\u00e9tences, de r\u00e9seau et d'exp\u00e9rience qu'il faut \u00e0 Inventx pour ce r\u00f4le \u00e0 l'interface entre le savoir-faire technologique et le savoir-faire commercial sp\u00e9cifique \u00e0 la branche. Mais ce qui me convainc le plus chez lui, c'est son orientation client et son esprit d'\u00e9quipe. Il incarne ainsi id\u00e9alement les valeurs de notre entreprise et peut emmener nos clientes et clients ainsi que nos collaborateurs dans la poursuite de notre ambitieux voyage entrepreneurial\".<\/p>\n<p>Emanuele Diquattro se r\u00e9jouit de relever ce d\u00e9fi : \"J'ai suivi l'histoire du succ\u00e8s d'Inventx pendant toutes ces ann\u00e9es et c'est avec une grande fiert\u00e9 que je peux continuer \u00e0 \u00e9crire cette histoire et \u00e0 la marquer de mon empreinte en tant que CEO. Je suis convaincu qu'avec le conseil d'administration r\u00e9uni autour des fondateurs Gregor St\u00fccheli et Hans Nagel, ainsi qu'avec une direction parfaitement \u00e9tablie et une \u00e9quipe tr\u00e8s motiv\u00e9e, je pourrai \u00e0 l'avenir poser de nouveaux jalons dans nos secteurs de pr\u00e9dilection\".<\/p>\n<p>Outre le CEO d\u00e9sign\u00e9, Damian Hallenbarter et Daniel Wenger, la direction d'Inventx comprend \u00e9galement Patrick Hagen, CFO, Fabio Cortesi, CTO, ainsi que Christoph Z\u00fcger, Business Development &amp; Sales.<\/p>\n<p><em>Source : <a href=\"http:\/\/www.inventx.ch\">www.inventx.ch<\/a><\/em><\/p>","protected":false},"excerpt":{"rendered":"<p>Emanuele Diquattro rejoindra Inventx en novembre et, \u00e0 partir de janvier 2025, il dirigera en tant que CEO le partenaire \u00e9tabli en mati\u00e8re d'informatique et de num\u00e9risation de banques et d'assurances suisses de renom vers une nouvelle croissance. <\/p>","protected":false},"author":58,"featured_media":30577,"comment_status":"closed","ping_status":"closed","sticky":false,"template":"","format":"standard","meta":{"_acf_changed":false,"_yoast_wpseo_focuskw":"Emanuele Diquattro","_yoast_wpseo_metadesc":"Emanuele Diquattro wird ab November zur Inventx stossen und ab Januar 2025 als CEO \u00fcbernehmen.","articlekey":"","footnotes":""},"categories":[28],"tags":[904,156,286,334,492],"class_list":["post-30575","post","type-post","status-publish","format-standard","has-post-thumbnail","hentry","category-management","tag-ceo","tag-digitalisierung","tag-it","tag-management","tag-unternehmen"],"acf":[],"yoast_head":"<!-- This site is optimized with the Yoast SEO plugin v27.5 - https:\/\/yoast.com\/product\/yoast-seo-wordpress\/ -->\n<title>Emanuele Diquattro wird neuer CEO der Inventx AG - Organisator<\/title>\n<meta name=\"description\" content=\"Emanuele Diquattro wird ab November zur Inventx stossen und ab Januar 2025 als CEO \u00fcbernehmen.\" \/>\n<meta name=\"robots\" content=\"index, follow, max-snippet:-1, max-image-preview:large, max-video-preview:-1\" \/>\n<link rel=\"canonical\" href=\"https:\/\/www.organisator.ch\/fr\/gestion-2\/2024-10-10\/emanuele-diquattro-wird-neuer-ceo-der-inventx-ag\/\" \/>\n<meta property=\"og:locale\" content=\"fr_FR\" \/>\n<meta property=\"og:type\" content=\"article\" \/>\n<meta property=\"og:title\" content=\"Emanuele Diquattro wird neuer CEO der Inventx AG\" \/>\n<meta property=\"og:description\" content=\"Emanuele Diquattro wird ab November zur Inventx stossen und ab Januar 2025 als CEO \u00fcbernehmen.\" \/>\n<meta property=\"og:url\" content=\"https:\/\/www.organisator.ch\/fr\/gestion-2\/2024-10-10\/emanuele-diquattro-wird-neuer-ceo-der-inventx-ag\/\" \/>\n<meta property=\"og:site_name\" content=\"Organisator\" \/>\n<meta property=\"article:publisher\" content=\"https:\/\/www.facebook.com\/OrganisatorFachmagazin\" \/>\n<meta property=\"article:published_time\" content=\"2024-10-10T07:11:10+00:00\" \/>\n<meta property=\"article:modified_time\" content=\"2024-10-10T07:13:18+00:00\" \/>\n<meta property=\"og:image\" content=\"https:\/\/www.organisator.ch\/wp-content\/uploads\/2024\/10\/Emanuele-Diquattro_Inventx_Bild1_ps-e1728544392633.jpg\" \/>\n\t<meta property=\"og:image:width\" content=\"680\" \/>\n\t<meta property=\"og:image:height\" content=\"550\" \/>\n\t<meta property=\"og:image:type\" content=\"image\/jpeg\" \/>\n<meta name=\"author\" content=\"Adelisa Kalajdzini\" \/>\n<meta name=\"twitter:card\" content=\"summary_large_image\" \/>\n<meta name=\"twitter:title\" content=\"Emanuele Diquattro wird neuer CEO der Inventx AG\" \/>\n<meta name=\"twitter:description\" content=\"#Emanuele #Diquattro wird ab November zur #Inventx stossen und ab Januar 2025 als #CEO \u00fcbernehmen.\" \/>\n<meta name=\"twitter:image\" content=\"https:\/\/www.organisator.ch\/wp-content\/uploads\/2024\/10\/Emanuele-Diquattro_Inventx_Bild1_ps-e1728544473795.jpg\" \/>\n<script type=\"application\/ld+json\" class=\"yoast-schema-graph\">{\"@context\":\"https:\\\/\\\/schema.org\",\"@graph\":[{\"@type\":\"Article\",\"@id\":\"https:\\\/\\\/www.organisator.ch\\\/management\\\/2024-10-10\\\/emanuele-diquattro-wird-neuer-ceo-der-inventx-ag\\\/#article\",\"isPartOf\":{\"@id\":\"https:\\\/\\\/www.organisator.ch\\\/management\\\/2024-10-10\\\/emanuele-diquattro-wird-neuer-ceo-der-inventx-ag\\\/\"},\"author\":{\"name\":\"Adelisa Kalajdzini\",\"@id\":\"https:\\\/\\\/www.organisator.ch\\\/#\\\/schema\\\/person\\\/2e1314a2172123f874db408d8911d3f3\"},\"headline\":\"Emanuele Diquattro wird neuer CEO der Inventx AG\",\"datePublished\":\"2024-10-10T07:11:10+00:00\",\"dateModified\":\"2024-10-10T07:13:18+00:00\",\"mainEntityOfPage\":{\"@id\":\"https:\\\/\\\/www.organisator.ch\\\/management\\\/2024-10-10\\\/emanuele-diquattro-wird-neuer-ceo-der-inventx-ag\\\/\"},\"wordCount\":644,\"publisher\":{\"@id\":\"https:\\\/\\\/www.organisator.ch\\\/#organization\"},\"image\":{\"@id\":\"https:\\\/\\\/www.organisator.ch\\\/management\\\/2024-10-10\\\/emanuele-diquattro-wird-neuer-ceo-der-inventx-ag\\\/#primaryimage\"},\"thumbnailUrl\":\"https:\\\/\\\/www.organisator.ch\\\/wp-content\\\/uploads\\\/2024\\\/10\\\/Emanuele-Diquattro_Inventx_Bild1_ps-e1728544473795.jpg\",\"keywords\":[\"CEO\",\"Digitalisierung\",\"IT\",\"Management\",\"Unternehmen\"],\"articleSection\":[\"MANAGEMENT\"],\"inLanguage\":\"fr-FR\"},{\"@type\":\"WebPage\",\"@id\":\"https:\\\/\\\/www.organisator.ch\\\/management\\\/2024-10-10\\\/emanuele-diquattro-wird-neuer-ceo-der-inventx-ag\\\/\",\"url\":\"https:\\\/\\\/www.organisator.ch\\\/management\\\/2024-10-10\\\/emanuele-diquattro-wird-neuer-ceo-der-inventx-ag\\\/\",\"name\":\"Emanuele Diquattro wird neuer CEO der Inventx AG - Organisator\",\"isPartOf\":{\"@id\":\"https:\\\/\\\/www.organisator.ch\\\/#website\"},\"primaryImageOfPage\":{\"@id\":\"https:\\\/\\\/www.organisator.ch\\\/management\\\/2024-10-10\\\/emanuele-diquattro-wird-neuer-ceo-der-inventx-ag\\\/#primaryimage\"},\"image\":{\"@id\":\"https:\\\/\\\/www.organisator.ch\\\/management\\\/2024-10-10\\\/emanuele-diquattro-wird-neuer-ceo-der-inventx-ag\\\/#primaryimage\"},\"thumbnailUrl\":\"https:\\\/\\\/www.organisator.ch\\\/wp-content\\\/uploads\\\/2024\\\/10\\\/Emanuele-Diquattro_Inventx_Bild1_ps-e1728544473795.jpg\",\"datePublished\":\"2024-10-10T07:11:10+00:00\",\"dateModified\":\"2024-10-10T07:13:18+00:00\",\"description\":\"Emanuele Diquattro wird ab November zur Inventx stossen und ab Januar 2025 als CEO \u00fcbernehmen.\",\"breadcrumb\":{\"@id\":\"https:\\\/\\\/www.organisator.ch\\\/management\\\/2024-10-10\\\/emanuele-diquattro-wird-neuer-ceo-der-inventx-ag\\\/#breadcrumb\"},\"inLanguage\":\"fr-FR\",\"potentialAction\":[{\"@type\":\"ReadAction\",\"target\":[\"https:\\\/\\\/www.organisator.ch\\\/management\\\/2024-10-10\\\/emanuele-diquattro-wird-neuer-ceo-der-inventx-ag\\\/\"]}]},{\"@type\":\"ImageObject\",\"inLanguage\":\"fr-FR\",\"@id\":\"https:\\\/\\\/www.organisator.ch\\\/management\\\/2024-10-10\\\/emanuele-diquattro-wird-neuer-ceo-der-inventx-ag\\\/#primaryimage\",\"url\":\"https:\\\/\\\/www.organisator.ch\\\/wp-content\\\/uploads\\\/2024\\\/10\\\/Emanuele-Diquattro_Inventx_Bild1_ps-e1728544473795.jpg\",\"contentUrl\":\"https:\\\/\\\/www.organisator.ch\\\/wp-content\\\/uploads\\\/2024\\\/10\\\/Emanuele-Diquattro_Inventx_Bild1_ps-e1728544473795.jpg\",\"width\":642,\"height\":500,\"caption\":\"Emanuele Diquattro \u2013 Neuer CEO der Inventx AG. (Bild: www.inventx.ch)\"},{\"@type\":\"BreadcrumbList\",\"@id\":\"https:\\\/\\\/www.organisator.ch\\\/management\\\/2024-10-10\\\/emanuele-diquattro-wird-neuer-ceo-der-inventx-ag\\\/#breadcrumb\",\"itemListElement\":[{\"@type\":\"ListItem\",\"position\":1,\"name\":\"Home\",\"item\":\"https:\\\/\\\/www.organisator.ch\\\/\"},{\"@type\":\"ListItem\",\"position\":2,\"name\":\"Emanuele Diquattro wird neuer CEO der Inventx AG\"}]},{\"@type\":\"WebSite\",\"@id\":\"https:\\\/\\\/www.organisator.ch\\\/#website\",\"url\":\"https:\\\/\\\/www.organisator.ch\\\/\",\"name\":\"Organisator\",\"description\":\"Kompetent. Praxisnah. Der ORGANISATOR bereitet in 10 Ausgaben pro Jahr die wesentlichen Themen f\u00fcr F\u00fchrungskr\u00e4fte von KMU auf.\",\"publisher\":{\"@id\":\"https:\\\/\\\/www.organisator.ch\\\/#organization\"},\"potentialAction\":[{\"@type\":\"SearchAction\",\"target\":{\"@type\":\"EntryPoint\",\"urlTemplate\":\"https:\\\/\\\/www.organisator.ch\\\/?s={search_term_string}\"},\"query-input\":{\"@type\":\"PropertyValueSpecification\",\"valueRequired\":true,\"valueName\":\"search_term_string\"}}],\"inLanguage\":\"fr-FR\"},{\"@type\":\"Organization\",\"@id\":\"https:\\\/\\\/www.organisator.ch\\\/#organization\",\"name\":\"Organisator\",\"url\":\"https:\\\/\\\/www.organisator.ch\\\/\",\"logo\":{\"@type\":\"ImageObject\",\"inLanguage\":\"fr-FR\",\"@id\":\"https:\\\/\\\/www.organisator.ch\\\/#\\\/schema\\\/logo\\\/image\\\/\",\"url\":\"https:\\\/\\\/www.organisator.ch\\\/wp-content\\\/uploads\\\/2022\\\/01\\\/Logo_Organisator_Website.png\",\"contentUrl\":\"https:\\\/\\\/www.organisator.ch\\\/wp-content\\\/uploads\\\/2022\\\/01\\\/Logo_Organisator_Website.png\",\"width\":800,\"height\":77,\"caption\":\"Organisator\"},\"image\":{\"@id\":\"https:\\\/\\\/www.organisator.ch\\\/#\\\/schema\\\/logo\\\/image\\\/\"},\"sameAs\":[\"https:\\\/\\\/www.facebook.com\\\/OrganisatorFachmagazin\",\"https:\\\/\\\/www.linkedin.com\\\/showcase\\\/organisator-das-magazin-fr-kmu\",\"https:\\\/\\\/www.xing.com\\\/news\\\/pages\\\/organisator-ch-695\",\"https:\\\/\\\/www.youtube.com\\\/channel\\\/UCGP2Sq0iWaZwT3BdIAQFYpw\"]},{\"@type\":\"Person\",\"@id\":\"https:\\\/\\\/www.organisator.ch\\\/#\\\/schema\\\/person\\\/2e1314a2172123f874db408d8911d3f3\",\"name\":\"Adelisa Kalajdzini\",\"image\":{\"@type\":\"ImageObject\",\"inLanguage\":\"fr-FR\",\"@id\":\"https:\\\/\\\/secure.gravatar.com\\\/avatar\\\/09a397c22ac58cad6f160ee8306348599df9df58a8ede73696226897b9fa4b24?s=96&d=mm&r=g\",\"url\":\"https:\\\/\\\/secure.gravatar.com\\\/avatar\\\/09a397c22ac58cad6f160ee8306348599df9df58a8ede73696226897b9fa4b24?s=96&d=mm&r=g\",\"contentUrl\":\"https:\\\/\\\/secure.gravatar.com\\\/avatar\\\/09a397c22ac58cad6f160ee8306348599df9df58a8ede73696226897b9fa4b24?s=96&d=mm&r=g\",\"caption\":\"Adelisa Kalajdzini\"},\"url\":\"https:\\\/\\\/www.organisator.ch\\\/fr\\\/author\\\/adelisa-kalajdzini\\\/\"}]}<\/script>\n<!-- \/ Yoast SEO plugin. -->","yoast_head_json":{"title":"Emanuele Diquattro devient le nouveau CEO d'Inventx AG - Organisateur","description":"Emanuele Diquattro rejoindra Inventx en novembre et en deviendra le CEO \u00e0 partir de janvier 2025.","robots":{"index":"index","follow":"follow","max-snippet":"max-snippet:-1","max-image-preview":"max-image-preview:large","max-video-preview":"max-video-preview:-1"},"canonical":"https:\/\/www.organisator.ch\/fr\/gestion-2\/2024-10-10\/emanuele-diquattro-wird-neuer-ceo-der-inventx-ag\/","og_locale":"fr_FR","og_type":"article","og_title":"Emanuele Diquattro wird neuer CEO der Inventx AG","og_description":"Emanuele Diquattro wird ab November zur Inventx stossen und ab Januar 2025 als CEO \u00fcbernehmen.","og_url":"https:\/\/www.organisator.ch\/fr\/gestion-2\/2024-10-10\/emanuele-diquattro-wird-neuer-ceo-der-inventx-ag\/","og_site_name":"Organisator","article_publisher":"https:\/\/www.facebook.com\/OrganisatorFachmagazin","article_published_time":"2024-10-10T07:11:10+00:00","article_modified_time":"2024-10-10T07:13:18+00:00","og_image":[{"width":680,"height":550,"url":"https:\/\/www.organisator.ch\/wp-content\/uploads\/2024\/10\/Emanuele-Diquattro_Inventx_Bild1_ps-e1728544392633.jpg","type":"image\/jpeg"}],"author":"Adelisa Kalajdzini","twitter_card":"summary_large_image","twitter_title":"Emanuele Diquattro wird neuer CEO der Inventx AG","twitter_description":"#Emanuele #Diquattro wird ab November zur #Inventx stossen und ab Januar 2025 als #CEO \u00fcbernehmen.","twitter_image":"https:\/\/www.organisator.ch\/wp-content\/uploads\/2024\/10\/Emanuele-Diquattro_Inventx_Bild1_ps-e1728544473795.jpg","schema":{"@context":"https:\/\/schema.org","@graph":[{"@type":"Article","@id":"https:\/\/www.organisator.ch\/management\/2024-10-10\/emanuele-diquattro-wird-neuer-ceo-der-inventx-ag\/#article","isPartOf":{"@id":"https:\/\/www.organisator.ch\/management\/2024-10-10\/emanuele-diquattro-wird-neuer-ceo-der-inventx-ag\/"},"author":{"name":"Adelisa Kalajdzini","@id":"https:\/\/www.organisator.ch\/#\/schema\/person\/2e1314a2172123f874db408d8911d3f3"},"headline":"Emanuele Diquattro wird neuer CEO der Inventx AG","datePublished":"2024-10-10T07:11:10+00:00","dateModified":"2024-10-10T07:13:18+00:00","mainEntityOfPage":{"@id":"https:\/\/www.organisator.ch\/management\/2024-10-10\/emanuele-diquattro-wird-neuer-ceo-der-inventx-ag\/"},"wordCount":644,"publisher":{"@id":"https:\/\/www.organisator.ch\/#organization"},"image":{"@id":"https:\/\/www.organisator.ch\/management\/2024-10-10\/emanuele-diquattro-wird-neuer-ceo-der-inventx-ag\/#primaryimage"},"thumbnailUrl":"https:\/\/www.organisator.ch\/wp-content\/uploads\/2024\/10\/Emanuele-Diquattro_Inventx_Bild1_ps-e1728544473795.jpg","keywords":["CEO","Digitalisierung","IT","Management","Unternehmen"],"articleSection":["MANAGEMENT"],"inLanguage":"fr-FR"},{"@type":"WebPage","@id":"https:\/\/www.organisator.ch\/management\/2024-10-10\/emanuele-diquattro-wird-neuer-ceo-der-inventx-ag\/","url":"https:\/\/www.organisator.ch\/management\/2024-10-10\/emanuele-diquattro-wird-neuer-ceo-der-inventx-ag\/","name":"Emanuele Diquattro devient le nouveau CEO d'Inventx AG - Organisateur","isPartOf":{"@id":"https:\/\/www.organisator.ch\/#website"},"primaryImageOfPage":{"@id":"https:\/\/www.organisator.ch\/management\/2024-10-10\/emanuele-diquattro-wird-neuer-ceo-der-inventx-ag\/#primaryimage"},"image":{"@id":"https:\/\/www.organisator.ch\/management\/2024-10-10\/emanuele-diquattro-wird-neuer-ceo-der-inventx-ag\/#primaryimage"},"thumbnailUrl":"https:\/\/www.organisator.ch\/wp-content\/uploads\/2024\/10\/Emanuele-Diquattro_Inventx_Bild1_ps-e1728544473795.jpg","datePublished":"2024-10-10T07:11:10+00:00","dateModified":"2024-10-10T07:13:18+00:00","description":"Emanuele Diquattro rejoindra Inventx en novembre et en deviendra le CEO \u00e0 partir de janvier 2025.","breadcrumb":{"@id":"https:\/\/www.organisator.ch\/management\/2024-10-10\/emanuele-diquattro-wird-neuer-ceo-der-inventx-ag\/#breadcrumb"},"inLanguage":"fr-FR","potentialAction":[{"@type":"ReadAction","target":["https:\/\/www.organisator.ch\/management\/2024-10-10\/emanuele-diquattro-wird-neuer-ceo-der-inventx-ag\/"]}]},{"@type":"ImageObject","inLanguage":"fr-FR","@id":"https:\/\/www.organisator.ch\/management\/2024-10-10\/emanuele-diquattro-wird-neuer-ceo-der-inventx-ag\/#primaryimage","url":"https:\/\/www.organisator.ch\/wp-content\/uploads\/2024\/10\/Emanuele-Diquattro_Inventx_Bild1_ps-e1728544473795.jpg","contentUrl":"https:\/\/www.organisator.ch\/wp-content\/uploads\/2024\/10\/Emanuele-Diquattro_Inventx_Bild1_ps-e1728544473795.jpg","width":642,"height":500,"caption":"Emanuele Diquattro \u2013 Neuer CEO der Inventx AG. (Bild: www.inventx.ch)"},{"@type":"BreadcrumbList","@id":"https:\/\/www.organisator.ch\/management\/2024-10-10\/emanuele-diquattro-wird-neuer-ceo-der-inventx-ag\/#breadcrumb","itemListElement":[{"@type":"ListItem","position":1,"name":"Home","item":"https:\/\/www.organisator.ch\/"},{"@type":"ListItem","position":2,"name":"Emanuele Diquattro wird neuer CEO der Inventx AG"}]},{"@type":"WebSite","@id":"https:\/\/www.organisator.ch\/#website","url":"https:\/\/www.organisator.ch\/","name":"Organisateur","description":"Comp\u00e9tence et comp\u00e9tence. Proches de la pratique. L'ORGANISATEUR pr\u00e9pare 10 num\u00e9ros par an sur les th\u00e8mes essentiels pour les dirigeants de PME.","publisher":{"@id":"https:\/\/www.organisator.ch\/#organization"},"potentialAction":[{"@type":"SearchAction","target":{"@type":"EntryPoint","urlTemplate":"https:\/\/www.organisator.ch\/?s={search_term_string}"},"query-input":{"@type":"PropertyValueSpecification","valueRequired":true,"valueName":"search_term_string"}}],"inLanguage":"fr-FR"},{"@type":"Organization","@id":"https:\/\/www.organisator.ch\/#organization","name":"Organisateur","url":"https:\/\/www.organisator.ch\/","logo":{"@type":"ImageObject","inLanguage":"fr-FR","@id":"https:\/\/www.organisator.ch\/#\/schema\/logo\/image\/","url":"https:\/\/www.organisator.ch\/wp-content\/uploads\/2022\/01\/Logo_Organisator_Website.png","contentUrl":"https:\/\/www.organisator.ch\/wp-content\/uploads\/2022\/01\/Logo_Organisator_Website.png","width":800,"height":77,"caption":"Organisator"},"image":{"@id":"https:\/\/www.organisator.ch\/#\/schema\/logo\/image\/"},"sameAs":["https:\/\/www.facebook.com\/OrganisatorFachmagazin","https:\/\/www.linkedin.com\/showcase\/organisator-das-magazin-fr-kmu","https:\/\/www.xing.com\/news\/pages\/organisator-ch-695","https:\/\/www.youtube.com\/channel\/UCGP2Sq0iWaZwT3BdIAQFYpw"]},{"@type":"Person","@id":"https:\/\/www.organisator.ch\/#\/schema\/person\/2e1314a2172123f874db408d8911d3f3","name":"Adelisa Kalajdzini","image":{"@type":"ImageObject","inLanguage":"fr-FR","@id":"https:\/\/secure.gravatar.com\/avatar\/09a397c22ac58cad6f160ee8306348599df9df58a8ede73696226897b9fa4b24?s=96&d=mm&r=g","url":"https:\/\/secure.gravatar.com\/avatar\/09a397c22ac58cad6f160ee8306348599df9df58a8ede73696226897b9fa4b24?s=96&d=mm&r=g","contentUrl":"https:\/\/secure.gravatar.com\/avatar\/09a397c22ac58cad6f160ee8306348599df9df58a8ede73696226897b9fa4b24?s=96&d=mm&r=g","caption":"Adelisa Kalajdzini"},"url":"https:\/\/www.organisator.ch\/fr\/author\/adelisa-kalajdzini\/"}]}},"_links":{"self":[{"href":"https:\/\/www.organisator.ch\/fr\/wp-json\/wp\/v2\/posts\/30575","targetHints":{"allow":["GET"]}}],"collection":[{"href":"https:\/\/www.organisator.ch\/fr\/wp-json\/wp\/v2\/posts"}],"about":[{"href":"https:\/\/www.organisator.ch\/fr\/wp-json\/wp\/v2\/types\/post"}],"author":[{"embeddable":true,"href":"https:\/\/www.organisator.ch\/fr\/wp-json\/wp\/v2\/users\/58"}],"replies":[{"embeddable":true,"href":"https:\/\/www.organisator.ch\/fr\/wp-json\/wp\/v2\/comments?post=30575"}],"version-history":[{"count":7,"href":"https:\/\/www.organisator.ch\/fr\/wp-json\/wp\/v2\/posts\/30575\/revisions"}],"predecessor-version":[{"id":30580,"href":"https:\/\/www.organisator.ch\/fr\/wp-json\/wp\/v2\/posts\/30575\/revisions\/30580"}],"wp:featuredmedia":[{"embeddable":true,"href":"https:\/\/www.organisator.ch\/fr\/wp-json\/wp\/v2\/media\/30577"}],"wp:attachment":[{"href":"https:\/\/www.organisator.ch\/fr\/wp-json\/wp\/v2\/media?parent=30575"}],"wp:term":[{"taxonomy":"category","embeddable":true,"href":"https:\/\/www.organisator.ch\/fr\/wp-json\/wp\/v2\/categories?post=30575"},{"taxonomy":"post_tag","embeddable":true,"href":"https:\/\/www.organisator.ch\/fr\/wp-json\/wp\/v2\/tags?post=30575"}],"curies":[{"name":"wp","href":"https:\/\/api.w.org\/{rel}","templated":true}]}}