{"id":30616,"date":"2024-10-11T14:16:12","date_gmt":"2024-10-11T12:16:12","guid":{"rendered":"https:\/\/www.markt-kom.com\/?p=224942"},"modified":"2024-11-07T16:24:13","modified_gmt":"2024-11-07T15:24:13","slug":"stoeckli-eroeffnet-neuen-manufakturladen-in-malters","status":"publish","type":"post","link":"https:\/\/www.organisator.ch\/fr\/marketing\/2024-10-11\/stoeckli-eroeffnet-neuen-manufakturladen-in-malters\/","title":{"rendered":"St\u00f6ckli ouvre un nouveau magasin de manufacture \u00e0 Malters"},"content":{"rendered":"<figure id=\"attachment_224944\" class=\"wp-caption alignnone\" style=\"width: 1400px\" aria-describedby=\"caption-attachment-224944\"><img class=\"alignnone wp-image-224944 size-full\" src=\"https:\/\/www.markt-kom.com\/wp-content\/uploads\/2024\/10\/Stockli_shop3855_%C2%A9Zak-van-Biljon-scaled.jpg\" alt=\"Ouverture du magasin St\u00f6ckli Manufaktur\" width=\"1400\" height=\"933\" \/>\r\n<figcaption id=\"caption-attachment-224944\" class=\"wp-caption-text\">\u00a9Zak van Biljon.<\/figcaption>\r\n<\/figure>\r\n<p>Mercredi, le moment \u00e9tait venu : le CEO de St\u00f6ckli, Marc Gl\u00e4ser, a coup\u00e9 solennellement le ruban d'ouverture du magasin de manufacture nouvellement r\u00e9nov\u00e9 au si\u00e8ge principal. \"L'extension de notre magasin de manufacture n'est pas seulement un engagement clair en faveur du site de notre entreprise \u00e0 Malters, mais aussi le r\u00e9sultat d'une collaboration fructueuse avec des entreprises de construction r\u00e9gionales\", souligne le CEO. \"Ainsi, d\u00e8s le d\u00e9but, il nous tenait \u00e0 c\u0153ur, outre l'investissement dans notre si\u00e8ge social et la cr\u00e9ation d'une exp\u00e9rience d'achat unique pour nos clients:es, de soutenir l'\u00e9conomie locale\". Ce sont pr\u00e9cis\u00e9ment ces partenaires r\u00e9gionaux de la construction ainsi que d'autres invit\u00e9s qui ont \u00e9t\u00e9 convi\u00e9s \u00e0 l'inauguration officielle du magasin sur place et qui ont pu trinquer ensemble \u00e0 la transformation lors d'un ap\u00e9ritif.<\/p>\r\n<figure id=\"attachment_224943\" class=\"wp-caption alignnone\" style=\"width: 1200px\" aria-describedby=\"caption-attachment-224943\"><img class=\"wp-image-224943 size-full\" src=\"https:\/\/www.markt-kom.com\/wp-content\/uploads\/2024\/10\/Stoeckli_Eroeffnung-Manufakturladen_vlnr_Ueli-Mattmann_Christian-Gut_Marc-Glaeser_Marco-Zimmermann_%C2%A9Stoeckli.jpg\" alt=\"\" width=\"1200\" height=\"900\" \/>\r\n<figcaption id=\"caption-attachment-224943\" class=\"wp-caption-text\">St\u00f6ckli Ouverture du magasin de manufacture (de gauche \u00e0 droite) : Ueli Mattmann, Christian Gut, Marc Gl\u00e4ser, Marco Zimmermann \u00a9St\u00f6ckli.<\/figcaption>\r\n<\/figure>\r\n<h3>La transformation s'est d\u00e9roul\u00e9e comme pr\u00e9vu<\/h3>\r\n<p>Apr\u00e8s la phase de planification, le magasin de manufacture existant a pu \u00eatre transform\u00e9 en \u00e9t\u00e9 en un magasin plus grand et moderne dans le style de St\u00f6ckli. Le mur de skis St\u00f6ckli, pi\u00e8ce ma\u00eetresse de chaque magasin, est bien en vue dans la pi\u00e8ce et pr\u00e9sente le grand choix de divers mod\u00e8les de skis. Mais il y a aussi beaucoup \u00e0 d\u00e9couvrir tout autour - un espace racing d\u00e9cor\u00e9 de troph\u00e9es de Marco Odermatt, un rayon textile bien achaland\u00e9 ainsi qu'un rayon bootfitting de haute qualit\u00e9 avec les technologies de bootfitting les plus modernes et un grand choix de chaussures de ski.<\/p>\r\n<h3>Tout ce que le c\u0153ur des skieurs d\u00e9sire<\/h3>\r\n<p>Le magasin Manufakturladen de Malters propose une gamme de produits qui r\u00e9pond \u00e0 tous les souhaits. Des d\u00e9butants aux skieurs confirm\u00e9s, des jeunes aux moins jeunes, la collection de ski St\u00f6ckli 24\/25 propose des skis adapt\u00e9s \u00e0 tous les skieurs et skieuses. Les v\u00eatements de ski correspondants peuvent \u00eatre trouv\u00e9s dans la collection textile St\u00f6ckli ou dans le large assortiment de marques partenaires. Des conseils personnalis\u00e9s et un grand savoir-faire en mati\u00e8re de service de skis, de bootfitting, etc. compl\u00e8tent la palette d'offres du magasin de fabrication St\u00f6ckli.<\/p>","protected":false},"excerpt":{"rendered":"<p>Apr\u00e8s une phase de transformation intensive durant l'\u00e9t\u00e9, St\u00f6ckli Swiss Sports a officiellement ouvert son magasin de manufacture r\u00e9am\u00e9nag\u00e9 au si\u00e8ge de Malters lors d'un \u00e9v\u00e9nement inaugural.<\/p>","protected":false},"author":8,"featured_media":0,"comment_status":"closed","ping_status":"closed","sticky":false,"template":"","format":"standard","meta":{"_acf_changed":false,"_yoast_wpseo_focuskw":"St\u00f6ckli Manufakturladen Er\u00f6ffnung","_yoast_wpseo_metadesc":"St\u00f6ckli-CEO Marc Gl\u00e4ser er\u00f6ffnet den renovierten Manufakturladen in Malters mit regionalen Baupartnern und geladenen G\u00e4sten.","articlekey":"","footnotes":""},"categories":[29],"tags":[4345,4343,4616],"class_list":["post-30616","post","type-post","status-publish","format-standard","hentry","category-marketing","tag-business","tag-markom","tag-stoeckli-swiss-sports"],"acf":[],"yoast_head":"<!-- This site is optimized with the Yoast SEO plugin v27.4 - https:\/\/yoast.com\/product\/yoast-seo-wordpress\/ -->\n<title>St\u00f6ckli er\u00f6ffnet neuen Manufakturladen in Malters - Organisator<\/title>\n<meta name=\"description\" content=\"St\u00f6ckli-CEO Marc Gl\u00e4ser er\u00f6ffnet den renovierten Manufakturladen in Malters mit regionalen Baupartnern und geladenen G\u00e4sten.\" \/>\n<meta name=\"robots\" content=\"index, follow, max-snippet:-1, max-image-preview:large, max-video-preview:-1\" \/>\n<link rel=\"canonical\" href=\"https:\/\/www.organisator.ch\/fr\/marketing\/2024-10-11\/stoeckli-eroeffnet-neuen-manufakturladen-in-malters\/\" \/>\n<meta property=\"og:locale\" content=\"fr_FR\" \/>\n<meta property=\"og:type\" content=\"article\" \/>\n<meta property=\"og:title\" content=\"St\u00f6ckli er\u00f6ffnet neuen Manufakturladen in Malters - Organisator\" \/>\n<meta property=\"og:description\" content=\"St\u00f6ckli-CEO Marc Gl\u00e4ser er\u00f6ffnet den renovierten Manufakturladen in Malters mit regionalen Baupartnern und geladenen G\u00e4sten.\" \/>\n<meta property=\"og:url\" content=\"https:\/\/www.organisator.ch\/fr\/marketing\/2024-10-11\/stoeckli-eroeffnet-neuen-manufakturladen-in-malters\/\" \/>\n<meta property=\"og:site_name\" content=\"Organisator\" \/>\n<meta property=\"article:publisher\" content=\"https:\/\/www.facebook.com\/OrganisatorFachmagazin\" \/>\n<meta property=\"article:published_time\" content=\"2024-10-11T12:16:12+00:00\" \/>\n<meta property=\"article:modified_time\" content=\"2024-11-07T15:24:13+00:00\" \/>\n<meta property=\"og:image\" content=\"https:\/\/www.markt-kom.com\/wp-content\/uploads\/2024\/10\/Stockli_shop3855_%C2%A9Zak-van-Biljon-scaled.jpg\" \/>\n<meta name=\"author\" content=\"galledia\" \/>\n<meta name=\"twitter:card\" content=\"summary_large_image\" \/>\n<meta name=\"twitter:creator\" content=\"@admin\" \/>\n<script type=\"application\/ld+json\" class=\"yoast-schema-graph\">{\"@context\":\"https:\\\/\\\/schema.org\",\"@graph\":[{\"@type\":\"Article\",\"@id\":\"https:\\\/\\\/www.organisator.ch\\\/marketing\\\/2024-10-11\\\/stoeckli-eroeffnet-neuen-manufakturladen-in-malters\\\/#article\",\"isPartOf\":{\"@id\":\"https:\\\/\\\/www.organisator.ch\\\/marketing\\\/2024-10-11\\\/stoeckli-eroeffnet-neuen-manufakturladen-in-malters\\\/\"},\"author\":{\"name\":\"galledia\",\"@id\":\"https:\\\/\\\/www.organisator.ch\\\/#\\\/schema\\\/person\\\/4e51799071cd2dd1232ac003643ef5f0\"},\"headline\":\"St\u00f6ckli er\u00f6ffnet neuen Manufakturladen in Malters\",\"datePublished\":\"2024-10-11T12:16:12+00:00\",\"dateModified\":\"2024-11-07T15:24:13+00:00\",\"mainEntityOfPage\":{\"@id\":\"https:\\\/\\\/www.organisator.ch\\\/marketing\\\/2024-10-11\\\/stoeckli-eroeffnet-neuen-manufakturladen-in-malters\\\/\"},\"wordCount\":298,\"publisher\":{\"@id\":\"https:\\\/\\\/www.organisator.ch\\\/#organization\"},\"image\":{\"@id\":\"https:\\\/\\\/www.organisator.ch\\\/marketing\\\/2024-10-11\\\/stoeckli-eroeffnet-neuen-manufakturladen-in-malters\\\/#primaryimage\"},\"thumbnailUrl\":\"https:\\\/\\\/www.markt-kom.com\\\/wp-content\\\/uploads\\\/2024\\\/10\\\/Stockli_shop3855_%C2%A9Zak-van-Biljon-scaled.jpg\",\"keywords\":[\"Business\",\"MarKom\",\"St\u00f6ckli Swiss Sports\"],\"articleSection\":[\"MARKETING\"],\"inLanguage\":\"fr-FR\"},{\"@type\":\"WebPage\",\"@id\":\"https:\\\/\\\/www.organisator.ch\\\/marketing\\\/2024-10-11\\\/stoeckli-eroeffnet-neuen-manufakturladen-in-malters\\\/\",\"url\":\"https:\\\/\\\/www.organisator.ch\\\/marketing\\\/2024-10-11\\\/stoeckli-eroeffnet-neuen-manufakturladen-in-malters\\\/\",\"name\":\"St\u00f6ckli er\u00f6ffnet neuen Manufakturladen in Malters - Organisator\",\"isPartOf\":{\"@id\":\"https:\\\/\\\/www.organisator.ch\\\/#website\"},\"primaryImageOfPage\":{\"@id\":\"https:\\\/\\\/www.organisator.ch\\\/marketing\\\/2024-10-11\\\/stoeckli-eroeffnet-neuen-manufakturladen-in-malters\\\/#primaryimage\"},\"image\":{\"@id\":\"https:\\\/\\\/www.organisator.ch\\\/marketing\\\/2024-10-11\\\/stoeckli-eroeffnet-neuen-manufakturladen-in-malters\\\/#primaryimage\"},\"thumbnailUrl\":\"https:\\\/\\\/www.markt-kom.com\\\/wp-content\\\/uploads\\\/2024\\\/10\\\/Stockli_shop3855_%C2%A9Zak-van-Biljon-scaled.jpg\",\"datePublished\":\"2024-10-11T12:16:12+00:00\",\"dateModified\":\"2024-11-07T15:24:13+00:00\",\"description\":\"St\u00f6ckli-CEO Marc Gl\u00e4ser er\u00f6ffnet den renovierten Manufakturladen in Malters mit regionalen Baupartnern und geladenen G\u00e4sten.\",\"breadcrumb\":{\"@id\":\"https:\\\/\\\/www.organisator.ch\\\/marketing\\\/2024-10-11\\\/stoeckli-eroeffnet-neuen-manufakturladen-in-malters\\\/#breadcrumb\"},\"inLanguage\":\"fr-FR\",\"potentialAction\":[{\"@type\":\"ReadAction\",\"target\":[\"https:\\\/\\\/www.organisator.ch\\\/marketing\\\/2024-10-11\\\/stoeckli-eroeffnet-neuen-manufakturladen-in-malters\\\/\"]}]},{\"@type\":\"ImageObject\",\"inLanguage\":\"fr-FR\",\"@id\":\"https:\\\/\\\/www.organisator.ch\\\/marketing\\\/2024-10-11\\\/stoeckli-eroeffnet-neuen-manufakturladen-in-malters\\\/#primaryimage\",\"url\":\"https:\\\/\\\/www.markt-kom.com\\\/wp-content\\\/uploads\\\/2024\\\/10\\\/Stockli_shop3855_%C2%A9Zak-van-Biljon-scaled.jpg\",\"contentUrl\":\"https:\\\/\\\/www.markt-kom.com\\\/wp-content\\\/uploads\\\/2024\\\/10\\\/Stockli_shop3855_%C2%A9Zak-van-Biljon-scaled.jpg\"},{\"@type\":\"BreadcrumbList\",\"@id\":\"https:\\\/\\\/www.organisator.ch\\\/marketing\\\/2024-10-11\\\/stoeckli-eroeffnet-neuen-manufakturladen-in-malters\\\/#breadcrumb\",\"itemListElement\":[{\"@type\":\"ListItem\",\"position\":1,\"name\":\"Home\",\"item\":\"https:\\\/\\\/www.organisator.ch\\\/\"},{\"@type\":\"ListItem\",\"position\":2,\"name\":\"St\u00f6ckli er\u00f6ffnet neuen Manufakturladen in Malters\"}]},{\"@type\":\"WebSite\",\"@id\":\"https:\\\/\\\/www.organisator.ch\\\/#website\",\"url\":\"https:\\\/\\\/www.organisator.ch\\\/\",\"name\":\"Organisator\",\"description\":\"Kompetent. Praxisnah. Der ORGANISATOR bereitet in 10 Ausgaben pro Jahr die wesentlichen Themen f\u00fcr F\u00fchrungskr\u00e4fte von KMU auf.\",\"publisher\":{\"@id\":\"https:\\\/\\\/www.organisator.ch\\\/#organization\"},\"potentialAction\":[{\"@type\":\"SearchAction\",\"target\":{\"@type\":\"EntryPoint\",\"urlTemplate\":\"https:\\\/\\\/www.organisator.ch\\\/?s={search_term_string}\"},\"query-input\":{\"@type\":\"PropertyValueSpecification\",\"valueRequired\":true,\"valueName\":\"search_term_string\"}}],\"inLanguage\":\"fr-FR\"},{\"@type\":\"Organization\",\"@id\":\"https:\\\/\\\/www.organisator.ch\\\/#organization\",\"name\":\"Organisator\",\"url\":\"https:\\\/\\\/www.organisator.ch\\\/\",\"logo\":{\"@type\":\"ImageObject\",\"inLanguage\":\"fr-FR\",\"@id\":\"https:\\\/\\\/www.organisator.ch\\\/#\\\/schema\\\/logo\\\/image\\\/\",\"url\":\"https:\\\/\\\/www.organisator.ch\\\/wp-content\\\/uploads\\\/2022\\\/01\\\/Logo_Organisator_Website.png\",\"contentUrl\":\"https:\\\/\\\/www.organisator.ch\\\/wp-content\\\/uploads\\\/2022\\\/01\\\/Logo_Organisator_Website.png\",\"width\":800,\"height\":77,\"caption\":\"Organisator\"},\"image\":{\"@id\":\"https:\\\/\\\/www.organisator.ch\\\/#\\\/schema\\\/logo\\\/image\\\/\"},\"sameAs\":[\"https:\\\/\\\/www.facebook.com\\\/OrganisatorFachmagazin\",\"https:\\\/\\\/www.linkedin.com\\\/showcase\\\/organisator-das-magazin-fr-kmu\",\"https:\\\/\\\/www.xing.com\\\/news\\\/pages\\\/organisator-ch-695\",\"https:\\\/\\\/www.youtube.com\\\/channel\\\/UCGP2Sq0iWaZwT3BdIAQFYpw\"]},{\"@type\":\"Person\",\"@id\":\"https:\\\/\\\/www.organisator.ch\\\/#\\\/schema\\\/person\\\/4e51799071cd2dd1232ac003643ef5f0\",\"name\":\"galledia\",\"image\":{\"@type\":\"ImageObject\",\"inLanguage\":\"fr-FR\",\"@id\":\"https:\\\/\\\/secure.gravatar.com\\\/avatar\\\/78a7f90c01fc2bfc875782a0d4922b37cde2cf184ce347b91316d23cd7f69a36?s=96&d=mm&r=g\",\"url\":\"https:\\\/\\\/secure.gravatar.com\\\/avatar\\\/78a7f90c01fc2bfc875782a0d4922b37cde2cf184ce347b91316d23cd7f69a36?s=96&d=mm&r=g\",\"contentUrl\":\"https:\\\/\\\/secure.gravatar.com\\\/avatar\\\/78a7f90c01fc2bfc875782a0d4922b37cde2cf184ce347b91316d23cd7f69a36?s=96&d=mm&r=g\",\"caption\":\"galledia\"},\"sameAs\":[\"https:\\\/\\\/x.com\\\/admin\"],\"url\":\"https:\\\/\\\/www.organisator.ch\\\/fr\\\/author\\\/galledia\\\/\"}]}<\/script>\n<!-- \/ Yoast SEO plugin. -->","yoast_head_json":{"title":"St\u00f6ckli ouvre un nouveau magasin de manufacture \u00e0 Malters - Organisateur","description":"Le CEO de St\u00f6ckli, Marc Gl\u00e4ser, inaugure le magasin de manufacture r\u00e9nov\u00e9 de Malters avec des partenaires de construction r\u00e9gionaux et des invit\u00e9s.","robots":{"index":"index","follow":"follow","max-snippet":"max-snippet:-1","max-image-preview":"max-image-preview:large","max-video-preview":"max-video-preview:-1"},"canonical":"https:\/\/www.organisator.ch\/fr\/marketing\/2024-10-11\/stoeckli-eroeffnet-neuen-manufakturladen-in-malters\/","og_locale":"fr_FR","og_type":"article","og_title":"St\u00f6ckli er\u00f6ffnet neuen Manufakturladen in Malters - Organisator","og_description":"St\u00f6ckli-CEO Marc Gl\u00e4ser er\u00f6ffnet den renovierten Manufakturladen in Malters mit regionalen Baupartnern und geladenen G\u00e4sten.","og_url":"https:\/\/www.organisator.ch\/fr\/marketing\/2024-10-11\/stoeckli-eroeffnet-neuen-manufakturladen-in-malters\/","og_site_name":"Organisator","article_publisher":"https:\/\/www.facebook.com\/OrganisatorFachmagazin","article_published_time":"2024-10-11T12:16:12+00:00","article_modified_time":"2024-11-07T15:24:13+00:00","og_image":[{"url":"https:\/\/www.markt-kom.com\/wp-content\/uploads\/2024\/10\/Stockli_shop3855_%C2%A9Zak-van-Biljon-scaled.jpg","type":"","width":"","height":""}],"author":"galledia","twitter_card":"summary_large_image","twitter_creator":"@admin","schema":{"@context":"https:\/\/schema.org","@graph":[{"@type":"Article","@id":"https:\/\/www.organisator.ch\/marketing\/2024-10-11\/stoeckli-eroeffnet-neuen-manufakturladen-in-malters\/#article","isPartOf":{"@id":"https:\/\/www.organisator.ch\/marketing\/2024-10-11\/stoeckli-eroeffnet-neuen-manufakturladen-in-malters\/"},"author":{"name":"galledia","@id":"https:\/\/www.organisator.ch\/#\/schema\/person\/4e51799071cd2dd1232ac003643ef5f0"},"headline":"St\u00f6ckli er\u00f6ffnet neuen Manufakturladen in Malters","datePublished":"2024-10-11T12:16:12+00:00","dateModified":"2024-11-07T15:24:13+00:00","mainEntityOfPage":{"@id":"https:\/\/www.organisator.ch\/marketing\/2024-10-11\/stoeckli-eroeffnet-neuen-manufakturladen-in-malters\/"},"wordCount":298,"publisher":{"@id":"https:\/\/www.organisator.ch\/#organization"},"image":{"@id":"https:\/\/www.organisator.ch\/marketing\/2024-10-11\/stoeckli-eroeffnet-neuen-manufakturladen-in-malters\/#primaryimage"},"thumbnailUrl":"https:\/\/www.markt-kom.com\/wp-content\/uploads\/2024\/10\/Stockli_shop3855_%C2%A9Zak-van-Biljon-scaled.jpg","keywords":["Business","MarKom","St\u00f6ckli Swiss Sports"],"articleSection":["MARKETING"],"inLanguage":"fr-FR"},{"@type":"WebPage","@id":"https:\/\/www.organisator.ch\/marketing\/2024-10-11\/stoeckli-eroeffnet-neuen-manufakturladen-in-malters\/","url":"https:\/\/www.organisator.ch\/marketing\/2024-10-11\/stoeckli-eroeffnet-neuen-manufakturladen-in-malters\/","name":"St\u00f6ckli ouvre un nouveau magasin de manufacture \u00e0 Malters - Organisateur","isPartOf":{"@id":"https:\/\/www.organisator.ch\/#website"},"primaryImageOfPage":{"@id":"https:\/\/www.organisator.ch\/marketing\/2024-10-11\/stoeckli-eroeffnet-neuen-manufakturladen-in-malters\/#primaryimage"},"image":{"@id":"https:\/\/www.organisator.ch\/marketing\/2024-10-11\/stoeckli-eroeffnet-neuen-manufakturladen-in-malters\/#primaryimage"},"thumbnailUrl":"https:\/\/www.markt-kom.com\/wp-content\/uploads\/2024\/10\/Stockli_shop3855_%C2%A9Zak-van-Biljon-scaled.jpg","datePublished":"2024-10-11T12:16:12+00:00","dateModified":"2024-11-07T15:24:13+00:00","description":"Le CEO de St\u00f6ckli, Marc Gl\u00e4ser, inaugure le magasin de manufacture r\u00e9nov\u00e9 de Malters avec des partenaires de construction r\u00e9gionaux et des invit\u00e9s.","breadcrumb":{"@id":"https:\/\/www.organisator.ch\/marketing\/2024-10-11\/stoeckli-eroeffnet-neuen-manufakturladen-in-malters\/#breadcrumb"},"inLanguage":"fr-FR","potentialAction":[{"@type":"ReadAction","target":["https:\/\/www.organisator.ch\/marketing\/2024-10-11\/stoeckli-eroeffnet-neuen-manufakturladen-in-malters\/"]}]},{"@type":"ImageObject","inLanguage":"fr-FR","@id":"https:\/\/www.organisator.ch\/marketing\/2024-10-11\/stoeckli-eroeffnet-neuen-manufakturladen-in-malters\/#primaryimage","url":"https:\/\/www.markt-kom.com\/wp-content\/uploads\/2024\/10\/Stockli_shop3855_%C2%A9Zak-van-Biljon-scaled.jpg","contentUrl":"https:\/\/www.markt-kom.com\/wp-content\/uploads\/2024\/10\/Stockli_shop3855_%C2%A9Zak-van-Biljon-scaled.jpg"},{"@type":"BreadcrumbList","@id":"https:\/\/www.organisator.ch\/marketing\/2024-10-11\/stoeckli-eroeffnet-neuen-manufakturladen-in-malters\/#breadcrumb","itemListElement":[{"@type":"ListItem","position":1,"name":"Home","item":"https:\/\/www.organisator.ch\/"},{"@type":"ListItem","position":2,"name":"St\u00f6ckli er\u00f6ffnet neuen Manufakturladen in Malters"}]},{"@type":"WebSite","@id":"https:\/\/www.organisator.ch\/#website","url":"https:\/\/www.organisator.ch\/","name":"Organisateur","description":"Comp\u00e9tence et comp\u00e9tence. Proches de la pratique. L'ORGANISATEUR pr\u00e9pare 10 num\u00e9ros par an sur les th\u00e8mes essentiels pour les dirigeants de PME.","publisher":{"@id":"https:\/\/www.organisator.ch\/#organization"},"potentialAction":[{"@type":"SearchAction","target":{"@type":"EntryPoint","urlTemplate":"https:\/\/www.organisator.ch\/?s={search_term_string}"},"query-input":{"@type":"PropertyValueSpecification","valueRequired":true,"valueName":"search_term_string"}}],"inLanguage":"fr-FR"},{"@type":"Organization","@id":"https:\/\/www.organisator.ch\/#organization","name":"Organisateur","url":"https:\/\/www.organisator.ch\/","logo":{"@type":"ImageObject","inLanguage":"fr-FR","@id":"https:\/\/www.organisator.ch\/#\/schema\/logo\/image\/","url":"https:\/\/www.organisator.ch\/wp-content\/uploads\/2022\/01\/Logo_Organisator_Website.png","contentUrl":"https:\/\/www.organisator.ch\/wp-content\/uploads\/2022\/01\/Logo_Organisator_Website.png","width":800,"height":77,"caption":"Organisator"},"image":{"@id":"https:\/\/www.organisator.ch\/#\/schema\/logo\/image\/"},"sameAs":["https:\/\/www.facebook.com\/OrganisatorFachmagazin","https:\/\/www.linkedin.com\/showcase\/organisator-das-magazin-fr-kmu","https:\/\/www.xing.com\/news\/pages\/organisator-ch-695","https:\/\/www.youtube.com\/channel\/UCGP2Sq0iWaZwT3BdIAQFYpw"]},{"@type":"Person","@id":"https:\/\/www.organisator.ch\/#\/schema\/person\/4e51799071cd2dd1232ac003643ef5f0","name":"galledia","image":{"@type":"ImageObject","inLanguage":"fr-FR","@id":"https:\/\/secure.gravatar.com\/avatar\/78a7f90c01fc2bfc875782a0d4922b37cde2cf184ce347b91316d23cd7f69a36?s=96&d=mm&r=g","url":"https:\/\/secure.gravatar.com\/avatar\/78a7f90c01fc2bfc875782a0d4922b37cde2cf184ce347b91316d23cd7f69a36?s=96&d=mm&r=g","contentUrl":"https:\/\/secure.gravatar.com\/avatar\/78a7f90c01fc2bfc875782a0d4922b37cde2cf184ce347b91316d23cd7f69a36?s=96&d=mm&r=g","caption":"galledia"},"sameAs":["https:\/\/x.com\/admin"],"url":"https:\/\/www.organisator.ch\/fr\/author\/galledia\/"}]}},"_links":{"self":[{"href":"https:\/\/www.organisator.ch\/fr\/wp-json\/wp\/v2\/posts\/30616","targetHints":{"allow":["GET"]}}],"collection":[{"href":"https:\/\/www.organisator.ch\/fr\/wp-json\/wp\/v2\/posts"}],"about":[{"href":"https:\/\/www.organisator.ch\/fr\/wp-json\/wp\/v2\/types\/post"}],"author":[{"embeddable":true,"href":"https:\/\/www.organisator.ch\/fr\/wp-json\/wp\/v2\/users\/8"}],"replies":[{"embeddable":true,"href":"https:\/\/www.organisator.ch\/fr\/wp-json\/wp\/v2\/comments?post=30616"}],"version-history":[{"count":4,"href":"https:\/\/www.organisator.ch\/fr\/wp-json\/wp\/v2\/posts\/30616\/revisions"}],"predecessor-version":[{"id":31794,"href":"https:\/\/www.organisator.ch\/fr\/wp-json\/wp\/v2\/posts\/30616\/revisions\/31794"}],"wp:attachment":[{"href":"https:\/\/www.organisator.ch\/fr\/wp-json\/wp\/v2\/media?parent=30616"}],"wp:term":[{"taxonomy":"category","embeddable":true,"href":"https:\/\/www.organisator.ch\/fr\/wp-json\/wp\/v2\/categories?post=30616"},{"taxonomy":"post_tag","embeddable":true,"href":"https:\/\/www.organisator.ch\/fr\/wp-json\/wp\/v2\/tags?post=30616"}],"curies":[{"name":"wp","href":"https:\/\/api.w.org\/{rel}","templated":true}]}}