{"id":3062,"date":"2018-01-29T16:37:44","date_gmt":"2018-01-29T15:37:44","guid":{"rendered":"https:\/\/www.organisator.ch\/?p=3062"},"modified":"2018-01-29T16:37:44","modified_gmt":"2018-01-29T15:37:44","slug":"schweizer-software-unternehmen-opacc-feiert-30-jahr-jubilaeum","status":"publish","type":"post","link":"https:\/\/www.organisator.ch\/fr\/management\/it\/2018-01-29\/schweizer-software-unternehmen-opacc-feiert-30-jahr-jubilaeum\/","title":{"rendered":"L'entreprise suisse de logiciels Opacc f\u00eate son 30e anniversaire"},"content":{"rendered":"<figure id=\"attachment_3063\" aria-describedby=\"caption-attachment-3063\" style=\"width: 480px\" class=\"wp-caption alignnone\"><img loading=\"lazy\" decoding=\"async\" class=\"size-full wp-image-3063\" src=\"https:\/\/www.organisator.ch\/wp-content\/uploads\/2018\/01\/Schweizer-Software-Unternehmen-Opacc-feiert-30-Jahr-Jubilaeum-1_Organisator.jpg\" alt=\"\" width=\"480\" height=\"562\" srcset=\"https:\/\/www.organisator.ch\/wp-content\/uploads\/2018\/01\/Schweizer-Software-Unternehmen-Opacc-feiert-30-Jahr-Jubilaeum-1_Organisator.jpg 480w, https:\/\/www.organisator.ch\/wp-content\/uploads\/2018\/01\/Schweizer-Software-Unternehmen-Opacc-feiert-30-Jahr-Jubilaeum-1_Organisator-10x12.jpg 10w, https:\/\/www.organisator.ch\/wp-content\/uploads\/2018\/01\/Schweizer-Software-Unternehmen-Opacc-feiert-30-Jahr-Jubilaeum-1_Organisator-149x175.jpg 149w, https:\/\/www.organisator.ch\/wp-content\/uploads\/2018\/01\/Schweizer-Software-Unternehmen-Opacc-feiert-30-Jahr-Jubilaeum-1_Organisator-299x350.jpg 299w, https:\/\/www.organisator.ch\/wp-content\/uploads\/2018\/01\/Schweizer-Software-Unternehmen-Opacc-feiert-30-Jahr-Jubilaeum-1_Organisator-300x351.jpg 300w\" sizes=\"auto, (max-width: 480px) 100vw, 480px\" \/><figcaption id=\"caption-attachment-3063\" class=\"wp-caption-text\">Il peut se retourner avec fiert\u00e9 sur les 30 ans d'histoire de son entreprise : Beat Bussmann, CEO du fabricant de logiciels Opacc de Suisse centrale. (Image : Opacc)<\/figcaption><\/figure>\n<p>Est-on encore jeune \u00e0 30 ans ? \"Oui, mais ...\" estime Beat Bussmann, CEO et fondateur d'Opacc Software AG : \"Encore jeune, parce que nous \u00e9voluons sur le march\u00e9 avec agilit\u00e9 et en pleine forme. Mais nous jouissons aussi d'une certaine 'anciennet\u00e9', car dans la branche informatique, 30 ans d'activit\u00e9 commerciale r\u00e9ussie signifient beaucoup. La continuit\u00e9 et le long terme sont justement des facteurs d\u00e9cisifs dans le domaine des logiciels d'entreprise\".<\/p>\n<h2>Fond\u00e9e il y a 30 ans<\/h2>\n<p>L'entreprise lucernoise a \u00e9t\u00e9 inscrite au registre du commerce de Lucerne il y a 30 ans, le 22 janvier 1988. D'une id\u00e9e commerciale est n\u00e9 un fournisseur de logiciels \u00e9tabli et renomm\u00e9, employant actuellement 125 personnes. Le fondateur et CEO de l'entreprise, Beat Bussmann, se souvient des premiers jours et des premi\u00e8res semaines : \"Notre credo d'alors est rest\u00e9 le m\u00eame jusqu'\u00e0 aujourd'hui : La qualit\u00e9 plut\u00f4t que la quantit\u00e9 !\" Des PME de tous les secteurs utilisent les applications OpaccERP, OpaccEnterpriseShop et OpaccEnterpriseCRM - sur une seule plateforme : OpaccOXAS met \u00e0 disposition toutes les donn\u00e9es, fonctions et services pour g\u00e9rer les flux de marchandises, d'argent, de prestations et d'informations dans toute l'entreprise.<\/p>\n<h2><strong>Ann\u00e9e record 2017<\/strong><\/h2>\n<p>Comme l'indique l'Opacc, l'exercice \u00e9coul\u00e9 a \u00e9t\u00e9 le plus fructueux de toute l'histoire de l'entreprise, tant en ce qui concerne les nouveaux clients que le d\u00e9veloppement des clients existants. Comme lors de toutes les ann\u00e9es pr\u00e9c\u00e9dentes, la cr\u00e9ation de valeur a pu \u00eatre augment\u00e9e. Opacc, dont le si\u00e8ge est \u00e0 Kriens, est en outre enti\u00e8rement autofinanc\u00e9 et donc financi\u00e8rement ind\u00e9pendant. Le d\u00e9veloppement continu des applications logicielles d'entreprise Opacc est ainsi assur\u00e9 \u00e0 l'avenir \u00e9galement, comme l'indique l'entreprise.<\/p>\n<figure id=\"attachment_3064\" aria-describedby=\"caption-attachment-3064\" style=\"width: 640px\" class=\"wp-caption alignnone\"><img loading=\"lazy\" decoding=\"async\" class=\"size-full wp-image-3064\" src=\"https:\/\/www.organisator.ch\/wp-content\/uploads\/2018\/01\/Schweizer-Software-Unternehmen-Opacc-feiert-30-Jahr-Jubilaeum-2_Organisator.jpg\" alt=\"\" width=\"640\" height=\"243\" srcset=\"https:\/\/www.organisator.ch\/wp-content\/uploads\/2018\/01\/Schweizer-Software-Unternehmen-Opacc-feiert-30-Jahr-Jubilaeum-2_Organisator.jpg 640w, https:\/\/www.organisator.ch\/wp-content\/uploads\/2018\/01\/Schweizer-Software-Unternehmen-Opacc-feiert-30-Jahr-Jubilaeum-2_Organisator-16x6.jpg 16w, https:\/\/www.organisator.ch\/wp-content\/uploads\/2018\/01\/Schweizer-Software-Unternehmen-Opacc-feiert-30-Jahr-Jubilaeum-2_Organisator-375x142.jpg 375w, https:\/\/www.organisator.ch\/wp-content\/uploads\/2018\/01\/Schweizer-Software-Unternehmen-Opacc-feiert-30-Jahr-Jubilaeum-2_Organisator-300x114.jpg 300w\" sizes=\"auto, (max-width: 640px) 100vw, 640px\" \/><figcaption id=\"caption-attachment-3064\" class=\"wp-caption-text\">Le \"cadeau d'anniversaire\" : l'OpaccCampus de Rothenburg tel qu'il devrait \u00eatre un jour. (Image : Opacc)<\/figcaption><\/figure>\n<h2><strong>Nouveau OpaccCampus \u00e0 Rothenburg<\/strong><\/h2>\n<p>En automne 2018, le fabricant de logiciels quittera son site de longue date de Kriens pour s'installer \u00e0 Rothenburg. Le nouveau b\u00e2timent d'Opacc, situ\u00e9 \u00e0 proximit\u00e9 imm\u00e9diate de la gare de Rothenburg et de la sortie d'autoroute de Rothenburg, est con\u00e7u pour accueillir environ 200 collaborateurs. Cela suffira pour de nombreuses ann\u00e9es, d'autant plus qu'il existe un potentiel d'extension pour un total de 400 collaborateurs sur le propre site. L'entreprise, qui a \u00e9t\u00e9 r\u00e9compens\u00e9e \u00e0 plusieurs reprises pour ses conditions de travail progressistes et qui applique depuis de nombreuses ann\u00e9es une strat\u00e9gie d'\u00e9quilibre entre vie professionnelle et vie priv\u00e9e, pose ainsi un nouveau jalon dans le d\u00e9veloppement de sa culture d'entreprise. Le nouveau b\u00e2timent de Rothenburg contribuera largement \u00e0 cr\u00e9er un environnement de travail innovant et ouvrira de nouvelles perspectives pour la formation et le perfectionnement au sein de l'entreprise.<\/p>\n<p>Les festivit\u00e9s du 30e anniversaire de l'entreprise Opacc auront lieu le week-end du 15 au 17 novembre 2018 \u00e0 Rothenburg.<\/p>\n<p><em><a href=\"http:\/\/www.opacc.ch\">Site web de l'entreprise<\/a><\/em><\/p>","protected":false},"excerpt":{"rendered":"<p>Ist man mit 30 Jahren noch jung? \u00abJa, aber \u2026\u00bb meint Beat Bussmann, CEO und Gr\u00fcnder der Opacc Software AG: \u00abNoch jung, weil wir uns agil und top-fit am Markt bewegen. Wir geniessen aber auch eine gewisse \u201aSeniorit\u00e4t\u2018, weil in der Informatikbranche 30 Jahre erfolgreiche Gesch\u00e4ftst\u00e4tigkeit sehr viel bedeuten. Kontinuit\u00e4t und Langfristigkeit sind gerade bei [&hellip;]<\/p>\n","protected":false},"author":4,"featured_media":3063,"comment_status":"open","ping_status":"open","sticky":false,"template":"","format":"standard","meta":{"_acf_changed":false,"_yoast_wpseo_focuskw":"Opacc","_yoast_wpseo_metadesc":"Opacc feiert 2018 einen runden Geburtstag: Der Software-Hersteller aus Kriens wird dieses Jahr 30-j\u00e4hrig. Das \u00e4usserst erfolgreiche Gesch\u00e4ftsjahr 2017 ist ein weiterer Grund f\u00fcr einen positiven Ausblick f\u00fcr 2018.","articlekey":"","footnotes":""},"categories":[27],"tags":[286,288,292,492,508],"class_list":["post-3062","post","type-post","status-publish","format-standard","has-post-thumbnail","hentry","category-it","tag-it","tag-it-business-software","tag-jubilaeum","tag-unternehmen","tag-vermischtes"],"acf":[],"yoast_head":"<!-- This site is optimized with the Yoast SEO plugin v27.5 - https:\/\/yoast.com\/product\/yoast-seo-wordpress\/ -->\n<title>Schweizer Software-Unternehmen Opacc feiert 30-Jahr-Jubil\u00e4um - Organisator<\/title>\n<meta name=\"description\" content=\"Opacc feiert 2018 einen runden Geburtstag: Der Software-Hersteller aus Kriens wird dieses Jahr 30-j\u00e4hrig. Das \u00e4usserst erfolgreiche Gesch\u00e4ftsjahr 2017 ist ein weiterer Grund f\u00fcr einen positiven Ausblick f\u00fcr 2018.\" \/>\n<meta name=\"robots\" content=\"index, follow, max-snippet:-1, max-image-preview:large, max-video-preview:-1\" \/>\n<link rel=\"canonical\" href=\"https:\/\/www.organisator.ch\/fr\/gestion-2\/it\/2018-01-29\/schweizer-software-unternehmen-opacc-feiert-30-jahr-jubilaeum\/\" \/>\n<meta property=\"og:locale\" content=\"fr_FR\" \/>\n<meta property=\"og:type\" content=\"article\" \/>\n<meta property=\"og:title\" content=\"Schweizer Software-Unternehmen Opacc feiert 30-Jahr-Jubil\u00e4um\" \/>\n<meta property=\"og:description\" content=\"#Opacc feiert 2018 einen runden Geburtstag: Der #Software-Hersteller aus Kriens wird dieses Jahr 30-j\u00e4hrig. Das \u00e4usserst erfolgreiche Gesch\u00e4ftsjahr 2017 ist ein weiterer Grund f\u00fcr einen positiven Ausblick f\u00fcr 2018.\" \/>\n<meta property=\"og:url\" content=\"https:\/\/www.organisator.ch\/fr\/gestion-2\/it\/2018-01-29\/schweizer-software-unternehmen-opacc-feiert-30-jahr-jubilaeum\/\" \/>\n<meta property=\"og:site_name\" content=\"Organisator\" \/>\n<meta property=\"article:publisher\" content=\"https:\/\/www.facebook.com\/OrganisatorFachmagazin\" \/>\n<meta property=\"article:published_time\" content=\"2018-01-29T15:37:44+00:00\" \/>\n<meta property=\"og:image\" content=\"https:\/\/www.organisator.ch\/wp-content\/uploads\/2018\/01\/Schweizer-Software-Unternehmen-Opacc-feiert-30-Jahr-Jubilaeum-1_Organisator.jpg\" \/>\n\t<meta property=\"og:image:width\" content=\"480\" \/>\n\t<meta property=\"og:image:height\" content=\"562\" \/>\n\t<meta property=\"og:image:type\" content=\"image\/jpeg\" \/>\n<meta name=\"author\" content=\"thomas.berner\" \/>\n<meta name=\"twitter:card\" content=\"summary_large_image\" \/>\n<meta name=\"twitter:title\" content=\"Schweizer #Software-Unternehmen #Opacc feiert 30-Jahr-Jubil\u00e4um\" \/>\n<meta name=\"twitter:description\" content=\"#Opacc feiert 2018 einen runden Geburtstag: Der #Software-Hersteller aus Kriens wird dieses Jahr 30-j\u00e4hrig. Das \u00e4usserst erfolgreiche Gesch\u00e4ftsjahr 2017 ist ein weiterer Grund f\u00fcr einen positiven Ausblick f\u00fcr 2018.\" \/>\n<meta name=\"twitter:image\" content=\"https:\/\/www.organisator.ch\/wp-content\/uploads\/2018\/01\/Schweizer-Software-Unternehmen-Opacc-feiert-30-Jahr-Jubil\u00e4um-1_Organisator.jpg\" \/>\n<script type=\"application\/ld+json\" class=\"yoast-schema-graph\">{\"@context\":\"https:\\\/\\\/schema.org\",\"@graph\":[{\"@type\":\"Article\",\"@id\":\"https:\\\/\\\/www.organisator.ch\\\/management\\\/it\\\/2018-01-29\\\/schweizer-software-unternehmen-opacc-feiert-30-jahr-jubilaeum\\\/#article\",\"isPartOf\":{\"@id\":\"https:\\\/\\\/www.organisator.ch\\\/management\\\/it\\\/2018-01-29\\\/schweizer-software-unternehmen-opacc-feiert-30-jahr-jubilaeum\\\/\"},\"author\":{\"name\":\"thomas.berner\",\"@id\":\"https:\\\/\\\/www.organisator.ch\\\/#\\\/schema\\\/person\\\/6f650f90b2842cd4c0cc334b4e36f67e\"},\"headline\":\"Schweizer Software-Unternehmen Opacc feiert 30-Jahr-Jubil\u00e4um\",\"datePublished\":\"2018-01-29T15:37:44+00:00\",\"mainEntityOfPage\":{\"@id\":\"https:\\\/\\\/www.organisator.ch\\\/management\\\/it\\\/2018-01-29\\\/schweizer-software-unternehmen-opacc-feiert-30-jahr-jubilaeum\\\/\"},\"wordCount\":412,\"commentCount\":0,\"publisher\":{\"@id\":\"https:\\\/\\\/www.organisator.ch\\\/#organization\"},\"image\":{\"@id\":\"https:\\\/\\\/www.organisator.ch\\\/management\\\/it\\\/2018-01-29\\\/schweizer-software-unternehmen-opacc-feiert-30-jahr-jubilaeum\\\/#primaryimage\"},\"thumbnailUrl\":\"https:\\\/\\\/www.organisator.ch\\\/wp-content\\\/uploads\\\/2018\\\/01\\\/Schweizer-Software-Unternehmen-Opacc-feiert-30-Jahr-Jubilaeum-1_Organisator.jpg\",\"keywords\":[\"IT\",\"IT &amp; Business Software\",\"Jubil\u00e4um\",\"Unternehmen\",\"Vermischtes\"],\"articleSection\":[\"IT\"],\"inLanguage\":\"fr-FR\"},{\"@type\":\"WebPage\",\"@id\":\"https:\\\/\\\/www.organisator.ch\\\/management\\\/it\\\/2018-01-29\\\/schweizer-software-unternehmen-opacc-feiert-30-jahr-jubilaeum\\\/\",\"url\":\"https:\\\/\\\/www.organisator.ch\\\/management\\\/it\\\/2018-01-29\\\/schweizer-software-unternehmen-opacc-feiert-30-jahr-jubilaeum\\\/\",\"name\":\"Schweizer Software-Unternehmen Opacc feiert 30-Jahr-Jubil\u00e4um - Organisator\",\"isPartOf\":{\"@id\":\"https:\\\/\\\/www.organisator.ch\\\/#website\"},\"primaryImageOfPage\":{\"@id\":\"https:\\\/\\\/www.organisator.ch\\\/management\\\/it\\\/2018-01-29\\\/schweizer-software-unternehmen-opacc-feiert-30-jahr-jubilaeum\\\/#primaryimage\"},\"image\":{\"@id\":\"https:\\\/\\\/www.organisator.ch\\\/management\\\/it\\\/2018-01-29\\\/schweizer-software-unternehmen-opacc-feiert-30-jahr-jubilaeum\\\/#primaryimage\"},\"thumbnailUrl\":\"https:\\\/\\\/www.organisator.ch\\\/wp-content\\\/uploads\\\/2018\\\/01\\\/Schweizer-Software-Unternehmen-Opacc-feiert-30-Jahr-Jubilaeum-1_Organisator.jpg\",\"datePublished\":\"2018-01-29T15:37:44+00:00\",\"description\":\"Opacc feiert 2018 einen runden Geburtstag: Der Software-Hersteller aus Kriens wird dieses Jahr 30-j\u00e4hrig. Das \u00e4usserst erfolgreiche Gesch\u00e4ftsjahr 2017 ist ein weiterer Grund f\u00fcr einen positiven Ausblick f\u00fcr 2018.\",\"breadcrumb\":{\"@id\":\"https:\\\/\\\/www.organisator.ch\\\/management\\\/it\\\/2018-01-29\\\/schweizer-software-unternehmen-opacc-feiert-30-jahr-jubilaeum\\\/#breadcrumb\"},\"inLanguage\":\"fr-FR\",\"potentialAction\":[{\"@type\":\"ReadAction\",\"target\":[\"https:\\\/\\\/www.organisator.ch\\\/management\\\/it\\\/2018-01-29\\\/schweizer-software-unternehmen-opacc-feiert-30-jahr-jubilaeum\\\/\"]}]},{\"@type\":\"ImageObject\",\"inLanguage\":\"fr-FR\",\"@id\":\"https:\\\/\\\/www.organisator.ch\\\/management\\\/it\\\/2018-01-29\\\/schweizer-software-unternehmen-opacc-feiert-30-jahr-jubilaeum\\\/#primaryimage\",\"url\":\"https:\\\/\\\/www.organisator.ch\\\/wp-content\\\/uploads\\\/2018\\\/01\\\/Schweizer-Software-Unternehmen-Opacc-feiert-30-Jahr-Jubilaeum-1_Organisator.jpg\",\"contentUrl\":\"https:\\\/\\\/www.organisator.ch\\\/wp-content\\\/uploads\\\/2018\\\/01\\\/Schweizer-Software-Unternehmen-Opacc-feiert-30-Jahr-Jubilaeum-1_Organisator.jpg\",\"width\":480,\"height\":562,\"caption\":\"Darf mit Stolz auf die 30-j\u00e4hrige Geschichte seines Unternehmens zur\u00fcckblicken: Beat Bussmann, CEO des Innerschweizer Software-Herstellers Opacc.\"},{\"@type\":\"BreadcrumbList\",\"@id\":\"https:\\\/\\\/www.organisator.ch\\\/management\\\/it\\\/2018-01-29\\\/schweizer-software-unternehmen-opacc-feiert-30-jahr-jubilaeum\\\/#breadcrumb\",\"itemListElement\":[{\"@type\":\"ListItem\",\"position\":1,\"name\":\"Home\",\"item\":\"https:\\\/\\\/www.organisator.ch\\\/\"},{\"@type\":\"ListItem\",\"position\":2,\"name\":\"Schweizer Software-Unternehmen Opacc feiert 30-Jahr-Jubil\u00e4um\"}]},{\"@type\":\"WebSite\",\"@id\":\"https:\\\/\\\/www.organisator.ch\\\/#website\",\"url\":\"https:\\\/\\\/www.organisator.ch\\\/\",\"name\":\"Organisator\",\"description\":\"Kompetent. Praxisnah. Der ORGANISATOR bereitet in 10 Ausgaben pro Jahr die wesentlichen Themen f\u00fcr F\u00fchrungskr\u00e4fte von KMU auf.\",\"publisher\":{\"@id\":\"https:\\\/\\\/www.organisator.ch\\\/#organization\"},\"potentialAction\":[{\"@type\":\"SearchAction\",\"target\":{\"@type\":\"EntryPoint\",\"urlTemplate\":\"https:\\\/\\\/www.organisator.ch\\\/?s={search_term_string}\"},\"query-input\":{\"@type\":\"PropertyValueSpecification\",\"valueRequired\":true,\"valueName\":\"search_term_string\"}}],\"inLanguage\":\"fr-FR\"},{\"@type\":\"Organization\",\"@id\":\"https:\\\/\\\/www.organisator.ch\\\/#organization\",\"name\":\"Organisator\",\"url\":\"https:\\\/\\\/www.organisator.ch\\\/\",\"logo\":{\"@type\":\"ImageObject\",\"inLanguage\":\"fr-FR\",\"@id\":\"https:\\\/\\\/www.organisator.ch\\\/#\\\/schema\\\/logo\\\/image\\\/\",\"url\":\"https:\\\/\\\/www.organisator.ch\\\/wp-content\\\/uploads\\\/2022\\\/01\\\/Logo_Organisator_Website.png\",\"contentUrl\":\"https:\\\/\\\/www.organisator.ch\\\/wp-content\\\/uploads\\\/2022\\\/01\\\/Logo_Organisator_Website.png\",\"width\":800,\"height\":77,\"caption\":\"Organisator\"},\"image\":{\"@id\":\"https:\\\/\\\/www.organisator.ch\\\/#\\\/schema\\\/logo\\\/image\\\/\"},\"sameAs\":[\"https:\\\/\\\/www.facebook.com\\\/OrganisatorFachmagazin\",\"https:\\\/\\\/www.linkedin.com\\\/showcase\\\/organisator-das-magazin-fr-kmu\",\"https:\\\/\\\/www.xing.com\\\/news\\\/pages\\\/organisator-ch-695\",\"https:\\\/\\\/www.youtube.com\\\/channel\\\/UCGP2Sq0iWaZwT3BdIAQFYpw\"]},{\"@type\":\"Person\",\"@id\":\"https:\\\/\\\/www.organisator.ch\\\/#\\\/schema\\\/person\\\/6f650f90b2842cd4c0cc334b4e36f67e\",\"name\":\"thomas.berner\",\"image\":{\"@type\":\"ImageObject\",\"inLanguage\":\"fr-FR\",\"@id\":\"https:\\\/\\\/secure.gravatar.com\\\/avatar\\\/ac5001d2a36cb6c6cd3e50789007ffca834b477b74a2144564522e944eabff61?s=96&d=mm&r=g\",\"url\":\"https:\\\/\\\/secure.gravatar.com\\\/avatar\\\/ac5001d2a36cb6c6cd3e50789007ffca834b477b74a2144564522e944eabff61?s=96&d=mm&r=g\",\"contentUrl\":\"https:\\\/\\\/secure.gravatar.com\\\/avatar\\\/ac5001d2a36cb6c6cd3e50789007ffca834b477b74a2144564522e944eabff61?s=96&d=mm&r=g\",\"caption\":\"thomas.berner\"},\"url\":\"https:\\\/\\\/www.organisator.ch\\\/fr\\\/author\\\/thomas-berner\\\/\"}]}<\/script>\n<!-- \/ Yoast SEO plugin. -->","yoast_head_json":{"title":"L'entreprise suisse de logiciels Opacc f\u00eate son 30e anniversaire - Organisateur","description":"Opacc f\u00eatera un anniversaire rond en 2018 : le fabricant de logiciels de Kriens aura 30 ans cette ann\u00e9e. L'exercice 2017, extr\u00eamement r\u00e9ussi, est une raison suppl\u00e9mentaire d'envisager 2018 avec optimisme.","robots":{"index":"index","follow":"follow","max-snippet":"max-snippet:-1","max-image-preview":"max-image-preview:large","max-video-preview":"max-video-preview:-1"},"canonical":"https:\/\/www.organisator.ch\/fr\/gestion-2\/it\/2018-01-29\/schweizer-software-unternehmen-opacc-feiert-30-jahr-jubilaeum\/","og_locale":"fr_FR","og_type":"article","og_title":"Schweizer Software-Unternehmen Opacc feiert 30-Jahr-Jubil\u00e4um","og_description":"#Opacc feiert 2018 einen runden Geburtstag: Der #Software-Hersteller aus Kriens wird dieses Jahr 30-j\u00e4hrig. Das \u00e4usserst erfolgreiche Gesch\u00e4ftsjahr 2017 ist ein weiterer Grund f\u00fcr einen positiven Ausblick f\u00fcr 2018.","og_url":"https:\/\/www.organisator.ch\/fr\/gestion-2\/it\/2018-01-29\/schweizer-software-unternehmen-opacc-feiert-30-jahr-jubilaeum\/","og_site_name":"Organisator","article_publisher":"https:\/\/www.facebook.com\/OrganisatorFachmagazin","article_published_time":"2018-01-29T15:37:44+00:00","og_image":[{"width":480,"height":562,"url":"https:\/\/www.organisator.ch\/wp-content\/uploads\/2018\/01\/Schweizer-Software-Unternehmen-Opacc-feiert-30-Jahr-Jubilaeum-1_Organisator.jpg","type":"image\/jpeg"}],"author":"thomas.berner","twitter_card":"summary_large_image","twitter_title":"Schweizer #Software-Unternehmen #Opacc feiert 30-Jahr-Jubil\u00e4um","twitter_description":"#Opacc feiert 2018 einen runden Geburtstag: Der #Software-Hersteller aus Kriens wird dieses Jahr 30-j\u00e4hrig. Das \u00e4usserst erfolgreiche Gesch\u00e4ftsjahr 2017 ist ein weiterer Grund f\u00fcr einen positiven Ausblick f\u00fcr 2018.","twitter_image":"https:\/\/www.organisator.ch\/wp-content\/uploads\/2018\/01\/Schweizer-Software-Unternehmen-Opacc-feiert-30-Jahr-Jubil\u00e4um-1_Organisator.jpg","schema":{"@context":"https:\/\/schema.org","@graph":[{"@type":"Article","@id":"https:\/\/www.organisator.ch\/management\/it\/2018-01-29\/schweizer-software-unternehmen-opacc-feiert-30-jahr-jubilaeum\/#article","isPartOf":{"@id":"https:\/\/www.organisator.ch\/management\/it\/2018-01-29\/schweizer-software-unternehmen-opacc-feiert-30-jahr-jubilaeum\/"},"author":{"name":"thomas.berner","@id":"https:\/\/www.organisator.ch\/#\/schema\/person\/6f650f90b2842cd4c0cc334b4e36f67e"},"headline":"Schweizer Software-Unternehmen Opacc feiert 30-Jahr-Jubil\u00e4um","datePublished":"2018-01-29T15:37:44+00:00","mainEntityOfPage":{"@id":"https:\/\/www.organisator.ch\/management\/it\/2018-01-29\/schweizer-software-unternehmen-opacc-feiert-30-jahr-jubilaeum\/"},"wordCount":412,"commentCount":0,"publisher":{"@id":"https:\/\/www.organisator.ch\/#organization"},"image":{"@id":"https:\/\/www.organisator.ch\/management\/it\/2018-01-29\/schweizer-software-unternehmen-opacc-feiert-30-jahr-jubilaeum\/#primaryimage"},"thumbnailUrl":"https:\/\/www.organisator.ch\/wp-content\/uploads\/2018\/01\/Schweizer-Software-Unternehmen-Opacc-feiert-30-Jahr-Jubilaeum-1_Organisator.jpg","keywords":["IT","IT &amp; Business Software","Jubil\u00e4um","Unternehmen","Vermischtes"],"articleSection":["IT"],"inLanguage":"fr-FR"},{"@type":"WebPage","@id":"https:\/\/www.organisator.ch\/management\/it\/2018-01-29\/schweizer-software-unternehmen-opacc-feiert-30-jahr-jubilaeum\/","url":"https:\/\/www.organisator.ch\/management\/it\/2018-01-29\/schweizer-software-unternehmen-opacc-feiert-30-jahr-jubilaeum\/","name":"L'entreprise suisse de logiciels Opacc f\u00eate son 30e anniversaire - Organisateur","isPartOf":{"@id":"https:\/\/www.organisator.ch\/#website"},"primaryImageOfPage":{"@id":"https:\/\/www.organisator.ch\/management\/it\/2018-01-29\/schweizer-software-unternehmen-opacc-feiert-30-jahr-jubilaeum\/#primaryimage"},"image":{"@id":"https:\/\/www.organisator.ch\/management\/it\/2018-01-29\/schweizer-software-unternehmen-opacc-feiert-30-jahr-jubilaeum\/#primaryimage"},"thumbnailUrl":"https:\/\/www.organisator.ch\/wp-content\/uploads\/2018\/01\/Schweizer-Software-Unternehmen-Opacc-feiert-30-Jahr-Jubilaeum-1_Organisator.jpg","datePublished":"2018-01-29T15:37:44+00:00","description":"Opacc f\u00eatera un anniversaire rond en 2018 : le fabricant de logiciels de Kriens aura 30 ans cette ann\u00e9e. L'exercice 2017, extr\u00eamement r\u00e9ussi, est une raison suppl\u00e9mentaire d'envisager 2018 avec optimisme.","breadcrumb":{"@id":"https:\/\/www.organisator.ch\/management\/it\/2018-01-29\/schweizer-software-unternehmen-opacc-feiert-30-jahr-jubilaeum\/#breadcrumb"},"inLanguage":"fr-FR","potentialAction":[{"@type":"ReadAction","target":["https:\/\/www.organisator.ch\/management\/it\/2018-01-29\/schweizer-software-unternehmen-opacc-feiert-30-jahr-jubilaeum\/"]}]},{"@type":"ImageObject","inLanguage":"fr-FR","@id":"https:\/\/www.organisator.ch\/management\/it\/2018-01-29\/schweizer-software-unternehmen-opacc-feiert-30-jahr-jubilaeum\/#primaryimage","url":"https:\/\/www.organisator.ch\/wp-content\/uploads\/2018\/01\/Schweizer-Software-Unternehmen-Opacc-feiert-30-Jahr-Jubilaeum-1_Organisator.jpg","contentUrl":"https:\/\/www.organisator.ch\/wp-content\/uploads\/2018\/01\/Schweizer-Software-Unternehmen-Opacc-feiert-30-Jahr-Jubilaeum-1_Organisator.jpg","width":480,"height":562,"caption":"Darf mit Stolz auf die 30-j\u00e4hrige Geschichte seines Unternehmens zur\u00fcckblicken: Beat Bussmann, CEO des Innerschweizer Software-Herstellers Opacc."},{"@type":"BreadcrumbList","@id":"https:\/\/www.organisator.ch\/management\/it\/2018-01-29\/schweizer-software-unternehmen-opacc-feiert-30-jahr-jubilaeum\/#breadcrumb","itemListElement":[{"@type":"ListItem","position":1,"name":"Home","item":"https:\/\/www.organisator.ch\/"},{"@type":"ListItem","position":2,"name":"Schweizer Software-Unternehmen Opacc feiert 30-Jahr-Jubil\u00e4um"}]},{"@type":"WebSite","@id":"https:\/\/www.organisator.ch\/#website","url":"https:\/\/www.organisator.ch\/","name":"Organisateur","description":"Comp\u00e9tence et comp\u00e9tence. Proches de la pratique. L'ORGANISATEUR pr\u00e9pare 10 num\u00e9ros par an sur les th\u00e8mes essentiels pour les dirigeants de PME.","publisher":{"@id":"https:\/\/www.organisator.ch\/#organization"},"potentialAction":[{"@type":"SearchAction","target":{"@type":"EntryPoint","urlTemplate":"https:\/\/www.organisator.ch\/?s={search_term_string}"},"query-input":{"@type":"PropertyValueSpecification","valueRequired":true,"valueName":"search_term_string"}}],"inLanguage":"fr-FR"},{"@type":"Organization","@id":"https:\/\/www.organisator.ch\/#organization","name":"Organisateur","url":"https:\/\/www.organisator.ch\/","logo":{"@type":"ImageObject","inLanguage":"fr-FR","@id":"https:\/\/www.organisator.ch\/#\/schema\/logo\/image\/","url":"https:\/\/www.organisator.ch\/wp-content\/uploads\/2022\/01\/Logo_Organisator_Website.png","contentUrl":"https:\/\/www.organisator.ch\/wp-content\/uploads\/2022\/01\/Logo_Organisator_Website.png","width":800,"height":77,"caption":"Organisator"},"image":{"@id":"https:\/\/www.organisator.ch\/#\/schema\/logo\/image\/"},"sameAs":["https:\/\/www.facebook.com\/OrganisatorFachmagazin","https:\/\/www.linkedin.com\/showcase\/organisator-das-magazin-fr-kmu","https:\/\/www.xing.com\/news\/pages\/organisator-ch-695","https:\/\/www.youtube.com\/channel\/UCGP2Sq0iWaZwT3BdIAQFYpw"]},{"@type":"Person","@id":"https:\/\/www.organisator.ch\/#\/schema\/person\/6f650f90b2842cd4c0cc334b4e36f67e","name":"thomas.berner","image":{"@type":"ImageObject","inLanguage":"fr-FR","@id":"https:\/\/secure.gravatar.com\/avatar\/ac5001d2a36cb6c6cd3e50789007ffca834b477b74a2144564522e944eabff61?s=96&d=mm&r=g","url":"https:\/\/secure.gravatar.com\/avatar\/ac5001d2a36cb6c6cd3e50789007ffca834b477b74a2144564522e944eabff61?s=96&d=mm&r=g","contentUrl":"https:\/\/secure.gravatar.com\/avatar\/ac5001d2a36cb6c6cd3e50789007ffca834b477b74a2144564522e944eabff61?s=96&d=mm&r=g","caption":"thomas.berner"},"url":"https:\/\/www.organisator.ch\/fr\/author\/thomas-berner\/"}]}},"_links":{"self":[{"href":"https:\/\/www.organisator.ch\/fr\/wp-json\/wp\/v2\/posts\/3062","targetHints":{"allow":["GET"]}}],"collection":[{"href":"https:\/\/www.organisator.ch\/fr\/wp-json\/wp\/v2\/posts"}],"about":[{"href":"https:\/\/www.organisator.ch\/fr\/wp-json\/wp\/v2\/types\/post"}],"author":[{"embeddable":true,"href":"https:\/\/www.organisator.ch\/fr\/wp-json\/wp\/v2\/users\/4"}],"replies":[{"embeddable":true,"href":"https:\/\/www.organisator.ch\/fr\/wp-json\/wp\/v2\/comments?post=3062"}],"version-history":[{"count":0,"href":"https:\/\/www.organisator.ch\/fr\/wp-json\/wp\/v2\/posts\/3062\/revisions"}],"wp:featuredmedia":[{"embeddable":true,"href":"https:\/\/www.organisator.ch\/fr\/wp-json\/wp\/v2\/media\/3063"}],"wp:attachment":[{"href":"https:\/\/www.organisator.ch\/fr\/wp-json\/wp\/v2\/media?parent=3062"}],"wp:term":[{"taxonomy":"category","embeddable":true,"href":"https:\/\/www.organisator.ch\/fr\/wp-json\/wp\/v2\/categories?post=3062"},{"taxonomy":"post_tag","embeddable":true,"href":"https:\/\/www.organisator.ch\/fr\/wp-json\/wp\/v2\/tags?post=3062"}],"curies":[{"name":"wp","href":"https:\/\/api.w.org\/{rel}","templated":true}]}}