{"id":30684,"date":"2024-10-15T03:56:05","date_gmt":"2024-10-15T01:56:05","guid":{"rendered":"https:\/\/www.markt-kom.com\/?p=225024"},"modified":"2024-11-07T13:00:30","modified_gmt":"2024-11-07T12:00:30","slug":"rocket-ist-neues-mitglied-von-leading-swiss-agencies-lsa","status":"publish","type":"post","link":"https:\/\/www.organisator.ch\/fr\/marketing\/2024-10-15\/rocket-ist-neues-mitglied-von-leading-swiss-agencies-lsa\/","title":{"rendered":"Rocket est un nouveau membre de Leading Swiss Agencies LSA"},"content":{"rendered":"<p><img class=\"aligncenter wp-image-225025 size-full\" src=\"https:\/\/www.markt-kom.com\/wp-content\/uploads\/2024\/10\/lsa-rocket-agentur.jpg\" alt=\"Agence Rocket \" width=\"1200\" height=\"900\" \/><\/p>\r\n<p>Le site <a href=\"https:\/\/www.rocket.ch\/\" rel=\"noopener\">Agence Rocket<\/a> a \u00e9t\u00e9 fond\u00e9e il y a 20 ans au c\u0153ur de Lucerne. Les CFF, Concordia, Emmi, Livit, Mobility, entre autres, font partie de la client\u00e8le de l'\u00e9quipe de 16 personnes.<\/p>\r\n<p>L'offre de services de Rocket comprend tout, du branding, du campaigning, des m\u00e9dias sociaux, du conseil en strat\u00e9gie, du d\u00e9veloppement web et du design UX. Son r\u00e9seau de partenaires et ses capacit\u00e9s polyvalentes en interne font d'elle un interlocuteur comp\u00e9tent pour les projets de transformation num\u00e9rique. L'agence rejoint d\u00e9sormais l'association des principales agences de communication de Suisse LSA.<\/p>","protected":false},"excerpt":{"rendered":"<p>L'agence de publicit\u00e9 multiservices lucernoise Rocket est devenue le 1er octobre 2024 un nouveau membre de Leading Swiss Agencies, l'association des principales agences de communication de Suisse.<\/p>","protected":false},"author":8,"featured_media":0,"comment_status":"closed","ping_status":"closed","sticky":false,"template":"","format":"standard","meta":{"_acf_changed":false,"_yoast_wpseo_focuskw":"Agentur Rocket","_yoast_wpseo_metadesc":"Agentur Rocket aus Luzern bietet Branding, Campaigning, UX-Design, und schlie\u00dft sich nun dem Verband f\u00fchrender Schweizer Agenturen LSA an.","articlekey":"","footnotes":""},"categories":[29],"tags":[4345,3659,3599],"class_list":["post-30684","post","type-post","status-publish","format-standard","hentry","category-marketing","tag-business","tag-lsa-leading-swiss-agencies","tag-rocket"],"acf":[],"yoast_head":"<!-- This site is optimized with the Yoast SEO plugin v27.5 - https:\/\/yoast.com\/product\/yoast-seo-wordpress\/ -->\n<title>Rocket ist neues Mitglied von Leading Swiss Agencies LSA - Organisator<\/title>\n<meta name=\"description\" content=\"Agentur Rocket aus Luzern bietet Branding, Campaigning, UX-Design, und schlie\u00dft sich nun dem Verband f\u00fchrender Schweizer Agenturen LSA an.\" \/>\n<meta name=\"robots\" content=\"index, follow, max-snippet:-1, max-image-preview:large, max-video-preview:-1\" \/>\n<link rel=\"canonical\" href=\"https:\/\/www.organisator.ch\/fr\/marketing\/2024-10-15\/rocket-ist-neues-mitglied-von-leading-swiss-agencies-lsa\/\" \/>\n<meta property=\"og:locale\" content=\"fr_FR\" \/>\n<meta property=\"og:type\" content=\"article\" \/>\n<meta property=\"og:title\" content=\"Rocket ist neues Mitglied von Leading Swiss Agencies LSA - Organisator\" \/>\n<meta property=\"og:description\" content=\"Agentur Rocket aus Luzern bietet Branding, Campaigning, UX-Design, und schlie\u00dft sich nun dem Verband f\u00fchrender Schweizer Agenturen LSA an.\" \/>\n<meta property=\"og:url\" content=\"https:\/\/www.organisator.ch\/fr\/marketing\/2024-10-15\/rocket-ist-neues-mitglied-von-leading-swiss-agencies-lsa\/\" \/>\n<meta property=\"og:site_name\" content=\"Organisator\" \/>\n<meta property=\"article:publisher\" content=\"https:\/\/www.facebook.com\/OrganisatorFachmagazin\" \/>\n<meta property=\"article:published_time\" content=\"2024-10-15T01:56:05+00:00\" \/>\n<meta property=\"article:modified_time\" content=\"2024-11-07T12:00:30+00:00\" \/>\n<meta property=\"og:image\" content=\"https:\/\/www.markt-kom.com\/wp-content\/uploads\/2024\/10\/lsa-rocket-agentur.jpg\" \/>\n<meta name=\"author\" content=\"galledia\" \/>\n<meta name=\"twitter:card\" content=\"summary_large_image\" \/>\n<meta name=\"twitter:creator\" content=\"@admin\" \/>\n<script type=\"application\/ld+json\" class=\"yoast-schema-graph\">{\"@context\":\"https:\\\/\\\/schema.org\",\"@graph\":[{\"@type\":\"Article\",\"@id\":\"https:\\\/\\\/www.organisator.ch\\\/marketing\\\/2024-10-15\\\/rocket-ist-neues-mitglied-von-leading-swiss-agencies-lsa\\\/#article\",\"isPartOf\":{\"@id\":\"https:\\\/\\\/www.organisator.ch\\\/marketing\\\/2024-10-15\\\/rocket-ist-neues-mitglied-von-leading-swiss-agencies-lsa\\\/\"},\"author\":{\"name\":\"galledia\",\"@id\":\"https:\\\/\\\/www.organisator.ch\\\/#\\\/schema\\\/person\\\/4e51799071cd2dd1232ac003643ef5f0\"},\"headline\":\"Rocket ist neues Mitglied von Leading Swiss Agencies LSA\",\"datePublished\":\"2024-10-15T01:56:05+00:00\",\"dateModified\":\"2024-11-07T12:00:30+00:00\",\"mainEntityOfPage\":{\"@id\":\"https:\\\/\\\/www.organisator.ch\\\/marketing\\\/2024-10-15\\\/rocket-ist-neues-mitglied-von-leading-swiss-agencies-lsa\\\/\"},\"wordCount\":86,\"publisher\":{\"@id\":\"https:\\\/\\\/www.organisator.ch\\\/#organization\"},\"image\":{\"@id\":\"https:\\\/\\\/www.organisator.ch\\\/marketing\\\/2024-10-15\\\/rocket-ist-neues-mitglied-von-leading-swiss-agencies-lsa\\\/#primaryimage\"},\"thumbnailUrl\":\"https:\\\/\\\/www.markt-kom.com\\\/wp-content\\\/uploads\\\/2024\\\/10\\\/lsa-rocket-agentur.jpg\",\"keywords\":[\"Business\",\"LSA Leading Swiss Agencies\",\"Rocket\"],\"articleSection\":[\"MARKETING\"],\"inLanguage\":\"fr-FR\"},{\"@type\":\"WebPage\",\"@id\":\"https:\\\/\\\/www.organisator.ch\\\/marketing\\\/2024-10-15\\\/rocket-ist-neues-mitglied-von-leading-swiss-agencies-lsa\\\/\",\"url\":\"https:\\\/\\\/www.organisator.ch\\\/marketing\\\/2024-10-15\\\/rocket-ist-neues-mitglied-von-leading-swiss-agencies-lsa\\\/\",\"name\":\"Rocket ist neues Mitglied von Leading Swiss Agencies LSA - Organisator\",\"isPartOf\":{\"@id\":\"https:\\\/\\\/www.organisator.ch\\\/#website\"},\"primaryImageOfPage\":{\"@id\":\"https:\\\/\\\/www.organisator.ch\\\/marketing\\\/2024-10-15\\\/rocket-ist-neues-mitglied-von-leading-swiss-agencies-lsa\\\/#primaryimage\"},\"image\":{\"@id\":\"https:\\\/\\\/www.organisator.ch\\\/marketing\\\/2024-10-15\\\/rocket-ist-neues-mitglied-von-leading-swiss-agencies-lsa\\\/#primaryimage\"},\"thumbnailUrl\":\"https:\\\/\\\/www.markt-kom.com\\\/wp-content\\\/uploads\\\/2024\\\/10\\\/lsa-rocket-agentur.jpg\",\"datePublished\":\"2024-10-15T01:56:05+00:00\",\"dateModified\":\"2024-11-07T12:00:30+00:00\",\"description\":\"Agentur Rocket aus Luzern bietet Branding, Campaigning, UX-Design, und schlie\u00dft sich nun dem Verband f\u00fchrender Schweizer Agenturen LSA an.\",\"breadcrumb\":{\"@id\":\"https:\\\/\\\/www.organisator.ch\\\/marketing\\\/2024-10-15\\\/rocket-ist-neues-mitglied-von-leading-swiss-agencies-lsa\\\/#breadcrumb\"},\"inLanguage\":\"fr-FR\",\"potentialAction\":[{\"@type\":\"ReadAction\",\"target\":[\"https:\\\/\\\/www.organisator.ch\\\/marketing\\\/2024-10-15\\\/rocket-ist-neues-mitglied-von-leading-swiss-agencies-lsa\\\/\"]}]},{\"@type\":\"ImageObject\",\"inLanguage\":\"fr-FR\",\"@id\":\"https:\\\/\\\/www.organisator.ch\\\/marketing\\\/2024-10-15\\\/rocket-ist-neues-mitglied-von-leading-swiss-agencies-lsa\\\/#primaryimage\",\"url\":\"https:\\\/\\\/www.markt-kom.com\\\/wp-content\\\/uploads\\\/2024\\\/10\\\/lsa-rocket-agentur.jpg\",\"contentUrl\":\"https:\\\/\\\/www.markt-kom.com\\\/wp-content\\\/uploads\\\/2024\\\/10\\\/lsa-rocket-agentur.jpg\"},{\"@type\":\"BreadcrumbList\",\"@id\":\"https:\\\/\\\/www.organisator.ch\\\/marketing\\\/2024-10-15\\\/rocket-ist-neues-mitglied-von-leading-swiss-agencies-lsa\\\/#breadcrumb\",\"itemListElement\":[{\"@type\":\"ListItem\",\"position\":1,\"name\":\"Home\",\"item\":\"https:\\\/\\\/www.organisator.ch\\\/\"},{\"@type\":\"ListItem\",\"position\":2,\"name\":\"Rocket ist neues Mitglied von Leading Swiss Agencies LSA\"}]},{\"@type\":\"WebSite\",\"@id\":\"https:\\\/\\\/www.organisator.ch\\\/#website\",\"url\":\"https:\\\/\\\/www.organisator.ch\\\/\",\"name\":\"Organisator\",\"description\":\"Kompetent. Praxisnah. Der ORGANISATOR bereitet in 10 Ausgaben pro Jahr die wesentlichen Themen f\u00fcr F\u00fchrungskr\u00e4fte von KMU auf.\",\"publisher\":{\"@id\":\"https:\\\/\\\/www.organisator.ch\\\/#organization\"},\"potentialAction\":[{\"@type\":\"SearchAction\",\"target\":{\"@type\":\"EntryPoint\",\"urlTemplate\":\"https:\\\/\\\/www.organisator.ch\\\/?s={search_term_string}\"},\"query-input\":{\"@type\":\"PropertyValueSpecification\",\"valueRequired\":true,\"valueName\":\"search_term_string\"}}],\"inLanguage\":\"fr-FR\"},{\"@type\":\"Organization\",\"@id\":\"https:\\\/\\\/www.organisator.ch\\\/#organization\",\"name\":\"Organisator\",\"url\":\"https:\\\/\\\/www.organisator.ch\\\/\",\"logo\":{\"@type\":\"ImageObject\",\"inLanguage\":\"fr-FR\",\"@id\":\"https:\\\/\\\/www.organisator.ch\\\/#\\\/schema\\\/logo\\\/image\\\/\",\"url\":\"https:\\\/\\\/www.organisator.ch\\\/wp-content\\\/uploads\\\/2022\\\/01\\\/Logo_Organisator_Website.png\",\"contentUrl\":\"https:\\\/\\\/www.organisator.ch\\\/wp-content\\\/uploads\\\/2022\\\/01\\\/Logo_Organisator_Website.png\",\"width\":800,\"height\":77,\"caption\":\"Organisator\"},\"image\":{\"@id\":\"https:\\\/\\\/www.organisator.ch\\\/#\\\/schema\\\/logo\\\/image\\\/\"},\"sameAs\":[\"https:\\\/\\\/www.facebook.com\\\/OrganisatorFachmagazin\",\"https:\\\/\\\/www.linkedin.com\\\/showcase\\\/organisator-das-magazin-fr-kmu\",\"https:\\\/\\\/www.xing.com\\\/news\\\/pages\\\/organisator-ch-695\",\"https:\\\/\\\/www.youtube.com\\\/channel\\\/UCGP2Sq0iWaZwT3BdIAQFYpw\"]},{\"@type\":\"Person\",\"@id\":\"https:\\\/\\\/www.organisator.ch\\\/#\\\/schema\\\/person\\\/4e51799071cd2dd1232ac003643ef5f0\",\"name\":\"galledia\",\"image\":{\"@type\":\"ImageObject\",\"inLanguage\":\"fr-FR\",\"@id\":\"https:\\\/\\\/secure.gravatar.com\\\/avatar\\\/78a7f90c01fc2bfc875782a0d4922b37cde2cf184ce347b91316d23cd7f69a36?s=96&d=mm&r=g\",\"url\":\"https:\\\/\\\/secure.gravatar.com\\\/avatar\\\/78a7f90c01fc2bfc875782a0d4922b37cde2cf184ce347b91316d23cd7f69a36?s=96&d=mm&r=g\",\"contentUrl\":\"https:\\\/\\\/secure.gravatar.com\\\/avatar\\\/78a7f90c01fc2bfc875782a0d4922b37cde2cf184ce347b91316d23cd7f69a36?s=96&d=mm&r=g\",\"caption\":\"galledia\"},\"sameAs\":[\"https:\\\/\\\/x.com\\\/admin\"],\"url\":\"https:\\\/\\\/www.organisator.ch\\\/fr\\\/author\\\/galledia\\\/\"}]}<\/script>\n<!-- \/ Yoast SEO plugin. -->","yoast_head_json":{"title":"Rocket est un nouveau membre de Leading Swiss Agencies LSA - Organisateur","description":"L'agence Rocket de Lucerne propose du branding, du campaigning, de l'UX design, et rejoint d\u00e9sormais l'association des principales agences suisses LSA.","robots":{"index":"index","follow":"follow","max-snippet":"max-snippet:-1","max-image-preview":"max-image-preview:large","max-video-preview":"max-video-preview:-1"},"canonical":"https:\/\/www.organisator.ch\/fr\/marketing\/2024-10-15\/rocket-ist-neues-mitglied-von-leading-swiss-agencies-lsa\/","og_locale":"fr_FR","og_type":"article","og_title":"Rocket ist neues Mitglied von Leading Swiss Agencies LSA - Organisator","og_description":"Agentur Rocket aus Luzern bietet Branding, Campaigning, UX-Design, und schlie\u00dft sich nun dem Verband f\u00fchrender Schweizer Agenturen LSA an.","og_url":"https:\/\/www.organisator.ch\/fr\/marketing\/2024-10-15\/rocket-ist-neues-mitglied-von-leading-swiss-agencies-lsa\/","og_site_name":"Organisator","article_publisher":"https:\/\/www.facebook.com\/OrganisatorFachmagazin","article_published_time":"2024-10-15T01:56:05+00:00","article_modified_time":"2024-11-07T12:00:30+00:00","og_image":[{"url":"https:\/\/www.markt-kom.com\/wp-content\/uploads\/2024\/10\/lsa-rocket-agentur.jpg","type":"","width":"","height":""}],"author":"galledia","twitter_card":"summary_large_image","twitter_creator":"@admin","schema":{"@context":"https:\/\/schema.org","@graph":[{"@type":"Article","@id":"https:\/\/www.organisator.ch\/marketing\/2024-10-15\/rocket-ist-neues-mitglied-von-leading-swiss-agencies-lsa\/#article","isPartOf":{"@id":"https:\/\/www.organisator.ch\/marketing\/2024-10-15\/rocket-ist-neues-mitglied-von-leading-swiss-agencies-lsa\/"},"author":{"name":"galledia","@id":"https:\/\/www.organisator.ch\/#\/schema\/person\/4e51799071cd2dd1232ac003643ef5f0"},"headline":"Rocket ist neues Mitglied von Leading Swiss Agencies LSA","datePublished":"2024-10-15T01:56:05+00:00","dateModified":"2024-11-07T12:00:30+00:00","mainEntityOfPage":{"@id":"https:\/\/www.organisator.ch\/marketing\/2024-10-15\/rocket-ist-neues-mitglied-von-leading-swiss-agencies-lsa\/"},"wordCount":86,"publisher":{"@id":"https:\/\/www.organisator.ch\/#organization"},"image":{"@id":"https:\/\/www.organisator.ch\/marketing\/2024-10-15\/rocket-ist-neues-mitglied-von-leading-swiss-agencies-lsa\/#primaryimage"},"thumbnailUrl":"https:\/\/www.markt-kom.com\/wp-content\/uploads\/2024\/10\/lsa-rocket-agentur.jpg","keywords":["Business","LSA Leading Swiss Agencies","Rocket"],"articleSection":["MARKETING"],"inLanguage":"fr-FR"},{"@type":"WebPage","@id":"https:\/\/www.organisator.ch\/marketing\/2024-10-15\/rocket-ist-neues-mitglied-von-leading-swiss-agencies-lsa\/","url":"https:\/\/www.organisator.ch\/marketing\/2024-10-15\/rocket-ist-neues-mitglied-von-leading-swiss-agencies-lsa\/","name":"Rocket est un nouveau membre de Leading Swiss Agencies LSA - Organisateur","isPartOf":{"@id":"https:\/\/www.organisator.ch\/#website"},"primaryImageOfPage":{"@id":"https:\/\/www.organisator.ch\/marketing\/2024-10-15\/rocket-ist-neues-mitglied-von-leading-swiss-agencies-lsa\/#primaryimage"},"image":{"@id":"https:\/\/www.organisator.ch\/marketing\/2024-10-15\/rocket-ist-neues-mitglied-von-leading-swiss-agencies-lsa\/#primaryimage"},"thumbnailUrl":"https:\/\/www.markt-kom.com\/wp-content\/uploads\/2024\/10\/lsa-rocket-agentur.jpg","datePublished":"2024-10-15T01:56:05+00:00","dateModified":"2024-11-07T12:00:30+00:00","description":"L'agence Rocket de Lucerne propose du branding, du campaigning, de l'UX design, et rejoint d\u00e9sormais l'association des principales agences suisses LSA.","breadcrumb":{"@id":"https:\/\/www.organisator.ch\/marketing\/2024-10-15\/rocket-ist-neues-mitglied-von-leading-swiss-agencies-lsa\/#breadcrumb"},"inLanguage":"fr-FR","potentialAction":[{"@type":"ReadAction","target":["https:\/\/www.organisator.ch\/marketing\/2024-10-15\/rocket-ist-neues-mitglied-von-leading-swiss-agencies-lsa\/"]}]},{"@type":"ImageObject","inLanguage":"fr-FR","@id":"https:\/\/www.organisator.ch\/marketing\/2024-10-15\/rocket-ist-neues-mitglied-von-leading-swiss-agencies-lsa\/#primaryimage","url":"https:\/\/www.markt-kom.com\/wp-content\/uploads\/2024\/10\/lsa-rocket-agentur.jpg","contentUrl":"https:\/\/www.markt-kom.com\/wp-content\/uploads\/2024\/10\/lsa-rocket-agentur.jpg"},{"@type":"BreadcrumbList","@id":"https:\/\/www.organisator.ch\/marketing\/2024-10-15\/rocket-ist-neues-mitglied-von-leading-swiss-agencies-lsa\/#breadcrumb","itemListElement":[{"@type":"ListItem","position":1,"name":"Home","item":"https:\/\/www.organisator.ch\/"},{"@type":"ListItem","position":2,"name":"Rocket ist neues Mitglied von Leading Swiss Agencies LSA"}]},{"@type":"WebSite","@id":"https:\/\/www.organisator.ch\/#website","url":"https:\/\/www.organisator.ch\/","name":"Organisateur","description":"Comp\u00e9tence et comp\u00e9tence. Proches de la pratique. L'ORGANISATEUR pr\u00e9pare 10 num\u00e9ros par an sur les th\u00e8mes essentiels pour les dirigeants de PME.","publisher":{"@id":"https:\/\/www.organisator.ch\/#organization"},"potentialAction":[{"@type":"SearchAction","target":{"@type":"EntryPoint","urlTemplate":"https:\/\/www.organisator.ch\/?s={search_term_string}"},"query-input":{"@type":"PropertyValueSpecification","valueRequired":true,"valueName":"search_term_string"}}],"inLanguage":"fr-FR"},{"@type":"Organization","@id":"https:\/\/www.organisator.ch\/#organization","name":"Organisateur","url":"https:\/\/www.organisator.ch\/","logo":{"@type":"ImageObject","inLanguage":"fr-FR","@id":"https:\/\/www.organisator.ch\/#\/schema\/logo\/image\/","url":"https:\/\/www.organisator.ch\/wp-content\/uploads\/2022\/01\/Logo_Organisator_Website.png","contentUrl":"https:\/\/www.organisator.ch\/wp-content\/uploads\/2022\/01\/Logo_Organisator_Website.png","width":800,"height":77,"caption":"Organisator"},"image":{"@id":"https:\/\/www.organisator.ch\/#\/schema\/logo\/image\/"},"sameAs":["https:\/\/www.facebook.com\/OrganisatorFachmagazin","https:\/\/www.linkedin.com\/showcase\/organisator-das-magazin-fr-kmu","https:\/\/www.xing.com\/news\/pages\/organisator-ch-695","https:\/\/www.youtube.com\/channel\/UCGP2Sq0iWaZwT3BdIAQFYpw"]},{"@type":"Person","@id":"https:\/\/www.organisator.ch\/#\/schema\/person\/4e51799071cd2dd1232ac003643ef5f0","name":"galledia","image":{"@type":"ImageObject","inLanguage":"fr-FR","@id":"https:\/\/secure.gravatar.com\/avatar\/78a7f90c01fc2bfc875782a0d4922b37cde2cf184ce347b91316d23cd7f69a36?s=96&d=mm&r=g","url":"https:\/\/secure.gravatar.com\/avatar\/78a7f90c01fc2bfc875782a0d4922b37cde2cf184ce347b91316d23cd7f69a36?s=96&d=mm&r=g","contentUrl":"https:\/\/secure.gravatar.com\/avatar\/78a7f90c01fc2bfc875782a0d4922b37cde2cf184ce347b91316d23cd7f69a36?s=96&d=mm&r=g","caption":"galledia"},"sameAs":["https:\/\/x.com\/admin"],"url":"https:\/\/www.organisator.ch\/fr\/author\/galledia\/"}]}},"_links":{"self":[{"href":"https:\/\/www.organisator.ch\/fr\/wp-json\/wp\/v2\/posts\/30684","targetHints":{"allow":["GET"]}}],"collection":[{"href":"https:\/\/www.organisator.ch\/fr\/wp-json\/wp\/v2\/posts"}],"about":[{"href":"https:\/\/www.organisator.ch\/fr\/wp-json\/wp\/v2\/types\/post"}],"author":[{"embeddable":true,"href":"https:\/\/www.organisator.ch\/fr\/wp-json\/wp\/v2\/users\/8"}],"replies":[{"embeddable":true,"href":"https:\/\/www.organisator.ch\/fr\/wp-json\/wp\/v2\/comments?post=30684"}],"version-history":[{"count":5,"href":"https:\/\/www.organisator.ch\/fr\/wp-json\/wp\/v2\/posts\/30684\/revisions"}],"predecessor-version":[{"id":31774,"href":"https:\/\/www.organisator.ch\/fr\/wp-json\/wp\/v2\/posts\/30684\/revisions\/31774"}],"wp:attachment":[{"href":"https:\/\/www.organisator.ch\/fr\/wp-json\/wp\/v2\/media?parent=30684"}],"wp:term":[{"taxonomy":"category","embeddable":true,"href":"https:\/\/www.organisator.ch\/fr\/wp-json\/wp\/v2\/categories?post=30684"},{"taxonomy":"post_tag","embeddable":true,"href":"https:\/\/www.organisator.ch\/fr\/wp-json\/wp\/v2\/tags?post=30684"}],"curies":[{"name":"wp","href":"https:\/\/api.w.org\/{rel}","templated":true}]}}