{"id":30706,"date":"2024-10-23T10:30:40","date_gmt":"2024-10-23T08:30:40","guid":{"rendered":"https:\/\/www.organisator.ch\/?p=30706"},"modified":"2024-10-25T07:12:54","modified_gmt":"2024-10-25T05:12:54","slug":"prix-svc-wirtschaftsraum-zuerich-2024-hauenstein-ag","status":"publish","type":"post","link":"https:\/\/www.organisator.ch\/fr\/management\/2024-10-23\/prix-svc-wirtschaftsraum-zuerich-2024-hauenstein-ag\/","title":{"rendered":"Prix SVC Espace \u00e9conomique Zurich 2024 : Hauenstein AG"},"content":{"rendered":"<figure id=\"attachment_30707\" aria-describedby=\"caption-attachment-30707\" style=\"width: 680px\" class=\"wp-caption alignnone\"><img loading=\"lazy\" decoding=\"async\" class=\"size-full wp-image-30707\" src=\"https:\/\/www.organisator.ch\/wp-content\/uploads\/2024\/10\/Hauenstein-AG_Bild1_ps.jpg\" alt=\"\" width=\"680\" height=\"510\" srcset=\"https:\/\/www.organisator.ch\/wp-content\/uploads\/2024\/10\/Hauenstein-AG_Bild1_ps.jpg 680w, https:\/\/www.organisator.ch\/wp-content\/uploads\/2024\/10\/Hauenstein-AG_Bild1_ps-16x12.jpg 16w, https:\/\/www.organisator.ch\/wp-content\/uploads\/2024\/10\/Hauenstein-AG_Bild1_ps-375x281.jpg 375w, https:\/\/www.organisator.ch\/wp-content\/uploads\/2024\/10\/Hauenstein-AG_Bild1_ps-467x350.jpg 467w\" sizes=\"auto, (max-width: 680px) 100vw, 680px\" \/><figcaption id=\"caption-attachment-30707\" class=\"wp-caption-text\">Le d\u00e9veloppement durable est depuis toujours fermement ancr\u00e9 dans la philosophie d'entreprise de Hauenstein SA. (Photo : Hauenstein AG \/ www.hauenstein-rafz.ch)<\/figcaption><\/figure>\n<p>Hauenstein AG, dont le si\u00e8ge est \u00e0 Rafz ZH, est l'une des principales p\u00e9pini\u00e8res et jardineries de Suisse. Fond\u00e9e en 1890 par Walter Hauenstein, l'entreprise familiale s'est fait un nom en plus de 130 ans gr\u00e2ce \u00e0 sa sp\u00e9cialisation dans la production de plantes rustiques. Avec environ 180 collaborateurs, Hauenstein AG exploite aujourd'hui une p\u00e9pini\u00e8re \u00e0 Rafz et quatre jardineries \u00e0 Rafz, Zurich, Baar et Winterthur. Sous la direction de Rainer Marxsen, qui assume la direction op\u00e9rationnelle depuis 2013, l'entreprise mise sur la tradition, la durabilit\u00e9 et l'innovation.<\/p>\n<h3>Pionnier dans le \"secteur vert<\/h3>\n<p>Ce qui a commenc\u00e9 en 1890 comme une petite p\u00e9pini\u00e8re sur neuf ares de terrain s'est rapidement d\u00e9velopp\u00e9 pour devenir l'une des entreprises leaders de l'industrie horticole suisse. En 1960, l'entreprise a \u00e9t\u00e9 transform\u00e9e en soci\u00e9t\u00e9 anonyme et la m\u00eame ann\u00e9e, Hauenstein a ouvert la premi\u00e8re jardinerie de Suisse \u00e0 Zurich. L'entreprise posait ainsi la premi\u00e8re pierre de son succ\u00e8s actuel.<\/p>\n<p>Une autre \u00e9tape importante dans l'histoire de l'entreprise a \u00e9t\u00e9 l'agrandissement du jardin d'exposition \u00e0 Rafz en 2013 et l'ouverture du restaurant Botanica, qui a r\u00e9volutionn\u00e9 l'exp\u00e9rience d'achat des clients. La m\u00eame ann\u00e9e, Hauenstein AG a re\u00e7u le Taspo Award de la meilleure jardinerie g\u00e9r\u00e9e par une entreprise en Europe - une preuve de sa force d'innovation et de son engagement pour une qualit\u00e9 maximale.<\/p>\n<h3>La durabilit\u00e9 comme pilier<\/h3>\n<p>La durabilit\u00e9 a toujours \u00e9t\u00e9 fermement ancr\u00e9e dans la philosophie d'entreprise de Hauenstein SA. Environ 75 % de l'offre de plantes proviennent de la propre production de plantes indig\u00e8nes r\u00e9sistantes au froid, certifi\u00e9es par le label \"Suisse Garantie\". Depuis 1979, les cultures de plantes sont irrigu\u00e9es avec l'eau du Rhin. Un syst\u00e8me respectueux de l'environnement qui \u00e9vite totalement l'utilisation d'eau potable. En outre, Hauenstein AG renonce depuis 2002 \u00e0 la tourbe dans la production de plantes en conteneurs et utilise \u00e0 la place des fortifiants pour plantes au lieu de produits phytosanitaires chimiques.<\/p>\n<p>En avril 2024, la nouvelle halle de marmite de Flaach, \u00e9quip\u00e9e d'une installation photovolta\u00efque, a \u00e9t\u00e9 achev\u00e9e. La majeure partie de l'\u00e9lectricit\u00e9 produite est utilis\u00e9e dans la production, dans les locaux sociaux ainsi que pour la recharge des v\u00e9hicules \u00e9lectriques, tandis que l'\u00e9nergie exc\u00e9dentaire est inject\u00e9e dans le r\u00e9seau public. Cela repr\u00e9sente un pas de plus vers un approvisionnement \u00e9nerg\u00e9tique durable.<\/p>\n<h3><strong>Engagement pour le bien commun<\/strong><\/h3>\n<p>Chaque ann\u00e9e, l'entreprise soutient des projets d'utilit\u00e9 publique qui sont en accord avec les valeurs de l'entreprise. Ainsi, en 2023, elle a soutenu pour la quatri\u00e8me fois le projet \"Hortipharr\" en C\u00f4te d'Ivoire, qui cr\u00e9e des emplois locaux et favorise le d\u00e9veloppement agricole - un signe de l'engagement social \u00e0 long terme de l'entreprise.<\/p>\n<p><em>Plus d'informations : <a href=\"https:\/\/www.hauenstein-rafz.ch\/de\/\">www.hauenstein-rafz.ch<\/a> \/ <a href=\"https:\/\/svc.swiss\/de\">www.svc.swiss<\/a><\/em><\/p>\n<blockquote>\n<h3>Prix SVC Espace \u00e9conomique Zurich 2024<\/h3>\n<p>La remise des prix aura lieu le mardi 26 novembre 2024 au Kongresshaus de Zurich. Quelque 1'500 invit\u00e9s issus des milieux \u00e9conomiques, scientifiques, politiques et culturels sont attendus. La c\u00e9r\u00e9monie de remise des prix sera anim\u00e9e par Nik Hartmann. <a href=\"https:\/\/svc.swiss\/sites\/default\/files\/2024-09\/svc_leporello_a5_wrzh_online.pdf\">Plus d'informations<\/a>.<\/p>\n<\/blockquote>\n<p>&nbsp;<\/p>","protected":false},"excerpt":{"rendered":"<p>Le 26 novembre 2024, le Prix SVC Wirtschaftsraum Z\u00fcrich sera d\u00e9cern\u00e9. Cinq entreprises sont en lice pour la finale, dont Hauenstein AG de Rafz ZH. Voici un bref portrait de cette entreprise traditionnelle et innovante de la \"branche verte\".<\/p>","protected":false},"author":80,"featured_media":30707,"comment_status":"closed","ping_status":"closed","sticky":false,"template":"","format":"standard","meta":{"_acf_changed":false,"_yoast_wpseo_focuskw":"Hauenstein AG","_yoast_wpseo_metadesc":"Am 26. November 2024 wird der Prix SVC Wirtschaftsraum Z\u00fcrich verliehen. Mit im Final: Die Hauenstein AG aus Rafz ZH.","articlekey":"","footnotes":""},"categories":[28],"tags":[66,1787,392,424,492],"class_list":["post-30706","post","type-post","status-publish","format-standard","has-post-thumbnail","hentry","category-management","tag-awards","tag-nachhaltigkeit","tag-prix-svc-wirtschaftsraum-zuerich","tag-schweiz","tag-unternehmen"],"acf":[],"yoast_head":"<!-- This site is optimized with the Yoast SEO plugin v27.5 - https:\/\/yoast.com\/product\/yoast-seo-wordpress\/ -->\n<title>Prix SVC Wirtschaftsraum Z\u00fcrich 2024: Hauenstein AG - Organisator<\/title>\n<meta name=\"description\" content=\"Am 26. November 2024 wird der Prix SVC Wirtschaftsraum Z\u00fcrich verliehen. Mit im Final: Die Hauenstein AG aus Rafz ZH.\" \/>\n<meta name=\"robots\" content=\"index, follow, max-snippet:-1, max-image-preview:large, max-video-preview:-1\" \/>\n<link rel=\"canonical\" href=\"https:\/\/www.organisator.ch\/fr\/gestion-2\/2024-10-23\/prix-svc-wirtschaftsraum-zuerich-2024-hauenstein-ag\/\" \/>\n<meta property=\"og:locale\" content=\"fr_FR\" \/>\n<meta property=\"og:type\" content=\"article\" \/>\n<meta property=\"og:title\" content=\"Prix SVC Wirtschaftsraum Z\u00fcrich 2024: Hauenstein AG\" \/>\n<meta property=\"og:description\" content=\"Am 26. November 2024 wird der Prix SVC Wirtschaftsraum Z\u00fcrich verliehen. Mit im Final: Die Hauenstein AG aus Rafz ZH.\" \/>\n<meta property=\"og:url\" content=\"https:\/\/www.organisator.ch\/fr\/gestion-2\/2024-10-23\/prix-svc-wirtschaftsraum-zuerich-2024-hauenstein-ag\/\" \/>\n<meta property=\"og:site_name\" content=\"Organisator\" \/>\n<meta property=\"article:publisher\" content=\"https:\/\/www.facebook.com\/OrganisatorFachmagazin\" \/>\n<meta property=\"article:published_time\" content=\"2024-10-23T08:30:40+00:00\" \/>\n<meta property=\"article:modified_time\" content=\"2024-10-25T05:12:54+00:00\" \/>\n<meta property=\"og:image\" content=\"https:\/\/www.organisator.ch\/wp-content\/uploads\/2024\/10\/Hauenstein-AG_Bild1_ps.jpg\" \/>\n\t<meta property=\"og:image:width\" content=\"680\" \/>\n\t<meta property=\"og:image:height\" content=\"510\" \/>\n\t<meta property=\"og:image:type\" content=\"image\/jpeg\" \/>\n<meta name=\"author\" content=\"Dzana Muminovic\" \/>\n<meta name=\"twitter:card\" content=\"summary_large_image\" \/>\n<meta name=\"twitter:title\" content=\"Prix SVC Wirtschaftsraum Z\u00fcrich 2024: Hauenstein AG\" \/>\n<meta name=\"twitter:description\" content=\"Am 26. November 2024 wird der #Prix #SVC #Wirtschaftsraum #Z\u00fcrich verliehen. Mit im #Final: Die #Hauenstein AG aus #Rafz ZH.\" \/>\n<meta name=\"twitter:image\" content=\"https:\/\/www.organisator.ch\/wp-content\/uploads\/2024\/10\/Hauenstein-AG_Bild1_ps.jpg\" \/>\n<script type=\"application\/ld+json\" class=\"yoast-schema-graph\">{\"@context\":\"https:\\\/\\\/schema.org\",\"@graph\":[{\"@type\":\"Article\",\"@id\":\"https:\\\/\\\/www.organisator.ch\\\/management\\\/2024-10-23\\\/prix-svc-wirtschaftsraum-zuerich-2024-hauenstein-ag\\\/#article\",\"isPartOf\":{\"@id\":\"https:\\\/\\\/www.organisator.ch\\\/management\\\/2024-10-23\\\/prix-svc-wirtschaftsraum-zuerich-2024-hauenstein-ag\\\/\"},\"author\":{\"name\":\"Dzana Muminovic\",\"@id\":\"https:\\\/\\\/www.organisator.ch\\\/#\\\/schema\\\/person\\\/afccda3a71c06d4be2ed9100dd163db7\"},\"headline\":\"Prix SVC Wirtschaftsraum Z\u00fcrich 2024: Hauenstein AG\",\"datePublished\":\"2024-10-23T08:30:40+00:00\",\"dateModified\":\"2024-10-25T05:12:54+00:00\",\"mainEntityOfPage\":{\"@id\":\"https:\\\/\\\/www.organisator.ch\\\/management\\\/2024-10-23\\\/prix-svc-wirtschaftsraum-zuerich-2024-hauenstein-ag\\\/\"},\"wordCount\":473,\"publisher\":{\"@id\":\"https:\\\/\\\/www.organisator.ch\\\/#organization\"},\"image\":{\"@id\":\"https:\\\/\\\/www.organisator.ch\\\/management\\\/2024-10-23\\\/prix-svc-wirtschaftsraum-zuerich-2024-hauenstein-ag\\\/#primaryimage\"},\"thumbnailUrl\":\"https:\\\/\\\/www.organisator.ch\\\/wp-content\\\/uploads\\\/2024\\\/10\\\/Hauenstein-AG_Bild1_ps.jpg\",\"keywords\":[\"Awards\",\"Nachhaltigkeit\",\"Prix SVC Wirtschaftsraum Z\u00fcrich\",\"Schweiz\",\"Unternehmen\"],\"articleSection\":[\"MANAGEMENT\"],\"inLanguage\":\"fr-FR\"},{\"@type\":\"WebPage\",\"@id\":\"https:\\\/\\\/www.organisator.ch\\\/management\\\/2024-10-23\\\/prix-svc-wirtschaftsraum-zuerich-2024-hauenstein-ag\\\/\",\"url\":\"https:\\\/\\\/www.organisator.ch\\\/management\\\/2024-10-23\\\/prix-svc-wirtschaftsraum-zuerich-2024-hauenstein-ag\\\/\",\"name\":\"Prix SVC Wirtschaftsraum Z\u00fcrich 2024: Hauenstein AG - Organisator\",\"isPartOf\":{\"@id\":\"https:\\\/\\\/www.organisator.ch\\\/#website\"},\"primaryImageOfPage\":{\"@id\":\"https:\\\/\\\/www.organisator.ch\\\/management\\\/2024-10-23\\\/prix-svc-wirtschaftsraum-zuerich-2024-hauenstein-ag\\\/#primaryimage\"},\"image\":{\"@id\":\"https:\\\/\\\/www.organisator.ch\\\/management\\\/2024-10-23\\\/prix-svc-wirtschaftsraum-zuerich-2024-hauenstein-ag\\\/#primaryimage\"},\"thumbnailUrl\":\"https:\\\/\\\/www.organisator.ch\\\/wp-content\\\/uploads\\\/2024\\\/10\\\/Hauenstein-AG_Bild1_ps.jpg\",\"datePublished\":\"2024-10-23T08:30:40+00:00\",\"dateModified\":\"2024-10-25T05:12:54+00:00\",\"description\":\"Am 26. November 2024 wird der Prix SVC Wirtschaftsraum Z\u00fcrich verliehen. Mit im Final: Die Hauenstein AG aus Rafz ZH.\",\"breadcrumb\":{\"@id\":\"https:\\\/\\\/www.organisator.ch\\\/management\\\/2024-10-23\\\/prix-svc-wirtschaftsraum-zuerich-2024-hauenstein-ag\\\/#breadcrumb\"},\"inLanguage\":\"fr-FR\",\"potentialAction\":[{\"@type\":\"ReadAction\",\"target\":[\"https:\\\/\\\/www.organisator.ch\\\/management\\\/2024-10-23\\\/prix-svc-wirtschaftsraum-zuerich-2024-hauenstein-ag\\\/\"]}]},{\"@type\":\"ImageObject\",\"inLanguage\":\"fr-FR\",\"@id\":\"https:\\\/\\\/www.organisator.ch\\\/management\\\/2024-10-23\\\/prix-svc-wirtschaftsraum-zuerich-2024-hauenstein-ag\\\/#primaryimage\",\"url\":\"https:\\\/\\\/www.organisator.ch\\\/wp-content\\\/uploads\\\/2024\\\/10\\\/Hauenstein-AG_Bild1_ps.jpg\",\"contentUrl\":\"https:\\\/\\\/www.organisator.ch\\\/wp-content\\\/uploads\\\/2024\\\/10\\\/Hauenstein-AG_Bild1_ps.jpg\",\"width\":680,\"height\":510,\"caption\":\"Nachhaltigkeit ist seit jeher fest in der Unternehmensphilosophie der Hauenstein AG verankert. (Bild: Hauenstein AG \\\/ www.hauenstein-rafz.ch)\"},{\"@type\":\"BreadcrumbList\",\"@id\":\"https:\\\/\\\/www.organisator.ch\\\/management\\\/2024-10-23\\\/prix-svc-wirtschaftsraum-zuerich-2024-hauenstein-ag\\\/#breadcrumb\",\"itemListElement\":[{\"@type\":\"ListItem\",\"position\":1,\"name\":\"Home\",\"item\":\"https:\\\/\\\/www.organisator.ch\\\/\"},{\"@type\":\"ListItem\",\"position\":2,\"name\":\"Prix SVC Wirtschaftsraum Z\u00fcrich 2024: Hauenstein AG\"}]},{\"@type\":\"WebSite\",\"@id\":\"https:\\\/\\\/www.organisator.ch\\\/#website\",\"url\":\"https:\\\/\\\/www.organisator.ch\\\/\",\"name\":\"Organisator\",\"description\":\"Kompetent. Praxisnah. Der ORGANISATOR bereitet in 10 Ausgaben pro Jahr die wesentlichen Themen f\u00fcr F\u00fchrungskr\u00e4fte von KMU auf.\",\"publisher\":{\"@id\":\"https:\\\/\\\/www.organisator.ch\\\/#organization\"},\"potentialAction\":[{\"@type\":\"SearchAction\",\"target\":{\"@type\":\"EntryPoint\",\"urlTemplate\":\"https:\\\/\\\/www.organisator.ch\\\/?s={search_term_string}\"},\"query-input\":{\"@type\":\"PropertyValueSpecification\",\"valueRequired\":true,\"valueName\":\"search_term_string\"}}],\"inLanguage\":\"fr-FR\"},{\"@type\":\"Organization\",\"@id\":\"https:\\\/\\\/www.organisator.ch\\\/#organization\",\"name\":\"Organisator\",\"url\":\"https:\\\/\\\/www.organisator.ch\\\/\",\"logo\":{\"@type\":\"ImageObject\",\"inLanguage\":\"fr-FR\",\"@id\":\"https:\\\/\\\/www.organisator.ch\\\/#\\\/schema\\\/logo\\\/image\\\/\",\"url\":\"https:\\\/\\\/www.organisator.ch\\\/wp-content\\\/uploads\\\/2022\\\/01\\\/Logo_Organisator_Website.png\",\"contentUrl\":\"https:\\\/\\\/www.organisator.ch\\\/wp-content\\\/uploads\\\/2022\\\/01\\\/Logo_Organisator_Website.png\",\"width\":800,\"height\":77,\"caption\":\"Organisator\"},\"image\":{\"@id\":\"https:\\\/\\\/www.organisator.ch\\\/#\\\/schema\\\/logo\\\/image\\\/\"},\"sameAs\":[\"https:\\\/\\\/www.facebook.com\\\/OrganisatorFachmagazin\",\"https:\\\/\\\/www.linkedin.com\\\/showcase\\\/organisator-das-magazin-fr-kmu\",\"https:\\\/\\\/www.xing.com\\\/news\\\/pages\\\/organisator-ch-695\",\"https:\\\/\\\/www.youtube.com\\\/channel\\\/UCGP2Sq0iWaZwT3BdIAQFYpw\"]},{\"@type\":\"Person\",\"@id\":\"https:\\\/\\\/www.organisator.ch\\\/#\\\/schema\\\/person\\\/afccda3a71c06d4be2ed9100dd163db7\",\"name\":\"Dzana Muminovic\",\"image\":{\"@type\":\"ImageObject\",\"inLanguage\":\"fr-FR\",\"@id\":\"https:\\\/\\\/secure.gravatar.com\\\/avatar\\\/909c5c71aff4b38e88686f2ab2f1ba152571f394f41ed8bae431ea56ced93050?s=96&d=mm&r=g\",\"url\":\"https:\\\/\\\/secure.gravatar.com\\\/avatar\\\/909c5c71aff4b38e88686f2ab2f1ba152571f394f41ed8bae431ea56ced93050?s=96&d=mm&r=g\",\"contentUrl\":\"https:\\\/\\\/secure.gravatar.com\\\/avatar\\\/909c5c71aff4b38e88686f2ab2f1ba152571f394f41ed8bae431ea56ced93050?s=96&d=mm&r=g\",\"caption\":\"Dzana Muminovic\"},\"url\":\"https:\\\/\\\/www.organisator.ch\\\/fr\\\/author\\\/dzana-muminovic\\\/\"}]}<\/script>\n<!-- \/ Yoast SEO plugin. -->","yoast_head_json":{"title":"Prix SVC Espace \u00e9conomique Zurich 2024 : Hauenstein AG - Organisateur","description":"Le 26 novembre 2024, le Prix SVC Wirtschaftsraum Z\u00fcrich sera d\u00e9cern\u00e9. En lice pour la finale : Hauenstein AG de Rafz ZH.","robots":{"index":"index","follow":"follow","max-snippet":"max-snippet:-1","max-image-preview":"max-image-preview:large","max-video-preview":"max-video-preview:-1"},"canonical":"https:\/\/www.organisator.ch\/fr\/gestion-2\/2024-10-23\/prix-svc-wirtschaftsraum-zuerich-2024-hauenstein-ag\/","og_locale":"fr_FR","og_type":"article","og_title":"Prix SVC Wirtschaftsraum Z\u00fcrich 2024: Hauenstein AG","og_description":"Am 26. November 2024 wird der Prix SVC Wirtschaftsraum Z\u00fcrich verliehen. Mit im Final: Die Hauenstein AG aus Rafz ZH.","og_url":"https:\/\/www.organisator.ch\/fr\/gestion-2\/2024-10-23\/prix-svc-wirtschaftsraum-zuerich-2024-hauenstein-ag\/","og_site_name":"Organisator","article_publisher":"https:\/\/www.facebook.com\/OrganisatorFachmagazin","article_published_time":"2024-10-23T08:30:40+00:00","article_modified_time":"2024-10-25T05:12:54+00:00","og_image":[{"width":680,"height":510,"url":"https:\/\/www.organisator.ch\/wp-content\/uploads\/2024\/10\/Hauenstein-AG_Bild1_ps.jpg","type":"image\/jpeg"}],"author":"Dzana Muminovic","twitter_card":"summary_large_image","twitter_title":"Prix SVC Wirtschaftsraum Z\u00fcrich 2024: Hauenstein AG","twitter_description":"Am 26. November 2024 wird der #Prix #SVC #Wirtschaftsraum #Z\u00fcrich verliehen. Mit im #Final: Die #Hauenstein AG aus #Rafz ZH.","twitter_image":"https:\/\/www.organisator.ch\/wp-content\/uploads\/2024\/10\/Hauenstein-AG_Bild1_ps.jpg","schema":{"@context":"https:\/\/schema.org","@graph":[{"@type":"Article","@id":"https:\/\/www.organisator.ch\/management\/2024-10-23\/prix-svc-wirtschaftsraum-zuerich-2024-hauenstein-ag\/#article","isPartOf":{"@id":"https:\/\/www.organisator.ch\/management\/2024-10-23\/prix-svc-wirtschaftsraum-zuerich-2024-hauenstein-ag\/"},"author":{"name":"Dzana Muminovic","@id":"https:\/\/www.organisator.ch\/#\/schema\/person\/afccda3a71c06d4be2ed9100dd163db7"},"headline":"Prix SVC Wirtschaftsraum Z\u00fcrich 2024: Hauenstein AG","datePublished":"2024-10-23T08:30:40+00:00","dateModified":"2024-10-25T05:12:54+00:00","mainEntityOfPage":{"@id":"https:\/\/www.organisator.ch\/management\/2024-10-23\/prix-svc-wirtschaftsraum-zuerich-2024-hauenstein-ag\/"},"wordCount":473,"publisher":{"@id":"https:\/\/www.organisator.ch\/#organization"},"image":{"@id":"https:\/\/www.organisator.ch\/management\/2024-10-23\/prix-svc-wirtschaftsraum-zuerich-2024-hauenstein-ag\/#primaryimage"},"thumbnailUrl":"https:\/\/www.organisator.ch\/wp-content\/uploads\/2024\/10\/Hauenstein-AG_Bild1_ps.jpg","keywords":["Awards","Nachhaltigkeit","Prix SVC Wirtschaftsraum Z\u00fcrich","Schweiz","Unternehmen"],"articleSection":["MANAGEMENT"],"inLanguage":"fr-FR"},{"@type":"WebPage","@id":"https:\/\/www.organisator.ch\/management\/2024-10-23\/prix-svc-wirtschaftsraum-zuerich-2024-hauenstein-ag\/","url":"https:\/\/www.organisator.ch\/management\/2024-10-23\/prix-svc-wirtschaftsraum-zuerich-2024-hauenstein-ag\/","name":"Prix SVC Espace \u00e9conomique Zurich 2024 : Hauenstein AG - Organisateur","isPartOf":{"@id":"https:\/\/www.organisator.ch\/#website"},"primaryImageOfPage":{"@id":"https:\/\/www.organisator.ch\/management\/2024-10-23\/prix-svc-wirtschaftsraum-zuerich-2024-hauenstein-ag\/#primaryimage"},"image":{"@id":"https:\/\/www.organisator.ch\/management\/2024-10-23\/prix-svc-wirtschaftsraum-zuerich-2024-hauenstein-ag\/#primaryimage"},"thumbnailUrl":"https:\/\/www.organisator.ch\/wp-content\/uploads\/2024\/10\/Hauenstein-AG_Bild1_ps.jpg","datePublished":"2024-10-23T08:30:40+00:00","dateModified":"2024-10-25T05:12:54+00:00","description":"Le 26 novembre 2024, le Prix SVC Wirtschaftsraum Z\u00fcrich sera d\u00e9cern\u00e9. En lice pour la finale : Hauenstein AG de Rafz ZH.","breadcrumb":{"@id":"https:\/\/www.organisator.ch\/management\/2024-10-23\/prix-svc-wirtschaftsraum-zuerich-2024-hauenstein-ag\/#breadcrumb"},"inLanguage":"fr-FR","potentialAction":[{"@type":"ReadAction","target":["https:\/\/www.organisator.ch\/management\/2024-10-23\/prix-svc-wirtschaftsraum-zuerich-2024-hauenstein-ag\/"]}]},{"@type":"ImageObject","inLanguage":"fr-FR","@id":"https:\/\/www.organisator.ch\/management\/2024-10-23\/prix-svc-wirtschaftsraum-zuerich-2024-hauenstein-ag\/#primaryimage","url":"https:\/\/www.organisator.ch\/wp-content\/uploads\/2024\/10\/Hauenstein-AG_Bild1_ps.jpg","contentUrl":"https:\/\/www.organisator.ch\/wp-content\/uploads\/2024\/10\/Hauenstein-AG_Bild1_ps.jpg","width":680,"height":510,"caption":"Nachhaltigkeit ist seit jeher fest in der Unternehmensphilosophie der Hauenstein AG verankert. (Bild: Hauenstein AG \/ www.hauenstein-rafz.ch)"},{"@type":"BreadcrumbList","@id":"https:\/\/www.organisator.ch\/management\/2024-10-23\/prix-svc-wirtschaftsraum-zuerich-2024-hauenstein-ag\/#breadcrumb","itemListElement":[{"@type":"ListItem","position":1,"name":"Home","item":"https:\/\/www.organisator.ch\/"},{"@type":"ListItem","position":2,"name":"Prix SVC Wirtschaftsraum Z\u00fcrich 2024: Hauenstein AG"}]},{"@type":"WebSite","@id":"https:\/\/www.organisator.ch\/#website","url":"https:\/\/www.organisator.ch\/","name":"Organisateur","description":"Comp\u00e9tence et comp\u00e9tence. Proches de la pratique. L'ORGANISATEUR pr\u00e9pare 10 num\u00e9ros par an sur les th\u00e8mes essentiels pour les dirigeants de PME.","publisher":{"@id":"https:\/\/www.organisator.ch\/#organization"},"potentialAction":[{"@type":"SearchAction","target":{"@type":"EntryPoint","urlTemplate":"https:\/\/www.organisator.ch\/?s={search_term_string}"},"query-input":{"@type":"PropertyValueSpecification","valueRequired":true,"valueName":"search_term_string"}}],"inLanguage":"fr-FR"},{"@type":"Organization","@id":"https:\/\/www.organisator.ch\/#organization","name":"Organisateur","url":"https:\/\/www.organisator.ch\/","logo":{"@type":"ImageObject","inLanguage":"fr-FR","@id":"https:\/\/www.organisator.ch\/#\/schema\/logo\/image\/","url":"https:\/\/www.organisator.ch\/wp-content\/uploads\/2022\/01\/Logo_Organisator_Website.png","contentUrl":"https:\/\/www.organisator.ch\/wp-content\/uploads\/2022\/01\/Logo_Organisator_Website.png","width":800,"height":77,"caption":"Organisator"},"image":{"@id":"https:\/\/www.organisator.ch\/#\/schema\/logo\/image\/"},"sameAs":["https:\/\/www.facebook.com\/OrganisatorFachmagazin","https:\/\/www.linkedin.com\/showcase\/organisator-das-magazin-fr-kmu","https:\/\/www.xing.com\/news\/pages\/organisator-ch-695","https:\/\/www.youtube.com\/channel\/UCGP2Sq0iWaZwT3BdIAQFYpw"]},{"@type":"Person","@id":"https:\/\/www.organisator.ch\/#\/schema\/person\/afccda3a71c06d4be2ed9100dd163db7","name":"Dzana Muminovic","image":{"@type":"ImageObject","inLanguage":"fr-FR","@id":"https:\/\/secure.gravatar.com\/avatar\/909c5c71aff4b38e88686f2ab2f1ba152571f394f41ed8bae431ea56ced93050?s=96&d=mm&r=g","url":"https:\/\/secure.gravatar.com\/avatar\/909c5c71aff4b38e88686f2ab2f1ba152571f394f41ed8bae431ea56ced93050?s=96&d=mm&r=g","contentUrl":"https:\/\/secure.gravatar.com\/avatar\/909c5c71aff4b38e88686f2ab2f1ba152571f394f41ed8bae431ea56ced93050?s=96&d=mm&r=g","caption":"Dzana Muminovic"},"url":"https:\/\/www.organisator.ch\/fr\/author\/dzana-muminovic\/"}]}},"_links":{"self":[{"href":"https:\/\/www.organisator.ch\/fr\/wp-json\/wp\/v2\/posts\/30706","targetHints":{"allow":["GET"]}}],"collection":[{"href":"https:\/\/www.organisator.ch\/fr\/wp-json\/wp\/v2\/posts"}],"about":[{"href":"https:\/\/www.organisator.ch\/fr\/wp-json\/wp\/v2\/types\/post"}],"author":[{"embeddable":true,"href":"https:\/\/www.organisator.ch\/fr\/wp-json\/wp\/v2\/users\/80"}],"replies":[{"embeddable":true,"href":"https:\/\/www.organisator.ch\/fr\/wp-json\/wp\/v2\/comments?post=30706"}],"version-history":[{"count":13,"href":"https:\/\/www.organisator.ch\/fr\/wp-json\/wp\/v2\/posts\/30706\/revisions"}],"predecessor-version":[{"id":31217,"href":"https:\/\/www.organisator.ch\/fr\/wp-json\/wp\/v2\/posts\/30706\/revisions\/31217"}],"wp:featuredmedia":[{"embeddable":true,"href":"https:\/\/www.organisator.ch\/fr\/wp-json\/wp\/v2\/media\/30707"}],"wp:attachment":[{"href":"https:\/\/www.organisator.ch\/fr\/wp-json\/wp\/v2\/media?parent=30706"}],"wp:term":[{"taxonomy":"category","embeddable":true,"href":"https:\/\/www.organisator.ch\/fr\/wp-json\/wp\/v2\/categories?post=30706"},{"taxonomy":"post_tag","embeddable":true,"href":"https:\/\/www.organisator.ch\/fr\/wp-json\/wp\/v2\/tags?post=30706"}],"curies":[{"name":"wp","href":"https:\/\/api.w.org\/{rel}","templated":true}]}}