{"id":30708,"date":"2024-10-15T13:14:52","date_gmt":"2024-10-15T11:14:52","guid":{"rendered":"https:\/\/www.markt-kom.com\/?p=225050"},"modified":"2024-11-07T12:54:14","modified_gmt":"2024-11-07T11:54:14","slug":"blueheart-designt-jubilaeumstrikot-fuer-den-fc-aarau","status":"publish","type":"post","link":"https:\/\/www.organisator.ch\/fr\/marketing\/2024-10-15\/blueheart-designt-jubilaeumstrikot-fuer-den-fc-aarau\/","title":{"rendered":"Blueheart cr\u00e9e un maillot anniversaire pour le FC Aarau"},"content":{"rendered":"<p><img class=\"aligncenter wp-image-225051 size-full\" src=\"https:\/\/www.markt-kom.com\/wp-content\/uploads\/2024\/10\/FC_Aarau_Jubilaeums_Shirt_Beitragsbild_2540x1692px.jpg\" alt=\"FC Aarau \" width=\"1200\" height=\"799\" \/><\/p>\r\n<p>Lors du match amical contre le FC Schalke 04 de samedi dernier, les joueurs du FC Aarau sont entr\u00e9s sur le terrain dans leur nouveau maillot anniversaire. Celui-ci semble plaire aux fans : Selon les indications, le FC Aarau en a vendu environ 450 en seulement cinq jours. L'\u00e9quipe continuera de l'utiliser comme troisi\u00e8me maillot, en plus du maillot domicile et du maillot ext\u00e9rieur.<\/p>\r\n<p>L'agence Blueheart d'Aarau est responsable de la conception du maillot. En tant que partenaire de communication officiel du FC Aarau, elle soutient le club de football dans sa communication d'anniversaire. Outre le logo du jubil\u00e9 \"100 ans Br\u00fcgglifeld\", l'\u00e9quipe de Blueheart a \u00e9galement con\u00e7u le maillot. Avec son col et ses boutons blancs, la nouvelle pi\u00e8ce a un air volontairement r\u00e9tro. Les couleurs noir et anthracite conf\u00e8rent au maillot, avec un peu d'or, l'\u00e9l\u00e9gance n\u00e9cessaire pour un tel anniversaire.<\/p>\r\n<p>Le Br\u00fcgglifeld est mis \u00e0 l'honneur avec la tribune principale sugg\u00e9r\u00e9e - selon Blueheart, le motif a n\u00e9cessit\u00e9 un dessin pur extr\u00eamement pr\u00e9cis. Le logo du jubil\u00e9 tr\u00f4ne sur la poitrine gauche, juste au-dessus du logo du club.<\/p>\r\n<p><img class=\"aligncenter size-full wp-image-225052\" src=\"https:\/\/www.markt-kom.com\/wp-content\/uploads\/2024\/10\/FC_Aarau_Jubilaeums_Shirt_Casebild1_1500x1000px.jpg\" alt=\"\" width=\"1200\" height=\"800\" \/><\/p>\r\n<hr \/>\r\n<p><strong>Responsable au FC Aarau :<\/strong> Pascal B\u00fcnter (responsable du marketing) ; Miguel Peralta, (marketing\/sponsoring). <strong>Responsable chez Blueheart : <\/strong>Olivier Kilchherr (concept) ; Marina Botic (graphisme) ; Izabela Carona (r\u00e9alisation) ; Vanessa Mentha (conseil) ; Sarah R\u00f6lli (photos).<\/p>","protected":false},"excerpt":{"rendered":"<p>Le stade Br\u00fcgglifeld d'Aarau f\u00eate cette ann\u00e9e son 100e anniversaire. L'agence argovienne Bluehart, partenaire de communication du club de football, a cr\u00e9\u00e9 \u00e0 cette occasion un maillot anniversaire qui bat des records de vente.<\/p>","protected":false},"author":8,"featured_media":0,"comment_status":"closed","ping_status":"closed","sticky":false,"template":"","format":"standard","meta":{"_acf_changed":false,"_yoast_wpseo_focuskw":"FC Aarau","_yoast_wpseo_metadesc":"Die Spieler des FC Aarau pr\u00e4sentierten das neue Jubil\u00e4umstrikot gegen den FC Schalke 04, und Fans kauften 450 St\u00fcck in f\u00fcnf Tagen.","articlekey":"","footnotes":""},"categories":[29],"tags":[3697,3666,4343],"class_list":["post-30708","post","type-post","status-publish","format-standard","hentry","category-marketing","tag-blueheart","tag-fussball","tag-markom"],"acf":[],"yoast_head":"<!-- This site is optimized with the Yoast SEO plugin v27.5 - https:\/\/yoast.com\/product\/yoast-seo-wordpress\/ -->\n<title>Blueheart designt Jubil\u00e4umstrikot f\u00fcr den FC Aarau - Organisator<\/title>\n<meta name=\"description\" content=\"Die Spieler des FC Aarau pr\u00e4sentierten das neue Jubil\u00e4umstrikot gegen den FC Schalke 04, und Fans kauften 450 St\u00fcck in f\u00fcnf Tagen.\" \/>\n<meta name=\"robots\" content=\"index, follow, max-snippet:-1, max-image-preview:large, max-video-preview:-1\" \/>\n<link rel=\"canonical\" href=\"https:\/\/www.organisator.ch\/fr\/marketing\/2024-10-15\/blueheart-designt-jubilaeumstrikot-fuer-den-fc-aarau\/\" \/>\n<meta property=\"og:locale\" content=\"fr_FR\" \/>\n<meta property=\"og:type\" content=\"article\" \/>\n<meta property=\"og:title\" content=\"Blueheart designt Jubil\u00e4umstrikot f\u00fcr den FC Aarau - Organisator\" \/>\n<meta property=\"og:description\" content=\"Die Spieler des FC Aarau pr\u00e4sentierten das neue Jubil\u00e4umstrikot gegen den FC Schalke 04, und Fans kauften 450 St\u00fcck in f\u00fcnf Tagen.\" \/>\n<meta property=\"og:url\" content=\"https:\/\/www.organisator.ch\/fr\/marketing\/2024-10-15\/blueheart-designt-jubilaeumstrikot-fuer-den-fc-aarau\/\" \/>\n<meta property=\"og:site_name\" content=\"Organisator\" \/>\n<meta property=\"article:publisher\" content=\"https:\/\/www.facebook.com\/OrganisatorFachmagazin\" \/>\n<meta property=\"article:published_time\" content=\"2024-10-15T11:14:52+00:00\" \/>\n<meta property=\"article:modified_time\" content=\"2024-11-07T11:54:14+00:00\" \/>\n<meta property=\"og:image\" content=\"https:\/\/www.markt-kom.com\/wp-content\/uploads\/2024\/10\/FC_Aarau_Jubilaeums_Shirt_Beitragsbild_2540x1692px.jpg\" \/>\n<meta name=\"author\" content=\"galledia\" \/>\n<meta name=\"twitter:card\" content=\"summary_large_image\" \/>\n<meta name=\"twitter:creator\" content=\"@admin\" \/>\n<script type=\"application\/ld+json\" class=\"yoast-schema-graph\">{\"@context\":\"https:\\\/\\\/schema.org\",\"@graph\":[{\"@type\":\"Article\",\"@id\":\"https:\\\/\\\/www.organisator.ch\\\/marketing\\\/2024-10-15\\\/blueheart-designt-jubilaeumstrikot-fuer-den-fc-aarau\\\/#article\",\"isPartOf\":{\"@id\":\"https:\\\/\\\/www.organisator.ch\\\/marketing\\\/2024-10-15\\\/blueheart-designt-jubilaeumstrikot-fuer-den-fc-aarau\\\/\"},\"author\":{\"name\":\"galledia\",\"@id\":\"https:\\\/\\\/www.organisator.ch\\\/#\\\/schema\\\/person\\\/4e51799071cd2dd1232ac003643ef5f0\"},\"headline\":\"Blueheart designt Jubil\u00e4umstrikot f\u00fcr den FC Aarau\",\"datePublished\":\"2024-10-15T11:14:52+00:00\",\"dateModified\":\"2024-11-07T11:54:14+00:00\",\"mainEntityOfPage\":{\"@id\":\"https:\\\/\\\/www.organisator.ch\\\/marketing\\\/2024-10-15\\\/blueheart-designt-jubilaeumstrikot-fuer-den-fc-aarau\\\/\"},\"wordCount\":211,\"publisher\":{\"@id\":\"https:\\\/\\\/www.organisator.ch\\\/#organization\"},\"image\":{\"@id\":\"https:\\\/\\\/www.organisator.ch\\\/marketing\\\/2024-10-15\\\/blueheart-designt-jubilaeumstrikot-fuer-den-fc-aarau\\\/#primaryimage\"},\"thumbnailUrl\":\"https:\\\/\\\/www.markt-kom.com\\\/wp-content\\\/uploads\\\/2024\\\/10\\\/FC_Aarau_Jubilaeums_Shirt_Beitragsbild_2540x1692px.jpg\",\"keywords\":[\"Blueheart\",\"Fussball\",\"MarKom\"],\"articleSection\":[\"MARKETING\"],\"inLanguage\":\"fr-FR\"},{\"@type\":\"WebPage\",\"@id\":\"https:\\\/\\\/www.organisator.ch\\\/marketing\\\/2024-10-15\\\/blueheart-designt-jubilaeumstrikot-fuer-den-fc-aarau\\\/\",\"url\":\"https:\\\/\\\/www.organisator.ch\\\/marketing\\\/2024-10-15\\\/blueheart-designt-jubilaeumstrikot-fuer-den-fc-aarau\\\/\",\"name\":\"Blueheart designt Jubil\u00e4umstrikot f\u00fcr den FC Aarau - Organisator\",\"isPartOf\":{\"@id\":\"https:\\\/\\\/www.organisator.ch\\\/#website\"},\"primaryImageOfPage\":{\"@id\":\"https:\\\/\\\/www.organisator.ch\\\/marketing\\\/2024-10-15\\\/blueheart-designt-jubilaeumstrikot-fuer-den-fc-aarau\\\/#primaryimage\"},\"image\":{\"@id\":\"https:\\\/\\\/www.organisator.ch\\\/marketing\\\/2024-10-15\\\/blueheart-designt-jubilaeumstrikot-fuer-den-fc-aarau\\\/#primaryimage\"},\"thumbnailUrl\":\"https:\\\/\\\/www.markt-kom.com\\\/wp-content\\\/uploads\\\/2024\\\/10\\\/FC_Aarau_Jubilaeums_Shirt_Beitragsbild_2540x1692px.jpg\",\"datePublished\":\"2024-10-15T11:14:52+00:00\",\"dateModified\":\"2024-11-07T11:54:14+00:00\",\"description\":\"Die Spieler des FC Aarau pr\u00e4sentierten das neue Jubil\u00e4umstrikot gegen den FC Schalke 04, und Fans kauften 450 St\u00fcck in f\u00fcnf Tagen.\",\"breadcrumb\":{\"@id\":\"https:\\\/\\\/www.organisator.ch\\\/marketing\\\/2024-10-15\\\/blueheart-designt-jubilaeumstrikot-fuer-den-fc-aarau\\\/#breadcrumb\"},\"inLanguage\":\"fr-FR\",\"potentialAction\":[{\"@type\":\"ReadAction\",\"target\":[\"https:\\\/\\\/www.organisator.ch\\\/marketing\\\/2024-10-15\\\/blueheart-designt-jubilaeumstrikot-fuer-den-fc-aarau\\\/\"]}]},{\"@type\":\"ImageObject\",\"inLanguage\":\"fr-FR\",\"@id\":\"https:\\\/\\\/www.organisator.ch\\\/marketing\\\/2024-10-15\\\/blueheart-designt-jubilaeumstrikot-fuer-den-fc-aarau\\\/#primaryimage\",\"url\":\"https:\\\/\\\/www.markt-kom.com\\\/wp-content\\\/uploads\\\/2024\\\/10\\\/FC_Aarau_Jubilaeums_Shirt_Beitragsbild_2540x1692px.jpg\",\"contentUrl\":\"https:\\\/\\\/www.markt-kom.com\\\/wp-content\\\/uploads\\\/2024\\\/10\\\/FC_Aarau_Jubilaeums_Shirt_Beitragsbild_2540x1692px.jpg\"},{\"@type\":\"BreadcrumbList\",\"@id\":\"https:\\\/\\\/www.organisator.ch\\\/marketing\\\/2024-10-15\\\/blueheart-designt-jubilaeumstrikot-fuer-den-fc-aarau\\\/#breadcrumb\",\"itemListElement\":[{\"@type\":\"ListItem\",\"position\":1,\"name\":\"Home\",\"item\":\"https:\\\/\\\/www.organisator.ch\\\/\"},{\"@type\":\"ListItem\",\"position\":2,\"name\":\"Blueheart designt Jubil\u00e4umstrikot f\u00fcr den FC Aarau\"}]},{\"@type\":\"WebSite\",\"@id\":\"https:\\\/\\\/www.organisator.ch\\\/#website\",\"url\":\"https:\\\/\\\/www.organisator.ch\\\/\",\"name\":\"Organisator\",\"description\":\"Kompetent. Praxisnah. Der ORGANISATOR bereitet in 10 Ausgaben pro Jahr die wesentlichen Themen f\u00fcr F\u00fchrungskr\u00e4fte von KMU auf.\",\"publisher\":{\"@id\":\"https:\\\/\\\/www.organisator.ch\\\/#organization\"},\"potentialAction\":[{\"@type\":\"SearchAction\",\"target\":{\"@type\":\"EntryPoint\",\"urlTemplate\":\"https:\\\/\\\/www.organisator.ch\\\/?s={search_term_string}\"},\"query-input\":{\"@type\":\"PropertyValueSpecification\",\"valueRequired\":true,\"valueName\":\"search_term_string\"}}],\"inLanguage\":\"fr-FR\"},{\"@type\":\"Organization\",\"@id\":\"https:\\\/\\\/www.organisator.ch\\\/#organization\",\"name\":\"Organisator\",\"url\":\"https:\\\/\\\/www.organisator.ch\\\/\",\"logo\":{\"@type\":\"ImageObject\",\"inLanguage\":\"fr-FR\",\"@id\":\"https:\\\/\\\/www.organisator.ch\\\/#\\\/schema\\\/logo\\\/image\\\/\",\"url\":\"https:\\\/\\\/www.organisator.ch\\\/wp-content\\\/uploads\\\/2022\\\/01\\\/Logo_Organisator_Website.png\",\"contentUrl\":\"https:\\\/\\\/www.organisator.ch\\\/wp-content\\\/uploads\\\/2022\\\/01\\\/Logo_Organisator_Website.png\",\"width\":800,\"height\":77,\"caption\":\"Organisator\"},\"image\":{\"@id\":\"https:\\\/\\\/www.organisator.ch\\\/#\\\/schema\\\/logo\\\/image\\\/\"},\"sameAs\":[\"https:\\\/\\\/www.facebook.com\\\/OrganisatorFachmagazin\",\"https:\\\/\\\/www.linkedin.com\\\/showcase\\\/organisator-das-magazin-fr-kmu\",\"https:\\\/\\\/www.xing.com\\\/news\\\/pages\\\/organisator-ch-695\",\"https:\\\/\\\/www.youtube.com\\\/channel\\\/UCGP2Sq0iWaZwT3BdIAQFYpw\"]},{\"@type\":\"Person\",\"@id\":\"https:\\\/\\\/www.organisator.ch\\\/#\\\/schema\\\/person\\\/4e51799071cd2dd1232ac003643ef5f0\",\"name\":\"galledia\",\"image\":{\"@type\":\"ImageObject\",\"inLanguage\":\"fr-FR\",\"@id\":\"https:\\\/\\\/secure.gravatar.com\\\/avatar\\\/78a7f90c01fc2bfc875782a0d4922b37cde2cf184ce347b91316d23cd7f69a36?s=96&d=mm&r=g\",\"url\":\"https:\\\/\\\/secure.gravatar.com\\\/avatar\\\/78a7f90c01fc2bfc875782a0d4922b37cde2cf184ce347b91316d23cd7f69a36?s=96&d=mm&r=g\",\"contentUrl\":\"https:\\\/\\\/secure.gravatar.com\\\/avatar\\\/78a7f90c01fc2bfc875782a0d4922b37cde2cf184ce347b91316d23cd7f69a36?s=96&d=mm&r=g\",\"caption\":\"galledia\"},\"sameAs\":[\"https:\\\/\\\/x.com\\\/admin\"],\"url\":\"https:\\\/\\\/www.organisator.ch\\\/fr\\\/author\\\/galledia\\\/\"}]}<\/script>\n<!-- \/ Yoast SEO plugin. -->","yoast_head_json":{"title":"Blueheart cr\u00e9e un maillot anniversaire pour le FC Aarau - Organisateur","description":"Les joueurs du FC Aarau ont pr\u00e9sent\u00e9 le nouveau maillot anniversaire contre le FC Schalke 04, et les fans en ont achet\u00e9 450 en cinq jours.","robots":{"index":"index","follow":"follow","max-snippet":"max-snippet:-1","max-image-preview":"max-image-preview:large","max-video-preview":"max-video-preview:-1"},"canonical":"https:\/\/www.organisator.ch\/fr\/marketing\/2024-10-15\/blueheart-designt-jubilaeumstrikot-fuer-den-fc-aarau\/","og_locale":"fr_FR","og_type":"article","og_title":"Blueheart designt Jubil\u00e4umstrikot f\u00fcr den FC Aarau - Organisator","og_description":"Die Spieler des FC Aarau pr\u00e4sentierten das neue Jubil\u00e4umstrikot gegen den FC Schalke 04, und Fans kauften 450 St\u00fcck in f\u00fcnf Tagen.","og_url":"https:\/\/www.organisator.ch\/fr\/marketing\/2024-10-15\/blueheart-designt-jubilaeumstrikot-fuer-den-fc-aarau\/","og_site_name":"Organisator","article_publisher":"https:\/\/www.facebook.com\/OrganisatorFachmagazin","article_published_time":"2024-10-15T11:14:52+00:00","article_modified_time":"2024-11-07T11:54:14+00:00","og_image":[{"url":"https:\/\/www.markt-kom.com\/wp-content\/uploads\/2024\/10\/FC_Aarau_Jubilaeums_Shirt_Beitragsbild_2540x1692px.jpg","type":"","width":"","height":""}],"author":"galledia","twitter_card":"summary_large_image","twitter_creator":"@admin","schema":{"@context":"https:\/\/schema.org","@graph":[{"@type":"Article","@id":"https:\/\/www.organisator.ch\/marketing\/2024-10-15\/blueheart-designt-jubilaeumstrikot-fuer-den-fc-aarau\/#article","isPartOf":{"@id":"https:\/\/www.organisator.ch\/marketing\/2024-10-15\/blueheart-designt-jubilaeumstrikot-fuer-den-fc-aarau\/"},"author":{"name":"galledia","@id":"https:\/\/www.organisator.ch\/#\/schema\/person\/4e51799071cd2dd1232ac003643ef5f0"},"headline":"Blueheart designt Jubil\u00e4umstrikot f\u00fcr den FC Aarau","datePublished":"2024-10-15T11:14:52+00:00","dateModified":"2024-11-07T11:54:14+00:00","mainEntityOfPage":{"@id":"https:\/\/www.organisator.ch\/marketing\/2024-10-15\/blueheart-designt-jubilaeumstrikot-fuer-den-fc-aarau\/"},"wordCount":211,"publisher":{"@id":"https:\/\/www.organisator.ch\/#organization"},"image":{"@id":"https:\/\/www.organisator.ch\/marketing\/2024-10-15\/blueheart-designt-jubilaeumstrikot-fuer-den-fc-aarau\/#primaryimage"},"thumbnailUrl":"https:\/\/www.markt-kom.com\/wp-content\/uploads\/2024\/10\/FC_Aarau_Jubilaeums_Shirt_Beitragsbild_2540x1692px.jpg","keywords":["Blueheart","Fussball","MarKom"],"articleSection":["MARKETING"],"inLanguage":"fr-FR"},{"@type":"WebPage","@id":"https:\/\/www.organisator.ch\/marketing\/2024-10-15\/blueheart-designt-jubilaeumstrikot-fuer-den-fc-aarau\/","url":"https:\/\/www.organisator.ch\/marketing\/2024-10-15\/blueheart-designt-jubilaeumstrikot-fuer-den-fc-aarau\/","name":"Blueheart cr\u00e9e un maillot anniversaire pour le FC Aarau - Organisateur","isPartOf":{"@id":"https:\/\/www.organisator.ch\/#website"},"primaryImageOfPage":{"@id":"https:\/\/www.organisator.ch\/marketing\/2024-10-15\/blueheart-designt-jubilaeumstrikot-fuer-den-fc-aarau\/#primaryimage"},"image":{"@id":"https:\/\/www.organisator.ch\/marketing\/2024-10-15\/blueheart-designt-jubilaeumstrikot-fuer-den-fc-aarau\/#primaryimage"},"thumbnailUrl":"https:\/\/www.markt-kom.com\/wp-content\/uploads\/2024\/10\/FC_Aarau_Jubilaeums_Shirt_Beitragsbild_2540x1692px.jpg","datePublished":"2024-10-15T11:14:52+00:00","dateModified":"2024-11-07T11:54:14+00:00","description":"Les joueurs du FC Aarau ont pr\u00e9sent\u00e9 le nouveau maillot anniversaire contre le FC Schalke 04, et les fans en ont achet\u00e9 450 en cinq jours.","breadcrumb":{"@id":"https:\/\/www.organisator.ch\/marketing\/2024-10-15\/blueheart-designt-jubilaeumstrikot-fuer-den-fc-aarau\/#breadcrumb"},"inLanguage":"fr-FR","potentialAction":[{"@type":"ReadAction","target":["https:\/\/www.organisator.ch\/marketing\/2024-10-15\/blueheart-designt-jubilaeumstrikot-fuer-den-fc-aarau\/"]}]},{"@type":"ImageObject","inLanguage":"fr-FR","@id":"https:\/\/www.organisator.ch\/marketing\/2024-10-15\/blueheart-designt-jubilaeumstrikot-fuer-den-fc-aarau\/#primaryimage","url":"https:\/\/www.markt-kom.com\/wp-content\/uploads\/2024\/10\/FC_Aarau_Jubilaeums_Shirt_Beitragsbild_2540x1692px.jpg","contentUrl":"https:\/\/www.markt-kom.com\/wp-content\/uploads\/2024\/10\/FC_Aarau_Jubilaeums_Shirt_Beitragsbild_2540x1692px.jpg"},{"@type":"BreadcrumbList","@id":"https:\/\/www.organisator.ch\/marketing\/2024-10-15\/blueheart-designt-jubilaeumstrikot-fuer-den-fc-aarau\/#breadcrumb","itemListElement":[{"@type":"ListItem","position":1,"name":"Home","item":"https:\/\/www.organisator.ch\/"},{"@type":"ListItem","position":2,"name":"Blueheart designt Jubil\u00e4umstrikot f\u00fcr den FC Aarau"}]},{"@type":"WebSite","@id":"https:\/\/www.organisator.ch\/#website","url":"https:\/\/www.organisator.ch\/","name":"Organisateur","description":"Comp\u00e9tence et comp\u00e9tence. Proches de la pratique. L'ORGANISATEUR pr\u00e9pare 10 num\u00e9ros par an sur les th\u00e8mes essentiels pour les dirigeants de PME.","publisher":{"@id":"https:\/\/www.organisator.ch\/#organization"},"potentialAction":[{"@type":"SearchAction","target":{"@type":"EntryPoint","urlTemplate":"https:\/\/www.organisator.ch\/?s={search_term_string}"},"query-input":{"@type":"PropertyValueSpecification","valueRequired":true,"valueName":"search_term_string"}}],"inLanguage":"fr-FR"},{"@type":"Organization","@id":"https:\/\/www.organisator.ch\/#organization","name":"Organisateur","url":"https:\/\/www.organisator.ch\/","logo":{"@type":"ImageObject","inLanguage":"fr-FR","@id":"https:\/\/www.organisator.ch\/#\/schema\/logo\/image\/","url":"https:\/\/www.organisator.ch\/wp-content\/uploads\/2022\/01\/Logo_Organisator_Website.png","contentUrl":"https:\/\/www.organisator.ch\/wp-content\/uploads\/2022\/01\/Logo_Organisator_Website.png","width":800,"height":77,"caption":"Organisator"},"image":{"@id":"https:\/\/www.organisator.ch\/#\/schema\/logo\/image\/"},"sameAs":["https:\/\/www.facebook.com\/OrganisatorFachmagazin","https:\/\/www.linkedin.com\/showcase\/organisator-das-magazin-fr-kmu","https:\/\/www.xing.com\/news\/pages\/organisator-ch-695","https:\/\/www.youtube.com\/channel\/UCGP2Sq0iWaZwT3BdIAQFYpw"]},{"@type":"Person","@id":"https:\/\/www.organisator.ch\/#\/schema\/person\/4e51799071cd2dd1232ac003643ef5f0","name":"galledia","image":{"@type":"ImageObject","inLanguage":"fr-FR","@id":"https:\/\/secure.gravatar.com\/avatar\/78a7f90c01fc2bfc875782a0d4922b37cde2cf184ce347b91316d23cd7f69a36?s=96&d=mm&r=g","url":"https:\/\/secure.gravatar.com\/avatar\/78a7f90c01fc2bfc875782a0d4922b37cde2cf184ce347b91316d23cd7f69a36?s=96&d=mm&r=g","contentUrl":"https:\/\/secure.gravatar.com\/avatar\/78a7f90c01fc2bfc875782a0d4922b37cde2cf184ce347b91316d23cd7f69a36?s=96&d=mm&r=g","caption":"galledia"},"sameAs":["https:\/\/x.com\/admin"],"url":"https:\/\/www.organisator.ch\/fr\/author\/galledia\/"}]}},"_links":{"self":[{"href":"https:\/\/www.organisator.ch\/fr\/wp-json\/wp\/v2\/posts\/30708","targetHints":{"allow":["GET"]}}],"collection":[{"href":"https:\/\/www.organisator.ch\/fr\/wp-json\/wp\/v2\/posts"}],"about":[{"href":"https:\/\/www.organisator.ch\/fr\/wp-json\/wp\/v2\/types\/post"}],"author":[{"embeddable":true,"href":"https:\/\/www.organisator.ch\/fr\/wp-json\/wp\/v2\/users\/8"}],"replies":[{"embeddable":true,"href":"https:\/\/www.organisator.ch\/fr\/wp-json\/wp\/v2\/comments?post=30708"}],"version-history":[{"count":4,"href":"https:\/\/www.organisator.ch\/fr\/wp-json\/wp\/v2\/posts\/30708\/revisions"}],"predecessor-version":[{"id":31770,"href":"https:\/\/www.organisator.ch\/fr\/wp-json\/wp\/v2\/posts\/30708\/revisions\/31770"}],"wp:attachment":[{"href":"https:\/\/www.organisator.ch\/fr\/wp-json\/wp\/v2\/media?parent=30708"}],"wp:term":[{"taxonomy":"category","embeddable":true,"href":"https:\/\/www.organisator.ch\/fr\/wp-json\/wp\/v2\/categories?post=30708"},{"taxonomy":"post_tag","embeddable":true,"href":"https:\/\/www.organisator.ch\/fr\/wp-json\/wp\/v2\/tags?post=30708"}],"curies":[{"name":"wp","href":"https:\/\/api.w.org\/{rel}","templated":true}]}}