{"id":30741,"date":"2024-10-17T06:55:00","date_gmt":"2024-10-17T04:55:00","guid":{"rendered":"https:\/\/www.organisator.ch\/?p=30741"},"modified":"2024-10-16T09:55:12","modified_gmt":"2024-10-16T07:55:12","slug":"geschaeftsklima-und-investitionsoptimismus-in-der-schweiz-ueber-dem-globalen-durchschnitt","status":"publish","type":"post","link":"https:\/\/www.organisator.ch\/fr\/management\/2024-10-17\/geschaeftsklima-und-investitionsoptimismus-in-der-schweiz-ueber-dem-globalen-durchschnitt\/","title":{"rendered":"Climat des affaires et optimisme en mati\u00e8re d'investissement en Suisse sup\u00e9rieurs \u00e0 la moyenne mondiale"},"content":{"rendered":"<figure id=\"attachment_30743\" aria-describedby=\"caption-attachment-30743\" style=\"width: 680px\" class=\"wp-caption alignnone\"><img loading=\"lazy\" decoding=\"async\" class=\"size-full wp-image-30743\" src=\"https:\/\/www.organisator.ch\/wp-content\/uploads\/2024\/10\/DB-Geschaeftsoptimismus_Bild1_ps.jpg\" alt=\"\" width=\"680\" height=\"510\" srcset=\"https:\/\/www.organisator.ch\/wp-content\/uploads\/2024\/10\/DB-Geschaeftsoptimismus_Bild1_ps.jpg 680w, https:\/\/www.organisator.ch\/wp-content\/uploads\/2024\/10\/DB-Geschaeftsoptimismus_Bild1_ps-16x12.jpg 16w, https:\/\/www.organisator.ch\/wp-content\/uploads\/2024\/10\/DB-Geschaeftsoptimismus_Bild1_ps-375x281.jpg 375w, https:\/\/www.organisator.ch\/wp-content\/uploads\/2024\/10\/DB-Geschaeftsoptimismus_Bild1_ps-467x350.jpg 467w\" sizes=\"auto, (max-width: 680px) 100vw, 680px\" \/><figcaption id=\"caption-attachment-30743\" class=\"wp-caption-text\">Le GBOI de Dun &amp; Bradstreet montre que l'optimisme des entreprises mondiales augmente au quatri\u00e8me trimestre 2024 par rapport au trimestre pr\u00e9c\u00e9dent. (Image : www.depositphotos.com)<\/figcaption><\/figure>\n<p>La diversification des cha\u00eenes d'approvisionnement est davantage envisag\u00e9e pour faire face aux risques r\u00e9glementaires. Dans le domaine ESG, la croissance est un peu plus lente qu'au trimestre pr\u00e9c\u00e9dent. Le GBOI analyse le climat des affaires, les attentes en mati\u00e8re de cha\u00eenes d'approvisionnement, les conditions financi\u00e8res et d'investissement ainsi que les initiatives ESG de 10 000 entreprises de 17 secteurs dans 32 pays.<\/p>\n<h3><strong>La stabilisation des cha\u00eenes d'approvisionnement renforce les perspectives commerciales mondiales<\/strong><\/h3>\n<p>Le Global Business Optimism Index poursuit sa tendance \u00e0 la hausse et augmente de 7 pour cent au quatri\u00e8me trimestre 2024 par rapport au trimestre pr\u00e9c\u00e9dent. Plus de 75 pour cent des entreprises - en particulier les plus petites - sont optimistes quant \u00e0 leur carnet de commandes et aux commandes nationales et \u00e0 l'exportation. L'h\u00f4tellerie-restauration et l'industrie alimentaire se montrent particuli\u00e8rement confiantes \u00e0 cet \u00e9gard.<\/p>\n<p>Cette \u00e9volution positive se refl\u00e8te \u00e9galement dans la stabilisation des cha\u00eenes d'approvisionnement mondiales : le Global Supply Chain Continuity Index progresse de 7%. Cela indique une am\u00e9lioration des attentes d'un environnement mon\u00e9taire favorable dans le monde entier. Parall\u00e8lement, l'enqu\u00eate montre que les pr\u00e9occupations r\u00e9glementaires sp\u00e9cifiques au secteur augmentent : 32 pour cent des entreprises citent ce point comme l'une de leurs principales pr\u00e9occupations. Le nationalisme, y compris les restrictions \u00e0 l'exportation de technologies et de mati\u00e8res premi\u00e8res importantes, est le moteur de ces pr\u00e9occupations.<\/p>\n<h3><strong>Une \u00e9conomie suisse forte : le climat des affaires et la propension \u00e0 investir d\u00e9passent les indices de r\u00e9f\u00e9rence mondiaux<\/strong><\/h3>\n<ul>\n<li><strong>Indice mondial d'optimisme des entreprises : <\/strong>L'optimisme commercial des entreprises suisses augmente de 13 % et atteint 140 points, ce qui le place nettement au-dessus de la moyenne mondiale de 131 points. Ce sont surtout les grandes et moyennes entreprises qui profitent de cette croissance.<\/li>\n<li><strong>Indice de confiance financi\u00e8re des entreprises mondiales :<\/strong> La confiance financi\u00e8re dans l'\u00e9conomie suisse augmente nettement de 16% au quatri\u00e8me trimestre 2024 pour atteindre 140 points, car la BCE continue de baisser ses taux d'int\u00e9r\u00eat.<\/li>\n<li><strong>Indice mondial de confiance des entreprises en mati\u00e8re d'investissement : <\/strong>En Suisse, la propension \u00e0 investir des entreprises augmente encore de 9% pour atteindre 140 points. Avec le Royaume-Uni (+13%) et l'Espagne (+8%), la Suisse fait partie des \u00e9conomies d\u00e9velopp\u00e9es o\u00f9 la confiance en l'investissement a \u00e9t\u00e9 la plus forte au quatri\u00e8me trimestre.<\/li>\n<li><strong>Indice mondial de continuit\u00e9 de la cha\u00eene d'approvisionnement : <\/strong>L'indice mondial de continuit\u00e9 de la cha\u00eene d'approvisionnement augmente de 20 % pour atteindre 123 points en raison de la baisse des co\u00fbts de l'\u00e9lectricit\u00e9 et de l'\u00e9nergie. N\u00e9anmoins, une entreprise sur quatre en Suisse, aux \u00c9tats-Unis et en Espagne envisage la diversification des cha\u00eenes d'approvisionnement et des march\u00e9s comme strat\u00e9gie privil\u00e9gi\u00e9e pour faire face aux risques r\u00e9glementaires.<\/li>\n<li><strong>Indice Global Business ESG : <\/strong>L'indice Global Business ESG augmente de 4 %, ce qui repr\u00e9sente une hausse de 18 % par rapport au troisi\u00e8me trimestre.\u00a0<\/li>\n<\/ul>\n<p>\"Bien que l'optimisme des entreprises du monde entier ait augment\u00e9 et que l'inflation ait diminu\u00e9, la situation g\u00e9opolitique contribue \u00e0 l'incertitude \u00e9conomique\", explique Arun Singh, \u00e9conomiste en chef mondial chez Dun &amp; Bradstreet. \"Les risques r\u00e9glementaires sp\u00e9cifiques au secteur et les exigences plus strictes en mati\u00e8re de donn\u00e9es ont \u00e9t\u00e9 cit\u00e9s comme les principales pr\u00e9occupations par un tiers des personnes interrog\u00e9es. Pour att\u00e9nuer ces risques, les entreprises envisagent de diversifier leurs cha\u00eenes d'approvisionnement et leurs march\u00e9s afin de faire face au risque r\u00e9glementaire\".<\/p>\n<p><em>Source : <a href=\"http:\/\/www.dnb.co.uk\">www.dnb.co.uk<\/a><\/em><\/p>","protected":false},"excerpt":{"rendered":"<p>Le dernier Global Business Optimism Insights Report (GBOI) de Dun &amp; Bradstreet montre que l'optimisme des entreprises dans le monde augmente au quatri\u00e8me trimestre 2024 par rapport au trimestre pr\u00e9c\u00e9dent. L'optimisme commercial et la volont\u00e9 d'investir des entreprises suisses ont nettement augment\u00e9 au quatri\u00e8me trimestre 2024 et sont sup\u00e9rieurs \u00e0 la moyenne mondiale. Ce sont surtout les grandes et moyennes entreprises qui profitent de cette \u00e9volution positive. <\/p>","protected":false},"author":58,"featured_media":30743,"comment_status":"closed","ping_status":"closed","sticky":false,"template":"","format":"standard","meta":{"_acf_changed":false,"_yoast_wpseo_focuskw":"Gesch\u00e4ftsklima","_yoast_wpseo_metadesc":"Der aktuelle GBOI von Dun & Bradstreet zeigt, dass der weltweite Gesch\u00e4ftsoptimismus im vierten Quartal 2024 im Vergleich zum Vorquartal steigt.","articlekey":"","footnotes":""},"categories":[28],"tags":[4627,1441,334,424,492,2576],"class_list":["post-30741","post","type-post","status-publish","format-standard","has-post-thumbnail","hentry","category-management","tag-geschaeftsklima","tag-investition","tag-management","tag-schweiz","tag-unternehmen","tag-wirtschaft"],"acf":[],"yoast_head":"<!-- This site is optimized with the Yoast SEO plugin v27.5 - https:\/\/yoast.com\/product\/yoast-seo-wordpress\/ -->\n<title>Gesch\u00e4ftsklima und Investitionsoptimismus in der Schweiz \u00fcber dem globalen Durchschnitt - Organisator<\/title>\n<meta name=\"description\" content=\"Der aktuelle GBOI von Dun &amp; Bradstreet zeigt, dass der weltweite Gesch\u00e4ftsoptimismus im vierten Quartal 2024 im Vergleich zum Vorquartal steigt.\" \/>\n<meta name=\"robots\" content=\"index, follow, max-snippet:-1, max-image-preview:large, max-video-preview:-1\" \/>\n<link rel=\"canonical\" href=\"https:\/\/www.organisator.ch\/fr\/gestion-2\/2024-10-17\/geschaeftsklima-und-investitionsoptimismus-in-der-schweiz-ueber-dem-globalen-durchschnitt\/\" \/>\n<meta property=\"og:locale\" content=\"fr_FR\" \/>\n<meta property=\"og:type\" content=\"article\" \/>\n<meta property=\"og:title\" content=\"Gesch\u00e4ftsklima und Investitionsoptimismus in der Schweiz \u00fcber dem globalen Durchschnitt\" \/>\n<meta property=\"og:description\" content=\"Der aktuelle GBOI von Dun &amp; Bradstreet zeigt, dass der weltweite Gesch\u00e4ftsoptimismus im vierten Quartal 2024 im Vergleich zum Vorquartal steigt.\" \/>\n<meta property=\"og:url\" content=\"https:\/\/www.organisator.ch\/fr\/gestion-2\/2024-10-17\/geschaeftsklima-und-investitionsoptimismus-in-der-schweiz-ueber-dem-globalen-durchschnitt\/\" \/>\n<meta property=\"og:site_name\" content=\"Organisator\" \/>\n<meta property=\"article:publisher\" content=\"https:\/\/www.facebook.com\/OrganisatorFachmagazin\" \/>\n<meta property=\"article:published_time\" content=\"2024-10-17T04:55:00+00:00\" \/>\n<meta property=\"og:image\" content=\"https:\/\/www.organisator.ch\/wp-content\/uploads\/2024\/10\/DB-Geschaeftsoptimismus_Bild1_ps.jpg\" \/>\n\t<meta property=\"og:image:width\" content=\"680\" \/>\n\t<meta property=\"og:image:height\" content=\"510\" \/>\n\t<meta property=\"og:image:type\" content=\"image\/jpeg\" \/>\n<meta name=\"author\" content=\"Adelisa Kalajdzini\" \/>\n<meta name=\"twitter:card\" content=\"summary_large_image\" \/>\n<meta name=\"twitter:title\" content=\"Gesch\u00e4ftsklima und Investitionsoptimismus in der Schweiz \u00fcber dem globalen Durchschnitt\" \/>\n<meta name=\"twitter:description\" content=\"Der aktuelle #GBOI von #Dun &amp; #Bradstreet zeigt, dass der weltweite #Gesch\u00e4ftsoptimismus im vierten #Quartal 2024 im Vergleich zum Vorquartal #steigt.\" \/>\n<meta name=\"twitter:image\" content=\"https:\/\/www.organisator.ch\/wp-content\/uploads\/2024\/10\/DB-Geschaeftsoptimismus_Bild1_ps.jpg\" \/>\n<script type=\"application\/ld+json\" class=\"yoast-schema-graph\">{\"@context\":\"https:\\\/\\\/schema.org\",\"@graph\":[{\"@type\":\"Article\",\"@id\":\"https:\\\/\\\/www.organisator.ch\\\/management\\\/2024-10-17\\\/geschaeftsklima-und-investitionsoptimismus-in-der-schweiz-ueber-dem-globalen-durchschnitt\\\/#article\",\"isPartOf\":{\"@id\":\"https:\\\/\\\/www.organisator.ch\\\/management\\\/2024-10-17\\\/geschaeftsklima-und-investitionsoptimismus-in-der-schweiz-ueber-dem-globalen-durchschnitt\\\/\"},\"author\":{\"name\":\"Adelisa Kalajdzini\",\"@id\":\"https:\\\/\\\/www.organisator.ch\\\/#\\\/schema\\\/person\\\/2e1314a2172123f874db408d8911d3f3\"},\"headline\":\"Gesch\u00e4ftsklima und Investitionsoptimismus in der Schweiz \u00fcber dem globalen Durchschnitt\",\"datePublished\":\"2024-10-17T04:55:00+00:00\",\"mainEntityOfPage\":{\"@id\":\"https:\\\/\\\/www.organisator.ch\\\/management\\\/2024-10-17\\\/geschaeftsklima-und-investitionsoptimismus-in-der-schweiz-ueber-dem-globalen-durchschnitt\\\/\"},\"wordCount\":488,\"publisher\":{\"@id\":\"https:\\\/\\\/www.organisator.ch\\\/#organization\"},\"image\":{\"@id\":\"https:\\\/\\\/www.organisator.ch\\\/management\\\/2024-10-17\\\/geschaeftsklima-und-investitionsoptimismus-in-der-schweiz-ueber-dem-globalen-durchschnitt\\\/#primaryimage\"},\"thumbnailUrl\":\"https:\\\/\\\/www.organisator.ch\\\/wp-content\\\/uploads\\\/2024\\\/10\\\/DB-Geschaeftsoptimismus_Bild1_ps.jpg\",\"keywords\":[\"Gesch\u00e4ftsklima\",\"Investition\",\"Management\",\"Schweiz\",\"Unternehmen\",\"Wirtschaft\"],\"articleSection\":[\"MANAGEMENT\"],\"inLanguage\":\"fr-FR\"},{\"@type\":\"WebPage\",\"@id\":\"https:\\\/\\\/www.organisator.ch\\\/management\\\/2024-10-17\\\/geschaeftsklima-und-investitionsoptimismus-in-der-schweiz-ueber-dem-globalen-durchschnitt\\\/\",\"url\":\"https:\\\/\\\/www.organisator.ch\\\/management\\\/2024-10-17\\\/geschaeftsklima-und-investitionsoptimismus-in-der-schweiz-ueber-dem-globalen-durchschnitt\\\/\",\"name\":\"Gesch\u00e4ftsklima und Investitionsoptimismus in der Schweiz \u00fcber dem globalen Durchschnitt - Organisator\",\"isPartOf\":{\"@id\":\"https:\\\/\\\/www.organisator.ch\\\/#website\"},\"primaryImageOfPage\":{\"@id\":\"https:\\\/\\\/www.organisator.ch\\\/management\\\/2024-10-17\\\/geschaeftsklima-und-investitionsoptimismus-in-der-schweiz-ueber-dem-globalen-durchschnitt\\\/#primaryimage\"},\"image\":{\"@id\":\"https:\\\/\\\/www.organisator.ch\\\/management\\\/2024-10-17\\\/geschaeftsklima-und-investitionsoptimismus-in-der-schweiz-ueber-dem-globalen-durchschnitt\\\/#primaryimage\"},\"thumbnailUrl\":\"https:\\\/\\\/www.organisator.ch\\\/wp-content\\\/uploads\\\/2024\\\/10\\\/DB-Geschaeftsoptimismus_Bild1_ps.jpg\",\"datePublished\":\"2024-10-17T04:55:00+00:00\",\"description\":\"Der aktuelle GBOI von Dun & Bradstreet zeigt, dass der weltweite Gesch\u00e4ftsoptimismus im vierten Quartal 2024 im Vergleich zum Vorquartal steigt.\",\"breadcrumb\":{\"@id\":\"https:\\\/\\\/www.organisator.ch\\\/management\\\/2024-10-17\\\/geschaeftsklima-und-investitionsoptimismus-in-der-schweiz-ueber-dem-globalen-durchschnitt\\\/#breadcrumb\"},\"inLanguage\":\"fr-FR\",\"potentialAction\":[{\"@type\":\"ReadAction\",\"target\":[\"https:\\\/\\\/www.organisator.ch\\\/management\\\/2024-10-17\\\/geschaeftsklima-und-investitionsoptimismus-in-der-schweiz-ueber-dem-globalen-durchschnitt\\\/\"]}]},{\"@type\":\"ImageObject\",\"inLanguage\":\"fr-FR\",\"@id\":\"https:\\\/\\\/www.organisator.ch\\\/management\\\/2024-10-17\\\/geschaeftsklima-und-investitionsoptimismus-in-der-schweiz-ueber-dem-globalen-durchschnitt\\\/#primaryimage\",\"url\":\"https:\\\/\\\/www.organisator.ch\\\/wp-content\\\/uploads\\\/2024\\\/10\\\/DB-Geschaeftsoptimismus_Bild1_ps.jpg\",\"contentUrl\":\"https:\\\/\\\/www.organisator.ch\\\/wp-content\\\/uploads\\\/2024\\\/10\\\/DB-Geschaeftsoptimismus_Bild1_ps.jpg\",\"width\":680,\"height\":510,\"caption\":\"Der GBOI von Dun & Bradstreet zeigt, dass der weltweite Gesch\u00e4ftsoptimismus im vierten Quartal 2024 im Vergleich zum Vorquartal steigt. (Bild: www.depositphotos.com)\"},{\"@type\":\"BreadcrumbList\",\"@id\":\"https:\\\/\\\/www.organisator.ch\\\/management\\\/2024-10-17\\\/geschaeftsklima-und-investitionsoptimismus-in-der-schweiz-ueber-dem-globalen-durchschnitt\\\/#breadcrumb\",\"itemListElement\":[{\"@type\":\"ListItem\",\"position\":1,\"name\":\"Home\",\"item\":\"https:\\\/\\\/www.organisator.ch\\\/\"},{\"@type\":\"ListItem\",\"position\":2,\"name\":\"Gesch\u00e4ftsklima und Investitionsoptimismus in der Schweiz \u00fcber dem globalen Durchschnitt\"}]},{\"@type\":\"WebSite\",\"@id\":\"https:\\\/\\\/www.organisator.ch\\\/#website\",\"url\":\"https:\\\/\\\/www.organisator.ch\\\/\",\"name\":\"Organisator\",\"description\":\"Kompetent. Praxisnah. Der ORGANISATOR bereitet in 10 Ausgaben pro Jahr die wesentlichen Themen f\u00fcr F\u00fchrungskr\u00e4fte von KMU auf.\",\"publisher\":{\"@id\":\"https:\\\/\\\/www.organisator.ch\\\/#organization\"},\"potentialAction\":[{\"@type\":\"SearchAction\",\"target\":{\"@type\":\"EntryPoint\",\"urlTemplate\":\"https:\\\/\\\/www.organisator.ch\\\/?s={search_term_string}\"},\"query-input\":{\"@type\":\"PropertyValueSpecification\",\"valueRequired\":true,\"valueName\":\"search_term_string\"}}],\"inLanguage\":\"fr-FR\"},{\"@type\":\"Organization\",\"@id\":\"https:\\\/\\\/www.organisator.ch\\\/#organization\",\"name\":\"Organisator\",\"url\":\"https:\\\/\\\/www.organisator.ch\\\/\",\"logo\":{\"@type\":\"ImageObject\",\"inLanguage\":\"fr-FR\",\"@id\":\"https:\\\/\\\/www.organisator.ch\\\/#\\\/schema\\\/logo\\\/image\\\/\",\"url\":\"https:\\\/\\\/www.organisator.ch\\\/wp-content\\\/uploads\\\/2022\\\/01\\\/Logo_Organisator_Website.png\",\"contentUrl\":\"https:\\\/\\\/www.organisator.ch\\\/wp-content\\\/uploads\\\/2022\\\/01\\\/Logo_Organisator_Website.png\",\"width\":800,\"height\":77,\"caption\":\"Organisator\"},\"image\":{\"@id\":\"https:\\\/\\\/www.organisator.ch\\\/#\\\/schema\\\/logo\\\/image\\\/\"},\"sameAs\":[\"https:\\\/\\\/www.facebook.com\\\/OrganisatorFachmagazin\",\"https:\\\/\\\/www.linkedin.com\\\/showcase\\\/organisator-das-magazin-fr-kmu\",\"https:\\\/\\\/www.xing.com\\\/news\\\/pages\\\/organisator-ch-695\",\"https:\\\/\\\/www.youtube.com\\\/channel\\\/UCGP2Sq0iWaZwT3BdIAQFYpw\"]},{\"@type\":\"Person\",\"@id\":\"https:\\\/\\\/www.organisator.ch\\\/#\\\/schema\\\/person\\\/2e1314a2172123f874db408d8911d3f3\",\"name\":\"Adelisa Kalajdzini\",\"image\":{\"@type\":\"ImageObject\",\"inLanguage\":\"fr-FR\",\"@id\":\"https:\\\/\\\/secure.gravatar.com\\\/avatar\\\/09a397c22ac58cad6f160ee8306348599df9df58a8ede73696226897b9fa4b24?s=96&d=mm&r=g\",\"url\":\"https:\\\/\\\/secure.gravatar.com\\\/avatar\\\/09a397c22ac58cad6f160ee8306348599df9df58a8ede73696226897b9fa4b24?s=96&d=mm&r=g\",\"contentUrl\":\"https:\\\/\\\/secure.gravatar.com\\\/avatar\\\/09a397c22ac58cad6f160ee8306348599df9df58a8ede73696226897b9fa4b24?s=96&d=mm&r=g\",\"caption\":\"Adelisa Kalajdzini\"},\"url\":\"https:\\\/\\\/www.organisator.ch\\\/fr\\\/author\\\/adelisa-kalajdzini\\\/\"}]}<\/script>\n<!-- \/ Yoast SEO plugin. -->","yoast_head_json":{"title":"Climat des affaires et optimisme en mati\u00e8re d'investissement en Suisse sup\u00e9rieurs \u00e0 la moyenne mondiale - Organisateur","description":"Le dernier GBOI de Dun &amp; Bradstreet montre que l'optimisme des entreprises mondiales augmente au quatri\u00e8me trimestre 2024 par rapport au trimestre pr\u00e9c\u00e9dent.","robots":{"index":"index","follow":"follow","max-snippet":"max-snippet:-1","max-image-preview":"max-image-preview:large","max-video-preview":"max-video-preview:-1"},"canonical":"https:\/\/www.organisator.ch\/fr\/gestion-2\/2024-10-17\/geschaeftsklima-und-investitionsoptimismus-in-der-schweiz-ueber-dem-globalen-durchschnitt\/","og_locale":"fr_FR","og_type":"article","og_title":"Gesch\u00e4ftsklima und Investitionsoptimismus in der Schweiz \u00fcber dem globalen Durchschnitt","og_description":"Der aktuelle GBOI von Dun & Bradstreet zeigt, dass der weltweite Gesch\u00e4ftsoptimismus im vierten Quartal 2024 im Vergleich zum Vorquartal steigt.","og_url":"https:\/\/www.organisator.ch\/fr\/gestion-2\/2024-10-17\/geschaeftsklima-und-investitionsoptimismus-in-der-schweiz-ueber-dem-globalen-durchschnitt\/","og_site_name":"Organisator","article_publisher":"https:\/\/www.facebook.com\/OrganisatorFachmagazin","article_published_time":"2024-10-17T04:55:00+00:00","og_image":[{"width":680,"height":510,"url":"https:\/\/www.organisator.ch\/wp-content\/uploads\/2024\/10\/DB-Geschaeftsoptimismus_Bild1_ps.jpg","type":"image\/jpeg"}],"author":"Adelisa Kalajdzini","twitter_card":"summary_large_image","twitter_title":"Gesch\u00e4ftsklima und Investitionsoptimismus in der Schweiz \u00fcber dem globalen Durchschnitt","twitter_description":"Der aktuelle #GBOI von #Dun & #Bradstreet zeigt, dass der weltweite #Gesch\u00e4ftsoptimismus im vierten #Quartal 2024 im Vergleich zum Vorquartal #steigt.","twitter_image":"https:\/\/www.organisator.ch\/wp-content\/uploads\/2024\/10\/DB-Geschaeftsoptimismus_Bild1_ps.jpg","schema":{"@context":"https:\/\/schema.org","@graph":[{"@type":"Article","@id":"https:\/\/www.organisator.ch\/management\/2024-10-17\/geschaeftsklima-und-investitionsoptimismus-in-der-schweiz-ueber-dem-globalen-durchschnitt\/#article","isPartOf":{"@id":"https:\/\/www.organisator.ch\/management\/2024-10-17\/geschaeftsklima-und-investitionsoptimismus-in-der-schweiz-ueber-dem-globalen-durchschnitt\/"},"author":{"name":"Adelisa Kalajdzini","@id":"https:\/\/www.organisator.ch\/#\/schema\/person\/2e1314a2172123f874db408d8911d3f3"},"headline":"Gesch\u00e4ftsklima und Investitionsoptimismus in der Schweiz \u00fcber dem globalen Durchschnitt","datePublished":"2024-10-17T04:55:00+00:00","mainEntityOfPage":{"@id":"https:\/\/www.organisator.ch\/management\/2024-10-17\/geschaeftsklima-und-investitionsoptimismus-in-der-schweiz-ueber-dem-globalen-durchschnitt\/"},"wordCount":488,"publisher":{"@id":"https:\/\/www.organisator.ch\/#organization"},"image":{"@id":"https:\/\/www.organisator.ch\/management\/2024-10-17\/geschaeftsklima-und-investitionsoptimismus-in-der-schweiz-ueber-dem-globalen-durchschnitt\/#primaryimage"},"thumbnailUrl":"https:\/\/www.organisator.ch\/wp-content\/uploads\/2024\/10\/DB-Geschaeftsoptimismus_Bild1_ps.jpg","keywords":["Gesch\u00e4ftsklima","Investition","Management","Schweiz","Unternehmen","Wirtschaft"],"articleSection":["MANAGEMENT"],"inLanguage":"fr-FR"},{"@type":"WebPage","@id":"https:\/\/www.organisator.ch\/management\/2024-10-17\/geschaeftsklima-und-investitionsoptimismus-in-der-schweiz-ueber-dem-globalen-durchschnitt\/","url":"https:\/\/www.organisator.ch\/management\/2024-10-17\/geschaeftsklima-und-investitionsoptimismus-in-der-schweiz-ueber-dem-globalen-durchschnitt\/","name":"Climat des affaires et optimisme en mati\u00e8re d'investissement en Suisse sup\u00e9rieurs \u00e0 la moyenne mondiale - Organisateur","isPartOf":{"@id":"https:\/\/www.organisator.ch\/#website"},"primaryImageOfPage":{"@id":"https:\/\/www.organisator.ch\/management\/2024-10-17\/geschaeftsklima-und-investitionsoptimismus-in-der-schweiz-ueber-dem-globalen-durchschnitt\/#primaryimage"},"image":{"@id":"https:\/\/www.organisator.ch\/management\/2024-10-17\/geschaeftsklima-und-investitionsoptimismus-in-der-schweiz-ueber-dem-globalen-durchschnitt\/#primaryimage"},"thumbnailUrl":"https:\/\/www.organisator.ch\/wp-content\/uploads\/2024\/10\/DB-Geschaeftsoptimismus_Bild1_ps.jpg","datePublished":"2024-10-17T04:55:00+00:00","description":"Le dernier GBOI de Dun &amp; Bradstreet montre que l'optimisme des entreprises mondiales augmente au quatri\u00e8me trimestre 2024 par rapport au trimestre pr\u00e9c\u00e9dent.","breadcrumb":{"@id":"https:\/\/www.organisator.ch\/management\/2024-10-17\/geschaeftsklima-und-investitionsoptimismus-in-der-schweiz-ueber-dem-globalen-durchschnitt\/#breadcrumb"},"inLanguage":"fr-FR","potentialAction":[{"@type":"ReadAction","target":["https:\/\/www.organisator.ch\/management\/2024-10-17\/geschaeftsklima-und-investitionsoptimismus-in-der-schweiz-ueber-dem-globalen-durchschnitt\/"]}]},{"@type":"ImageObject","inLanguage":"fr-FR","@id":"https:\/\/www.organisator.ch\/management\/2024-10-17\/geschaeftsklima-und-investitionsoptimismus-in-der-schweiz-ueber-dem-globalen-durchschnitt\/#primaryimage","url":"https:\/\/www.organisator.ch\/wp-content\/uploads\/2024\/10\/DB-Geschaeftsoptimismus_Bild1_ps.jpg","contentUrl":"https:\/\/www.organisator.ch\/wp-content\/uploads\/2024\/10\/DB-Geschaeftsoptimismus_Bild1_ps.jpg","width":680,"height":510,"caption":"Der GBOI von Dun & Bradstreet zeigt, dass der weltweite Gesch\u00e4ftsoptimismus im vierten Quartal 2024 im Vergleich zum Vorquartal steigt. (Bild: www.depositphotos.com)"},{"@type":"BreadcrumbList","@id":"https:\/\/www.organisator.ch\/management\/2024-10-17\/geschaeftsklima-und-investitionsoptimismus-in-der-schweiz-ueber-dem-globalen-durchschnitt\/#breadcrumb","itemListElement":[{"@type":"ListItem","position":1,"name":"Home","item":"https:\/\/www.organisator.ch\/"},{"@type":"ListItem","position":2,"name":"Gesch\u00e4ftsklima und Investitionsoptimismus in der Schweiz \u00fcber dem globalen Durchschnitt"}]},{"@type":"WebSite","@id":"https:\/\/www.organisator.ch\/#website","url":"https:\/\/www.organisator.ch\/","name":"Organisateur","description":"Comp\u00e9tence et comp\u00e9tence. Proches de la pratique. L'ORGANISATEUR pr\u00e9pare 10 num\u00e9ros par an sur les th\u00e8mes essentiels pour les dirigeants de PME.","publisher":{"@id":"https:\/\/www.organisator.ch\/#organization"},"potentialAction":[{"@type":"SearchAction","target":{"@type":"EntryPoint","urlTemplate":"https:\/\/www.organisator.ch\/?s={search_term_string}"},"query-input":{"@type":"PropertyValueSpecification","valueRequired":true,"valueName":"search_term_string"}}],"inLanguage":"fr-FR"},{"@type":"Organization","@id":"https:\/\/www.organisator.ch\/#organization","name":"Organisateur","url":"https:\/\/www.organisator.ch\/","logo":{"@type":"ImageObject","inLanguage":"fr-FR","@id":"https:\/\/www.organisator.ch\/#\/schema\/logo\/image\/","url":"https:\/\/www.organisator.ch\/wp-content\/uploads\/2022\/01\/Logo_Organisator_Website.png","contentUrl":"https:\/\/www.organisator.ch\/wp-content\/uploads\/2022\/01\/Logo_Organisator_Website.png","width":800,"height":77,"caption":"Organisator"},"image":{"@id":"https:\/\/www.organisator.ch\/#\/schema\/logo\/image\/"},"sameAs":["https:\/\/www.facebook.com\/OrganisatorFachmagazin","https:\/\/www.linkedin.com\/showcase\/organisator-das-magazin-fr-kmu","https:\/\/www.xing.com\/news\/pages\/organisator-ch-695","https:\/\/www.youtube.com\/channel\/UCGP2Sq0iWaZwT3BdIAQFYpw"]},{"@type":"Person","@id":"https:\/\/www.organisator.ch\/#\/schema\/person\/2e1314a2172123f874db408d8911d3f3","name":"Adelisa Kalajdzini","image":{"@type":"ImageObject","inLanguage":"fr-FR","@id":"https:\/\/secure.gravatar.com\/avatar\/09a397c22ac58cad6f160ee8306348599df9df58a8ede73696226897b9fa4b24?s=96&d=mm&r=g","url":"https:\/\/secure.gravatar.com\/avatar\/09a397c22ac58cad6f160ee8306348599df9df58a8ede73696226897b9fa4b24?s=96&d=mm&r=g","contentUrl":"https:\/\/secure.gravatar.com\/avatar\/09a397c22ac58cad6f160ee8306348599df9df58a8ede73696226897b9fa4b24?s=96&d=mm&r=g","caption":"Adelisa Kalajdzini"},"url":"https:\/\/www.organisator.ch\/fr\/author\/adelisa-kalajdzini\/"}]}},"_links":{"self":[{"href":"https:\/\/www.organisator.ch\/fr\/wp-json\/wp\/v2\/posts\/30741","targetHints":{"allow":["GET"]}}],"collection":[{"href":"https:\/\/www.organisator.ch\/fr\/wp-json\/wp\/v2\/posts"}],"about":[{"href":"https:\/\/www.organisator.ch\/fr\/wp-json\/wp\/v2\/types\/post"}],"author":[{"embeddable":true,"href":"https:\/\/www.organisator.ch\/fr\/wp-json\/wp\/v2\/users\/58"}],"replies":[{"embeddable":true,"href":"https:\/\/www.organisator.ch\/fr\/wp-json\/wp\/v2\/comments?post=30741"}],"version-history":[{"count":4,"href":"https:\/\/www.organisator.ch\/fr\/wp-json\/wp\/v2\/posts\/30741\/revisions"}],"predecessor-version":[{"id":30988,"href":"https:\/\/www.organisator.ch\/fr\/wp-json\/wp\/v2\/posts\/30741\/revisions\/30988"}],"wp:featuredmedia":[{"embeddable":true,"href":"https:\/\/www.organisator.ch\/fr\/wp-json\/wp\/v2\/media\/30743"}],"wp:attachment":[{"href":"https:\/\/www.organisator.ch\/fr\/wp-json\/wp\/v2\/media?parent=30741"}],"wp:term":[{"taxonomy":"category","embeddable":true,"href":"https:\/\/www.organisator.ch\/fr\/wp-json\/wp\/v2\/categories?post=30741"},{"taxonomy":"post_tag","embeddable":true,"href":"https:\/\/www.organisator.ch\/fr\/wp-json\/wp\/v2\/tags?post=30741"}],"curies":[{"name":"wp","href":"https:\/\/api.w.org\/{rel}","templated":true}]}}