{"id":30764,"date":"2024-10-16T13:51:46","date_gmt":"2024-10-16T11:51:46","guid":{"rendered":"https:\/\/www.markt-kom.com\/?p=225113"},"modified":"2024-11-07T12:42:16","modified_gmt":"2024-11-07T11:42:16","slug":"stuiq-kreiert-josy-fuer-entsorgung-recycling-zuerich-3","status":"publish","type":"post","link":"https:\/\/www.organisator.ch\/fr\/marketing\/2024-10-16\/stuiq-kreiert-josy-fuer-entsorgung-recycling-zuerich-3\/","title":{"rendered":"Stuiq cr\u00e9e \"Josy\" pour Entsorgung + Recycling Z\u00fcrich"},"content":{"rendered":"<p><img class=\"aligncenter wp-image-225114 size-full\" src=\"https:\/\/www.markt-kom.com\/wp-content\/uploads\/2024\/10\/StuiqxERZ_Pitchgewinn-muk.jpg\" alt=\"D\u00e9claration des villes circulaires de Zurich \" width=\"1200\" height=\"900\" \/><\/p>\r\n<p>La ville de Zurich est la premi\u00e8re ville suisse \u00e0 avoir sign\u00e9 la \"Circular Cities Declaration\", \u00e0 avoir adopt\u00e9 une strat\u00e9gie d'\u00e9conomie circulaire et \u00e0 avoir adopt\u00e9 un ensemble de mesures correspondantes. Dans le but de promouvoir l'\u00e9conomie circulaire, ERZ pr\u00e9voit une offre temporaire d'\u00e9conomie circulaire pour la pr\u00e9vention et la r\u00e9duction des d\u00e9chets sur le Josefareal, pr\u00e8s de l'ancienne centrale thermique pour les ordures m\u00e9nag\u00e8res, entre le Hardbr\u00fccke et le Viadukt. L'offre devrait \u00eatre op\u00e9rationnelle \u00e0 partir de 2025 jusqu'\u00e0 fin 2028.<\/p>\r\n<p>Afin de donner au site et \u00e0 la nouvelle offre la force de communication n\u00e9cessaire, de cr\u00e9er une prise de conscience et de susciter l'identification et l'implication, ERZ a cherch\u00e9 une agence cr\u00e9ative dans le cadre d'un pitch pour la future collaboration. Stuiq a remport\u00e9 la proc\u00e9dure de s\u00e9lection et se trouve actuellement au milieu des d\u00e9veloppements et des r\u00e9alisations.<\/p>\r\n<p>Outre le naming, le purpose et l'identit\u00e9 visuelle, les t\u00e2ches comprennent surtout la communication autour de l'offre d'\u00e9conomie circulaire. L'ensemble du site doit \u00e9galement devenir \u00e0 l'avenir un lieu de rencontre et d'\u00e9change - avec des offres de restauration et de d\u00e9tente. Pour cela, ERZ pr\u00e9voit, en collaboration avec Stuiq, une ouverture en 2025 ainsi que des mesures de sensibilisation avec diffusion d'informations.<\/p>\r\n<p>L'id\u00e9e : sur le Josefareal sans voitures, les objets en bon \u00e9tat doivent \u00eatre transmis et les articles rarement utilis\u00e9s doivent \u00eatre emprunt\u00e9s. De plus, il y a des offres de r\u00e9paration pour les biens d\u00e9fectueux. L'accent est mis sur la pr\u00e9vention des d\u00e9chets afin de r\u00e9duire les \u00e9missions indirectes de gaz \u00e0 effet de serre.<\/p>\r\n<p>L'offre temporaire fait office de terrain d'essai pour tester et d\u00e9velopper de nouveaux services dans le domaine de l'\u00e9conomie circulaire. Il est pr\u00e9vu que l'offre soit modulaire et puisse \u00e9voluer en permanence pendant les quatre ann\u00e9es de fonctionnement. ERZ collaborera avec des tiers pour les diff\u00e9rents services. Les personnes int\u00e9ress\u00e9es \u00e0 placer leurs offres en mati\u00e8re d'\u00e9conomie circulaire sur le site et \u00e0 louer temporairement un local peuvent s'adresser \u00e0 Entsorgung + Recycling Z\u00fcrich.<\/p>","protected":false},"excerpt":{"rendered":"<p>La ville de Zurich pr\u00e9voit une offre d'\u00e9conomie circulaire comme utilisation interm\u00e9diaire sur le Josefareal. Le \"Josy\" - c'est son nouveau nom - offrira \u00e0 la population des possibilit\u00e9s de partage, de r\u00e9paration et de pr\u00eat d'objets. Stuiq a remport\u00e9 le pitch de Entsorgung + Recycling Z\u00fcrich (ERZ) et d\u00e9veloppe le naming, la pr\u00e9sentation, la communication et la signal\u00e9tique pour le site.<\/p>","protected":false},"author":8,"featured_media":0,"comment_status":"closed","ping_status":"closed","sticky":false,"template":"","format":"standard","meta":{"_acf_changed":false,"_yoast_wpseo_focuskw":"Z\u00fcrich Circular Cities Declaration","_yoast_wpseo_metadesc":"Z\u00fcrich unterzeichnet die Circular Cities Declaration und plant ein Kreislaufwirtschaftsprojekt auf dem Josefareal bis 2028.","articlekey":"","footnotes":""},"categories":[29],"tags":[4630,2855,1987,3596],"class_list":["post-30764","post","type-post","status-publish","format-standard","hentry","category-marketing","tag-erz","tag-etats","tag-recycling","tag-stuiq"],"acf":[],"yoast_head":"<!-- This site is optimized with the Yoast SEO plugin v27.4 - https:\/\/yoast.com\/product\/yoast-seo-wordpress\/ -->\n<title>Stuiq kreiert \u00abJosy\u00bb f\u00fcr Entsorgung + Recycling Z\u00fcrich - Organisator<\/title>\n<meta name=\"description\" content=\"Z\u00fcrich unterzeichnet die Circular Cities Declaration und plant ein Kreislaufwirtschaftsprojekt auf dem Josefareal bis 2028.\" \/>\n<meta name=\"robots\" content=\"index, follow, max-snippet:-1, max-image-preview:large, max-video-preview:-1\" \/>\n<link rel=\"canonical\" href=\"https:\/\/www.organisator.ch\/fr\/marketing\/2024-10-16\/stuiq-kreiert-josy-fuer-entsorgung-recycling-zuerich-3\/\" \/>\n<meta property=\"og:locale\" content=\"fr_FR\" \/>\n<meta property=\"og:type\" content=\"article\" \/>\n<meta property=\"og:title\" content=\"Stuiq kreiert \u00abJosy\u00bb f\u00fcr Entsorgung + Recycling Z\u00fcrich - Organisator\" \/>\n<meta property=\"og:description\" content=\"Z\u00fcrich unterzeichnet die Circular Cities Declaration und plant ein Kreislaufwirtschaftsprojekt auf dem Josefareal bis 2028.\" \/>\n<meta property=\"og:url\" content=\"https:\/\/www.organisator.ch\/fr\/marketing\/2024-10-16\/stuiq-kreiert-josy-fuer-entsorgung-recycling-zuerich-3\/\" \/>\n<meta property=\"og:site_name\" content=\"Organisator\" \/>\n<meta property=\"article:publisher\" content=\"https:\/\/www.facebook.com\/OrganisatorFachmagazin\" \/>\n<meta property=\"article:published_time\" content=\"2024-10-16T11:51:46+00:00\" \/>\n<meta property=\"article:modified_time\" content=\"2024-11-07T11:42:16+00:00\" \/>\n<meta property=\"og:image\" content=\"https:\/\/www.markt-kom.com\/wp-content\/uploads\/2024\/10\/StuiqxERZ_Pitchgewinn-muk.jpg\" \/>\n<meta name=\"author\" content=\"galledia\" \/>\n<meta name=\"twitter:card\" content=\"summary_large_image\" \/>\n<meta name=\"twitter:creator\" content=\"@admin\" \/>\n<script type=\"application\/ld+json\" class=\"yoast-schema-graph\">{\"@context\":\"https:\\\/\\\/schema.org\",\"@graph\":[{\"@type\":\"Article\",\"@id\":\"https:\\\/\\\/www.organisator.ch\\\/marketing\\\/2024-10-16\\\/stuiq-kreiert-josy-fuer-entsorgung-recycling-zuerich-3\\\/#article\",\"isPartOf\":{\"@id\":\"https:\\\/\\\/www.organisator.ch\\\/marketing\\\/2024-10-16\\\/stuiq-kreiert-josy-fuer-entsorgung-recycling-zuerich-3\\\/\"},\"author\":{\"name\":\"galledia\",\"@id\":\"https:\\\/\\\/www.organisator.ch\\\/#\\\/schema\\\/person\\\/4e51799071cd2dd1232ac003643ef5f0\"},\"headline\":\"Stuiq kreiert \u00abJosy\u00bb f\u00fcr Entsorgung + Recycling Z\u00fcrich\",\"datePublished\":\"2024-10-16T11:51:46+00:00\",\"dateModified\":\"2024-11-07T11:42:16+00:00\",\"mainEntityOfPage\":{\"@id\":\"https:\\\/\\\/www.organisator.ch\\\/marketing\\\/2024-10-16\\\/stuiq-kreiert-josy-fuer-entsorgung-recycling-zuerich-3\\\/\"},\"wordCount\":295,\"publisher\":{\"@id\":\"https:\\\/\\\/www.organisator.ch\\\/#organization\"},\"image\":{\"@id\":\"https:\\\/\\\/www.organisator.ch\\\/marketing\\\/2024-10-16\\\/stuiq-kreiert-josy-fuer-entsorgung-recycling-zuerich-3\\\/#primaryimage\"},\"thumbnailUrl\":\"https:\\\/\\\/www.markt-kom.com\\\/wp-content\\\/uploads\\\/2024\\\/10\\\/StuiqxERZ_Pitchgewinn-muk.jpg\",\"keywords\":[\"ERZ\",\"Etats\",\"Recycling\",\"Stuiq\"],\"articleSection\":[\"MARKETING\"],\"inLanguage\":\"fr-FR\"},{\"@type\":\"WebPage\",\"@id\":\"https:\\\/\\\/www.organisator.ch\\\/marketing\\\/2024-10-16\\\/stuiq-kreiert-josy-fuer-entsorgung-recycling-zuerich-3\\\/\",\"url\":\"https:\\\/\\\/www.organisator.ch\\\/marketing\\\/2024-10-16\\\/stuiq-kreiert-josy-fuer-entsorgung-recycling-zuerich-3\\\/\",\"name\":\"Stuiq kreiert \u00abJosy\u00bb f\u00fcr Entsorgung + Recycling Z\u00fcrich - Organisator\",\"isPartOf\":{\"@id\":\"https:\\\/\\\/www.organisator.ch\\\/#website\"},\"primaryImageOfPage\":{\"@id\":\"https:\\\/\\\/www.organisator.ch\\\/marketing\\\/2024-10-16\\\/stuiq-kreiert-josy-fuer-entsorgung-recycling-zuerich-3\\\/#primaryimage\"},\"image\":{\"@id\":\"https:\\\/\\\/www.organisator.ch\\\/marketing\\\/2024-10-16\\\/stuiq-kreiert-josy-fuer-entsorgung-recycling-zuerich-3\\\/#primaryimage\"},\"thumbnailUrl\":\"https:\\\/\\\/www.markt-kom.com\\\/wp-content\\\/uploads\\\/2024\\\/10\\\/StuiqxERZ_Pitchgewinn-muk.jpg\",\"datePublished\":\"2024-10-16T11:51:46+00:00\",\"dateModified\":\"2024-11-07T11:42:16+00:00\",\"description\":\"Z\u00fcrich unterzeichnet die Circular Cities Declaration und plant ein Kreislaufwirtschaftsprojekt auf dem Josefareal bis 2028.\",\"breadcrumb\":{\"@id\":\"https:\\\/\\\/www.organisator.ch\\\/marketing\\\/2024-10-16\\\/stuiq-kreiert-josy-fuer-entsorgung-recycling-zuerich-3\\\/#breadcrumb\"},\"inLanguage\":\"fr-FR\",\"potentialAction\":[{\"@type\":\"ReadAction\",\"target\":[\"https:\\\/\\\/www.organisator.ch\\\/marketing\\\/2024-10-16\\\/stuiq-kreiert-josy-fuer-entsorgung-recycling-zuerich-3\\\/\"]}]},{\"@type\":\"ImageObject\",\"inLanguage\":\"fr-FR\",\"@id\":\"https:\\\/\\\/www.organisator.ch\\\/marketing\\\/2024-10-16\\\/stuiq-kreiert-josy-fuer-entsorgung-recycling-zuerich-3\\\/#primaryimage\",\"url\":\"https:\\\/\\\/www.markt-kom.com\\\/wp-content\\\/uploads\\\/2024\\\/10\\\/StuiqxERZ_Pitchgewinn-muk.jpg\",\"contentUrl\":\"https:\\\/\\\/www.markt-kom.com\\\/wp-content\\\/uploads\\\/2024\\\/10\\\/StuiqxERZ_Pitchgewinn-muk.jpg\"},{\"@type\":\"BreadcrumbList\",\"@id\":\"https:\\\/\\\/www.organisator.ch\\\/marketing\\\/2024-10-16\\\/stuiq-kreiert-josy-fuer-entsorgung-recycling-zuerich-3\\\/#breadcrumb\",\"itemListElement\":[{\"@type\":\"ListItem\",\"position\":1,\"name\":\"Home\",\"item\":\"https:\\\/\\\/www.organisator.ch\\\/\"},{\"@type\":\"ListItem\",\"position\":2,\"name\":\"Stuiq kreiert \u00abJosy\u00bb f\u00fcr Entsorgung + Recycling Z\u00fcrich\"}]},{\"@type\":\"WebSite\",\"@id\":\"https:\\\/\\\/www.organisator.ch\\\/#website\",\"url\":\"https:\\\/\\\/www.organisator.ch\\\/\",\"name\":\"Organisator\",\"description\":\"Kompetent. Praxisnah. Der ORGANISATOR bereitet in 10 Ausgaben pro Jahr die wesentlichen Themen f\u00fcr F\u00fchrungskr\u00e4fte von KMU auf.\",\"publisher\":{\"@id\":\"https:\\\/\\\/www.organisator.ch\\\/#organization\"},\"potentialAction\":[{\"@type\":\"SearchAction\",\"target\":{\"@type\":\"EntryPoint\",\"urlTemplate\":\"https:\\\/\\\/www.organisator.ch\\\/?s={search_term_string}\"},\"query-input\":{\"@type\":\"PropertyValueSpecification\",\"valueRequired\":true,\"valueName\":\"search_term_string\"}}],\"inLanguage\":\"fr-FR\"},{\"@type\":\"Organization\",\"@id\":\"https:\\\/\\\/www.organisator.ch\\\/#organization\",\"name\":\"Organisator\",\"url\":\"https:\\\/\\\/www.organisator.ch\\\/\",\"logo\":{\"@type\":\"ImageObject\",\"inLanguage\":\"fr-FR\",\"@id\":\"https:\\\/\\\/www.organisator.ch\\\/#\\\/schema\\\/logo\\\/image\\\/\",\"url\":\"https:\\\/\\\/www.organisator.ch\\\/wp-content\\\/uploads\\\/2022\\\/01\\\/Logo_Organisator_Website.png\",\"contentUrl\":\"https:\\\/\\\/www.organisator.ch\\\/wp-content\\\/uploads\\\/2022\\\/01\\\/Logo_Organisator_Website.png\",\"width\":800,\"height\":77,\"caption\":\"Organisator\"},\"image\":{\"@id\":\"https:\\\/\\\/www.organisator.ch\\\/#\\\/schema\\\/logo\\\/image\\\/\"},\"sameAs\":[\"https:\\\/\\\/www.facebook.com\\\/OrganisatorFachmagazin\",\"https:\\\/\\\/www.linkedin.com\\\/showcase\\\/organisator-das-magazin-fr-kmu\",\"https:\\\/\\\/www.xing.com\\\/news\\\/pages\\\/organisator-ch-695\",\"https:\\\/\\\/www.youtube.com\\\/channel\\\/UCGP2Sq0iWaZwT3BdIAQFYpw\"]},{\"@type\":\"Person\",\"@id\":\"https:\\\/\\\/www.organisator.ch\\\/#\\\/schema\\\/person\\\/4e51799071cd2dd1232ac003643ef5f0\",\"name\":\"galledia\",\"image\":{\"@type\":\"ImageObject\",\"inLanguage\":\"fr-FR\",\"@id\":\"https:\\\/\\\/secure.gravatar.com\\\/avatar\\\/78a7f90c01fc2bfc875782a0d4922b37cde2cf184ce347b91316d23cd7f69a36?s=96&d=mm&r=g\",\"url\":\"https:\\\/\\\/secure.gravatar.com\\\/avatar\\\/78a7f90c01fc2bfc875782a0d4922b37cde2cf184ce347b91316d23cd7f69a36?s=96&d=mm&r=g\",\"contentUrl\":\"https:\\\/\\\/secure.gravatar.com\\\/avatar\\\/78a7f90c01fc2bfc875782a0d4922b37cde2cf184ce347b91316d23cd7f69a36?s=96&d=mm&r=g\",\"caption\":\"galledia\"},\"sameAs\":[\"https:\\\/\\\/x.com\\\/admin\"],\"url\":\"https:\\\/\\\/www.organisator.ch\\\/fr\\\/author\\\/galledia\\\/\"}]}<\/script>\n<!-- \/ Yoast SEO plugin. -->","yoast_head_json":{"title":"Stuiq cr\u00e9e \"Josy\" pour Entsorgung + Recycling Z\u00fcrich - Organisateur","description":"Zurich signe la Circular Cities Declaration et pr\u00e9voit un projet d'\u00e9conomie circulaire sur le Josefareal d'ici 2028.","robots":{"index":"index","follow":"follow","max-snippet":"max-snippet:-1","max-image-preview":"max-image-preview:large","max-video-preview":"max-video-preview:-1"},"canonical":"https:\/\/www.organisator.ch\/fr\/marketing\/2024-10-16\/stuiq-kreiert-josy-fuer-entsorgung-recycling-zuerich-3\/","og_locale":"fr_FR","og_type":"article","og_title":"Stuiq kreiert \u00abJosy\u00bb f\u00fcr Entsorgung + Recycling Z\u00fcrich - Organisator","og_description":"Z\u00fcrich unterzeichnet die Circular Cities Declaration und plant ein Kreislaufwirtschaftsprojekt auf dem Josefareal bis 2028.","og_url":"https:\/\/www.organisator.ch\/fr\/marketing\/2024-10-16\/stuiq-kreiert-josy-fuer-entsorgung-recycling-zuerich-3\/","og_site_name":"Organisator","article_publisher":"https:\/\/www.facebook.com\/OrganisatorFachmagazin","article_published_time":"2024-10-16T11:51:46+00:00","article_modified_time":"2024-11-07T11:42:16+00:00","og_image":[{"url":"https:\/\/www.markt-kom.com\/wp-content\/uploads\/2024\/10\/StuiqxERZ_Pitchgewinn-muk.jpg","type":"","width":"","height":""}],"author":"galledia","twitter_card":"summary_large_image","twitter_creator":"@admin","schema":{"@context":"https:\/\/schema.org","@graph":[{"@type":"Article","@id":"https:\/\/www.organisator.ch\/marketing\/2024-10-16\/stuiq-kreiert-josy-fuer-entsorgung-recycling-zuerich-3\/#article","isPartOf":{"@id":"https:\/\/www.organisator.ch\/marketing\/2024-10-16\/stuiq-kreiert-josy-fuer-entsorgung-recycling-zuerich-3\/"},"author":{"name":"galledia","@id":"https:\/\/www.organisator.ch\/#\/schema\/person\/4e51799071cd2dd1232ac003643ef5f0"},"headline":"Stuiq kreiert \u00abJosy\u00bb f\u00fcr Entsorgung + Recycling Z\u00fcrich","datePublished":"2024-10-16T11:51:46+00:00","dateModified":"2024-11-07T11:42:16+00:00","mainEntityOfPage":{"@id":"https:\/\/www.organisator.ch\/marketing\/2024-10-16\/stuiq-kreiert-josy-fuer-entsorgung-recycling-zuerich-3\/"},"wordCount":295,"publisher":{"@id":"https:\/\/www.organisator.ch\/#organization"},"image":{"@id":"https:\/\/www.organisator.ch\/marketing\/2024-10-16\/stuiq-kreiert-josy-fuer-entsorgung-recycling-zuerich-3\/#primaryimage"},"thumbnailUrl":"https:\/\/www.markt-kom.com\/wp-content\/uploads\/2024\/10\/StuiqxERZ_Pitchgewinn-muk.jpg","keywords":["ERZ","Etats","Recycling","Stuiq"],"articleSection":["MARKETING"],"inLanguage":"fr-FR"},{"@type":"WebPage","@id":"https:\/\/www.organisator.ch\/marketing\/2024-10-16\/stuiq-kreiert-josy-fuer-entsorgung-recycling-zuerich-3\/","url":"https:\/\/www.organisator.ch\/marketing\/2024-10-16\/stuiq-kreiert-josy-fuer-entsorgung-recycling-zuerich-3\/","name":"Stuiq cr\u00e9e \"Josy\" pour Entsorgung + Recycling Z\u00fcrich - Organisateur","isPartOf":{"@id":"https:\/\/www.organisator.ch\/#website"},"primaryImageOfPage":{"@id":"https:\/\/www.organisator.ch\/marketing\/2024-10-16\/stuiq-kreiert-josy-fuer-entsorgung-recycling-zuerich-3\/#primaryimage"},"image":{"@id":"https:\/\/www.organisator.ch\/marketing\/2024-10-16\/stuiq-kreiert-josy-fuer-entsorgung-recycling-zuerich-3\/#primaryimage"},"thumbnailUrl":"https:\/\/www.markt-kom.com\/wp-content\/uploads\/2024\/10\/StuiqxERZ_Pitchgewinn-muk.jpg","datePublished":"2024-10-16T11:51:46+00:00","dateModified":"2024-11-07T11:42:16+00:00","description":"Zurich signe la Circular Cities Declaration et pr\u00e9voit un projet d'\u00e9conomie circulaire sur le Josefareal d'ici 2028.","breadcrumb":{"@id":"https:\/\/www.organisator.ch\/marketing\/2024-10-16\/stuiq-kreiert-josy-fuer-entsorgung-recycling-zuerich-3\/#breadcrumb"},"inLanguage":"fr-FR","potentialAction":[{"@type":"ReadAction","target":["https:\/\/www.organisator.ch\/marketing\/2024-10-16\/stuiq-kreiert-josy-fuer-entsorgung-recycling-zuerich-3\/"]}]},{"@type":"ImageObject","inLanguage":"fr-FR","@id":"https:\/\/www.organisator.ch\/marketing\/2024-10-16\/stuiq-kreiert-josy-fuer-entsorgung-recycling-zuerich-3\/#primaryimage","url":"https:\/\/www.markt-kom.com\/wp-content\/uploads\/2024\/10\/StuiqxERZ_Pitchgewinn-muk.jpg","contentUrl":"https:\/\/www.markt-kom.com\/wp-content\/uploads\/2024\/10\/StuiqxERZ_Pitchgewinn-muk.jpg"},{"@type":"BreadcrumbList","@id":"https:\/\/www.organisator.ch\/marketing\/2024-10-16\/stuiq-kreiert-josy-fuer-entsorgung-recycling-zuerich-3\/#breadcrumb","itemListElement":[{"@type":"ListItem","position":1,"name":"Home","item":"https:\/\/www.organisator.ch\/"},{"@type":"ListItem","position":2,"name":"Stuiq kreiert \u00abJosy\u00bb f\u00fcr Entsorgung + Recycling Z\u00fcrich"}]},{"@type":"WebSite","@id":"https:\/\/www.organisator.ch\/#website","url":"https:\/\/www.organisator.ch\/","name":"Organisateur","description":"Comp\u00e9tence et comp\u00e9tence. Proches de la pratique. L'ORGANISATEUR pr\u00e9pare 10 num\u00e9ros par an sur les th\u00e8mes essentiels pour les dirigeants de PME.","publisher":{"@id":"https:\/\/www.organisator.ch\/#organization"},"potentialAction":[{"@type":"SearchAction","target":{"@type":"EntryPoint","urlTemplate":"https:\/\/www.organisator.ch\/?s={search_term_string}"},"query-input":{"@type":"PropertyValueSpecification","valueRequired":true,"valueName":"search_term_string"}}],"inLanguage":"fr-FR"},{"@type":"Organization","@id":"https:\/\/www.organisator.ch\/#organization","name":"Organisateur","url":"https:\/\/www.organisator.ch\/","logo":{"@type":"ImageObject","inLanguage":"fr-FR","@id":"https:\/\/www.organisator.ch\/#\/schema\/logo\/image\/","url":"https:\/\/www.organisator.ch\/wp-content\/uploads\/2022\/01\/Logo_Organisator_Website.png","contentUrl":"https:\/\/www.organisator.ch\/wp-content\/uploads\/2022\/01\/Logo_Organisator_Website.png","width":800,"height":77,"caption":"Organisator"},"image":{"@id":"https:\/\/www.organisator.ch\/#\/schema\/logo\/image\/"},"sameAs":["https:\/\/www.facebook.com\/OrganisatorFachmagazin","https:\/\/www.linkedin.com\/showcase\/organisator-das-magazin-fr-kmu","https:\/\/www.xing.com\/news\/pages\/organisator-ch-695","https:\/\/www.youtube.com\/channel\/UCGP2Sq0iWaZwT3BdIAQFYpw"]},{"@type":"Person","@id":"https:\/\/www.organisator.ch\/#\/schema\/person\/4e51799071cd2dd1232ac003643ef5f0","name":"galledia","image":{"@type":"ImageObject","inLanguage":"fr-FR","@id":"https:\/\/secure.gravatar.com\/avatar\/78a7f90c01fc2bfc875782a0d4922b37cde2cf184ce347b91316d23cd7f69a36?s=96&d=mm&r=g","url":"https:\/\/secure.gravatar.com\/avatar\/78a7f90c01fc2bfc875782a0d4922b37cde2cf184ce347b91316d23cd7f69a36?s=96&d=mm&r=g","contentUrl":"https:\/\/secure.gravatar.com\/avatar\/78a7f90c01fc2bfc875782a0d4922b37cde2cf184ce347b91316d23cd7f69a36?s=96&d=mm&r=g","caption":"galledia"},"sameAs":["https:\/\/x.com\/admin"],"url":"https:\/\/www.organisator.ch\/fr\/author\/galledia\/"}]}},"_links":{"self":[{"href":"https:\/\/www.organisator.ch\/fr\/wp-json\/wp\/v2\/posts\/30764","targetHints":{"allow":["GET"]}}],"collection":[{"href":"https:\/\/www.organisator.ch\/fr\/wp-json\/wp\/v2\/posts"}],"about":[{"href":"https:\/\/www.organisator.ch\/fr\/wp-json\/wp\/v2\/types\/post"}],"author":[{"embeddable":true,"href":"https:\/\/www.organisator.ch\/fr\/wp-json\/wp\/v2\/users\/8"}],"replies":[{"embeddable":true,"href":"https:\/\/www.organisator.ch\/fr\/wp-json\/wp\/v2\/comments?post=30764"}],"version-history":[{"count":5,"href":"https:\/\/www.organisator.ch\/fr\/wp-json\/wp\/v2\/posts\/30764\/revisions"}],"predecessor-version":[{"id":31758,"href":"https:\/\/www.organisator.ch\/fr\/wp-json\/wp\/v2\/posts\/30764\/revisions\/31758"}],"wp:attachment":[{"href":"https:\/\/www.organisator.ch\/fr\/wp-json\/wp\/v2\/media?parent=30764"}],"wp:term":[{"taxonomy":"category","embeddable":true,"href":"https:\/\/www.organisator.ch\/fr\/wp-json\/wp\/v2\/categories?post=30764"},{"taxonomy":"post_tag","embeddable":true,"href":"https:\/\/www.organisator.ch\/fr\/wp-json\/wp\/v2\/tags?post=30764"}],"curies":[{"name":"wp","href":"https:\/\/api.w.org\/{rel}","templated":true}]}}