{"id":30782,"date":"2024-10-17T06:58:03","date_gmt":"2024-10-17T04:58:03","guid":{"rendered":"https:\/\/www.m-q.ch\/?p=20577"},"modified":"2024-11-07T12:30:35","modified_gmt":"2024-11-07T11:30:35","slug":"kmus-schneiden-bei-der-cyberresilienz-schlecht-ab","status":"publish","type":"post","link":"https:\/\/www.organisator.ch\/fr\/operational-excellence\/2024-10-17\/kmus-schneiden-bei-der-cyberresilienz-schlecht-ab\/","title":{"rendered":"Les PME font p\u00e2le figure en mati\u00e8re de cyber-r\u00e9silience"},"content":{"rendered":"<figure id=\"attachment_20578\" class=\"wp-caption alignnone\" style=\"width: 680px\" aria-describedby=\"caption-attachment-20578\"><img class=\"alignnone wp-image-20578 size-full\" src=\"https:\/\/www.m-q.ch\/wp-content\/uploads\/2024\/10\/Sophos_Bild1_ps.jpg\" alt=\"P\u00e9nurie de personnel qualifi\u00e9 en cybers\u00e9curit\u00e9\" width=\"680\" height=\"424\" \/>\r\n<figcaption id=\"caption-attachment-20578\" class=\"wp-caption-text\">Les entreprises devraient faire le point sur leurs capacit\u00e9s de s\u00e9curit\u00e9 et chercher des moyens d'am\u00e9liorer leur cyber-r\u00e9silience g\u00e9n\u00e9rale. (Image : www.depositphotos.com)<\/figcaption>\r\n<\/figure>\r\n<p>Sophos publie un nouveau rapport sur l'impact de la p\u00e9nurie de comp\u00e9tences dans le domaine de la cybers\u00e9curit\u00e9. Ce rapport est bas\u00e9 sur une \u00e9tude approfondie men\u00e9e aupr\u00e8s de 5 000 professionnels de l'informatique et de la cybers\u00e9curit\u00e9 dans 14 pays. Il r\u00e9v\u00e8le des cons\u00e9quences parfois graves pour les petites et moyennes entreprises (PME) ou les entreprises de 100 \u00e0 500 salari\u00e9s.<\/p>\r\n<p>Les principaux r\u00e9sultats sont les suivants :<\/p>\r\n<ul>\r\n\t<li><strong>Les PME sont touch\u00e9es de mani\u00e8re disproportionn\u00e9e par la p\u00e9nurie de main-d'\u0153uvre qualifi\u00e9e :<\/strong> Le manque de capacit\u00e9\/d'expertise interne en mati\u00e8re de cybers\u00e9curit\u00e9 est class\u00e9 comme le deuxi\u00e8me risque de cybers\u00e9curit\u00e9 le plus important, d\u00e9pass\u00e9 uniquement par les menaces du jour z\u00e9ro.<\/li>\r\n\t<li><strong>Les PME ont un taux plus \u00e9lev\u00e9 de chiffrement des donn\u00e9es lors des attaques de ransomware :<\/strong> Dans 74 % des attaques de ransomware contre les PME, les pirates parviennent \u00e0 chiffrer les donn\u00e9es.<\/li>\r\n\t<li><strong>Pas de monitoring :<\/strong> Dans 33 % des cas, les PME n'ont personne pour surveiller activement, enqu\u00eater et r\u00e9agir aux alertes.<\/li>\r\n\t<li><strong>Enqu\u00eater sur les alertes de s\u00e9curit\u00e9 suspectes est un d\u00e9fi :<\/strong> 96 % des employ\u00e9s de PME trouvent qu'au moins un aspect de l'enqu\u00eate sur les alertes de s\u00e9curit\u00e9 suspectes est difficile.<\/li>\r\n\t<li><strong>Les PME ont des difficult\u00e9s \u00e0 \u00e9liminer les alertes\/incidents malveillants :<\/strong> 75 % des PME trouvent qu'il est difficile de r\u00e9soudre \u00e0 temps les alertes ou les incidents malveillants.<\/li>\r\n<\/ul>\r\n<h3>91 % des attaques de ransomware ont lieu en dehors des heures de bureau habituelles<\/h3>\r\n<p>Aaron Bugal, Field CTO chez Sophos, commente : \"Le manque de comp\u00e9tences internes en mati\u00e8re de cybers\u00e9curit\u00e9 est aujourd'hui l'un des risques les plus importants pour les entreprises. Si l'on ajoute \u00e0 ce d\u00e9ficit croissant de comp\u00e9tences une importante crise suppl\u00e9mentaire d'\u00e9puisement professionnel parmi les professionnels de la cybers\u00e9curit\u00e9, les petites entreprises sont encore plus vuln\u00e9rables aux attaques. \u00c9tant donn\u00e9 que 91% des attaques de ransomware ont lieu en dehors des heures de travail habituelles, les PME doivent \u00eatre en mesure de surveiller leurs r\u00e9seaux 24 heures sur 24 afin de d\u00e9tecter toute activit\u00e9 malveillante avant qu'un attaquant ne puisse exfiltrer ou chiffrer des donn\u00e9es\".<\/p>\r\n<p>Les entreprises devraient faire le point sur leurs capacit\u00e9s de s\u00e9curit\u00e9 et chercher des moyens d'am\u00e9liorer leur cyber-r\u00e9silience globale. Il s'agit d'un \u00e9quilibre d\u00e9licat entre les personnes, les processus et la technologie. Si les entreprises comprennent les forces et les limites de leur \u00e9quipe, elles peuvent les \u00e9quilibrer avec une expertise externe et am\u00e9liorer leur s\u00e9curit\u00e9.<\/p>\r\n<p><em>Source : <a href=\"http:\/\/www.sophos.de\/\">www.sophos.de<\/a><\/em><\/p>\n<p class=\"syndicated-attribution\">Cet article est paru initialement sur m-q.ch - <a href=\"https:\/\/www.m-q.ch\/de\/kmus-schneiden-bei-der-cyberresilienz-schlecht-ab\/\" target=\"_blank\">https:\/\/www.m-q.ch\/de\/kmus-schneiden-bei-der-cyberresilienz-schlecht-ab\/<\/a><\/p>","protected":false},"excerpt":{"rendered":"<p>Une \u00e9tude de Sophos confirme un potentiel de risque sup\u00e9rieur \u00e0 la moyenne pour les petites et moyennes entreprises, principalement en raison de la p\u00e9nurie de personnel qualifi\u00e9.<\/p>","protected":false},"author":80,"featured_media":0,"comment_status":"closed","ping_status":"closed","sticky":false,"template":"","format":"standard","meta":{"_acf_changed":false,"_yoast_wpseo_focuskw":"Fachkr\u00e4ftemangel Cybersicherheit","_yoast_wpseo_metadesc":"Sophos-Bericht 2024 zeigt, wie Fachkr\u00e4ftemangel KMUs bei Cyberangriffen schw\u00e4cht und L\u00f6sungsans\u00e4tze.","articlekey":"","footnotes":""},"categories":[582],"tags":[3027,194,301,4632,418,492],"class_list":["post-30782","post","type-post","status-publish","format-standard","hentry","category-operational-excellence","tag-cyberresilienz","tag-fachkraeftemangel","tag-kmu","tag-risiko","tag-risikomanagement","tag-unternehmen"],"acf":[],"yoast_head":"<!-- This site is optimized with the Yoast SEO plugin v27.5 - https:\/\/yoast.com\/product\/yoast-seo-wordpress\/ -->\n<title>KMUs schneiden bei der Cyberresilienz schlecht ab - Organisator<\/title>\n<meta name=\"description\" content=\"Sophos-Bericht 2024 zeigt, wie Fachkr\u00e4ftemangel KMUs bei Cyberangriffen schw\u00e4cht und L\u00f6sungsans\u00e4tze.\" \/>\n<meta name=\"robots\" content=\"index, follow, max-snippet:-1, max-image-preview:large, max-video-preview:-1\" \/>\n<link rel=\"canonical\" href=\"https:\/\/www.organisator.ch\/fr\/excellence-operationnelle\/2024-10-17\/kmus-schneiden-bei-der-cyberresilienz-schlecht-ab\/\" \/>\n<meta property=\"og:locale\" content=\"fr_FR\" \/>\n<meta property=\"og:type\" content=\"article\" \/>\n<meta property=\"og:title\" content=\"KMUs schneiden bei der Cyberresilienz schlecht ab - Organisator\" \/>\n<meta property=\"og:description\" content=\"Sophos-Bericht 2024 zeigt, wie Fachkr\u00e4ftemangel KMUs bei Cyberangriffen schw\u00e4cht und L\u00f6sungsans\u00e4tze.\" \/>\n<meta property=\"og:url\" content=\"https:\/\/www.organisator.ch\/fr\/excellence-operationnelle\/2024-10-17\/kmus-schneiden-bei-der-cyberresilienz-schlecht-ab\/\" \/>\n<meta property=\"og:site_name\" content=\"Organisator\" \/>\n<meta property=\"article:publisher\" content=\"https:\/\/www.facebook.com\/OrganisatorFachmagazin\" \/>\n<meta property=\"article:published_time\" content=\"2024-10-17T04:58:03+00:00\" \/>\n<meta property=\"article:modified_time\" content=\"2024-11-07T11:30:35+00:00\" \/>\n<meta property=\"og:image\" content=\"https:\/\/www.m-q.ch\/wp-content\/uploads\/2024\/10\/Sophos_Bild1_ps.jpg\" \/>\n<meta name=\"author\" content=\"Dzana Muminovic\" \/>\n<meta name=\"twitter:card\" content=\"summary_large_image\" \/>\n<script type=\"application\/ld+json\" class=\"yoast-schema-graph\">{\"@context\":\"https:\\\/\\\/schema.org\",\"@graph\":[{\"@type\":\"Article\",\"@id\":\"https:\\\/\\\/www.organisator.ch\\\/operational-excellence\\\/2024-10-17\\\/kmus-schneiden-bei-der-cyberresilienz-schlecht-ab\\\/#article\",\"isPartOf\":{\"@id\":\"https:\\\/\\\/www.organisator.ch\\\/operational-excellence\\\/2024-10-17\\\/kmus-schneiden-bei-der-cyberresilienz-schlecht-ab\\\/\"},\"author\":{\"name\":\"Dzana Muminovic\",\"@id\":\"https:\\\/\\\/www.organisator.ch\\\/#\\\/schema\\\/person\\\/afccda3a71c06d4be2ed9100dd163db7\"},\"headline\":\"KMUs schneiden bei der Cyberresilienz schlecht ab\",\"datePublished\":\"2024-10-17T04:58:03+00:00\",\"dateModified\":\"2024-11-07T11:30:35+00:00\",\"mainEntityOfPage\":{\"@id\":\"https:\\\/\\\/www.organisator.ch\\\/operational-excellence\\\/2024-10-17\\\/kmus-schneiden-bei-der-cyberresilienz-schlecht-ab\\\/\"},\"wordCount\":351,\"publisher\":{\"@id\":\"https:\\\/\\\/www.organisator.ch\\\/#organization\"},\"image\":{\"@id\":\"https:\\\/\\\/www.organisator.ch\\\/operational-excellence\\\/2024-10-17\\\/kmus-schneiden-bei-der-cyberresilienz-schlecht-ab\\\/#primaryimage\"},\"thumbnailUrl\":\"https:\\\/\\\/www.m-q.ch\\\/wp-content\\\/uploads\\\/2024\\\/10\\\/Sophos_Bild1_ps.jpg\",\"keywords\":[\"Cyberresilienz\",\"Fachkr\u00e4ftemangel\",\"KMU\",\"Risiko\",\"Risikomanagement\",\"Unternehmen\"],\"articleSection\":[\"OPERATIONAL EXCELLENCE\"],\"inLanguage\":\"fr-FR\"},{\"@type\":\"WebPage\",\"@id\":\"https:\\\/\\\/www.organisator.ch\\\/operational-excellence\\\/2024-10-17\\\/kmus-schneiden-bei-der-cyberresilienz-schlecht-ab\\\/\",\"url\":\"https:\\\/\\\/www.organisator.ch\\\/operational-excellence\\\/2024-10-17\\\/kmus-schneiden-bei-der-cyberresilienz-schlecht-ab\\\/\",\"name\":\"KMUs schneiden bei der Cyberresilienz schlecht ab - Organisator\",\"isPartOf\":{\"@id\":\"https:\\\/\\\/www.organisator.ch\\\/#website\"},\"primaryImageOfPage\":{\"@id\":\"https:\\\/\\\/www.organisator.ch\\\/operational-excellence\\\/2024-10-17\\\/kmus-schneiden-bei-der-cyberresilienz-schlecht-ab\\\/#primaryimage\"},\"image\":{\"@id\":\"https:\\\/\\\/www.organisator.ch\\\/operational-excellence\\\/2024-10-17\\\/kmus-schneiden-bei-der-cyberresilienz-schlecht-ab\\\/#primaryimage\"},\"thumbnailUrl\":\"https:\\\/\\\/www.m-q.ch\\\/wp-content\\\/uploads\\\/2024\\\/10\\\/Sophos_Bild1_ps.jpg\",\"datePublished\":\"2024-10-17T04:58:03+00:00\",\"dateModified\":\"2024-11-07T11:30:35+00:00\",\"description\":\"Sophos-Bericht 2024 zeigt, wie Fachkr\u00e4ftemangel KMUs bei Cyberangriffen schw\u00e4cht und L\u00f6sungsans\u00e4tze.\",\"breadcrumb\":{\"@id\":\"https:\\\/\\\/www.organisator.ch\\\/operational-excellence\\\/2024-10-17\\\/kmus-schneiden-bei-der-cyberresilienz-schlecht-ab\\\/#breadcrumb\"},\"inLanguage\":\"fr-FR\",\"potentialAction\":[{\"@type\":\"ReadAction\",\"target\":[\"https:\\\/\\\/www.organisator.ch\\\/operational-excellence\\\/2024-10-17\\\/kmus-schneiden-bei-der-cyberresilienz-schlecht-ab\\\/\"]}]},{\"@type\":\"ImageObject\",\"inLanguage\":\"fr-FR\",\"@id\":\"https:\\\/\\\/www.organisator.ch\\\/operational-excellence\\\/2024-10-17\\\/kmus-schneiden-bei-der-cyberresilienz-schlecht-ab\\\/#primaryimage\",\"url\":\"https:\\\/\\\/www.m-q.ch\\\/wp-content\\\/uploads\\\/2024\\\/10\\\/Sophos_Bild1_ps.jpg\",\"contentUrl\":\"https:\\\/\\\/www.m-q.ch\\\/wp-content\\\/uploads\\\/2024\\\/10\\\/Sophos_Bild1_ps.jpg\"},{\"@type\":\"BreadcrumbList\",\"@id\":\"https:\\\/\\\/www.organisator.ch\\\/operational-excellence\\\/2024-10-17\\\/kmus-schneiden-bei-der-cyberresilienz-schlecht-ab\\\/#breadcrumb\",\"itemListElement\":[{\"@type\":\"ListItem\",\"position\":1,\"name\":\"Home\",\"item\":\"https:\\\/\\\/www.organisator.ch\\\/\"},{\"@type\":\"ListItem\",\"position\":2,\"name\":\"KMUs schneiden bei der Cyberresilienz schlecht ab\"}]},{\"@type\":\"WebSite\",\"@id\":\"https:\\\/\\\/www.organisator.ch\\\/#website\",\"url\":\"https:\\\/\\\/www.organisator.ch\\\/\",\"name\":\"Organisator\",\"description\":\"Kompetent. Praxisnah. Der ORGANISATOR bereitet in 10 Ausgaben pro Jahr die wesentlichen Themen f\u00fcr F\u00fchrungskr\u00e4fte von KMU auf.\",\"publisher\":{\"@id\":\"https:\\\/\\\/www.organisator.ch\\\/#organization\"},\"potentialAction\":[{\"@type\":\"SearchAction\",\"target\":{\"@type\":\"EntryPoint\",\"urlTemplate\":\"https:\\\/\\\/www.organisator.ch\\\/?s={search_term_string}\"},\"query-input\":{\"@type\":\"PropertyValueSpecification\",\"valueRequired\":true,\"valueName\":\"search_term_string\"}}],\"inLanguage\":\"fr-FR\"},{\"@type\":\"Organization\",\"@id\":\"https:\\\/\\\/www.organisator.ch\\\/#organization\",\"name\":\"Organisator\",\"url\":\"https:\\\/\\\/www.organisator.ch\\\/\",\"logo\":{\"@type\":\"ImageObject\",\"inLanguage\":\"fr-FR\",\"@id\":\"https:\\\/\\\/www.organisator.ch\\\/#\\\/schema\\\/logo\\\/image\\\/\",\"url\":\"https:\\\/\\\/www.organisator.ch\\\/wp-content\\\/uploads\\\/2022\\\/01\\\/Logo_Organisator_Website.png\",\"contentUrl\":\"https:\\\/\\\/www.organisator.ch\\\/wp-content\\\/uploads\\\/2022\\\/01\\\/Logo_Organisator_Website.png\",\"width\":800,\"height\":77,\"caption\":\"Organisator\"},\"image\":{\"@id\":\"https:\\\/\\\/www.organisator.ch\\\/#\\\/schema\\\/logo\\\/image\\\/\"},\"sameAs\":[\"https:\\\/\\\/www.facebook.com\\\/OrganisatorFachmagazin\",\"https:\\\/\\\/www.linkedin.com\\\/showcase\\\/organisator-das-magazin-fr-kmu\",\"https:\\\/\\\/www.xing.com\\\/news\\\/pages\\\/organisator-ch-695\",\"https:\\\/\\\/www.youtube.com\\\/channel\\\/UCGP2Sq0iWaZwT3BdIAQFYpw\"]},{\"@type\":\"Person\",\"@id\":\"https:\\\/\\\/www.organisator.ch\\\/#\\\/schema\\\/person\\\/afccda3a71c06d4be2ed9100dd163db7\",\"name\":\"Dzana Muminovic\",\"image\":{\"@type\":\"ImageObject\",\"inLanguage\":\"fr-FR\",\"@id\":\"https:\\\/\\\/secure.gravatar.com\\\/avatar\\\/909c5c71aff4b38e88686f2ab2f1ba152571f394f41ed8bae431ea56ced93050?s=96&d=mm&r=g\",\"url\":\"https:\\\/\\\/secure.gravatar.com\\\/avatar\\\/909c5c71aff4b38e88686f2ab2f1ba152571f394f41ed8bae431ea56ced93050?s=96&d=mm&r=g\",\"contentUrl\":\"https:\\\/\\\/secure.gravatar.com\\\/avatar\\\/909c5c71aff4b38e88686f2ab2f1ba152571f394f41ed8bae431ea56ced93050?s=96&d=mm&r=g\",\"caption\":\"Dzana Muminovic\"},\"url\":\"https:\\\/\\\/www.organisator.ch\\\/fr\\\/author\\\/dzana-muminovic\\\/\"}]}<\/script>\n<!-- \/ Yoast SEO plugin. -->","yoast_head_json":{"title":"Les PME font p\u00e2le figure en mati\u00e8re de cyber-r\u00e9silience - Organisateur","description":"Le rapport 2024 de Sophos montre comment la p\u00e9nurie de comp\u00e9tences affaiblit les PME face aux cyber-attaques et propose des solutions.","robots":{"index":"index","follow":"follow","max-snippet":"max-snippet:-1","max-image-preview":"max-image-preview:large","max-video-preview":"max-video-preview:-1"},"canonical":"https:\/\/www.organisator.ch\/fr\/excellence-operationnelle\/2024-10-17\/kmus-schneiden-bei-der-cyberresilienz-schlecht-ab\/","og_locale":"fr_FR","og_type":"article","og_title":"KMUs schneiden bei der Cyberresilienz schlecht ab - Organisator","og_description":"Sophos-Bericht 2024 zeigt, wie Fachkr\u00e4ftemangel KMUs bei Cyberangriffen schw\u00e4cht und L\u00f6sungsans\u00e4tze.","og_url":"https:\/\/www.organisator.ch\/fr\/excellence-operationnelle\/2024-10-17\/kmus-schneiden-bei-der-cyberresilienz-schlecht-ab\/","og_site_name":"Organisator","article_publisher":"https:\/\/www.facebook.com\/OrganisatorFachmagazin","article_published_time":"2024-10-17T04:58:03+00:00","article_modified_time":"2024-11-07T11:30:35+00:00","og_image":[{"url":"https:\/\/www.m-q.ch\/wp-content\/uploads\/2024\/10\/Sophos_Bild1_ps.jpg","type":"","width":"","height":""}],"author":"Dzana Muminovic","twitter_card":"summary_large_image","schema":{"@context":"https:\/\/schema.org","@graph":[{"@type":"Article","@id":"https:\/\/www.organisator.ch\/operational-excellence\/2024-10-17\/kmus-schneiden-bei-der-cyberresilienz-schlecht-ab\/#article","isPartOf":{"@id":"https:\/\/www.organisator.ch\/operational-excellence\/2024-10-17\/kmus-schneiden-bei-der-cyberresilienz-schlecht-ab\/"},"author":{"name":"Dzana Muminovic","@id":"https:\/\/www.organisator.ch\/#\/schema\/person\/afccda3a71c06d4be2ed9100dd163db7"},"headline":"KMUs schneiden bei der Cyberresilienz schlecht ab","datePublished":"2024-10-17T04:58:03+00:00","dateModified":"2024-11-07T11:30:35+00:00","mainEntityOfPage":{"@id":"https:\/\/www.organisator.ch\/operational-excellence\/2024-10-17\/kmus-schneiden-bei-der-cyberresilienz-schlecht-ab\/"},"wordCount":351,"publisher":{"@id":"https:\/\/www.organisator.ch\/#organization"},"image":{"@id":"https:\/\/www.organisator.ch\/operational-excellence\/2024-10-17\/kmus-schneiden-bei-der-cyberresilienz-schlecht-ab\/#primaryimage"},"thumbnailUrl":"https:\/\/www.m-q.ch\/wp-content\/uploads\/2024\/10\/Sophos_Bild1_ps.jpg","keywords":["Cyberresilienz","Fachkr\u00e4ftemangel","KMU","Risiko","Risikomanagement","Unternehmen"],"articleSection":["OPERATIONAL EXCELLENCE"],"inLanguage":"fr-FR"},{"@type":"WebPage","@id":"https:\/\/www.organisator.ch\/operational-excellence\/2024-10-17\/kmus-schneiden-bei-der-cyberresilienz-schlecht-ab\/","url":"https:\/\/www.organisator.ch\/operational-excellence\/2024-10-17\/kmus-schneiden-bei-der-cyberresilienz-schlecht-ab\/","name":"Les PME font p\u00e2le figure en mati\u00e8re de cyber-r\u00e9silience - Organisateur","isPartOf":{"@id":"https:\/\/www.organisator.ch\/#website"},"primaryImageOfPage":{"@id":"https:\/\/www.organisator.ch\/operational-excellence\/2024-10-17\/kmus-schneiden-bei-der-cyberresilienz-schlecht-ab\/#primaryimage"},"image":{"@id":"https:\/\/www.organisator.ch\/operational-excellence\/2024-10-17\/kmus-schneiden-bei-der-cyberresilienz-schlecht-ab\/#primaryimage"},"thumbnailUrl":"https:\/\/www.m-q.ch\/wp-content\/uploads\/2024\/10\/Sophos_Bild1_ps.jpg","datePublished":"2024-10-17T04:58:03+00:00","dateModified":"2024-11-07T11:30:35+00:00","description":"Le rapport 2024 de Sophos montre comment la p\u00e9nurie de comp\u00e9tences affaiblit les PME face aux cyber-attaques et propose des solutions.","breadcrumb":{"@id":"https:\/\/www.organisator.ch\/operational-excellence\/2024-10-17\/kmus-schneiden-bei-der-cyberresilienz-schlecht-ab\/#breadcrumb"},"inLanguage":"fr-FR","potentialAction":[{"@type":"ReadAction","target":["https:\/\/www.organisator.ch\/operational-excellence\/2024-10-17\/kmus-schneiden-bei-der-cyberresilienz-schlecht-ab\/"]}]},{"@type":"ImageObject","inLanguage":"fr-FR","@id":"https:\/\/www.organisator.ch\/operational-excellence\/2024-10-17\/kmus-schneiden-bei-der-cyberresilienz-schlecht-ab\/#primaryimage","url":"https:\/\/www.m-q.ch\/wp-content\/uploads\/2024\/10\/Sophos_Bild1_ps.jpg","contentUrl":"https:\/\/www.m-q.ch\/wp-content\/uploads\/2024\/10\/Sophos_Bild1_ps.jpg"},{"@type":"BreadcrumbList","@id":"https:\/\/www.organisator.ch\/operational-excellence\/2024-10-17\/kmus-schneiden-bei-der-cyberresilienz-schlecht-ab\/#breadcrumb","itemListElement":[{"@type":"ListItem","position":1,"name":"Home","item":"https:\/\/www.organisator.ch\/"},{"@type":"ListItem","position":2,"name":"KMUs schneiden bei der Cyberresilienz schlecht ab"}]},{"@type":"WebSite","@id":"https:\/\/www.organisator.ch\/#website","url":"https:\/\/www.organisator.ch\/","name":"Organisateur","description":"Comp\u00e9tence et comp\u00e9tence. Proches de la pratique. L'ORGANISATEUR pr\u00e9pare 10 num\u00e9ros par an sur les th\u00e8mes essentiels pour les dirigeants de PME.","publisher":{"@id":"https:\/\/www.organisator.ch\/#organization"},"potentialAction":[{"@type":"SearchAction","target":{"@type":"EntryPoint","urlTemplate":"https:\/\/www.organisator.ch\/?s={search_term_string}"},"query-input":{"@type":"PropertyValueSpecification","valueRequired":true,"valueName":"search_term_string"}}],"inLanguage":"fr-FR"},{"@type":"Organization","@id":"https:\/\/www.organisator.ch\/#organization","name":"Organisateur","url":"https:\/\/www.organisator.ch\/","logo":{"@type":"ImageObject","inLanguage":"fr-FR","@id":"https:\/\/www.organisator.ch\/#\/schema\/logo\/image\/","url":"https:\/\/www.organisator.ch\/wp-content\/uploads\/2022\/01\/Logo_Organisator_Website.png","contentUrl":"https:\/\/www.organisator.ch\/wp-content\/uploads\/2022\/01\/Logo_Organisator_Website.png","width":800,"height":77,"caption":"Organisator"},"image":{"@id":"https:\/\/www.organisator.ch\/#\/schema\/logo\/image\/"},"sameAs":["https:\/\/www.facebook.com\/OrganisatorFachmagazin","https:\/\/www.linkedin.com\/showcase\/organisator-das-magazin-fr-kmu","https:\/\/www.xing.com\/news\/pages\/organisator-ch-695","https:\/\/www.youtube.com\/channel\/UCGP2Sq0iWaZwT3BdIAQFYpw"]},{"@type":"Person","@id":"https:\/\/www.organisator.ch\/#\/schema\/person\/afccda3a71c06d4be2ed9100dd163db7","name":"Dzana Muminovic","image":{"@type":"ImageObject","inLanguage":"fr-FR","@id":"https:\/\/secure.gravatar.com\/avatar\/909c5c71aff4b38e88686f2ab2f1ba152571f394f41ed8bae431ea56ced93050?s=96&d=mm&r=g","url":"https:\/\/secure.gravatar.com\/avatar\/909c5c71aff4b38e88686f2ab2f1ba152571f394f41ed8bae431ea56ced93050?s=96&d=mm&r=g","contentUrl":"https:\/\/secure.gravatar.com\/avatar\/909c5c71aff4b38e88686f2ab2f1ba152571f394f41ed8bae431ea56ced93050?s=96&d=mm&r=g","caption":"Dzana Muminovic"},"url":"https:\/\/www.organisator.ch\/fr\/author\/dzana-muminovic\/"}]}},"_links":{"self":[{"href":"https:\/\/www.organisator.ch\/fr\/wp-json\/wp\/v2\/posts\/30782","targetHints":{"allow":["GET"]}}],"collection":[{"href":"https:\/\/www.organisator.ch\/fr\/wp-json\/wp\/v2\/posts"}],"about":[{"href":"https:\/\/www.organisator.ch\/fr\/wp-json\/wp\/v2\/types\/post"}],"author":[{"embeddable":true,"href":"https:\/\/www.organisator.ch\/fr\/wp-json\/wp\/v2\/users\/80"}],"replies":[{"embeddable":true,"href":"https:\/\/www.organisator.ch\/fr\/wp-json\/wp\/v2\/comments?post=30782"}],"version-history":[{"count":5,"href":"https:\/\/www.organisator.ch\/fr\/wp-json\/wp\/v2\/posts\/30782\/revisions"}],"predecessor-version":[{"id":31752,"href":"https:\/\/www.organisator.ch\/fr\/wp-json\/wp\/v2\/posts\/30782\/revisions\/31752"}],"wp:attachment":[{"href":"https:\/\/www.organisator.ch\/fr\/wp-json\/wp\/v2\/media?parent=30782"}],"wp:term":[{"taxonomy":"category","embeddable":true,"href":"https:\/\/www.organisator.ch\/fr\/wp-json\/wp\/v2\/categories?post=30782"},{"taxonomy":"post_tag","embeddable":true,"href":"https:\/\/www.organisator.ch\/fr\/wp-json\/wp\/v2\/tags?post=30782"}],"curies":[{"name":"wp","href":"https:\/\/api.w.org\/{rel}","templated":true}]}}