{"id":3079,"date":"2020-05-26T11:36:24","date_gmt":"2020-05-26T09:36:24","guid":{"rendered":"https:\/\/www.umweltperspektiven.ch\/?p=3079"},"modified":"2022-02-09T11:09:58","modified_gmt":"2022-02-09T10:09:58","slug":"ueber-die-auswirkungen-der-coronakrise-auf-kunst-und-kultur","status":"publish","type":"post","link":"https:\/\/www.organisator.ch\/fr\/sustainability\/2020-05-26\/ueber-die-auswirkungen-der-coronakrise-auf-kunst-und-kultur\/","title":{"rendered":"Sur l'impact de la crise de la Corona sur l'art et la culture"},"content":{"rendered":"<p>&nbsp;<\/p>\n<figure id=\"attachment_3080\" aria-describedby=\"caption-attachment-3080\" style=\"width: 680px\" class=\"wp-caption alignnone\"><img loading=\"lazy\" decoding=\"async\" class=\"size-medium wp-image-3080\" src=\"\/\/www.umweltperspektiven.ch\/wp-content\/uploads\/2020\/05\/large.jpg\" alt=\"\" width=\"680\" height=\"453\" srcset=\"https:\/\/www.organisator.ch\/wp-content\/uploads\/2020\/05\/large.jpg 1280w, https:\/\/www.organisator.ch\/wp-content\/uploads\/2020\/05\/large-680x453.jpg 680w, https:\/\/www.organisator.ch\/wp-content\/uploads\/2020\/05\/large-1024x682.jpg 1024w, https:\/\/www.organisator.ch\/wp-content\/uploads\/2020\/05\/large-768x511.jpg 768w, https:\/\/www.organisator.ch\/wp-content\/uploads\/2020\/05\/large-18x12.jpg 18w, https:\/\/www.organisator.ch\/wp-content\/uploads\/2020\/05\/large-263x175.jpg 263w, https:\/\/www.organisator.ch\/wp-content\/uploads\/2020\/05\/large-526x350.jpg 526w, https:\/\/www.organisator.ch\/wp-content\/uploads\/2020\/05\/large-1202x800.jpg 1202w, https:\/\/www.organisator.ch\/wp-content\/uploads\/2020\/05\/large-920x612.jpg 920w, https:\/\/www.organisator.ch\/wp-content\/uploads\/2020\/05\/large-300x200.jpg 300w\" sizes=\"auto, (max-width: 680px) 100vw, 680px\" \/><figcaption id=\"caption-attachment-3080\" class=\"wp-caption-text\">La ZHdK \u00e0 Zurich-Ouest - l'un des hotspots de l'\u00e9conomie cr\u00e9ative suisse. Photo : Regula Bearth \u00a9 ZHdK<\/figcaption><\/figure>\n<p>Qu'il s'agisse des librairies, des mus\u00e9es ou de la branche musicale, la crise de Corona confronte l'\u00e9conomie cr\u00e9ative \u00e0 de nouvelles probl\u00e9matiques. Le Zurich Centre for Creative Economies (ZCCE) de la ZHdK se penche sur des questions centrales dans le cadre d'une \u00e9tude multidimensionnelle : Qu'est-ce que les diff\u00e9rents secteurs de l'\u00e9conomie cr\u00e9ative ont en commun ? Et \u00e0 quelles coupes de la crise de la Corona doivent-ils faire face ? Les \u00e9diteurs de l'\u00e9tude \"Sleeping Beauty\" - Fr\u00e9d\u00e9ric Martel, Romain Page, Simon Grand et Christoph Weckerle - \u00e9tablissent dans la premi\u00e8re partie une comparaison historique avec la Grande D\u00e9pression en Am\u00e9rique, m\u00e8nent dans la deuxi\u00e8me partie des interviews avec des acteurs culturels de Zurich \u00e0 New York et analysent dans la troisi\u00e8me partie des statistiques actuelles sur l'\u00e9conomie cr\u00e9ative en Suisse. Dans la quatri\u00e8me partie de l'\u00e9tude, qui sera publi\u00e9e en juin, l'accent sera mis sur les strat\u00e9gies autour de la promotion culturelle suisse.<\/p>\n<p><strong>Effet boule de neige et num\u00e9risation<\/strong><\/p>\n<p>Les concerts, les spectacles de danse et de th\u00e9\u00e2tre sont touch\u00e9s au c\u0153ur par la crise, car ils sont con\u00e7us pour rassembler les gens. La situation des mus\u00e9es est \u00e9galement pr\u00e9occupante. Les touristes, qui constituent une grande partie du public, reviendront-ils ? Comment couvrir le d\u00e9ficit de la billetterie ? Dans de nombreux domaines, l'effet boule de neige de la crise n'est pas encore pr\u00e9visible : Les festivals, tourn\u00e9es et autres \u00e9v\u00e9nements live annul\u00e9s repr\u00e9sentent un danger pour l'ensemble du secteur. Apr\u00e8s quelques mois d\u00e9j\u00e0, il appara\u00eet que la crise de Corona touchera le secteur culturel bien plus longtemps que ne durent les p\u00e9riodes de lockdown. Parall\u00e8lement, \"the new normal\" acc\u00e9l\u00e8re la num\u00e9risation de la culture. De nouvelles habitudes de consommation apparaissent, dont la persistance apr\u00e8s la crise ne peut pas encore \u00eatre \u00e9valu\u00e9e : les \"concerts in-game\", qui se d\u00e9roulent sur des plateformes de jeux vid\u00e9o et attirent des millions de spectateurs, en sont un exemple.<\/p>\n<p><strong>L'\u00e9conomie cr\u00e9ative en Suisse en chiffres<\/strong><\/p>\n<p>Qu'est-ce que cela signifie en termes de chiffres de l'emploi ? Le ZCCE analyse les statistiques publiques les plus r\u00e9centes. Les grilles d'analyse utilis\u00e9es permettent de tirer des conclusions int\u00e9ressantes sur l'h\u00e9t\u00e9rog\u00e9n\u00e9it\u00e9 des diff\u00e9rents sous-secteurs et mettent en \u00e9vidence la forte interconnexion avec l'\u00e9conomie globale. Selon l'\u00e9tude, l'\u00e9conomie cr\u00e9ative a atteint une taille substantielle en Suisse : entre 2016 et 2018, environ un demi-million de personnes au total ont travaill\u00e9 dans l'\u00e9conomie cr\u00e9ative en Suisse, ce qui correspond \u00e0 11% de tous les actifs en Suisse. Dans la grande r\u00e9gion de Zurich, la part des personnes actives de l'\u00e9conomie cr\u00e9ative dans l'\u00e9conomie globale est de 15 pour cent. D'autres analyses en automne montreront l'impact de la crise de la Corona sur cette situation. En principe, les \u00e9diteurs de l'\u00e9tude partent du principe que les pratiques et processus sp\u00e9cifiques des cr\u00e9ateurs d'art en p\u00e9riode de coronavirus ne constituent pas un probl\u00e8me, mais font justement partie de la solution. En effet, l'\u00e9conomie cr\u00e9ative est en mesure de \"faire des d\u00e9clarations radicales sur les mod\u00e8les d'avenir qui pourraient \u00eatre possibles\".<\/p>\n<p><strong>\u00c0 propos du ZCCE<\/strong><\/p>\n<p>Le Zurich Centre for Creative Economies (ZCCE) est un centre de comp\u00e9tence et de recherche \u00e0 l'interface de la science, de l'\u00e9conomie, de la politique et de la soci\u00e9t\u00e9. Il analyse les d\u00e9veloppements de l'\u00e9conomie cr\u00e9ative, replace les \u00e9v\u00e9nements actuels dans leur contexte et trouve des strat\u00e9gies d'avenir. Les r\u00e9sultats de ce travail sont entre autres des Research Notes qui sont publi\u00e9es de mani\u00e8re ponctuelle, flexible et en temps r\u00e9el.<\/p>\n<p>Apr\u00e8s plus de dix ans de recherche dans le domaine des \u00e9conomies cr\u00e9atives \u00e0 la ZHdK, le soutien de la Banque cantonale de Zurich a permis de cr\u00e9er en 2019 un centre d\u00e9di\u00e9 \u00e0 ce domaine, le ZCCE.<\/p>\n<p>Pour plus d'informations sur le Zurich Centre for Creative Economies, veuillez consulter le site :<\/p>\n<p><a href=\"\/\/www.zhdk.ch\/zcce\">www.zhdk.ch\/zcce<\/a><\/p>\n<p>&nbsp;<\/p>\n<p>&nbsp;<\/p>","protected":false},"excerpt":{"rendered":"<p>&nbsp; Ob Buchhandlungen, Museen oder die Musikbranche: Die Coronakrise konfrontiert die Kreativwirtschaft mit neuen Problemstellungen. Das Zurich Centre for Creative Economies (ZCCE) der ZHdK geht mit einer mehrdimensionalen Studie zentralen Fragen nach: Was haben die unterschiedlichen Sektoren der Creative Economy gemeinsam? Und mit welchen Einschnitten durch die Coronakrise haben sie zu k\u00e4mpfen? Die Herausgeber der [&hellip;]<\/p>\n","protected":false},"author":5,"featured_media":3080,"comment_status":"closed","ping_status":"closed","sticky":false,"template":"","format":"standard","meta":{"_acf_changed":false,"_yoast_wpseo_focuskw":"Kunst","_yoast_wpseo_metadesc":"Befindet sich die Kunst und Kreativwirtschaft im Dornr\u00f6schenschlaf? Die Z\u00fcrcher Hochschule der K\u00fcnste ZHdK vertieft in \"Sleeping Beauty\" die aktuelle Lage.","articlekey":"","footnotes":""},"categories":[580],"tags":[131,1566,1575,424,2612],"class_list":["post-3079","post","type-post","status-publish","format-standard","has-post-thumbnail","hentry","category-sustainability","tag-corona-krise","tag-kreativwirtschaft","tag-kunst","tag-schweiz","tag-zuercher-hochschule-der-kuenste"],"acf":[],"yoast_head":"<!-- This site is optimized with the Yoast SEO plugin v27.5 - https:\/\/yoast.com\/product\/yoast-seo-wordpress\/ -->\n<title>\u00dcber die Auswirkungen der Coronakrise auf Kunst und Kultur - Organisator<\/title>\n<meta name=\"description\" content=\"Befindet sich die Kunst und Kreativwirtschaft im Dornr\u00f6schenschlaf? Die Z\u00fcrcher Hochschule der K\u00fcnste ZHdK vertieft in &quot;Sleeping Beauty&quot; die aktuelle Lage.\" \/>\n<meta name=\"robots\" content=\"index, follow, max-snippet:-1, max-image-preview:large, max-video-preview:-1\" \/>\n<link rel=\"canonical\" href=\"https:\/\/www.organisator.ch\/fr\/sustainability\/2020-05-26\/ueber-die-auswirkungen-der-coronakrise-auf-kunst-und-kultur\/\" \/>\n<meta property=\"og:locale\" content=\"fr_FR\" \/>\n<meta property=\"og:type\" content=\"article\" \/>\n<meta property=\"og:title\" content=\"\u00dcber die Auswirkungen der Coronakrise auf Kunst und Kultur - Organisator\" \/>\n<meta property=\"og:description\" content=\"Befindet sich die Kunst und Kreativwirtschaft im Dornr\u00f6schenschlaf? Die Z\u00fcrcher Hochschule der K\u00fcnste ZHdK vertieft in &quot;Sleeping Beauty&quot; die aktuelle Lage.\" \/>\n<meta property=\"og:url\" content=\"https:\/\/www.organisator.ch\/fr\/sustainability\/2020-05-26\/ueber-die-auswirkungen-der-coronakrise-auf-kunst-und-kultur\/\" \/>\n<meta property=\"og:site_name\" content=\"Organisator\" \/>\n<meta property=\"article:publisher\" content=\"https:\/\/www.facebook.com\/OrganisatorFachmagazin\" \/>\n<meta property=\"article:published_time\" content=\"2020-05-26T09:36:24+00:00\" \/>\n<meta property=\"article:modified_time\" content=\"2022-02-09T10:09:58+00:00\" \/>\n<meta property=\"og:image\" content=\"https:\/\/www.organisator.ch\/wp-content\/uploads\/2020\/05\/large.jpg\" \/>\n\t<meta property=\"og:image:width\" content=\"1280\" \/>\n\t<meta property=\"og:image:height\" content=\"852\" \/>\n\t<meta property=\"og:image:type\" content=\"image\/jpeg\" \/>\n<meta name=\"author\" content=\"michael.merz\" \/>\n<meta name=\"twitter:card\" content=\"summary_large_image\" \/>\n<script type=\"application\/ld+json\" class=\"yoast-schema-graph\">{\"@context\":\"https:\\\/\\\/schema.org\",\"@graph\":[{\"@type\":\"Article\",\"@id\":\"https:\\\/\\\/www.organisator.ch\\\/sustainability\\\/2020-05-26\\\/ueber-die-auswirkungen-der-coronakrise-auf-kunst-und-kultur\\\/#article\",\"isPartOf\":{\"@id\":\"https:\\\/\\\/www.organisator.ch\\\/sustainability\\\/2020-05-26\\\/ueber-die-auswirkungen-der-coronakrise-auf-kunst-und-kultur\\\/\"},\"author\":{\"name\":\"michael.merz\",\"@id\":\"https:\\\/\\\/www.organisator.ch\\\/#\\\/schema\\\/person\\\/134708ca9321c57b0362cceb7948ffbd\"},\"headline\":\"\u00dcber die Auswirkungen der Coronakrise auf Kunst und Kultur\",\"datePublished\":\"2020-05-26T09:36:24+00:00\",\"dateModified\":\"2022-02-09T10:09:58+00:00\",\"mainEntityOfPage\":{\"@id\":\"https:\\\/\\\/www.organisator.ch\\\/sustainability\\\/2020-05-26\\\/ueber-die-auswirkungen-der-coronakrise-auf-kunst-und-kultur\\\/\"},\"wordCount\":583,\"publisher\":{\"@id\":\"https:\\\/\\\/www.organisator.ch\\\/#organization\"},\"image\":{\"@id\":\"https:\\\/\\\/www.organisator.ch\\\/sustainability\\\/2020-05-26\\\/ueber-die-auswirkungen-der-coronakrise-auf-kunst-und-kultur\\\/#primaryimage\"},\"thumbnailUrl\":\"https:\\\/\\\/www.organisator.ch\\\/wp-content\\\/uploads\\\/2020\\\/05\\\/large.jpg\",\"keywords\":[\"Corona-Krise\",\"Kreativwirtschaft\",\"Kunst\",\"Schweiz\",\"Z\u00fcrcher Hochschule der K\u00fcnste\"],\"articleSection\":[\"SUSTAINABILITY\"],\"inLanguage\":\"fr-FR\"},{\"@type\":\"WebPage\",\"@id\":\"https:\\\/\\\/www.organisator.ch\\\/sustainability\\\/2020-05-26\\\/ueber-die-auswirkungen-der-coronakrise-auf-kunst-und-kultur\\\/\",\"url\":\"https:\\\/\\\/www.organisator.ch\\\/sustainability\\\/2020-05-26\\\/ueber-die-auswirkungen-der-coronakrise-auf-kunst-und-kultur\\\/\",\"name\":\"\u00dcber die Auswirkungen der Coronakrise auf Kunst und Kultur - Organisator\",\"isPartOf\":{\"@id\":\"https:\\\/\\\/www.organisator.ch\\\/#website\"},\"primaryImageOfPage\":{\"@id\":\"https:\\\/\\\/www.organisator.ch\\\/sustainability\\\/2020-05-26\\\/ueber-die-auswirkungen-der-coronakrise-auf-kunst-und-kultur\\\/#primaryimage\"},\"image\":{\"@id\":\"https:\\\/\\\/www.organisator.ch\\\/sustainability\\\/2020-05-26\\\/ueber-die-auswirkungen-der-coronakrise-auf-kunst-und-kultur\\\/#primaryimage\"},\"thumbnailUrl\":\"https:\\\/\\\/www.organisator.ch\\\/wp-content\\\/uploads\\\/2020\\\/05\\\/large.jpg\",\"datePublished\":\"2020-05-26T09:36:24+00:00\",\"dateModified\":\"2022-02-09T10:09:58+00:00\",\"description\":\"Befindet sich die Kunst und Kreativwirtschaft im Dornr\u00f6schenschlaf? Die Z\u00fcrcher Hochschule der K\u00fcnste ZHdK vertieft in \\\"Sleeping Beauty\\\" die aktuelle Lage.\",\"breadcrumb\":{\"@id\":\"https:\\\/\\\/www.organisator.ch\\\/sustainability\\\/2020-05-26\\\/ueber-die-auswirkungen-der-coronakrise-auf-kunst-und-kultur\\\/#breadcrumb\"},\"inLanguage\":\"fr-FR\",\"potentialAction\":[{\"@type\":\"ReadAction\",\"target\":[\"https:\\\/\\\/www.organisator.ch\\\/sustainability\\\/2020-05-26\\\/ueber-die-auswirkungen-der-coronakrise-auf-kunst-und-kultur\\\/\"]}]},{\"@type\":\"ImageObject\",\"inLanguage\":\"fr-FR\",\"@id\":\"https:\\\/\\\/www.organisator.ch\\\/sustainability\\\/2020-05-26\\\/ueber-die-auswirkungen-der-coronakrise-auf-kunst-und-kultur\\\/#primaryimage\",\"url\":\"https:\\\/\\\/www.organisator.ch\\\/wp-content\\\/uploads\\\/2020\\\/05\\\/large.jpg\",\"contentUrl\":\"https:\\\/\\\/www.organisator.ch\\\/wp-content\\\/uploads\\\/2020\\\/05\\\/large.jpg\",\"width\":1280,\"height\":852,\"caption\":\"Die ZHdK in Z\u00fcrich-West \u2013 einer der Hotspots der Schweizer Kreativwirtschaft. Foto: Regula Bearth \u00a9 ZHdK\"},{\"@type\":\"BreadcrumbList\",\"@id\":\"https:\\\/\\\/www.organisator.ch\\\/sustainability\\\/2020-05-26\\\/ueber-die-auswirkungen-der-coronakrise-auf-kunst-und-kultur\\\/#breadcrumb\",\"itemListElement\":[{\"@type\":\"ListItem\",\"position\":1,\"name\":\"Home\",\"item\":\"https:\\\/\\\/www.organisator.ch\\\/\"},{\"@type\":\"ListItem\",\"position\":2,\"name\":\"\u00dcber die Auswirkungen der Coronakrise auf Kunst und Kultur\"}]},{\"@type\":\"WebSite\",\"@id\":\"https:\\\/\\\/www.organisator.ch\\\/#website\",\"url\":\"https:\\\/\\\/www.organisator.ch\\\/\",\"name\":\"Organisator\",\"description\":\"Kompetent. Praxisnah. Der ORGANISATOR bereitet in 10 Ausgaben pro Jahr die wesentlichen Themen f\u00fcr F\u00fchrungskr\u00e4fte von KMU auf.\",\"publisher\":{\"@id\":\"https:\\\/\\\/www.organisator.ch\\\/#organization\"},\"potentialAction\":[{\"@type\":\"SearchAction\",\"target\":{\"@type\":\"EntryPoint\",\"urlTemplate\":\"https:\\\/\\\/www.organisator.ch\\\/?s={search_term_string}\"},\"query-input\":{\"@type\":\"PropertyValueSpecification\",\"valueRequired\":true,\"valueName\":\"search_term_string\"}}],\"inLanguage\":\"fr-FR\"},{\"@type\":\"Organization\",\"@id\":\"https:\\\/\\\/www.organisator.ch\\\/#organization\",\"name\":\"Organisator\",\"url\":\"https:\\\/\\\/www.organisator.ch\\\/\",\"logo\":{\"@type\":\"ImageObject\",\"inLanguage\":\"fr-FR\",\"@id\":\"https:\\\/\\\/www.organisator.ch\\\/#\\\/schema\\\/logo\\\/image\\\/\",\"url\":\"https:\\\/\\\/www.organisator.ch\\\/wp-content\\\/uploads\\\/2022\\\/01\\\/Logo_Organisator_Website.png\",\"contentUrl\":\"https:\\\/\\\/www.organisator.ch\\\/wp-content\\\/uploads\\\/2022\\\/01\\\/Logo_Organisator_Website.png\",\"width\":800,\"height\":77,\"caption\":\"Organisator\"},\"image\":{\"@id\":\"https:\\\/\\\/www.organisator.ch\\\/#\\\/schema\\\/logo\\\/image\\\/\"},\"sameAs\":[\"https:\\\/\\\/www.facebook.com\\\/OrganisatorFachmagazin\",\"https:\\\/\\\/www.linkedin.com\\\/showcase\\\/organisator-das-magazin-fr-kmu\",\"https:\\\/\\\/www.xing.com\\\/news\\\/pages\\\/organisator-ch-695\",\"https:\\\/\\\/www.youtube.com\\\/channel\\\/UCGP2Sq0iWaZwT3BdIAQFYpw\"]},{\"@type\":\"Person\",\"@id\":\"https:\\\/\\\/www.organisator.ch\\\/#\\\/schema\\\/person\\\/134708ca9321c57b0362cceb7948ffbd\",\"name\":\"michael.merz\",\"image\":{\"@type\":\"ImageObject\",\"inLanguage\":\"fr-FR\",\"@id\":\"https:\\\/\\\/secure.gravatar.com\\\/avatar\\\/?s=96&d=mm&r=g\",\"url\":\"https:\\\/\\\/secure.gravatar.com\\\/avatar\\\/?s=96&d=mm&r=g\",\"contentUrl\":\"https:\\\/\\\/secure.gravatar.com\\\/avatar\\\/?s=96&d=mm&r=g\",\"caption\":\"michael.merz\"},\"url\":\"https:\\\/\\\/www.organisator.ch\\\/fr\\\/author\\\/michael-merz\\\/\"}]}<\/script>\n<!-- \/ Yoast SEO plugin. -->","yoast_head_json":{"title":"Sur l'impact de la crise de la Corona sur l'art et la culture - Organisateur","description":"L'art et l'\u00e9conomie cr\u00e9ative sont-ils en sommeil ? La Haute \u00e9cole des arts de Zurich ZHdK approfondit la situation actuelle dans \"Sleeping Beauty\".","robots":{"index":"index","follow":"follow","max-snippet":"max-snippet:-1","max-image-preview":"max-image-preview:large","max-video-preview":"max-video-preview:-1"},"canonical":"https:\/\/www.organisator.ch\/fr\/sustainability\/2020-05-26\/ueber-die-auswirkungen-der-coronakrise-auf-kunst-und-kultur\/","og_locale":"fr_FR","og_type":"article","og_title":"\u00dcber die Auswirkungen der Coronakrise auf Kunst und Kultur - Organisator","og_description":"Befindet sich die Kunst und Kreativwirtschaft im Dornr\u00f6schenschlaf? Die Z\u00fcrcher Hochschule der K\u00fcnste ZHdK vertieft in \"Sleeping Beauty\" die aktuelle Lage.","og_url":"https:\/\/www.organisator.ch\/fr\/sustainability\/2020-05-26\/ueber-die-auswirkungen-der-coronakrise-auf-kunst-und-kultur\/","og_site_name":"Organisator","article_publisher":"https:\/\/www.facebook.com\/OrganisatorFachmagazin","article_published_time":"2020-05-26T09:36:24+00:00","article_modified_time":"2022-02-09T10:09:58+00:00","og_image":[{"width":1280,"height":852,"url":"https:\/\/www.organisator.ch\/wp-content\/uploads\/2020\/05\/large.jpg","type":"image\/jpeg"}],"author":"michael.merz","twitter_card":"summary_large_image","schema":{"@context":"https:\/\/schema.org","@graph":[{"@type":"Article","@id":"https:\/\/www.organisator.ch\/sustainability\/2020-05-26\/ueber-die-auswirkungen-der-coronakrise-auf-kunst-und-kultur\/#article","isPartOf":{"@id":"https:\/\/www.organisator.ch\/sustainability\/2020-05-26\/ueber-die-auswirkungen-der-coronakrise-auf-kunst-und-kultur\/"},"author":{"name":"michael.merz","@id":"https:\/\/www.organisator.ch\/#\/schema\/person\/134708ca9321c57b0362cceb7948ffbd"},"headline":"\u00dcber die Auswirkungen der Coronakrise auf Kunst und Kultur","datePublished":"2020-05-26T09:36:24+00:00","dateModified":"2022-02-09T10:09:58+00:00","mainEntityOfPage":{"@id":"https:\/\/www.organisator.ch\/sustainability\/2020-05-26\/ueber-die-auswirkungen-der-coronakrise-auf-kunst-und-kultur\/"},"wordCount":583,"publisher":{"@id":"https:\/\/www.organisator.ch\/#organization"},"image":{"@id":"https:\/\/www.organisator.ch\/sustainability\/2020-05-26\/ueber-die-auswirkungen-der-coronakrise-auf-kunst-und-kultur\/#primaryimage"},"thumbnailUrl":"https:\/\/www.organisator.ch\/wp-content\/uploads\/2020\/05\/large.jpg","keywords":["Corona-Krise","Kreativwirtschaft","Kunst","Schweiz","Z\u00fcrcher Hochschule der K\u00fcnste"],"articleSection":["SUSTAINABILITY"],"inLanguage":"fr-FR"},{"@type":"WebPage","@id":"https:\/\/www.organisator.ch\/sustainability\/2020-05-26\/ueber-die-auswirkungen-der-coronakrise-auf-kunst-und-kultur\/","url":"https:\/\/www.organisator.ch\/sustainability\/2020-05-26\/ueber-die-auswirkungen-der-coronakrise-auf-kunst-und-kultur\/","name":"Sur l'impact de la crise de la Corona sur l'art et la culture - Organisateur","isPartOf":{"@id":"https:\/\/www.organisator.ch\/#website"},"primaryImageOfPage":{"@id":"https:\/\/www.organisator.ch\/sustainability\/2020-05-26\/ueber-die-auswirkungen-der-coronakrise-auf-kunst-und-kultur\/#primaryimage"},"image":{"@id":"https:\/\/www.organisator.ch\/sustainability\/2020-05-26\/ueber-die-auswirkungen-der-coronakrise-auf-kunst-und-kultur\/#primaryimage"},"thumbnailUrl":"https:\/\/www.organisator.ch\/wp-content\/uploads\/2020\/05\/large.jpg","datePublished":"2020-05-26T09:36:24+00:00","dateModified":"2022-02-09T10:09:58+00:00","description":"L'art et l'\u00e9conomie cr\u00e9ative sont-ils en sommeil ? La Haute \u00e9cole des arts de Zurich ZHdK approfondit la situation actuelle dans \"Sleeping Beauty\".","breadcrumb":{"@id":"https:\/\/www.organisator.ch\/sustainability\/2020-05-26\/ueber-die-auswirkungen-der-coronakrise-auf-kunst-und-kultur\/#breadcrumb"},"inLanguage":"fr-FR","potentialAction":[{"@type":"ReadAction","target":["https:\/\/www.organisator.ch\/sustainability\/2020-05-26\/ueber-die-auswirkungen-der-coronakrise-auf-kunst-und-kultur\/"]}]},{"@type":"ImageObject","inLanguage":"fr-FR","@id":"https:\/\/www.organisator.ch\/sustainability\/2020-05-26\/ueber-die-auswirkungen-der-coronakrise-auf-kunst-und-kultur\/#primaryimage","url":"https:\/\/www.organisator.ch\/wp-content\/uploads\/2020\/05\/large.jpg","contentUrl":"https:\/\/www.organisator.ch\/wp-content\/uploads\/2020\/05\/large.jpg","width":1280,"height":852,"caption":"Die ZHdK in Z\u00fcrich-West \u2013 einer der Hotspots der Schweizer Kreativwirtschaft. Foto: Regula Bearth \u00a9 ZHdK"},{"@type":"BreadcrumbList","@id":"https:\/\/www.organisator.ch\/sustainability\/2020-05-26\/ueber-die-auswirkungen-der-coronakrise-auf-kunst-und-kultur\/#breadcrumb","itemListElement":[{"@type":"ListItem","position":1,"name":"Home","item":"https:\/\/www.organisator.ch\/"},{"@type":"ListItem","position":2,"name":"\u00dcber die Auswirkungen der Coronakrise auf Kunst und Kultur"}]},{"@type":"WebSite","@id":"https:\/\/www.organisator.ch\/#website","url":"https:\/\/www.organisator.ch\/","name":"Organisateur","description":"Comp\u00e9tence et comp\u00e9tence. Proches de la pratique. L'ORGANISATEUR pr\u00e9pare 10 num\u00e9ros par an sur les th\u00e8mes essentiels pour les dirigeants de PME.","publisher":{"@id":"https:\/\/www.organisator.ch\/#organization"},"potentialAction":[{"@type":"SearchAction","target":{"@type":"EntryPoint","urlTemplate":"https:\/\/www.organisator.ch\/?s={search_term_string}"},"query-input":{"@type":"PropertyValueSpecification","valueRequired":true,"valueName":"search_term_string"}}],"inLanguage":"fr-FR"},{"@type":"Organization","@id":"https:\/\/www.organisator.ch\/#organization","name":"Organisateur","url":"https:\/\/www.organisator.ch\/","logo":{"@type":"ImageObject","inLanguage":"fr-FR","@id":"https:\/\/www.organisator.ch\/#\/schema\/logo\/image\/","url":"https:\/\/www.organisator.ch\/wp-content\/uploads\/2022\/01\/Logo_Organisator_Website.png","contentUrl":"https:\/\/www.organisator.ch\/wp-content\/uploads\/2022\/01\/Logo_Organisator_Website.png","width":800,"height":77,"caption":"Organisator"},"image":{"@id":"https:\/\/www.organisator.ch\/#\/schema\/logo\/image\/"},"sameAs":["https:\/\/www.facebook.com\/OrganisatorFachmagazin","https:\/\/www.linkedin.com\/showcase\/organisator-das-magazin-fr-kmu","https:\/\/www.xing.com\/news\/pages\/organisator-ch-695","https:\/\/www.youtube.com\/channel\/UCGP2Sq0iWaZwT3BdIAQFYpw"]},{"@type":"Person","@id":"https:\/\/www.organisator.ch\/#\/schema\/person\/134708ca9321c57b0362cceb7948ffbd","name":"michael.merz","image":{"@type":"ImageObject","inLanguage":"fr-FR","@id":"https:\/\/secure.gravatar.com\/avatar\/?s=96&d=mm&r=g","url":"https:\/\/secure.gravatar.com\/avatar\/?s=96&d=mm&r=g","contentUrl":"https:\/\/secure.gravatar.com\/avatar\/?s=96&d=mm&r=g","caption":"michael.merz"},"url":"https:\/\/www.organisator.ch\/fr\/author\/michael-merz\/"}]}},"_links":{"self":[{"href":"https:\/\/www.organisator.ch\/fr\/wp-json\/wp\/v2\/posts\/3079","targetHints":{"allow":["GET"]}}],"collection":[{"href":"https:\/\/www.organisator.ch\/fr\/wp-json\/wp\/v2\/posts"}],"about":[{"href":"https:\/\/www.organisator.ch\/fr\/wp-json\/wp\/v2\/types\/post"}],"author":[{"embeddable":true,"href":"https:\/\/www.organisator.ch\/fr\/wp-json\/wp\/v2\/users\/5"}],"replies":[{"embeddable":true,"href":"https:\/\/www.organisator.ch\/fr\/wp-json\/wp\/v2\/comments?post=3079"}],"version-history":[{"count":1,"href":"https:\/\/www.organisator.ch\/fr\/wp-json\/wp\/v2\/posts\/3079\/revisions"}],"predecessor-version":[{"id":10835,"href":"https:\/\/www.organisator.ch\/fr\/wp-json\/wp\/v2\/posts\/3079\/revisions\/10835"}],"wp:featuredmedia":[{"embeddable":true,"href":"https:\/\/www.organisator.ch\/fr\/wp-json\/wp\/v2\/media\/3080"}],"wp:attachment":[{"href":"https:\/\/www.organisator.ch\/fr\/wp-json\/wp\/v2\/media?parent=3079"}],"wp:term":[{"taxonomy":"category","embeddable":true,"href":"https:\/\/www.organisator.ch\/fr\/wp-json\/wp\/v2\/categories?post=3079"},{"taxonomy":"post_tag","embeddable":true,"href":"https:\/\/www.organisator.ch\/fr\/wp-json\/wp\/v2\/tags?post=3079"}],"curies":[{"name":"wp","href":"https:\/\/api.w.org\/{rel}","templated":true}]}}