{"id":30797,"date":"2024-10-22T05:55:17","date_gmt":"2024-10-22T03:55:17","guid":{"rendered":"https:\/\/www.organisator.ch\/de\/?p=30797"},"modified":"2024-10-18T08:42:03","modified_gmt":"2024-10-18T06:42:03","slug":"elektromobilitaet-fortschritte-oder-status-quo","status":"publish","type":"post","link":"https:\/\/www.organisator.ch\/fr\/sustainability\/2024-10-22\/elektromobilitaet-fortschritte-oder-status-quo\/","title":{"rendered":"Mobilit\u00e9 \u00e9lectrique : progr\u00e8s ou statu quo ?"},"content":{"rendered":"<div class=\"swpm-post-not-logged-in-msg\">Vous devez \u00eatre connect\u00e9 pour voir ce contenu. Veuillez <a class=\"swpm-login-link\" href=\"https:\/\/www.organisator.ch\/login\/\">Se connecter<\/a>. Pas un membre ? <a href=\"https:\/\/www.organisator.ch\/shop\/\">Nous Rejoindre<\/a><\/div>","protected":false},"excerpt":{"rendered":"<p>Le boom des voitures \u00e9lectriques semble \u00eatre termin\u00e9. Pourtant, les propulsions alternatives enregistrent des parts de march\u00e9 croissantes. Pour que la tendance \u00e0 l'\u00e9lectromobilit\u00e9 se poursuive, il faut toutefois que les co\u00fbts baissent.<\/p>","protected":false},"author":1,"featured_media":30796,"comment_status":"closed","ping_status":"closed","sticky":false,"template":"","format":"standard","meta":{"_acf_changed":false,"_yoast_wpseo_focuskw":"Elektromobilit\u00e4t","_yoast_wpseo_metadesc":"Der Elektroboom bei Personenwagen scheint vorbei zu sein. Dennoch verzeichnen alternative Antriebe wachsende Marktanteile.","articlekey":"124187","footnotes":""},"categories":[578,580],"tags":[1038,1383,1561,424,2246,4641],"class_list":["post-30797","post","type-post","status-publish","format-standard","has-post-thumbnail","hentry","category-abo","category-sustainability","tag-elektromobilitaet","tag-hybrid","tag-kosten","tag-schweiz","tag-sustainability","tag-trend"],"acf":[],"yoast_head":"<!-- This site is optimized with the Yoast SEO plugin v27.5 - https:\/\/yoast.com\/product\/yoast-seo-wordpress\/ -->\n<title>Elektromobilit\u00e4t: Fortschritte oder Status quo? - Organisator<\/title>\n<meta name=\"description\" content=\"Der Elektroboom bei Personenwagen scheint vorbei zu sein. Dennoch verzeichnen alternative Antriebe wachsende Marktanteile.\" \/>\n<meta name=\"robots\" content=\"index, follow, max-snippet:-1, max-image-preview:large, max-video-preview:-1\" \/>\n<link rel=\"canonical\" href=\"https:\/\/www.organisator.ch\/fr\/sustainability\/2024-10-22\/elektromobilitaet-fortschritte-oder-status-quo\/\" \/>\n<meta property=\"og:locale\" content=\"fr_FR\" \/>\n<meta property=\"og:type\" content=\"article\" \/>\n<meta property=\"og:title\" content=\"Elektromobilit\u00e4t: Fortschritte oder Status quo? - Organisator\" \/>\n<meta property=\"og:description\" content=\"Der Elektroboom bei Personenwagen scheint vorbei zu sein. Dennoch verzeichnen alternative Antriebe wachsende Marktanteile.\" \/>\n<meta property=\"og:url\" content=\"https:\/\/www.organisator.ch\/fr\/sustainability\/2024-10-22\/elektromobilitaet-fortschritte-oder-status-quo\/\" \/>\n<meta property=\"og:site_name\" content=\"Organisator\" \/>\n<meta property=\"article:publisher\" content=\"https:\/\/www.facebook.com\/OrganisatorFachmagazin\" \/>\n<meta property=\"article:published_time\" content=\"2024-10-22T03:55:17+00:00\" \/>\n<meta property=\"og:image\" content=\"https:\/\/www.organisator.ch\/wp-content\/uploads\/2024\/10\/Sustainability_E-Mobilitaet_Bild_organisator_124199-scaled.jpg\" \/>\n\t<meta property=\"og:image:width\" content=\"1400\" \/>\n\t<meta property=\"og:image:height\" content=\"1174\" \/>\n\t<meta property=\"og:image:type\" content=\"image\/jpeg\" \/>\n<meta name=\"author\" content=\"admin\" \/>\n<meta name=\"twitter:card\" content=\"summary_large_image\" \/>\n<script type=\"application\/ld+json\" class=\"yoast-schema-graph\">{\"@context\":\"https:\\\/\\\/schema.org\",\"@graph\":[{\"@type\":\"Article\",\"@id\":\"https:\\\/\\\/www.organisator.ch\\\/sustainability\\\/2024-10-22\\\/elektromobilitaet-fortschritte-oder-status-quo\\\/#article\",\"isPartOf\":{\"@id\":\"https:\\\/\\\/www.organisator.ch\\\/sustainability\\\/2024-10-22\\\/elektromobilitaet-fortschritte-oder-status-quo\\\/\"},\"author\":{\"name\":\"admin\",\"@id\":\"https:\\\/\\\/www.organisator.ch\\\/#\\\/schema\\\/person\\\/aa2bace6c5c5aad60102004a50c4eb1c\"},\"headline\":\"Elektromobilit\u00e4t: Fortschritte oder Status quo?\",\"datePublished\":\"2024-10-22T03:55:17+00:00\",\"mainEntityOfPage\":{\"@id\":\"https:\\\/\\\/www.organisator.ch\\\/sustainability\\\/2024-10-22\\\/elektromobilitaet-fortschritte-oder-status-quo\\\/\"},\"wordCount\":1129,\"publisher\":{\"@id\":\"https:\\\/\\\/www.organisator.ch\\\/#organization\"},\"image\":{\"@id\":\"https:\\\/\\\/www.organisator.ch\\\/sustainability\\\/2024-10-22\\\/elektromobilitaet-fortschritte-oder-status-quo\\\/#primaryimage\"},\"thumbnailUrl\":\"https:\\\/\\\/www.organisator.ch\\\/wp-content\\\/uploads\\\/2024\\\/10\\\/Sustainability_E-Mobilitaet_Bild_organisator_124199-scaled.jpg\",\"keywords\":[\"Elektromobilit\u00e4t\",\"Hybrid\",\"Kosten\",\"Schweiz\",\"Sustainability\",\"Trend\"],\"articleSection\":[\"ABO+\",\"SUSTAINABILITY\"],\"inLanguage\":\"fr-FR\"},{\"@type\":\"WebPage\",\"@id\":\"https:\\\/\\\/www.organisator.ch\\\/sustainability\\\/2024-10-22\\\/elektromobilitaet-fortschritte-oder-status-quo\\\/\",\"url\":\"https:\\\/\\\/www.organisator.ch\\\/sustainability\\\/2024-10-22\\\/elektromobilitaet-fortschritte-oder-status-quo\\\/\",\"name\":\"Elektromobilit\u00e4t: Fortschritte oder Status quo? - Organisator\",\"isPartOf\":{\"@id\":\"https:\\\/\\\/www.organisator.ch\\\/#website\"},\"primaryImageOfPage\":{\"@id\":\"https:\\\/\\\/www.organisator.ch\\\/sustainability\\\/2024-10-22\\\/elektromobilitaet-fortschritte-oder-status-quo\\\/#primaryimage\"},\"image\":{\"@id\":\"https:\\\/\\\/www.organisator.ch\\\/sustainability\\\/2024-10-22\\\/elektromobilitaet-fortschritte-oder-status-quo\\\/#primaryimage\"},\"thumbnailUrl\":\"https:\\\/\\\/www.organisator.ch\\\/wp-content\\\/uploads\\\/2024\\\/10\\\/Sustainability_E-Mobilitaet_Bild_organisator_124199-scaled.jpg\",\"datePublished\":\"2024-10-22T03:55:17+00:00\",\"description\":\"Der Elektroboom bei Personenwagen scheint vorbei zu sein. Dennoch verzeichnen alternative Antriebe wachsende Marktanteile.\",\"breadcrumb\":{\"@id\":\"https:\\\/\\\/www.organisator.ch\\\/sustainability\\\/2024-10-22\\\/elektromobilitaet-fortschritte-oder-status-quo\\\/#breadcrumb\"},\"inLanguage\":\"fr-FR\",\"potentialAction\":[{\"@type\":\"ReadAction\",\"target\":[\"https:\\\/\\\/www.organisator.ch\\\/sustainability\\\/2024-10-22\\\/elektromobilitaet-fortschritte-oder-status-quo\\\/\"]}]},{\"@type\":\"ImageObject\",\"inLanguage\":\"fr-FR\",\"@id\":\"https:\\\/\\\/www.organisator.ch\\\/sustainability\\\/2024-10-22\\\/elektromobilitaet-fortschritte-oder-status-quo\\\/#primaryimage\",\"url\":\"https:\\\/\\\/www.organisator.ch\\\/wp-content\\\/uploads\\\/2024\\\/10\\\/Sustainability_E-Mobilitaet_Bild_organisator_124199-scaled.jpg\",\"contentUrl\":\"https:\\\/\\\/www.organisator.ch\\\/wp-content\\\/uploads\\\/2024\\\/10\\\/Sustainability_E-Mobilitaet_Bild_organisator_124199-scaled.jpg\",\"width\":1400,\"height\":1174,\"caption\":\"Sollen dereinst mehr Elektroautos auf unseren Strassen verkehren, m\u00fcssen sie weniger kosten, und auch das Laden muss einfacher werden. \u00a9 ClimateWarrior \\\/ Pixabay.com\"},{\"@type\":\"BreadcrumbList\",\"@id\":\"https:\\\/\\\/www.organisator.ch\\\/sustainability\\\/2024-10-22\\\/elektromobilitaet-fortschritte-oder-status-quo\\\/#breadcrumb\",\"itemListElement\":[{\"@type\":\"ListItem\",\"position\":1,\"name\":\"Home\",\"item\":\"https:\\\/\\\/www.organisator.ch\\\/\"},{\"@type\":\"ListItem\",\"position\":2,\"name\":\"Elektromobilit\u00e4t: Fortschritte oder Status quo?\"}]},{\"@type\":\"WebSite\",\"@id\":\"https:\\\/\\\/www.organisator.ch\\\/#website\",\"url\":\"https:\\\/\\\/www.organisator.ch\\\/\",\"name\":\"Organisator\",\"description\":\"Kompetent. Praxisnah. Der ORGANISATOR bereitet in 10 Ausgaben pro Jahr die wesentlichen Themen f\u00fcr F\u00fchrungskr\u00e4fte von KMU auf.\",\"publisher\":{\"@id\":\"https:\\\/\\\/www.organisator.ch\\\/#organization\"},\"potentialAction\":[{\"@type\":\"SearchAction\",\"target\":{\"@type\":\"EntryPoint\",\"urlTemplate\":\"https:\\\/\\\/www.organisator.ch\\\/?s={search_term_string}\"},\"query-input\":{\"@type\":\"PropertyValueSpecification\",\"valueRequired\":true,\"valueName\":\"search_term_string\"}}],\"inLanguage\":\"fr-FR\"},{\"@type\":\"Organization\",\"@id\":\"https:\\\/\\\/www.organisator.ch\\\/#organization\",\"name\":\"Organisator\",\"url\":\"https:\\\/\\\/www.organisator.ch\\\/\",\"logo\":{\"@type\":\"ImageObject\",\"inLanguage\":\"fr-FR\",\"@id\":\"https:\\\/\\\/www.organisator.ch\\\/#\\\/schema\\\/logo\\\/image\\\/\",\"url\":\"https:\\\/\\\/www.organisator.ch\\\/wp-content\\\/uploads\\\/2022\\\/01\\\/Logo_Organisator_Website.png\",\"contentUrl\":\"https:\\\/\\\/www.organisator.ch\\\/wp-content\\\/uploads\\\/2022\\\/01\\\/Logo_Organisator_Website.png\",\"width\":800,\"height\":77,\"caption\":\"Organisator\"},\"image\":{\"@id\":\"https:\\\/\\\/www.organisator.ch\\\/#\\\/schema\\\/logo\\\/image\\\/\"},\"sameAs\":[\"https:\\\/\\\/www.facebook.com\\\/OrganisatorFachmagazin\",\"https:\\\/\\\/www.linkedin.com\\\/showcase\\\/organisator-das-magazin-fr-kmu\",\"https:\\\/\\\/www.xing.com\\\/news\\\/pages\\\/organisator-ch-695\",\"https:\\\/\\\/www.youtube.com\\\/channel\\\/UCGP2Sq0iWaZwT3BdIAQFYpw\"]},{\"@type\":\"Person\",\"@id\":\"https:\\\/\\\/www.organisator.ch\\\/#\\\/schema\\\/person\\\/aa2bace6c5c5aad60102004a50c4eb1c\",\"name\":\"admin\",\"image\":{\"@type\":\"ImageObject\",\"inLanguage\":\"fr-FR\",\"@id\":\"https:\\\/\\\/secure.gravatar.com\\\/avatar\\\/ae2f4d718e6c49043e314ce431e7e645d646302a24a5ef5a8bc8e3f5a032e319?s=96&d=mm&r=g\",\"url\":\"https:\\\/\\\/secure.gravatar.com\\\/avatar\\\/ae2f4d718e6c49043e314ce431e7e645d646302a24a5ef5a8bc8e3f5a032e319?s=96&d=mm&r=g\",\"contentUrl\":\"https:\\\/\\\/secure.gravatar.com\\\/avatar\\\/ae2f4d718e6c49043e314ce431e7e645d646302a24a5ef5a8bc8e3f5a032e319?s=96&d=mm&r=g\",\"caption\":\"admin\"},\"sameAs\":[\"https:\\\/\\\/www.organisator.ch\"],\"url\":\"https:\\\/\\\/www.organisator.ch\\\/fr\\\/author\\\/admin\\\/\"}]}<\/script>\n<!-- \/ Yoast SEO plugin. -->","yoast_head_json":{"title":"Mobilit\u00e9 \u00e9lectrique : progr\u00e8s ou statu quo ? - Organisateur","description":"Le boom des voitures \u00e9lectriques semble \u00eatre termin\u00e9. Pourtant, les propulsions alternatives enregistrent des parts de march\u00e9 croissantes.","robots":{"index":"index","follow":"follow","max-snippet":"max-snippet:-1","max-image-preview":"max-image-preview:large","max-video-preview":"max-video-preview:-1"},"canonical":"https:\/\/www.organisator.ch\/fr\/sustainability\/2024-10-22\/elektromobilitaet-fortschritte-oder-status-quo\/","og_locale":"fr_FR","og_type":"article","og_title":"Elektromobilit\u00e4t: Fortschritte oder Status quo? - Organisator","og_description":"Der Elektroboom bei Personenwagen scheint vorbei zu sein. Dennoch verzeichnen alternative Antriebe wachsende Marktanteile.","og_url":"https:\/\/www.organisator.ch\/fr\/sustainability\/2024-10-22\/elektromobilitaet-fortschritte-oder-status-quo\/","og_site_name":"Organisator","article_publisher":"https:\/\/www.facebook.com\/OrganisatorFachmagazin","article_published_time":"2024-10-22T03:55:17+00:00","og_image":[{"width":1400,"height":1174,"url":"https:\/\/www.organisator.ch\/wp-content\/uploads\/2024\/10\/Sustainability_E-Mobilitaet_Bild_organisator_124199-scaled.jpg","type":"image\/jpeg"}],"author":"admin","twitter_card":"summary_large_image","schema":{"@context":"https:\/\/schema.org","@graph":[{"@type":"Article","@id":"https:\/\/www.organisator.ch\/sustainability\/2024-10-22\/elektromobilitaet-fortschritte-oder-status-quo\/#article","isPartOf":{"@id":"https:\/\/www.organisator.ch\/sustainability\/2024-10-22\/elektromobilitaet-fortschritte-oder-status-quo\/"},"author":{"name":"admin","@id":"https:\/\/www.organisator.ch\/#\/schema\/person\/aa2bace6c5c5aad60102004a50c4eb1c"},"headline":"Elektromobilit\u00e4t: Fortschritte oder Status quo?","datePublished":"2024-10-22T03:55:17+00:00","mainEntityOfPage":{"@id":"https:\/\/www.organisator.ch\/sustainability\/2024-10-22\/elektromobilitaet-fortschritte-oder-status-quo\/"},"wordCount":1129,"publisher":{"@id":"https:\/\/www.organisator.ch\/#organization"},"image":{"@id":"https:\/\/www.organisator.ch\/sustainability\/2024-10-22\/elektromobilitaet-fortschritte-oder-status-quo\/#primaryimage"},"thumbnailUrl":"https:\/\/www.organisator.ch\/wp-content\/uploads\/2024\/10\/Sustainability_E-Mobilitaet_Bild_organisator_124199-scaled.jpg","keywords":["Elektromobilit\u00e4t","Hybrid","Kosten","Schweiz","Sustainability","Trend"],"articleSection":["ABO+","SUSTAINABILITY"],"inLanguage":"fr-FR"},{"@type":"WebPage","@id":"https:\/\/www.organisator.ch\/sustainability\/2024-10-22\/elektromobilitaet-fortschritte-oder-status-quo\/","url":"https:\/\/www.organisator.ch\/sustainability\/2024-10-22\/elektromobilitaet-fortschritte-oder-status-quo\/","name":"Mobilit\u00e9 \u00e9lectrique : progr\u00e8s ou statu quo ? - Organisateur","isPartOf":{"@id":"https:\/\/www.organisator.ch\/#website"},"primaryImageOfPage":{"@id":"https:\/\/www.organisator.ch\/sustainability\/2024-10-22\/elektromobilitaet-fortschritte-oder-status-quo\/#primaryimage"},"image":{"@id":"https:\/\/www.organisator.ch\/sustainability\/2024-10-22\/elektromobilitaet-fortschritte-oder-status-quo\/#primaryimage"},"thumbnailUrl":"https:\/\/www.organisator.ch\/wp-content\/uploads\/2024\/10\/Sustainability_E-Mobilitaet_Bild_organisator_124199-scaled.jpg","datePublished":"2024-10-22T03:55:17+00:00","description":"Le boom des voitures \u00e9lectriques semble \u00eatre termin\u00e9. Pourtant, les propulsions alternatives enregistrent des parts de march\u00e9 croissantes.","breadcrumb":{"@id":"https:\/\/www.organisator.ch\/sustainability\/2024-10-22\/elektromobilitaet-fortschritte-oder-status-quo\/#breadcrumb"},"inLanguage":"fr-FR","potentialAction":[{"@type":"ReadAction","target":["https:\/\/www.organisator.ch\/sustainability\/2024-10-22\/elektromobilitaet-fortschritte-oder-status-quo\/"]}]},{"@type":"ImageObject","inLanguage":"fr-FR","@id":"https:\/\/www.organisator.ch\/sustainability\/2024-10-22\/elektromobilitaet-fortschritte-oder-status-quo\/#primaryimage","url":"https:\/\/www.organisator.ch\/wp-content\/uploads\/2024\/10\/Sustainability_E-Mobilitaet_Bild_organisator_124199-scaled.jpg","contentUrl":"https:\/\/www.organisator.ch\/wp-content\/uploads\/2024\/10\/Sustainability_E-Mobilitaet_Bild_organisator_124199-scaled.jpg","width":1400,"height":1174,"caption":"Sollen dereinst mehr Elektroautos auf unseren Strassen verkehren, m\u00fcssen sie weniger kosten, und auch das Laden muss einfacher werden. \u00a9 ClimateWarrior \/ Pixabay.com"},{"@type":"BreadcrumbList","@id":"https:\/\/www.organisator.ch\/sustainability\/2024-10-22\/elektromobilitaet-fortschritte-oder-status-quo\/#breadcrumb","itemListElement":[{"@type":"ListItem","position":1,"name":"Home","item":"https:\/\/www.organisator.ch\/"},{"@type":"ListItem","position":2,"name":"Elektromobilit\u00e4t: Fortschritte oder Status quo?"}]},{"@type":"WebSite","@id":"https:\/\/www.organisator.ch\/#website","url":"https:\/\/www.organisator.ch\/","name":"Organisateur","description":"Comp\u00e9tence et comp\u00e9tence. Proches de la pratique. L'ORGANISATEUR pr\u00e9pare 10 num\u00e9ros par an sur les th\u00e8mes essentiels pour les dirigeants de PME.","publisher":{"@id":"https:\/\/www.organisator.ch\/#organization"},"potentialAction":[{"@type":"SearchAction","target":{"@type":"EntryPoint","urlTemplate":"https:\/\/www.organisator.ch\/?s={search_term_string}"},"query-input":{"@type":"PropertyValueSpecification","valueRequired":true,"valueName":"search_term_string"}}],"inLanguage":"fr-FR"},{"@type":"Organization","@id":"https:\/\/www.organisator.ch\/#organization","name":"Organisateur","url":"https:\/\/www.organisator.ch\/","logo":{"@type":"ImageObject","inLanguage":"fr-FR","@id":"https:\/\/www.organisator.ch\/#\/schema\/logo\/image\/","url":"https:\/\/www.organisator.ch\/wp-content\/uploads\/2022\/01\/Logo_Organisator_Website.png","contentUrl":"https:\/\/www.organisator.ch\/wp-content\/uploads\/2022\/01\/Logo_Organisator_Website.png","width":800,"height":77,"caption":"Organisator"},"image":{"@id":"https:\/\/www.organisator.ch\/#\/schema\/logo\/image\/"},"sameAs":["https:\/\/www.facebook.com\/OrganisatorFachmagazin","https:\/\/www.linkedin.com\/showcase\/organisator-das-magazin-fr-kmu","https:\/\/www.xing.com\/news\/pages\/organisator-ch-695","https:\/\/www.youtube.com\/channel\/UCGP2Sq0iWaZwT3BdIAQFYpw"]},{"@type":"Person","@id":"https:\/\/www.organisator.ch\/#\/schema\/person\/aa2bace6c5c5aad60102004a50c4eb1c","name":"admin","image":{"@type":"ImageObject","inLanguage":"fr-FR","@id":"https:\/\/secure.gravatar.com\/avatar\/ae2f4d718e6c49043e314ce431e7e645d646302a24a5ef5a8bc8e3f5a032e319?s=96&d=mm&r=g","url":"https:\/\/secure.gravatar.com\/avatar\/ae2f4d718e6c49043e314ce431e7e645d646302a24a5ef5a8bc8e3f5a032e319?s=96&d=mm&r=g","contentUrl":"https:\/\/secure.gravatar.com\/avatar\/ae2f4d718e6c49043e314ce431e7e645d646302a24a5ef5a8bc8e3f5a032e319?s=96&d=mm&r=g","caption":"admin"},"sameAs":["https:\/\/www.organisator.ch"],"url":"https:\/\/www.organisator.ch\/fr\/author\/admin\/"}]}},"_links":{"self":[{"href":"https:\/\/www.organisator.ch\/fr\/wp-json\/wp\/v2\/posts\/30797","targetHints":{"allow":["GET"]}}],"collection":[{"href":"https:\/\/www.organisator.ch\/fr\/wp-json\/wp\/v2\/posts"}],"about":[{"href":"https:\/\/www.organisator.ch\/fr\/wp-json\/wp\/v2\/types\/post"}],"author":[{"embeddable":true,"href":"https:\/\/www.organisator.ch\/fr\/wp-json\/wp\/v2\/users\/1"}],"replies":[{"embeddable":true,"href":"https:\/\/www.organisator.ch\/fr\/wp-json\/wp\/v2\/comments?post=30797"}],"version-history":[{"count":3,"href":"https:\/\/www.organisator.ch\/fr\/wp-json\/wp\/v2\/posts\/30797\/revisions"}],"predecessor-version":[{"id":31011,"href":"https:\/\/www.organisator.ch\/fr\/wp-json\/wp\/v2\/posts\/30797\/revisions\/31011"}],"wp:featuredmedia":[{"embeddable":true,"href":"https:\/\/www.organisator.ch\/fr\/wp-json\/wp\/v2\/media\/30796"}],"wp:attachment":[{"href":"https:\/\/www.organisator.ch\/fr\/wp-json\/wp\/v2\/media?parent=30797"}],"wp:term":[{"taxonomy":"category","embeddable":true,"href":"https:\/\/www.organisator.ch\/fr\/wp-json\/wp\/v2\/categories?post=30797"},{"taxonomy":"post_tag","embeddable":true,"href":"https:\/\/www.organisator.ch\/fr\/wp-json\/wp\/v2\/tags?post=30797"}],"curies":[{"name":"wp","href":"https:\/\/api.w.org\/{rel}","templated":true}]}}