{"id":3082,"date":"2020-05-26T12:06:56","date_gmt":"2020-05-26T10:06:56","guid":{"rendered":"https:\/\/www.umweltperspektiven.ch\/?p=3082"},"modified":"2022-02-09T11:06:49","modified_gmt":"2022-02-09T10:06:49","slug":"schweizer-oekologie-forscher-gegen-die-naechste-pandemie","status":"publish","type":"post","link":"https:\/\/www.organisator.ch\/fr\/sustainability\/2020-05-26\/schweizer-oekologie-forscher-gegen-die-naechste-pandemie\/","title":{"rendered":"Des chercheurs suisses en \u00e9cologie contre la prochaine pand\u00e9mie"},"content":{"rendered":"<p>&nbsp;<\/p>\n<figure id=\"attachment_3083\" aria-describedby=\"caption-attachment-3083\" style=\"width: 680px\" class=\"wp-caption alignnone\"><img loading=\"lazy\" decoding=\"async\" class=\"size-medium wp-image-3083\" src=\"\/\/www.umweltperspektiven.ch\/wp-content\/uploads\/2020\/05\/Pandemie-\u00d6kologie-Forscher-UP-Umwelt-Perspektiven.jpg\" alt=\"\" width=\"680\" height=\"457\" \/><figcaption id=\"caption-attachment-3083\" class=\"wp-caption-text\">Chaque ann\u00e9e, les for\u00eats sont d\u00e9truites plusieurs fois et les populations animales sont d\u00e9plac\u00e9es. Cela a des cons\u00e9quences dramatiques sur la situation sanitaire mondiale, comme le montre la crise de Corona en cours. (Image : Unsplash_Justus_Menke)<\/figcaption><\/figure>\n<p class=\"article-paragraph\">Aucune pand\u00e9mie ne ressemble \u00e0 une autre. 126 chercheurs suisses en sont convaincus : la pand\u00e9mie de Covid-19 fait partie du groupe des zoonoses. Il s'agit de maladies infectieuses qui se transmettent entre les animaux sauvages, les animaux domestiques et les humains.<\/p>\n<p class=\"article-paragraph\">La grande majorit\u00e9 des virus serait inoffensive pour l'homme, mais un petit pourcentage d'esp\u00e8ces infectieuses suffirait \u00e0 constituer une r\u00e9serve ph\u00e9nom\u00e9nale de propagateurs de maladies agressives.<\/p>\n<p class=\"article-paragraph\">\"Depuis des ann\u00e9es, nous sommes confront\u00e9s au VIH, \u00e0 Ebola, \u00e0 la dengue, au Zika, au chikungunya, \u00e0 la fi\u00e8vre de Lassa, au Sras, au H5N1, au H1N1 ainsi qu'\u00e0 d'autres nouvelles maladies. Leur nombre semble avoir augment\u00e9 de mani\u00e8re constante au cours des 50 derni\u00e8res ann\u00e9es. C'est pourquoi les \u00e9pid\u00e9mies sont de plus en plus fr\u00e9quentes\", peut-on lire dans le commentaire r\u00e9cemment publi\u00e9 par le \"Bund\" (titre : \"Avec plus d'\u00e9cologie contre la prochaine pand\u00e9mie du 24 mai 2020).<\/p>\n<p class=\"article-paragraph\">Il y est dit qu'il y a de moins en moins d'animaux sauvages sur la Terre. Ils ne repr\u00e9sentent plus que cinq pour cent de la biomasse de tous les mammif\u00e8res terrestres !<\/p>\n<p class=\"article-paragraph\">\"On pourrait donc penser que la menace repr\u00e9sent\u00e9e par la transmission d'un virus de mammif\u00e8res sauvages \u00e0 l'homme diminue. Or, c'est le contraire qui se produit. Car notre empreinte sur l'ensemble de la plan\u00e8te est devenue probl\u00e9matique\", poursuit le communiqu\u00e9.<\/p>\n<p class=\"article-paragraph\">C'est ce que montre de mani\u00e8re impressionnante le rapport mondial de la Plateforme intergouvernementale sur la biodiversit\u00e9 et les services \u00e9cosyst\u00e9miques (<a href=\"\/\/ipbes.net\/\" target=\"_blank\" rel=\"noopener\">IPBES<\/a>).<\/p>\n<p><strong>Risque n\u00b0 1 : transmission d'agents pathog\u00e8nes<\/strong><\/p>\n<p class=\"article-paragraph\">La forte fragmentation et le mitage des paysages naturels ainsi que l'appauvrissement inqui\u00e9tant de la biodiversit\u00e9 ont pour cons\u00e9quence que les cha\u00eenes alimentaires dans la nature sont tellement perturb\u00e9es qu'en de nombreux endroits, les animaux sauvages se tournent par n\u00e9cessit\u00e9 vers les ressources issues des activit\u00e9s humaines.<\/p>\n<p class=\"article-paragraph\">Mais cela augmente le risque de transmission d'agents pathog\u00e8nes de la faune sauvage \u00e0 l'homme, soit directement, soit par l'interm\u00e9diaire de leurs animaux domestiques ou d'\u00e9levage. Les virus profitent de ces contacts beaucoup plus fr\u00e9quents avec les nouveaux h\u00f4tes potentiels. Ceux qui sautent profitent de l'interconnexion globale de nos activit\u00e9s, comme nous le voyons actuellement avec le virus Sars-Cov-2.<\/p>\n<p><strong>L'extinction massive des esp\u00e8ces se poursuit<\/strong><\/p>\n<p class=\"article-paragraph\">Les pand\u00e9mies ne sont qu'un aspect du changement global. L'extinction massive des esp\u00e8ces, provoqu\u00e9e par la modification de l'environnement naturel, la surexploitation des ressources naturelles, la pollution de l'air, de l'eau et des sols et les perturbations climatiques dues aux \u00e9missions de gaz \u00e0 effet de serre, n'est pas moins inqui\u00e9tante.<\/p>\n<p class=\"article-paragraph\">L'humanit\u00e9 est aujourd'hui confront\u00e9e aux cons\u00e9quences de ses propres activit\u00e9s. Comme le GIEC pour le climat, l'IPBES dispose de connaissances factuelles approfondies sur les d\u00e9fis de la conservation de la biodiversit\u00e9 et des \u00e9cosyst\u00e8mes. Les conclusions qui en r\u00e9sultent doivent \u00eatre assimil\u00e9es par tous les acteurs de la soci\u00e9t\u00e9, et notamment par les \u00e9lus politiques, s'ils veulent initier des politiques nationales et supranationales \u00e0 la hauteur de ces d\u00e9fis.<\/p>\n<p class=\"article-paragraph\"><strong>Un changement de cap politique s'impose\u00a0<\/strong><\/p>\n<p>\"Nous quatre parlons au nom d'un total de 126 scientifiques suisses qui demandent \u00e0 nos politiciens d'agir imm\u00e9diatement sur les facteurs qui sont en fin de compte \u00e0 la base des pand\u00e9mies dramatiques \u00e0 venir. Comme \u00e9tape importante vers le changement de cap n\u00e9cessaire, nous recommandons de prendre des mesures innovantes pour lutter plus r\u00e9solument que jamais contre le changement climatique, de prot\u00e9ger la biodiversit\u00e9, les for\u00eats tropicales et d'autres habitats naturels terrestres et aquatiques, et de promouvoir une utilisation plus respectueuse des terres ainsi qu'une \u00e9conomie qui permette de r\u00e9duire significativement notre empreinte \u00e9cologique\". (source : Der Bund)<\/p>\n<div>\n<div class=\"infoboxheader\" tabindex=\"0\" role=\"button\">\n<p>D<em>es 126 scientifiques \u00e0 l'origine de l'appel se trouvent <a href=\"\/\/www.derbund.ch\/mit-mehr-oekologie-gegen-die-naechste-pandemie-739478012138\">ici<\/a><\/em><\/p>\n<p>&nbsp;<\/p>\n<\/div>\n<\/div>","protected":false},"excerpt":{"rendered":"<p>&nbsp; Keine Pandemie ist wie die andere. 126 Forschende aus der Schweiz sind \u00fcberzeugt: Die Covid-19-Pandemie f\u00e4llt in die Gruppe der Zoonosen. Das sind Infektionskrankheiten, die zwischen Wildtieren, Haustieren und Menschen \u00fcbertragen werden. Die \u00fcberwiegende Mehrheit von Viren sei f\u00fcr Menschen harmlos, aber schon ein kleiner Prozentsatz infekti\u00f6ser Arten reichte aus, um eine ph\u00e4nomenale Reserve [&hellip;]<\/p>\n","protected":false},"author":5,"featured_media":3083,"comment_status":"closed","ping_status":"closed","sticky":false,"template":"","format":"standard","meta":{"_acf_changed":false,"_yoast_wpseo_focuskw":"Pandemie","_yoast_wpseo_metadesc":"","articlekey":"","footnotes":""},"categories":[580],"tags":[731,953,1217,1570,1882,424,2606],"class_list":["post-3082","post","type-post","status-publish","format-standard","has-post-thumbnail","hentry","category-sustainability","tag-artensterben","tag-covid-19","tag-forscher","tag-krise","tag-pandemie","tag-schweiz","tag-zoonosen"],"acf":[],"yoast_head":"<!-- This site is optimized with the Yoast SEO plugin v27.5 - https:\/\/yoast.com\/product\/yoast-seo-wordpress\/ -->\n<title>Schweizer \u00d6kologie-Forscher gegen die n\u00e4chste Pandemie - Organisator<\/title>\n<meta name=\"robots\" content=\"index, follow, max-snippet:-1, max-image-preview:large, max-video-preview:-1\" \/>\n<link rel=\"canonical\" href=\"https:\/\/www.organisator.ch\/fr\/sustainability\/2020-05-26\/schweizer-oekologie-forscher-gegen-die-naechste-pandemie\/\" \/>\n<meta property=\"og:locale\" content=\"fr_FR\" \/>\n<meta property=\"og:type\" content=\"article\" \/>\n<meta property=\"og:title\" content=\"Schweizer \u00d6kologie-Forscher gegen die n\u00e4chste Pandemie - Organisator\" \/>\n<meta property=\"og:description\" content=\"&nbsp; Keine Pandemie ist wie die andere. 126 Forschende aus der Schweiz sind \u00fcberzeugt: Die Covid-19-Pandemie f\u00e4llt in die Gruppe der Zoonosen. Das sind Infektionskrankheiten, die zwischen Wildtieren, Haustieren und Menschen \u00fcbertragen werden. Die \u00fcberwiegende Mehrheit von Viren sei f\u00fcr Menschen harmlos, aber schon ein kleiner Prozentsatz infekti\u00f6ser Arten reichte aus, um eine ph\u00e4nomenale Reserve [&hellip;]\" \/>\n<meta property=\"og:url\" content=\"https:\/\/www.organisator.ch\/fr\/sustainability\/2020-05-26\/schweizer-oekologie-forscher-gegen-die-naechste-pandemie\/\" \/>\n<meta property=\"og:site_name\" content=\"Organisator\" \/>\n<meta property=\"article:publisher\" content=\"https:\/\/www.facebook.com\/OrganisatorFachmagazin\" \/>\n<meta property=\"article:published_time\" content=\"2020-05-26T10:06:56+00:00\" \/>\n<meta property=\"article:modified_time\" content=\"2022-02-09T10:06:49+00:00\" \/>\n<meta property=\"og:image\" content=\"https:\/\/www.organisator.ch\/wp-content\/uploads\/2020\/05\/Pandemie-Oekologie-Forscher-UP-Umwelt-Perspektiven.jpg\" \/>\n\t<meta property=\"og:image:width\" content=\"2531\" \/>\n\t<meta property=\"og:image:height\" content=\"1700\" \/>\n\t<meta property=\"og:image:type\" content=\"image\/jpeg\" \/>\n<meta name=\"author\" content=\"michael.merz\" \/>\n<meta name=\"twitter:card\" content=\"summary_large_image\" \/>\n<script type=\"application\/ld+json\" class=\"yoast-schema-graph\">{\"@context\":\"https:\\\/\\\/schema.org\",\"@graph\":[{\"@type\":\"Article\",\"@id\":\"https:\\\/\\\/www.organisator.ch\\\/sustainability\\\/2020-05-26\\\/schweizer-oekologie-forscher-gegen-die-naechste-pandemie\\\/#article\",\"isPartOf\":{\"@id\":\"https:\\\/\\\/www.organisator.ch\\\/sustainability\\\/2020-05-26\\\/schweizer-oekologie-forscher-gegen-die-naechste-pandemie\\\/\"},\"author\":{\"name\":\"michael.merz\",\"@id\":\"https:\\\/\\\/www.organisator.ch\\\/#\\\/schema\\\/person\\\/134708ca9321c57b0362cceb7948ffbd\"},\"headline\":\"Schweizer \u00d6kologie-Forscher gegen die n\u00e4chste Pandemie\",\"datePublished\":\"2020-05-26T10:06:56+00:00\",\"dateModified\":\"2022-02-09T10:06:49+00:00\",\"mainEntityOfPage\":{\"@id\":\"https:\\\/\\\/www.organisator.ch\\\/sustainability\\\/2020-05-26\\\/schweizer-oekologie-forscher-gegen-die-naechste-pandemie\\\/\"},\"wordCount\":581,\"publisher\":{\"@id\":\"https:\\\/\\\/www.organisator.ch\\\/#organization\"},\"image\":{\"@id\":\"https:\\\/\\\/www.organisator.ch\\\/sustainability\\\/2020-05-26\\\/schweizer-oekologie-forscher-gegen-die-naechste-pandemie\\\/#primaryimage\"},\"thumbnailUrl\":\"https:\\\/\\\/www.organisator.ch\\\/wp-content\\\/uploads\\\/2020\\\/05\\\/Pandemie-Oekologie-Forscher-UP-Umwelt-Perspektiven.jpg\",\"keywords\":[\"Artensterben\",\"Covid-19\",\"Forscher\",\"Krise\",\"Pandemie\",\"Schweiz\",\"Zoonosen\"],\"articleSection\":[\"SUSTAINABILITY\"],\"inLanguage\":\"fr-FR\"},{\"@type\":\"WebPage\",\"@id\":\"https:\\\/\\\/www.organisator.ch\\\/sustainability\\\/2020-05-26\\\/schweizer-oekologie-forscher-gegen-die-naechste-pandemie\\\/\",\"url\":\"https:\\\/\\\/www.organisator.ch\\\/sustainability\\\/2020-05-26\\\/schweizer-oekologie-forscher-gegen-die-naechste-pandemie\\\/\",\"name\":\"Schweizer \u00d6kologie-Forscher gegen die n\u00e4chste Pandemie - Organisator\",\"isPartOf\":{\"@id\":\"https:\\\/\\\/www.organisator.ch\\\/#website\"},\"primaryImageOfPage\":{\"@id\":\"https:\\\/\\\/www.organisator.ch\\\/sustainability\\\/2020-05-26\\\/schweizer-oekologie-forscher-gegen-die-naechste-pandemie\\\/#primaryimage\"},\"image\":{\"@id\":\"https:\\\/\\\/www.organisator.ch\\\/sustainability\\\/2020-05-26\\\/schweizer-oekologie-forscher-gegen-die-naechste-pandemie\\\/#primaryimage\"},\"thumbnailUrl\":\"https:\\\/\\\/www.organisator.ch\\\/wp-content\\\/uploads\\\/2020\\\/05\\\/Pandemie-Oekologie-Forscher-UP-Umwelt-Perspektiven.jpg\",\"datePublished\":\"2020-05-26T10:06:56+00:00\",\"dateModified\":\"2022-02-09T10:06:49+00:00\",\"breadcrumb\":{\"@id\":\"https:\\\/\\\/www.organisator.ch\\\/sustainability\\\/2020-05-26\\\/schweizer-oekologie-forscher-gegen-die-naechste-pandemie\\\/#breadcrumb\"},\"inLanguage\":\"fr-FR\",\"potentialAction\":[{\"@type\":\"ReadAction\",\"target\":[\"https:\\\/\\\/www.organisator.ch\\\/sustainability\\\/2020-05-26\\\/schweizer-oekologie-forscher-gegen-die-naechste-pandemie\\\/\"]}]},{\"@type\":\"ImageObject\",\"inLanguage\":\"fr-FR\",\"@id\":\"https:\\\/\\\/www.organisator.ch\\\/sustainability\\\/2020-05-26\\\/schweizer-oekologie-forscher-gegen-die-naechste-pandemie\\\/#primaryimage\",\"url\":\"https:\\\/\\\/www.organisator.ch\\\/wp-content\\\/uploads\\\/2020\\\/05\\\/Pandemie-Oekologie-Forscher-UP-Umwelt-Perspektiven.jpg\",\"contentUrl\":\"https:\\\/\\\/www.organisator.ch\\\/wp-content\\\/uploads\\\/2020\\\/05\\\/Pandemie-Oekologie-Forscher-UP-Umwelt-Perspektiven.jpg\",\"width\":2531,\"height\":1700,\"caption\":\"Jedes Jahr werden W\u00e4lder und Tierpopulationen um ein Vielfaches zerst\u00f6rt. Dies wirkt sich auch auf die weltweite Gesundheit aus. (Bild: Unsplash_Justus_Menke)\"},{\"@type\":\"BreadcrumbList\",\"@id\":\"https:\\\/\\\/www.organisator.ch\\\/sustainability\\\/2020-05-26\\\/schweizer-oekologie-forscher-gegen-die-naechste-pandemie\\\/#breadcrumb\",\"itemListElement\":[{\"@type\":\"ListItem\",\"position\":1,\"name\":\"Home\",\"item\":\"https:\\\/\\\/www.organisator.ch\\\/\"},{\"@type\":\"ListItem\",\"position\":2,\"name\":\"Schweizer \u00d6kologie-Forscher gegen die n\u00e4chste Pandemie\"}]},{\"@type\":\"WebSite\",\"@id\":\"https:\\\/\\\/www.organisator.ch\\\/#website\",\"url\":\"https:\\\/\\\/www.organisator.ch\\\/\",\"name\":\"Organisator\",\"description\":\"Kompetent. Praxisnah. Der ORGANISATOR bereitet in 10 Ausgaben pro Jahr die wesentlichen Themen f\u00fcr F\u00fchrungskr\u00e4fte von KMU auf.\",\"publisher\":{\"@id\":\"https:\\\/\\\/www.organisator.ch\\\/#organization\"},\"potentialAction\":[{\"@type\":\"SearchAction\",\"target\":{\"@type\":\"EntryPoint\",\"urlTemplate\":\"https:\\\/\\\/www.organisator.ch\\\/?s={search_term_string}\"},\"query-input\":{\"@type\":\"PropertyValueSpecification\",\"valueRequired\":true,\"valueName\":\"search_term_string\"}}],\"inLanguage\":\"fr-FR\"},{\"@type\":\"Organization\",\"@id\":\"https:\\\/\\\/www.organisator.ch\\\/#organization\",\"name\":\"Organisator\",\"url\":\"https:\\\/\\\/www.organisator.ch\\\/\",\"logo\":{\"@type\":\"ImageObject\",\"inLanguage\":\"fr-FR\",\"@id\":\"https:\\\/\\\/www.organisator.ch\\\/#\\\/schema\\\/logo\\\/image\\\/\",\"url\":\"https:\\\/\\\/www.organisator.ch\\\/wp-content\\\/uploads\\\/2022\\\/01\\\/Logo_Organisator_Website.png\",\"contentUrl\":\"https:\\\/\\\/www.organisator.ch\\\/wp-content\\\/uploads\\\/2022\\\/01\\\/Logo_Organisator_Website.png\",\"width\":800,\"height\":77,\"caption\":\"Organisator\"},\"image\":{\"@id\":\"https:\\\/\\\/www.organisator.ch\\\/#\\\/schema\\\/logo\\\/image\\\/\"},\"sameAs\":[\"https:\\\/\\\/www.facebook.com\\\/OrganisatorFachmagazin\",\"https:\\\/\\\/www.linkedin.com\\\/showcase\\\/organisator-das-magazin-fr-kmu\",\"https:\\\/\\\/www.xing.com\\\/news\\\/pages\\\/organisator-ch-695\",\"https:\\\/\\\/www.youtube.com\\\/channel\\\/UCGP2Sq0iWaZwT3BdIAQFYpw\"]},{\"@type\":\"Person\",\"@id\":\"https:\\\/\\\/www.organisator.ch\\\/#\\\/schema\\\/person\\\/134708ca9321c57b0362cceb7948ffbd\",\"name\":\"michael.merz\",\"image\":{\"@type\":\"ImageObject\",\"inLanguage\":\"fr-FR\",\"@id\":\"https:\\\/\\\/secure.gravatar.com\\\/avatar\\\/?s=96&d=mm&r=g\",\"url\":\"https:\\\/\\\/secure.gravatar.com\\\/avatar\\\/?s=96&d=mm&r=g\",\"contentUrl\":\"https:\\\/\\\/secure.gravatar.com\\\/avatar\\\/?s=96&d=mm&r=g\",\"caption\":\"michael.merz\"},\"url\":\"https:\\\/\\\/www.organisator.ch\\\/fr\\\/author\\\/michael-merz\\\/\"}]}<\/script>\n<!-- \/ Yoast SEO plugin. -->","yoast_head_json":{"title":"Des chercheurs suisses en \u00e9cologie contre la prochaine pand\u00e9mie - Organisateur","robots":{"index":"index","follow":"follow","max-snippet":"max-snippet:-1","max-image-preview":"max-image-preview:large","max-video-preview":"max-video-preview:-1"},"canonical":"https:\/\/www.organisator.ch\/fr\/sustainability\/2020-05-26\/schweizer-oekologie-forscher-gegen-die-naechste-pandemie\/","og_locale":"fr_FR","og_type":"article","og_title":"Schweizer \u00d6kologie-Forscher gegen die n\u00e4chste Pandemie - Organisator","og_description":"&nbsp; Keine Pandemie ist wie die andere. 126 Forschende aus der Schweiz sind \u00fcberzeugt: Die Covid-19-Pandemie f\u00e4llt in die Gruppe der Zoonosen. Das sind Infektionskrankheiten, die zwischen Wildtieren, Haustieren und Menschen \u00fcbertragen werden. Die \u00fcberwiegende Mehrheit von Viren sei f\u00fcr Menschen harmlos, aber schon ein kleiner Prozentsatz infekti\u00f6ser Arten reichte aus, um eine ph\u00e4nomenale Reserve [&hellip;]","og_url":"https:\/\/www.organisator.ch\/fr\/sustainability\/2020-05-26\/schweizer-oekologie-forscher-gegen-die-naechste-pandemie\/","og_site_name":"Organisator","article_publisher":"https:\/\/www.facebook.com\/OrganisatorFachmagazin","article_published_time":"2020-05-26T10:06:56+00:00","article_modified_time":"2022-02-09T10:06:49+00:00","og_image":[{"width":2531,"height":1700,"url":"https:\/\/www.organisator.ch\/wp-content\/uploads\/2020\/05\/Pandemie-Oekologie-Forscher-UP-Umwelt-Perspektiven.jpg","type":"image\/jpeg"}],"author":"michael.merz","twitter_card":"summary_large_image","schema":{"@context":"https:\/\/schema.org","@graph":[{"@type":"Article","@id":"https:\/\/www.organisator.ch\/sustainability\/2020-05-26\/schweizer-oekologie-forscher-gegen-die-naechste-pandemie\/#article","isPartOf":{"@id":"https:\/\/www.organisator.ch\/sustainability\/2020-05-26\/schweizer-oekologie-forscher-gegen-die-naechste-pandemie\/"},"author":{"name":"michael.merz","@id":"https:\/\/www.organisator.ch\/#\/schema\/person\/134708ca9321c57b0362cceb7948ffbd"},"headline":"Schweizer \u00d6kologie-Forscher gegen die n\u00e4chste Pandemie","datePublished":"2020-05-26T10:06:56+00:00","dateModified":"2022-02-09T10:06:49+00:00","mainEntityOfPage":{"@id":"https:\/\/www.organisator.ch\/sustainability\/2020-05-26\/schweizer-oekologie-forscher-gegen-die-naechste-pandemie\/"},"wordCount":581,"publisher":{"@id":"https:\/\/www.organisator.ch\/#organization"},"image":{"@id":"https:\/\/www.organisator.ch\/sustainability\/2020-05-26\/schweizer-oekologie-forscher-gegen-die-naechste-pandemie\/#primaryimage"},"thumbnailUrl":"https:\/\/www.organisator.ch\/wp-content\/uploads\/2020\/05\/Pandemie-Oekologie-Forscher-UP-Umwelt-Perspektiven.jpg","keywords":["Artensterben","Covid-19","Forscher","Krise","Pandemie","Schweiz","Zoonosen"],"articleSection":["SUSTAINABILITY"],"inLanguage":"fr-FR"},{"@type":"WebPage","@id":"https:\/\/www.organisator.ch\/sustainability\/2020-05-26\/schweizer-oekologie-forscher-gegen-die-naechste-pandemie\/","url":"https:\/\/www.organisator.ch\/sustainability\/2020-05-26\/schweizer-oekologie-forscher-gegen-die-naechste-pandemie\/","name":"Des chercheurs suisses en \u00e9cologie contre la prochaine pand\u00e9mie - Organisateur","isPartOf":{"@id":"https:\/\/www.organisator.ch\/#website"},"primaryImageOfPage":{"@id":"https:\/\/www.organisator.ch\/sustainability\/2020-05-26\/schweizer-oekologie-forscher-gegen-die-naechste-pandemie\/#primaryimage"},"image":{"@id":"https:\/\/www.organisator.ch\/sustainability\/2020-05-26\/schweizer-oekologie-forscher-gegen-die-naechste-pandemie\/#primaryimage"},"thumbnailUrl":"https:\/\/www.organisator.ch\/wp-content\/uploads\/2020\/05\/Pandemie-Oekologie-Forscher-UP-Umwelt-Perspektiven.jpg","datePublished":"2020-05-26T10:06:56+00:00","dateModified":"2022-02-09T10:06:49+00:00","breadcrumb":{"@id":"https:\/\/www.organisator.ch\/sustainability\/2020-05-26\/schweizer-oekologie-forscher-gegen-die-naechste-pandemie\/#breadcrumb"},"inLanguage":"fr-FR","potentialAction":[{"@type":"ReadAction","target":["https:\/\/www.organisator.ch\/sustainability\/2020-05-26\/schweizer-oekologie-forscher-gegen-die-naechste-pandemie\/"]}]},{"@type":"ImageObject","inLanguage":"fr-FR","@id":"https:\/\/www.organisator.ch\/sustainability\/2020-05-26\/schweizer-oekologie-forscher-gegen-die-naechste-pandemie\/#primaryimage","url":"https:\/\/www.organisator.ch\/wp-content\/uploads\/2020\/05\/Pandemie-Oekologie-Forscher-UP-Umwelt-Perspektiven.jpg","contentUrl":"https:\/\/www.organisator.ch\/wp-content\/uploads\/2020\/05\/Pandemie-Oekologie-Forscher-UP-Umwelt-Perspektiven.jpg","width":2531,"height":1700,"caption":"Jedes Jahr werden W\u00e4lder und Tierpopulationen um ein Vielfaches zerst\u00f6rt. Dies wirkt sich auch auf die weltweite Gesundheit aus. (Bild: Unsplash_Justus_Menke)"},{"@type":"BreadcrumbList","@id":"https:\/\/www.organisator.ch\/sustainability\/2020-05-26\/schweizer-oekologie-forscher-gegen-die-naechste-pandemie\/#breadcrumb","itemListElement":[{"@type":"ListItem","position":1,"name":"Home","item":"https:\/\/www.organisator.ch\/"},{"@type":"ListItem","position":2,"name":"Schweizer \u00d6kologie-Forscher gegen die n\u00e4chste Pandemie"}]},{"@type":"WebSite","@id":"https:\/\/www.organisator.ch\/#website","url":"https:\/\/www.organisator.ch\/","name":"Organisateur","description":"Comp\u00e9tence et comp\u00e9tence. Proches de la pratique. L'ORGANISATEUR pr\u00e9pare 10 num\u00e9ros par an sur les th\u00e8mes essentiels pour les dirigeants de PME.","publisher":{"@id":"https:\/\/www.organisator.ch\/#organization"},"potentialAction":[{"@type":"SearchAction","target":{"@type":"EntryPoint","urlTemplate":"https:\/\/www.organisator.ch\/?s={search_term_string}"},"query-input":{"@type":"PropertyValueSpecification","valueRequired":true,"valueName":"search_term_string"}}],"inLanguage":"fr-FR"},{"@type":"Organization","@id":"https:\/\/www.organisator.ch\/#organization","name":"Organisateur","url":"https:\/\/www.organisator.ch\/","logo":{"@type":"ImageObject","inLanguage":"fr-FR","@id":"https:\/\/www.organisator.ch\/#\/schema\/logo\/image\/","url":"https:\/\/www.organisator.ch\/wp-content\/uploads\/2022\/01\/Logo_Organisator_Website.png","contentUrl":"https:\/\/www.organisator.ch\/wp-content\/uploads\/2022\/01\/Logo_Organisator_Website.png","width":800,"height":77,"caption":"Organisator"},"image":{"@id":"https:\/\/www.organisator.ch\/#\/schema\/logo\/image\/"},"sameAs":["https:\/\/www.facebook.com\/OrganisatorFachmagazin","https:\/\/www.linkedin.com\/showcase\/organisator-das-magazin-fr-kmu","https:\/\/www.xing.com\/news\/pages\/organisator-ch-695","https:\/\/www.youtube.com\/channel\/UCGP2Sq0iWaZwT3BdIAQFYpw"]},{"@type":"Person","@id":"https:\/\/www.organisator.ch\/#\/schema\/person\/134708ca9321c57b0362cceb7948ffbd","name":"michael.merz","image":{"@type":"ImageObject","inLanguage":"fr-FR","@id":"https:\/\/secure.gravatar.com\/avatar\/?s=96&d=mm&r=g","url":"https:\/\/secure.gravatar.com\/avatar\/?s=96&d=mm&r=g","contentUrl":"https:\/\/secure.gravatar.com\/avatar\/?s=96&d=mm&r=g","caption":"michael.merz"},"url":"https:\/\/www.organisator.ch\/fr\/author\/michael-merz\/"}]}},"_links":{"self":[{"href":"https:\/\/www.organisator.ch\/fr\/wp-json\/wp\/v2\/posts\/3082","targetHints":{"allow":["GET"]}}],"collection":[{"href":"https:\/\/www.organisator.ch\/fr\/wp-json\/wp\/v2\/posts"}],"about":[{"href":"https:\/\/www.organisator.ch\/fr\/wp-json\/wp\/v2\/types\/post"}],"author":[{"embeddable":true,"href":"https:\/\/www.organisator.ch\/fr\/wp-json\/wp\/v2\/users\/5"}],"replies":[{"embeddable":true,"href":"https:\/\/www.organisator.ch\/fr\/wp-json\/wp\/v2\/comments?post=3082"}],"version-history":[{"count":1,"href":"https:\/\/www.organisator.ch\/fr\/wp-json\/wp\/v2\/posts\/3082\/revisions"}],"predecessor-version":[{"id":10675,"href":"https:\/\/www.organisator.ch\/fr\/wp-json\/wp\/v2\/posts\/3082\/revisions\/10675"}],"wp:featuredmedia":[{"embeddable":true,"href":"https:\/\/www.organisator.ch\/fr\/wp-json\/wp\/v2\/media\/3083"}],"wp:attachment":[{"href":"https:\/\/www.organisator.ch\/fr\/wp-json\/wp\/v2\/media?parent=3082"}],"wp:term":[{"taxonomy":"category","embeddable":true,"href":"https:\/\/www.organisator.ch\/fr\/wp-json\/wp\/v2\/categories?post=3082"},{"taxonomy":"post_tag","embeddable":true,"href":"https:\/\/www.organisator.ch\/fr\/wp-json\/wp\/v2\/tags?post=3082"}],"curies":[{"name":"wp","href":"https:\/\/api.w.org\/{rel}","templated":true}]}}