{"id":3085,"date":"2018-01-31T16:25:02","date_gmt":"2018-01-31T15:25:02","guid":{"rendered":"https:\/\/www.organisator.ch\/?p=3085"},"modified":"2018-01-31T16:25:02","modified_gmt":"2018-01-31T15:25:02","slug":"beschaffungsrecht-nicht-mehr-allein-der-tiefste-preis-soll-entscheiden","status":"publish","type":"post","link":"https:\/\/www.organisator.ch\/fr\/management\/finanzen_recht\/2018-01-31\/beschaffungsrecht-nicht-mehr-allein-der-tiefste-preis-soll-entscheiden\/","title":{"rendered":"Droit des march\u00e9s publics : le prix le plus bas ne doit plus \u00eatre le seul crit\u00e8re de d\u00e9cision"},"content":{"rendered":"<figure id=\"attachment_3088\" aria-describedby=\"caption-attachment-3088\" style=\"width: 480px\" class=\"wp-caption alignnone\"><img loading=\"lazy\" decoding=\"async\" class=\"size-full wp-image-3088\" src=\"https:\/\/www.organisator.ch\/wp-content\/uploads\/2018\/01\/Beschaffungsrecht-Nicht-mehr-allein-der-tiefste-Preis-soll-entscheiden_Organisator.jpg\" alt=\"\" width=\"480\" height=\"480\" srcset=\"https:\/\/www.organisator.ch\/wp-content\/uploads\/2018\/01\/Beschaffungsrecht-Nicht-mehr-allein-der-tiefste-Preis-soll-entscheiden_Organisator.jpg 480w, https:\/\/www.organisator.ch\/wp-content\/uploads\/2018\/01\/Beschaffungsrecht-Nicht-mehr-allein-der-tiefste-Preis-soll-entscheiden_Organisator-150x150.jpg 150w, https:\/\/www.organisator.ch\/wp-content\/uploads\/2018\/01\/Beschaffungsrecht-Nicht-mehr-allein-der-tiefste-Preis-soll-entscheiden_Organisator-12x12.jpg 12w, https:\/\/www.organisator.ch\/wp-content\/uploads\/2018\/01\/Beschaffungsrecht-Nicht-mehr-allein-der-tiefste-Preis-soll-entscheiden_Organisator-175x175.jpg 175w, https:\/\/www.organisator.ch\/wp-content\/uploads\/2018\/01\/Beschaffungsrecht-Nicht-mehr-allein-der-tiefste-Preis-soll-entscheiden_Organisator-350x350.jpg 350w, https:\/\/www.organisator.ch\/wp-content\/uploads\/2018\/01\/Beschaffungsrecht-Nicht-mehr-allein-der-tiefste-Preis-soll-entscheiden_Organisator-250x250.jpg 250w, https:\/\/www.organisator.ch\/wp-content\/uploads\/2018\/01\/Beschaffungsrecht-Nicht-mehr-allein-der-tiefste-Preis-soll-entscheiden_Organisator-300x300.jpg 300w, https:\/\/www.organisator.ch\/wp-content\/uploads\/2018\/01\/Beschaffungsrecht-Nicht-mehr-allein-der-tiefste-Preis-soll-entscheiden_Organisator-100x100.jpg 100w\" sizes=\"auto, (max-width: 480px) 100vw, 480px\" \/><figcaption id=\"caption-attachment-3088\" class=\"wp-caption-text\">Un changement de paradigme se dessine dans le droit des march\u00e9s publics : ce n'est plus seulement le prix le plus avantageux qui doit d\u00e9cider de l'adjudication, mais aussi la plausibilit\u00e9 d'une offre. (Image : Fotolia)<\/figcaption><\/figure>\n<p>Le 15 f\u00e9vrier 2017, le Conseil f\u00e9d\u00e9ral a adopt\u00e9 le message relatif \u00e0 la r\u00e9vision totale de la loi f\u00e9d\u00e9rale sur les march\u00e9s publics (LMP). L'un des principaux objectifs de cette r\u00e9vision est d'harmoniser les r\u00e9glementations de la Conf\u00e9d\u00e9ration et des cantons en mati\u00e8re de march\u00e9s publics. Parall\u00e8lement, le Conseil f\u00e9d\u00e9ral a \u00e9galement adopt\u00e9 le message relatif \u00e0 la r\u00e9vision de l'accord de l'OMC sur les march\u00e9s publics de 2012 (AMP). Le nouvel accord am\u00e9liore la transparence et l'acc\u00e8s au march\u00e9 et remplace l'accord initial de 1994. Fin janvier 2018, la Commission de l'\u00e9conomie du Conseil national (CER-N) a pris quelques d\u00e9cisions novatrices lors de son examen d\u00e9taill\u00e9, notamment en ce qui concerne l'attribution des march\u00e9s sur la base du prix le plus avantageux.<\/p>\n<h2>Changement de paradigme dans le droit des march\u00e9s publics<\/h2>\n<p>Assiste-t-on donc \u00e0 un changement de paradigme dans le droit des march\u00e9s publics, selon lequel ce n'est plus seulement le prix le plus avantageux qui d\u00e9cide ? La Commission de l'\u00e9conomie du Conseil national veut en effet inscrire une plausibilit\u00e9 des offres de dumping dans la r\u00e9vision de la loi f\u00e9d\u00e9rale sur les march\u00e9s publics. C'est ce qu'elle a d\u00e9cid\u00e9 \u00e0 l'unanimit\u00e9 dans le cadre des discussions d\u00e9taill\u00e9es sur la r\u00e9vision du droit des march\u00e9s publics (LMP). Les offres inhabituellement basses devront \u00e0 l'avenir \u00eatre examin\u00e9es de plus pr\u00e8s. \"C'est un bon jour pour l'achat de prestations intellectuelles\", se r\u00e9jouit Heinz Marti, pr\u00e9sident de l'Union suisse des soci\u00e9t\u00e9s d'ing\u00e9nieurs-conseils (usic) et copr\u00e9sident de l'Alliance pour des march\u00e9s publics progressistes (AMP). \"Il faut maintenant que ce changement de paradigme se concr\u00e9tise dans la pratique\". Selon un communiqu\u00e9 de presse, Stefan Cadosch, pr\u00e9sident de la SIA et copr\u00e9sident de l'Afep, se r\u00e9jouit lui aussi : \"La politique a enfin reconnu que les prestations intellectuelles ne peuvent pas \u00eatre achet\u00e9es comme des marchandises standardis\u00e9es\".<\/p>\n<h2>La v\u00e9rification de l'offre comme crit\u00e8re d'attribution<\/h2>\n<p>Le 31 janvier, la CER-N a fait savoir qu'elle avait l'intention de proposer au Conseil national des mesures efficaces contre les offres de dumping. Par 29 voix contre 0 et 2 abstentions, la commission a d\u00e9cid\u00e9 d'int\u00e9grer dans les crit\u00e8res d'adjudication la demande de l'Afep, une association d'associations et d'organisations dont les membres fournissent des prestations intellectuelles aux pouvoirs adjudicateurs, d'introduire un syst\u00e8me de plausibilit\u00e9 des offres. Il s'agit d'une \u00e9tape importante pour lutter contre les offres de prix absurdes et am\u00e9liorer la qualit\u00e9 des offres. Par 16 voix contre 6 et 2 abstentions, la commission a repris une autre requ\u00eate de l'Afep, selon laquelle les offres anormalement basses doivent \u00eatre examin\u00e9es de mani\u00e8re plus stricte. L'obligation de contr\u00f4le, qui ne s'appliquait jusqu'\u00e0 pr\u00e9sent qu'aux soumissionnaires du secteur public, doit d\u00e9sormais s'appliquer \u00e0 toutes les offres soumises. Les autorit\u00e9s adjudicatrices disposent ainsi d'un instrument efficace leur permettant d'agir contre les offres \u00e0 bas prix.<\/p>\n<h2>Une v\u00e9ritable concurrence en mati\u00e8re de rapport qualit\u00e9-prix se rapproche<\/h2>\n<p>Elle a en outre pr\u00e9cis\u00e9 que l'expression \"offre \u00e9conomiquement la plus avantageuse\" devait d\u00e9signer l'offre pr\u00e9sentant le meilleur rapport qualit\u00e9-prix. L'Afep a certes demand\u00e9 que cette formulation soit remplac\u00e9e par \"l'offre la plus avantageuse\". Toutefois, cette pr\u00e9cision va dans le sens de l'Alliance, qui exige une v\u00e9ritable concurrence entre prix et prestations dans le droit des march\u00e9s publics au lieu d'une simple concurrence entre prix.<\/p>\n<p><em>Plus d'informations et d'arguments : <a href=\"http:\/\/www.afoeb.ch\/argumente\/\">http:\/\/www.afoeb.ch\/argumente\/<\/a><\/em><\/p>\n<p>&nbsp;<\/p>\n<p>&nbsp;<\/p>","protected":false},"excerpt":{"rendered":"<p>Der Bundesrat hat am 15. Februar 2017 die Botschaft zur Totalrevision des Bundesgesetzes \u00fcber das \u00f6ffentliche Beschaffungswesen (B\u00f6B) verabschiedet. Ein Hauptziel der Revision ist die Harmonisierung der Beschaffungsordnungen von Bund und Kantonen. Parallel dazu hat der Bundesrat auch die Botschaft zum revidierten WTO-\u00dcbereinkommen \u00fcber das \u00f6ffentliche Beschaffungswesen von 2012 (GPA) verabschiedet. Das neue Abkommen verbessert [&hellip;]<\/p>\n","protected":false},"author":4,"featured_media":3088,"comment_status":"open","ping_status":"open","sticky":false,"template":"","format":"standard","meta":{"_acf_changed":false,"_yoast_wpseo_focuskw":"Beschaffungsrecht","_yoast_wpseo_metadesc":"Das Bundesgesetz f\u00fcr das \u00f6ffentliche Beschaffungswesen (B\u00f6B) ist derzeit in Revision. Geht es nach dem Willen der nationalr\u00e4tlichen Wirtschaftskommission, sollen besonders g\u00fcnstige Angebote \u00fcberpr\u00fcft werden.","articlekey":"","footnotes":""},"categories":[24],"tags":[169,202,503,531],"class_list":["post-3085","post","type-post","status-publish","format-standard","has-post-thumbnail","hentry","category-finanzen_recht","tag-einkauf","tag-finanzenrecht","tag-verbaende","tag-wirtschaftspolitik"],"acf":[],"yoast_head":"<!-- This site is optimized with the Yoast SEO plugin v27.5 - https:\/\/yoast.com\/product\/yoast-seo-wordpress\/ -->\n<title>Beschaffungsrecht: Nicht mehr allein der tiefste Preis soll entscheiden - Organisator<\/title>\n<meta name=\"description\" content=\"Das Bundesgesetz f\u00fcr das \u00f6ffentliche Beschaffungswesen (B\u00f6B) ist derzeit in Revision. Geht es nach dem Willen der nationalr\u00e4tlichen Wirtschaftskommission, sollen besonders g\u00fcnstige Angebote \u00fcberpr\u00fcft werden.\" \/>\n<meta name=\"robots\" content=\"index, follow, max-snippet:-1, max-image-preview:large, max-video-preview:-1\" \/>\n<link rel=\"canonical\" href=\"https:\/\/www.organisator.ch\/fr\/gestion-2\/finanzen_recht\/2018-01-31\/beschaffungsrecht-nicht-mehr-allein-der-tiefste-preis-soll-entscheiden\/\" \/>\n<meta property=\"og:locale\" content=\"fr_FR\" \/>\n<meta property=\"og:type\" content=\"article\" \/>\n<meta property=\"og:title\" content=\"Beschaffungsrecht: Nicht mehr allein der tiefste Preis soll entscheiden\" \/>\n<meta property=\"og:description\" content=\"Das Bundesgesetz f\u00fcr das \u00f6ffentliche Beschaffungswesen (#B\u00f6B) ist derzeit in Revision. Geht es nach dem Willen der nationalr\u00e4tlichen #Wirtschaftskommission, sollen besonders g\u00fcnstige Angebote \u00fcberpr\u00fcft werden.\" \/>\n<meta property=\"og:url\" content=\"https:\/\/www.organisator.ch\/fr\/gestion-2\/finanzen_recht\/2018-01-31\/beschaffungsrecht-nicht-mehr-allein-der-tiefste-preis-soll-entscheiden\/\" \/>\n<meta property=\"og:site_name\" content=\"Organisator\" \/>\n<meta property=\"article:publisher\" content=\"https:\/\/www.facebook.com\/OrganisatorFachmagazin\" \/>\n<meta property=\"article:published_time\" content=\"2018-01-31T15:25:02+00:00\" \/>\n<meta property=\"og:image\" content=\"https:\/\/www.organisator.ch\/wp-content\/uploads\/2018\/01\/Beschaffungsrecht-Nicht-mehr-allein-der-tiefste-Preis-soll-entscheiden_Organisator.jpg\" \/>\n\t<meta property=\"og:image:width\" content=\"480\" \/>\n\t<meta property=\"og:image:height\" content=\"480\" \/>\n\t<meta property=\"og:image:type\" content=\"image\/jpeg\" \/>\n<meta name=\"author\" content=\"thomas.berner\" \/>\n<meta name=\"twitter:card\" content=\"summary_large_image\" \/>\n<meta name=\"twitter:title\" content=\"#Beschaffungsrecht: Nicht mehr allein der tiefste Preis soll entscheiden\" \/>\n<meta name=\"twitter:description\" content=\"Das Bundesgesetz f\u00fcr das \u00f6ffentliche Beschaffungswesen (#B\u00f6B) ist derzeit in Revision. Geht es nach dem Willen der nationalr\u00e4tlichen #Wirtschaftskommission, sollen besonders g\u00fcnstige Angebote \u00fcberpr\u00fcft werden.\" \/>\n<meta name=\"twitter:image\" content=\"https:\/\/www.organisator.ch\/wp-content\/uploads\/2018\/01\/Beschaffungsrecht-Nicht-mehr-allein-der-tiefste-Preis-soll-entscheiden_Organisator.jpg\" \/>\n<script type=\"application\/ld+json\" class=\"yoast-schema-graph\">{\"@context\":\"https:\\\/\\\/schema.org\",\"@graph\":[{\"@type\":\"Article\",\"@id\":\"https:\\\/\\\/www.organisator.ch\\\/management\\\/finanzen_recht\\\/2018-01-31\\\/beschaffungsrecht-nicht-mehr-allein-der-tiefste-preis-soll-entscheiden\\\/#article\",\"isPartOf\":{\"@id\":\"https:\\\/\\\/www.organisator.ch\\\/management\\\/finanzen_recht\\\/2018-01-31\\\/beschaffungsrecht-nicht-mehr-allein-der-tiefste-preis-soll-entscheiden\\\/\"},\"author\":{\"name\":\"thomas.berner\",\"@id\":\"https:\\\/\\\/www.organisator.ch\\\/#\\\/schema\\\/person\\\/6f650f90b2842cd4c0cc334b4e36f67e\"},\"headline\":\"Beschaffungsrecht: Nicht mehr allein der tiefste Preis soll entscheiden\",\"datePublished\":\"2018-01-31T15:25:02+00:00\",\"mainEntityOfPage\":{\"@id\":\"https:\\\/\\\/www.organisator.ch\\\/management\\\/finanzen_recht\\\/2018-01-31\\\/beschaffungsrecht-nicht-mehr-allein-der-tiefste-preis-soll-entscheiden\\\/\"},\"wordCount\":494,\"commentCount\":0,\"publisher\":{\"@id\":\"https:\\\/\\\/www.organisator.ch\\\/#organization\"},\"image\":{\"@id\":\"https:\\\/\\\/www.organisator.ch\\\/management\\\/finanzen_recht\\\/2018-01-31\\\/beschaffungsrecht-nicht-mehr-allein-der-tiefste-preis-soll-entscheiden\\\/#primaryimage\"},\"thumbnailUrl\":\"https:\\\/\\\/www.organisator.ch\\\/wp-content\\\/uploads\\\/2018\\\/01\\\/Beschaffungsrecht-Nicht-mehr-allein-der-tiefste-Preis-soll-entscheiden_Organisator.jpg\",\"keywords\":[\"Einkauf\",\"Finanzen\\\/Recht\",\"Verb\u00e4nde\",\"Wirtschaftspolitik\"],\"articleSection\":[\"FINANZEN\\\/RECHT\"],\"inLanguage\":\"fr-FR\"},{\"@type\":\"WebPage\",\"@id\":\"https:\\\/\\\/www.organisator.ch\\\/management\\\/finanzen_recht\\\/2018-01-31\\\/beschaffungsrecht-nicht-mehr-allein-der-tiefste-preis-soll-entscheiden\\\/\",\"url\":\"https:\\\/\\\/www.organisator.ch\\\/management\\\/finanzen_recht\\\/2018-01-31\\\/beschaffungsrecht-nicht-mehr-allein-der-tiefste-preis-soll-entscheiden\\\/\",\"name\":\"Beschaffungsrecht: Nicht mehr allein der tiefste Preis soll entscheiden - Organisator\",\"isPartOf\":{\"@id\":\"https:\\\/\\\/www.organisator.ch\\\/#website\"},\"primaryImageOfPage\":{\"@id\":\"https:\\\/\\\/www.organisator.ch\\\/management\\\/finanzen_recht\\\/2018-01-31\\\/beschaffungsrecht-nicht-mehr-allein-der-tiefste-preis-soll-entscheiden\\\/#primaryimage\"},\"image\":{\"@id\":\"https:\\\/\\\/www.organisator.ch\\\/management\\\/finanzen_recht\\\/2018-01-31\\\/beschaffungsrecht-nicht-mehr-allein-der-tiefste-preis-soll-entscheiden\\\/#primaryimage\"},\"thumbnailUrl\":\"https:\\\/\\\/www.organisator.ch\\\/wp-content\\\/uploads\\\/2018\\\/01\\\/Beschaffungsrecht-Nicht-mehr-allein-der-tiefste-Preis-soll-entscheiden_Organisator.jpg\",\"datePublished\":\"2018-01-31T15:25:02+00:00\",\"description\":\"Das Bundesgesetz f\u00fcr das \u00f6ffentliche Beschaffungswesen (B\u00f6B) ist derzeit in Revision. Geht es nach dem Willen der nationalr\u00e4tlichen Wirtschaftskommission, sollen besonders g\u00fcnstige Angebote \u00fcberpr\u00fcft werden.\",\"breadcrumb\":{\"@id\":\"https:\\\/\\\/www.organisator.ch\\\/management\\\/finanzen_recht\\\/2018-01-31\\\/beschaffungsrecht-nicht-mehr-allein-der-tiefste-preis-soll-entscheiden\\\/#breadcrumb\"},\"inLanguage\":\"fr-FR\",\"potentialAction\":[{\"@type\":\"ReadAction\",\"target\":[\"https:\\\/\\\/www.organisator.ch\\\/management\\\/finanzen_recht\\\/2018-01-31\\\/beschaffungsrecht-nicht-mehr-allein-der-tiefste-preis-soll-entscheiden\\\/\"]}]},{\"@type\":\"ImageObject\",\"inLanguage\":\"fr-FR\",\"@id\":\"https:\\\/\\\/www.organisator.ch\\\/management\\\/finanzen_recht\\\/2018-01-31\\\/beschaffungsrecht-nicht-mehr-allein-der-tiefste-preis-soll-entscheiden\\\/#primaryimage\",\"url\":\"https:\\\/\\\/www.organisator.ch\\\/wp-content\\\/uploads\\\/2018\\\/01\\\/Beschaffungsrecht-Nicht-mehr-allein-der-tiefste-Preis-soll-entscheiden_Organisator.jpg\",\"contentUrl\":\"https:\\\/\\\/www.organisator.ch\\\/wp-content\\\/uploads\\\/2018\\\/01\\\/Beschaffungsrecht-Nicht-mehr-allein-der-tiefste-Preis-soll-entscheiden_Organisator.jpg\",\"width\":480,\"height\":480,\"caption\":\"Im Beschaffungsrecht zeichnet sich ein Paradigmenwechsel ab: Nicht mehr allein der g\u00fcnstigste Preis, sondern auch die Plausibilit\u00e4t eines Angebots soll \u00fcber den Zuschlag entscheiden. (Bild: Fotolia)\"},{\"@type\":\"BreadcrumbList\",\"@id\":\"https:\\\/\\\/www.organisator.ch\\\/management\\\/finanzen_recht\\\/2018-01-31\\\/beschaffungsrecht-nicht-mehr-allein-der-tiefste-preis-soll-entscheiden\\\/#breadcrumb\",\"itemListElement\":[{\"@type\":\"ListItem\",\"position\":1,\"name\":\"Home\",\"item\":\"https:\\\/\\\/www.organisator.ch\\\/\"},{\"@type\":\"ListItem\",\"position\":2,\"name\":\"Beschaffungsrecht: Nicht mehr allein der tiefste Preis soll entscheiden\"}]},{\"@type\":\"WebSite\",\"@id\":\"https:\\\/\\\/www.organisator.ch\\\/#website\",\"url\":\"https:\\\/\\\/www.organisator.ch\\\/\",\"name\":\"Organisator\",\"description\":\"Kompetent. Praxisnah. Der ORGANISATOR bereitet in 10 Ausgaben pro Jahr die wesentlichen Themen f\u00fcr F\u00fchrungskr\u00e4fte von KMU auf.\",\"publisher\":{\"@id\":\"https:\\\/\\\/www.organisator.ch\\\/#organization\"},\"potentialAction\":[{\"@type\":\"SearchAction\",\"target\":{\"@type\":\"EntryPoint\",\"urlTemplate\":\"https:\\\/\\\/www.organisator.ch\\\/?s={search_term_string}\"},\"query-input\":{\"@type\":\"PropertyValueSpecification\",\"valueRequired\":true,\"valueName\":\"search_term_string\"}}],\"inLanguage\":\"fr-FR\"},{\"@type\":\"Organization\",\"@id\":\"https:\\\/\\\/www.organisator.ch\\\/#organization\",\"name\":\"Organisator\",\"url\":\"https:\\\/\\\/www.organisator.ch\\\/\",\"logo\":{\"@type\":\"ImageObject\",\"inLanguage\":\"fr-FR\",\"@id\":\"https:\\\/\\\/www.organisator.ch\\\/#\\\/schema\\\/logo\\\/image\\\/\",\"url\":\"https:\\\/\\\/www.organisator.ch\\\/wp-content\\\/uploads\\\/2022\\\/01\\\/Logo_Organisator_Website.png\",\"contentUrl\":\"https:\\\/\\\/www.organisator.ch\\\/wp-content\\\/uploads\\\/2022\\\/01\\\/Logo_Organisator_Website.png\",\"width\":800,\"height\":77,\"caption\":\"Organisator\"},\"image\":{\"@id\":\"https:\\\/\\\/www.organisator.ch\\\/#\\\/schema\\\/logo\\\/image\\\/\"},\"sameAs\":[\"https:\\\/\\\/www.facebook.com\\\/OrganisatorFachmagazin\",\"https:\\\/\\\/www.linkedin.com\\\/showcase\\\/organisator-das-magazin-fr-kmu\",\"https:\\\/\\\/www.xing.com\\\/news\\\/pages\\\/organisator-ch-695\",\"https:\\\/\\\/www.youtube.com\\\/channel\\\/UCGP2Sq0iWaZwT3BdIAQFYpw\"]},{\"@type\":\"Person\",\"@id\":\"https:\\\/\\\/www.organisator.ch\\\/#\\\/schema\\\/person\\\/6f650f90b2842cd4c0cc334b4e36f67e\",\"name\":\"thomas.berner\",\"image\":{\"@type\":\"ImageObject\",\"inLanguage\":\"fr-FR\",\"@id\":\"https:\\\/\\\/secure.gravatar.com\\\/avatar\\\/ac5001d2a36cb6c6cd3e50789007ffca834b477b74a2144564522e944eabff61?s=96&d=mm&r=g\",\"url\":\"https:\\\/\\\/secure.gravatar.com\\\/avatar\\\/ac5001d2a36cb6c6cd3e50789007ffca834b477b74a2144564522e944eabff61?s=96&d=mm&r=g\",\"contentUrl\":\"https:\\\/\\\/secure.gravatar.com\\\/avatar\\\/ac5001d2a36cb6c6cd3e50789007ffca834b477b74a2144564522e944eabff61?s=96&d=mm&r=g\",\"caption\":\"thomas.berner\"},\"url\":\"https:\\\/\\\/www.organisator.ch\\\/fr\\\/author\\\/thomas-berner\\\/\"}]}<\/script>\n<!-- \/ Yoast SEO plugin. -->","yoast_head_json":{"title":"Droit des march\u00e9s publics : le prix le plus bas ne doit plus \u00eatre le seul crit\u00e8re de d\u00e9cision - Organisator","description":"La loi f\u00e9d\u00e9rale sur les march\u00e9s publics (LMP) est actuellement en cours de r\u00e9vision. Si l'on en croit la volont\u00e9 de la Commission de l'\u00e9conomie du Conseil national, les offres particuli\u00e8rement avantageuses doivent \u00eatre examin\u00e9es.","robots":{"index":"index","follow":"follow","max-snippet":"max-snippet:-1","max-image-preview":"max-image-preview:large","max-video-preview":"max-video-preview:-1"},"canonical":"https:\/\/www.organisator.ch\/fr\/gestion-2\/finanzen_recht\/2018-01-31\/beschaffungsrecht-nicht-mehr-allein-der-tiefste-preis-soll-entscheiden\/","og_locale":"fr_FR","og_type":"article","og_title":"Beschaffungsrecht: Nicht mehr allein der tiefste Preis soll entscheiden","og_description":"Das Bundesgesetz f\u00fcr das \u00f6ffentliche Beschaffungswesen (#B\u00f6B) ist derzeit in Revision. Geht es nach dem Willen der nationalr\u00e4tlichen #Wirtschaftskommission, sollen besonders g\u00fcnstige Angebote \u00fcberpr\u00fcft werden.","og_url":"https:\/\/www.organisator.ch\/fr\/gestion-2\/finanzen_recht\/2018-01-31\/beschaffungsrecht-nicht-mehr-allein-der-tiefste-preis-soll-entscheiden\/","og_site_name":"Organisator","article_publisher":"https:\/\/www.facebook.com\/OrganisatorFachmagazin","article_published_time":"2018-01-31T15:25:02+00:00","og_image":[{"width":480,"height":480,"url":"https:\/\/www.organisator.ch\/wp-content\/uploads\/2018\/01\/Beschaffungsrecht-Nicht-mehr-allein-der-tiefste-Preis-soll-entscheiden_Organisator.jpg","type":"image\/jpeg"}],"author":"thomas.berner","twitter_card":"summary_large_image","twitter_title":"#Beschaffungsrecht: Nicht mehr allein der tiefste Preis soll entscheiden","twitter_description":"Das Bundesgesetz f\u00fcr das \u00f6ffentliche Beschaffungswesen (#B\u00f6B) ist derzeit in Revision. Geht es nach dem Willen der nationalr\u00e4tlichen #Wirtschaftskommission, sollen besonders g\u00fcnstige Angebote \u00fcberpr\u00fcft werden.","twitter_image":"https:\/\/www.organisator.ch\/wp-content\/uploads\/2018\/01\/Beschaffungsrecht-Nicht-mehr-allein-der-tiefste-Preis-soll-entscheiden_Organisator.jpg","schema":{"@context":"https:\/\/schema.org","@graph":[{"@type":"Article","@id":"https:\/\/www.organisator.ch\/management\/finanzen_recht\/2018-01-31\/beschaffungsrecht-nicht-mehr-allein-der-tiefste-preis-soll-entscheiden\/#article","isPartOf":{"@id":"https:\/\/www.organisator.ch\/management\/finanzen_recht\/2018-01-31\/beschaffungsrecht-nicht-mehr-allein-der-tiefste-preis-soll-entscheiden\/"},"author":{"name":"thomas.berner","@id":"https:\/\/www.organisator.ch\/#\/schema\/person\/6f650f90b2842cd4c0cc334b4e36f67e"},"headline":"Beschaffungsrecht: Nicht mehr allein der tiefste Preis soll entscheiden","datePublished":"2018-01-31T15:25:02+00:00","mainEntityOfPage":{"@id":"https:\/\/www.organisator.ch\/management\/finanzen_recht\/2018-01-31\/beschaffungsrecht-nicht-mehr-allein-der-tiefste-preis-soll-entscheiden\/"},"wordCount":494,"commentCount":0,"publisher":{"@id":"https:\/\/www.organisator.ch\/#organization"},"image":{"@id":"https:\/\/www.organisator.ch\/management\/finanzen_recht\/2018-01-31\/beschaffungsrecht-nicht-mehr-allein-der-tiefste-preis-soll-entscheiden\/#primaryimage"},"thumbnailUrl":"https:\/\/www.organisator.ch\/wp-content\/uploads\/2018\/01\/Beschaffungsrecht-Nicht-mehr-allein-der-tiefste-Preis-soll-entscheiden_Organisator.jpg","keywords":["Einkauf","Finanzen\/Recht","Verb\u00e4nde","Wirtschaftspolitik"],"articleSection":["FINANZEN\/RECHT"],"inLanguage":"fr-FR"},{"@type":"WebPage","@id":"https:\/\/www.organisator.ch\/management\/finanzen_recht\/2018-01-31\/beschaffungsrecht-nicht-mehr-allein-der-tiefste-preis-soll-entscheiden\/","url":"https:\/\/www.organisator.ch\/management\/finanzen_recht\/2018-01-31\/beschaffungsrecht-nicht-mehr-allein-der-tiefste-preis-soll-entscheiden\/","name":"Droit des march\u00e9s publics : le prix le plus bas ne doit plus \u00eatre le seul crit\u00e8re de d\u00e9cision - Organisator","isPartOf":{"@id":"https:\/\/www.organisator.ch\/#website"},"primaryImageOfPage":{"@id":"https:\/\/www.organisator.ch\/management\/finanzen_recht\/2018-01-31\/beschaffungsrecht-nicht-mehr-allein-der-tiefste-preis-soll-entscheiden\/#primaryimage"},"image":{"@id":"https:\/\/www.organisator.ch\/management\/finanzen_recht\/2018-01-31\/beschaffungsrecht-nicht-mehr-allein-der-tiefste-preis-soll-entscheiden\/#primaryimage"},"thumbnailUrl":"https:\/\/www.organisator.ch\/wp-content\/uploads\/2018\/01\/Beschaffungsrecht-Nicht-mehr-allein-der-tiefste-Preis-soll-entscheiden_Organisator.jpg","datePublished":"2018-01-31T15:25:02+00:00","description":"La loi f\u00e9d\u00e9rale sur les march\u00e9s publics (LMP) est actuellement en cours de r\u00e9vision. Si l'on en croit la volont\u00e9 de la Commission de l'\u00e9conomie du Conseil national, les offres particuli\u00e8rement avantageuses doivent \u00eatre examin\u00e9es.","breadcrumb":{"@id":"https:\/\/www.organisator.ch\/management\/finanzen_recht\/2018-01-31\/beschaffungsrecht-nicht-mehr-allein-der-tiefste-preis-soll-entscheiden\/#breadcrumb"},"inLanguage":"fr-FR","potentialAction":[{"@type":"ReadAction","target":["https:\/\/www.organisator.ch\/management\/finanzen_recht\/2018-01-31\/beschaffungsrecht-nicht-mehr-allein-der-tiefste-preis-soll-entscheiden\/"]}]},{"@type":"ImageObject","inLanguage":"fr-FR","@id":"https:\/\/www.organisator.ch\/management\/finanzen_recht\/2018-01-31\/beschaffungsrecht-nicht-mehr-allein-der-tiefste-preis-soll-entscheiden\/#primaryimage","url":"https:\/\/www.organisator.ch\/wp-content\/uploads\/2018\/01\/Beschaffungsrecht-Nicht-mehr-allein-der-tiefste-Preis-soll-entscheiden_Organisator.jpg","contentUrl":"https:\/\/www.organisator.ch\/wp-content\/uploads\/2018\/01\/Beschaffungsrecht-Nicht-mehr-allein-der-tiefste-Preis-soll-entscheiden_Organisator.jpg","width":480,"height":480,"caption":"Im Beschaffungsrecht zeichnet sich ein Paradigmenwechsel ab: Nicht mehr allein der g\u00fcnstigste Preis, sondern auch die Plausibilit\u00e4t eines Angebots soll \u00fcber den Zuschlag entscheiden. (Bild: Fotolia)"},{"@type":"BreadcrumbList","@id":"https:\/\/www.organisator.ch\/management\/finanzen_recht\/2018-01-31\/beschaffungsrecht-nicht-mehr-allein-der-tiefste-preis-soll-entscheiden\/#breadcrumb","itemListElement":[{"@type":"ListItem","position":1,"name":"Home","item":"https:\/\/www.organisator.ch\/"},{"@type":"ListItem","position":2,"name":"Beschaffungsrecht: Nicht mehr allein der tiefste Preis soll entscheiden"}]},{"@type":"WebSite","@id":"https:\/\/www.organisator.ch\/#website","url":"https:\/\/www.organisator.ch\/","name":"Organisateur","description":"Comp\u00e9tence et comp\u00e9tence. Proches de la pratique. L'ORGANISATEUR pr\u00e9pare 10 num\u00e9ros par an sur les th\u00e8mes essentiels pour les dirigeants de PME.","publisher":{"@id":"https:\/\/www.organisator.ch\/#organization"},"potentialAction":[{"@type":"SearchAction","target":{"@type":"EntryPoint","urlTemplate":"https:\/\/www.organisator.ch\/?s={search_term_string}"},"query-input":{"@type":"PropertyValueSpecification","valueRequired":true,"valueName":"search_term_string"}}],"inLanguage":"fr-FR"},{"@type":"Organization","@id":"https:\/\/www.organisator.ch\/#organization","name":"Organisateur","url":"https:\/\/www.organisator.ch\/","logo":{"@type":"ImageObject","inLanguage":"fr-FR","@id":"https:\/\/www.organisator.ch\/#\/schema\/logo\/image\/","url":"https:\/\/www.organisator.ch\/wp-content\/uploads\/2022\/01\/Logo_Organisator_Website.png","contentUrl":"https:\/\/www.organisator.ch\/wp-content\/uploads\/2022\/01\/Logo_Organisator_Website.png","width":800,"height":77,"caption":"Organisator"},"image":{"@id":"https:\/\/www.organisator.ch\/#\/schema\/logo\/image\/"},"sameAs":["https:\/\/www.facebook.com\/OrganisatorFachmagazin","https:\/\/www.linkedin.com\/showcase\/organisator-das-magazin-fr-kmu","https:\/\/www.xing.com\/news\/pages\/organisator-ch-695","https:\/\/www.youtube.com\/channel\/UCGP2Sq0iWaZwT3BdIAQFYpw"]},{"@type":"Person","@id":"https:\/\/www.organisator.ch\/#\/schema\/person\/6f650f90b2842cd4c0cc334b4e36f67e","name":"thomas.berner","image":{"@type":"ImageObject","inLanguage":"fr-FR","@id":"https:\/\/secure.gravatar.com\/avatar\/ac5001d2a36cb6c6cd3e50789007ffca834b477b74a2144564522e944eabff61?s=96&d=mm&r=g","url":"https:\/\/secure.gravatar.com\/avatar\/ac5001d2a36cb6c6cd3e50789007ffca834b477b74a2144564522e944eabff61?s=96&d=mm&r=g","contentUrl":"https:\/\/secure.gravatar.com\/avatar\/ac5001d2a36cb6c6cd3e50789007ffca834b477b74a2144564522e944eabff61?s=96&d=mm&r=g","caption":"thomas.berner"},"url":"https:\/\/www.organisator.ch\/fr\/author\/thomas-berner\/"}]}},"_links":{"self":[{"href":"https:\/\/www.organisator.ch\/fr\/wp-json\/wp\/v2\/posts\/3085","targetHints":{"allow":["GET"]}}],"collection":[{"href":"https:\/\/www.organisator.ch\/fr\/wp-json\/wp\/v2\/posts"}],"about":[{"href":"https:\/\/www.organisator.ch\/fr\/wp-json\/wp\/v2\/types\/post"}],"author":[{"embeddable":true,"href":"https:\/\/www.organisator.ch\/fr\/wp-json\/wp\/v2\/users\/4"}],"replies":[{"embeddable":true,"href":"https:\/\/www.organisator.ch\/fr\/wp-json\/wp\/v2\/comments?post=3085"}],"version-history":[{"count":0,"href":"https:\/\/www.organisator.ch\/fr\/wp-json\/wp\/v2\/posts\/3085\/revisions"}],"wp:featuredmedia":[{"embeddable":true,"href":"https:\/\/www.organisator.ch\/fr\/wp-json\/wp\/v2\/media\/3088"}],"wp:attachment":[{"href":"https:\/\/www.organisator.ch\/fr\/wp-json\/wp\/v2\/media?parent=3085"}],"wp:term":[{"taxonomy":"category","embeddable":true,"href":"https:\/\/www.organisator.ch\/fr\/wp-json\/wp\/v2\/categories?post=3085"},{"taxonomy":"post_tag","embeddable":true,"href":"https:\/\/www.organisator.ch\/fr\/wp-json\/wp\/v2\/tags?post=3085"}],"curies":[{"name":"wp","href":"https:\/\/api.w.org\/{rel}","templated":true}]}}