{"id":30853,"date":"2024-10-21T21:44:20","date_gmt":"2024-10-21T19:44:20","guid":{"rendered":"https:\/\/www.organisator.ch\/de\/?p=30853"},"modified":"2024-10-17T10:14:36","modified_gmt":"2024-10-17T08:14:36","slug":"bimodale-organisation-tagesgeschaeft-mit-erneuerung-verbinden","status":"publish","type":"post","link":"https:\/\/www.organisator.ch\/fr\/management\/2024-10-21\/bimodale-organisation-tagesgeschaeft-mit-erneuerung-verbinden\/","title":{"rendered":"Organisation bimodale : combiner les activit\u00e9s quotidiennes avec le renouvellement"},"content":{"rendered":"<div class=\"swpm-post-not-logged-in-msg\">Vous devez \u00eatre connect\u00e9 pour voir ce contenu. Veuillez <a class=\"swpm-login-link\" href=\"https:\/\/www.organisator.ch\/login\/\">Se connecter<\/a>. Pas un membre ? <a href=\"https:\/\/www.organisator.ch\/shop\/\">Nous Rejoindre<\/a><\/div>","protected":false},"excerpt":{"rendered":"<p>Les r\u00e9seaux doivent aider les entreprises \u00e0 innover davantage en compl\u00e9tant les structures traditionnelles. L'exemple de la Suva montre comment une telle \"organisation bimodale\" peut \u00eatre utilis\u00e9e pour la mise en \u0153uvre de projets strat\u00e9giques.<\/p>","protected":false},"author":1,"featured_media":30889,"comment_status":"closed","ping_status":"closed","sticky":false,"template":"","format":"standard","meta":{"_acf_changed":false,"_yoast_wpseo_focuskw":"Bimodale Organisation","_yoast_wpseo_metadesc":"Das Beispiel Suva zeigt, wie sich eine bimodale Organisation f\u00fcr die Umsetzung von Strategieprojekten nutzen l\u00e4sst.","articlekey":"121307","footnotes":""},"categories":[578,28],"tags":[334,335,4141,463],"class_list":["post-30853","post","type-post","status-publish","format-standard","has-post-thumbnail","hentry","category-abo","category-management","tag-management","tag-management-und-unternehmensfuehrung","tag-organisation","tag-suva"],"acf":[],"yoast_head":"<!-- This site is optimized with the Yoast SEO plugin v27.5 - https:\/\/yoast.com\/product\/yoast-seo-wordpress\/ -->\n<title>Bimodale Organisation: Tagesgesch\u00e4ft mit Erneuerung verbinden - Organisator<\/title>\n<meta name=\"description\" content=\"Das Beispiel Suva zeigt, wie sich eine bimodale Organisation f\u00fcr die Umsetzung von Strategieprojekten nutzen l\u00e4sst.\" \/>\n<meta name=\"robots\" content=\"index, follow, max-snippet:-1, max-image-preview:large, max-video-preview:-1\" \/>\n<link rel=\"canonical\" href=\"https:\/\/www.organisator.ch\/fr\/gestion-2\/2024-10-21\/bimodale-organisation-tagesgeschaeft-mit-erneuerung-verbinden\/\" \/>\n<meta property=\"og:locale\" content=\"fr_FR\" \/>\n<meta property=\"og:type\" content=\"article\" \/>\n<meta property=\"og:title\" content=\"Bimodale Organisation: Tagesgesch\u00e4ft mit Erneuerung verbinden - Organisator\" \/>\n<meta property=\"og:description\" content=\"Das Beispiel Suva zeigt, wie sich eine bimodale Organisation f\u00fcr die Umsetzung von Strategieprojekten nutzen l\u00e4sst.\" \/>\n<meta property=\"og:url\" content=\"https:\/\/www.organisator.ch\/fr\/gestion-2\/2024-10-21\/bimodale-organisation-tagesgeschaeft-mit-erneuerung-verbinden\/\" \/>\n<meta property=\"og:site_name\" content=\"Organisator\" \/>\n<meta property=\"article:publisher\" content=\"https:\/\/www.facebook.com\/OrganisatorFachmagazin\" \/>\n<meta property=\"article:published_time\" content=\"2024-10-21T19:44:20+00:00\" \/>\n<meta property=\"og:image\" content=\"https:\/\/www.organisator.ch\/wp-content\/uploads\/2024\/10\/Bimodale-Organisation_02.jpg\" \/>\n\t<meta property=\"og:image:width\" content=\"680\" \/>\n\t<meta property=\"og:image:height\" content=\"445\" \/>\n\t<meta property=\"og:image:type\" content=\"image\/jpeg\" \/>\n<meta name=\"author\" content=\"admin\" \/>\n<meta name=\"twitter:card\" content=\"summary_large_image\" \/>\n<script type=\"application\/ld+json\" class=\"yoast-schema-graph\">{\"@context\":\"https:\\\/\\\/schema.org\",\"@graph\":[{\"@type\":\"Article\",\"@id\":\"https:\\\/\\\/www.organisator.ch\\\/management\\\/2024-10-21\\\/bimodale-organisation-tagesgeschaeft-mit-erneuerung-verbinden\\\/#article\",\"isPartOf\":{\"@id\":\"https:\\\/\\\/www.organisator.ch\\\/management\\\/2024-10-21\\\/bimodale-organisation-tagesgeschaeft-mit-erneuerung-verbinden\\\/\"},\"author\":{\"name\":\"admin\",\"@id\":\"https:\\\/\\\/www.organisator.ch\\\/#\\\/schema\\\/person\\\/aa2bace6c5c5aad60102004a50c4eb1c\"},\"headline\":\"Bimodale Organisation: Tagesgesch\u00e4ft mit Erneuerung verbinden\",\"datePublished\":\"2024-10-21T19:44:20+00:00\",\"mainEntityOfPage\":{\"@id\":\"https:\\\/\\\/www.organisator.ch\\\/management\\\/2024-10-21\\\/bimodale-organisation-tagesgeschaeft-mit-erneuerung-verbinden\\\/\"},\"wordCount\":1196,\"publisher\":{\"@id\":\"https:\\\/\\\/www.organisator.ch\\\/#organization\"},\"image\":{\"@id\":\"https:\\\/\\\/www.organisator.ch\\\/management\\\/2024-10-21\\\/bimodale-organisation-tagesgeschaeft-mit-erneuerung-verbinden\\\/#primaryimage\"},\"thumbnailUrl\":\"https:\\\/\\\/www.organisator.ch\\\/wp-content\\\/uploads\\\/2024\\\/10\\\/Bimodale-Organisation_02.jpg\",\"keywords\":[\"Management\",\"Management und Unternehmensf\u00fchrung\",\"Organisation\",\"SUVA\"],\"articleSection\":[\"ABO+\",\"MANAGEMENT\"],\"inLanguage\":\"fr-FR\"},{\"@type\":\"WebPage\",\"@id\":\"https:\\\/\\\/www.organisator.ch\\\/management\\\/2024-10-21\\\/bimodale-organisation-tagesgeschaeft-mit-erneuerung-verbinden\\\/\",\"url\":\"https:\\\/\\\/www.organisator.ch\\\/management\\\/2024-10-21\\\/bimodale-organisation-tagesgeschaeft-mit-erneuerung-verbinden\\\/\",\"name\":\"Bimodale Organisation: Tagesgesch\u00e4ft mit Erneuerung verbinden - Organisator\",\"isPartOf\":{\"@id\":\"https:\\\/\\\/www.organisator.ch\\\/#website\"},\"primaryImageOfPage\":{\"@id\":\"https:\\\/\\\/www.organisator.ch\\\/management\\\/2024-10-21\\\/bimodale-organisation-tagesgeschaeft-mit-erneuerung-verbinden\\\/#primaryimage\"},\"image\":{\"@id\":\"https:\\\/\\\/www.organisator.ch\\\/management\\\/2024-10-21\\\/bimodale-organisation-tagesgeschaeft-mit-erneuerung-verbinden\\\/#primaryimage\"},\"thumbnailUrl\":\"https:\\\/\\\/www.organisator.ch\\\/wp-content\\\/uploads\\\/2024\\\/10\\\/Bimodale-Organisation_02.jpg\",\"datePublished\":\"2024-10-21T19:44:20+00:00\",\"description\":\"Das Beispiel Suva zeigt, wie sich eine bimodale Organisation f\u00fcr die Umsetzung von Strategieprojekten nutzen l\u00e4sst.\",\"breadcrumb\":{\"@id\":\"https:\\\/\\\/www.organisator.ch\\\/management\\\/2024-10-21\\\/bimodale-organisation-tagesgeschaeft-mit-erneuerung-verbinden\\\/#breadcrumb\"},\"inLanguage\":\"fr-FR\",\"potentialAction\":[{\"@type\":\"ReadAction\",\"target\":[\"https:\\\/\\\/www.organisator.ch\\\/management\\\/2024-10-21\\\/bimodale-organisation-tagesgeschaeft-mit-erneuerung-verbinden\\\/\"]}]},{\"@type\":\"ImageObject\",\"inLanguage\":\"fr-FR\",\"@id\":\"https:\\\/\\\/www.organisator.ch\\\/management\\\/2024-10-21\\\/bimodale-organisation-tagesgeschaeft-mit-erneuerung-verbinden\\\/#primaryimage\",\"url\":\"https:\\\/\\\/www.organisator.ch\\\/wp-content\\\/uploads\\\/2024\\\/10\\\/Bimodale-Organisation_02.jpg\",\"contentUrl\":\"https:\\\/\\\/www.organisator.ch\\\/wp-content\\\/uploads\\\/2024\\\/10\\\/Bimodale-Organisation_02.jpg\",\"width\":680,\"height\":445,\"caption\":\"Bimodale Organisation in der Personalabteilung der Suva. (Eigene Darstellung)\"},{\"@type\":\"BreadcrumbList\",\"@id\":\"https:\\\/\\\/www.organisator.ch\\\/management\\\/2024-10-21\\\/bimodale-organisation-tagesgeschaeft-mit-erneuerung-verbinden\\\/#breadcrumb\",\"itemListElement\":[{\"@type\":\"ListItem\",\"position\":1,\"name\":\"Home\",\"item\":\"https:\\\/\\\/www.organisator.ch\\\/\"},{\"@type\":\"ListItem\",\"position\":2,\"name\":\"Bimodale Organisation: Tagesgesch\u00e4ft mit Erneuerung verbinden\"}]},{\"@type\":\"WebSite\",\"@id\":\"https:\\\/\\\/www.organisator.ch\\\/#website\",\"url\":\"https:\\\/\\\/www.organisator.ch\\\/\",\"name\":\"Organisator\",\"description\":\"Kompetent. Praxisnah. Der ORGANISATOR bereitet in 10 Ausgaben pro Jahr die wesentlichen Themen f\u00fcr F\u00fchrungskr\u00e4fte von KMU auf.\",\"publisher\":{\"@id\":\"https:\\\/\\\/www.organisator.ch\\\/#organization\"},\"potentialAction\":[{\"@type\":\"SearchAction\",\"target\":{\"@type\":\"EntryPoint\",\"urlTemplate\":\"https:\\\/\\\/www.organisator.ch\\\/?s={search_term_string}\"},\"query-input\":{\"@type\":\"PropertyValueSpecification\",\"valueRequired\":true,\"valueName\":\"search_term_string\"}}],\"inLanguage\":\"fr-FR\"},{\"@type\":\"Organization\",\"@id\":\"https:\\\/\\\/www.organisator.ch\\\/#organization\",\"name\":\"Organisator\",\"url\":\"https:\\\/\\\/www.organisator.ch\\\/\",\"logo\":{\"@type\":\"ImageObject\",\"inLanguage\":\"fr-FR\",\"@id\":\"https:\\\/\\\/www.organisator.ch\\\/#\\\/schema\\\/logo\\\/image\\\/\",\"url\":\"https:\\\/\\\/www.organisator.ch\\\/wp-content\\\/uploads\\\/2022\\\/01\\\/Logo_Organisator_Website.png\",\"contentUrl\":\"https:\\\/\\\/www.organisator.ch\\\/wp-content\\\/uploads\\\/2022\\\/01\\\/Logo_Organisator_Website.png\",\"width\":800,\"height\":77,\"caption\":\"Organisator\"},\"image\":{\"@id\":\"https:\\\/\\\/www.organisator.ch\\\/#\\\/schema\\\/logo\\\/image\\\/\"},\"sameAs\":[\"https:\\\/\\\/www.facebook.com\\\/OrganisatorFachmagazin\",\"https:\\\/\\\/www.linkedin.com\\\/showcase\\\/organisator-das-magazin-fr-kmu\",\"https:\\\/\\\/www.xing.com\\\/news\\\/pages\\\/organisator-ch-695\",\"https:\\\/\\\/www.youtube.com\\\/channel\\\/UCGP2Sq0iWaZwT3BdIAQFYpw\"]},{\"@type\":\"Person\",\"@id\":\"https:\\\/\\\/www.organisator.ch\\\/#\\\/schema\\\/person\\\/aa2bace6c5c5aad60102004a50c4eb1c\",\"name\":\"admin\",\"image\":{\"@type\":\"ImageObject\",\"inLanguage\":\"fr-FR\",\"@id\":\"https:\\\/\\\/secure.gravatar.com\\\/avatar\\\/ae2f4d718e6c49043e314ce431e7e645d646302a24a5ef5a8bc8e3f5a032e319?s=96&d=mm&r=g\",\"url\":\"https:\\\/\\\/secure.gravatar.com\\\/avatar\\\/ae2f4d718e6c49043e314ce431e7e645d646302a24a5ef5a8bc8e3f5a032e319?s=96&d=mm&r=g\",\"contentUrl\":\"https:\\\/\\\/secure.gravatar.com\\\/avatar\\\/ae2f4d718e6c49043e314ce431e7e645d646302a24a5ef5a8bc8e3f5a032e319?s=96&d=mm&r=g\",\"caption\":\"admin\"},\"sameAs\":[\"https:\\\/\\\/www.organisator.ch\"],\"url\":\"https:\\\/\\\/www.organisator.ch\\\/fr\\\/author\\\/admin\\\/\"}]}<\/script>\n<!-- \/ Yoast SEO plugin. -->","yoast_head_json":{"title":"Organisation bimodale : combiner les activit\u00e9s quotidiennes avec le renouvellement - Organisateur","description":"L'exemple de la Suva montre comment une organisation bimodale peut \u00eatre utilis\u00e9e pour la mise en \u0153uvre de projets strat\u00e9giques.","robots":{"index":"index","follow":"follow","max-snippet":"max-snippet:-1","max-image-preview":"max-image-preview:large","max-video-preview":"max-video-preview:-1"},"canonical":"https:\/\/www.organisator.ch\/fr\/gestion-2\/2024-10-21\/bimodale-organisation-tagesgeschaeft-mit-erneuerung-verbinden\/","og_locale":"fr_FR","og_type":"article","og_title":"Bimodale Organisation: Tagesgesch\u00e4ft mit Erneuerung verbinden - Organisator","og_description":"Das Beispiel Suva zeigt, wie sich eine bimodale Organisation f\u00fcr die Umsetzung von Strategieprojekten nutzen l\u00e4sst.","og_url":"https:\/\/www.organisator.ch\/fr\/gestion-2\/2024-10-21\/bimodale-organisation-tagesgeschaeft-mit-erneuerung-verbinden\/","og_site_name":"Organisator","article_publisher":"https:\/\/www.facebook.com\/OrganisatorFachmagazin","article_published_time":"2024-10-21T19:44:20+00:00","og_image":[{"width":680,"height":445,"url":"https:\/\/www.organisator.ch\/wp-content\/uploads\/2024\/10\/Bimodale-Organisation_02.jpg","type":"image\/jpeg"}],"author":"admin","twitter_card":"summary_large_image","schema":{"@context":"https:\/\/schema.org","@graph":[{"@type":"Article","@id":"https:\/\/www.organisator.ch\/management\/2024-10-21\/bimodale-organisation-tagesgeschaeft-mit-erneuerung-verbinden\/#article","isPartOf":{"@id":"https:\/\/www.organisator.ch\/management\/2024-10-21\/bimodale-organisation-tagesgeschaeft-mit-erneuerung-verbinden\/"},"author":{"name":"admin","@id":"https:\/\/www.organisator.ch\/#\/schema\/person\/aa2bace6c5c5aad60102004a50c4eb1c"},"headline":"Bimodale Organisation: Tagesgesch\u00e4ft mit Erneuerung verbinden","datePublished":"2024-10-21T19:44:20+00:00","mainEntityOfPage":{"@id":"https:\/\/www.organisator.ch\/management\/2024-10-21\/bimodale-organisation-tagesgeschaeft-mit-erneuerung-verbinden\/"},"wordCount":1196,"publisher":{"@id":"https:\/\/www.organisator.ch\/#organization"},"image":{"@id":"https:\/\/www.organisator.ch\/management\/2024-10-21\/bimodale-organisation-tagesgeschaeft-mit-erneuerung-verbinden\/#primaryimage"},"thumbnailUrl":"https:\/\/www.organisator.ch\/wp-content\/uploads\/2024\/10\/Bimodale-Organisation_02.jpg","keywords":["Management","Management und Unternehmensf\u00fchrung","Organisation","SUVA"],"articleSection":["ABO+","MANAGEMENT"],"inLanguage":"fr-FR"},{"@type":"WebPage","@id":"https:\/\/www.organisator.ch\/management\/2024-10-21\/bimodale-organisation-tagesgeschaeft-mit-erneuerung-verbinden\/","url":"https:\/\/www.organisator.ch\/management\/2024-10-21\/bimodale-organisation-tagesgeschaeft-mit-erneuerung-verbinden\/","name":"Organisation bimodale : combiner les activit\u00e9s quotidiennes avec le renouvellement - Organisateur","isPartOf":{"@id":"https:\/\/www.organisator.ch\/#website"},"primaryImageOfPage":{"@id":"https:\/\/www.organisator.ch\/management\/2024-10-21\/bimodale-organisation-tagesgeschaeft-mit-erneuerung-verbinden\/#primaryimage"},"image":{"@id":"https:\/\/www.organisator.ch\/management\/2024-10-21\/bimodale-organisation-tagesgeschaeft-mit-erneuerung-verbinden\/#primaryimage"},"thumbnailUrl":"https:\/\/www.organisator.ch\/wp-content\/uploads\/2024\/10\/Bimodale-Organisation_02.jpg","datePublished":"2024-10-21T19:44:20+00:00","description":"L'exemple de la Suva montre comment une organisation bimodale peut \u00eatre utilis\u00e9e pour la mise en \u0153uvre de projets strat\u00e9giques.","breadcrumb":{"@id":"https:\/\/www.organisator.ch\/management\/2024-10-21\/bimodale-organisation-tagesgeschaeft-mit-erneuerung-verbinden\/#breadcrumb"},"inLanguage":"fr-FR","potentialAction":[{"@type":"ReadAction","target":["https:\/\/www.organisator.ch\/management\/2024-10-21\/bimodale-organisation-tagesgeschaeft-mit-erneuerung-verbinden\/"]}]},{"@type":"ImageObject","inLanguage":"fr-FR","@id":"https:\/\/www.organisator.ch\/management\/2024-10-21\/bimodale-organisation-tagesgeschaeft-mit-erneuerung-verbinden\/#primaryimage","url":"https:\/\/www.organisator.ch\/wp-content\/uploads\/2024\/10\/Bimodale-Organisation_02.jpg","contentUrl":"https:\/\/www.organisator.ch\/wp-content\/uploads\/2024\/10\/Bimodale-Organisation_02.jpg","width":680,"height":445,"caption":"Bimodale Organisation in der Personalabteilung der Suva. (Eigene Darstellung)"},{"@type":"BreadcrumbList","@id":"https:\/\/www.organisator.ch\/management\/2024-10-21\/bimodale-organisation-tagesgeschaeft-mit-erneuerung-verbinden\/#breadcrumb","itemListElement":[{"@type":"ListItem","position":1,"name":"Home","item":"https:\/\/www.organisator.ch\/"},{"@type":"ListItem","position":2,"name":"Bimodale Organisation: Tagesgesch\u00e4ft mit Erneuerung verbinden"}]},{"@type":"WebSite","@id":"https:\/\/www.organisator.ch\/#website","url":"https:\/\/www.organisator.ch\/","name":"Organisateur","description":"Comp\u00e9tence et comp\u00e9tence. Proches de la pratique. L'ORGANISATEUR pr\u00e9pare 10 num\u00e9ros par an sur les th\u00e8mes essentiels pour les dirigeants de PME.","publisher":{"@id":"https:\/\/www.organisator.ch\/#organization"},"potentialAction":[{"@type":"SearchAction","target":{"@type":"EntryPoint","urlTemplate":"https:\/\/www.organisator.ch\/?s={search_term_string}"},"query-input":{"@type":"PropertyValueSpecification","valueRequired":true,"valueName":"search_term_string"}}],"inLanguage":"fr-FR"},{"@type":"Organization","@id":"https:\/\/www.organisator.ch\/#organization","name":"Organisateur","url":"https:\/\/www.organisator.ch\/","logo":{"@type":"ImageObject","inLanguage":"fr-FR","@id":"https:\/\/www.organisator.ch\/#\/schema\/logo\/image\/","url":"https:\/\/www.organisator.ch\/wp-content\/uploads\/2022\/01\/Logo_Organisator_Website.png","contentUrl":"https:\/\/www.organisator.ch\/wp-content\/uploads\/2022\/01\/Logo_Organisator_Website.png","width":800,"height":77,"caption":"Organisator"},"image":{"@id":"https:\/\/www.organisator.ch\/#\/schema\/logo\/image\/"},"sameAs":["https:\/\/www.facebook.com\/OrganisatorFachmagazin","https:\/\/www.linkedin.com\/showcase\/organisator-das-magazin-fr-kmu","https:\/\/www.xing.com\/news\/pages\/organisator-ch-695","https:\/\/www.youtube.com\/channel\/UCGP2Sq0iWaZwT3BdIAQFYpw"]},{"@type":"Person","@id":"https:\/\/www.organisator.ch\/#\/schema\/person\/aa2bace6c5c5aad60102004a50c4eb1c","name":"admin","image":{"@type":"ImageObject","inLanguage":"fr-FR","@id":"https:\/\/secure.gravatar.com\/avatar\/ae2f4d718e6c49043e314ce431e7e645d646302a24a5ef5a8bc8e3f5a032e319?s=96&d=mm&r=g","url":"https:\/\/secure.gravatar.com\/avatar\/ae2f4d718e6c49043e314ce431e7e645d646302a24a5ef5a8bc8e3f5a032e319?s=96&d=mm&r=g","contentUrl":"https:\/\/secure.gravatar.com\/avatar\/ae2f4d718e6c49043e314ce431e7e645d646302a24a5ef5a8bc8e3f5a032e319?s=96&d=mm&r=g","caption":"admin"},"sameAs":["https:\/\/www.organisator.ch"],"url":"https:\/\/www.organisator.ch\/fr\/author\/admin\/"}]}},"_links":{"self":[{"href":"https:\/\/www.organisator.ch\/fr\/wp-json\/wp\/v2\/posts\/30853","targetHints":{"allow":["GET"]}}],"collection":[{"href":"https:\/\/www.organisator.ch\/fr\/wp-json\/wp\/v2\/posts"}],"about":[{"href":"https:\/\/www.organisator.ch\/fr\/wp-json\/wp\/v2\/types\/post"}],"author":[{"embeddable":true,"href":"https:\/\/www.organisator.ch\/fr\/wp-json\/wp\/v2\/users\/1"}],"replies":[{"embeddable":true,"href":"https:\/\/www.organisator.ch\/fr\/wp-json\/wp\/v2\/comments?post=30853"}],"version-history":[{"count":2,"href":"https:\/\/www.organisator.ch\/fr\/wp-json\/wp\/v2\/posts\/30853\/revisions"}],"predecessor-version":[{"id":30899,"href":"https:\/\/www.organisator.ch\/fr\/wp-json\/wp\/v2\/posts\/30853\/revisions\/30899"}],"wp:featuredmedia":[{"embeddable":true,"href":"https:\/\/www.organisator.ch\/fr\/wp-json\/wp\/v2\/media\/30889"}],"wp:attachment":[{"href":"https:\/\/www.organisator.ch\/fr\/wp-json\/wp\/v2\/media?parent=30853"}],"wp:term":[{"taxonomy":"category","embeddable":true,"href":"https:\/\/www.organisator.ch\/fr\/wp-json\/wp\/v2\/categories?post=30853"},{"taxonomy":"post_tag","embeddable":true,"href":"https:\/\/www.organisator.ch\/fr\/wp-json\/wp\/v2\/tags?post=30853"}],"curies":[{"name":"wp","href":"https:\/\/api.w.org\/{rel}","templated":true}]}}