{"id":3102,"date":"2020-06-08T15:03:23","date_gmt":"2020-06-08T13:03:23","guid":{"rendered":"https:\/\/www.umweltperspektiven.ch\/?p=3102"},"modified":"2022-02-09T11:06:49","modified_gmt":"2022-02-09T10:06:49","slug":"zhaw-forschende-berechnen-zecken-risikopotenzial","status":"publish","type":"post","link":"https:\/\/www.organisator.ch\/fr\/sustainability\/2020-06-08\/zhaw-forschende-berechnen-zecken-risikopotenzial\/","title":{"rendered":"Des chercheurs de la ZHAW calculent le potentiel de risque des tiques"},"content":{"rendered":"<figure id=\"attachment_3103\" aria-describedby=\"caption-attachment-3103\" style=\"width: 680px\" class=\"wp-caption alignnone\"><img loading=\"lazy\" decoding=\"async\" class=\"size-medium wp-image-3103\" src=\"\/\/www.umweltperspektiven.ch\/wp-content\/uploads\/2020\/06\/Zecken-App_ZHAW-UP_Umwelt-Perspektiven.jpg\" alt=\"\" width=\"680\" height=\"444\" srcset=\"https:\/\/www.organisator.ch\/wp-content\/uploads\/2020\/06\/Zecken-App_ZHAW-UP_Umwelt-Perspektiven.jpg 820w, https:\/\/www.organisator.ch\/wp-content\/uploads\/2020\/06\/Zecken-App_ZHAW-UP_Umwelt-Perspektiven-680x444.jpg 680w, https:\/\/www.organisator.ch\/wp-content\/uploads\/2020\/06\/Zecken-App_ZHAW-UP_Umwelt-Perspektiven-768x502.jpg 768w, https:\/\/www.organisator.ch\/wp-content\/uploads\/2020\/06\/Zecken-App_ZHAW-UP_Umwelt-Perspektiven-18x12.jpg 18w, https:\/\/www.organisator.ch\/wp-content\/uploads\/2020\/06\/Zecken-App_ZHAW-UP_Umwelt-Perspektiven-268x175.jpg 268w, https:\/\/www.organisator.ch\/wp-content\/uploads\/2020\/06\/Zecken-App_ZHAW-UP_Umwelt-Perspektiven-535x350.jpg 535w, https:\/\/www.organisator.ch\/wp-content\/uploads\/2020\/06\/Zecken-App_ZHAW-UP_Umwelt-Perspektiven-300x196.jpg 300w\" sizes=\"auto, (max-width: 680px) 100vw, 680px\" \/><figcaption id=\"caption-attachment-3103\" class=\"wp-caption-text\">Tique femelle adulte sur un brin d'herbe. (Image : ZHAW)<\/figcaption><\/figure>\n<p>Le fait que l'augmentation de l'activit\u00e9 en plein air pendant la crise de Corona entra\u00eene probablement un contact plus fr\u00e9quent avec les tiques se manifeste par exemple dans les donn\u00e9es de l'application nouvellement d\u00e9velopp\u00e9e pour P\u00e2ques. Malgr\u00e9 l'absence de bouchons de P\u00e2ques au Gothard, le nombre de tiques observ\u00e9es n'a pas chut\u00e9 comme on l'aurait suppos\u00e9.<\/p>\n<p>Les chercheurs de la ZHAW ont utilis\u00e9 les donn\u00e9es collect\u00e9es sur cinq ans pour calculer \"o\u00f9 et \u00e0 quelle fr\u00e9quence les hommes et les tiques se rencontrent en Suisse au cours de l'ann\u00e9e\", explique la\u00a0<a href=\"\/\/www.zhaw.ch\/de\/hochschule\/\" target=\"_blank\" rel=\"noopener\">ZHAW<\/a>\u00a0dans une\u00a0<a href=\"\/\/www.zhaw.ch\/de\/medien\/medienmitteilungen\/detailansicht-medienmitteilung\/event-news\/erstmals-zeckenkontakte-im-zeitlichen-und-raeumlichen-verlauf-berechnet\/\" target=\"_blank\" rel=\"noopener\">Communiqu\u00e9<\/a>.<\/p>\n<p>Ses chercheurs supposent que la pand\u00e9mie de coronavirus aura un effet indirect sur le sch\u00e9ma des contacts avec les tiques. Comme l'explique Werner Tischhauser, chercheur \u00e0 la ZHAW, les donn\u00e9es indiquent \"que la modification du sch\u00e9ma de d\u00e9placement des personnes pratiquant des activit\u00e9s de plein air conduit \u00e0 des contacts plus fr\u00e9quents avec les tiques dans les zones de loisirs de proximit\u00e9 que les ann\u00e9es pr\u00e9c\u00e9dentes\".<\/p>\n<p><strong>Contexte entre les maladies et les comportements de mobilit\u00e9\u00a0\u00a0<\/strong><\/p>\n<p>Actuellement, les chercheurs travaillent \u00e0 calculer comment le changement de comportement de mobilit\u00e9 des Suisses pendant la pand\u00e9mie aura un impact sur l'ensemble de la saison des tiques de cette ann\u00e9e. Ils veulent rendre le potentiel de risque de tiques pr\u00e9visible pour une p\u00e9riode de deux semaines. Cela permettrait par exemple aux enseignants de minimiser le risque de tiques pendant une semaine de projet en for\u00eat, \u00e9crit la ZHAW.<\/p>\n<p>La protection contre les virus FSME transmis par les tiques est \u00e9galement importante en p\u00e9riode de Corona, explique encore la ZHAW dans son communiqu\u00e9. \"Les personnes appartenant aux groupes \u00e0 risque pour le COVID-19 devraient d'abord consulter leur m\u00e9decin traitant par t\u00e9l\u00e9phone pour se faire vacciner contre la FSME\", recommande Tischhauser. \"Les personnes qui se font vacciner pour la premi\u00e8re fois contre la FSME ou qui souhaitent renouveler leur protection vaccinale apr\u00e8s dix ans doivent le faire sans d\u00e9lai\".<\/p>\n<p>&nbsp;<\/p>\n<div id=\"c147445\">\n<div>\n<p><em>Rendre visibles les points chauds des tiques<\/em><\/p>\n<\/div>\n<div>\n<p><em>Pour la premi\u00e8re fois, des chercheurs de la ZHAW ont pu repr\u00e9senter o\u00f9 et \u00e0 quelle fr\u00e9quence les hommes et les tiques se rencontrent en Suisse au cours de l'ann\u00e9e. L'animation spatio-temporelle se base sur les donn\u00e9es de l'application de pr\u00e9vention \"Tique\", qui ont \u00e9t\u00e9 saisies par les utilisateurs de mars 2015 \u00e0 fin 2019. Sur la base des plus de 24 000 donn\u00e9es d'observation des tiques, la r\u00e9partition spatiale des contacts humains avec les tiques a \u00e9t\u00e9 calcul\u00e9e \u00e0 l'aide de la m\u00e9thode \"Kernel Density Estimation\" pour une p\u00e9riode de 30 jours et des valeurs moyennes des cinq derni\u00e8res ann\u00e9es. Un projet de recherche actuel montrera \u00e9galement en d\u00e9tail l'impact du changement de comportement en mati\u00e8re de voyages et de loisirs sur l'ensemble de la saison des tiques 2020. En effet, les chercheurs de la ZHAW analysent pendant deux ans les donn\u00e9es collect\u00e9es via l'application \"Tique\" \u00e0 l'aide de syst\u00e8mes d'information g\u00e9ographique, de la science des donn\u00e9es et de l'intelligence artificielle, afin de d\u00e9velopper un mod\u00e8le de risque spatio-temporel. Celui-ci doit pouvoir pr\u00e9dire le potentiel de risque des tiques pour les deux semaines \u00e0 venir, comparable \u00e0 une pr\u00e9vision m\u00e9t\u00e9orologique. Il devrait par exemple aider les enseignants \u00e0 r\u00e9duire au maximum le risque de tiques d\u00e8s la phase de planification d'une semaine de projet en for\u00eat.<\/em><\/p>\n<\/div>\n<\/div>\n<div id=\"c147458\" class=\"csc-default\">\n<div class=\"zhaw-iframe\">\n<figure>\n<div class=\"embed-responsive embed-responsive-16by9\">\n<div id=\"iframe-WAh6Rh8Qx8g-cover-container\"><\/div>\n<\/div>\n<\/figure>\n<\/div>\n<\/div>\n<p>&nbsp;<\/p>","protected":false},"excerpt":{"rendered":"<p>Dass die vermehrte Outdoor-Aktivit\u00e4t w\u00e4hrend der Corona-Krise vermutlich \u00f6fter zu einem Zecken-Kontakt f\u00fchrt, verdeutlicht sich beispielsweise bei der neuentwickelten App-Daten zu Ostern. Dann gingen 2020 \u00e4hnlich viele Meldungen ein wie im Zecken-Rekordjahr 2018. Trotzt ausbleibendem Osterstau am Gotthard kam es nicht zum vermuteten Einbruch der Zecken-Beobachtungen. Die ZHAW-Forschenden haben die \u00fcber f\u00fcnf Jahre hinweg gesammelten [&hellip;]<\/p>\n","protected":false},"author":5,"featured_media":3103,"comment_status":"closed","ping_status":"closed","sticky":false,"template":"","format":"standard","meta":{"_acf_changed":false,"_yoast_wpseo_focuskw":"Zecken","_yoast_wpseo_metadesc":"Die interaktive App \"Zecke\" hat \u00fcber Jahre \u00fcber 24'000 Daten zu Zeckenkontakten gesammelt. Besonders im Corona-Lockdown wurden hohe Zeckenbisse registriert.","articlekey":"","footnotes":""},"categories":[580],"tags":[717,1565,1728,424,2592],"class_list":["post-3102","post","type-post","status-publish","format-standard","has-post-thumbnail","hentry","category-sustainability","tag-app","tag-krankheiten","tag-mobilitaetsverhalten","tag-schweiz","tag-zeckenforschung"],"acf":[],"yoast_head":"<!-- This site is optimized with the Yoast SEO plugin v27.5 - https:\/\/yoast.com\/product\/yoast-seo-wordpress\/ -->\n<title>ZHAW-Forschende berechnen Zecken-Risikopotenzial - Organisator<\/title>\n<meta name=\"description\" content=\"Die interaktive App &quot;Zecke&quot; hat \u00fcber Jahre \u00fcber 24&#039;000 Daten zu Zeckenkontakten gesammelt. Besonders im Corona-Lockdown wurden hohe Zeckenbisse registriert.\" \/>\n<meta name=\"robots\" content=\"index, follow, max-snippet:-1, max-image-preview:large, max-video-preview:-1\" \/>\n<link rel=\"canonical\" href=\"https:\/\/www.organisator.ch\/fr\/sustainability\/2020-06-08\/zhaw-forschende-berechnen-zecken-risikopotenzial\/\" \/>\n<meta property=\"og:locale\" content=\"fr_FR\" \/>\n<meta property=\"og:type\" content=\"article\" \/>\n<meta property=\"og:title\" content=\"ZHAW-Forschende berechnen Zecken-Risikopotenzial - Organisator\" \/>\n<meta property=\"og:description\" content=\"Die interaktive App &quot;Zecke&quot; hat \u00fcber Jahre \u00fcber 24&#039;000 Daten zu Zeckenkontakten gesammelt. Besonders im Corona-Lockdown wurden hohe Zeckenbisse registriert.\" \/>\n<meta property=\"og:url\" content=\"https:\/\/www.organisator.ch\/fr\/sustainability\/2020-06-08\/zhaw-forschende-berechnen-zecken-risikopotenzial\/\" \/>\n<meta property=\"og:site_name\" content=\"Organisator\" \/>\n<meta property=\"article:publisher\" content=\"https:\/\/www.facebook.com\/OrganisatorFachmagazin\" \/>\n<meta property=\"article:published_time\" content=\"2020-06-08T13:03:23+00:00\" \/>\n<meta property=\"article:modified_time\" content=\"2022-02-09T10:06:49+00:00\" \/>\n<meta property=\"og:image\" content=\"https:\/\/www.organisator.ch\/wp-content\/uploads\/2020\/06\/Zecken-App_ZHAW-UP_Umwelt-Perspektiven.jpg\" \/>\n\t<meta property=\"og:image:width\" content=\"820\" \/>\n\t<meta property=\"og:image:height\" content=\"536\" \/>\n\t<meta property=\"og:image:type\" content=\"image\/jpeg\" \/>\n<meta name=\"author\" content=\"michael.merz\" \/>\n<meta name=\"twitter:card\" content=\"summary_large_image\" \/>\n<script type=\"application\/ld+json\" class=\"yoast-schema-graph\">{\"@context\":\"https:\\\/\\\/schema.org\",\"@graph\":[{\"@type\":\"Article\",\"@id\":\"https:\\\/\\\/www.organisator.ch\\\/sustainability\\\/2020-06-08\\\/zhaw-forschende-berechnen-zecken-risikopotenzial\\\/#article\",\"isPartOf\":{\"@id\":\"https:\\\/\\\/www.organisator.ch\\\/sustainability\\\/2020-06-08\\\/zhaw-forschende-berechnen-zecken-risikopotenzial\\\/\"},\"author\":{\"name\":\"michael.merz\",\"@id\":\"https:\\\/\\\/www.organisator.ch\\\/#\\\/schema\\\/person\\\/134708ca9321c57b0362cceb7948ffbd\"},\"headline\":\"ZHAW-Forschende berechnen Zecken-Risikopotenzial\",\"datePublished\":\"2020-06-08T13:03:23+00:00\",\"dateModified\":\"2022-02-09T10:06:49+00:00\",\"mainEntityOfPage\":{\"@id\":\"https:\\\/\\\/www.organisator.ch\\\/sustainability\\\/2020-06-08\\\/zhaw-forschende-berechnen-zecken-risikopotenzial\\\/\"},\"wordCount\":442,\"publisher\":{\"@id\":\"https:\\\/\\\/www.organisator.ch\\\/#organization\"},\"image\":{\"@id\":\"https:\\\/\\\/www.organisator.ch\\\/sustainability\\\/2020-06-08\\\/zhaw-forschende-berechnen-zecken-risikopotenzial\\\/#primaryimage\"},\"thumbnailUrl\":\"https:\\\/\\\/www.organisator.ch\\\/wp-content\\\/uploads\\\/2020\\\/06\\\/Zecken-App_ZHAW-UP_Umwelt-Perspektiven.jpg\",\"keywords\":[\"App\",\"Krankheiten\",\"Mobilit\u00e4tsverhalten\",\"Schweiz\",\"Zeckenforschung\"],\"articleSection\":[\"SUSTAINABILITY\"],\"inLanguage\":\"fr-FR\"},{\"@type\":\"WebPage\",\"@id\":\"https:\\\/\\\/www.organisator.ch\\\/sustainability\\\/2020-06-08\\\/zhaw-forschende-berechnen-zecken-risikopotenzial\\\/\",\"url\":\"https:\\\/\\\/www.organisator.ch\\\/sustainability\\\/2020-06-08\\\/zhaw-forschende-berechnen-zecken-risikopotenzial\\\/\",\"name\":\"ZHAW-Forschende berechnen Zecken-Risikopotenzial - Organisator\",\"isPartOf\":{\"@id\":\"https:\\\/\\\/www.organisator.ch\\\/#website\"},\"primaryImageOfPage\":{\"@id\":\"https:\\\/\\\/www.organisator.ch\\\/sustainability\\\/2020-06-08\\\/zhaw-forschende-berechnen-zecken-risikopotenzial\\\/#primaryimage\"},\"image\":{\"@id\":\"https:\\\/\\\/www.organisator.ch\\\/sustainability\\\/2020-06-08\\\/zhaw-forschende-berechnen-zecken-risikopotenzial\\\/#primaryimage\"},\"thumbnailUrl\":\"https:\\\/\\\/www.organisator.ch\\\/wp-content\\\/uploads\\\/2020\\\/06\\\/Zecken-App_ZHAW-UP_Umwelt-Perspektiven.jpg\",\"datePublished\":\"2020-06-08T13:03:23+00:00\",\"dateModified\":\"2022-02-09T10:06:49+00:00\",\"description\":\"Die interaktive App \\\"Zecke\\\" hat \u00fcber Jahre \u00fcber 24'000 Daten zu Zeckenkontakten gesammelt. Besonders im Corona-Lockdown wurden hohe Zeckenbisse registriert.\",\"breadcrumb\":{\"@id\":\"https:\\\/\\\/www.organisator.ch\\\/sustainability\\\/2020-06-08\\\/zhaw-forschende-berechnen-zecken-risikopotenzial\\\/#breadcrumb\"},\"inLanguage\":\"fr-FR\",\"potentialAction\":[{\"@type\":\"ReadAction\",\"target\":[\"https:\\\/\\\/www.organisator.ch\\\/sustainability\\\/2020-06-08\\\/zhaw-forschende-berechnen-zecken-risikopotenzial\\\/\"]}]},{\"@type\":\"ImageObject\",\"inLanguage\":\"fr-FR\",\"@id\":\"https:\\\/\\\/www.organisator.ch\\\/sustainability\\\/2020-06-08\\\/zhaw-forschende-berechnen-zecken-risikopotenzial\\\/#primaryimage\",\"url\":\"https:\\\/\\\/www.organisator.ch\\\/wp-content\\\/uploads\\\/2020\\\/06\\\/Zecken-App_ZHAW-UP_Umwelt-Perspektiven.jpg\",\"contentUrl\":\"https:\\\/\\\/www.organisator.ch\\\/wp-content\\\/uploads\\\/2020\\\/06\\\/Zecken-App_ZHAW-UP_Umwelt-Perspektiven.jpg\",\"width\":820,\"height\":536,\"caption\":\"Adultes Zecken-Weibchen auf einem Grashalm. (Bild: ZHAW)\"},{\"@type\":\"BreadcrumbList\",\"@id\":\"https:\\\/\\\/www.organisator.ch\\\/sustainability\\\/2020-06-08\\\/zhaw-forschende-berechnen-zecken-risikopotenzial\\\/#breadcrumb\",\"itemListElement\":[{\"@type\":\"ListItem\",\"position\":1,\"name\":\"Home\",\"item\":\"https:\\\/\\\/www.organisator.ch\\\/\"},{\"@type\":\"ListItem\",\"position\":2,\"name\":\"ZHAW-Forschende berechnen Zecken-Risikopotenzial\"}]},{\"@type\":\"WebSite\",\"@id\":\"https:\\\/\\\/www.organisator.ch\\\/#website\",\"url\":\"https:\\\/\\\/www.organisator.ch\\\/\",\"name\":\"Organisator\",\"description\":\"Kompetent. Praxisnah. Der ORGANISATOR bereitet in 10 Ausgaben pro Jahr die wesentlichen Themen f\u00fcr F\u00fchrungskr\u00e4fte von KMU auf.\",\"publisher\":{\"@id\":\"https:\\\/\\\/www.organisator.ch\\\/#organization\"},\"potentialAction\":[{\"@type\":\"SearchAction\",\"target\":{\"@type\":\"EntryPoint\",\"urlTemplate\":\"https:\\\/\\\/www.organisator.ch\\\/?s={search_term_string}\"},\"query-input\":{\"@type\":\"PropertyValueSpecification\",\"valueRequired\":true,\"valueName\":\"search_term_string\"}}],\"inLanguage\":\"fr-FR\"},{\"@type\":\"Organization\",\"@id\":\"https:\\\/\\\/www.organisator.ch\\\/#organization\",\"name\":\"Organisator\",\"url\":\"https:\\\/\\\/www.organisator.ch\\\/\",\"logo\":{\"@type\":\"ImageObject\",\"inLanguage\":\"fr-FR\",\"@id\":\"https:\\\/\\\/www.organisator.ch\\\/#\\\/schema\\\/logo\\\/image\\\/\",\"url\":\"https:\\\/\\\/www.organisator.ch\\\/wp-content\\\/uploads\\\/2022\\\/01\\\/Logo_Organisator_Website.png\",\"contentUrl\":\"https:\\\/\\\/www.organisator.ch\\\/wp-content\\\/uploads\\\/2022\\\/01\\\/Logo_Organisator_Website.png\",\"width\":800,\"height\":77,\"caption\":\"Organisator\"},\"image\":{\"@id\":\"https:\\\/\\\/www.organisator.ch\\\/#\\\/schema\\\/logo\\\/image\\\/\"},\"sameAs\":[\"https:\\\/\\\/www.facebook.com\\\/OrganisatorFachmagazin\",\"https:\\\/\\\/www.linkedin.com\\\/showcase\\\/organisator-das-magazin-fr-kmu\",\"https:\\\/\\\/www.xing.com\\\/news\\\/pages\\\/organisator-ch-695\",\"https:\\\/\\\/www.youtube.com\\\/channel\\\/UCGP2Sq0iWaZwT3BdIAQFYpw\"]},{\"@type\":\"Person\",\"@id\":\"https:\\\/\\\/www.organisator.ch\\\/#\\\/schema\\\/person\\\/134708ca9321c57b0362cceb7948ffbd\",\"name\":\"michael.merz\",\"image\":{\"@type\":\"ImageObject\",\"inLanguage\":\"fr-FR\",\"@id\":\"https:\\\/\\\/secure.gravatar.com\\\/avatar\\\/?s=96&d=mm&r=g\",\"url\":\"https:\\\/\\\/secure.gravatar.com\\\/avatar\\\/?s=96&d=mm&r=g\",\"contentUrl\":\"https:\\\/\\\/secure.gravatar.com\\\/avatar\\\/?s=96&d=mm&r=g\",\"caption\":\"michael.merz\"},\"url\":\"https:\\\/\\\/www.organisator.ch\\\/fr\\\/author\\\/michael-merz\\\/\"}]}<\/script>\n<!-- \/ Yoast SEO plugin. -->","yoast_head_json":{"title":"Des chercheurs de la ZHAW calculent le potentiel de risque des tiques - Organisateur","description":"L'application interactive \"Tique\" a collect\u00e9 pendant des ann\u00e9es plus de 24 000 donn\u00e9es sur les contacts avec les tiques. Un nombre \u00e9lev\u00e9 de morsures de tiques a \u00e9t\u00e9 enregistr\u00e9, en particulier dans la r\u00e9gion de Corona-Lockdown.","robots":{"index":"index","follow":"follow","max-snippet":"max-snippet:-1","max-image-preview":"max-image-preview:large","max-video-preview":"max-video-preview:-1"},"canonical":"https:\/\/www.organisator.ch\/fr\/sustainability\/2020-06-08\/zhaw-forschende-berechnen-zecken-risikopotenzial\/","og_locale":"fr_FR","og_type":"article","og_title":"ZHAW-Forschende berechnen Zecken-Risikopotenzial - Organisator","og_description":"Die interaktive App \"Zecke\" hat \u00fcber Jahre \u00fcber 24'000 Daten zu Zeckenkontakten gesammelt. Besonders im Corona-Lockdown wurden hohe Zeckenbisse registriert.","og_url":"https:\/\/www.organisator.ch\/fr\/sustainability\/2020-06-08\/zhaw-forschende-berechnen-zecken-risikopotenzial\/","og_site_name":"Organisator","article_publisher":"https:\/\/www.facebook.com\/OrganisatorFachmagazin","article_published_time":"2020-06-08T13:03:23+00:00","article_modified_time":"2022-02-09T10:06:49+00:00","og_image":[{"width":820,"height":536,"url":"https:\/\/www.organisator.ch\/wp-content\/uploads\/2020\/06\/Zecken-App_ZHAW-UP_Umwelt-Perspektiven.jpg","type":"image\/jpeg"}],"author":"michael.merz","twitter_card":"summary_large_image","schema":{"@context":"https:\/\/schema.org","@graph":[{"@type":"Article","@id":"https:\/\/www.organisator.ch\/sustainability\/2020-06-08\/zhaw-forschende-berechnen-zecken-risikopotenzial\/#article","isPartOf":{"@id":"https:\/\/www.organisator.ch\/sustainability\/2020-06-08\/zhaw-forschende-berechnen-zecken-risikopotenzial\/"},"author":{"name":"michael.merz","@id":"https:\/\/www.organisator.ch\/#\/schema\/person\/134708ca9321c57b0362cceb7948ffbd"},"headline":"ZHAW-Forschende berechnen Zecken-Risikopotenzial","datePublished":"2020-06-08T13:03:23+00:00","dateModified":"2022-02-09T10:06:49+00:00","mainEntityOfPage":{"@id":"https:\/\/www.organisator.ch\/sustainability\/2020-06-08\/zhaw-forschende-berechnen-zecken-risikopotenzial\/"},"wordCount":442,"publisher":{"@id":"https:\/\/www.organisator.ch\/#organization"},"image":{"@id":"https:\/\/www.organisator.ch\/sustainability\/2020-06-08\/zhaw-forschende-berechnen-zecken-risikopotenzial\/#primaryimage"},"thumbnailUrl":"https:\/\/www.organisator.ch\/wp-content\/uploads\/2020\/06\/Zecken-App_ZHAW-UP_Umwelt-Perspektiven.jpg","keywords":["App","Krankheiten","Mobilit\u00e4tsverhalten","Schweiz","Zeckenforschung"],"articleSection":["SUSTAINABILITY"],"inLanguage":"fr-FR"},{"@type":"WebPage","@id":"https:\/\/www.organisator.ch\/sustainability\/2020-06-08\/zhaw-forschende-berechnen-zecken-risikopotenzial\/","url":"https:\/\/www.organisator.ch\/sustainability\/2020-06-08\/zhaw-forschende-berechnen-zecken-risikopotenzial\/","name":"Des chercheurs de la ZHAW calculent le potentiel de risque des tiques - Organisateur","isPartOf":{"@id":"https:\/\/www.organisator.ch\/#website"},"primaryImageOfPage":{"@id":"https:\/\/www.organisator.ch\/sustainability\/2020-06-08\/zhaw-forschende-berechnen-zecken-risikopotenzial\/#primaryimage"},"image":{"@id":"https:\/\/www.organisator.ch\/sustainability\/2020-06-08\/zhaw-forschende-berechnen-zecken-risikopotenzial\/#primaryimage"},"thumbnailUrl":"https:\/\/www.organisator.ch\/wp-content\/uploads\/2020\/06\/Zecken-App_ZHAW-UP_Umwelt-Perspektiven.jpg","datePublished":"2020-06-08T13:03:23+00:00","dateModified":"2022-02-09T10:06:49+00:00","description":"L'application interactive \"Tique\" a collect\u00e9 pendant des ann\u00e9es plus de 24 000 donn\u00e9es sur les contacts avec les tiques. Un nombre \u00e9lev\u00e9 de morsures de tiques a \u00e9t\u00e9 enregistr\u00e9, en particulier dans la r\u00e9gion de Corona-Lockdown.","breadcrumb":{"@id":"https:\/\/www.organisator.ch\/sustainability\/2020-06-08\/zhaw-forschende-berechnen-zecken-risikopotenzial\/#breadcrumb"},"inLanguage":"fr-FR","potentialAction":[{"@type":"ReadAction","target":["https:\/\/www.organisator.ch\/sustainability\/2020-06-08\/zhaw-forschende-berechnen-zecken-risikopotenzial\/"]}]},{"@type":"ImageObject","inLanguage":"fr-FR","@id":"https:\/\/www.organisator.ch\/sustainability\/2020-06-08\/zhaw-forschende-berechnen-zecken-risikopotenzial\/#primaryimage","url":"https:\/\/www.organisator.ch\/wp-content\/uploads\/2020\/06\/Zecken-App_ZHAW-UP_Umwelt-Perspektiven.jpg","contentUrl":"https:\/\/www.organisator.ch\/wp-content\/uploads\/2020\/06\/Zecken-App_ZHAW-UP_Umwelt-Perspektiven.jpg","width":820,"height":536,"caption":"Adultes Zecken-Weibchen auf einem Grashalm. (Bild: ZHAW)"},{"@type":"BreadcrumbList","@id":"https:\/\/www.organisator.ch\/sustainability\/2020-06-08\/zhaw-forschende-berechnen-zecken-risikopotenzial\/#breadcrumb","itemListElement":[{"@type":"ListItem","position":1,"name":"Home","item":"https:\/\/www.organisator.ch\/"},{"@type":"ListItem","position":2,"name":"ZHAW-Forschende berechnen Zecken-Risikopotenzial"}]},{"@type":"WebSite","@id":"https:\/\/www.organisator.ch\/#website","url":"https:\/\/www.organisator.ch\/","name":"Organisateur","description":"Comp\u00e9tence et comp\u00e9tence. Proches de la pratique. L'ORGANISATEUR pr\u00e9pare 10 num\u00e9ros par an sur les th\u00e8mes essentiels pour les dirigeants de PME.","publisher":{"@id":"https:\/\/www.organisator.ch\/#organization"},"potentialAction":[{"@type":"SearchAction","target":{"@type":"EntryPoint","urlTemplate":"https:\/\/www.organisator.ch\/?s={search_term_string}"},"query-input":{"@type":"PropertyValueSpecification","valueRequired":true,"valueName":"search_term_string"}}],"inLanguage":"fr-FR"},{"@type":"Organization","@id":"https:\/\/www.organisator.ch\/#organization","name":"Organisateur","url":"https:\/\/www.organisator.ch\/","logo":{"@type":"ImageObject","inLanguage":"fr-FR","@id":"https:\/\/www.organisator.ch\/#\/schema\/logo\/image\/","url":"https:\/\/www.organisator.ch\/wp-content\/uploads\/2022\/01\/Logo_Organisator_Website.png","contentUrl":"https:\/\/www.organisator.ch\/wp-content\/uploads\/2022\/01\/Logo_Organisator_Website.png","width":800,"height":77,"caption":"Organisator"},"image":{"@id":"https:\/\/www.organisator.ch\/#\/schema\/logo\/image\/"},"sameAs":["https:\/\/www.facebook.com\/OrganisatorFachmagazin","https:\/\/www.linkedin.com\/showcase\/organisator-das-magazin-fr-kmu","https:\/\/www.xing.com\/news\/pages\/organisator-ch-695","https:\/\/www.youtube.com\/channel\/UCGP2Sq0iWaZwT3BdIAQFYpw"]},{"@type":"Person","@id":"https:\/\/www.organisator.ch\/#\/schema\/person\/134708ca9321c57b0362cceb7948ffbd","name":"michael.merz","image":{"@type":"ImageObject","inLanguage":"fr-FR","@id":"https:\/\/secure.gravatar.com\/avatar\/?s=96&d=mm&r=g","url":"https:\/\/secure.gravatar.com\/avatar\/?s=96&d=mm&r=g","contentUrl":"https:\/\/secure.gravatar.com\/avatar\/?s=96&d=mm&r=g","caption":"michael.merz"},"url":"https:\/\/www.organisator.ch\/fr\/author\/michael-merz\/"}]}},"_links":{"self":[{"href":"https:\/\/www.organisator.ch\/fr\/wp-json\/wp\/v2\/posts\/3102","targetHints":{"allow":["GET"]}}],"collection":[{"href":"https:\/\/www.organisator.ch\/fr\/wp-json\/wp\/v2\/posts"}],"about":[{"href":"https:\/\/www.organisator.ch\/fr\/wp-json\/wp\/v2\/types\/post"}],"author":[{"embeddable":true,"href":"https:\/\/www.organisator.ch\/fr\/wp-json\/wp\/v2\/users\/5"}],"replies":[{"embeddable":true,"href":"https:\/\/www.organisator.ch\/fr\/wp-json\/wp\/v2\/comments?post=3102"}],"version-history":[{"count":1,"href":"https:\/\/www.organisator.ch\/fr\/wp-json\/wp\/v2\/posts\/3102\/revisions"}],"predecessor-version":[{"id":10674,"href":"https:\/\/www.organisator.ch\/fr\/wp-json\/wp\/v2\/posts\/3102\/revisions\/10674"}],"wp:featuredmedia":[{"embeddable":true,"href":"https:\/\/www.organisator.ch\/fr\/wp-json\/wp\/v2\/media\/3103"}],"wp:attachment":[{"href":"https:\/\/www.organisator.ch\/fr\/wp-json\/wp\/v2\/media?parent=3102"}],"wp:term":[{"taxonomy":"category","embeddable":true,"href":"https:\/\/www.organisator.ch\/fr\/wp-json\/wp\/v2\/categories?post=3102"},{"taxonomy":"post_tag","embeddable":true,"href":"https:\/\/www.organisator.ch\/fr\/wp-json\/wp\/v2\/tags?post=3102"}],"curies":[{"name":"wp","href":"https:\/\/api.w.org\/{rel}","templated":true}]}}