{"id":31032,"date":"2024-10-22T09:30:55","date_gmt":"2024-10-22T07:30:55","guid":{"rendered":"https:\/\/www.organisator.ch\/?p=31032"},"modified":"2024-10-18T15:02:59","modified_gmt":"2024-10-18T13:02:59","slug":"das-erste-whats-next-forum-zuerich-beleuchtet-praxisnahe-anwendungen-von-ai-und-xr","status":"publish","type":"post","link":"https:\/\/www.organisator.ch\/fr\/management\/2024-10-22\/das-erste-whats-next-forum-zuerich-beleuchtet-praxisnahe-anwendungen-von-ai-und-xr\/","title":{"rendered":"Le premier What's Next Forum Zurich met en lumi\u00e8re des applications pratiques de l'IA et du XR"},"content":{"rendered":"<figure id=\"attachment_31033\" aria-describedby=\"caption-attachment-31033\" style=\"width: 680px\" class=\"wp-caption alignnone\"><img loading=\"lazy\" decoding=\"async\" class=\"size-full wp-image-31033\" src=\"https:\/\/www.organisator.ch\/wp-content\/uploads\/2024\/10\/WNF_Banner-2024_Bild1_ps.jpg\" alt=\"\" width=\"680\" height=\"382\" srcset=\"https:\/\/www.organisator.ch\/wp-content\/uploads\/2024\/10\/WNF_Banner-2024_Bild1_ps.jpg 680w, https:\/\/www.organisator.ch\/wp-content\/uploads\/2024\/10\/WNF_Banner-2024_Bild1_ps-18x10.jpg 18w, https:\/\/www.organisator.ch\/wp-content\/uploads\/2024\/10\/WNF_Banner-2024_Bild1_ps-375x211.jpg 375w, https:\/\/www.organisator.ch\/wp-content\/uploads\/2024\/10\/WNF_Banner-2024_Bild1_ps-623x350.jpg 623w\" sizes=\"auto, (max-width: 680px) 100vw, 680px\" \/><figcaption id=\"caption-attachment-31033\" class=\"wp-caption-text\">Le 7 novembre 2024, le premier What's Next Forum \u00e0 Zurich mettra en lumi\u00e8re les derniers d\u00e9veloppements. (Image : www.whatsnext-forum.ch)<\/figcaption><\/figure>\n<p>Le What's Next Forum, organis\u00e9 par Innovation World Switzerland, attend le 7 novembre environ 150 leaders, moteurs d'innovation, startups et acteurs du changement issus des PME et du monde de l'entreprise. Les visiteurs doivent apprendre de premi\u00e8re main comment les nouvelles technologies IA et XR sont utilis\u00e9es de mani\u00e8re profitable et efficace dans la pratique et quels sont leurs potentiels. Sur la sc\u00e8ne principale, des orateurs de premier plan ainsi que des experts et expertes inspireront et discuteront. Ensuite, douze sessions de cas d'utilisation, un laboratoire \"AI in HR\" et plusieurs points de d\u00e9monstration en direct inviteront \u00e0 poser des questions, \u00e0 tester et \u00e0 exp\u00e9rimenter les technologies immersives. L'accent sera mis sur les meilleures pratiques, l'\u00e9change ind\u00e9pendant d'informations et l'exp\u00e9rience en direct.<\/p>\n<p>Sous la devise \"What's next ?\", des speakers de premier plan tels que Dr Simone Ruppertz-Rausch de Google Cloud, Prof Dr Knut Hinkelmann de la Haute \u00e9cole sp\u00e9cialis\u00e9e du Nord-Ouest de la Suisse (FHNW) ou Marek Dutkiewicz, fondateur de HR Campus, offriront sur la sc\u00e8ne principale un aper\u00e7u des technologies du futur et en montreront les potentiels. Des panels d'experts et d'expertes suivront avec des recommandations d'action et des bonnes pratiques.<\/p>\n<h3><strong>Temps forts interactifs et r\u00e9seautage<\/strong><\/h3>\n<p>La particularit\u00e9 du forum est l'accent mis sur l'interaction, la mise en r\u00e9seau et l'exp\u00e9rience d'apprentissage. Pendant plus de trois heures, des fournisseurs innovants et des chefs de projet pr\u00e9senteront, dans le cadre de diff\u00e9rentes sessions de cas d'utilisation, de points de d\u00e9monstration et de l'Atelier num\u00e9rique de Google, comment les chatbots et l'apprentissage automatique r\u00e9volutionnent le marketing, \u00e0 quoi ressemble un garage automobile \u00e0 emporter ou comment la r\u00e9alit\u00e9 augment\u00e9e (RA) permet des interactions cibl\u00e9es dans le commerce de d\u00e9tail. Selon l'organisatrice Ewa Ming, \"c'est le moment de s'informer sur ce qui est possible avec l'intelligence artificielle et les technologies immersives dans le monde virtuel. C'est pourquoi l'exp\u00e9rience personnelle et l'exp\u00e9rimentation sont si importantes pour nous !\" et ajoute : \"Lors de l'\u00e9v\u00e9nement, les participants pourront poser toutes leurs questions et recueillir des informations importantes afin de pouvoir bient\u00f4t prendre leur envol avec de nouveaux outils, id\u00e9es, concepts et strat\u00e9gies\".<\/p>\n<p>En outre, l'\u00e9v\u00e9nement offre de nombreuses occasions de r\u00e9seauter avec des personnes partageant les m\u00eames id\u00e9es et de nouer de nouveaux contacts. Les billets sont disponibles au prix de CHF 269.00. Plus d'informations et inscription sur le site <a href=\"https:\/\/whatsnext-forum.ch\/\">Site web<\/a>.<\/p>\n<p><em>Source : <a href=\"http:\/\/www.whatsnext-forum.ch\">www.whatsnext-forum.ch<\/a>.<\/em><\/p>","protected":false},"excerpt":{"rendered":"<p>Le besoin de connaissances sur l'utilisation judicieuse de l'intelligence artificielle et des technologies immersives dans les affaires est \u00e9norme. Le 7 novembre 2024, le premier What's Next Forum \u00e0 Zurich mettra en lumi\u00e8re les derniers d\u00e9veloppements et se concentrera sur la pratique avec des cas d'utilisation concrets et des ateliers. Les participants apprendront comment utiliser les solutions IA et XR pour leur croissance et seront invit\u00e9s \u00e0 les tester sur place et \u00e0 s'immerger dans des mondes virtuels.<\/p>","protected":false},"author":80,"featured_media":31033,"comment_status":"closed","ping_status":"closed","sticky":false,"template":"","format":"standard","meta":{"_acf_changed":false,"_yoast_wpseo_focuskw":"What's Next Forum","_yoast_wpseo_metadesc":"Am 7. November beleuchtet das erste What\u2019s Next Forum in Z\u00fcrich die neuesten Entwicklungen und fokussiert auf die Praxis mit konkreten Use Cases und Workshops.","articlekey":"","footnotes":""},"categories":[28],"tags":[221,319,475,492,539],"class_list":["post-31032","post","type-post","status-publish","format-standard","has-post-thumbnail","hentry","category-management","tag-forum","tag-kuenstliche-intelligenz","tag-technologie","tag-unternehmen","tag-workshop"],"acf":[],"yoast_head":"<!-- This site is optimized with the Yoast SEO plugin v27.5 - https:\/\/yoast.com\/product\/yoast-seo-wordpress\/ -->\n<title>Das erste What&#039;s Next Forum Z\u00fcrich beleuchtet praxisnahe Anwendungen von AI und XR - Organisator<\/title>\n<meta name=\"description\" content=\"Am 7. November beleuchtet das erste What\u2019s Next Forum in Z\u00fcrich die neuesten Entwicklungen und fokussiert auf die Praxis mit konkreten Use Cases und Workshops.\" \/>\n<meta name=\"robots\" content=\"index, follow, max-snippet:-1, max-image-preview:large, max-video-preview:-1\" \/>\n<link rel=\"canonical\" href=\"https:\/\/www.organisator.ch\/fr\/gestion-2\/2024-10-22\/das-erste-whats-next-forum-zuerich-beleuchtet-praxisnahe-anwendungen-von-ai-und-xr\/\" \/>\n<meta property=\"og:locale\" content=\"fr_FR\" \/>\n<meta property=\"og:type\" content=\"article\" \/>\n<meta property=\"og:title\" content=\"Das erste What&#039;s Next Forum Z\u00fcrich beleuchtet praxisnahe Anwendungen von AI und XR\" \/>\n<meta property=\"og:description\" content=\"Am 7. November beleuchtet das erste What\u2019s Next Forum in Z\u00fcrich die neuesten Entwicklungen und fokussiert auf die Praxis mit konkreten Use Cases und Workshops.\" \/>\n<meta property=\"og:url\" content=\"https:\/\/www.organisator.ch\/fr\/gestion-2\/2024-10-22\/das-erste-whats-next-forum-zuerich-beleuchtet-praxisnahe-anwendungen-von-ai-und-xr\/\" \/>\n<meta property=\"og:site_name\" content=\"Organisator\" \/>\n<meta property=\"article:publisher\" content=\"https:\/\/www.facebook.com\/OrganisatorFachmagazin\" \/>\n<meta property=\"article:published_time\" content=\"2024-10-22T07:30:55+00:00\" \/>\n<meta property=\"og:image\" content=\"https:\/\/www.organisator.ch\/wp-content\/uploads\/2024\/10\/WNF_Banner-2024_Bild1_ps.jpg\" \/>\n\t<meta property=\"og:image:width\" content=\"680\" \/>\n\t<meta property=\"og:image:height\" content=\"382\" \/>\n\t<meta property=\"og:image:type\" content=\"image\/jpeg\" \/>\n<meta name=\"author\" content=\"Dzana Muminovic\" \/>\n<meta name=\"twitter:card\" content=\"summary_large_image\" \/>\n<meta name=\"twitter:title\" content=\"Das erste What&#039;s Next Forum Z\u00fcrich beleuchtet praxisnahe Anwendungen von AI und XR\" \/>\n<meta name=\"twitter:description\" content=\"Am 7. November beleuchtet das erste #What\u2019s #Next #Forum in #Z\u00fcrich die neuesten #Entwicklungen und fokussiert auf die 3Praxis mit konkreten #Use #Cases und #Workshops.\" \/>\n<meta name=\"twitter:image\" content=\"https:\/\/www.organisator.ch\/wp-content\/uploads\/2024\/10\/WNF_Banner-2024_Bild1_ps.jpg\" \/>\n<script type=\"application\/ld+json\" class=\"yoast-schema-graph\">{\"@context\":\"https:\\\/\\\/schema.org\",\"@graph\":[{\"@type\":\"Article\",\"@id\":\"https:\\\/\\\/www.organisator.ch\\\/management\\\/2024-10-22\\\/das-erste-whats-next-forum-zuerich-beleuchtet-praxisnahe-anwendungen-von-ai-und-xr\\\/#article\",\"isPartOf\":{\"@id\":\"https:\\\/\\\/www.organisator.ch\\\/management\\\/2024-10-22\\\/das-erste-whats-next-forum-zuerich-beleuchtet-praxisnahe-anwendungen-von-ai-und-xr\\\/\"},\"author\":{\"name\":\"Dzana Muminovic\",\"@id\":\"https:\\\/\\\/www.organisator.ch\\\/#\\\/schema\\\/person\\\/afccda3a71c06d4be2ed9100dd163db7\"},\"headline\":\"Das erste What&#8217;s Next Forum Z\u00fcrich beleuchtet praxisnahe Anwendungen von AI und XR\",\"datePublished\":\"2024-10-22T07:30:55+00:00\",\"mainEntityOfPage\":{\"@id\":\"https:\\\/\\\/www.organisator.ch\\\/management\\\/2024-10-22\\\/das-erste-whats-next-forum-zuerich-beleuchtet-praxisnahe-anwendungen-von-ai-und-xr\\\/\"},\"wordCount\":375,\"publisher\":{\"@id\":\"https:\\\/\\\/www.organisator.ch\\\/#organization\"},\"image\":{\"@id\":\"https:\\\/\\\/www.organisator.ch\\\/management\\\/2024-10-22\\\/das-erste-whats-next-forum-zuerich-beleuchtet-praxisnahe-anwendungen-von-ai-und-xr\\\/#primaryimage\"},\"thumbnailUrl\":\"https:\\\/\\\/www.organisator.ch\\\/wp-content\\\/uploads\\\/2024\\\/10\\\/WNF_Banner-2024_Bild1_ps.jpg\",\"keywords\":[\"Forum\",\"K\u00fcnstliche Intelligenz\",\"Technologie\",\"Unternehmen\",\"Workshop\"],\"articleSection\":[\"MANAGEMENT\"],\"inLanguage\":\"fr-FR\"},{\"@type\":\"WebPage\",\"@id\":\"https:\\\/\\\/www.organisator.ch\\\/management\\\/2024-10-22\\\/das-erste-whats-next-forum-zuerich-beleuchtet-praxisnahe-anwendungen-von-ai-und-xr\\\/\",\"url\":\"https:\\\/\\\/www.organisator.ch\\\/management\\\/2024-10-22\\\/das-erste-whats-next-forum-zuerich-beleuchtet-praxisnahe-anwendungen-von-ai-und-xr\\\/\",\"name\":\"Das erste What's Next Forum Z\u00fcrich beleuchtet praxisnahe Anwendungen von AI und XR - Organisator\",\"isPartOf\":{\"@id\":\"https:\\\/\\\/www.organisator.ch\\\/#website\"},\"primaryImageOfPage\":{\"@id\":\"https:\\\/\\\/www.organisator.ch\\\/management\\\/2024-10-22\\\/das-erste-whats-next-forum-zuerich-beleuchtet-praxisnahe-anwendungen-von-ai-und-xr\\\/#primaryimage\"},\"image\":{\"@id\":\"https:\\\/\\\/www.organisator.ch\\\/management\\\/2024-10-22\\\/das-erste-whats-next-forum-zuerich-beleuchtet-praxisnahe-anwendungen-von-ai-und-xr\\\/#primaryimage\"},\"thumbnailUrl\":\"https:\\\/\\\/www.organisator.ch\\\/wp-content\\\/uploads\\\/2024\\\/10\\\/WNF_Banner-2024_Bild1_ps.jpg\",\"datePublished\":\"2024-10-22T07:30:55+00:00\",\"description\":\"Am 7. November beleuchtet das erste What\u2019s Next Forum in Z\u00fcrich die neuesten Entwicklungen und fokussiert auf die Praxis mit konkreten Use Cases und Workshops.\",\"breadcrumb\":{\"@id\":\"https:\\\/\\\/www.organisator.ch\\\/management\\\/2024-10-22\\\/das-erste-whats-next-forum-zuerich-beleuchtet-praxisnahe-anwendungen-von-ai-und-xr\\\/#breadcrumb\"},\"inLanguage\":\"fr-FR\",\"potentialAction\":[{\"@type\":\"ReadAction\",\"target\":[\"https:\\\/\\\/www.organisator.ch\\\/management\\\/2024-10-22\\\/das-erste-whats-next-forum-zuerich-beleuchtet-praxisnahe-anwendungen-von-ai-und-xr\\\/\"]}]},{\"@type\":\"ImageObject\",\"inLanguage\":\"fr-FR\",\"@id\":\"https:\\\/\\\/www.organisator.ch\\\/management\\\/2024-10-22\\\/das-erste-whats-next-forum-zuerich-beleuchtet-praxisnahe-anwendungen-von-ai-und-xr\\\/#primaryimage\",\"url\":\"https:\\\/\\\/www.organisator.ch\\\/wp-content\\\/uploads\\\/2024\\\/10\\\/WNF_Banner-2024_Bild1_ps.jpg\",\"contentUrl\":\"https:\\\/\\\/www.organisator.ch\\\/wp-content\\\/uploads\\\/2024\\\/10\\\/WNF_Banner-2024_Bild1_ps.jpg\",\"width\":680,\"height\":382,\"caption\":\"Am 7. November 2024 beleuchtet das erste What\u2019s Next Forum in Z\u00fcrich die neuesten Entwicklungen. (Bild: www.whatsnext-forum.ch)\"},{\"@type\":\"BreadcrumbList\",\"@id\":\"https:\\\/\\\/www.organisator.ch\\\/management\\\/2024-10-22\\\/das-erste-whats-next-forum-zuerich-beleuchtet-praxisnahe-anwendungen-von-ai-und-xr\\\/#breadcrumb\",\"itemListElement\":[{\"@type\":\"ListItem\",\"position\":1,\"name\":\"Home\",\"item\":\"https:\\\/\\\/www.organisator.ch\\\/\"},{\"@type\":\"ListItem\",\"position\":2,\"name\":\"Das erste What&#8217;s Next Forum Z\u00fcrich beleuchtet praxisnahe Anwendungen von AI und XR\"}]},{\"@type\":\"WebSite\",\"@id\":\"https:\\\/\\\/www.organisator.ch\\\/#website\",\"url\":\"https:\\\/\\\/www.organisator.ch\\\/\",\"name\":\"Organisator\",\"description\":\"Kompetent. Praxisnah. Der ORGANISATOR bereitet in 10 Ausgaben pro Jahr die wesentlichen Themen f\u00fcr F\u00fchrungskr\u00e4fte von KMU auf.\",\"publisher\":{\"@id\":\"https:\\\/\\\/www.organisator.ch\\\/#organization\"},\"potentialAction\":[{\"@type\":\"SearchAction\",\"target\":{\"@type\":\"EntryPoint\",\"urlTemplate\":\"https:\\\/\\\/www.organisator.ch\\\/?s={search_term_string}\"},\"query-input\":{\"@type\":\"PropertyValueSpecification\",\"valueRequired\":true,\"valueName\":\"search_term_string\"}}],\"inLanguage\":\"fr-FR\"},{\"@type\":\"Organization\",\"@id\":\"https:\\\/\\\/www.organisator.ch\\\/#organization\",\"name\":\"Organisator\",\"url\":\"https:\\\/\\\/www.organisator.ch\\\/\",\"logo\":{\"@type\":\"ImageObject\",\"inLanguage\":\"fr-FR\",\"@id\":\"https:\\\/\\\/www.organisator.ch\\\/#\\\/schema\\\/logo\\\/image\\\/\",\"url\":\"https:\\\/\\\/www.organisator.ch\\\/wp-content\\\/uploads\\\/2022\\\/01\\\/Logo_Organisator_Website.png\",\"contentUrl\":\"https:\\\/\\\/www.organisator.ch\\\/wp-content\\\/uploads\\\/2022\\\/01\\\/Logo_Organisator_Website.png\",\"width\":800,\"height\":77,\"caption\":\"Organisator\"},\"image\":{\"@id\":\"https:\\\/\\\/www.organisator.ch\\\/#\\\/schema\\\/logo\\\/image\\\/\"},\"sameAs\":[\"https:\\\/\\\/www.facebook.com\\\/OrganisatorFachmagazin\",\"https:\\\/\\\/www.linkedin.com\\\/showcase\\\/organisator-das-magazin-fr-kmu\",\"https:\\\/\\\/www.xing.com\\\/news\\\/pages\\\/organisator-ch-695\",\"https:\\\/\\\/www.youtube.com\\\/channel\\\/UCGP2Sq0iWaZwT3BdIAQFYpw\"]},{\"@type\":\"Person\",\"@id\":\"https:\\\/\\\/www.organisator.ch\\\/#\\\/schema\\\/person\\\/afccda3a71c06d4be2ed9100dd163db7\",\"name\":\"Dzana Muminovic\",\"image\":{\"@type\":\"ImageObject\",\"inLanguage\":\"fr-FR\",\"@id\":\"https:\\\/\\\/secure.gravatar.com\\\/avatar\\\/909c5c71aff4b38e88686f2ab2f1ba152571f394f41ed8bae431ea56ced93050?s=96&d=mm&r=g\",\"url\":\"https:\\\/\\\/secure.gravatar.com\\\/avatar\\\/909c5c71aff4b38e88686f2ab2f1ba152571f394f41ed8bae431ea56ced93050?s=96&d=mm&r=g\",\"contentUrl\":\"https:\\\/\\\/secure.gravatar.com\\\/avatar\\\/909c5c71aff4b38e88686f2ab2f1ba152571f394f41ed8bae431ea56ced93050?s=96&d=mm&r=g\",\"caption\":\"Dzana Muminovic\"},\"url\":\"https:\\\/\\\/www.organisator.ch\\\/fr\\\/author\\\/dzana-muminovic\\\/\"}]}<\/script>\n<!-- \/ Yoast SEO plugin. -->","yoast_head_json":{"title":"Le premier What's Next Forum Zurich met en lumi\u00e8re des applications pratiques de l'IA et du XR - Organisateur","description":"Le 7 novembre, le premier What's Next Forum \u00e0 Zurich mettra en lumi\u00e8re les derniers d\u00e9veloppements et se concentrera sur la pratique avec des cas d'utilisation concrets et des ateliers.","robots":{"index":"index","follow":"follow","max-snippet":"max-snippet:-1","max-image-preview":"max-image-preview:large","max-video-preview":"max-video-preview:-1"},"canonical":"https:\/\/www.organisator.ch\/fr\/gestion-2\/2024-10-22\/das-erste-whats-next-forum-zuerich-beleuchtet-praxisnahe-anwendungen-von-ai-und-xr\/","og_locale":"fr_FR","og_type":"article","og_title":"Das erste What's Next Forum Z\u00fcrich beleuchtet praxisnahe Anwendungen von AI und XR","og_description":"Am 7. November beleuchtet das erste What\u2019s Next Forum in Z\u00fcrich die neuesten Entwicklungen und fokussiert auf die Praxis mit konkreten Use Cases und Workshops.","og_url":"https:\/\/www.organisator.ch\/fr\/gestion-2\/2024-10-22\/das-erste-whats-next-forum-zuerich-beleuchtet-praxisnahe-anwendungen-von-ai-und-xr\/","og_site_name":"Organisator","article_publisher":"https:\/\/www.facebook.com\/OrganisatorFachmagazin","article_published_time":"2024-10-22T07:30:55+00:00","og_image":[{"width":680,"height":382,"url":"https:\/\/www.organisator.ch\/wp-content\/uploads\/2024\/10\/WNF_Banner-2024_Bild1_ps.jpg","type":"image\/jpeg"}],"author":"Dzana Muminovic","twitter_card":"summary_large_image","twitter_title":"Das erste What's Next Forum Z\u00fcrich beleuchtet praxisnahe Anwendungen von AI und XR","twitter_description":"Am 7. November beleuchtet das erste #What\u2019s #Next #Forum in #Z\u00fcrich die neuesten #Entwicklungen und fokussiert auf die 3Praxis mit konkreten #Use #Cases und #Workshops.","twitter_image":"https:\/\/www.organisator.ch\/wp-content\/uploads\/2024\/10\/WNF_Banner-2024_Bild1_ps.jpg","schema":{"@context":"https:\/\/schema.org","@graph":[{"@type":"Article","@id":"https:\/\/www.organisator.ch\/management\/2024-10-22\/das-erste-whats-next-forum-zuerich-beleuchtet-praxisnahe-anwendungen-von-ai-und-xr\/#article","isPartOf":{"@id":"https:\/\/www.organisator.ch\/management\/2024-10-22\/das-erste-whats-next-forum-zuerich-beleuchtet-praxisnahe-anwendungen-von-ai-und-xr\/"},"author":{"name":"Dzana Muminovic","@id":"https:\/\/www.organisator.ch\/#\/schema\/person\/afccda3a71c06d4be2ed9100dd163db7"},"headline":"Das erste What&#8217;s Next Forum Z\u00fcrich beleuchtet praxisnahe Anwendungen von AI und XR","datePublished":"2024-10-22T07:30:55+00:00","mainEntityOfPage":{"@id":"https:\/\/www.organisator.ch\/management\/2024-10-22\/das-erste-whats-next-forum-zuerich-beleuchtet-praxisnahe-anwendungen-von-ai-und-xr\/"},"wordCount":375,"publisher":{"@id":"https:\/\/www.organisator.ch\/#organization"},"image":{"@id":"https:\/\/www.organisator.ch\/management\/2024-10-22\/das-erste-whats-next-forum-zuerich-beleuchtet-praxisnahe-anwendungen-von-ai-und-xr\/#primaryimage"},"thumbnailUrl":"https:\/\/www.organisator.ch\/wp-content\/uploads\/2024\/10\/WNF_Banner-2024_Bild1_ps.jpg","keywords":["Forum","K\u00fcnstliche Intelligenz","Technologie","Unternehmen","Workshop"],"articleSection":["MANAGEMENT"],"inLanguage":"fr-FR"},{"@type":"WebPage","@id":"https:\/\/www.organisator.ch\/management\/2024-10-22\/das-erste-whats-next-forum-zuerich-beleuchtet-praxisnahe-anwendungen-von-ai-und-xr\/","url":"https:\/\/www.organisator.ch\/management\/2024-10-22\/das-erste-whats-next-forum-zuerich-beleuchtet-praxisnahe-anwendungen-von-ai-und-xr\/","name":"Le premier What's Next Forum Zurich met en lumi\u00e8re des applications pratiques de l'IA et du XR - Organisateur","isPartOf":{"@id":"https:\/\/www.organisator.ch\/#website"},"primaryImageOfPage":{"@id":"https:\/\/www.organisator.ch\/management\/2024-10-22\/das-erste-whats-next-forum-zuerich-beleuchtet-praxisnahe-anwendungen-von-ai-und-xr\/#primaryimage"},"image":{"@id":"https:\/\/www.organisator.ch\/management\/2024-10-22\/das-erste-whats-next-forum-zuerich-beleuchtet-praxisnahe-anwendungen-von-ai-und-xr\/#primaryimage"},"thumbnailUrl":"https:\/\/www.organisator.ch\/wp-content\/uploads\/2024\/10\/WNF_Banner-2024_Bild1_ps.jpg","datePublished":"2024-10-22T07:30:55+00:00","description":"Le 7 novembre, le premier What's Next Forum \u00e0 Zurich mettra en lumi\u00e8re les derniers d\u00e9veloppements et se concentrera sur la pratique avec des cas d'utilisation concrets et des ateliers.","breadcrumb":{"@id":"https:\/\/www.organisator.ch\/management\/2024-10-22\/das-erste-whats-next-forum-zuerich-beleuchtet-praxisnahe-anwendungen-von-ai-und-xr\/#breadcrumb"},"inLanguage":"fr-FR","potentialAction":[{"@type":"ReadAction","target":["https:\/\/www.organisator.ch\/management\/2024-10-22\/das-erste-whats-next-forum-zuerich-beleuchtet-praxisnahe-anwendungen-von-ai-und-xr\/"]}]},{"@type":"ImageObject","inLanguage":"fr-FR","@id":"https:\/\/www.organisator.ch\/management\/2024-10-22\/das-erste-whats-next-forum-zuerich-beleuchtet-praxisnahe-anwendungen-von-ai-und-xr\/#primaryimage","url":"https:\/\/www.organisator.ch\/wp-content\/uploads\/2024\/10\/WNF_Banner-2024_Bild1_ps.jpg","contentUrl":"https:\/\/www.organisator.ch\/wp-content\/uploads\/2024\/10\/WNF_Banner-2024_Bild1_ps.jpg","width":680,"height":382,"caption":"Am 7. November 2024 beleuchtet das erste What\u2019s Next Forum in Z\u00fcrich die neuesten Entwicklungen. (Bild: www.whatsnext-forum.ch)"},{"@type":"BreadcrumbList","@id":"https:\/\/www.organisator.ch\/management\/2024-10-22\/das-erste-whats-next-forum-zuerich-beleuchtet-praxisnahe-anwendungen-von-ai-und-xr\/#breadcrumb","itemListElement":[{"@type":"ListItem","position":1,"name":"Home","item":"https:\/\/www.organisator.ch\/"},{"@type":"ListItem","position":2,"name":"Das erste What&#8217;s Next Forum Z\u00fcrich beleuchtet praxisnahe Anwendungen von AI und XR"}]},{"@type":"WebSite","@id":"https:\/\/www.organisator.ch\/#website","url":"https:\/\/www.organisator.ch\/","name":"Organisateur","description":"Comp\u00e9tence et comp\u00e9tence. Proches de la pratique. L'ORGANISATEUR pr\u00e9pare 10 num\u00e9ros par an sur les th\u00e8mes essentiels pour les dirigeants de PME.","publisher":{"@id":"https:\/\/www.organisator.ch\/#organization"},"potentialAction":[{"@type":"SearchAction","target":{"@type":"EntryPoint","urlTemplate":"https:\/\/www.organisator.ch\/?s={search_term_string}"},"query-input":{"@type":"PropertyValueSpecification","valueRequired":true,"valueName":"search_term_string"}}],"inLanguage":"fr-FR"},{"@type":"Organization","@id":"https:\/\/www.organisator.ch\/#organization","name":"Organisateur","url":"https:\/\/www.organisator.ch\/","logo":{"@type":"ImageObject","inLanguage":"fr-FR","@id":"https:\/\/www.organisator.ch\/#\/schema\/logo\/image\/","url":"https:\/\/www.organisator.ch\/wp-content\/uploads\/2022\/01\/Logo_Organisator_Website.png","contentUrl":"https:\/\/www.organisator.ch\/wp-content\/uploads\/2022\/01\/Logo_Organisator_Website.png","width":800,"height":77,"caption":"Organisator"},"image":{"@id":"https:\/\/www.organisator.ch\/#\/schema\/logo\/image\/"},"sameAs":["https:\/\/www.facebook.com\/OrganisatorFachmagazin","https:\/\/www.linkedin.com\/showcase\/organisator-das-magazin-fr-kmu","https:\/\/www.xing.com\/news\/pages\/organisator-ch-695","https:\/\/www.youtube.com\/channel\/UCGP2Sq0iWaZwT3BdIAQFYpw"]},{"@type":"Person","@id":"https:\/\/www.organisator.ch\/#\/schema\/person\/afccda3a71c06d4be2ed9100dd163db7","name":"Dzana Muminovic","image":{"@type":"ImageObject","inLanguage":"fr-FR","@id":"https:\/\/secure.gravatar.com\/avatar\/909c5c71aff4b38e88686f2ab2f1ba152571f394f41ed8bae431ea56ced93050?s=96&d=mm&r=g","url":"https:\/\/secure.gravatar.com\/avatar\/909c5c71aff4b38e88686f2ab2f1ba152571f394f41ed8bae431ea56ced93050?s=96&d=mm&r=g","contentUrl":"https:\/\/secure.gravatar.com\/avatar\/909c5c71aff4b38e88686f2ab2f1ba152571f394f41ed8bae431ea56ced93050?s=96&d=mm&r=g","caption":"Dzana Muminovic"},"url":"https:\/\/www.organisator.ch\/fr\/author\/dzana-muminovic\/"}]}},"_links":{"self":[{"href":"https:\/\/www.organisator.ch\/fr\/wp-json\/wp\/v2\/posts\/31032","targetHints":{"allow":["GET"]}}],"collection":[{"href":"https:\/\/www.organisator.ch\/fr\/wp-json\/wp\/v2\/posts"}],"about":[{"href":"https:\/\/www.organisator.ch\/fr\/wp-json\/wp\/v2\/types\/post"}],"author":[{"embeddable":true,"href":"https:\/\/www.organisator.ch\/fr\/wp-json\/wp\/v2\/users\/80"}],"replies":[{"embeddable":true,"href":"https:\/\/www.organisator.ch\/fr\/wp-json\/wp\/v2\/comments?post=31032"}],"version-history":[{"count":5,"href":"https:\/\/www.organisator.ch\/fr\/wp-json\/wp\/v2\/posts\/31032\/revisions"}],"predecessor-version":[{"id":31130,"href":"https:\/\/www.organisator.ch\/fr\/wp-json\/wp\/v2\/posts\/31032\/revisions\/31130"}],"wp:featuredmedia":[{"embeddable":true,"href":"https:\/\/www.organisator.ch\/fr\/wp-json\/wp\/v2\/media\/31033"}],"wp:attachment":[{"href":"https:\/\/www.organisator.ch\/fr\/wp-json\/wp\/v2\/media?parent=31032"}],"wp:term":[{"taxonomy":"category","embeddable":true,"href":"https:\/\/www.organisator.ch\/fr\/wp-json\/wp\/v2\/categories?post=31032"},{"taxonomy":"post_tag","embeddable":true,"href":"https:\/\/www.organisator.ch\/fr\/wp-json\/wp\/v2\/tags?post=31032"}],"curies":[{"name":"wp","href":"https:\/\/api.w.org\/{rel}","templated":true}]}}